{"id":6552,"date":"2025-05-04T21:39:51","date_gmt":"2025-05-04T18:39:51","guid":{"rendered":"https:\/\/memurunsesi.net\/?p=6552"},"modified":"2025-05-04T21:39:51","modified_gmt":"2025-05-04T18:39:51","slug":"diyarbakirda-liseli-kasif-maket-traktorlerle-gerceginin-birebirini-yapiyor","status":"publish","type":"post","link":"https:\/\/memurunsesi.net\/index.php\/2025\/05\/04\/diyarbakirda-liseli-kasif-maket-traktorlerle-gerceginin-birebirini-yapiyor\/","title":{"rendered":"Diyarbak\u0131r&#8217;da liseli ka\u015fif, maket trakt\u00f6rlerle ger\u00e7e\u011finin birebirini yap\u0131yor"},"content":{"rendered":"<p>  Diyarbak\u0131r\u2019\u0131n \u00c7ermik il\u00e7esinde lise \u00f6\u011frencisi Abd\u00fclsamet U\u011fur, maket trakt\u00f6rlerle ger\u00e7e\u011finin birebirini yap\u0131yor.<br \/>\n\u00c7ermik \u00c7ok Programl\u0131 Anadolu Lisesi \u00f6\u011frencisi Abd\u00fclsamet U\u011fur, 13 ya\u015f\u0131ndan beri merak sald\u0131\u011f\u0131 trakt\u00f6rlerle ilgilenip maketlerini ger\u00e7e\u011fiyle uyumlu \u015fekilde yap\u0131yor. U\u011fur, yapt\u0131\u011f\u0131 maket trakt\u00f6rlere g\u00fcne\u015f paneli tak\u0131p elektrik \u00fcreterek telefonlar\u0131n da \u015farj almas\u0131n\u0131 sa\u011fl\u0131yor.<br \/>\n  Abd\u00fclsamet U\u011fur (18), trakt\u00f6r\u00fcn\u00fcn y\u00fczde 100 el yap\u0131m\u0131 oldu\u011funu, herhangi bir haz\u0131r malzeme bulunmad\u0131\u011f\u0131n\u0131 s\u00f6yledi. Ger\u00e7e\u011finde olan t\u00fcm \u00f6zelliklerin bulundu\u011funu belirten U\u011fur, 2022\u2019de yapt\u0131\u011f\u0131 ve \u015fu an yapt\u0131\u011f\u0131 trakt\u00f6rleri oldu\u011funu ifade etti.<br \/>\n  U\u011fur, kulland\u0131\u011f\u0131 malzemelerin ise mukavva, spreyler, yap\u0131\u015fkanlar oldu\u011funu kaydederek, &#8220;Bu malzemelerden trakt\u00f6r\u00fcm\u00fc tasarl\u0131yorum. \u0130lk ba\u015fta ka\u011f\u0131da \u00e7izimlerimi yap\u0131yorum. Sonra \u00fc\u00e7 boyutlu tasar\u0131mlar\u0131n\u0131n maketlerini yapmaya \u00e7al\u0131\u015f\u0131yorum. Yapt\u0131\u011f\u0131m projelerin yetkili ki\u015filer taraf\u0131ndan g\u00f6r\u00fcl\u00fcp de\u011ferlendirilmesini, elimden tutulmas\u0131n\u0131 istiyorum. Trakt\u00f6r\u00fcm\u00fcz\u00fcn sinyalleri kumanda ile a\u00e7\u0131l\u0131p kapat\u0131l\u0131yor. Trakt\u00f6r\u00fcm, ger\u00e7e\u011finde oldu\u011fu gibi kollar\u0131 inip kalkmaktad\u0131r. H\u0131z ayar\u0131n\u0131 yap\u0131yorum. Trakt\u00f6r\u00fcm\u00fcze paneli takt\u0131ktan sonra telefonlar\u0131m\u0131z\u0131 \u015farj edebiliriz, ayr\u0131yeten trakt\u00f6r\u00fcm\u00fcz elektrik de \u00fcretmektedir&#8221; dedi. <\/p>\n<p>4.05.2025                                <\/p>\n","protected":false},"excerpt":{"rendered":"<p>Diyarbak\u0131r\u2019\u0131n \u00c7ermik il\u00e7esinde lise \u00f6\u011frencisi Abd\u00fclsamet U\u011fur, maket trakt\u00f6rlerle ger\u00e7e\u011finin birebirini yap\u0131yor. \u00c7ermik \u00c7ok Programl\u0131 Anadolu Lisesi \u00f6\u011frencisi Abd\u00fclsamet U\u011fur, 13 ya\u015f\u0131ndan beri merak sald\u0131\u011f\u0131 trakt\u00f6rlerle ilgilenip maketlerini ger\u00e7e\u011fiyle uyumlu \u015fekilde yap\u0131yor. U\u011fur, yapt\u0131\u011f\u0131 maket trakt\u00f6rlere g\u00fcne\u015f paneli tak\u0131p elektrik \u00fcreterek telefonlar\u0131n da \u015farj almas\u0131n\u0131 sa\u011fl\u0131yor. Abd\u00fclsamet U\u011fur (18), trakt\u00f6r\u00fcn\u00fcn y\u00fczde 100 el yap\u0131m\u0131 oldu\u011funu, [&hellip;]<\/p>\n","protected":false},"author":1,"featured_media":6553,"comment_status":"open","ping_status":"open","sticky":false,"template":"","format":"standard","meta":{"footnotes":""},"categories":[45],"tags":[],"class_list":["post-6552","post","type-post","status-publish","format-standard","has-post-thumbnail","hentry","category-gundem"],"yoast_head":"<!-- This site is optimized with the Yoast SEO plugin v27.4 - https:\/\/yoast.com\/product\/yoast-seo-wordpress\/ -->\n<title>Diyarbak\u0131r&#039;da liseli ka\u015fif, maket trakt\u00f6rlerle ger\u00e7e\u011finin birebirini yap\u0131yor - Memurun Sesi<\/title>\n<meta name=\"robots\" content=\"index, follow, max-snippet:-1, max-image-preview:large, max-video-preview:-1\" \/>\n<link rel=\"canonical\" href=\"https:\/\/memurunsesi.net\/index.php\/2025\/05\/04\/diyarbakirda-liseli-kasif-maket-traktorlerle-gerceginin-birebirini-yapiyor\/\" \/>\n<meta property=\"og:locale\" content=\"tr_TR\" \/>\n<meta property=\"og:type\" content=\"article\" \/>\n<meta property=\"og:title\" content=\"Diyarbak\u0131r&#039;da liseli ka\u015fif, maket trakt\u00f6rlerle ger\u00e7e\u011finin birebirini yap\u0131yor - Memurun Sesi\" \/>\n<meta property=\"og:description\" content=\"Diyarbak\u0131r\u2019\u0131n \u00c7ermik il\u00e7esinde lise \u00f6\u011frencisi Abd\u00fclsamet U\u011fur, maket trakt\u00f6rlerle ger\u00e7e\u011finin birebirini yap\u0131yor. \u00c7ermik \u00c7ok Programl\u0131 Anadolu Lisesi \u00f6\u011frencisi Abd\u00fclsamet U\u011fur, 13 ya\u015f\u0131ndan beri merak sald\u0131\u011f\u0131 trakt\u00f6rlerle ilgilenip maketlerini ger\u00e7e\u011fiyle uyumlu \u015fekilde yap\u0131yor. U\u011fur, yapt\u0131\u011f\u0131 maket trakt\u00f6rlere g\u00fcne\u015f paneli tak\u0131p elektrik \u00fcreterek telefonlar\u0131n da \u015farj almas\u0131n\u0131 sa\u011fl\u0131yor. Abd\u00fclsamet U\u011fur (18), trakt\u00f6r\u00fcn\u00fcn y\u00fczde 100 el yap\u0131m\u0131 oldu\u011funu, [&hellip;]\" \/>\n<meta property=\"og:url\" content=\"https:\/\/memurunsesi.net\/index.php\/2025\/05\/04\/diyarbakirda-liseli-kasif-maket-traktorlerle-gerceginin-birebirini-yapiyor\/\" \/>\n<meta property=\"og:site_name\" content=\"Memurun Sesi\" \/>\n<meta property=\"article:publisher\" content=\"https:\/\/www.facebook.com\/unipersen\/?locale=tr_TR\" \/>\n<meta property=\"article:published_time\" content=\"2025-05-04T18:39:51+00:00\" \/>\n<meta property=\"og:image\" content=\"https:\/\/memurunsesi.net\/wp-content\/uploads\/2025\/05\/AW446858_01.jpg\" \/>\n\t<meta property=\"og:image:width\" content=\"1920\" \/>\n\t<meta property=\"og:image:height\" content=\"1080\" \/>\n\t<meta property=\"og:image:type\" content=\"image\/jpeg\" \/>\n<meta name=\"author\" content=\"Memurun Sesi Haber Merkezi\" \/>\n<meta name=\"twitter:card\" content=\"summary_large_image\" \/>\n<meta name=\"twitter:creator\" content=\"@unipersen\" \/>\n<meta name=\"twitter:site\" content=\"@unipersen\" \/>\n<meta name=\"twitter:label1\" content=\"Yazan:\" \/>\n\t<meta name=\"twitter:data1\" content=\"Memurun Sesi Haber Merkezi\" \/>\n\t<meta name=\"twitter:label2\" content=\"Tahmini okuma s\u00fcresi\" \/>\n\t<meta name=\"twitter:data2\" content=\"1 dakika\" \/>\n<script type=\"application\/ld+json\" class=\"yoast-schema-graph\">{\"@context\":\"https:\\\/\\\/schema.org\",\"@graph\":[{\"@type\":\"Article\",\"@id\":\"https:\\\/\\\/memurunsesi.net\\\/index.php\\\/2025\\\/05\\\/04\\\/diyarbakirda-liseli-kasif-maket-traktorlerle-gerceginin-birebirini-yapiyor\\\/#article\",\"isPartOf\":{\"@id\":\"https:\\\/\\\/memurunsesi.net\\\/index.php\\\/2025\\\/05\\\/04\\\/diyarbakirda-liseli-kasif-maket-traktorlerle-gerceginin-birebirini-yapiyor\\\/\"},\"author\":{\"name\":\"Memurun Sesi Haber Merkezi\",\"@id\":\"https:\\\/\\\/memurunsesi.net\\\/#\\\/schema\\\/person\\\/f21c2d73b89f6ee1d80b0a1803e38587\"},\"headline\":\"Diyarbak\u0131r&#8217;da liseli ka\u015fif, maket trakt\u00f6rlerle ger\u00e7e\u011finin birebirini yap\u0131yor\",\"datePublished\":\"2025-05-04T18:39:51+00:00\",\"mainEntityOfPage\":{\"@id\":\"https:\\\/\\\/memurunsesi.net\\\/index.php\\\/2025\\\/05\\\/04\\\/diyarbakirda-liseli-kasif-maket-traktorlerle-gerceginin-birebirini-yapiyor\\\/\"},\"wordCount\":243,\"commentCount\":0,\"publisher\":{\"@id\":\"https:\\\/\\\/memurunsesi.net\\\/#organization\"},\"image\":{\"@id\":\"https:\\\/\\\/memurunsesi.net\\\/index.php\\\/2025\\\/05\\\/04\\\/diyarbakirda-liseli-kasif-maket-traktorlerle-gerceginin-birebirini-yapiyor\\\/#primaryimage\"},\"thumbnailUrl\":\"https:\\\/\\\/memurunsesi.net\\\/wp-content\\\/uploads\\\/2025\\\/05\\\/AW446858_01.jpg\",\"articleSection\":[\"G\u00fcndem\"],\"inLanguage\":\"tr\",\"potentialAction\":[{\"@type\":\"CommentAction\",\"name\":\"Comment\",\"target\":[\"https:\\\/\\\/memurunsesi.net\\\/index.php\\\/2025\\\/05\\\/04\\\/diyarbakirda-liseli-kasif-maket-traktorlerle-gerceginin-birebirini-yapiyor\\\/#respond\"]}]},{\"@type\":\"WebPage\",\"@id\":\"https:\\\/\\\/memurunsesi.net\\\/index.php\\\/2025\\\/05\\\/04\\\/diyarbakirda-liseli-kasif-maket-traktorlerle-gerceginin-birebirini-yapiyor\\\/\",\"url\":\"https:\\\/\\\/memurunsesi.net\\\/index.php\\\/2025\\\/05\\\/04\\\/diyarbakirda-liseli-kasif-maket-traktorlerle-gerceginin-birebirini-yapiyor\\\/\",\"name\":\"Diyarbak\u0131r'da liseli ka\u015fif, maket trakt\u00f6rlerle ger\u00e7e\u011finin birebirini yap\u0131yor - Memurun Sesi\",\"isPartOf\":{\"@id\":\"https:\\\/\\\/memurunsesi.net\\\/#website\"},\"primaryImageOfPage\":{\"@id\":\"https:\\\/\\\/memurunsesi.net\\\/index.php\\\/2025\\\/05\\\/04\\\/diyarbakirda-liseli-kasif-maket-traktorlerle-gerceginin-birebirini-yapiyor\\\/#primaryimage\"},\"image\":{\"@id\":\"https:\\\/\\\/memurunsesi.net\\\/index.php\\\/2025\\\/05\\\/04\\\/diyarbakirda-liseli-kasif-maket-traktorlerle-gerceginin-birebirini-yapiyor\\\/#primaryimage\"},\"thumbnailUrl\":\"https:\\\/\\\/memurunsesi.net\\\/wp-content\\\/uploads\\\/2025\\\/05\\\/AW446858_01.jpg\",\"datePublished\":\"2025-05-04T18:39:51+00:00\",\"breadcrumb\":{\"@id\":\"https:\\\/\\\/memurunsesi.net\\\/index.php\\\/2025\\\/05\\\/04\\\/diyarbakirda-liseli-kasif-maket-traktorlerle-gerceginin-birebirini-yapiyor\\\/#breadcrumb\"},\"inLanguage\":\"tr\",\"potentialAction\":[{\"@type\":\"ReadAction\",\"target\":[\"https:\\\/\\\/memurunsesi.net\\\/index.php\\\/2025\\\/05\\\/04\\\/diyarbakirda-liseli-kasif-maket-traktorlerle-gerceginin-birebirini-yapiyor\\\/\"]}]},{\"@type\":\"ImageObject\",\"inLanguage\":\"tr\",\"@id\":\"https:\\\/\\\/memurunsesi.net\\\/index.php\\\/2025\\\/05\\\/04\\\/diyarbakirda-liseli-kasif-maket-traktorlerle-gerceginin-birebirini-yapiyor\\\/#primaryimage\",\"url\":\"https:\\\/\\\/memurunsesi.net\\\/wp-content\\\/uploads\\\/2025\\\/05\\\/AW446858_01.jpg\",\"contentUrl\":\"https:\\\/\\\/memurunsesi.net\\\/wp-content\\\/uploads\\\/2025\\\/05\\\/AW446858_01.jpg\",\"width\":1920,\"height\":1080,\"caption\":\"D\u0130YARBAKIR'IN \u00c7ERM\u0130K \u0130L\u00c7ES\u0130NDE L\u0130SE \u00d6\u011eRENC\u0130S\u0130 ABD\u00dcLSAMET U\u011eUR, MAKET TRAKT\u00d6RLERLE GER\u00c7E\u011e\u0130N\u0130N B\u0130REB\u0130R\u0130N\u0130 YAPIYOR. (MUHAMMED ALTUNTA\u015e\\\/D\u0130YARBAKIR-\u0130HA) Diyarbak\u0131r'\u0131n \u00c7ermik il\u00e7esinde lise \u00f6\u011frencisi Abd\u00fclsamet U\u011fur, maket trakt\u00f6rlerle ger\u00e7e\u011finin birebirini yap\u0131yor.\"},{\"@type\":\"BreadcrumbList\",\"@id\":\"https:\\\/\\\/memurunsesi.net\\\/index.php\\\/2025\\\/05\\\/04\\\/diyarbakirda-liseli-kasif-maket-traktorlerle-gerceginin-birebirini-yapiyor\\\/#breadcrumb\",\"itemListElement\":[{\"@type\":\"ListItem\",\"position\":1,\"name\":\"Anasayfa\",\"item\":\"https:\\\/\\\/memurunsesi.net\\\/\"},{\"@type\":\"ListItem\",\"position\":2,\"name\":\"Diyarbak\u0131r&#8217;da liseli ka\u015fif, maket trakt\u00f6rlerle ger\u00e7e\u011finin birebirini yap\u0131yor\"}]},{\"@type\":\"WebSite\",\"@id\":\"https:\\\/\\\/memurunsesi.net\\\/#website\",\"url\":\"https:\\\/\\\/memurunsesi.net\\\/\",\"name\":\"Memurun Sesi\",\"description\":\"G\u00fcncel ve Do\u011fru Haber\",\"publisher\":{\"@id\":\"https:\\\/\\\/memurunsesi.net\\\/#organization\"},\"potentialAction\":[{\"@type\":\"SearchAction\",\"target\":{\"@type\":\"EntryPoint\",\"urlTemplate\":\"https:\\\/\\\/memurunsesi.net\\\/?s={search_term_string}\"},\"query-input\":{\"@type\":\"PropertyValueSpecification\",\"valueRequired\":true,\"valueName\":\"search_term_string\"}}],\"inLanguage\":\"tr\"},{\"@type\":\"Organization\",\"@id\":\"https:\\\/\\\/memurunsesi.net\\\/#organization\",\"name\":\"Memurun Sesi\",\"url\":\"https:\\\/\\\/memurunsesi.net\\\/\",\"logo\":{\"@type\":\"ImageObject\",\"inLanguage\":\"tr\",\"@id\":\"https:\\\/\\\/memurunsesi.net\\\/#\\\/schema\\\/logo\\\/image\\\/\",\"url\":\"https:\\\/\\\/memurunsesi.net\\\/wp-content\\\/uploads\\\/2025\\\/11\\\/cropped-MEMURUN-SESI.png\",\"contentUrl\":\"https:\\\/\\\/memurunsesi.net\\\/wp-content\\\/uploads\\\/2025\\\/11\\\/cropped-MEMURUN-SESI.png\",\"width\":238,\"height\":57,\"caption\":\"Memurun Sesi\"},\"image\":{\"@id\":\"https:\\\/\\\/memurunsesi.net\\\/#\\\/schema\\\/logo\\\/image\\\/\"},\"sameAs\":[\"https:\\\/\\\/www.facebook.com\\\/unipersen\\\/?locale=tr_TR\",\"https:\\\/\\\/x.com\\\/unipersen\"]},{\"@type\":\"Person\",\"@id\":\"https:\\\/\\\/memurunsesi.net\\\/#\\\/schema\\\/person\\\/f21c2d73b89f6ee1d80b0a1803e38587\",\"name\":\"Memurun Sesi Haber Merkezi\",\"image\":{\"@type\":\"ImageObject\",\"inLanguage\":\"tr\",\"@id\":\"https:\\\/\\\/secure.gravatar.com\\\/avatar\\\/6cf0505f452ee753f485014986fab09a434671d2b919ee76fc541025c5876a70?s=96&d=mm&r=g\",\"url\":\"https:\\\/\\\/secure.gravatar.com\\\/avatar\\\/6cf0505f452ee753f485014986fab09a434671d2b919ee76fc541025c5876a70?s=96&d=mm&r=g\",\"contentUrl\":\"https:\\\/\\\/secure.gravatar.com\\\/avatar\\\/6cf0505f452ee753f485014986fab09a434671d2b919ee76fc541025c5876a70?s=96&d=mm&r=g\",\"caption\":\"Memurun Sesi Haber Merkezi\"},\"sameAs\":[\"https:\\\/\\\/memurunsesi.net\"],\"url\":\"https:\\\/\\\/memurunsesi.net\\\/index.php\\\/author\\\/uniper\\\/\"}]}<\/script>\n<!-- \/ Yoast SEO plugin. -->","yoast_head_json":{"title":"Diyarbak\u0131r'da liseli ka\u015fif, maket trakt\u00f6rlerle ger\u00e7e\u011finin birebirini yap\u0131yor - Memurun Sesi","robots":{"index":"index","follow":"follow","max-snippet":"max-snippet:-1","max-image-preview":"max-image-preview:large","max-video-preview":"max-video-preview:-1"},"canonical":"https:\/\/memurunsesi.net\/index.php\/2025\/05\/04\/diyarbakirda-liseli-kasif-maket-traktorlerle-gerceginin-birebirini-yapiyor\/","og_locale":"tr_TR","og_type":"article","og_title":"Diyarbak\u0131r'da liseli ka\u015fif, maket trakt\u00f6rlerle ger\u00e7e\u011finin birebirini yap\u0131yor - Memurun Sesi","og_description":"Diyarbak\u0131r\u2019\u0131n \u00c7ermik il\u00e7esinde lise \u00f6\u011frencisi Abd\u00fclsamet U\u011fur, maket trakt\u00f6rlerle ger\u00e7e\u011finin birebirini yap\u0131yor. \u00c7ermik \u00c7ok Programl\u0131 Anadolu Lisesi \u00f6\u011frencisi Abd\u00fclsamet U\u011fur, 13 ya\u015f\u0131ndan beri merak sald\u0131\u011f\u0131 trakt\u00f6rlerle ilgilenip maketlerini ger\u00e7e\u011fiyle uyumlu \u015fekilde yap\u0131yor. U\u011fur, yapt\u0131\u011f\u0131 maket trakt\u00f6rlere g\u00fcne\u015f paneli tak\u0131p elektrik \u00fcreterek telefonlar\u0131n da \u015farj almas\u0131n\u0131 sa\u011fl\u0131yor. Abd\u00fclsamet U\u011fur (18), trakt\u00f6r\u00fcn\u00fcn y\u00fczde 100 el yap\u0131m\u0131 oldu\u011funu, [&hellip;]","og_url":"https:\/\/memurunsesi.net\/index.php\/2025\/05\/04\/diyarbakirda-liseli-kasif-maket-traktorlerle-gerceginin-birebirini-yapiyor\/","og_site_name":"Memurun Sesi","article_publisher":"https:\/\/www.facebook.com\/unipersen\/?locale=tr_TR","article_published_time":"2025-05-04T18:39:51+00:00","og_image":[{"width":1920,"height":1080,"url":"https:\/\/memurunsesi.net\/wp-content\/uploads\/2025\/05\/AW446858_01.jpg","type":"image\/jpeg"}],"author":"Memurun Sesi Haber Merkezi","twitter_card":"summary_large_image","twitter_creator":"@unipersen","twitter_site":"@unipersen","twitter_misc":{"Yazan:":"Memurun Sesi Haber Merkezi","Tahmini okuma s\u00fcresi":"1 dakika"},"schema":{"@context":"https:\/\/schema.org","@graph":[{"@type":"Article","@id":"https:\/\/memurunsesi.net\/index.php\/2025\/05\/04\/diyarbakirda-liseli-kasif-maket-traktorlerle-gerceginin-birebirini-yapiyor\/#article","isPartOf":{"@id":"https:\/\/memurunsesi.net\/index.php\/2025\/05\/04\/diyarbakirda-liseli-kasif-maket-traktorlerle-gerceginin-birebirini-yapiyor\/"},"author":{"name":"Memurun Sesi Haber Merkezi","@id":"https:\/\/memurunsesi.net\/#\/schema\/person\/f21c2d73b89f6ee1d80b0a1803e38587"},"headline":"Diyarbak\u0131r&#8217;da liseli ka\u015fif, maket trakt\u00f6rlerle ger\u00e7e\u011finin birebirini yap\u0131yor","datePublished":"2025-05-04T18:39:51+00:00","mainEntityOfPage":{"@id":"https:\/\/memurunsesi.net\/index.php\/2025\/05\/04\/diyarbakirda-liseli-kasif-maket-traktorlerle-gerceginin-birebirini-yapiyor\/"},"wordCount":243,"commentCount":0,"publisher":{"@id":"https:\/\/memurunsesi.net\/#organization"},"image":{"@id":"https:\/\/memurunsesi.net\/index.php\/2025\/05\/04\/diyarbakirda-liseli-kasif-maket-traktorlerle-gerceginin-birebirini-yapiyor\/#primaryimage"},"thumbnailUrl":"https:\/\/memurunsesi.net\/wp-content\/uploads\/2025\/05\/AW446858_01.jpg","articleSection":["G\u00fcndem"],"inLanguage":"tr","potentialAction":[{"@type":"CommentAction","name":"Comment","target":["https:\/\/memurunsesi.net\/index.php\/2025\/05\/04\/diyarbakirda-liseli-kasif-maket-traktorlerle-gerceginin-birebirini-yapiyor\/#respond"]}]},{"@type":"WebPage","@id":"https:\/\/memurunsesi.net\/index.php\/2025\/05\/04\/diyarbakirda-liseli-kasif-maket-traktorlerle-gerceginin-birebirini-yapiyor\/","url":"https:\/\/memurunsesi.net\/index.php\/2025\/05\/04\/diyarbakirda-liseli-kasif-maket-traktorlerle-gerceginin-birebirini-yapiyor\/","name":"Diyarbak\u0131r'da liseli ka\u015fif, maket trakt\u00f6rlerle ger\u00e7e\u011finin birebirini yap\u0131yor - Memurun Sesi","isPartOf":{"@id":"https:\/\/memurunsesi.net\/#website"},"primaryImageOfPage":{"@id":"https:\/\/memurunsesi.net\/index.php\/2025\/05\/04\/diyarbakirda-liseli-kasif-maket-traktorlerle-gerceginin-birebirini-yapiyor\/#primaryimage"},"image":{"@id":"https:\/\/memurunsesi.net\/index.php\/2025\/05\/04\/diyarbakirda-liseli-kasif-maket-traktorlerle-gerceginin-birebirini-yapiyor\/#primaryimage"},"thumbnailUrl":"https:\/\/memurunsesi.net\/wp-content\/uploads\/2025\/05\/AW446858_01.jpg","datePublished":"2025-05-04T18:39:51+00:00","breadcrumb":{"@id":"https:\/\/memurunsesi.net\/index.php\/2025\/05\/04\/diyarbakirda-liseli-kasif-maket-traktorlerle-gerceginin-birebirini-yapiyor\/#breadcrumb"},"inLanguage":"tr","potentialAction":[{"@type":"ReadAction","target":["https:\/\/memurunsesi.net\/index.php\/2025\/05\/04\/diyarbakirda-liseli-kasif-maket-traktorlerle-gerceginin-birebirini-yapiyor\/"]}]},{"@type":"ImageObject","inLanguage":"tr","@id":"https:\/\/memurunsesi.net\/index.php\/2025\/05\/04\/diyarbakirda-liseli-kasif-maket-traktorlerle-gerceginin-birebirini-yapiyor\/#primaryimage","url":"https:\/\/memurunsesi.net\/wp-content\/uploads\/2025\/05\/AW446858_01.jpg","contentUrl":"https:\/\/memurunsesi.net\/wp-content\/uploads\/2025\/05\/AW446858_01.jpg","width":1920,"height":1080,"caption":"D\u0130YARBAKIR'IN \u00c7ERM\u0130K \u0130L\u00c7ES\u0130NDE L\u0130SE \u00d6\u011eRENC\u0130S\u0130 ABD\u00dcLSAMET U\u011eUR, MAKET TRAKT\u00d6RLERLE GER\u00c7E\u011e\u0130N\u0130N B\u0130REB\u0130R\u0130N\u0130 YAPIYOR. (MUHAMMED ALTUNTA\u015e\/D\u0130YARBAKIR-\u0130HA) Diyarbak\u0131r'\u0131n \u00c7ermik il\u00e7esinde lise \u00f6\u011frencisi Abd\u00fclsamet U\u011fur, maket trakt\u00f6rlerle ger\u00e7e\u011finin birebirini yap\u0131yor."},{"@type":"BreadcrumbList","@id":"https:\/\/memurunsesi.net\/index.php\/2025\/05\/04\/diyarbakirda-liseli-kasif-maket-traktorlerle-gerceginin-birebirini-yapiyor\/#breadcrumb","itemListElement":[{"@type":"ListItem","position":1,"name":"Anasayfa","item":"https:\/\/memurunsesi.net\/"},{"@type":"ListItem","position":2,"name":"Diyarbak\u0131r&#8217;da liseli ka\u015fif, maket trakt\u00f6rlerle ger\u00e7e\u011finin birebirini yap\u0131yor"}]},{"@type":"WebSite","@id":"https:\/\/memurunsesi.net\/#website","url":"https:\/\/memurunsesi.net\/","name":"Memurun Sesi","description":"G\u00fcncel ve Do\u011fru Haber","publisher":{"@id":"https:\/\/memurunsesi.net\/#organization"},"potentialAction":[{"@type":"SearchAction","target":{"@type":"EntryPoint","urlTemplate":"https:\/\/memurunsesi.net\/?s={search_term_string}"},"query-input":{"@type":"PropertyValueSpecification","valueRequired":true,"valueName":"search_term_string"}}],"inLanguage":"tr"},{"@type":"Organization","@id":"https:\/\/memurunsesi.net\/#organization","name":"Memurun Sesi","url":"https:\/\/memurunsesi.net\/","logo":{"@type":"ImageObject","inLanguage":"tr","@id":"https:\/\/memurunsesi.net\/#\/schema\/logo\/image\/","url":"https:\/\/memurunsesi.net\/wp-content\/uploads\/2025\/11\/cropped-MEMURUN-SESI.png","contentUrl":"https:\/\/memurunsesi.net\/wp-content\/uploads\/2025\/11\/cropped-MEMURUN-SESI.png","width":238,"height":57,"caption":"Memurun Sesi"},"image":{"@id":"https:\/\/memurunsesi.net\/#\/schema\/logo\/image\/"},"sameAs":["https:\/\/www.facebook.com\/unipersen\/?locale=tr_TR","https:\/\/x.com\/unipersen"]},{"@type":"Person","@id":"https:\/\/memurunsesi.net\/#\/schema\/person\/f21c2d73b89f6ee1d80b0a1803e38587","name":"Memurun Sesi Haber Merkezi","image":{"@type":"ImageObject","inLanguage":"tr","@id":"https:\/\/secure.gravatar.com\/avatar\/6cf0505f452ee753f485014986fab09a434671d2b919ee76fc541025c5876a70?s=96&d=mm&r=g","url":"https:\/\/secure.gravatar.com\/avatar\/6cf0505f452ee753f485014986fab09a434671d2b919ee76fc541025c5876a70?s=96&d=mm&r=g","contentUrl":"https:\/\/secure.gravatar.com\/avatar\/6cf0505f452ee753f485014986fab09a434671d2b919ee76fc541025c5876a70?s=96&d=mm&r=g","caption":"Memurun Sesi Haber Merkezi"},"sameAs":["https:\/\/memurunsesi.net"],"url":"https:\/\/memurunsesi.net\/index.php\/author\/uniper\/"}]}},"_links":{"self":[{"href":"https:\/\/memurunsesi.net\/index.php\/wp-json\/wp\/v2\/posts\/6552","targetHints":{"allow":["GET"]}}],"collection":[{"href":"https:\/\/memurunsesi.net\/index.php\/wp-json\/wp\/v2\/posts"}],"about":[{"href":"https:\/\/memurunsesi.net\/index.php\/wp-json\/wp\/v2\/types\/post"}],"author":[{"embeddable":true,"href":"https:\/\/memurunsesi.net\/index.php\/wp-json\/wp\/v2\/users\/1"}],"replies":[{"embeddable":true,"href":"https:\/\/memurunsesi.net\/index.php\/wp-json\/wp\/v2\/comments?post=6552"}],"version-history":[{"count":1,"href":"https:\/\/memurunsesi.net\/index.php\/wp-json\/wp\/v2\/posts\/6552\/revisions"}],"predecessor-version":[{"id":6554,"href":"https:\/\/memurunsesi.net\/index.php\/wp-json\/wp\/v2\/posts\/6552\/revisions\/6554"}],"wp:featuredmedia":[{"embeddable":true,"href":"https:\/\/memurunsesi.net\/index.php\/wp-json\/wp\/v2\/media\/6553"}],"wp:attachment":[{"href":"https:\/\/memurunsesi.net\/index.php\/wp-json\/wp\/v2\/media?parent=6552"}],"wp:term":[{"taxonomy":"category","embeddable":true,"href":"https:\/\/memurunsesi.net\/index.php\/wp-json\/wp\/v2\/categories?post=6552"},{"taxonomy":"post_tag","embeddable":true,"href":"https:\/\/memurunsesi.net\/index.php\/wp-json\/wp\/v2\/tags?post=6552"}],"curies":[{"name":"wp","href":"https:\/\/api.w.org\/{rel}","templated":true}]}}