{"id":6555,"date":"2025-05-04T21:42:29","date_gmt":"2025-05-04T18:42:29","guid":{"rendered":"https:\/\/memurunsesi.net\/?p=6555"},"modified":"2025-05-04T21:42:29","modified_gmt":"2025-05-04T18:42:29","slug":"artvinde-koyluler-tarafindan-bulunan-yavru-ayi-ekiplere-teslim-edildi","status":"publish","type":"post","link":"https:\/\/memurunsesi.net\/index.php\/2025\/05\/04\/artvinde-koyluler-tarafindan-bulunan-yavru-ayi-ekiplere-teslim-edildi\/","title":{"rendered":"Artvin\u2019de k\u00f6yl\u00fcler taraf\u0131ndan bulunan yavru ay\u0131 ekiplere teslim edildi"},"content":{"rendered":"<p>  Artvin\u2019in Kemalpa\u015fa il\u00e7esinde tarlada bulunan annesiz yavru ay\u0131, k\u00f6yl\u00fcler taraf\u0131ndan koruma alt\u0131na al\u0131n\u0131p Milli Parklar ekiplerine teslim edildi.<br \/>\n  Olay, Kemalpa\u015fa il\u00e7esine ba\u011fl\u0131 bir k\u00f6yde meydana geldi. Sabah saatlerinde tarlaya giden k\u00f6yl\u00fcler, otlar\u0131n aras\u0131nda bir yavru ay\u0131n\u0131n oldu\u011funu fark etti. Bir s\u00fcre \u00e7evreyi g\u00f6zlemleyen vatanda\u015flar, ay\u0131n\u0131n annesinin b\u00f6lgede olmad\u0131\u011f\u0131n\u0131 ve yavrunun yaln\u0131z oldu\u011funu belirledi.<br \/>\n  Yavru ay\u0131n\u0131n zarar g\u00f6rmemesi i\u00e7in harekete ge\u00e7en k\u00f6yl\u00fcler, hayvan\u0131 dikkatlice ara\u00e7lar\u0131n\u0131n kasas\u0131na alarak koruma alt\u0131na ald\u0131. Ard\u0131ndan Do\u011fa Koruma ve Milli Parklar M\u00fcd\u00fcrl\u00fc\u011f\u00fc ekiplerine haber verildi.<br \/>\n  B\u00f6lgeye gelen ekipler, yavru ay\u0131y\u0131 teslim alarak ilk sa\u011fl\u0131k kontrol\u00fcn\u00fc ger\u00e7ekle\u015ftirdi. Yavru ay\u0131 daha sonra ekipler taraf\u0131ndan yeniden do\u011faya b\u0131rak\u0131ld\u0131. <\/p>\n<p>4.05.2025                             <\/p>\n","protected":false},"excerpt":{"rendered":"<p>Artvin\u2019in Kemalpa\u015fa il\u00e7esinde tarlada bulunan annesiz yavru ay\u0131, k\u00f6yl\u00fcler taraf\u0131ndan koruma alt\u0131na al\u0131n\u0131p Milli Parklar ekiplerine teslim edildi. Olay, Kemalpa\u015fa il\u00e7esine ba\u011fl\u0131 bir k\u00f6yde meydana geldi. Sabah saatlerinde tarlaya giden k\u00f6yl\u00fcler, otlar\u0131n aras\u0131nda bir yavru ay\u0131n\u0131n oldu\u011funu fark etti. Bir s\u00fcre \u00e7evreyi g\u00f6zlemleyen vatanda\u015flar, ay\u0131n\u0131n annesinin b\u00f6lgede olmad\u0131\u011f\u0131n\u0131 ve yavrunun yaln\u0131z oldu\u011funu belirledi. Yavru ay\u0131n\u0131n [&hellip;]<\/p>\n","protected":false},"author":1,"featured_media":6557,"comment_status":"open","ping_status":"open","sticky":false,"template":"","format":"standard","meta":{"footnotes":""},"categories":[50],"tags":[],"class_list":["post-6555","post","type-post","status-publish","format-standard","has-post-thumbnail","hentry","category-tum-haberler"],"yoast_head":"<!-- This site is optimized with the Yoast SEO plugin v27.4 - https:\/\/yoast.com\/product\/yoast-seo-wordpress\/ -->\n<title>Artvin\u2019de k\u00f6yl\u00fcler taraf\u0131ndan bulunan yavru ay\u0131 ekiplere teslim edildi - Memurun Sesi<\/title>\n<meta name=\"robots\" content=\"index, follow, max-snippet:-1, max-image-preview:large, max-video-preview:-1\" \/>\n<link rel=\"canonical\" href=\"https:\/\/memurunsesi.net\/index.php\/2025\/05\/04\/artvinde-koyluler-tarafindan-bulunan-yavru-ayi-ekiplere-teslim-edildi\/\" \/>\n<meta property=\"og:locale\" content=\"tr_TR\" \/>\n<meta property=\"og:type\" content=\"article\" \/>\n<meta property=\"og:title\" content=\"Artvin\u2019de k\u00f6yl\u00fcler taraf\u0131ndan bulunan yavru ay\u0131 ekiplere teslim edildi - Memurun Sesi\" \/>\n<meta property=\"og:description\" content=\"Artvin\u2019in Kemalpa\u015fa il\u00e7esinde tarlada bulunan annesiz yavru ay\u0131, k\u00f6yl\u00fcler taraf\u0131ndan koruma alt\u0131na al\u0131n\u0131p Milli Parklar ekiplerine teslim edildi. Olay, Kemalpa\u015fa il\u00e7esine ba\u011fl\u0131 bir k\u00f6yde meydana geldi. Sabah saatlerinde tarlaya giden k\u00f6yl\u00fcler, otlar\u0131n aras\u0131nda bir yavru ay\u0131n\u0131n oldu\u011funu fark etti. Bir s\u00fcre \u00e7evreyi g\u00f6zlemleyen vatanda\u015flar, ay\u0131n\u0131n annesinin b\u00f6lgede olmad\u0131\u011f\u0131n\u0131 ve yavrunun yaln\u0131z oldu\u011funu belirledi. Yavru ay\u0131n\u0131n [&hellip;]\" \/>\n<meta property=\"og:url\" content=\"https:\/\/memurunsesi.net\/index.php\/2025\/05\/04\/artvinde-koyluler-tarafindan-bulunan-yavru-ayi-ekiplere-teslim-edildi\/\" \/>\n<meta property=\"og:site_name\" content=\"Memurun Sesi\" \/>\n<meta property=\"article:publisher\" content=\"https:\/\/www.facebook.com\/unipersen\/?locale=tr_TR\" \/>\n<meta property=\"article:published_time\" content=\"2025-05-04T18:42:29+00:00\" \/>\n<meta property=\"og:image\" content=\"https:\/\/memurunsesi.net\/wp-content\/uploads\/2025\/05\/AW447008_01-1.jpg\" \/>\n\t<meta property=\"og:image:width\" content=\"338\" \/>\n\t<meta property=\"og:image:height\" content=\"587\" \/>\n\t<meta property=\"og:image:type\" content=\"image\/jpeg\" \/>\n<meta name=\"author\" content=\"Memurun Sesi Haber Merkezi\" \/>\n<meta name=\"twitter:card\" content=\"summary_large_image\" \/>\n<meta name=\"twitter:creator\" content=\"@unipersen\" \/>\n<meta name=\"twitter:site\" content=\"@unipersen\" \/>\n<meta name=\"twitter:label1\" content=\"Yazan:\" \/>\n\t<meta name=\"twitter:data1\" content=\"Memurun Sesi Haber Merkezi\" \/>\n\t<meta name=\"twitter:label2\" content=\"Tahmini okuma s\u00fcresi\" \/>\n\t<meta name=\"twitter:data2\" content=\"1 dakika\" \/>\n<script type=\"application\/ld+json\" class=\"yoast-schema-graph\">{\"@context\":\"https:\\\/\\\/schema.org\",\"@graph\":[{\"@type\":\"Article\",\"@id\":\"https:\\\/\\\/memurunsesi.net\\\/index.php\\\/2025\\\/05\\\/04\\\/artvinde-koyluler-tarafindan-bulunan-yavru-ayi-ekiplere-teslim-edildi\\\/#article\",\"isPartOf\":{\"@id\":\"https:\\\/\\\/memurunsesi.net\\\/index.php\\\/2025\\\/05\\\/04\\\/artvinde-koyluler-tarafindan-bulunan-yavru-ayi-ekiplere-teslim-edildi\\\/\"},\"author\":{\"name\":\"Memurun Sesi Haber Merkezi\",\"@id\":\"https:\\\/\\\/memurunsesi.net\\\/#\\\/schema\\\/person\\\/f21c2d73b89f6ee1d80b0a1803e38587\"},\"headline\":\"Artvin\u2019de k\u00f6yl\u00fcler taraf\u0131ndan bulunan yavru ay\u0131 ekiplere teslim edildi\",\"datePublished\":\"2025-05-04T18:42:29+00:00\",\"mainEntityOfPage\":{\"@id\":\"https:\\\/\\\/memurunsesi.net\\\/index.php\\\/2025\\\/05\\\/04\\\/artvinde-koyluler-tarafindan-bulunan-yavru-ayi-ekiplere-teslim-edildi\\\/\"},\"wordCount\":168,\"commentCount\":0,\"publisher\":{\"@id\":\"https:\\\/\\\/memurunsesi.net\\\/#organization\"},\"image\":{\"@id\":\"https:\\\/\\\/memurunsesi.net\\\/index.php\\\/2025\\\/05\\\/04\\\/artvinde-koyluler-tarafindan-bulunan-yavru-ayi-ekiplere-teslim-edildi\\\/#primaryimage\"},\"thumbnailUrl\":\"https:\\\/\\\/memurunsesi.net\\\/wp-content\\\/uploads\\\/2025\\\/05\\\/AW447008_01-1.jpg\",\"articleSection\":[\"T\u00fcm Haberler\"],\"inLanguage\":\"tr\",\"potentialAction\":[{\"@type\":\"CommentAction\",\"name\":\"Comment\",\"target\":[\"https:\\\/\\\/memurunsesi.net\\\/index.php\\\/2025\\\/05\\\/04\\\/artvinde-koyluler-tarafindan-bulunan-yavru-ayi-ekiplere-teslim-edildi\\\/#respond\"]}]},{\"@type\":\"WebPage\",\"@id\":\"https:\\\/\\\/memurunsesi.net\\\/index.php\\\/2025\\\/05\\\/04\\\/artvinde-koyluler-tarafindan-bulunan-yavru-ayi-ekiplere-teslim-edildi\\\/\",\"url\":\"https:\\\/\\\/memurunsesi.net\\\/index.php\\\/2025\\\/05\\\/04\\\/artvinde-koyluler-tarafindan-bulunan-yavru-ayi-ekiplere-teslim-edildi\\\/\",\"name\":\"Artvin\u2019de k\u00f6yl\u00fcler taraf\u0131ndan bulunan yavru ay\u0131 ekiplere teslim edildi - Memurun Sesi\",\"isPartOf\":{\"@id\":\"https:\\\/\\\/memurunsesi.net\\\/#website\"},\"primaryImageOfPage\":{\"@id\":\"https:\\\/\\\/memurunsesi.net\\\/index.php\\\/2025\\\/05\\\/04\\\/artvinde-koyluler-tarafindan-bulunan-yavru-ayi-ekiplere-teslim-edildi\\\/#primaryimage\"},\"image\":{\"@id\":\"https:\\\/\\\/memurunsesi.net\\\/index.php\\\/2025\\\/05\\\/04\\\/artvinde-koyluler-tarafindan-bulunan-yavru-ayi-ekiplere-teslim-edildi\\\/#primaryimage\"},\"thumbnailUrl\":\"https:\\\/\\\/memurunsesi.net\\\/wp-content\\\/uploads\\\/2025\\\/05\\\/AW447008_01-1.jpg\",\"datePublished\":\"2025-05-04T18:42:29+00:00\",\"breadcrumb\":{\"@id\":\"https:\\\/\\\/memurunsesi.net\\\/index.php\\\/2025\\\/05\\\/04\\\/artvinde-koyluler-tarafindan-bulunan-yavru-ayi-ekiplere-teslim-edildi\\\/#breadcrumb\"},\"inLanguage\":\"tr\",\"potentialAction\":[{\"@type\":\"ReadAction\",\"target\":[\"https:\\\/\\\/memurunsesi.net\\\/index.php\\\/2025\\\/05\\\/04\\\/artvinde-koyluler-tarafindan-bulunan-yavru-ayi-ekiplere-teslim-edildi\\\/\"]}]},{\"@type\":\"ImageObject\",\"inLanguage\":\"tr\",\"@id\":\"https:\\\/\\\/memurunsesi.net\\\/index.php\\\/2025\\\/05\\\/04\\\/artvinde-koyluler-tarafindan-bulunan-yavru-ayi-ekiplere-teslim-edildi\\\/#primaryimage\",\"url\":\"https:\\\/\\\/memurunsesi.net\\\/wp-content\\\/uploads\\\/2025\\\/05\\\/AW447008_01-1.jpg\",\"contentUrl\":\"https:\\\/\\\/memurunsesi.net\\\/wp-content\\\/uploads\\\/2025\\\/05\\\/AW447008_01-1.jpg\",\"width\":338,\"height\":587,\"caption\":\"KEMALPA\u015eA \u0130L\u00c7ES\u0130NDE TARLADA BULUNAN ANNES\u0130Z YAVRU AYI, K\u00d6YL\u00dcLER TARAFINDAN KORUMA ALTINA ALINIP M\u0130LL\u0130 PARKLAR EK\u0130PLER\u0130NE TESL\u0130M ED\u0130LD\u0130. (FAT\u0130H B\u00dcY\u00dcK\\\/ARTV\u0130N-\u0130HA) Artvin'in Kemalpa\u015fa il\u00e7esinde tarlada bulunan annesiz yavru ay\u0131, k\u00f6yl\u00fcler taraf\u0131ndan koruma alt\u0131na al\u0131n\u0131p Milli Parklar ekiplerine teslim edildi.\"},{\"@type\":\"BreadcrumbList\",\"@id\":\"https:\\\/\\\/memurunsesi.net\\\/index.php\\\/2025\\\/05\\\/04\\\/artvinde-koyluler-tarafindan-bulunan-yavru-ayi-ekiplere-teslim-edildi\\\/#breadcrumb\",\"itemListElement\":[{\"@type\":\"ListItem\",\"position\":1,\"name\":\"Anasayfa\",\"item\":\"https:\\\/\\\/memurunsesi.net\\\/\"},{\"@type\":\"ListItem\",\"position\":2,\"name\":\"Artvin\u2019de k\u00f6yl\u00fcler taraf\u0131ndan bulunan yavru ay\u0131 ekiplere teslim edildi\"}]},{\"@type\":\"WebSite\",\"@id\":\"https:\\\/\\\/memurunsesi.net\\\/#website\",\"url\":\"https:\\\/\\\/memurunsesi.net\\\/\",\"name\":\"Memurun Sesi\",\"description\":\"G\u00fcncel ve Do\u011fru Haber\",\"publisher\":{\"@id\":\"https:\\\/\\\/memurunsesi.net\\\/#organization\"},\"potentialAction\":[{\"@type\":\"SearchAction\",\"target\":{\"@type\":\"EntryPoint\",\"urlTemplate\":\"https:\\\/\\\/memurunsesi.net\\\/?s={search_term_string}\"},\"query-input\":{\"@type\":\"PropertyValueSpecification\",\"valueRequired\":true,\"valueName\":\"search_term_string\"}}],\"inLanguage\":\"tr\"},{\"@type\":\"Organization\",\"@id\":\"https:\\\/\\\/memurunsesi.net\\\/#organization\",\"name\":\"Memurun Sesi\",\"url\":\"https:\\\/\\\/memurunsesi.net\\\/\",\"logo\":{\"@type\":\"ImageObject\",\"inLanguage\":\"tr\",\"@id\":\"https:\\\/\\\/memurunsesi.net\\\/#\\\/schema\\\/logo\\\/image\\\/\",\"url\":\"https:\\\/\\\/memurunsesi.net\\\/wp-content\\\/uploads\\\/2025\\\/11\\\/cropped-MEMURUN-SESI.png\",\"contentUrl\":\"https:\\\/\\\/memurunsesi.net\\\/wp-content\\\/uploads\\\/2025\\\/11\\\/cropped-MEMURUN-SESI.png\",\"width\":238,\"height\":57,\"caption\":\"Memurun Sesi\"},\"image\":{\"@id\":\"https:\\\/\\\/memurunsesi.net\\\/#\\\/schema\\\/logo\\\/image\\\/\"},\"sameAs\":[\"https:\\\/\\\/www.facebook.com\\\/unipersen\\\/?locale=tr_TR\",\"https:\\\/\\\/x.com\\\/unipersen\"]},{\"@type\":\"Person\",\"@id\":\"https:\\\/\\\/memurunsesi.net\\\/#\\\/schema\\\/person\\\/f21c2d73b89f6ee1d80b0a1803e38587\",\"name\":\"Memurun Sesi Haber Merkezi\",\"image\":{\"@type\":\"ImageObject\",\"inLanguage\":\"tr\",\"@id\":\"https:\\\/\\\/secure.gravatar.com\\\/avatar\\\/6cf0505f452ee753f485014986fab09a434671d2b919ee76fc541025c5876a70?s=96&d=mm&r=g\",\"url\":\"https:\\\/\\\/secure.gravatar.com\\\/avatar\\\/6cf0505f452ee753f485014986fab09a434671d2b919ee76fc541025c5876a70?s=96&d=mm&r=g\",\"contentUrl\":\"https:\\\/\\\/secure.gravatar.com\\\/avatar\\\/6cf0505f452ee753f485014986fab09a434671d2b919ee76fc541025c5876a70?s=96&d=mm&r=g\",\"caption\":\"Memurun Sesi Haber Merkezi\"},\"sameAs\":[\"https:\\\/\\\/memurunsesi.net\"],\"url\":\"https:\\\/\\\/memurunsesi.net\\\/index.php\\\/author\\\/uniper\\\/\"}]}<\/script>\n<!-- \/ Yoast SEO plugin. -->","yoast_head_json":{"title":"Artvin\u2019de k\u00f6yl\u00fcler taraf\u0131ndan bulunan yavru ay\u0131 ekiplere teslim edildi - Memurun Sesi","robots":{"index":"index","follow":"follow","max-snippet":"max-snippet:-1","max-image-preview":"max-image-preview:large","max-video-preview":"max-video-preview:-1"},"canonical":"https:\/\/memurunsesi.net\/index.php\/2025\/05\/04\/artvinde-koyluler-tarafindan-bulunan-yavru-ayi-ekiplere-teslim-edildi\/","og_locale":"tr_TR","og_type":"article","og_title":"Artvin\u2019de k\u00f6yl\u00fcler taraf\u0131ndan bulunan yavru ay\u0131 ekiplere teslim edildi - Memurun Sesi","og_description":"Artvin\u2019in Kemalpa\u015fa il\u00e7esinde tarlada bulunan annesiz yavru ay\u0131, k\u00f6yl\u00fcler taraf\u0131ndan koruma alt\u0131na al\u0131n\u0131p Milli Parklar ekiplerine teslim edildi. Olay, Kemalpa\u015fa il\u00e7esine ba\u011fl\u0131 bir k\u00f6yde meydana geldi. Sabah saatlerinde tarlaya giden k\u00f6yl\u00fcler, otlar\u0131n aras\u0131nda bir yavru ay\u0131n\u0131n oldu\u011funu fark etti. Bir s\u00fcre \u00e7evreyi g\u00f6zlemleyen vatanda\u015flar, ay\u0131n\u0131n annesinin b\u00f6lgede olmad\u0131\u011f\u0131n\u0131 ve yavrunun yaln\u0131z oldu\u011funu belirledi. Yavru ay\u0131n\u0131n [&hellip;]","og_url":"https:\/\/memurunsesi.net\/index.php\/2025\/05\/04\/artvinde-koyluler-tarafindan-bulunan-yavru-ayi-ekiplere-teslim-edildi\/","og_site_name":"Memurun Sesi","article_publisher":"https:\/\/www.facebook.com\/unipersen\/?locale=tr_TR","article_published_time":"2025-05-04T18:42:29+00:00","og_image":[{"width":338,"height":587,"url":"https:\/\/memurunsesi.net\/wp-content\/uploads\/2025\/05\/AW447008_01-1.jpg","type":"image\/jpeg"}],"author":"Memurun Sesi Haber Merkezi","twitter_card":"summary_large_image","twitter_creator":"@unipersen","twitter_site":"@unipersen","twitter_misc":{"Yazan:":"Memurun Sesi Haber Merkezi","Tahmini okuma s\u00fcresi":"1 dakika"},"schema":{"@context":"https:\/\/schema.org","@graph":[{"@type":"Article","@id":"https:\/\/memurunsesi.net\/index.php\/2025\/05\/04\/artvinde-koyluler-tarafindan-bulunan-yavru-ayi-ekiplere-teslim-edildi\/#article","isPartOf":{"@id":"https:\/\/memurunsesi.net\/index.php\/2025\/05\/04\/artvinde-koyluler-tarafindan-bulunan-yavru-ayi-ekiplere-teslim-edildi\/"},"author":{"name":"Memurun Sesi Haber Merkezi","@id":"https:\/\/memurunsesi.net\/#\/schema\/person\/f21c2d73b89f6ee1d80b0a1803e38587"},"headline":"Artvin\u2019de k\u00f6yl\u00fcler taraf\u0131ndan bulunan yavru ay\u0131 ekiplere teslim edildi","datePublished":"2025-05-04T18:42:29+00:00","mainEntityOfPage":{"@id":"https:\/\/memurunsesi.net\/index.php\/2025\/05\/04\/artvinde-koyluler-tarafindan-bulunan-yavru-ayi-ekiplere-teslim-edildi\/"},"wordCount":168,"commentCount":0,"publisher":{"@id":"https:\/\/memurunsesi.net\/#organization"},"image":{"@id":"https:\/\/memurunsesi.net\/index.php\/2025\/05\/04\/artvinde-koyluler-tarafindan-bulunan-yavru-ayi-ekiplere-teslim-edildi\/#primaryimage"},"thumbnailUrl":"https:\/\/memurunsesi.net\/wp-content\/uploads\/2025\/05\/AW447008_01-1.jpg","articleSection":["T\u00fcm Haberler"],"inLanguage":"tr","potentialAction":[{"@type":"CommentAction","name":"Comment","target":["https:\/\/memurunsesi.net\/index.php\/2025\/05\/04\/artvinde-koyluler-tarafindan-bulunan-yavru-ayi-ekiplere-teslim-edildi\/#respond"]}]},{"@type":"WebPage","@id":"https:\/\/memurunsesi.net\/index.php\/2025\/05\/04\/artvinde-koyluler-tarafindan-bulunan-yavru-ayi-ekiplere-teslim-edildi\/","url":"https:\/\/memurunsesi.net\/index.php\/2025\/05\/04\/artvinde-koyluler-tarafindan-bulunan-yavru-ayi-ekiplere-teslim-edildi\/","name":"Artvin\u2019de k\u00f6yl\u00fcler taraf\u0131ndan bulunan yavru ay\u0131 ekiplere teslim edildi - Memurun Sesi","isPartOf":{"@id":"https:\/\/memurunsesi.net\/#website"},"primaryImageOfPage":{"@id":"https:\/\/memurunsesi.net\/index.php\/2025\/05\/04\/artvinde-koyluler-tarafindan-bulunan-yavru-ayi-ekiplere-teslim-edildi\/#primaryimage"},"image":{"@id":"https:\/\/memurunsesi.net\/index.php\/2025\/05\/04\/artvinde-koyluler-tarafindan-bulunan-yavru-ayi-ekiplere-teslim-edildi\/#primaryimage"},"thumbnailUrl":"https:\/\/memurunsesi.net\/wp-content\/uploads\/2025\/05\/AW447008_01-1.jpg","datePublished":"2025-05-04T18:42:29+00:00","breadcrumb":{"@id":"https:\/\/memurunsesi.net\/index.php\/2025\/05\/04\/artvinde-koyluler-tarafindan-bulunan-yavru-ayi-ekiplere-teslim-edildi\/#breadcrumb"},"inLanguage":"tr","potentialAction":[{"@type":"ReadAction","target":["https:\/\/memurunsesi.net\/index.php\/2025\/05\/04\/artvinde-koyluler-tarafindan-bulunan-yavru-ayi-ekiplere-teslim-edildi\/"]}]},{"@type":"ImageObject","inLanguage":"tr","@id":"https:\/\/memurunsesi.net\/index.php\/2025\/05\/04\/artvinde-koyluler-tarafindan-bulunan-yavru-ayi-ekiplere-teslim-edildi\/#primaryimage","url":"https:\/\/memurunsesi.net\/wp-content\/uploads\/2025\/05\/AW447008_01-1.jpg","contentUrl":"https:\/\/memurunsesi.net\/wp-content\/uploads\/2025\/05\/AW447008_01-1.jpg","width":338,"height":587,"caption":"KEMALPA\u015eA \u0130L\u00c7ES\u0130NDE TARLADA BULUNAN ANNES\u0130Z YAVRU AYI, K\u00d6YL\u00dcLER TARAFINDAN KORUMA ALTINA ALINIP M\u0130LL\u0130 PARKLAR EK\u0130PLER\u0130NE TESL\u0130M ED\u0130LD\u0130. (FAT\u0130H B\u00dcY\u00dcK\/ARTV\u0130N-\u0130HA) Artvin'in Kemalpa\u015fa il\u00e7esinde tarlada bulunan annesiz yavru ay\u0131, k\u00f6yl\u00fcler taraf\u0131ndan koruma alt\u0131na al\u0131n\u0131p Milli Parklar ekiplerine teslim edildi."},{"@type":"BreadcrumbList","@id":"https:\/\/memurunsesi.net\/index.php\/2025\/05\/04\/artvinde-koyluler-tarafindan-bulunan-yavru-ayi-ekiplere-teslim-edildi\/#breadcrumb","itemListElement":[{"@type":"ListItem","position":1,"name":"Anasayfa","item":"https:\/\/memurunsesi.net\/"},{"@type":"ListItem","position":2,"name":"Artvin\u2019de k\u00f6yl\u00fcler taraf\u0131ndan bulunan yavru ay\u0131 ekiplere teslim edildi"}]},{"@type":"WebSite","@id":"https:\/\/memurunsesi.net\/#website","url":"https:\/\/memurunsesi.net\/","name":"Memurun Sesi","description":"G\u00fcncel ve Do\u011fru Haber","publisher":{"@id":"https:\/\/memurunsesi.net\/#organization"},"potentialAction":[{"@type":"SearchAction","target":{"@type":"EntryPoint","urlTemplate":"https:\/\/memurunsesi.net\/?s={search_term_string}"},"query-input":{"@type":"PropertyValueSpecification","valueRequired":true,"valueName":"search_term_string"}}],"inLanguage":"tr"},{"@type":"Organization","@id":"https:\/\/memurunsesi.net\/#organization","name":"Memurun Sesi","url":"https:\/\/memurunsesi.net\/","logo":{"@type":"ImageObject","inLanguage":"tr","@id":"https:\/\/memurunsesi.net\/#\/schema\/logo\/image\/","url":"https:\/\/memurunsesi.net\/wp-content\/uploads\/2025\/11\/cropped-MEMURUN-SESI.png","contentUrl":"https:\/\/memurunsesi.net\/wp-content\/uploads\/2025\/11\/cropped-MEMURUN-SESI.png","width":238,"height":57,"caption":"Memurun Sesi"},"image":{"@id":"https:\/\/memurunsesi.net\/#\/schema\/logo\/image\/"},"sameAs":["https:\/\/www.facebook.com\/unipersen\/?locale=tr_TR","https:\/\/x.com\/unipersen"]},{"@type":"Person","@id":"https:\/\/memurunsesi.net\/#\/schema\/person\/f21c2d73b89f6ee1d80b0a1803e38587","name":"Memurun Sesi Haber Merkezi","image":{"@type":"ImageObject","inLanguage":"tr","@id":"https:\/\/secure.gravatar.com\/avatar\/6cf0505f452ee753f485014986fab09a434671d2b919ee76fc541025c5876a70?s=96&d=mm&r=g","url":"https:\/\/secure.gravatar.com\/avatar\/6cf0505f452ee753f485014986fab09a434671d2b919ee76fc541025c5876a70?s=96&d=mm&r=g","contentUrl":"https:\/\/secure.gravatar.com\/avatar\/6cf0505f452ee753f485014986fab09a434671d2b919ee76fc541025c5876a70?s=96&d=mm&r=g","caption":"Memurun Sesi Haber Merkezi"},"sameAs":["https:\/\/memurunsesi.net"],"url":"https:\/\/memurunsesi.net\/index.php\/author\/uniper\/"}]}},"_links":{"self":[{"href":"https:\/\/memurunsesi.net\/index.php\/wp-json\/wp\/v2\/posts\/6555","targetHints":{"allow":["GET"]}}],"collection":[{"href":"https:\/\/memurunsesi.net\/index.php\/wp-json\/wp\/v2\/posts"}],"about":[{"href":"https:\/\/memurunsesi.net\/index.php\/wp-json\/wp\/v2\/types\/post"}],"author":[{"embeddable":true,"href":"https:\/\/memurunsesi.net\/index.php\/wp-json\/wp\/v2\/users\/1"}],"replies":[{"embeddable":true,"href":"https:\/\/memurunsesi.net\/index.php\/wp-json\/wp\/v2\/comments?post=6555"}],"version-history":[{"count":1,"href":"https:\/\/memurunsesi.net\/index.php\/wp-json\/wp\/v2\/posts\/6555\/revisions"}],"predecessor-version":[{"id":6558,"href":"https:\/\/memurunsesi.net\/index.php\/wp-json\/wp\/v2\/posts\/6555\/revisions\/6558"}],"wp:featuredmedia":[{"embeddable":true,"href":"https:\/\/memurunsesi.net\/index.php\/wp-json\/wp\/v2\/media\/6557"}],"wp:attachment":[{"href":"https:\/\/memurunsesi.net\/index.php\/wp-json\/wp\/v2\/media?parent=6555"}],"wp:term":[{"taxonomy":"category","embeddable":true,"href":"https:\/\/memurunsesi.net\/index.php\/wp-json\/wp\/v2\/categories?post=6555"},{"taxonomy":"post_tag","embeddable":true,"href":"https:\/\/memurunsesi.net\/index.php\/wp-json\/wp\/v2\/tags?post=6555"}],"curies":[{"name":"wp","href":"https:\/\/api.w.org\/{rel}","templated":true}]}}