{"id":6559,"date":"2025-05-04T21:45:14","date_gmt":"2025-05-04T18:45:14","guid":{"rendered":"https:\/\/memurunsesi.net\/?p=6559"},"modified":"2025-05-04T21:45:14","modified_gmt":"2025-05-04T18:45:14","slug":"antalyada-kuzugobegi-mantari-sezonu-basladi","status":"publish","type":"post","link":"https:\/\/memurunsesi.net\/index.php\/2025\/05\/04\/antalyada-kuzugobegi-mantari-sezonu-basladi\/","title":{"rendered":"Antalya&#8217;da &#8216;kuzug\u00f6be\u011fi mantar\u0131&#8217; sezonu ba\u015flad\u0131"},"content":{"rendered":"<p>  &#8211; Akseki il\u00e7esinde, sedir ve ladin gibi a\u011fa\u00e7lar\u0131n dibinde toplanan kuzug\u00f6be\u011fi mantar\u0131,  kilogram\u0131 bin 250 liradan sat\u0131l\u0131yor   <\/p>\n<p> Antalya&#8217;n\u0131n Akseki il\u00e7esinde do\u011fada kendili\u011finden yeti\u015fen ve b\u00f6lgede ya\u015fayanlar\u0131n &#8216;g\u00f6bek&#8217; ad\u0131n\u0131 verdi\u011fi &#8216;kuzug\u00f6be\u011fi mantar\u0131&#8217; toplanmaya ba\u015fland\u0131.<br \/>\n  Toros Da\u011flar\u0131&#8217;nda yeti\u015fen ve di\u011fer t\u00fcrlerine g\u00f6re nadir bulunan, b\u00f6lgedekiler i\u00e7in son y\u0131llarda iyi bir gelir kayna\u011f\u0131 haline gelen kuzug\u00f6be\u011fi mantar\u0131n\u0131n tazesinin kilogram\u0131 bin ila bin 250 lira aras\u0131nda de\u011fi\u015fen fiyatlarla al\u0131c\u0131 buluyor.<br \/>\n  \u0130l\u00e7ede ormanl\u0131k alanlarda y\u00fcksek kesimlerde do\u011fal olarak yeti\u015fen mantar \u00e7e\u015fitleri bulunurken, kuzug\u00f6be\u011fi mantar\u0131 y\u00f6rede yeti\u015fen en k\u0131ymetli mantar t\u00fcr\u00fc olarak \u00f6ne \u00e7\u0131k\u0131yor.<br \/>\n  Akseki&#8217;de kuzug\u00f6be\u011fi mantar\u0131 toplama i\u015fi nisan ay\u0131 ortas\u0131nda ba\u015fl\u0131yor ve may\u0131s sonlar\u0131na kadar s\u00fcr\u00fcyor. Kuzug\u00f6be\u011fi mantar\u0131 sezonunun ba\u015flamas\u0131yla vatanda\u015flar mantar\u0131n toplanabilece\u011fi muhtemel alanlara ak\u0131n ediyor. <\/p>\n<p>  &#8220;A\u011fa\u00e7lar\u0131n dibini bir bir ar\u0131yoruz&#8221;<br \/>\n  Akseki&#8217;de \u00e7ocuklu\u011fundan bu yana nisan ve may\u0131s aylar\u0131nda Toros Da\u011flar\u0131&#8217;na kuzug\u00f6be\u011fi mantar\u0131 aramaya giden Mehmet Kara, &#8220;Sabah erken saatlerde Toros Da\u011flar\u0131&#8217;na kuzug\u00f6be\u011fi mantar\u0131 aramak i\u00e7in \u00e7\u0131k\u0131yoruz. Sedir, ard\u0131\u00e7 ve ladin a\u011fa\u00e7lar\u0131n\u0131n diplerini tek tek ar\u0131yoruz. Ya\u011f\u0131\u015fl\u0131 olursa kuzug\u00f6be\u011fi \u00e7ok \u00e7\u0131kar. Her a\u011fac\u0131n dibine gidiyoruz. Ya\u011f\u0131\u015fl\u0131 olmas\u0131 durumunda bundan sonra daha da g\u00fczel olacak. Allah bereket versin. Ge\u00e7imimize az \u00e7ok katk\u0131s\u0131 oluyor. Havalar ya\u011fmurlu giderse may\u0131s sonuna kadar kuzug\u00f6be\u011fi toplamaya devam ederiz. Ya\u011fmur ya\u011fmazsa olmaz. Ya\u011fmur ya\u011farsa a\u011fa\u00e7lar\u0131n diplerinde \u00e7\u0131kmaya devam eder. Akseki&#8217;de bu, insanlar\u0131n ge\u00e7im kayna\u011f\u0131d\u0131r&#8221; diye konu\u015ftu. <\/p>\n<p>  &#8220;Bir hevesle gidiyoruz&#8221;<br \/>\n  Aksekili Hasan Sa\u011flam, kuzug\u00f6be\u011fi mantar\u0131n\u0131 zor \u015fartlarda toplad\u0131klar\u0131n\u0131 s\u00f6yledi. Mantar\u0131n nisan ve may\u0131s aylar\u0131nda topland\u0131\u011f\u0131n\u0131 belirten Sa\u011flam, &#8220;Biz arkada\u015flar ile beraber sabah\u0131n erken saatlerinde Toros Da\u011flar\u0131&#8217;nda kuzug\u00f6be\u011fi mantar\u0131 toplamaya \u00e7\u0131k\u0131yoruz. Kuzug\u00f6be\u011fini toplamak olduk\u00e7a zahmetli bir i\u015ftir. Sabahtan ak\u015fama kadar a\u011fa\u00e7lar\u0131n dibini gezerek kuzug\u00f6be\u011fi ar\u0131yoruz. Bazen bir kilo, bazen 2-3 kilo bulabiliyoruz. Hevesle Toros Da\u011flar\u0131&#8217;n\u0131n tepelerine \u00e7\u0131k\u0131p kuzug\u00f6be\u011fini toplamaya gidiyoruz&#8221; dedi. <\/p>\n<p>  &#8220;Kuzug\u00f6be\u011fi \u00e7ok de\u011ferli&#8221;<br \/>\n  B\u00f6lgede y\u0131llard\u0131r kuzug\u00f6be\u011fi mantar\u0131 toplad\u0131\u011f\u0131n\u0131 belirten H\u00fcseyin \u00c7atl\u0131, &#8220;Kuzug\u00f6be\u011fi mantar\u0131 \u00e7ok de\u011ferli olmas\u0131n\u0131n yan\u0131 s\u0131ra toplamas\u0131 da olduk\u00e7a zor bir mantar. Ormanl\u0131k alanlarda nisan ve may\u0131s aylar\u0131nda yeti\u015fmekte ve bahar ya\u011fmurlar\u0131n\u0131n ya\u011fmas\u0131 ile ba\u015flay\u0131p hava s\u0131cakl\u0131\u011f\u0131n\u0131n y\u00fckselmesiyle sezonu bitmektedir&#8221; dedi. <\/p>\n<p>  &#8220;Toplamas\u0131n\u0131n zevki bir ba\u015fka&#8221;<br \/>\n  Kuzug\u00f6be\u011fi mantar\u0131 toplaman\u0131n zevkinin bir ba\u015fka oldu\u011funu anlatan \u00c7atl\u0131, &#8220;Kuzug\u00f6be\u011fini bulunca insan a\u015f\u0131r\u0131 mutlu oluyor. \u0130nsan da\u011fda gezerken ba\u015fka bir \u015fey d\u00fc\u015f\u00fcnm\u00fcyor. Sadece kuzug\u00f6be\u011fine adapte oluyorsun. Kuzug\u00f6be\u011fi mantar\u0131 a\u015f\u0131r\u0131 lezzetli olmas\u0131 sebebiyle \u00e7ok de\u011ferli bir mantard\u0131r&#8221; diye konu\u015ftu. <\/p>\n<p>  &#8220;Zor \u015fartlarda topluyoruz&#8221;<br \/>\n  Kuzug\u00f6be\u011fi mantar\u0131n\u0131 zor \u015fartlarda toplad\u0131klar\u0131n\u0131 ifade eden \u00c7atl\u0131, &#8220;Toros Da\u011flar\u0131&#8217;nda nisan ya\u011fmurlar\u0131n\u0131n ba\u015flamas\u0131yla birlikte kuzug\u00f6be\u011fi mantar\u0131 \u00e7\u0131kmaya ba\u015flad\u0131. Kuzug\u00f6be\u011fi mantar\u0131 her yerde \u00e7\u0131kmaz. G\u00fcne\u015f g\u00f6ren, nemli, sedir ve ladin a\u011fac\u0131 olan b\u00f6lgelerde \u00e7\u0131kar. Kuzug\u00f6be\u011fini toplamak olduk\u00e7a zahmetli bir i\u015ftir. Sabah erken saatlerde Toros Da\u011flar\u0131&#8217;n\u0131n y\u00fcksek kesimlerine \u00e7\u0131kar, ak\u015fama kadar a\u011fa\u00e7lar\u0131n dibini geziyoruz. G\u00fcnl\u00fck ortalama bir-iki kilogram mantar topluyoruz. Bu y\u0131l k\u0131\u015f ay\u0131nda kar ya\u011f\u0131\u015f\u0131 fazla olmad\u0131 ve toprak kabarmad\u0131. Ayr\u0131ca bahar ya\u011fmurlar\u0131 \u00e7ok az ya\u011fd\u0131. Kuzug\u00f6be\u011fi mantar\u0131 sezonu bu sene \u00f6nceki y\u0131llara g\u00f6re az olacak gibi g\u00f6r\u00fcn\u00fcyor&#8221; dedi. <\/p>\n<p>  &#8220;Biz yemek i\u00e7in topluyoruz&#8221;<br \/>\n  Kuzug\u00f6be\u011fi mantar\u0131n\u0131 satmak amac\u0131yla de\u011fil, yemek amac\u0131yla toplad\u0131\u011f\u0131n\u0131 da ifade eden \u00c7atl\u0131, &#8220;Kuzug\u00f6be\u011fi ilk \u00e7\u0131kt\u0131\u011f\u0131nda bin 500 liraya sat\u0131l\u0131yordu. \u015eu anda ise kilogram\u0131 bin ila bin 250 liradan sat\u0131yor. Biz kuzug\u00f6be\u011fini satmak i\u00e7in toplam\u0131yoruz. Kendimiz yemek i\u00e7in topluyoruz. Havalar ya\u011fmurlu giderse may\u0131s sonuna kadar kuzug\u00f6be\u011fi toplamaya devam ederiz. Ya\u011fmur ya\u011fmazsa olmaz. Ya\u011fmur ya\u011farsa a\u011fa\u00e7lar\u0131n ve otlar\u0131n diplerinde \u00e7\u0131kmaya devam eder. Akseki&#8217;de bu, insanlar\u0131n ge\u00e7im kayna\u011f\u0131d\u0131r&#8221; diye konu\u015ftu. <\/p>\n<p>  &#8220;Do\u011fal ve organik&#8221;<br \/>\n  Akseki&#8217;de esnafl\u0131k yapan Bayram Erdo\u011fan ise Akseki&#8217;de Toros Da\u011flar\u0131&#8217;nda yeti\u015fen kuzug\u00f6be\u011fi mantar\u0131n\u0131n lezzetinin ve kalorisinin olduk\u00e7a y\u00fcksek oldu\u011funu s\u00f6yledi. Akseki&#8217;de kuzug\u00f6be\u011finin sedir ve ladin a\u011fa\u00e7lar\u0131n\u0131n diplerinde \u00e7ok\u00e7a \u00e7\u0131kt\u0131\u011f\u0131n\u0131 dikkat \u00e7eken Erdo\u011fan, &#8220;Buran\u0131n kuzug\u00f6be\u011fi lezzetli ve kalorisi y\u00fcksek bir mantar t\u00fcr\u00fcd\u00fcr. Beyaz ve siyah\u0131 ayn\u0131d\u0131r. Halk sedir ve ladin a\u011fa\u00e7lar\u0131n\u0131n g\u00f6beklerini tercih ediyorlar. Buran\u0131n halk\u0131 kuzug\u00f6be\u011fini genellikle kendisi t\u00fcketiyor. Herkes toplad\u0131klar\u0131 kuzug\u00f6be\u011fini satmaz. Do\u011fal organik oldu\u011fu i\u00e7in kurutup k\u0131\u015f\u0131n kendileri t\u00fcketiyor. Eskiden satan \u00e7oktu ama \u015fimdi eskisi gibi satan yok. Da\u011fa gitmeyenler ise gelip benden al\u0131yorlar&#8221; diye konu\u015ftu. <\/p>\n<p>4.05.2025                              <\/p>\n","protected":false},"excerpt":{"rendered":"<p>&#8211; Akseki il\u00e7esinde, sedir ve ladin gibi a\u011fa\u00e7lar\u0131n dibinde toplanan kuzug\u00f6be\u011fi mantar\u0131, kilogram\u0131 bin 250 liradan sat\u0131l\u0131yor Antalya&#8217;n\u0131n Akseki il\u00e7esinde do\u011fada kendili\u011finden yeti\u015fen ve b\u00f6lgede ya\u015fayanlar\u0131n &#8216;g\u00f6bek&#8217; ad\u0131n\u0131 verdi\u011fi &#8216;kuzug\u00f6be\u011fi mantar\u0131&#8217; toplanmaya ba\u015fland\u0131. Toros Da\u011flar\u0131&#8217;nda yeti\u015fen ve di\u011fer t\u00fcrlerine g\u00f6re nadir bulunan, b\u00f6lgedekiler i\u00e7in son y\u0131llarda iyi bir gelir kayna\u011f\u0131 haline gelen kuzug\u00f6be\u011fi mantar\u0131n\u0131n tazesinin [&hellip;]<\/p>\n","protected":false},"author":1,"featured_media":6560,"comment_status":"open","ping_status":"open","sticky":false,"template":"","format":"standard","meta":{"footnotes":""},"categories":[50],"tags":[],"class_list":["post-6559","post","type-post","status-publish","format-standard","has-post-thumbnail","hentry","category-tum-haberler"],"yoast_head":"<!-- This site is optimized with the Yoast SEO plugin v27.4 - https:\/\/yoast.com\/product\/yoast-seo-wordpress\/ -->\n<title>Antalya&#039;da &#039;kuzug\u00f6be\u011fi mantar\u0131&#039; sezonu ba\u015flad\u0131 - Memurun Sesi<\/title>\n<meta name=\"robots\" content=\"index, follow, max-snippet:-1, max-image-preview:large, max-video-preview:-1\" \/>\n<link rel=\"canonical\" href=\"https:\/\/memurunsesi.net\/index.php\/2025\/05\/04\/antalyada-kuzugobegi-mantari-sezonu-basladi\/\" \/>\n<meta property=\"og:locale\" content=\"tr_TR\" \/>\n<meta property=\"og:type\" content=\"article\" \/>\n<meta property=\"og:title\" content=\"Antalya&#039;da &#039;kuzug\u00f6be\u011fi mantar\u0131&#039; sezonu ba\u015flad\u0131 - Memurun Sesi\" \/>\n<meta property=\"og:description\" content=\"&#8211; Akseki il\u00e7esinde, sedir ve ladin gibi a\u011fa\u00e7lar\u0131n dibinde toplanan kuzug\u00f6be\u011fi mantar\u0131, kilogram\u0131 bin 250 liradan sat\u0131l\u0131yor Antalya&#8217;n\u0131n Akseki il\u00e7esinde do\u011fada kendili\u011finden yeti\u015fen ve b\u00f6lgede ya\u015fayanlar\u0131n &#8216;g\u00f6bek&#8217; ad\u0131n\u0131 verdi\u011fi &#8216;kuzug\u00f6be\u011fi mantar\u0131&#8217; toplanmaya ba\u015fland\u0131. Toros Da\u011flar\u0131&#8217;nda yeti\u015fen ve di\u011fer t\u00fcrlerine g\u00f6re nadir bulunan, b\u00f6lgedekiler i\u00e7in son y\u0131llarda iyi bir gelir kayna\u011f\u0131 haline gelen kuzug\u00f6be\u011fi mantar\u0131n\u0131n tazesinin [&hellip;]\" \/>\n<meta property=\"og:url\" content=\"https:\/\/memurunsesi.net\/index.php\/2025\/05\/04\/antalyada-kuzugobegi-mantari-sezonu-basladi\/\" \/>\n<meta property=\"og:site_name\" content=\"Memurun Sesi\" \/>\n<meta property=\"article:publisher\" content=\"https:\/\/www.facebook.com\/unipersen\/?locale=tr_TR\" \/>\n<meta property=\"article:published_time\" content=\"2025-05-04T18:45:14+00:00\" \/>\n<meta property=\"og:image\" content=\"https:\/\/memurunsesi.net\/wp-content\/uploads\/2025\/05\/AW446761_06-scaled.jpg\" \/>\n\t<meta property=\"og:image:width\" content=\"1920\" \/>\n\t<meta property=\"og:image:height\" content=\"2560\" \/>\n\t<meta property=\"og:image:type\" content=\"image\/jpeg\" \/>\n<meta name=\"author\" content=\"Memurun Sesi Haber Merkezi\" \/>\n<meta name=\"twitter:card\" content=\"summary_large_image\" \/>\n<meta name=\"twitter:creator\" content=\"@unipersen\" \/>\n<meta name=\"twitter:site\" content=\"@unipersen\" \/>\n<meta name=\"twitter:label1\" content=\"Yazan:\" \/>\n\t<meta name=\"twitter:data1\" content=\"Memurun Sesi Haber Merkezi\" \/>\n\t<meta name=\"twitter:label2\" content=\"Tahmini okuma s\u00fcresi\" \/>\n\t<meta name=\"twitter:data2\" content=\"1 dakika\" \/>\n<script type=\"application\/ld+json\" class=\"yoast-schema-graph\">{\"@context\":\"https:\\\/\\\/schema.org\",\"@graph\":[{\"@type\":\"Article\",\"@id\":\"https:\\\/\\\/memurunsesi.net\\\/index.php\\\/2025\\\/05\\\/04\\\/antalyada-kuzugobegi-mantari-sezonu-basladi\\\/#article\",\"isPartOf\":{\"@id\":\"https:\\\/\\\/memurunsesi.net\\\/index.php\\\/2025\\\/05\\\/04\\\/antalyada-kuzugobegi-mantari-sezonu-basladi\\\/\"},\"author\":{\"name\":\"Memurun Sesi Haber Merkezi\",\"@id\":\"https:\\\/\\\/memurunsesi.net\\\/#\\\/schema\\\/person\\\/f21c2d73b89f6ee1d80b0a1803e38587\"},\"headline\":\"Antalya&#8217;da &#8216;kuzug\u00f6be\u011fi mantar\u0131&#8217; sezonu ba\u015flad\u0131\",\"datePublished\":\"2025-05-04T18:45:14+00:00\",\"mainEntityOfPage\":{\"@id\":\"https:\\\/\\\/memurunsesi.net\\\/index.php\\\/2025\\\/05\\\/04\\\/antalyada-kuzugobegi-mantari-sezonu-basladi\\\/\"},\"wordCount\":961,\"commentCount\":0,\"publisher\":{\"@id\":\"https:\\\/\\\/memurunsesi.net\\\/#organization\"},\"image\":{\"@id\":\"https:\\\/\\\/memurunsesi.net\\\/index.php\\\/2025\\\/05\\\/04\\\/antalyada-kuzugobegi-mantari-sezonu-basladi\\\/#primaryimage\"},\"thumbnailUrl\":\"https:\\\/\\\/memurunsesi.net\\\/wp-content\\\/uploads\\\/2025\\\/05\\\/AW446761_06-scaled.jpg\",\"articleSection\":[\"T\u00fcm Haberler\"],\"inLanguage\":\"tr\",\"potentialAction\":[{\"@type\":\"CommentAction\",\"name\":\"Comment\",\"target\":[\"https:\\\/\\\/memurunsesi.net\\\/index.php\\\/2025\\\/05\\\/04\\\/antalyada-kuzugobegi-mantari-sezonu-basladi\\\/#respond\"]}]},{\"@type\":\"WebPage\",\"@id\":\"https:\\\/\\\/memurunsesi.net\\\/index.php\\\/2025\\\/05\\\/04\\\/antalyada-kuzugobegi-mantari-sezonu-basladi\\\/\",\"url\":\"https:\\\/\\\/memurunsesi.net\\\/index.php\\\/2025\\\/05\\\/04\\\/antalyada-kuzugobegi-mantari-sezonu-basladi\\\/\",\"name\":\"Antalya'da 'kuzug\u00f6be\u011fi mantar\u0131' sezonu ba\u015flad\u0131 - Memurun Sesi\",\"isPartOf\":{\"@id\":\"https:\\\/\\\/memurunsesi.net\\\/#website\"},\"primaryImageOfPage\":{\"@id\":\"https:\\\/\\\/memurunsesi.net\\\/index.php\\\/2025\\\/05\\\/04\\\/antalyada-kuzugobegi-mantari-sezonu-basladi\\\/#primaryimage\"},\"image\":{\"@id\":\"https:\\\/\\\/memurunsesi.net\\\/index.php\\\/2025\\\/05\\\/04\\\/antalyada-kuzugobegi-mantari-sezonu-basladi\\\/#primaryimage\"},\"thumbnailUrl\":\"https:\\\/\\\/memurunsesi.net\\\/wp-content\\\/uploads\\\/2025\\\/05\\\/AW446761_06-scaled.jpg\",\"datePublished\":\"2025-05-04T18:45:14+00:00\",\"breadcrumb\":{\"@id\":\"https:\\\/\\\/memurunsesi.net\\\/index.php\\\/2025\\\/05\\\/04\\\/antalyada-kuzugobegi-mantari-sezonu-basladi\\\/#breadcrumb\"},\"inLanguage\":\"tr\",\"potentialAction\":[{\"@type\":\"ReadAction\",\"target\":[\"https:\\\/\\\/memurunsesi.net\\\/index.php\\\/2025\\\/05\\\/04\\\/antalyada-kuzugobegi-mantari-sezonu-basladi\\\/\"]}]},{\"@type\":\"ImageObject\",\"inLanguage\":\"tr\",\"@id\":\"https:\\\/\\\/memurunsesi.net\\\/index.php\\\/2025\\\/05\\\/04\\\/antalyada-kuzugobegi-mantari-sezonu-basladi\\\/#primaryimage\",\"url\":\"https:\\\/\\\/memurunsesi.net\\\/wp-content\\\/uploads\\\/2025\\\/05\\\/AW446761_06-scaled.jpg\",\"contentUrl\":\"https:\\\/\\\/memurunsesi.net\\\/wp-content\\\/uploads\\\/2025\\\/05\\\/AW446761_06-scaled.jpg\",\"width\":1920,\"height\":2560,\"caption\":\"ANTALYA'NIN AKSEK\u0130 \u0130L\u00c7ES\u0130NDE DO\u011eADA KEND\u0130L\u0130\u011e\u0130NDEN YET\u0130\u015eEN VE B\u00d6LGEDE YA\u015eAYANLARIN 'G\u00d6BEK' ADINI VERD\u0130\u011e\u0130 'KUZUG\u00d6BE\u011e\u0130 MANTARI' TOPLANMAYA BA\u015eLANDI. (AY\u015eE \u00c7ATLI\\\/ANTALYA-\u0130HA) Antalya'n\u0131n Akseki il\u00e7esinde do\u011fada kendili\u011finden yeti\u015fen ve b\u00f6lgede ya\u015fayanlar\u0131n 'g\u00f6bek' ad\u0131n\u0131 verdi\u011fi 'kuzug\u00f6be\u011fi mantar\u0131' toplanmaya ba\u015fland\u0131.\"},{\"@type\":\"BreadcrumbList\",\"@id\":\"https:\\\/\\\/memurunsesi.net\\\/index.php\\\/2025\\\/05\\\/04\\\/antalyada-kuzugobegi-mantari-sezonu-basladi\\\/#breadcrumb\",\"itemListElement\":[{\"@type\":\"ListItem\",\"position\":1,\"name\":\"Anasayfa\",\"item\":\"https:\\\/\\\/memurunsesi.net\\\/\"},{\"@type\":\"ListItem\",\"position\":2,\"name\":\"Antalya&#8217;da &#8216;kuzug\u00f6be\u011fi mantar\u0131&#8217; sezonu ba\u015flad\u0131\"}]},{\"@type\":\"WebSite\",\"@id\":\"https:\\\/\\\/memurunsesi.net\\\/#website\",\"url\":\"https:\\\/\\\/memurunsesi.net\\\/\",\"name\":\"Memurun Sesi\",\"description\":\"G\u00fcncel ve Do\u011fru Haber\",\"publisher\":{\"@id\":\"https:\\\/\\\/memurunsesi.net\\\/#organization\"},\"potentialAction\":[{\"@type\":\"SearchAction\",\"target\":{\"@type\":\"EntryPoint\",\"urlTemplate\":\"https:\\\/\\\/memurunsesi.net\\\/?s={search_term_string}\"},\"query-input\":{\"@type\":\"PropertyValueSpecification\",\"valueRequired\":true,\"valueName\":\"search_term_string\"}}],\"inLanguage\":\"tr\"},{\"@type\":\"Organization\",\"@id\":\"https:\\\/\\\/memurunsesi.net\\\/#organization\",\"name\":\"Memurun Sesi\",\"url\":\"https:\\\/\\\/memurunsesi.net\\\/\",\"logo\":{\"@type\":\"ImageObject\",\"inLanguage\":\"tr\",\"@id\":\"https:\\\/\\\/memurunsesi.net\\\/#\\\/schema\\\/logo\\\/image\\\/\",\"url\":\"https:\\\/\\\/memurunsesi.net\\\/wp-content\\\/uploads\\\/2025\\\/11\\\/cropped-MEMURUN-SESI.png\",\"contentUrl\":\"https:\\\/\\\/memurunsesi.net\\\/wp-content\\\/uploads\\\/2025\\\/11\\\/cropped-MEMURUN-SESI.png\",\"width\":238,\"height\":57,\"caption\":\"Memurun Sesi\"},\"image\":{\"@id\":\"https:\\\/\\\/memurunsesi.net\\\/#\\\/schema\\\/logo\\\/image\\\/\"},\"sameAs\":[\"https:\\\/\\\/www.facebook.com\\\/unipersen\\\/?locale=tr_TR\",\"https:\\\/\\\/x.com\\\/unipersen\"]},{\"@type\":\"Person\",\"@id\":\"https:\\\/\\\/memurunsesi.net\\\/#\\\/schema\\\/person\\\/f21c2d73b89f6ee1d80b0a1803e38587\",\"name\":\"Memurun Sesi Haber Merkezi\",\"image\":{\"@type\":\"ImageObject\",\"inLanguage\":\"tr\",\"@id\":\"https:\\\/\\\/secure.gravatar.com\\\/avatar\\\/6cf0505f452ee753f485014986fab09a434671d2b919ee76fc541025c5876a70?s=96&d=mm&r=g\",\"url\":\"https:\\\/\\\/secure.gravatar.com\\\/avatar\\\/6cf0505f452ee753f485014986fab09a434671d2b919ee76fc541025c5876a70?s=96&d=mm&r=g\",\"contentUrl\":\"https:\\\/\\\/secure.gravatar.com\\\/avatar\\\/6cf0505f452ee753f485014986fab09a434671d2b919ee76fc541025c5876a70?s=96&d=mm&r=g\",\"caption\":\"Memurun Sesi Haber Merkezi\"},\"sameAs\":[\"https:\\\/\\\/memurunsesi.net\"],\"url\":\"https:\\\/\\\/memurunsesi.net\\\/index.php\\\/author\\\/uniper\\\/\"}]}<\/script>\n<!-- \/ Yoast SEO plugin. -->","yoast_head_json":{"title":"Antalya'da 'kuzug\u00f6be\u011fi mantar\u0131' sezonu ba\u015flad\u0131 - Memurun Sesi","robots":{"index":"index","follow":"follow","max-snippet":"max-snippet:-1","max-image-preview":"max-image-preview:large","max-video-preview":"max-video-preview:-1"},"canonical":"https:\/\/memurunsesi.net\/index.php\/2025\/05\/04\/antalyada-kuzugobegi-mantari-sezonu-basladi\/","og_locale":"tr_TR","og_type":"article","og_title":"Antalya'da 'kuzug\u00f6be\u011fi mantar\u0131' sezonu ba\u015flad\u0131 - Memurun Sesi","og_description":"&#8211; Akseki il\u00e7esinde, sedir ve ladin gibi a\u011fa\u00e7lar\u0131n dibinde toplanan kuzug\u00f6be\u011fi mantar\u0131, kilogram\u0131 bin 250 liradan sat\u0131l\u0131yor Antalya&#8217;n\u0131n Akseki il\u00e7esinde do\u011fada kendili\u011finden yeti\u015fen ve b\u00f6lgede ya\u015fayanlar\u0131n &#8216;g\u00f6bek&#8217; ad\u0131n\u0131 verdi\u011fi &#8216;kuzug\u00f6be\u011fi mantar\u0131&#8217; toplanmaya ba\u015fland\u0131. Toros Da\u011flar\u0131&#8217;nda yeti\u015fen ve di\u011fer t\u00fcrlerine g\u00f6re nadir bulunan, b\u00f6lgedekiler i\u00e7in son y\u0131llarda iyi bir gelir kayna\u011f\u0131 haline gelen kuzug\u00f6be\u011fi mantar\u0131n\u0131n tazesinin [&hellip;]","og_url":"https:\/\/memurunsesi.net\/index.php\/2025\/05\/04\/antalyada-kuzugobegi-mantari-sezonu-basladi\/","og_site_name":"Memurun Sesi","article_publisher":"https:\/\/www.facebook.com\/unipersen\/?locale=tr_TR","article_published_time":"2025-05-04T18:45:14+00:00","og_image":[{"width":1920,"height":2560,"url":"https:\/\/memurunsesi.net\/wp-content\/uploads\/2025\/05\/AW446761_06-scaled.jpg","type":"image\/jpeg"}],"author":"Memurun Sesi Haber Merkezi","twitter_card":"summary_large_image","twitter_creator":"@unipersen","twitter_site":"@unipersen","twitter_misc":{"Yazan:":"Memurun Sesi Haber Merkezi","Tahmini okuma s\u00fcresi":"1 dakika"},"schema":{"@context":"https:\/\/schema.org","@graph":[{"@type":"Article","@id":"https:\/\/memurunsesi.net\/index.php\/2025\/05\/04\/antalyada-kuzugobegi-mantari-sezonu-basladi\/#article","isPartOf":{"@id":"https:\/\/memurunsesi.net\/index.php\/2025\/05\/04\/antalyada-kuzugobegi-mantari-sezonu-basladi\/"},"author":{"name":"Memurun Sesi Haber Merkezi","@id":"https:\/\/memurunsesi.net\/#\/schema\/person\/f21c2d73b89f6ee1d80b0a1803e38587"},"headline":"Antalya&#8217;da &#8216;kuzug\u00f6be\u011fi mantar\u0131&#8217; sezonu ba\u015flad\u0131","datePublished":"2025-05-04T18:45:14+00:00","mainEntityOfPage":{"@id":"https:\/\/memurunsesi.net\/index.php\/2025\/05\/04\/antalyada-kuzugobegi-mantari-sezonu-basladi\/"},"wordCount":961,"commentCount":0,"publisher":{"@id":"https:\/\/memurunsesi.net\/#organization"},"image":{"@id":"https:\/\/memurunsesi.net\/index.php\/2025\/05\/04\/antalyada-kuzugobegi-mantari-sezonu-basladi\/#primaryimage"},"thumbnailUrl":"https:\/\/memurunsesi.net\/wp-content\/uploads\/2025\/05\/AW446761_06-scaled.jpg","articleSection":["T\u00fcm Haberler"],"inLanguage":"tr","potentialAction":[{"@type":"CommentAction","name":"Comment","target":["https:\/\/memurunsesi.net\/index.php\/2025\/05\/04\/antalyada-kuzugobegi-mantari-sezonu-basladi\/#respond"]}]},{"@type":"WebPage","@id":"https:\/\/memurunsesi.net\/index.php\/2025\/05\/04\/antalyada-kuzugobegi-mantari-sezonu-basladi\/","url":"https:\/\/memurunsesi.net\/index.php\/2025\/05\/04\/antalyada-kuzugobegi-mantari-sezonu-basladi\/","name":"Antalya'da 'kuzug\u00f6be\u011fi mantar\u0131' sezonu ba\u015flad\u0131 - Memurun Sesi","isPartOf":{"@id":"https:\/\/memurunsesi.net\/#website"},"primaryImageOfPage":{"@id":"https:\/\/memurunsesi.net\/index.php\/2025\/05\/04\/antalyada-kuzugobegi-mantari-sezonu-basladi\/#primaryimage"},"image":{"@id":"https:\/\/memurunsesi.net\/index.php\/2025\/05\/04\/antalyada-kuzugobegi-mantari-sezonu-basladi\/#primaryimage"},"thumbnailUrl":"https:\/\/memurunsesi.net\/wp-content\/uploads\/2025\/05\/AW446761_06-scaled.jpg","datePublished":"2025-05-04T18:45:14+00:00","breadcrumb":{"@id":"https:\/\/memurunsesi.net\/index.php\/2025\/05\/04\/antalyada-kuzugobegi-mantari-sezonu-basladi\/#breadcrumb"},"inLanguage":"tr","potentialAction":[{"@type":"ReadAction","target":["https:\/\/memurunsesi.net\/index.php\/2025\/05\/04\/antalyada-kuzugobegi-mantari-sezonu-basladi\/"]}]},{"@type":"ImageObject","inLanguage":"tr","@id":"https:\/\/memurunsesi.net\/index.php\/2025\/05\/04\/antalyada-kuzugobegi-mantari-sezonu-basladi\/#primaryimage","url":"https:\/\/memurunsesi.net\/wp-content\/uploads\/2025\/05\/AW446761_06-scaled.jpg","contentUrl":"https:\/\/memurunsesi.net\/wp-content\/uploads\/2025\/05\/AW446761_06-scaled.jpg","width":1920,"height":2560,"caption":"ANTALYA'NIN AKSEK\u0130 \u0130L\u00c7ES\u0130NDE DO\u011eADA KEND\u0130L\u0130\u011e\u0130NDEN YET\u0130\u015eEN VE B\u00d6LGEDE YA\u015eAYANLARIN 'G\u00d6BEK' ADINI VERD\u0130\u011e\u0130 'KUZUG\u00d6BE\u011e\u0130 MANTARI' TOPLANMAYA BA\u015eLANDI. (AY\u015eE \u00c7ATLI\/ANTALYA-\u0130HA) Antalya'n\u0131n Akseki il\u00e7esinde do\u011fada kendili\u011finden yeti\u015fen ve b\u00f6lgede ya\u015fayanlar\u0131n 'g\u00f6bek' ad\u0131n\u0131 verdi\u011fi 'kuzug\u00f6be\u011fi mantar\u0131' toplanmaya ba\u015fland\u0131."},{"@type":"BreadcrumbList","@id":"https:\/\/memurunsesi.net\/index.php\/2025\/05\/04\/antalyada-kuzugobegi-mantari-sezonu-basladi\/#breadcrumb","itemListElement":[{"@type":"ListItem","position":1,"name":"Anasayfa","item":"https:\/\/memurunsesi.net\/"},{"@type":"ListItem","position":2,"name":"Antalya&#8217;da &#8216;kuzug\u00f6be\u011fi mantar\u0131&#8217; sezonu ba\u015flad\u0131"}]},{"@type":"WebSite","@id":"https:\/\/memurunsesi.net\/#website","url":"https:\/\/memurunsesi.net\/","name":"Memurun Sesi","description":"G\u00fcncel ve Do\u011fru Haber","publisher":{"@id":"https:\/\/memurunsesi.net\/#organization"},"potentialAction":[{"@type":"SearchAction","target":{"@type":"EntryPoint","urlTemplate":"https:\/\/memurunsesi.net\/?s={search_term_string}"},"query-input":{"@type":"PropertyValueSpecification","valueRequired":true,"valueName":"search_term_string"}}],"inLanguage":"tr"},{"@type":"Organization","@id":"https:\/\/memurunsesi.net\/#organization","name":"Memurun Sesi","url":"https:\/\/memurunsesi.net\/","logo":{"@type":"ImageObject","inLanguage":"tr","@id":"https:\/\/memurunsesi.net\/#\/schema\/logo\/image\/","url":"https:\/\/memurunsesi.net\/wp-content\/uploads\/2025\/11\/cropped-MEMURUN-SESI.png","contentUrl":"https:\/\/memurunsesi.net\/wp-content\/uploads\/2025\/11\/cropped-MEMURUN-SESI.png","width":238,"height":57,"caption":"Memurun Sesi"},"image":{"@id":"https:\/\/memurunsesi.net\/#\/schema\/logo\/image\/"},"sameAs":["https:\/\/www.facebook.com\/unipersen\/?locale=tr_TR","https:\/\/x.com\/unipersen"]},{"@type":"Person","@id":"https:\/\/memurunsesi.net\/#\/schema\/person\/f21c2d73b89f6ee1d80b0a1803e38587","name":"Memurun Sesi Haber Merkezi","image":{"@type":"ImageObject","inLanguage":"tr","@id":"https:\/\/secure.gravatar.com\/avatar\/6cf0505f452ee753f485014986fab09a434671d2b919ee76fc541025c5876a70?s=96&d=mm&r=g","url":"https:\/\/secure.gravatar.com\/avatar\/6cf0505f452ee753f485014986fab09a434671d2b919ee76fc541025c5876a70?s=96&d=mm&r=g","contentUrl":"https:\/\/secure.gravatar.com\/avatar\/6cf0505f452ee753f485014986fab09a434671d2b919ee76fc541025c5876a70?s=96&d=mm&r=g","caption":"Memurun Sesi Haber Merkezi"},"sameAs":["https:\/\/memurunsesi.net"],"url":"https:\/\/memurunsesi.net\/index.php\/author\/uniper\/"}]}},"_links":{"self":[{"href":"https:\/\/memurunsesi.net\/index.php\/wp-json\/wp\/v2\/posts\/6559","targetHints":{"allow":["GET"]}}],"collection":[{"href":"https:\/\/memurunsesi.net\/index.php\/wp-json\/wp\/v2\/posts"}],"about":[{"href":"https:\/\/memurunsesi.net\/index.php\/wp-json\/wp\/v2\/types\/post"}],"author":[{"embeddable":true,"href":"https:\/\/memurunsesi.net\/index.php\/wp-json\/wp\/v2\/users\/1"}],"replies":[{"embeddable":true,"href":"https:\/\/memurunsesi.net\/index.php\/wp-json\/wp\/v2\/comments?post=6559"}],"version-history":[{"count":1,"href":"https:\/\/memurunsesi.net\/index.php\/wp-json\/wp\/v2\/posts\/6559\/revisions"}],"predecessor-version":[{"id":6562,"href":"https:\/\/memurunsesi.net\/index.php\/wp-json\/wp\/v2\/posts\/6559\/revisions\/6562"}],"wp:featuredmedia":[{"embeddable":true,"href":"https:\/\/memurunsesi.net\/index.php\/wp-json\/wp\/v2\/media\/6560"}],"wp:attachment":[{"href":"https:\/\/memurunsesi.net\/index.php\/wp-json\/wp\/v2\/media?parent=6559"}],"wp:term":[{"taxonomy":"category","embeddable":true,"href":"https:\/\/memurunsesi.net\/index.php\/wp-json\/wp\/v2\/categories?post=6559"},{"taxonomy":"post_tag","embeddable":true,"href":"https:\/\/memurunsesi.net\/index.php\/wp-json\/wp\/v2\/tags?post=6559"}],"curies":[{"name":"wp","href":"https:\/\/api.w.org\/{rel}","templated":true}]}}