{"id":6578,"date":"2025-05-05T21:20:00","date_gmt":"2025-05-05T18:20:00","guid":{"rendered":"https:\/\/memurunsesi.net\/?p=6578"},"modified":"2025-05-05T21:20:00","modified_gmt":"2025-05-05T18:20:00","slug":"trendyol-super-lig-kasimpasa-1-trabzonspor-0-ilk-yari","status":"publish","type":"post","link":"https:\/\/memurunsesi.net\/index.php\/2025\/05\/05\/trendyol-super-lig-kasimpasa-1-trabzonspor-0-ilk-yari\/","title":{"rendered":"Trendyol S\u00fcper Lig: Kas\u0131mpa\u015fa: 1 &#8211; Trabzonspor: 0 (\u0130lk yar\u0131)"},"content":{"rendered":"<p> Trendyol S\u00fcper Lig&#8217;in 34. hafta kapan\u0131\u015f ma\u00e7\u0131nda Kas\u0131mpa\u015fa, sahas\u0131nda Trabzonspor ile kar\u015f\u0131la\u015f\u0131yor. M\u00fcsabakan\u0131n ilk yar\u0131s\u0131 ev sahibi ekibin 1-0&#8217;l\u0131k \u00fcst\u00fcnl\u00fc\u011f\u00fcyle sonu\u00e7land\u0131.  <\/p>\n<p>  Ma\u00e7tan dakikalar (\u0130lk yar\u0131)<br \/>\n  7. dakikada Fall&#8217;\u0131n pas\u0131nda topla bulu\u015fan Hajradinovic&#8217;in ceza sahas\u0131 i\u00e7i sa\u011f \u00e7aprazdan sol aya\u011f\u0131yla yapt\u0131\u011f\u0131 sert vuru\u015fta kaleci Taha, me\u015fin yuvarla\u011f\u0131 direk dibinden son anda \u00e7eldi.<br \/>\n  11. dakikada Hajradinovic&#8217;in sa\u011f taraftan kulland\u0131\u011f\u0131 k\u00f6\u015fe vuru\u015funda Yasin&#8217;in kale alan\u0131 i\u00e7erisinde yapt\u0131\u011f\u0131 kafa vuru\u015funda yerden seken me\u015fin yuvarla\u011f\u0131 kaleci Taha \u00fcstten kornere \u00e7eldi.<br \/>\n  19. dakikada Ayta\u00e7&#8217;\u0131n ceza yay\u0131 \u00fczeri sa\u011f \u00e7aprazdan vuru\u015funda savunmada Batagov&#8217;a da \u00e7arpan me\u015fin yuvarlak uzak k\u00f6\u015feden a\u011flarla bulu\u015ftu. 1-0<br \/>\n  38. dakikada Hajradinovic&#8217;in savunma arkas\u0131na uzun pas\u0131nda topla bulu\u015fan Ben Ouanes, kalesini terk eden Taha ile kar\u015f\u0131 kar\u015f\u0131ya kald\u0131 ve sol tarafta daha m\u00fcsait olan Ayta\u00e7&#8217;a \u00e7\u0131kard\u0131. Bu oyuncunun yay\u0131n gerisinden vuru\u015funda savunmada Mustafa Eskihella\u00e7 kale \u00e7izgisinde yapt\u0131\u011f\u0131 m\u00fcdahaleyle me\u015fin yuvarla\u011f\u0131 kornere g\u00f6nderdi. <\/p>\n<p>  Hakemler: Halil Umut Meler, Murat Temel, Ali Can Alp<br \/>\n  Kas\u0131mpa\u015fa: Gianniotis, Espinoza, Piatkowski, Yasin \u00d6zcan, Rodrigues, Cafu, Mamadou Fall, Ayta\u00e7 Kara, Hajradinovic, Ben Ouanes, Nuno Da Costa<br \/>\n  Yedekler: Ali Yanar, Sinan Bolat, Claudio Winck, Adnan Akta\u015f, Yusuf \u0130nci, Sinan Alka\u015f, Taylan Utku Ayd\u0131n, Berkay Murato\u011flu, Atakan M\u00fcjde, Berk Can Y\u0131ld\u0131zl\u0131<br \/>\n  Teknik Sorumlu: Serhat S\u00fctl\u00fc<br \/>\n  Trabzonspor: Muhammet Taha Tepe, Mustafa Eskihella\u00e7, Okay Yoku\u015flu, Batagov, Arif Bo\u015fluk, Ozan Tufan, Lundstram, Oleksandr Zubkov, Danylo Sikan, Nwakaeme, Simon Banza<br \/>\n  Yedekler: Muhammet Can Akta\u015f, Erol Can \u00c7olak, Batista Mendy, Edin Visca, Muhammed Cham, Serdar Saat\u00e7\u0131, Cihan \u00c7anak, Salih Malko\u00e7o\u011flu, Ali \u015eahin Y\u0131lmaz, Enis Destan<br \/>\n  Teknik Direkt\u00f6r: Fatih Tekke<br \/>\n  Gol: Arseniy Batagov (dk. 19 k.k) (Kas\u0131mpa\u015fa)<br \/>\n  Sar\u0131 kartlar: Yasin \u00d6zcan, Ali Emre Yanar (Kas\u0131mpa\u015fa) Danylo Sikan (Trabzonspor) <\/p>\n<p>5.05.2025                                <\/p>\n","protected":false},"excerpt":{"rendered":"<p>Trendyol S\u00fcper Lig&#8217;in 34. hafta kapan\u0131\u015f ma\u00e7\u0131nda Kas\u0131mpa\u015fa, sahas\u0131nda Trabzonspor ile kar\u015f\u0131la\u015f\u0131yor. M\u00fcsabakan\u0131n ilk yar\u0131s\u0131 ev sahibi ekibin 1-0&#8217;l\u0131k \u00fcst\u00fcnl\u00fc\u011f\u00fcyle sonu\u00e7land\u0131. Ma\u00e7tan dakikalar (\u0130lk yar\u0131) 7. dakikada Fall&#8217;\u0131n pas\u0131nda topla bulu\u015fan Hajradinovic&#8217;in ceza sahas\u0131 i\u00e7i sa\u011f \u00e7aprazdan sol aya\u011f\u0131yla yapt\u0131\u011f\u0131 sert vuru\u015fta kaleci Taha, me\u015fin yuvarla\u011f\u0131 direk dibinden son anda \u00e7eldi. 11. dakikada Hajradinovic&#8217;in sa\u011f [&hellip;]<\/p>\n","protected":false},"author":1,"featured_media":6579,"comment_status":"open","ping_status":"open","sticky":false,"template":"","format":"standard","meta":{"footnotes":""},"categories":[57],"tags":[],"class_list":["post-6578","post","type-post","status-publish","format-standard","has-post-thumbnail","hentry","category-spor"],"yoast_head":"<!-- This site is optimized with the Yoast SEO plugin v27.4 - https:\/\/yoast.com\/product\/yoast-seo-wordpress\/ -->\n<title>Trendyol S\u00fcper Lig: Kas\u0131mpa\u015fa: 1 - Trabzonspor: 0 (\u0130lk yar\u0131) - Memurun Sesi<\/title>\n<meta name=\"robots\" content=\"index, follow, max-snippet:-1, max-image-preview:large, max-video-preview:-1\" \/>\n<link rel=\"canonical\" href=\"https:\/\/memurunsesi.net\/index.php\/2025\/05\/05\/trendyol-super-lig-kasimpasa-1-trabzonspor-0-ilk-yari\/\" \/>\n<meta property=\"og:locale\" content=\"tr_TR\" \/>\n<meta property=\"og:type\" content=\"article\" \/>\n<meta property=\"og:title\" content=\"Trendyol S\u00fcper Lig: Kas\u0131mpa\u015fa: 1 - Trabzonspor: 0 (\u0130lk yar\u0131) - Memurun Sesi\" \/>\n<meta property=\"og:description\" content=\"Trendyol S\u00fcper Lig&#8217;in 34. hafta kapan\u0131\u015f ma\u00e7\u0131nda Kas\u0131mpa\u015fa, sahas\u0131nda Trabzonspor ile kar\u015f\u0131la\u015f\u0131yor. M\u00fcsabakan\u0131n ilk yar\u0131s\u0131 ev sahibi ekibin 1-0&#8217;l\u0131k \u00fcst\u00fcnl\u00fc\u011f\u00fcyle sonu\u00e7land\u0131. Ma\u00e7tan dakikalar (\u0130lk yar\u0131) 7. dakikada Fall&#8217;\u0131n pas\u0131nda topla bulu\u015fan Hajradinovic&#8217;in ceza sahas\u0131 i\u00e7i sa\u011f \u00e7aprazdan sol aya\u011f\u0131yla yapt\u0131\u011f\u0131 sert vuru\u015fta kaleci Taha, me\u015fin yuvarla\u011f\u0131 direk dibinden son anda \u00e7eldi. 11. dakikada Hajradinovic&#8217;in sa\u011f [&hellip;]\" \/>\n<meta property=\"og:url\" content=\"https:\/\/memurunsesi.net\/index.php\/2025\/05\/05\/trendyol-super-lig-kasimpasa-1-trabzonspor-0-ilk-yari\/\" \/>\n<meta property=\"og:site_name\" content=\"Memurun Sesi\" \/>\n<meta property=\"article:publisher\" content=\"https:\/\/www.facebook.com\/unipersen\/?locale=tr_TR\" \/>\n<meta property=\"article:published_time\" content=\"2025-05-05T18:20:00+00:00\" \/>\n<meta property=\"og:image\" content=\"https:\/\/memurunsesi.net\/wp-content\/uploads\/2025\/05\/AW447907_01-scaled.jpg\" \/>\n\t<meta property=\"og:image:width\" content=\"2560\" \/>\n\t<meta property=\"og:image:height\" content=\"1707\" \/>\n\t<meta property=\"og:image:type\" content=\"image\/jpeg\" \/>\n<meta name=\"author\" content=\"Memurun Sesi Haber Merkezi\" \/>\n<meta name=\"twitter:card\" content=\"summary_large_image\" \/>\n<meta name=\"twitter:creator\" content=\"@unipersen\" \/>\n<meta name=\"twitter:site\" content=\"@unipersen\" \/>\n<meta name=\"twitter:label1\" content=\"Yazan:\" \/>\n\t<meta name=\"twitter:data1\" content=\"Memurun Sesi Haber Merkezi\" \/>\n\t<meta name=\"twitter:label2\" content=\"Tahmini okuma s\u00fcresi\" \/>\n\t<meta name=\"twitter:data2\" content=\"1 dakika\" \/>\n<script type=\"application\/ld+json\" class=\"yoast-schema-graph\">{\"@context\":\"https:\\\/\\\/schema.org\",\"@graph\":[{\"@type\":\"Article\",\"@id\":\"https:\\\/\\\/memurunsesi.net\\\/index.php\\\/2025\\\/05\\\/05\\\/trendyol-super-lig-kasimpasa-1-trabzonspor-0-ilk-yari\\\/#article\",\"isPartOf\":{\"@id\":\"https:\\\/\\\/memurunsesi.net\\\/index.php\\\/2025\\\/05\\\/05\\\/trendyol-super-lig-kasimpasa-1-trabzonspor-0-ilk-yari\\\/\"},\"author\":{\"name\":\"Memurun Sesi Haber Merkezi\",\"@id\":\"https:\\\/\\\/memurunsesi.net\\\/#\\\/schema\\\/person\\\/f21c2d73b89f6ee1d80b0a1803e38587\"},\"headline\":\"Trendyol S\u00fcper Lig: Kas\u0131mpa\u015fa: 1 &#8211; Trabzonspor: 0 (\u0130lk yar\u0131)\",\"datePublished\":\"2025-05-05T18:20:00+00:00\",\"mainEntityOfPage\":{\"@id\":\"https:\\\/\\\/memurunsesi.net\\\/index.php\\\/2025\\\/05\\\/05\\\/trendyol-super-lig-kasimpasa-1-trabzonspor-0-ilk-yari\\\/\"},\"wordCount\":334,\"commentCount\":0,\"publisher\":{\"@id\":\"https:\\\/\\\/memurunsesi.net\\\/#organization\"},\"image\":{\"@id\":\"https:\\\/\\\/memurunsesi.net\\\/index.php\\\/2025\\\/05\\\/05\\\/trendyol-super-lig-kasimpasa-1-trabzonspor-0-ilk-yari\\\/#primaryimage\"},\"thumbnailUrl\":\"https:\\\/\\\/memurunsesi.net\\\/wp-content\\\/uploads\\\/2025\\\/05\\\/AW447907_01-scaled.jpg\",\"articleSection\":[\"Spor\"],\"inLanguage\":\"tr\",\"potentialAction\":[{\"@type\":\"CommentAction\",\"name\":\"Comment\",\"target\":[\"https:\\\/\\\/memurunsesi.net\\\/index.php\\\/2025\\\/05\\\/05\\\/trendyol-super-lig-kasimpasa-1-trabzonspor-0-ilk-yari\\\/#respond\"]}]},{\"@type\":\"WebPage\",\"@id\":\"https:\\\/\\\/memurunsesi.net\\\/index.php\\\/2025\\\/05\\\/05\\\/trendyol-super-lig-kasimpasa-1-trabzonspor-0-ilk-yari\\\/\",\"url\":\"https:\\\/\\\/memurunsesi.net\\\/index.php\\\/2025\\\/05\\\/05\\\/trendyol-super-lig-kasimpasa-1-trabzonspor-0-ilk-yari\\\/\",\"name\":\"Trendyol S\u00fcper Lig: Kas\u0131mpa\u015fa: 1 - Trabzonspor: 0 (\u0130lk yar\u0131) - Memurun Sesi\",\"isPartOf\":{\"@id\":\"https:\\\/\\\/memurunsesi.net\\\/#website\"},\"primaryImageOfPage\":{\"@id\":\"https:\\\/\\\/memurunsesi.net\\\/index.php\\\/2025\\\/05\\\/05\\\/trendyol-super-lig-kasimpasa-1-trabzonspor-0-ilk-yari\\\/#primaryimage\"},\"image\":{\"@id\":\"https:\\\/\\\/memurunsesi.net\\\/index.php\\\/2025\\\/05\\\/05\\\/trendyol-super-lig-kasimpasa-1-trabzonspor-0-ilk-yari\\\/#primaryimage\"},\"thumbnailUrl\":\"https:\\\/\\\/memurunsesi.net\\\/wp-content\\\/uploads\\\/2025\\\/05\\\/AW447907_01-scaled.jpg\",\"datePublished\":\"2025-05-05T18:20:00+00:00\",\"breadcrumb\":{\"@id\":\"https:\\\/\\\/memurunsesi.net\\\/index.php\\\/2025\\\/05\\\/05\\\/trendyol-super-lig-kasimpasa-1-trabzonspor-0-ilk-yari\\\/#breadcrumb\"},\"inLanguage\":\"tr\",\"potentialAction\":[{\"@type\":\"ReadAction\",\"target\":[\"https:\\\/\\\/memurunsesi.net\\\/index.php\\\/2025\\\/05\\\/05\\\/trendyol-super-lig-kasimpasa-1-trabzonspor-0-ilk-yari\\\/\"]}]},{\"@type\":\"ImageObject\",\"inLanguage\":\"tr\",\"@id\":\"https:\\\/\\\/memurunsesi.net\\\/index.php\\\/2025\\\/05\\\/05\\\/trendyol-super-lig-kasimpasa-1-trabzonspor-0-ilk-yari\\\/#primaryimage\",\"url\":\"https:\\\/\\\/memurunsesi.net\\\/wp-content\\\/uploads\\\/2025\\\/05\\\/AW447907_01-scaled.jpg\",\"contentUrl\":\"https:\\\/\\\/memurunsesi.net\\\/wp-content\\\/uploads\\\/2025\\\/05\\\/AW447907_01-scaled.jpg\",\"width\":2560,\"height\":1707,\"caption\":\"TRENDYOL S\u00dcPER L\u0130G'\u0130N 34. HAFTA KAPANI\u015e MA\u00c7INDA KASIMPA\u015eA, SAHASINDA TRABZONSPOR \u0130LE KAR\u015eILA\u015eIYOR. M\u00dcSABAKANIN \u0130LK YARISI EV SAH\u0130B\u0130 EK\u0130B\u0130N 1-0'LIK \u00dcST\u00dcNL\u00dc\u011e\u00dcYLE SONU\u00c7LANDI. (SAMET YAL\u00c7IN\\\/\u0130STANBUL-\u0130HA) Trendyol S\u00fcper Lig'in 34. hafta kapan\u0131\u015f ma\u00e7\u0131nda Kas\u0131mpa\u015fa, sahas\u0131nda Trabzonspor ile kar\u015f\u0131la\u015f\u0131yor. M\u00fcsabakan\u0131n ilk yar\u0131s\u0131 ev sahibi ekibin 1-0'l\u0131k \u00fcst\u00fcnl\u00fc\u011f\u00fcyle sonu\u00e7land\u0131.\"},{\"@type\":\"BreadcrumbList\",\"@id\":\"https:\\\/\\\/memurunsesi.net\\\/index.php\\\/2025\\\/05\\\/05\\\/trendyol-super-lig-kasimpasa-1-trabzonspor-0-ilk-yari\\\/#breadcrumb\",\"itemListElement\":[{\"@type\":\"ListItem\",\"position\":1,\"name\":\"Anasayfa\",\"item\":\"https:\\\/\\\/memurunsesi.net\\\/\"},{\"@type\":\"ListItem\",\"position\":2,\"name\":\"Trendyol S\u00fcper Lig: Kas\u0131mpa\u015fa: 1 &#8211; Trabzonspor: 0 (\u0130lk yar\u0131)\"}]},{\"@type\":\"WebSite\",\"@id\":\"https:\\\/\\\/memurunsesi.net\\\/#website\",\"url\":\"https:\\\/\\\/memurunsesi.net\\\/\",\"name\":\"Memurun Sesi\",\"description\":\"G\u00fcncel ve Do\u011fru Haber\",\"publisher\":{\"@id\":\"https:\\\/\\\/memurunsesi.net\\\/#organization\"},\"potentialAction\":[{\"@type\":\"SearchAction\",\"target\":{\"@type\":\"EntryPoint\",\"urlTemplate\":\"https:\\\/\\\/memurunsesi.net\\\/?s={search_term_string}\"},\"query-input\":{\"@type\":\"PropertyValueSpecification\",\"valueRequired\":true,\"valueName\":\"search_term_string\"}}],\"inLanguage\":\"tr\"},{\"@type\":\"Organization\",\"@id\":\"https:\\\/\\\/memurunsesi.net\\\/#organization\",\"name\":\"Memurun Sesi\",\"url\":\"https:\\\/\\\/memurunsesi.net\\\/\",\"logo\":{\"@type\":\"ImageObject\",\"inLanguage\":\"tr\",\"@id\":\"https:\\\/\\\/memurunsesi.net\\\/#\\\/schema\\\/logo\\\/image\\\/\",\"url\":\"https:\\\/\\\/memurunsesi.net\\\/wp-content\\\/uploads\\\/2025\\\/11\\\/cropped-MEMURUN-SESI.png\",\"contentUrl\":\"https:\\\/\\\/memurunsesi.net\\\/wp-content\\\/uploads\\\/2025\\\/11\\\/cropped-MEMURUN-SESI.png\",\"width\":238,\"height\":57,\"caption\":\"Memurun Sesi\"},\"image\":{\"@id\":\"https:\\\/\\\/memurunsesi.net\\\/#\\\/schema\\\/logo\\\/image\\\/\"},\"sameAs\":[\"https:\\\/\\\/www.facebook.com\\\/unipersen\\\/?locale=tr_TR\",\"https:\\\/\\\/x.com\\\/unipersen\"]},{\"@type\":\"Person\",\"@id\":\"https:\\\/\\\/memurunsesi.net\\\/#\\\/schema\\\/person\\\/f21c2d73b89f6ee1d80b0a1803e38587\",\"name\":\"Memurun Sesi Haber Merkezi\",\"image\":{\"@type\":\"ImageObject\",\"inLanguage\":\"tr\",\"@id\":\"https:\\\/\\\/secure.gravatar.com\\\/avatar\\\/6cf0505f452ee753f485014986fab09a434671d2b919ee76fc541025c5876a70?s=96&d=mm&r=g\",\"url\":\"https:\\\/\\\/secure.gravatar.com\\\/avatar\\\/6cf0505f452ee753f485014986fab09a434671d2b919ee76fc541025c5876a70?s=96&d=mm&r=g\",\"contentUrl\":\"https:\\\/\\\/secure.gravatar.com\\\/avatar\\\/6cf0505f452ee753f485014986fab09a434671d2b919ee76fc541025c5876a70?s=96&d=mm&r=g\",\"caption\":\"Memurun Sesi Haber Merkezi\"},\"sameAs\":[\"https:\\\/\\\/memurunsesi.net\"],\"url\":\"https:\\\/\\\/memurunsesi.net\\\/index.php\\\/author\\\/uniper\\\/\"}]}<\/script>\n<!-- \/ Yoast SEO plugin. -->","yoast_head_json":{"title":"Trendyol S\u00fcper Lig: Kas\u0131mpa\u015fa: 1 - Trabzonspor: 0 (\u0130lk yar\u0131) - Memurun Sesi","robots":{"index":"index","follow":"follow","max-snippet":"max-snippet:-1","max-image-preview":"max-image-preview:large","max-video-preview":"max-video-preview:-1"},"canonical":"https:\/\/memurunsesi.net\/index.php\/2025\/05\/05\/trendyol-super-lig-kasimpasa-1-trabzonspor-0-ilk-yari\/","og_locale":"tr_TR","og_type":"article","og_title":"Trendyol S\u00fcper Lig: Kas\u0131mpa\u015fa: 1 - Trabzonspor: 0 (\u0130lk yar\u0131) - Memurun Sesi","og_description":"Trendyol S\u00fcper Lig&#8217;in 34. hafta kapan\u0131\u015f ma\u00e7\u0131nda Kas\u0131mpa\u015fa, sahas\u0131nda Trabzonspor ile kar\u015f\u0131la\u015f\u0131yor. M\u00fcsabakan\u0131n ilk yar\u0131s\u0131 ev sahibi ekibin 1-0&#8217;l\u0131k \u00fcst\u00fcnl\u00fc\u011f\u00fcyle sonu\u00e7land\u0131. Ma\u00e7tan dakikalar (\u0130lk yar\u0131) 7. dakikada Fall&#8217;\u0131n pas\u0131nda topla bulu\u015fan Hajradinovic&#8217;in ceza sahas\u0131 i\u00e7i sa\u011f \u00e7aprazdan sol aya\u011f\u0131yla yapt\u0131\u011f\u0131 sert vuru\u015fta kaleci Taha, me\u015fin yuvarla\u011f\u0131 direk dibinden son anda \u00e7eldi. 11. dakikada Hajradinovic&#8217;in sa\u011f [&hellip;]","og_url":"https:\/\/memurunsesi.net\/index.php\/2025\/05\/05\/trendyol-super-lig-kasimpasa-1-trabzonspor-0-ilk-yari\/","og_site_name":"Memurun Sesi","article_publisher":"https:\/\/www.facebook.com\/unipersen\/?locale=tr_TR","article_published_time":"2025-05-05T18:20:00+00:00","og_image":[{"width":2560,"height":1707,"url":"https:\/\/memurunsesi.net\/wp-content\/uploads\/2025\/05\/AW447907_01-scaled.jpg","type":"image\/jpeg"}],"author":"Memurun Sesi Haber Merkezi","twitter_card":"summary_large_image","twitter_creator":"@unipersen","twitter_site":"@unipersen","twitter_misc":{"Yazan:":"Memurun Sesi Haber Merkezi","Tahmini okuma s\u00fcresi":"1 dakika"},"schema":{"@context":"https:\/\/schema.org","@graph":[{"@type":"Article","@id":"https:\/\/memurunsesi.net\/index.php\/2025\/05\/05\/trendyol-super-lig-kasimpasa-1-trabzonspor-0-ilk-yari\/#article","isPartOf":{"@id":"https:\/\/memurunsesi.net\/index.php\/2025\/05\/05\/trendyol-super-lig-kasimpasa-1-trabzonspor-0-ilk-yari\/"},"author":{"name":"Memurun Sesi Haber Merkezi","@id":"https:\/\/memurunsesi.net\/#\/schema\/person\/f21c2d73b89f6ee1d80b0a1803e38587"},"headline":"Trendyol S\u00fcper Lig: Kas\u0131mpa\u015fa: 1 &#8211; Trabzonspor: 0 (\u0130lk yar\u0131)","datePublished":"2025-05-05T18:20:00+00:00","mainEntityOfPage":{"@id":"https:\/\/memurunsesi.net\/index.php\/2025\/05\/05\/trendyol-super-lig-kasimpasa-1-trabzonspor-0-ilk-yari\/"},"wordCount":334,"commentCount":0,"publisher":{"@id":"https:\/\/memurunsesi.net\/#organization"},"image":{"@id":"https:\/\/memurunsesi.net\/index.php\/2025\/05\/05\/trendyol-super-lig-kasimpasa-1-trabzonspor-0-ilk-yari\/#primaryimage"},"thumbnailUrl":"https:\/\/memurunsesi.net\/wp-content\/uploads\/2025\/05\/AW447907_01-scaled.jpg","articleSection":["Spor"],"inLanguage":"tr","potentialAction":[{"@type":"CommentAction","name":"Comment","target":["https:\/\/memurunsesi.net\/index.php\/2025\/05\/05\/trendyol-super-lig-kasimpasa-1-trabzonspor-0-ilk-yari\/#respond"]}]},{"@type":"WebPage","@id":"https:\/\/memurunsesi.net\/index.php\/2025\/05\/05\/trendyol-super-lig-kasimpasa-1-trabzonspor-0-ilk-yari\/","url":"https:\/\/memurunsesi.net\/index.php\/2025\/05\/05\/trendyol-super-lig-kasimpasa-1-trabzonspor-0-ilk-yari\/","name":"Trendyol S\u00fcper Lig: Kas\u0131mpa\u015fa: 1 - Trabzonspor: 0 (\u0130lk yar\u0131) - Memurun Sesi","isPartOf":{"@id":"https:\/\/memurunsesi.net\/#website"},"primaryImageOfPage":{"@id":"https:\/\/memurunsesi.net\/index.php\/2025\/05\/05\/trendyol-super-lig-kasimpasa-1-trabzonspor-0-ilk-yari\/#primaryimage"},"image":{"@id":"https:\/\/memurunsesi.net\/index.php\/2025\/05\/05\/trendyol-super-lig-kasimpasa-1-trabzonspor-0-ilk-yari\/#primaryimage"},"thumbnailUrl":"https:\/\/memurunsesi.net\/wp-content\/uploads\/2025\/05\/AW447907_01-scaled.jpg","datePublished":"2025-05-05T18:20:00+00:00","breadcrumb":{"@id":"https:\/\/memurunsesi.net\/index.php\/2025\/05\/05\/trendyol-super-lig-kasimpasa-1-trabzonspor-0-ilk-yari\/#breadcrumb"},"inLanguage":"tr","potentialAction":[{"@type":"ReadAction","target":["https:\/\/memurunsesi.net\/index.php\/2025\/05\/05\/trendyol-super-lig-kasimpasa-1-trabzonspor-0-ilk-yari\/"]}]},{"@type":"ImageObject","inLanguage":"tr","@id":"https:\/\/memurunsesi.net\/index.php\/2025\/05\/05\/trendyol-super-lig-kasimpasa-1-trabzonspor-0-ilk-yari\/#primaryimage","url":"https:\/\/memurunsesi.net\/wp-content\/uploads\/2025\/05\/AW447907_01-scaled.jpg","contentUrl":"https:\/\/memurunsesi.net\/wp-content\/uploads\/2025\/05\/AW447907_01-scaled.jpg","width":2560,"height":1707,"caption":"TRENDYOL S\u00dcPER L\u0130G'\u0130N 34. HAFTA KAPANI\u015e MA\u00c7INDA KASIMPA\u015eA, SAHASINDA TRABZONSPOR \u0130LE KAR\u015eILA\u015eIYOR. M\u00dcSABAKANIN \u0130LK YARISI EV SAH\u0130B\u0130 EK\u0130B\u0130N 1-0'LIK \u00dcST\u00dcNL\u00dc\u011e\u00dcYLE SONU\u00c7LANDI. (SAMET YAL\u00c7IN\/\u0130STANBUL-\u0130HA) Trendyol S\u00fcper Lig'in 34. hafta kapan\u0131\u015f ma\u00e7\u0131nda Kas\u0131mpa\u015fa, sahas\u0131nda Trabzonspor ile kar\u015f\u0131la\u015f\u0131yor. M\u00fcsabakan\u0131n ilk yar\u0131s\u0131 ev sahibi ekibin 1-0'l\u0131k \u00fcst\u00fcnl\u00fc\u011f\u00fcyle sonu\u00e7land\u0131."},{"@type":"BreadcrumbList","@id":"https:\/\/memurunsesi.net\/index.php\/2025\/05\/05\/trendyol-super-lig-kasimpasa-1-trabzonspor-0-ilk-yari\/#breadcrumb","itemListElement":[{"@type":"ListItem","position":1,"name":"Anasayfa","item":"https:\/\/memurunsesi.net\/"},{"@type":"ListItem","position":2,"name":"Trendyol S\u00fcper Lig: Kas\u0131mpa\u015fa: 1 &#8211; Trabzonspor: 0 (\u0130lk yar\u0131)"}]},{"@type":"WebSite","@id":"https:\/\/memurunsesi.net\/#website","url":"https:\/\/memurunsesi.net\/","name":"Memurun Sesi","description":"G\u00fcncel ve Do\u011fru Haber","publisher":{"@id":"https:\/\/memurunsesi.net\/#organization"},"potentialAction":[{"@type":"SearchAction","target":{"@type":"EntryPoint","urlTemplate":"https:\/\/memurunsesi.net\/?s={search_term_string}"},"query-input":{"@type":"PropertyValueSpecification","valueRequired":true,"valueName":"search_term_string"}}],"inLanguage":"tr"},{"@type":"Organization","@id":"https:\/\/memurunsesi.net\/#organization","name":"Memurun Sesi","url":"https:\/\/memurunsesi.net\/","logo":{"@type":"ImageObject","inLanguage":"tr","@id":"https:\/\/memurunsesi.net\/#\/schema\/logo\/image\/","url":"https:\/\/memurunsesi.net\/wp-content\/uploads\/2025\/11\/cropped-MEMURUN-SESI.png","contentUrl":"https:\/\/memurunsesi.net\/wp-content\/uploads\/2025\/11\/cropped-MEMURUN-SESI.png","width":238,"height":57,"caption":"Memurun Sesi"},"image":{"@id":"https:\/\/memurunsesi.net\/#\/schema\/logo\/image\/"},"sameAs":["https:\/\/www.facebook.com\/unipersen\/?locale=tr_TR","https:\/\/x.com\/unipersen"]},{"@type":"Person","@id":"https:\/\/memurunsesi.net\/#\/schema\/person\/f21c2d73b89f6ee1d80b0a1803e38587","name":"Memurun Sesi Haber Merkezi","image":{"@type":"ImageObject","inLanguage":"tr","@id":"https:\/\/secure.gravatar.com\/avatar\/6cf0505f452ee753f485014986fab09a434671d2b919ee76fc541025c5876a70?s=96&d=mm&r=g","url":"https:\/\/secure.gravatar.com\/avatar\/6cf0505f452ee753f485014986fab09a434671d2b919ee76fc541025c5876a70?s=96&d=mm&r=g","contentUrl":"https:\/\/secure.gravatar.com\/avatar\/6cf0505f452ee753f485014986fab09a434671d2b919ee76fc541025c5876a70?s=96&d=mm&r=g","caption":"Memurun Sesi Haber Merkezi"},"sameAs":["https:\/\/memurunsesi.net"],"url":"https:\/\/memurunsesi.net\/index.php\/author\/uniper\/"}]}},"_links":{"self":[{"href":"https:\/\/memurunsesi.net\/index.php\/wp-json\/wp\/v2\/posts\/6578","targetHints":{"allow":["GET"]}}],"collection":[{"href":"https:\/\/memurunsesi.net\/index.php\/wp-json\/wp\/v2\/posts"}],"about":[{"href":"https:\/\/memurunsesi.net\/index.php\/wp-json\/wp\/v2\/types\/post"}],"author":[{"embeddable":true,"href":"https:\/\/memurunsesi.net\/index.php\/wp-json\/wp\/v2\/users\/1"}],"replies":[{"embeddable":true,"href":"https:\/\/memurunsesi.net\/index.php\/wp-json\/wp\/v2\/comments?post=6578"}],"version-history":[{"count":1,"href":"https:\/\/memurunsesi.net\/index.php\/wp-json\/wp\/v2\/posts\/6578\/revisions"}],"predecessor-version":[{"id":6580,"href":"https:\/\/memurunsesi.net\/index.php\/wp-json\/wp\/v2\/posts\/6578\/revisions\/6580"}],"wp:featuredmedia":[{"embeddable":true,"href":"https:\/\/memurunsesi.net\/index.php\/wp-json\/wp\/v2\/media\/6579"}],"wp:attachment":[{"href":"https:\/\/memurunsesi.net\/index.php\/wp-json\/wp\/v2\/media?parent=6578"}],"wp:term":[{"taxonomy":"category","embeddable":true,"href":"https:\/\/memurunsesi.net\/index.php\/wp-json\/wp\/v2\/categories?post=6578"},{"taxonomy":"post_tag","embeddable":true,"href":"https:\/\/memurunsesi.net\/index.php\/wp-json\/wp\/v2\/tags?post=6578"}],"curies":[{"name":"wp","href":"https:\/\/api.w.org\/{rel}","templated":true}]}}