{"id":6605,"date":"2025-05-05T21:44:11","date_gmt":"2025-05-05T18:44:11","guid":{"rendered":"https:\/\/memurunsesi.net\/?p=6605"},"modified":"2025-05-05T21:44:11","modified_gmt":"2025-05-05T18:44:11","slug":"baskentte-kizlarin-birbirine-girdigi-kavga-kamerada","status":"publish","type":"post","link":"https:\/\/memurunsesi.net\/index.php\/2025\/05\/05\/baskentte-kizlarin-birbirine-girdigi-kavga-kamerada\/","title":{"rendered":"Ba\u015fkent&#8217;te k\u0131zlar\u0131n birbirine girdi\u011fi kavga kamerada"},"content":{"rendered":"<p> <div style=\"width: 512px;\" class=\"wp-video\"><video class=\"wp-video-shortcode\" id=\"video-6605-1\" width=\"512\" height=\"288\" preload=\"metadata\" controls=\"controls\"><source type=\"video\/mp4\" src=\"https:\/\/memurunsesi.net\/wp-content\/uploads\/2025\/05\/F80B09C3-4BF8-4508-8F0D-03DB489DCD94.mp4?_=1\" \/><a href=\"https:\/\/memurunsesi.net\/wp-content\/uploads\/2025\/05\/F80B09C3-4BF8-4508-8F0D-03DB489DCD94.mp4\">https:\/\/memurunsesi.net\/wp-content\/uploads\/2025\/05\/F80B09C3-4BF8-4508-8F0D-03DB489DCD94.mp4<\/a><\/video><\/div> Ankara&#8217;da \u00e7\u0131kan kavgada 4 k\u0131z sa\u00e7 ba\u015f birbirine girdi. Kavga an\u0131 cep telefonu kameras\u0131na yans\u0131d\u0131.<br \/>\nAl\u0131nan bilgiye g\u00f6re, saat 17.45&#8217;de Mamak il\u00e7esi 75. Y\u0131l Cumhuriyet Amfi Tiyatrosu&#8217;nun bah\u00e7esinde 4 k\u0131z aras\u0131nda tart\u0131\u015fma \u00e7\u0131kt\u0131. Tart\u0131\u015fman\u0131n b\u00fcy\u00fcmesi ile k\u0131zlar birbirlerinin sa\u00e7\u0131n\u0131 \u00e7ekmeye ve tekmeler savurmaya ba\u015flad\u0131. O anlar\u0131 bir vatanda\u015f cep telefonu kameras\u0131 ile kaydetti. \u00c7evredeki vatanda\u015flar\u0131n araya girmesi ile kavga sonlan\u0131rken, k\u0131zlar olay yerinden ayr\u0131ld\u0131.  <\/p>\n<p>5.05.2025                                <\/p>\n","protected":false},"excerpt":{"rendered":"<p>Ankara&#8217;da \u00e7\u0131kan kavgada 4 k\u0131z sa\u00e7 ba\u015f birbirine girdi. Kavga an\u0131 cep telefonu kameras\u0131na yans\u0131d\u0131. Al\u0131nan bilgiye g\u00f6re, saat 17.45&#8217;de Mamak il\u00e7esi 75. Y\u0131l Cumhuriyet Amfi Tiyatrosu&#8217;nun bah\u00e7esinde 4 k\u0131z aras\u0131nda tart\u0131\u015fma \u00e7\u0131kt\u0131. Tart\u0131\u015fman\u0131n b\u00fcy\u00fcmesi ile k\u0131zlar birbirlerinin sa\u00e7\u0131n\u0131 \u00e7ekmeye ve tekmeler savurmaya ba\u015flad\u0131. O anlar\u0131 bir vatanda\u015f cep telefonu kameras\u0131 ile kaydetti. \u00c7evredeki vatanda\u015flar\u0131n [&hellip;]<\/p>\n","protected":false},"author":1,"featured_media":0,"comment_status":"open","ping_status":"open","sticky":false,"template":"","format":"standard","meta":{"footnotes":""},"categories":[45],"tags":[],"class_list":["post-6605","post","type-post","status-publish","format-standard","hentry","category-gundem"],"yoast_head":"<!-- This site is optimized with the Yoast SEO plugin v27.4 - https:\/\/yoast.com\/product\/yoast-seo-wordpress\/ -->\n<title>Ba\u015fkent&#039;te k\u0131zlar\u0131n birbirine girdi\u011fi kavga kamerada - Memurun Sesi<\/title>\n<meta name=\"robots\" content=\"index, follow, max-snippet:-1, max-image-preview:large, max-video-preview:-1\" \/>\n<link rel=\"canonical\" href=\"https:\/\/memurunsesi.net\/index.php\/2025\/05\/05\/baskentte-kizlarin-birbirine-girdigi-kavga-kamerada\/\" \/>\n<meta property=\"og:locale\" content=\"tr_TR\" \/>\n<meta property=\"og:type\" content=\"article\" \/>\n<meta property=\"og:title\" content=\"Ba\u015fkent&#039;te k\u0131zlar\u0131n birbirine girdi\u011fi kavga kamerada - Memurun Sesi\" \/>\n<meta property=\"og:description\" content=\"Ankara&#8217;da \u00e7\u0131kan kavgada 4 k\u0131z sa\u00e7 ba\u015f birbirine girdi. Kavga an\u0131 cep telefonu kameras\u0131na yans\u0131d\u0131. Al\u0131nan bilgiye g\u00f6re, saat 17.45&#8217;de Mamak il\u00e7esi 75. Y\u0131l Cumhuriyet Amfi Tiyatrosu&#8217;nun bah\u00e7esinde 4 k\u0131z aras\u0131nda tart\u0131\u015fma \u00e7\u0131kt\u0131. Tart\u0131\u015fman\u0131n b\u00fcy\u00fcmesi ile k\u0131zlar birbirlerinin sa\u00e7\u0131n\u0131 \u00e7ekmeye ve tekmeler savurmaya ba\u015flad\u0131. O anlar\u0131 bir vatanda\u015f cep telefonu kameras\u0131 ile kaydetti. \u00c7evredeki vatanda\u015flar\u0131n [&hellip;]\" \/>\n<meta property=\"og:url\" content=\"https:\/\/memurunsesi.net\/index.php\/2025\/05\/05\/baskentte-kizlarin-birbirine-girdigi-kavga-kamerada\/\" \/>\n<meta property=\"og:site_name\" content=\"Memurun Sesi\" \/>\n<meta property=\"article:publisher\" content=\"https:\/\/www.facebook.com\/unipersen\/?locale=tr_TR\" \/>\n<meta property=\"article:published_time\" content=\"2025-05-05T18:44:11+00:00\" \/>\n<meta name=\"author\" content=\"Memurun Sesi Haber Merkezi\" \/>\n<meta name=\"twitter:card\" content=\"summary_large_image\" \/>\n<meta name=\"twitter:creator\" content=\"@unipersen\" \/>\n<meta name=\"twitter:site\" content=\"@unipersen\" \/>\n<meta name=\"twitter:label1\" content=\"Yazan:\" \/>\n\t<meta name=\"twitter:data1\" content=\"Memurun Sesi Haber Merkezi\" \/>\n<script type=\"application\/ld+json\" class=\"yoast-schema-graph\">{\"@context\":\"https:\\\/\\\/schema.org\",\"@graph\":[{\"@type\":\"Article\",\"@id\":\"https:\\\/\\\/memurunsesi.net\\\/index.php\\\/2025\\\/05\\\/05\\\/baskentte-kizlarin-birbirine-girdigi-kavga-kamerada\\\/#article\",\"isPartOf\":{\"@id\":\"https:\\\/\\\/memurunsesi.net\\\/index.php\\\/2025\\\/05\\\/05\\\/baskentte-kizlarin-birbirine-girdigi-kavga-kamerada\\\/\"},\"author\":{\"name\":\"Memurun Sesi Haber Merkezi\",\"@id\":\"https:\\\/\\\/memurunsesi.net\\\/#\\\/schema\\\/person\\\/f21c2d73b89f6ee1d80b0a1803e38587\"},\"headline\":\"Ba\u015fkent&#8217;te k\u0131zlar\u0131n birbirine girdi\u011fi kavga kamerada\",\"datePublished\":\"2025-05-05T18:44:11+00:00\",\"mainEntityOfPage\":{\"@id\":\"https:\\\/\\\/memurunsesi.net\\\/index.php\\\/2025\\\/05\\\/05\\\/baskentte-kizlarin-birbirine-girdigi-kavga-kamerada\\\/\"},\"wordCount\":119,\"commentCount\":0,\"publisher\":{\"@id\":\"https:\\\/\\\/memurunsesi.net\\\/#organization\"},\"articleSection\":[\"G\u00fcndem\"],\"inLanguage\":\"tr\",\"potentialAction\":[{\"@type\":\"CommentAction\",\"name\":\"Comment\",\"target\":[\"https:\\\/\\\/memurunsesi.net\\\/index.php\\\/2025\\\/05\\\/05\\\/baskentte-kizlarin-birbirine-girdigi-kavga-kamerada\\\/#respond\"]}]},{\"@type\":\"WebPage\",\"@id\":\"https:\\\/\\\/memurunsesi.net\\\/index.php\\\/2025\\\/05\\\/05\\\/baskentte-kizlarin-birbirine-girdigi-kavga-kamerada\\\/\",\"url\":\"https:\\\/\\\/memurunsesi.net\\\/index.php\\\/2025\\\/05\\\/05\\\/baskentte-kizlarin-birbirine-girdigi-kavga-kamerada\\\/\",\"name\":\"Ba\u015fkent'te k\u0131zlar\u0131n birbirine girdi\u011fi kavga kamerada - Memurun Sesi\",\"isPartOf\":{\"@id\":\"https:\\\/\\\/memurunsesi.net\\\/#website\"},\"datePublished\":\"2025-05-05T18:44:11+00:00\",\"breadcrumb\":{\"@id\":\"https:\\\/\\\/memurunsesi.net\\\/index.php\\\/2025\\\/05\\\/05\\\/baskentte-kizlarin-birbirine-girdigi-kavga-kamerada\\\/#breadcrumb\"},\"inLanguage\":\"tr\",\"potentialAction\":[{\"@type\":\"ReadAction\",\"target\":[\"https:\\\/\\\/memurunsesi.net\\\/index.php\\\/2025\\\/05\\\/05\\\/baskentte-kizlarin-birbirine-girdigi-kavga-kamerada\\\/\"]}]},{\"@type\":\"BreadcrumbList\",\"@id\":\"https:\\\/\\\/memurunsesi.net\\\/index.php\\\/2025\\\/05\\\/05\\\/baskentte-kizlarin-birbirine-girdigi-kavga-kamerada\\\/#breadcrumb\",\"itemListElement\":[{\"@type\":\"ListItem\",\"position\":1,\"name\":\"Anasayfa\",\"item\":\"https:\\\/\\\/memurunsesi.net\\\/\"},{\"@type\":\"ListItem\",\"position\":2,\"name\":\"Ba\u015fkent&#8217;te k\u0131zlar\u0131n birbirine girdi\u011fi kavga kamerada\"}]},{\"@type\":\"WebSite\",\"@id\":\"https:\\\/\\\/memurunsesi.net\\\/#website\",\"url\":\"https:\\\/\\\/memurunsesi.net\\\/\",\"name\":\"Memurun Sesi\",\"description\":\"G\u00fcncel ve Do\u011fru Haber\",\"publisher\":{\"@id\":\"https:\\\/\\\/memurunsesi.net\\\/#organization\"},\"potentialAction\":[{\"@type\":\"SearchAction\",\"target\":{\"@type\":\"EntryPoint\",\"urlTemplate\":\"https:\\\/\\\/memurunsesi.net\\\/?s={search_term_string}\"},\"query-input\":{\"@type\":\"PropertyValueSpecification\",\"valueRequired\":true,\"valueName\":\"search_term_string\"}}],\"inLanguage\":\"tr\"},{\"@type\":\"Organization\",\"@id\":\"https:\\\/\\\/memurunsesi.net\\\/#organization\",\"name\":\"Memurun Sesi\",\"url\":\"https:\\\/\\\/memurunsesi.net\\\/\",\"logo\":{\"@type\":\"ImageObject\",\"inLanguage\":\"tr\",\"@id\":\"https:\\\/\\\/memurunsesi.net\\\/#\\\/schema\\\/logo\\\/image\\\/\",\"url\":\"https:\\\/\\\/memurunsesi.net\\\/wp-content\\\/uploads\\\/2025\\\/11\\\/cropped-MEMURUN-SESI.png\",\"contentUrl\":\"https:\\\/\\\/memurunsesi.net\\\/wp-content\\\/uploads\\\/2025\\\/11\\\/cropped-MEMURUN-SESI.png\",\"width\":238,\"height\":57,\"caption\":\"Memurun Sesi\"},\"image\":{\"@id\":\"https:\\\/\\\/memurunsesi.net\\\/#\\\/schema\\\/logo\\\/image\\\/\"},\"sameAs\":[\"https:\\\/\\\/www.facebook.com\\\/unipersen\\\/?locale=tr_TR\",\"https:\\\/\\\/x.com\\\/unipersen\"]},{\"@type\":\"Person\",\"@id\":\"https:\\\/\\\/memurunsesi.net\\\/#\\\/schema\\\/person\\\/f21c2d73b89f6ee1d80b0a1803e38587\",\"name\":\"Memurun Sesi Haber Merkezi\",\"image\":{\"@type\":\"ImageObject\",\"inLanguage\":\"tr\",\"@id\":\"https:\\\/\\\/secure.gravatar.com\\\/avatar\\\/6cf0505f452ee753f485014986fab09a434671d2b919ee76fc541025c5876a70?s=96&d=mm&r=g\",\"url\":\"https:\\\/\\\/secure.gravatar.com\\\/avatar\\\/6cf0505f452ee753f485014986fab09a434671d2b919ee76fc541025c5876a70?s=96&d=mm&r=g\",\"contentUrl\":\"https:\\\/\\\/secure.gravatar.com\\\/avatar\\\/6cf0505f452ee753f485014986fab09a434671d2b919ee76fc541025c5876a70?s=96&d=mm&r=g\",\"caption\":\"Memurun Sesi Haber Merkezi\"},\"sameAs\":[\"https:\\\/\\\/memurunsesi.net\"],\"url\":\"https:\\\/\\\/memurunsesi.net\\\/index.php\\\/author\\\/uniper\\\/\"}]}<\/script>\n<!-- \/ Yoast SEO plugin. -->","yoast_head_json":{"title":"Ba\u015fkent'te k\u0131zlar\u0131n birbirine girdi\u011fi kavga kamerada - Memurun Sesi","robots":{"index":"index","follow":"follow","max-snippet":"max-snippet:-1","max-image-preview":"max-image-preview:large","max-video-preview":"max-video-preview:-1"},"canonical":"https:\/\/memurunsesi.net\/index.php\/2025\/05\/05\/baskentte-kizlarin-birbirine-girdigi-kavga-kamerada\/","og_locale":"tr_TR","og_type":"article","og_title":"Ba\u015fkent'te k\u0131zlar\u0131n birbirine girdi\u011fi kavga kamerada - Memurun Sesi","og_description":"Ankara&#8217;da \u00e7\u0131kan kavgada 4 k\u0131z sa\u00e7 ba\u015f birbirine girdi. Kavga an\u0131 cep telefonu kameras\u0131na yans\u0131d\u0131. Al\u0131nan bilgiye g\u00f6re, saat 17.45&#8217;de Mamak il\u00e7esi 75. Y\u0131l Cumhuriyet Amfi Tiyatrosu&#8217;nun bah\u00e7esinde 4 k\u0131z aras\u0131nda tart\u0131\u015fma \u00e7\u0131kt\u0131. Tart\u0131\u015fman\u0131n b\u00fcy\u00fcmesi ile k\u0131zlar birbirlerinin sa\u00e7\u0131n\u0131 \u00e7ekmeye ve tekmeler savurmaya ba\u015flad\u0131. O anlar\u0131 bir vatanda\u015f cep telefonu kameras\u0131 ile kaydetti. \u00c7evredeki vatanda\u015flar\u0131n [&hellip;]","og_url":"https:\/\/memurunsesi.net\/index.php\/2025\/05\/05\/baskentte-kizlarin-birbirine-girdigi-kavga-kamerada\/","og_site_name":"Memurun Sesi","article_publisher":"https:\/\/www.facebook.com\/unipersen\/?locale=tr_TR","article_published_time":"2025-05-05T18:44:11+00:00","author":"Memurun Sesi Haber Merkezi","twitter_card":"summary_large_image","twitter_creator":"@unipersen","twitter_site":"@unipersen","twitter_misc":{"Yazan:":"Memurun Sesi Haber Merkezi"},"schema":{"@context":"https:\/\/schema.org","@graph":[{"@type":"Article","@id":"https:\/\/memurunsesi.net\/index.php\/2025\/05\/05\/baskentte-kizlarin-birbirine-girdigi-kavga-kamerada\/#article","isPartOf":{"@id":"https:\/\/memurunsesi.net\/index.php\/2025\/05\/05\/baskentte-kizlarin-birbirine-girdigi-kavga-kamerada\/"},"author":{"name":"Memurun Sesi Haber Merkezi","@id":"https:\/\/memurunsesi.net\/#\/schema\/person\/f21c2d73b89f6ee1d80b0a1803e38587"},"headline":"Ba\u015fkent&#8217;te k\u0131zlar\u0131n birbirine girdi\u011fi kavga kamerada","datePublished":"2025-05-05T18:44:11+00:00","mainEntityOfPage":{"@id":"https:\/\/memurunsesi.net\/index.php\/2025\/05\/05\/baskentte-kizlarin-birbirine-girdigi-kavga-kamerada\/"},"wordCount":119,"commentCount":0,"publisher":{"@id":"https:\/\/memurunsesi.net\/#organization"},"articleSection":["G\u00fcndem"],"inLanguage":"tr","potentialAction":[{"@type":"CommentAction","name":"Comment","target":["https:\/\/memurunsesi.net\/index.php\/2025\/05\/05\/baskentte-kizlarin-birbirine-girdigi-kavga-kamerada\/#respond"]}]},{"@type":"WebPage","@id":"https:\/\/memurunsesi.net\/index.php\/2025\/05\/05\/baskentte-kizlarin-birbirine-girdigi-kavga-kamerada\/","url":"https:\/\/memurunsesi.net\/index.php\/2025\/05\/05\/baskentte-kizlarin-birbirine-girdigi-kavga-kamerada\/","name":"Ba\u015fkent'te k\u0131zlar\u0131n birbirine girdi\u011fi kavga kamerada - Memurun Sesi","isPartOf":{"@id":"https:\/\/memurunsesi.net\/#website"},"datePublished":"2025-05-05T18:44:11+00:00","breadcrumb":{"@id":"https:\/\/memurunsesi.net\/index.php\/2025\/05\/05\/baskentte-kizlarin-birbirine-girdigi-kavga-kamerada\/#breadcrumb"},"inLanguage":"tr","potentialAction":[{"@type":"ReadAction","target":["https:\/\/memurunsesi.net\/index.php\/2025\/05\/05\/baskentte-kizlarin-birbirine-girdigi-kavga-kamerada\/"]}]},{"@type":"BreadcrumbList","@id":"https:\/\/memurunsesi.net\/index.php\/2025\/05\/05\/baskentte-kizlarin-birbirine-girdigi-kavga-kamerada\/#breadcrumb","itemListElement":[{"@type":"ListItem","position":1,"name":"Anasayfa","item":"https:\/\/memurunsesi.net\/"},{"@type":"ListItem","position":2,"name":"Ba\u015fkent&#8217;te k\u0131zlar\u0131n birbirine girdi\u011fi kavga kamerada"}]},{"@type":"WebSite","@id":"https:\/\/memurunsesi.net\/#website","url":"https:\/\/memurunsesi.net\/","name":"Memurun Sesi","description":"G\u00fcncel ve Do\u011fru Haber","publisher":{"@id":"https:\/\/memurunsesi.net\/#organization"},"potentialAction":[{"@type":"SearchAction","target":{"@type":"EntryPoint","urlTemplate":"https:\/\/memurunsesi.net\/?s={search_term_string}"},"query-input":{"@type":"PropertyValueSpecification","valueRequired":true,"valueName":"search_term_string"}}],"inLanguage":"tr"},{"@type":"Organization","@id":"https:\/\/memurunsesi.net\/#organization","name":"Memurun Sesi","url":"https:\/\/memurunsesi.net\/","logo":{"@type":"ImageObject","inLanguage":"tr","@id":"https:\/\/memurunsesi.net\/#\/schema\/logo\/image\/","url":"https:\/\/memurunsesi.net\/wp-content\/uploads\/2025\/11\/cropped-MEMURUN-SESI.png","contentUrl":"https:\/\/memurunsesi.net\/wp-content\/uploads\/2025\/11\/cropped-MEMURUN-SESI.png","width":238,"height":57,"caption":"Memurun Sesi"},"image":{"@id":"https:\/\/memurunsesi.net\/#\/schema\/logo\/image\/"},"sameAs":["https:\/\/www.facebook.com\/unipersen\/?locale=tr_TR","https:\/\/x.com\/unipersen"]},{"@type":"Person","@id":"https:\/\/memurunsesi.net\/#\/schema\/person\/f21c2d73b89f6ee1d80b0a1803e38587","name":"Memurun Sesi Haber Merkezi","image":{"@type":"ImageObject","inLanguage":"tr","@id":"https:\/\/secure.gravatar.com\/avatar\/6cf0505f452ee753f485014986fab09a434671d2b919ee76fc541025c5876a70?s=96&d=mm&r=g","url":"https:\/\/secure.gravatar.com\/avatar\/6cf0505f452ee753f485014986fab09a434671d2b919ee76fc541025c5876a70?s=96&d=mm&r=g","contentUrl":"https:\/\/secure.gravatar.com\/avatar\/6cf0505f452ee753f485014986fab09a434671d2b919ee76fc541025c5876a70?s=96&d=mm&r=g","caption":"Memurun Sesi Haber Merkezi"},"sameAs":["https:\/\/memurunsesi.net"],"url":"https:\/\/memurunsesi.net\/index.php\/author\/uniper\/"}]}},"_links":{"self":[{"href":"https:\/\/memurunsesi.net\/index.php\/wp-json\/wp\/v2\/posts\/6605","targetHints":{"allow":["GET"]}}],"collection":[{"href":"https:\/\/memurunsesi.net\/index.php\/wp-json\/wp\/v2\/posts"}],"about":[{"href":"https:\/\/memurunsesi.net\/index.php\/wp-json\/wp\/v2\/types\/post"}],"author":[{"embeddable":true,"href":"https:\/\/memurunsesi.net\/index.php\/wp-json\/wp\/v2\/users\/1"}],"replies":[{"embeddable":true,"href":"https:\/\/memurunsesi.net\/index.php\/wp-json\/wp\/v2\/comments?post=6605"}],"version-history":[{"count":1,"href":"https:\/\/memurunsesi.net\/index.php\/wp-json\/wp\/v2\/posts\/6605\/revisions"}],"predecessor-version":[{"id":6607,"href":"https:\/\/memurunsesi.net\/index.php\/wp-json\/wp\/v2\/posts\/6605\/revisions\/6607"}],"wp:attachment":[{"href":"https:\/\/memurunsesi.net\/index.php\/wp-json\/wp\/v2\/media?parent=6605"}],"wp:term":[{"taxonomy":"category","embeddable":true,"href":"https:\/\/memurunsesi.net\/index.php\/wp-json\/wp\/v2\/categories?post=6605"},{"taxonomy":"post_tag","embeddable":true,"href":"https:\/\/memurunsesi.net\/index.php\/wp-json\/wp\/v2\/tags?post=6605"}],"curies":[{"name":"wp","href":"https:\/\/api.w.org\/{rel}","templated":true}]}}