{"id":6611,"date":"2025-05-05T21:49:36","date_gmt":"2025-05-05T18:49:36","guid":{"rendered":"https:\/\/memurunsesi.net\/?p=6611"},"modified":"2025-05-05T21:49:36","modified_gmt":"2025-05-05T18:49:36","slug":"vagon-sahne-perdelerini-aciyor","status":"publish","type":"post","link":"https:\/\/memurunsesi.net\/index.php\/2025\/05\/05\/vagon-sahne-perdelerini-aciyor\/","title":{"rendered":"&#8220;Vagon Sahne&#8221; perdelerini a\u00e7\u0131yor"},"content":{"rendered":"<p>  Devlet Tiyatrolar\u0131 Vagon Sahne projesi, T\u00fcrkiye&#8217;nin k\u00fclt\u00fcr ve sanat yolculu\u011funa yeni bir boyut kazand\u0131rd\u0131.<br \/>\nK\u00fclt\u00fcr ve Turizm Bakanl\u0131\u011f\u0131 Devlet Tiyatrolar\u0131 Genel M\u00fcd\u00fcrl\u00fc\u011f\u00fc, Ula\u015ft\u0131rma ve Altyap\u0131 Bakanl\u0131\u011f\u0131, TCDD ve TCDD Ta\u015f\u0131mac\u0131l\u0131k A.\u015e. i\u015f birli\u011fiyle hayata ge\u00e7irilen &#8220;Devlet Tiyatrolar\u0131 Vagon Sahne&#8221; projesi, T\u00fcrkiye&#8217;nin k\u00fclt\u00fcr ve sanat yolculu\u011funa yeni bir boyut kazand\u0131rd\u0131. Sahne haz\u0131rlanan bu \u00f6zg\u00fcn proje ile raylara ta\u015f\u0131narak, T\u00fcrkiye\u2019nin en bat\u0131s\u0131ndan en do\u011fusuna uzanacak 4 bin 796 kilometrelik bir g\u00fczerg\u00e2h olu\u015fturuldu. Ankara Tren Gar\u0131\u2019ndan yola \u00e7\u0131kacak olan &#8220;Vagon Sahne&#8221;yi u\u011furlamak i\u00e7in d\u00fczenlenen programa K\u00fclt\u00fcr ve Turizm Bakan Yard\u0131mc\u0131s\u0131 Batuhan Mumcu, Devlet Tiyatrolar\u0131 Genel M\u00fcd\u00fcr\u00fc Tamer Karada\u011fl\u0131 ve bir\u00e7ok vatanda\u015f kat\u0131ld\u0131.<br \/>\n  K\u00fclt\u00fcr ve sanat\u0131n \u00fclkenin her bir k\u00f6\u015fesine ula\u015fmas\u0131 i\u00e7in yap\u0131lan \u00e7al\u0131\u015fmalar\u0131n somut hali olarak &#8220;Vagon Sahne&#8221;yi \u00f6rnek g\u00f6steren Bakan Yard\u0131mc\u0131s\u0131 Mumcu, &#8220;Sahnesi olmayan \u015fehirlere perde a\u00e7an sanat\u0131 ve sanat\u00e7\u0131y\u0131 halk\u0131yla bulu\u015fturan bu proje, tiyatroyu T\u00fcrkiye&#8217;nin d\u00f6rt bir yan\u0131ndaki vatanda\u015flar\u0131m\u0131za ula\u015ft\u0131rma iradesinin en g\u00fczel \u00f6rneklerinden birisidir. Tiyatro her yerde diyerek ba\u015flat\u0131lan bu yolculukta sahneler de\u011fi\u015fti, oyunlar \u00e7e\u015fitlendi ama tek bir \u015fey de\u011fi\u015fmedi; sanat\u0131n birle\u015ftirici g\u00fcc\u00fcne duydu\u011fumuz inan\u00e7&#8221; dedi.<br \/>\n  Ge\u00e7mi\u015f projelerden yola \u00e7\u0131k\u0131larak yeni bir seyir defteri a\u00e7\u0131ld\u0131\u011f\u0131n\u0131 vurgulayan Devlet Tiyatrolar\u0131 Genel M\u00fcd\u00fcr\u00fc Karada\u011fl\u0131, &#8220;Bu sadece bir tren de\u011fil, bu sanat\u0131n yola \u00e7\u0131kan hareket, tiyatronun Anadolu&#8217;yla yeniden kucakla\u015fmas\u0131d\u0131r. Ve unutmayal\u0131m ki Devlet Tiyatrolar\u0131 i\u00e7in sanat var\u0131lacak bir durak de\u011fil, yolculu\u011fun bizzat kendisidir. Bug\u00fcn burada bu yolculu\u011fun ilk ad\u0131m\u0131nda siz k\u0131ymetli misafirlerinizin kat\u0131l\u0131m\u0131 ve deste\u011fi bize g\u00fc\u00e7 veriyor. Heyecan\u0131m\u0131za ortak oldu\u011funuz i\u00e7in te\u015fekk\u00fcr ediyorum&#8221; dedi.<br \/>\n  Projeyle K\u00fctahya, Manisa, U\u015fak, Afyonkarahisar, Karaman, Ere\u011fli, Amasya, Erzincan, Kars Akyaka gibi 11 il ve il\u00e7ede toplam 22 temsil ger\u00e7ekle\u015ftirilecek. Turne s\u00fcresince Antalya Devlet Tiyatrosu yap\u0131m\u0131 iki oyun sahnelenecek. Saat 13.00\u2019te \u00e7ocuk oyunu &#8220;Masal Treni&#8221; ve saat 19.00\u2019da yeti\u015fkinler i\u00e7in &#8220;Misafir&#8221; adl\u0131 oyunlar tiyatroseverlerle bulu\u015facak.<br \/>\n  Programda a\u00e7\u0131l\u0131\u015f konu\u015fmalar\u0131 sonras\u0131 davetliler vagonu inceledi.  <\/p>\n<p>5.05.2025                                 <\/p>\n","protected":false},"excerpt":{"rendered":"<p>Devlet Tiyatrolar\u0131 Vagon Sahne projesi, T\u00fcrkiye&#8217;nin k\u00fclt\u00fcr ve sanat yolculu\u011funa yeni bir boyut kazand\u0131rd\u0131. K\u00fclt\u00fcr ve Turizm Bakanl\u0131\u011f\u0131 Devlet Tiyatrolar\u0131 Genel M\u00fcd\u00fcrl\u00fc\u011f\u00fc, Ula\u015ft\u0131rma ve Altyap\u0131 Bakanl\u0131\u011f\u0131, TCDD ve TCDD Ta\u015f\u0131mac\u0131l\u0131k A.\u015e. i\u015f birli\u011fiyle hayata ge\u00e7irilen &#8220;Devlet Tiyatrolar\u0131 Vagon Sahne&#8221; projesi, T\u00fcrkiye&#8217;nin k\u00fclt\u00fcr ve sanat yolculu\u011funa yeni bir boyut kazand\u0131rd\u0131. Sahne haz\u0131rlanan bu \u00f6zg\u00fcn proje ile [&hellip;]<\/p>\n","protected":false},"author":1,"featured_media":6612,"comment_status":"open","ping_status":"open","sticky":false,"template":"","format":"standard","meta":{"footnotes":""},"categories":[1],"tags":[],"class_list":["post-6611","post","type-post","status-publish","format-standard","has-post-thumbnail","hentry","category-genel"],"yoast_head":"<!-- This site is optimized with the Yoast SEO plugin v27.4 - https:\/\/yoast.com\/product\/yoast-seo-wordpress\/ -->\n<title>&quot;Vagon Sahne&quot; perdelerini a\u00e7\u0131yor - Memurun Sesi<\/title>\n<meta name=\"robots\" content=\"index, follow, max-snippet:-1, max-image-preview:large, max-video-preview:-1\" \/>\n<link rel=\"canonical\" href=\"https:\/\/memurunsesi.net\/index.php\/2025\/05\/05\/vagon-sahne-perdelerini-aciyor\/\" \/>\n<meta property=\"og:locale\" content=\"tr_TR\" \/>\n<meta property=\"og:type\" content=\"article\" \/>\n<meta property=\"og:title\" content=\"&quot;Vagon Sahne&quot; perdelerini a\u00e7\u0131yor - Memurun Sesi\" \/>\n<meta property=\"og:description\" content=\"Devlet Tiyatrolar\u0131 Vagon Sahne projesi, T\u00fcrkiye&#8217;nin k\u00fclt\u00fcr ve sanat yolculu\u011funa yeni bir boyut kazand\u0131rd\u0131. K\u00fclt\u00fcr ve Turizm Bakanl\u0131\u011f\u0131 Devlet Tiyatrolar\u0131 Genel M\u00fcd\u00fcrl\u00fc\u011f\u00fc, Ula\u015ft\u0131rma ve Altyap\u0131 Bakanl\u0131\u011f\u0131, TCDD ve TCDD Ta\u015f\u0131mac\u0131l\u0131k A.\u015e. i\u015f birli\u011fiyle hayata ge\u00e7irilen &#8220;Devlet Tiyatrolar\u0131 Vagon Sahne&#8221; projesi, T\u00fcrkiye&#8217;nin k\u00fclt\u00fcr ve sanat yolculu\u011funa yeni bir boyut kazand\u0131rd\u0131. Sahne haz\u0131rlanan bu \u00f6zg\u00fcn proje ile [&hellip;]\" \/>\n<meta property=\"og:url\" content=\"https:\/\/memurunsesi.net\/index.php\/2025\/05\/05\/vagon-sahne-perdelerini-aciyor\/\" \/>\n<meta property=\"og:site_name\" content=\"Memurun Sesi\" \/>\n<meta property=\"article:publisher\" content=\"https:\/\/www.facebook.com\/unipersen\/?locale=tr_TR\" \/>\n<meta property=\"article:published_time\" content=\"2025-05-05T18:49:36+00:00\" \/>\n<meta property=\"og:image\" content=\"https:\/\/memurunsesi.net\/wp-content\/uploads\/2025\/05\/AW447880_02.jpg\" \/>\n\t<meta property=\"og:image:width\" content=\"1600\" \/>\n\t<meta property=\"og:image:height\" content=\"1201\" \/>\n\t<meta property=\"og:image:type\" content=\"image\/jpeg\" \/>\n<meta name=\"author\" content=\"Memurun Sesi Haber Merkezi\" \/>\n<meta name=\"twitter:card\" content=\"summary_large_image\" \/>\n<meta name=\"twitter:creator\" content=\"@unipersen\" \/>\n<meta name=\"twitter:site\" content=\"@unipersen\" \/>\n<meta name=\"twitter:label1\" content=\"Yazan:\" \/>\n\t<meta name=\"twitter:data1\" content=\"Memurun Sesi Haber Merkezi\" \/>\n\t<meta name=\"twitter:label2\" content=\"Tahmini okuma s\u00fcresi\" \/>\n\t<meta name=\"twitter:data2\" content=\"1 dakika\" \/>\n<script type=\"application\/ld+json\" class=\"yoast-schema-graph\">{\"@context\":\"https:\\\/\\\/schema.org\",\"@graph\":[{\"@type\":\"Article\",\"@id\":\"https:\\\/\\\/memurunsesi.net\\\/index.php\\\/2025\\\/05\\\/05\\\/vagon-sahne-perdelerini-aciyor\\\/#article\",\"isPartOf\":{\"@id\":\"https:\\\/\\\/memurunsesi.net\\\/index.php\\\/2025\\\/05\\\/05\\\/vagon-sahne-perdelerini-aciyor\\\/\"},\"author\":{\"name\":\"Memurun Sesi Haber Merkezi\",\"@id\":\"https:\\\/\\\/memurunsesi.net\\\/#\\\/schema\\\/person\\\/f21c2d73b89f6ee1d80b0a1803e38587\"},\"headline\":\"&#8220;Vagon Sahne&#8221; perdelerini a\u00e7\u0131yor\",\"datePublished\":\"2025-05-05T18:49:36+00:00\",\"mainEntityOfPage\":{\"@id\":\"https:\\\/\\\/memurunsesi.net\\\/index.php\\\/2025\\\/05\\\/05\\\/vagon-sahne-perdelerini-aciyor\\\/\"},\"wordCount\":416,\"commentCount\":0,\"publisher\":{\"@id\":\"https:\\\/\\\/memurunsesi.net\\\/#organization\"},\"image\":{\"@id\":\"https:\\\/\\\/memurunsesi.net\\\/index.php\\\/2025\\\/05\\\/05\\\/vagon-sahne-perdelerini-aciyor\\\/#primaryimage\"},\"thumbnailUrl\":\"https:\\\/\\\/memurunsesi.net\\\/wp-content\\\/uploads\\\/2025\\\/05\\\/AW447880_02.jpg\",\"inLanguage\":\"tr\",\"potentialAction\":[{\"@type\":\"CommentAction\",\"name\":\"Comment\",\"target\":[\"https:\\\/\\\/memurunsesi.net\\\/index.php\\\/2025\\\/05\\\/05\\\/vagon-sahne-perdelerini-aciyor\\\/#respond\"]}]},{\"@type\":\"WebPage\",\"@id\":\"https:\\\/\\\/memurunsesi.net\\\/index.php\\\/2025\\\/05\\\/05\\\/vagon-sahne-perdelerini-aciyor\\\/\",\"url\":\"https:\\\/\\\/memurunsesi.net\\\/index.php\\\/2025\\\/05\\\/05\\\/vagon-sahne-perdelerini-aciyor\\\/\",\"name\":\"\\\"Vagon Sahne\\\" perdelerini a\u00e7\u0131yor - Memurun Sesi\",\"isPartOf\":{\"@id\":\"https:\\\/\\\/memurunsesi.net\\\/#website\"},\"primaryImageOfPage\":{\"@id\":\"https:\\\/\\\/memurunsesi.net\\\/index.php\\\/2025\\\/05\\\/05\\\/vagon-sahne-perdelerini-aciyor\\\/#primaryimage\"},\"image\":{\"@id\":\"https:\\\/\\\/memurunsesi.net\\\/index.php\\\/2025\\\/05\\\/05\\\/vagon-sahne-perdelerini-aciyor\\\/#primaryimage\"},\"thumbnailUrl\":\"https:\\\/\\\/memurunsesi.net\\\/wp-content\\\/uploads\\\/2025\\\/05\\\/AW447880_02.jpg\",\"datePublished\":\"2025-05-05T18:49:36+00:00\",\"breadcrumb\":{\"@id\":\"https:\\\/\\\/memurunsesi.net\\\/index.php\\\/2025\\\/05\\\/05\\\/vagon-sahne-perdelerini-aciyor\\\/#breadcrumb\"},\"inLanguage\":\"tr\",\"potentialAction\":[{\"@type\":\"ReadAction\",\"target\":[\"https:\\\/\\\/memurunsesi.net\\\/index.php\\\/2025\\\/05\\\/05\\\/vagon-sahne-perdelerini-aciyor\\\/\"]}]},{\"@type\":\"ImageObject\",\"inLanguage\":\"tr\",\"@id\":\"https:\\\/\\\/memurunsesi.net\\\/index.php\\\/2025\\\/05\\\/05\\\/vagon-sahne-perdelerini-aciyor\\\/#primaryimage\",\"url\":\"https:\\\/\\\/memurunsesi.net\\\/wp-content\\\/uploads\\\/2025\\\/05\\\/AW447880_02.jpg\",\"contentUrl\":\"https:\\\/\\\/memurunsesi.net\\\/wp-content\\\/uploads\\\/2025\\\/05\\\/AW447880_02.jpg\",\"width\":1600,\"height\":1201,\"caption\":\"\\\"DEVLET T\u0130YATROLARI VAGON SAHNE\\\" PROJES\u0130, T\u00dcRK\u0130YE'N\u0130N K\u00dcLT\u00dcR VE SANAT YOLCULU\u011eUNA YEN\u0130 B\u0130R BOYUT KAZANDIRDI. (\u0130HA\\\/ANKARA-\u0130HA) \\\"Devlet Tiyatrolar\u0131 Vagon Sahne\\\" projesi, T\u00fcrkiye'nin k\u00fclt\u00fcr ve sanat yolculu\u011funa yeni bir boyut kazand\u0131rd\u0131.\"},{\"@type\":\"BreadcrumbList\",\"@id\":\"https:\\\/\\\/memurunsesi.net\\\/index.php\\\/2025\\\/05\\\/05\\\/vagon-sahne-perdelerini-aciyor\\\/#breadcrumb\",\"itemListElement\":[{\"@type\":\"ListItem\",\"position\":1,\"name\":\"Anasayfa\",\"item\":\"https:\\\/\\\/memurunsesi.net\\\/\"},{\"@type\":\"ListItem\",\"position\":2,\"name\":\"&#8220;Vagon Sahne&#8221; perdelerini a\u00e7\u0131yor\"}]},{\"@type\":\"WebSite\",\"@id\":\"https:\\\/\\\/memurunsesi.net\\\/#website\",\"url\":\"https:\\\/\\\/memurunsesi.net\\\/\",\"name\":\"Memurun Sesi\",\"description\":\"G\u00fcncel ve Do\u011fru Haber\",\"publisher\":{\"@id\":\"https:\\\/\\\/memurunsesi.net\\\/#organization\"},\"potentialAction\":[{\"@type\":\"SearchAction\",\"target\":{\"@type\":\"EntryPoint\",\"urlTemplate\":\"https:\\\/\\\/memurunsesi.net\\\/?s={search_term_string}\"},\"query-input\":{\"@type\":\"PropertyValueSpecification\",\"valueRequired\":true,\"valueName\":\"search_term_string\"}}],\"inLanguage\":\"tr\"},{\"@type\":\"Organization\",\"@id\":\"https:\\\/\\\/memurunsesi.net\\\/#organization\",\"name\":\"Memurun Sesi\",\"url\":\"https:\\\/\\\/memurunsesi.net\\\/\",\"logo\":{\"@type\":\"ImageObject\",\"inLanguage\":\"tr\",\"@id\":\"https:\\\/\\\/memurunsesi.net\\\/#\\\/schema\\\/logo\\\/image\\\/\",\"url\":\"https:\\\/\\\/memurunsesi.net\\\/wp-content\\\/uploads\\\/2025\\\/11\\\/cropped-MEMURUN-SESI.png\",\"contentUrl\":\"https:\\\/\\\/memurunsesi.net\\\/wp-content\\\/uploads\\\/2025\\\/11\\\/cropped-MEMURUN-SESI.png\",\"width\":238,\"height\":57,\"caption\":\"Memurun Sesi\"},\"image\":{\"@id\":\"https:\\\/\\\/memurunsesi.net\\\/#\\\/schema\\\/logo\\\/image\\\/\"},\"sameAs\":[\"https:\\\/\\\/www.facebook.com\\\/unipersen\\\/?locale=tr_TR\",\"https:\\\/\\\/x.com\\\/unipersen\"]},{\"@type\":\"Person\",\"@id\":\"https:\\\/\\\/memurunsesi.net\\\/#\\\/schema\\\/person\\\/f21c2d73b89f6ee1d80b0a1803e38587\",\"name\":\"Memurun Sesi Haber Merkezi\",\"image\":{\"@type\":\"ImageObject\",\"inLanguage\":\"tr\",\"@id\":\"https:\\\/\\\/secure.gravatar.com\\\/avatar\\\/6cf0505f452ee753f485014986fab09a434671d2b919ee76fc541025c5876a70?s=96&d=mm&r=g\",\"url\":\"https:\\\/\\\/secure.gravatar.com\\\/avatar\\\/6cf0505f452ee753f485014986fab09a434671d2b919ee76fc541025c5876a70?s=96&d=mm&r=g\",\"contentUrl\":\"https:\\\/\\\/secure.gravatar.com\\\/avatar\\\/6cf0505f452ee753f485014986fab09a434671d2b919ee76fc541025c5876a70?s=96&d=mm&r=g\",\"caption\":\"Memurun Sesi Haber Merkezi\"},\"sameAs\":[\"https:\\\/\\\/memurunsesi.net\"],\"url\":\"https:\\\/\\\/memurunsesi.net\\\/index.php\\\/author\\\/uniper\\\/\"}]}<\/script>\n<!-- \/ Yoast SEO plugin. -->","yoast_head_json":{"title":"\"Vagon Sahne\" perdelerini a\u00e7\u0131yor - Memurun Sesi","robots":{"index":"index","follow":"follow","max-snippet":"max-snippet:-1","max-image-preview":"max-image-preview:large","max-video-preview":"max-video-preview:-1"},"canonical":"https:\/\/memurunsesi.net\/index.php\/2025\/05\/05\/vagon-sahne-perdelerini-aciyor\/","og_locale":"tr_TR","og_type":"article","og_title":"\"Vagon Sahne\" perdelerini a\u00e7\u0131yor - Memurun Sesi","og_description":"Devlet Tiyatrolar\u0131 Vagon Sahne projesi, T\u00fcrkiye&#8217;nin k\u00fclt\u00fcr ve sanat yolculu\u011funa yeni bir boyut kazand\u0131rd\u0131. K\u00fclt\u00fcr ve Turizm Bakanl\u0131\u011f\u0131 Devlet Tiyatrolar\u0131 Genel M\u00fcd\u00fcrl\u00fc\u011f\u00fc, Ula\u015ft\u0131rma ve Altyap\u0131 Bakanl\u0131\u011f\u0131, TCDD ve TCDD Ta\u015f\u0131mac\u0131l\u0131k A.\u015e. i\u015f birli\u011fiyle hayata ge\u00e7irilen &#8220;Devlet Tiyatrolar\u0131 Vagon Sahne&#8221; projesi, T\u00fcrkiye&#8217;nin k\u00fclt\u00fcr ve sanat yolculu\u011funa yeni bir boyut kazand\u0131rd\u0131. Sahne haz\u0131rlanan bu \u00f6zg\u00fcn proje ile [&hellip;]","og_url":"https:\/\/memurunsesi.net\/index.php\/2025\/05\/05\/vagon-sahne-perdelerini-aciyor\/","og_site_name":"Memurun Sesi","article_publisher":"https:\/\/www.facebook.com\/unipersen\/?locale=tr_TR","article_published_time":"2025-05-05T18:49:36+00:00","og_image":[{"width":1600,"height":1201,"url":"https:\/\/memurunsesi.net\/wp-content\/uploads\/2025\/05\/AW447880_02.jpg","type":"image\/jpeg"}],"author":"Memurun Sesi Haber Merkezi","twitter_card":"summary_large_image","twitter_creator":"@unipersen","twitter_site":"@unipersen","twitter_misc":{"Yazan:":"Memurun Sesi Haber Merkezi","Tahmini okuma s\u00fcresi":"1 dakika"},"schema":{"@context":"https:\/\/schema.org","@graph":[{"@type":"Article","@id":"https:\/\/memurunsesi.net\/index.php\/2025\/05\/05\/vagon-sahne-perdelerini-aciyor\/#article","isPartOf":{"@id":"https:\/\/memurunsesi.net\/index.php\/2025\/05\/05\/vagon-sahne-perdelerini-aciyor\/"},"author":{"name":"Memurun Sesi Haber Merkezi","@id":"https:\/\/memurunsesi.net\/#\/schema\/person\/f21c2d73b89f6ee1d80b0a1803e38587"},"headline":"&#8220;Vagon Sahne&#8221; perdelerini a\u00e7\u0131yor","datePublished":"2025-05-05T18:49:36+00:00","mainEntityOfPage":{"@id":"https:\/\/memurunsesi.net\/index.php\/2025\/05\/05\/vagon-sahne-perdelerini-aciyor\/"},"wordCount":416,"commentCount":0,"publisher":{"@id":"https:\/\/memurunsesi.net\/#organization"},"image":{"@id":"https:\/\/memurunsesi.net\/index.php\/2025\/05\/05\/vagon-sahne-perdelerini-aciyor\/#primaryimage"},"thumbnailUrl":"https:\/\/memurunsesi.net\/wp-content\/uploads\/2025\/05\/AW447880_02.jpg","inLanguage":"tr","potentialAction":[{"@type":"CommentAction","name":"Comment","target":["https:\/\/memurunsesi.net\/index.php\/2025\/05\/05\/vagon-sahne-perdelerini-aciyor\/#respond"]}]},{"@type":"WebPage","@id":"https:\/\/memurunsesi.net\/index.php\/2025\/05\/05\/vagon-sahne-perdelerini-aciyor\/","url":"https:\/\/memurunsesi.net\/index.php\/2025\/05\/05\/vagon-sahne-perdelerini-aciyor\/","name":"\"Vagon Sahne\" perdelerini a\u00e7\u0131yor - Memurun Sesi","isPartOf":{"@id":"https:\/\/memurunsesi.net\/#website"},"primaryImageOfPage":{"@id":"https:\/\/memurunsesi.net\/index.php\/2025\/05\/05\/vagon-sahne-perdelerini-aciyor\/#primaryimage"},"image":{"@id":"https:\/\/memurunsesi.net\/index.php\/2025\/05\/05\/vagon-sahne-perdelerini-aciyor\/#primaryimage"},"thumbnailUrl":"https:\/\/memurunsesi.net\/wp-content\/uploads\/2025\/05\/AW447880_02.jpg","datePublished":"2025-05-05T18:49:36+00:00","breadcrumb":{"@id":"https:\/\/memurunsesi.net\/index.php\/2025\/05\/05\/vagon-sahne-perdelerini-aciyor\/#breadcrumb"},"inLanguage":"tr","potentialAction":[{"@type":"ReadAction","target":["https:\/\/memurunsesi.net\/index.php\/2025\/05\/05\/vagon-sahne-perdelerini-aciyor\/"]}]},{"@type":"ImageObject","inLanguage":"tr","@id":"https:\/\/memurunsesi.net\/index.php\/2025\/05\/05\/vagon-sahne-perdelerini-aciyor\/#primaryimage","url":"https:\/\/memurunsesi.net\/wp-content\/uploads\/2025\/05\/AW447880_02.jpg","contentUrl":"https:\/\/memurunsesi.net\/wp-content\/uploads\/2025\/05\/AW447880_02.jpg","width":1600,"height":1201,"caption":"\"DEVLET T\u0130YATROLARI VAGON SAHNE\" PROJES\u0130, T\u00dcRK\u0130YE'N\u0130N K\u00dcLT\u00dcR VE SANAT YOLCULU\u011eUNA YEN\u0130 B\u0130R BOYUT KAZANDIRDI. (\u0130HA\/ANKARA-\u0130HA) \"Devlet Tiyatrolar\u0131 Vagon Sahne\" projesi, T\u00fcrkiye'nin k\u00fclt\u00fcr ve sanat yolculu\u011funa yeni bir boyut kazand\u0131rd\u0131."},{"@type":"BreadcrumbList","@id":"https:\/\/memurunsesi.net\/index.php\/2025\/05\/05\/vagon-sahne-perdelerini-aciyor\/#breadcrumb","itemListElement":[{"@type":"ListItem","position":1,"name":"Anasayfa","item":"https:\/\/memurunsesi.net\/"},{"@type":"ListItem","position":2,"name":"&#8220;Vagon Sahne&#8221; perdelerini a\u00e7\u0131yor"}]},{"@type":"WebSite","@id":"https:\/\/memurunsesi.net\/#website","url":"https:\/\/memurunsesi.net\/","name":"Memurun Sesi","description":"G\u00fcncel ve Do\u011fru Haber","publisher":{"@id":"https:\/\/memurunsesi.net\/#organization"},"potentialAction":[{"@type":"SearchAction","target":{"@type":"EntryPoint","urlTemplate":"https:\/\/memurunsesi.net\/?s={search_term_string}"},"query-input":{"@type":"PropertyValueSpecification","valueRequired":true,"valueName":"search_term_string"}}],"inLanguage":"tr"},{"@type":"Organization","@id":"https:\/\/memurunsesi.net\/#organization","name":"Memurun Sesi","url":"https:\/\/memurunsesi.net\/","logo":{"@type":"ImageObject","inLanguage":"tr","@id":"https:\/\/memurunsesi.net\/#\/schema\/logo\/image\/","url":"https:\/\/memurunsesi.net\/wp-content\/uploads\/2025\/11\/cropped-MEMURUN-SESI.png","contentUrl":"https:\/\/memurunsesi.net\/wp-content\/uploads\/2025\/11\/cropped-MEMURUN-SESI.png","width":238,"height":57,"caption":"Memurun Sesi"},"image":{"@id":"https:\/\/memurunsesi.net\/#\/schema\/logo\/image\/"},"sameAs":["https:\/\/www.facebook.com\/unipersen\/?locale=tr_TR","https:\/\/x.com\/unipersen"]},{"@type":"Person","@id":"https:\/\/memurunsesi.net\/#\/schema\/person\/f21c2d73b89f6ee1d80b0a1803e38587","name":"Memurun Sesi Haber Merkezi","image":{"@type":"ImageObject","inLanguage":"tr","@id":"https:\/\/secure.gravatar.com\/avatar\/6cf0505f452ee753f485014986fab09a434671d2b919ee76fc541025c5876a70?s=96&d=mm&r=g","url":"https:\/\/secure.gravatar.com\/avatar\/6cf0505f452ee753f485014986fab09a434671d2b919ee76fc541025c5876a70?s=96&d=mm&r=g","contentUrl":"https:\/\/secure.gravatar.com\/avatar\/6cf0505f452ee753f485014986fab09a434671d2b919ee76fc541025c5876a70?s=96&d=mm&r=g","caption":"Memurun Sesi Haber Merkezi"},"sameAs":["https:\/\/memurunsesi.net"],"url":"https:\/\/memurunsesi.net\/index.php\/author\/uniper\/"}]}},"_links":{"self":[{"href":"https:\/\/memurunsesi.net\/index.php\/wp-json\/wp\/v2\/posts\/6611","targetHints":{"allow":["GET"]}}],"collection":[{"href":"https:\/\/memurunsesi.net\/index.php\/wp-json\/wp\/v2\/posts"}],"about":[{"href":"https:\/\/memurunsesi.net\/index.php\/wp-json\/wp\/v2\/types\/post"}],"author":[{"embeddable":true,"href":"https:\/\/memurunsesi.net\/index.php\/wp-json\/wp\/v2\/users\/1"}],"replies":[{"embeddable":true,"href":"https:\/\/memurunsesi.net\/index.php\/wp-json\/wp\/v2\/comments?post=6611"}],"version-history":[{"count":1,"href":"https:\/\/memurunsesi.net\/index.php\/wp-json\/wp\/v2\/posts\/6611\/revisions"}],"predecessor-version":[{"id":6613,"href":"https:\/\/memurunsesi.net\/index.php\/wp-json\/wp\/v2\/posts\/6611\/revisions\/6613"}],"wp:featuredmedia":[{"embeddable":true,"href":"https:\/\/memurunsesi.net\/index.php\/wp-json\/wp\/v2\/media\/6612"}],"wp:attachment":[{"href":"https:\/\/memurunsesi.net\/index.php\/wp-json\/wp\/v2\/media?parent=6611"}],"wp:term":[{"taxonomy":"category","embeddable":true,"href":"https:\/\/memurunsesi.net\/index.php\/wp-json\/wp\/v2\/categories?post=6611"},{"taxonomy":"post_tag","embeddable":true,"href":"https:\/\/memurunsesi.net\/index.php\/wp-json\/wp\/v2\/tags?post=6611"}],"curies":[{"name":"wp","href":"https:\/\/api.w.org\/{rel}","templated":true}]}}