{"id":6627,"date":"2025-05-06T08:31:47","date_gmt":"2025-05-06T05:31:47","guid":{"rendered":"https:\/\/memurunsesi.net\/?p=6627"},"modified":"2025-05-06T08:31:47","modified_gmt":"2025-05-06T05:31:47","slug":"damla-nur-yilmaz-ve-emir-percin-milli-takimda","status":"publish","type":"post","link":"https:\/\/memurunsesi.net\/index.php\/2025\/05\/06\/damla-nur-yilmaz-ve-emir-percin-milli-takimda\/","title":{"rendered":"Damla Nur Y\u0131lmaz ve Emir Per\u00e7in Milli tak\u0131mda"},"content":{"rendered":"<p> D\u00fczceli Taekwondo milli sporcular\u0131 Damla Nur Y\u0131lmaz ve Emir Per\u00e7in, Avrupa Ba\u015fkanl\u0131k Kupas\u0131nda milli forma ile \u00fclkemizi temsil etmeye hak kazand\u0131lar.<br \/>\nSamsun&#8217;da d\u00fczenlenen \u00dcmitler Milli Tak\u0131m se\u00e7melerinde D\u00fczceli sporcular Damla Nur Y\u0131lmaz ve Emir Per\u00e7in t\u00fcm rakiplerini geride b\u0131rakarak k\u00fcrs\u00fcn\u00fcn sahibi oldular.<br \/>\n\u00dcmitler Milli Tak\u0131m se\u00e7melerinde birincilik elde eden Taekwondo milli sporcular\u0131 Damla Nur Y\u0131lmaz ve Emir Per\u00e7in, Bulgaristan&#8217;\u0131n ba\u015fkenti Sofya&#8217;da yap\u0131lacak Wt Avrupa Ba\u015fkanl\u0131k Kupas\u0131nda milli forma ile \u00fclkemizi temsil edecekler.  <\/p>\n<p>6.05.2025                          <\/p>\n","protected":false},"excerpt":{"rendered":"<p>D\u00fczceli Taekwondo milli sporcular\u0131 Damla Nur Y\u0131lmaz ve Emir Per\u00e7in, Avrupa Ba\u015fkanl\u0131k Kupas\u0131nda milli forma ile \u00fclkemizi temsil etmeye hak kazand\u0131lar. Samsun&#8217;da d\u00fczenlenen \u00dcmitler Milli Tak\u0131m se\u00e7melerinde D\u00fczceli sporcular Damla Nur Y\u0131lmaz ve Emir Per\u00e7in t\u00fcm rakiplerini geride b\u0131rakarak k\u00fcrs\u00fcn\u00fcn sahibi oldular. \u00dcmitler Milli Tak\u0131m se\u00e7melerinde birincilik elde eden Taekwondo milli sporcular\u0131 Damla Nur Y\u0131lmaz [&hellip;]<\/p>\n","protected":false},"author":1,"featured_media":6628,"comment_status":"open","ping_status":"open","sticky":false,"template":"","format":"standard","meta":{"footnotes":""},"categories":[57],"tags":[],"class_list":["post-6627","post","type-post","status-publish","format-standard","has-post-thumbnail","hentry","category-spor"],"yoast_head":"<!-- This site is optimized with the Yoast SEO plugin v27.4 - https:\/\/yoast.com\/product\/yoast-seo-wordpress\/ -->\n<title>Damla Nur Y\u0131lmaz ve Emir Per\u00e7in Milli tak\u0131mda - Memurun Sesi<\/title>\n<meta name=\"robots\" content=\"index, follow, max-snippet:-1, max-image-preview:large, max-video-preview:-1\" \/>\n<link rel=\"canonical\" href=\"https:\/\/memurunsesi.net\/index.php\/2025\/05\/06\/damla-nur-yilmaz-ve-emir-percin-milli-takimda\/\" \/>\n<meta property=\"og:locale\" content=\"tr_TR\" \/>\n<meta property=\"og:type\" content=\"article\" \/>\n<meta property=\"og:title\" content=\"Damla Nur Y\u0131lmaz ve Emir Per\u00e7in Milli tak\u0131mda - Memurun Sesi\" \/>\n<meta property=\"og:description\" content=\"D\u00fczceli Taekwondo milli sporcular\u0131 Damla Nur Y\u0131lmaz ve Emir Per\u00e7in, Avrupa Ba\u015fkanl\u0131k Kupas\u0131nda milli forma ile \u00fclkemizi temsil etmeye hak kazand\u0131lar. Samsun&#8217;da d\u00fczenlenen \u00dcmitler Milli Tak\u0131m se\u00e7melerinde D\u00fczceli sporcular Damla Nur Y\u0131lmaz ve Emir Per\u00e7in t\u00fcm rakiplerini geride b\u0131rakarak k\u00fcrs\u00fcn\u00fcn sahibi oldular. \u00dcmitler Milli Tak\u0131m se\u00e7melerinde birincilik elde eden Taekwondo milli sporcular\u0131 Damla Nur Y\u0131lmaz [&hellip;]\" \/>\n<meta property=\"og:url\" content=\"https:\/\/memurunsesi.net\/index.php\/2025\/05\/06\/damla-nur-yilmaz-ve-emir-percin-milli-takimda\/\" \/>\n<meta property=\"og:site_name\" content=\"Memurun Sesi\" \/>\n<meta property=\"article:publisher\" content=\"https:\/\/www.facebook.com\/unipersen\/?locale=tr_TR\" \/>\n<meta property=\"article:published_time\" content=\"2025-05-06T05:31:47+00:00\" \/>\n<meta property=\"og:image\" content=\"https:\/\/memurunsesi.net\/wp-content\/uploads\/2025\/05\/AW447976_01.jpg\" \/>\n\t<meta property=\"og:image:width\" content=\"1600\" \/>\n\t<meta property=\"og:image:height\" content=\"1200\" \/>\n\t<meta property=\"og:image:type\" content=\"image\/jpeg\" \/>\n<meta name=\"author\" content=\"Memurun Sesi Haber Merkezi\" \/>\n<meta name=\"twitter:card\" content=\"summary_large_image\" \/>\n<meta name=\"twitter:creator\" content=\"@unipersen\" \/>\n<meta name=\"twitter:site\" content=\"@unipersen\" \/>\n<meta name=\"twitter:label1\" content=\"Yazan:\" \/>\n\t<meta name=\"twitter:data1\" content=\"Memurun Sesi Haber Merkezi\" \/>\n\t<meta name=\"twitter:label2\" content=\"Tahmini okuma s\u00fcresi\" \/>\n\t<meta name=\"twitter:data2\" content=\"1 dakika\" \/>\n<script type=\"application\/ld+json\" class=\"yoast-schema-graph\">{\"@context\":\"https:\\\/\\\/schema.org\",\"@graph\":[{\"@type\":\"Article\",\"@id\":\"https:\\\/\\\/memurunsesi.net\\\/index.php\\\/2025\\\/05\\\/06\\\/damla-nur-yilmaz-ve-emir-percin-milli-takimda\\\/#article\",\"isPartOf\":{\"@id\":\"https:\\\/\\\/memurunsesi.net\\\/index.php\\\/2025\\\/05\\\/06\\\/damla-nur-yilmaz-ve-emir-percin-milli-takimda\\\/\"},\"author\":{\"name\":\"Memurun Sesi Haber Merkezi\",\"@id\":\"https:\\\/\\\/memurunsesi.net\\\/#\\\/schema\\\/person\\\/f21c2d73b89f6ee1d80b0a1803e38587\"},\"headline\":\"Damla Nur Y\u0131lmaz ve Emir Per\u00e7in Milli tak\u0131mda\",\"datePublished\":\"2025-05-06T05:31:47+00:00\",\"mainEntityOfPage\":{\"@id\":\"https:\\\/\\\/memurunsesi.net\\\/index.php\\\/2025\\\/05\\\/06\\\/damla-nur-yilmaz-ve-emir-percin-milli-takimda\\\/\"},\"wordCount\":113,\"commentCount\":0,\"publisher\":{\"@id\":\"https:\\\/\\\/memurunsesi.net\\\/#organization\"},\"image\":{\"@id\":\"https:\\\/\\\/memurunsesi.net\\\/index.php\\\/2025\\\/05\\\/06\\\/damla-nur-yilmaz-ve-emir-percin-milli-takimda\\\/#primaryimage\"},\"thumbnailUrl\":\"https:\\\/\\\/memurunsesi.net\\\/wp-content\\\/uploads\\\/2025\\\/05\\\/AW447976_01.jpg\",\"articleSection\":[\"Spor\"],\"inLanguage\":\"tr\",\"potentialAction\":[{\"@type\":\"CommentAction\",\"name\":\"Comment\",\"target\":[\"https:\\\/\\\/memurunsesi.net\\\/index.php\\\/2025\\\/05\\\/06\\\/damla-nur-yilmaz-ve-emir-percin-milli-takimda\\\/#respond\"]}]},{\"@type\":\"WebPage\",\"@id\":\"https:\\\/\\\/memurunsesi.net\\\/index.php\\\/2025\\\/05\\\/06\\\/damla-nur-yilmaz-ve-emir-percin-milli-takimda\\\/\",\"url\":\"https:\\\/\\\/memurunsesi.net\\\/index.php\\\/2025\\\/05\\\/06\\\/damla-nur-yilmaz-ve-emir-percin-milli-takimda\\\/\",\"name\":\"Damla Nur Y\u0131lmaz ve Emir Per\u00e7in Milli tak\u0131mda - Memurun Sesi\",\"isPartOf\":{\"@id\":\"https:\\\/\\\/memurunsesi.net\\\/#website\"},\"primaryImageOfPage\":{\"@id\":\"https:\\\/\\\/memurunsesi.net\\\/index.php\\\/2025\\\/05\\\/06\\\/damla-nur-yilmaz-ve-emir-percin-milli-takimda\\\/#primaryimage\"},\"image\":{\"@id\":\"https:\\\/\\\/memurunsesi.net\\\/index.php\\\/2025\\\/05\\\/06\\\/damla-nur-yilmaz-ve-emir-percin-milli-takimda\\\/#primaryimage\"},\"thumbnailUrl\":\"https:\\\/\\\/memurunsesi.net\\\/wp-content\\\/uploads\\\/2025\\\/05\\\/AW447976_01.jpg\",\"datePublished\":\"2025-05-06T05:31:47+00:00\",\"breadcrumb\":{\"@id\":\"https:\\\/\\\/memurunsesi.net\\\/index.php\\\/2025\\\/05\\\/06\\\/damla-nur-yilmaz-ve-emir-percin-milli-takimda\\\/#breadcrumb\"},\"inLanguage\":\"tr\",\"potentialAction\":[{\"@type\":\"ReadAction\",\"target\":[\"https:\\\/\\\/memurunsesi.net\\\/index.php\\\/2025\\\/05\\\/06\\\/damla-nur-yilmaz-ve-emir-percin-milli-takimda\\\/\"]}]},{\"@type\":\"ImageObject\",\"inLanguage\":\"tr\",\"@id\":\"https:\\\/\\\/memurunsesi.net\\\/index.php\\\/2025\\\/05\\\/06\\\/damla-nur-yilmaz-ve-emir-percin-milli-takimda\\\/#primaryimage\",\"url\":\"https:\\\/\\\/memurunsesi.net\\\/wp-content\\\/uploads\\\/2025\\\/05\\\/AW447976_01.jpg\",\"contentUrl\":\"https:\\\/\\\/memurunsesi.net\\\/wp-content\\\/uploads\\\/2025\\\/05\\\/AW447976_01.jpg\",\"width\":1600,\"height\":1200,\"caption\":\"D\u00dcZCEL\u0130 TAEKWONDO M\u0130LL\u0130 SPORCULARI DAMLA NUR YILMAZ VE EM\u0130R PER\u00c7\u0130N, AVRUPA BA\u015eKANLIK KUPASINDA M\u0130LL\u0130 FORMA \u0130LE \u00dcLKEM\u0130Z\u0130 TEMS\u0130L ETMEYE HAK KAZANDILAR. (AL\u0130 YILDIZ\\\/D\u00dcZCE-\u0130HA) D\u00fczceli Taekwondo milli sporcular\u0131 Damla Nur Y\u0131lmaz ve Emir Per\u00e7in, Avrupa Ba\u015fkanl\u0131k Kupas\u0131nda milli forma ile \u00fclkemizi temsil etmeye hak kazand\u0131lar.\"},{\"@type\":\"BreadcrumbList\",\"@id\":\"https:\\\/\\\/memurunsesi.net\\\/index.php\\\/2025\\\/05\\\/06\\\/damla-nur-yilmaz-ve-emir-percin-milli-takimda\\\/#breadcrumb\",\"itemListElement\":[{\"@type\":\"ListItem\",\"position\":1,\"name\":\"Anasayfa\",\"item\":\"https:\\\/\\\/memurunsesi.net\\\/\"},{\"@type\":\"ListItem\",\"position\":2,\"name\":\"Damla Nur Y\u0131lmaz ve Emir Per\u00e7in Milli tak\u0131mda\"}]},{\"@type\":\"WebSite\",\"@id\":\"https:\\\/\\\/memurunsesi.net\\\/#website\",\"url\":\"https:\\\/\\\/memurunsesi.net\\\/\",\"name\":\"Memurun Sesi\",\"description\":\"G\u00fcncel ve Do\u011fru Haber\",\"publisher\":{\"@id\":\"https:\\\/\\\/memurunsesi.net\\\/#organization\"},\"potentialAction\":[{\"@type\":\"SearchAction\",\"target\":{\"@type\":\"EntryPoint\",\"urlTemplate\":\"https:\\\/\\\/memurunsesi.net\\\/?s={search_term_string}\"},\"query-input\":{\"@type\":\"PropertyValueSpecification\",\"valueRequired\":true,\"valueName\":\"search_term_string\"}}],\"inLanguage\":\"tr\"},{\"@type\":\"Organization\",\"@id\":\"https:\\\/\\\/memurunsesi.net\\\/#organization\",\"name\":\"Memurun Sesi\",\"url\":\"https:\\\/\\\/memurunsesi.net\\\/\",\"logo\":{\"@type\":\"ImageObject\",\"inLanguage\":\"tr\",\"@id\":\"https:\\\/\\\/memurunsesi.net\\\/#\\\/schema\\\/logo\\\/image\\\/\",\"url\":\"https:\\\/\\\/memurunsesi.net\\\/wp-content\\\/uploads\\\/2025\\\/11\\\/cropped-MEMURUN-SESI.png\",\"contentUrl\":\"https:\\\/\\\/memurunsesi.net\\\/wp-content\\\/uploads\\\/2025\\\/11\\\/cropped-MEMURUN-SESI.png\",\"width\":238,\"height\":57,\"caption\":\"Memurun Sesi\"},\"image\":{\"@id\":\"https:\\\/\\\/memurunsesi.net\\\/#\\\/schema\\\/logo\\\/image\\\/\"},\"sameAs\":[\"https:\\\/\\\/www.facebook.com\\\/unipersen\\\/?locale=tr_TR\",\"https:\\\/\\\/x.com\\\/unipersen\"]},{\"@type\":\"Person\",\"@id\":\"https:\\\/\\\/memurunsesi.net\\\/#\\\/schema\\\/person\\\/f21c2d73b89f6ee1d80b0a1803e38587\",\"name\":\"Memurun Sesi Haber Merkezi\",\"image\":{\"@type\":\"ImageObject\",\"inLanguage\":\"tr\",\"@id\":\"https:\\\/\\\/secure.gravatar.com\\\/avatar\\\/6cf0505f452ee753f485014986fab09a434671d2b919ee76fc541025c5876a70?s=96&d=mm&r=g\",\"url\":\"https:\\\/\\\/secure.gravatar.com\\\/avatar\\\/6cf0505f452ee753f485014986fab09a434671d2b919ee76fc541025c5876a70?s=96&d=mm&r=g\",\"contentUrl\":\"https:\\\/\\\/secure.gravatar.com\\\/avatar\\\/6cf0505f452ee753f485014986fab09a434671d2b919ee76fc541025c5876a70?s=96&d=mm&r=g\",\"caption\":\"Memurun Sesi Haber Merkezi\"},\"sameAs\":[\"https:\\\/\\\/memurunsesi.net\"],\"url\":\"https:\\\/\\\/memurunsesi.net\\\/index.php\\\/author\\\/uniper\\\/\"}]}<\/script>\n<!-- \/ Yoast SEO plugin. -->","yoast_head_json":{"title":"Damla Nur Y\u0131lmaz ve Emir Per\u00e7in Milli tak\u0131mda - Memurun Sesi","robots":{"index":"index","follow":"follow","max-snippet":"max-snippet:-1","max-image-preview":"max-image-preview:large","max-video-preview":"max-video-preview:-1"},"canonical":"https:\/\/memurunsesi.net\/index.php\/2025\/05\/06\/damla-nur-yilmaz-ve-emir-percin-milli-takimda\/","og_locale":"tr_TR","og_type":"article","og_title":"Damla Nur Y\u0131lmaz ve Emir Per\u00e7in Milli tak\u0131mda - Memurun Sesi","og_description":"D\u00fczceli Taekwondo milli sporcular\u0131 Damla Nur Y\u0131lmaz ve Emir Per\u00e7in, Avrupa Ba\u015fkanl\u0131k Kupas\u0131nda milli forma ile \u00fclkemizi temsil etmeye hak kazand\u0131lar. Samsun&#8217;da d\u00fczenlenen \u00dcmitler Milli Tak\u0131m se\u00e7melerinde D\u00fczceli sporcular Damla Nur Y\u0131lmaz ve Emir Per\u00e7in t\u00fcm rakiplerini geride b\u0131rakarak k\u00fcrs\u00fcn\u00fcn sahibi oldular. \u00dcmitler Milli Tak\u0131m se\u00e7melerinde birincilik elde eden Taekwondo milli sporcular\u0131 Damla Nur Y\u0131lmaz [&hellip;]","og_url":"https:\/\/memurunsesi.net\/index.php\/2025\/05\/06\/damla-nur-yilmaz-ve-emir-percin-milli-takimda\/","og_site_name":"Memurun Sesi","article_publisher":"https:\/\/www.facebook.com\/unipersen\/?locale=tr_TR","article_published_time":"2025-05-06T05:31:47+00:00","og_image":[{"width":1600,"height":1200,"url":"https:\/\/memurunsesi.net\/wp-content\/uploads\/2025\/05\/AW447976_01.jpg","type":"image\/jpeg"}],"author":"Memurun Sesi Haber Merkezi","twitter_card":"summary_large_image","twitter_creator":"@unipersen","twitter_site":"@unipersen","twitter_misc":{"Yazan:":"Memurun Sesi Haber Merkezi","Tahmini okuma s\u00fcresi":"1 dakika"},"schema":{"@context":"https:\/\/schema.org","@graph":[{"@type":"Article","@id":"https:\/\/memurunsesi.net\/index.php\/2025\/05\/06\/damla-nur-yilmaz-ve-emir-percin-milli-takimda\/#article","isPartOf":{"@id":"https:\/\/memurunsesi.net\/index.php\/2025\/05\/06\/damla-nur-yilmaz-ve-emir-percin-milli-takimda\/"},"author":{"name":"Memurun Sesi Haber Merkezi","@id":"https:\/\/memurunsesi.net\/#\/schema\/person\/f21c2d73b89f6ee1d80b0a1803e38587"},"headline":"Damla Nur Y\u0131lmaz ve Emir Per\u00e7in Milli tak\u0131mda","datePublished":"2025-05-06T05:31:47+00:00","mainEntityOfPage":{"@id":"https:\/\/memurunsesi.net\/index.php\/2025\/05\/06\/damla-nur-yilmaz-ve-emir-percin-milli-takimda\/"},"wordCount":113,"commentCount":0,"publisher":{"@id":"https:\/\/memurunsesi.net\/#organization"},"image":{"@id":"https:\/\/memurunsesi.net\/index.php\/2025\/05\/06\/damla-nur-yilmaz-ve-emir-percin-milli-takimda\/#primaryimage"},"thumbnailUrl":"https:\/\/memurunsesi.net\/wp-content\/uploads\/2025\/05\/AW447976_01.jpg","articleSection":["Spor"],"inLanguage":"tr","potentialAction":[{"@type":"CommentAction","name":"Comment","target":["https:\/\/memurunsesi.net\/index.php\/2025\/05\/06\/damla-nur-yilmaz-ve-emir-percin-milli-takimda\/#respond"]}]},{"@type":"WebPage","@id":"https:\/\/memurunsesi.net\/index.php\/2025\/05\/06\/damla-nur-yilmaz-ve-emir-percin-milli-takimda\/","url":"https:\/\/memurunsesi.net\/index.php\/2025\/05\/06\/damla-nur-yilmaz-ve-emir-percin-milli-takimda\/","name":"Damla Nur Y\u0131lmaz ve Emir Per\u00e7in Milli tak\u0131mda - Memurun Sesi","isPartOf":{"@id":"https:\/\/memurunsesi.net\/#website"},"primaryImageOfPage":{"@id":"https:\/\/memurunsesi.net\/index.php\/2025\/05\/06\/damla-nur-yilmaz-ve-emir-percin-milli-takimda\/#primaryimage"},"image":{"@id":"https:\/\/memurunsesi.net\/index.php\/2025\/05\/06\/damla-nur-yilmaz-ve-emir-percin-milli-takimda\/#primaryimage"},"thumbnailUrl":"https:\/\/memurunsesi.net\/wp-content\/uploads\/2025\/05\/AW447976_01.jpg","datePublished":"2025-05-06T05:31:47+00:00","breadcrumb":{"@id":"https:\/\/memurunsesi.net\/index.php\/2025\/05\/06\/damla-nur-yilmaz-ve-emir-percin-milli-takimda\/#breadcrumb"},"inLanguage":"tr","potentialAction":[{"@type":"ReadAction","target":["https:\/\/memurunsesi.net\/index.php\/2025\/05\/06\/damla-nur-yilmaz-ve-emir-percin-milli-takimda\/"]}]},{"@type":"ImageObject","inLanguage":"tr","@id":"https:\/\/memurunsesi.net\/index.php\/2025\/05\/06\/damla-nur-yilmaz-ve-emir-percin-milli-takimda\/#primaryimage","url":"https:\/\/memurunsesi.net\/wp-content\/uploads\/2025\/05\/AW447976_01.jpg","contentUrl":"https:\/\/memurunsesi.net\/wp-content\/uploads\/2025\/05\/AW447976_01.jpg","width":1600,"height":1200,"caption":"D\u00dcZCEL\u0130 TAEKWONDO M\u0130LL\u0130 SPORCULARI DAMLA NUR YILMAZ VE EM\u0130R PER\u00c7\u0130N, AVRUPA BA\u015eKANLIK KUPASINDA M\u0130LL\u0130 FORMA \u0130LE \u00dcLKEM\u0130Z\u0130 TEMS\u0130L ETMEYE HAK KAZANDILAR. (AL\u0130 YILDIZ\/D\u00dcZCE-\u0130HA) D\u00fczceli Taekwondo milli sporcular\u0131 Damla Nur Y\u0131lmaz ve Emir Per\u00e7in, Avrupa Ba\u015fkanl\u0131k Kupas\u0131nda milli forma ile \u00fclkemizi temsil etmeye hak kazand\u0131lar."},{"@type":"BreadcrumbList","@id":"https:\/\/memurunsesi.net\/index.php\/2025\/05\/06\/damla-nur-yilmaz-ve-emir-percin-milli-takimda\/#breadcrumb","itemListElement":[{"@type":"ListItem","position":1,"name":"Anasayfa","item":"https:\/\/memurunsesi.net\/"},{"@type":"ListItem","position":2,"name":"Damla Nur Y\u0131lmaz ve Emir Per\u00e7in Milli tak\u0131mda"}]},{"@type":"WebSite","@id":"https:\/\/memurunsesi.net\/#website","url":"https:\/\/memurunsesi.net\/","name":"Memurun Sesi","description":"G\u00fcncel ve Do\u011fru Haber","publisher":{"@id":"https:\/\/memurunsesi.net\/#organization"},"potentialAction":[{"@type":"SearchAction","target":{"@type":"EntryPoint","urlTemplate":"https:\/\/memurunsesi.net\/?s={search_term_string}"},"query-input":{"@type":"PropertyValueSpecification","valueRequired":true,"valueName":"search_term_string"}}],"inLanguage":"tr"},{"@type":"Organization","@id":"https:\/\/memurunsesi.net\/#organization","name":"Memurun Sesi","url":"https:\/\/memurunsesi.net\/","logo":{"@type":"ImageObject","inLanguage":"tr","@id":"https:\/\/memurunsesi.net\/#\/schema\/logo\/image\/","url":"https:\/\/memurunsesi.net\/wp-content\/uploads\/2025\/11\/cropped-MEMURUN-SESI.png","contentUrl":"https:\/\/memurunsesi.net\/wp-content\/uploads\/2025\/11\/cropped-MEMURUN-SESI.png","width":238,"height":57,"caption":"Memurun Sesi"},"image":{"@id":"https:\/\/memurunsesi.net\/#\/schema\/logo\/image\/"},"sameAs":["https:\/\/www.facebook.com\/unipersen\/?locale=tr_TR","https:\/\/x.com\/unipersen"]},{"@type":"Person","@id":"https:\/\/memurunsesi.net\/#\/schema\/person\/f21c2d73b89f6ee1d80b0a1803e38587","name":"Memurun Sesi Haber Merkezi","image":{"@type":"ImageObject","inLanguage":"tr","@id":"https:\/\/secure.gravatar.com\/avatar\/6cf0505f452ee753f485014986fab09a434671d2b919ee76fc541025c5876a70?s=96&d=mm&r=g","url":"https:\/\/secure.gravatar.com\/avatar\/6cf0505f452ee753f485014986fab09a434671d2b919ee76fc541025c5876a70?s=96&d=mm&r=g","contentUrl":"https:\/\/secure.gravatar.com\/avatar\/6cf0505f452ee753f485014986fab09a434671d2b919ee76fc541025c5876a70?s=96&d=mm&r=g","caption":"Memurun Sesi Haber Merkezi"},"sameAs":["https:\/\/memurunsesi.net"],"url":"https:\/\/memurunsesi.net\/index.php\/author\/uniper\/"}]}},"_links":{"self":[{"href":"https:\/\/memurunsesi.net\/index.php\/wp-json\/wp\/v2\/posts\/6627","targetHints":{"allow":["GET"]}}],"collection":[{"href":"https:\/\/memurunsesi.net\/index.php\/wp-json\/wp\/v2\/posts"}],"about":[{"href":"https:\/\/memurunsesi.net\/index.php\/wp-json\/wp\/v2\/types\/post"}],"author":[{"embeddable":true,"href":"https:\/\/memurunsesi.net\/index.php\/wp-json\/wp\/v2\/users\/1"}],"replies":[{"embeddable":true,"href":"https:\/\/memurunsesi.net\/index.php\/wp-json\/wp\/v2\/comments?post=6627"}],"version-history":[{"count":1,"href":"https:\/\/memurunsesi.net\/index.php\/wp-json\/wp\/v2\/posts\/6627\/revisions"}],"predecessor-version":[{"id":6629,"href":"https:\/\/memurunsesi.net\/index.php\/wp-json\/wp\/v2\/posts\/6627\/revisions\/6629"}],"wp:featuredmedia":[{"embeddable":true,"href":"https:\/\/memurunsesi.net\/index.php\/wp-json\/wp\/v2\/media\/6628"}],"wp:attachment":[{"href":"https:\/\/memurunsesi.net\/index.php\/wp-json\/wp\/v2\/media?parent=6627"}],"wp:term":[{"taxonomy":"category","embeddable":true,"href":"https:\/\/memurunsesi.net\/index.php\/wp-json\/wp\/v2\/categories?post=6627"},{"taxonomy":"post_tag","embeddable":true,"href":"https:\/\/memurunsesi.net\/index.php\/wp-json\/wp\/v2\/tags?post=6627"}],"curies":[{"name":"wp","href":"https:\/\/api.w.org\/{rel}","templated":true}]}}