{"id":6633,"date":"2025-05-06T08:35:45","date_gmt":"2025-05-06T05:35:45","guid":{"rendered":"https:\/\/memurunsesi.net\/?p=6633"},"modified":"2025-05-06T08:35:45","modified_gmt":"2025-05-06T05:35:45","slug":"21-ayri-motosiklet-hirsizliginin-faili-iki-kardes-34-kameradan-112-saat-goruntunun-izlenmesiyle-tespit-edildi","status":"publish","type":"post","link":"https:\/\/memurunsesi.net\/index.php\/2025\/05\/06\/21-ayri-motosiklet-hirsizliginin-faili-iki-kardes-34-kameradan-112-saat-goruntunun-izlenmesiyle-tespit-edildi\/","title":{"rendered":"21 ayr\u0131 motosiklet h\u0131rs\u0131zl\u0131\u011f\u0131n\u0131n faili iki karde\u015f 34 kameradan 112 saat g\u00f6r\u00fcnt\u00fcn\u00fcn izlenmesiyle tespit edildi"},"content":{"rendered":"<p> Diyarbak\u0131r&#8217;da 21 ayr\u0131 motosiklet h\u0131rs\u0131zl\u0131\u011f\u0131n\u0131n faili iki karde\u015f, 34 kameradan 112 saat g\u00f6r\u00fcnt\u00fcn\u00fcn izlenmesiyle tespit edildi. 2 milyon de\u011ferinde vurgun yapan karde\u015fler tutukland\u0131.<br \/>\n  \u0130l Emniyet M\u00fcd\u00fcrl\u00fc\u011f\u00fc Asayi\u015f \u015eube M\u00fcd\u00fcrl\u00fc\u011f\u00fc Oto H\u0131rs\u0131zl\u0131\u011f\u0131 ekipleri, kent genelinde meydana gelen 21 ayr\u0131 motosiklet h\u0131rs\u0131zl\u0131\u011f\u0131 olay\u0131n\u0131n ayd\u0131nlat\u0131lmas\u0131na y\u00f6nelik operasyon ger\u00e7ekle\u015ftirdi.<br \/>\n  21 ayr\u0131 olayda maddi de\u011feri 2 milyonluk vurgun yapan \u015f\u00fcphelilerin, toplam 34 farkl\u0131 kameradan 112 saat g\u00f6r\u00fcnt\u00fc izlenerek iki karde\u015f oldu\u011fu tespit edildi. Daha \u00f6nceden \u00e7ald\u0131klar\u0131 motosiklet ile olay yerine gelen karde\u015fler, marka ve modeli daha y\u00fcksek bir motosiklet \u00e7ald\u0131.<br \/>\n  Delilleri tek tek toplayan ekipler, operasyon i\u00e7in d\u00fc\u011fmeye bast\u0131. 2 karde\u015f \u015fafak vakti evlerine yap\u0131lan operasyon ile g\u00f6zalt\u0131na al\u0131nd\u0131.<br \/>\n  \u015e\u00fcphelilerin ikametlerinde yap\u0131lan aramalarda bir adet ruhsats\u0131z tabanca, \u00e7al\u0131nt\u0131 bir motosiklete ait ruhsat ve h\u0131rs\u0131zl\u0131k an\u0131nda kullan\u0131lan y\u00fcz maskesi ile motosiklet kask\u0131 ele ge\u00e7irildi.<br \/>\n  Karde\u015fler tutukland\u0131, \u00e7ok say\u0131da motosiklet sahiplerine teslim edildi<br \/>\n  21 ayr\u0131 olaya kar\u0131\u015ft\u0131\u011f\u0131 tespit edilen 2 karde\u015f \u00e7\u0131kar\u0131ld\u0131klar\u0131 adli makamlar taraf\u0131ndan tutuklanarak cezaevine g\u00f6nderilirken, ele ge\u00e7irilen \u00e7ok say\u0131da motosiklet sahiplerine teslim edildi. <\/p>\n<p>6.05.2025            <\/p>\n","protected":false},"excerpt":{"rendered":"<p>Diyarbak\u0131r&#8217;da 21 ayr\u0131 motosiklet h\u0131rs\u0131zl\u0131\u011f\u0131n\u0131n faili iki karde\u015f, 34 kameradan 112 saat g\u00f6r\u00fcnt\u00fcn\u00fcn izlenmesiyle tespit edildi. 2 milyon de\u011ferinde vurgun yapan karde\u015fler tutukland\u0131. \u0130l Emniyet M\u00fcd\u00fcrl\u00fc\u011f\u00fc Asayi\u015f \u015eube M\u00fcd\u00fcrl\u00fc\u011f\u00fc Oto H\u0131rs\u0131zl\u0131\u011f\u0131 ekipleri, kent genelinde meydana gelen 21 ayr\u0131 motosiklet h\u0131rs\u0131zl\u0131\u011f\u0131 olay\u0131n\u0131n ayd\u0131nlat\u0131lmas\u0131na y\u00f6nelik operasyon ger\u00e7ekle\u015ftirdi. 21 ayr\u0131 olayda maddi de\u011feri 2 milyonluk vurgun yapan \u015f\u00fcphelilerin, [&hellip;]<\/p>\n","protected":false},"author":1,"featured_media":6634,"comment_status":"open","ping_status":"open","sticky":false,"template":"","format":"standard","meta":{"footnotes":""},"categories":[45],"tags":[],"class_list":["post-6633","post","type-post","status-publish","format-standard","has-post-thumbnail","hentry","category-gundem"],"yoast_head":"<!-- This site is optimized with the Yoast SEO plugin v27.4 - https:\/\/yoast.com\/product\/yoast-seo-wordpress\/ -->\n<title>21 ayr\u0131 motosiklet h\u0131rs\u0131zl\u0131\u011f\u0131n\u0131n faili iki karde\u015f 34 kameradan 112 saat g\u00f6r\u00fcnt\u00fcn\u00fcn izlenmesiyle tespit edildi - Memurun Sesi<\/title>\n<meta name=\"robots\" content=\"index, follow, max-snippet:-1, max-image-preview:large, max-video-preview:-1\" \/>\n<link rel=\"canonical\" href=\"https:\/\/memurunsesi.net\/index.php\/2025\/05\/06\/21-ayri-motosiklet-hirsizliginin-faili-iki-kardes-34-kameradan-112-saat-goruntunun-izlenmesiyle-tespit-edildi\/\" \/>\n<meta property=\"og:locale\" content=\"tr_TR\" \/>\n<meta property=\"og:type\" content=\"article\" \/>\n<meta property=\"og:title\" content=\"21 ayr\u0131 motosiklet h\u0131rs\u0131zl\u0131\u011f\u0131n\u0131n faili iki karde\u015f 34 kameradan 112 saat g\u00f6r\u00fcnt\u00fcn\u00fcn izlenmesiyle tespit edildi - Memurun Sesi\" \/>\n<meta property=\"og:description\" content=\"Diyarbak\u0131r&#8217;da 21 ayr\u0131 motosiklet h\u0131rs\u0131zl\u0131\u011f\u0131n\u0131n faili iki karde\u015f, 34 kameradan 112 saat g\u00f6r\u00fcnt\u00fcn\u00fcn izlenmesiyle tespit edildi. 2 milyon de\u011ferinde vurgun yapan karde\u015fler tutukland\u0131. \u0130l Emniyet M\u00fcd\u00fcrl\u00fc\u011f\u00fc Asayi\u015f \u015eube M\u00fcd\u00fcrl\u00fc\u011f\u00fc Oto H\u0131rs\u0131zl\u0131\u011f\u0131 ekipleri, kent genelinde meydana gelen 21 ayr\u0131 motosiklet h\u0131rs\u0131zl\u0131\u011f\u0131 olay\u0131n\u0131n ayd\u0131nlat\u0131lmas\u0131na y\u00f6nelik operasyon ger\u00e7ekle\u015ftirdi. 21 ayr\u0131 olayda maddi de\u011feri 2 milyonluk vurgun yapan \u015f\u00fcphelilerin, [&hellip;]\" \/>\n<meta property=\"og:url\" content=\"https:\/\/memurunsesi.net\/index.php\/2025\/05\/06\/21-ayri-motosiklet-hirsizliginin-faili-iki-kardes-34-kameradan-112-saat-goruntunun-izlenmesiyle-tespit-edildi\/\" \/>\n<meta property=\"og:site_name\" content=\"Memurun Sesi\" \/>\n<meta property=\"article:publisher\" content=\"https:\/\/www.facebook.com\/unipersen\/?locale=tr_TR\" \/>\n<meta property=\"article:published_time\" content=\"2025-05-06T05:35:45+00:00\" \/>\n<meta property=\"og:image\" content=\"https:\/\/memurunsesi.net\/wp-content\/uploads\/2025\/05\/AW447973_03.jpg\" \/>\n\t<meta property=\"og:image:width\" content=\"1206\" \/>\n\t<meta property=\"og:image:height\" content=\"668\" \/>\n\t<meta property=\"og:image:type\" content=\"image\/jpeg\" \/>\n<meta name=\"author\" content=\"Memurun Sesi Haber Merkezi\" \/>\n<meta name=\"twitter:card\" content=\"summary_large_image\" \/>\n<meta name=\"twitter:creator\" content=\"@unipersen\" \/>\n<meta name=\"twitter:site\" content=\"@unipersen\" \/>\n<meta name=\"twitter:label1\" content=\"Yazan:\" \/>\n\t<meta name=\"twitter:data1\" content=\"Memurun Sesi Haber Merkezi\" \/>\n\t<meta name=\"twitter:label2\" content=\"Tahmini okuma s\u00fcresi\" \/>\n\t<meta name=\"twitter:data2\" content=\"1 dakika\" \/>\n<script type=\"application\/ld+json\" class=\"yoast-schema-graph\">{\"@context\":\"https:\\\/\\\/schema.org\",\"@graph\":[{\"@type\":\"Article\",\"@id\":\"https:\\\/\\\/memurunsesi.net\\\/index.php\\\/2025\\\/05\\\/06\\\/21-ayri-motosiklet-hirsizliginin-faili-iki-kardes-34-kameradan-112-saat-goruntunun-izlenmesiyle-tespit-edildi\\\/#article\",\"isPartOf\":{\"@id\":\"https:\\\/\\\/memurunsesi.net\\\/index.php\\\/2025\\\/05\\\/06\\\/21-ayri-motosiklet-hirsizliginin-faili-iki-kardes-34-kameradan-112-saat-goruntunun-izlenmesiyle-tespit-edildi\\\/\"},\"author\":{\"name\":\"Memurun Sesi Haber Merkezi\",\"@id\":\"https:\\\/\\\/memurunsesi.net\\\/#\\\/schema\\\/person\\\/f21c2d73b89f6ee1d80b0a1803e38587\"},\"headline\":\"21 ayr\u0131 motosiklet h\u0131rs\u0131zl\u0131\u011f\u0131n\u0131n faili iki karde\u015f 34 kameradan 112 saat g\u00f6r\u00fcnt\u00fcn\u00fcn izlenmesiyle tespit edildi\",\"datePublished\":\"2025-05-06T05:35:45+00:00\",\"mainEntityOfPage\":{\"@id\":\"https:\\\/\\\/memurunsesi.net\\\/index.php\\\/2025\\\/05\\\/06\\\/21-ayri-motosiklet-hirsizliginin-faili-iki-kardes-34-kameradan-112-saat-goruntunun-izlenmesiyle-tespit-edildi\\\/\"},\"wordCount\":227,\"commentCount\":0,\"publisher\":{\"@id\":\"https:\\\/\\\/memurunsesi.net\\\/#organization\"},\"image\":{\"@id\":\"https:\\\/\\\/memurunsesi.net\\\/index.php\\\/2025\\\/05\\\/06\\\/21-ayri-motosiklet-hirsizliginin-faili-iki-kardes-34-kameradan-112-saat-goruntunun-izlenmesiyle-tespit-edildi\\\/#primaryimage\"},\"thumbnailUrl\":\"https:\\\/\\\/memurunsesi.net\\\/wp-content\\\/uploads\\\/2025\\\/05\\\/AW447973_03.jpg\",\"articleSection\":[\"G\u00fcndem\"],\"inLanguage\":\"tr\",\"potentialAction\":[{\"@type\":\"CommentAction\",\"name\":\"Comment\",\"target\":[\"https:\\\/\\\/memurunsesi.net\\\/index.php\\\/2025\\\/05\\\/06\\\/21-ayri-motosiklet-hirsizliginin-faili-iki-kardes-34-kameradan-112-saat-goruntunun-izlenmesiyle-tespit-edildi\\\/#respond\"]}]},{\"@type\":\"WebPage\",\"@id\":\"https:\\\/\\\/memurunsesi.net\\\/index.php\\\/2025\\\/05\\\/06\\\/21-ayri-motosiklet-hirsizliginin-faili-iki-kardes-34-kameradan-112-saat-goruntunun-izlenmesiyle-tespit-edildi\\\/\",\"url\":\"https:\\\/\\\/memurunsesi.net\\\/index.php\\\/2025\\\/05\\\/06\\\/21-ayri-motosiklet-hirsizliginin-faili-iki-kardes-34-kameradan-112-saat-goruntunun-izlenmesiyle-tespit-edildi\\\/\",\"name\":\"21 ayr\u0131 motosiklet h\u0131rs\u0131zl\u0131\u011f\u0131n\u0131n faili iki karde\u015f 34 kameradan 112 saat g\u00f6r\u00fcnt\u00fcn\u00fcn izlenmesiyle tespit edildi - Memurun Sesi\",\"isPartOf\":{\"@id\":\"https:\\\/\\\/memurunsesi.net\\\/#website\"},\"primaryImageOfPage\":{\"@id\":\"https:\\\/\\\/memurunsesi.net\\\/index.php\\\/2025\\\/05\\\/06\\\/21-ayri-motosiklet-hirsizliginin-faili-iki-kardes-34-kameradan-112-saat-goruntunun-izlenmesiyle-tespit-edildi\\\/#primaryimage\"},\"image\":{\"@id\":\"https:\\\/\\\/memurunsesi.net\\\/index.php\\\/2025\\\/05\\\/06\\\/21-ayri-motosiklet-hirsizliginin-faili-iki-kardes-34-kameradan-112-saat-goruntunun-izlenmesiyle-tespit-edildi\\\/#primaryimage\"},\"thumbnailUrl\":\"https:\\\/\\\/memurunsesi.net\\\/wp-content\\\/uploads\\\/2025\\\/05\\\/AW447973_03.jpg\",\"datePublished\":\"2025-05-06T05:35:45+00:00\",\"breadcrumb\":{\"@id\":\"https:\\\/\\\/memurunsesi.net\\\/index.php\\\/2025\\\/05\\\/06\\\/21-ayri-motosiklet-hirsizliginin-faili-iki-kardes-34-kameradan-112-saat-goruntunun-izlenmesiyle-tespit-edildi\\\/#breadcrumb\"},\"inLanguage\":\"tr\",\"potentialAction\":[{\"@type\":\"ReadAction\",\"target\":[\"https:\\\/\\\/memurunsesi.net\\\/index.php\\\/2025\\\/05\\\/06\\\/21-ayri-motosiklet-hirsizliginin-faili-iki-kardes-34-kameradan-112-saat-goruntunun-izlenmesiyle-tespit-edildi\\\/\"]}]},{\"@type\":\"ImageObject\",\"inLanguage\":\"tr\",\"@id\":\"https:\\\/\\\/memurunsesi.net\\\/index.php\\\/2025\\\/05\\\/06\\\/21-ayri-motosiklet-hirsizliginin-faili-iki-kardes-34-kameradan-112-saat-goruntunun-izlenmesiyle-tespit-edildi\\\/#primaryimage\",\"url\":\"https:\\\/\\\/memurunsesi.net\\\/wp-content\\\/uploads\\\/2025\\\/05\\\/AW447973_03.jpg\",\"contentUrl\":\"https:\\\/\\\/memurunsesi.net\\\/wp-content\\\/uploads\\\/2025\\\/05\\\/AW447973_03.jpg\",\"width\":1206,\"height\":668,\"caption\":\"D\u0130YARBAKIR'DA 21 AYRI MOTOS\u0130KLET HIRSIZLI\u011eININ FA\u0130L\u0130 \u0130K\u0130 KARDE\u015e, 34 KAMERADAN 112 SAAT G\u00d6R\u00dcNT\u00dcN\u00dcN \u0130ZLENMES\u0130YLE TESP\u0130T ED\u0130LD\u0130. 2 M\u0130LYON DE\u011eER\u0130NDE VURGUN YAPAN KARDE\u015eLER TUTUKLANDI. (ZEHRA GAYRETL\u0130\\\/D\u0130YARBAKIR-\u0130HA) Diyarbak\u0131r'da 21 ayr\u0131 motosiklet h\u0131rs\u0131zl\u0131\u011f\u0131n\u0131n faili iki karde\u015f, 34 kameradan 112 saat g\u00f6r\u00fcnt\u00fcn\u00fcn izlenmesiyle tespit edildi. 2 milyon de\u011ferinde vurgun yapan karde\u015fler tutukland\u0131.\"},{\"@type\":\"BreadcrumbList\",\"@id\":\"https:\\\/\\\/memurunsesi.net\\\/index.php\\\/2025\\\/05\\\/06\\\/21-ayri-motosiklet-hirsizliginin-faili-iki-kardes-34-kameradan-112-saat-goruntunun-izlenmesiyle-tespit-edildi\\\/#breadcrumb\",\"itemListElement\":[{\"@type\":\"ListItem\",\"position\":1,\"name\":\"Anasayfa\",\"item\":\"https:\\\/\\\/memurunsesi.net\\\/\"},{\"@type\":\"ListItem\",\"position\":2,\"name\":\"21 ayr\u0131 motosiklet h\u0131rs\u0131zl\u0131\u011f\u0131n\u0131n faili iki karde\u015f 34 kameradan 112 saat g\u00f6r\u00fcnt\u00fcn\u00fcn izlenmesiyle tespit edildi\"}]},{\"@type\":\"WebSite\",\"@id\":\"https:\\\/\\\/memurunsesi.net\\\/#website\",\"url\":\"https:\\\/\\\/memurunsesi.net\\\/\",\"name\":\"Memurun Sesi\",\"description\":\"G\u00fcncel ve Do\u011fru Haber\",\"publisher\":{\"@id\":\"https:\\\/\\\/memurunsesi.net\\\/#organization\"},\"potentialAction\":[{\"@type\":\"SearchAction\",\"target\":{\"@type\":\"EntryPoint\",\"urlTemplate\":\"https:\\\/\\\/memurunsesi.net\\\/?s={search_term_string}\"},\"query-input\":{\"@type\":\"PropertyValueSpecification\",\"valueRequired\":true,\"valueName\":\"search_term_string\"}}],\"inLanguage\":\"tr\"},{\"@type\":\"Organization\",\"@id\":\"https:\\\/\\\/memurunsesi.net\\\/#organization\",\"name\":\"Memurun Sesi\",\"url\":\"https:\\\/\\\/memurunsesi.net\\\/\",\"logo\":{\"@type\":\"ImageObject\",\"inLanguage\":\"tr\",\"@id\":\"https:\\\/\\\/memurunsesi.net\\\/#\\\/schema\\\/logo\\\/image\\\/\",\"url\":\"https:\\\/\\\/memurunsesi.net\\\/wp-content\\\/uploads\\\/2025\\\/11\\\/cropped-MEMURUN-SESI.png\",\"contentUrl\":\"https:\\\/\\\/memurunsesi.net\\\/wp-content\\\/uploads\\\/2025\\\/11\\\/cropped-MEMURUN-SESI.png\",\"width\":238,\"height\":57,\"caption\":\"Memurun Sesi\"},\"image\":{\"@id\":\"https:\\\/\\\/memurunsesi.net\\\/#\\\/schema\\\/logo\\\/image\\\/\"},\"sameAs\":[\"https:\\\/\\\/www.facebook.com\\\/unipersen\\\/?locale=tr_TR\",\"https:\\\/\\\/x.com\\\/unipersen\"]},{\"@type\":\"Person\",\"@id\":\"https:\\\/\\\/memurunsesi.net\\\/#\\\/schema\\\/person\\\/f21c2d73b89f6ee1d80b0a1803e38587\",\"name\":\"Memurun Sesi Haber Merkezi\",\"image\":{\"@type\":\"ImageObject\",\"inLanguage\":\"tr\",\"@id\":\"https:\\\/\\\/secure.gravatar.com\\\/avatar\\\/6cf0505f452ee753f485014986fab09a434671d2b919ee76fc541025c5876a70?s=96&d=mm&r=g\",\"url\":\"https:\\\/\\\/secure.gravatar.com\\\/avatar\\\/6cf0505f452ee753f485014986fab09a434671d2b919ee76fc541025c5876a70?s=96&d=mm&r=g\",\"contentUrl\":\"https:\\\/\\\/secure.gravatar.com\\\/avatar\\\/6cf0505f452ee753f485014986fab09a434671d2b919ee76fc541025c5876a70?s=96&d=mm&r=g\",\"caption\":\"Memurun Sesi Haber Merkezi\"},\"sameAs\":[\"https:\\\/\\\/memurunsesi.net\"],\"url\":\"https:\\\/\\\/memurunsesi.net\\\/index.php\\\/author\\\/uniper\\\/\"}]}<\/script>\n<!-- \/ Yoast SEO plugin. -->","yoast_head_json":{"title":"21 ayr\u0131 motosiklet h\u0131rs\u0131zl\u0131\u011f\u0131n\u0131n faili iki karde\u015f 34 kameradan 112 saat g\u00f6r\u00fcnt\u00fcn\u00fcn izlenmesiyle tespit edildi - Memurun Sesi","robots":{"index":"index","follow":"follow","max-snippet":"max-snippet:-1","max-image-preview":"max-image-preview:large","max-video-preview":"max-video-preview:-1"},"canonical":"https:\/\/memurunsesi.net\/index.php\/2025\/05\/06\/21-ayri-motosiklet-hirsizliginin-faili-iki-kardes-34-kameradan-112-saat-goruntunun-izlenmesiyle-tespit-edildi\/","og_locale":"tr_TR","og_type":"article","og_title":"21 ayr\u0131 motosiklet h\u0131rs\u0131zl\u0131\u011f\u0131n\u0131n faili iki karde\u015f 34 kameradan 112 saat g\u00f6r\u00fcnt\u00fcn\u00fcn izlenmesiyle tespit edildi - Memurun Sesi","og_description":"Diyarbak\u0131r&#8217;da 21 ayr\u0131 motosiklet h\u0131rs\u0131zl\u0131\u011f\u0131n\u0131n faili iki karde\u015f, 34 kameradan 112 saat g\u00f6r\u00fcnt\u00fcn\u00fcn izlenmesiyle tespit edildi. 2 milyon de\u011ferinde vurgun yapan karde\u015fler tutukland\u0131. \u0130l Emniyet M\u00fcd\u00fcrl\u00fc\u011f\u00fc Asayi\u015f \u015eube M\u00fcd\u00fcrl\u00fc\u011f\u00fc Oto H\u0131rs\u0131zl\u0131\u011f\u0131 ekipleri, kent genelinde meydana gelen 21 ayr\u0131 motosiklet h\u0131rs\u0131zl\u0131\u011f\u0131 olay\u0131n\u0131n ayd\u0131nlat\u0131lmas\u0131na y\u00f6nelik operasyon ger\u00e7ekle\u015ftirdi. 21 ayr\u0131 olayda maddi de\u011feri 2 milyonluk vurgun yapan \u015f\u00fcphelilerin, [&hellip;]","og_url":"https:\/\/memurunsesi.net\/index.php\/2025\/05\/06\/21-ayri-motosiklet-hirsizliginin-faili-iki-kardes-34-kameradan-112-saat-goruntunun-izlenmesiyle-tespit-edildi\/","og_site_name":"Memurun Sesi","article_publisher":"https:\/\/www.facebook.com\/unipersen\/?locale=tr_TR","article_published_time":"2025-05-06T05:35:45+00:00","og_image":[{"width":1206,"height":668,"url":"https:\/\/memurunsesi.net\/wp-content\/uploads\/2025\/05\/AW447973_03.jpg","type":"image\/jpeg"}],"author":"Memurun Sesi Haber Merkezi","twitter_card":"summary_large_image","twitter_creator":"@unipersen","twitter_site":"@unipersen","twitter_misc":{"Yazan:":"Memurun Sesi Haber Merkezi","Tahmini okuma s\u00fcresi":"1 dakika"},"schema":{"@context":"https:\/\/schema.org","@graph":[{"@type":"Article","@id":"https:\/\/memurunsesi.net\/index.php\/2025\/05\/06\/21-ayri-motosiklet-hirsizliginin-faili-iki-kardes-34-kameradan-112-saat-goruntunun-izlenmesiyle-tespit-edildi\/#article","isPartOf":{"@id":"https:\/\/memurunsesi.net\/index.php\/2025\/05\/06\/21-ayri-motosiklet-hirsizliginin-faili-iki-kardes-34-kameradan-112-saat-goruntunun-izlenmesiyle-tespit-edildi\/"},"author":{"name":"Memurun Sesi Haber Merkezi","@id":"https:\/\/memurunsesi.net\/#\/schema\/person\/f21c2d73b89f6ee1d80b0a1803e38587"},"headline":"21 ayr\u0131 motosiklet h\u0131rs\u0131zl\u0131\u011f\u0131n\u0131n faili iki karde\u015f 34 kameradan 112 saat g\u00f6r\u00fcnt\u00fcn\u00fcn izlenmesiyle tespit edildi","datePublished":"2025-05-06T05:35:45+00:00","mainEntityOfPage":{"@id":"https:\/\/memurunsesi.net\/index.php\/2025\/05\/06\/21-ayri-motosiklet-hirsizliginin-faili-iki-kardes-34-kameradan-112-saat-goruntunun-izlenmesiyle-tespit-edildi\/"},"wordCount":227,"commentCount":0,"publisher":{"@id":"https:\/\/memurunsesi.net\/#organization"},"image":{"@id":"https:\/\/memurunsesi.net\/index.php\/2025\/05\/06\/21-ayri-motosiklet-hirsizliginin-faili-iki-kardes-34-kameradan-112-saat-goruntunun-izlenmesiyle-tespit-edildi\/#primaryimage"},"thumbnailUrl":"https:\/\/memurunsesi.net\/wp-content\/uploads\/2025\/05\/AW447973_03.jpg","articleSection":["G\u00fcndem"],"inLanguage":"tr","potentialAction":[{"@type":"CommentAction","name":"Comment","target":["https:\/\/memurunsesi.net\/index.php\/2025\/05\/06\/21-ayri-motosiklet-hirsizliginin-faili-iki-kardes-34-kameradan-112-saat-goruntunun-izlenmesiyle-tespit-edildi\/#respond"]}]},{"@type":"WebPage","@id":"https:\/\/memurunsesi.net\/index.php\/2025\/05\/06\/21-ayri-motosiklet-hirsizliginin-faili-iki-kardes-34-kameradan-112-saat-goruntunun-izlenmesiyle-tespit-edildi\/","url":"https:\/\/memurunsesi.net\/index.php\/2025\/05\/06\/21-ayri-motosiklet-hirsizliginin-faili-iki-kardes-34-kameradan-112-saat-goruntunun-izlenmesiyle-tespit-edildi\/","name":"21 ayr\u0131 motosiklet h\u0131rs\u0131zl\u0131\u011f\u0131n\u0131n faili iki karde\u015f 34 kameradan 112 saat g\u00f6r\u00fcnt\u00fcn\u00fcn izlenmesiyle tespit edildi - Memurun Sesi","isPartOf":{"@id":"https:\/\/memurunsesi.net\/#website"},"primaryImageOfPage":{"@id":"https:\/\/memurunsesi.net\/index.php\/2025\/05\/06\/21-ayri-motosiklet-hirsizliginin-faili-iki-kardes-34-kameradan-112-saat-goruntunun-izlenmesiyle-tespit-edildi\/#primaryimage"},"image":{"@id":"https:\/\/memurunsesi.net\/index.php\/2025\/05\/06\/21-ayri-motosiklet-hirsizliginin-faili-iki-kardes-34-kameradan-112-saat-goruntunun-izlenmesiyle-tespit-edildi\/#primaryimage"},"thumbnailUrl":"https:\/\/memurunsesi.net\/wp-content\/uploads\/2025\/05\/AW447973_03.jpg","datePublished":"2025-05-06T05:35:45+00:00","breadcrumb":{"@id":"https:\/\/memurunsesi.net\/index.php\/2025\/05\/06\/21-ayri-motosiklet-hirsizliginin-faili-iki-kardes-34-kameradan-112-saat-goruntunun-izlenmesiyle-tespit-edildi\/#breadcrumb"},"inLanguage":"tr","potentialAction":[{"@type":"ReadAction","target":["https:\/\/memurunsesi.net\/index.php\/2025\/05\/06\/21-ayri-motosiklet-hirsizliginin-faili-iki-kardes-34-kameradan-112-saat-goruntunun-izlenmesiyle-tespit-edildi\/"]}]},{"@type":"ImageObject","inLanguage":"tr","@id":"https:\/\/memurunsesi.net\/index.php\/2025\/05\/06\/21-ayri-motosiklet-hirsizliginin-faili-iki-kardes-34-kameradan-112-saat-goruntunun-izlenmesiyle-tespit-edildi\/#primaryimage","url":"https:\/\/memurunsesi.net\/wp-content\/uploads\/2025\/05\/AW447973_03.jpg","contentUrl":"https:\/\/memurunsesi.net\/wp-content\/uploads\/2025\/05\/AW447973_03.jpg","width":1206,"height":668,"caption":"D\u0130YARBAKIR'DA 21 AYRI MOTOS\u0130KLET HIRSIZLI\u011eININ FA\u0130L\u0130 \u0130K\u0130 KARDE\u015e, 34 KAMERADAN 112 SAAT G\u00d6R\u00dcNT\u00dcN\u00dcN \u0130ZLENMES\u0130YLE TESP\u0130T ED\u0130LD\u0130. 2 M\u0130LYON DE\u011eER\u0130NDE VURGUN YAPAN KARDE\u015eLER TUTUKLANDI. (ZEHRA GAYRETL\u0130\/D\u0130YARBAKIR-\u0130HA) Diyarbak\u0131r'da 21 ayr\u0131 motosiklet h\u0131rs\u0131zl\u0131\u011f\u0131n\u0131n faili iki karde\u015f, 34 kameradan 112 saat g\u00f6r\u00fcnt\u00fcn\u00fcn izlenmesiyle tespit edildi. 2 milyon de\u011ferinde vurgun yapan karde\u015fler tutukland\u0131."},{"@type":"BreadcrumbList","@id":"https:\/\/memurunsesi.net\/index.php\/2025\/05\/06\/21-ayri-motosiklet-hirsizliginin-faili-iki-kardes-34-kameradan-112-saat-goruntunun-izlenmesiyle-tespit-edildi\/#breadcrumb","itemListElement":[{"@type":"ListItem","position":1,"name":"Anasayfa","item":"https:\/\/memurunsesi.net\/"},{"@type":"ListItem","position":2,"name":"21 ayr\u0131 motosiklet h\u0131rs\u0131zl\u0131\u011f\u0131n\u0131n faili iki karde\u015f 34 kameradan 112 saat g\u00f6r\u00fcnt\u00fcn\u00fcn izlenmesiyle tespit edildi"}]},{"@type":"WebSite","@id":"https:\/\/memurunsesi.net\/#website","url":"https:\/\/memurunsesi.net\/","name":"Memurun Sesi","description":"G\u00fcncel ve Do\u011fru Haber","publisher":{"@id":"https:\/\/memurunsesi.net\/#organization"},"potentialAction":[{"@type":"SearchAction","target":{"@type":"EntryPoint","urlTemplate":"https:\/\/memurunsesi.net\/?s={search_term_string}"},"query-input":{"@type":"PropertyValueSpecification","valueRequired":true,"valueName":"search_term_string"}}],"inLanguage":"tr"},{"@type":"Organization","@id":"https:\/\/memurunsesi.net\/#organization","name":"Memurun Sesi","url":"https:\/\/memurunsesi.net\/","logo":{"@type":"ImageObject","inLanguage":"tr","@id":"https:\/\/memurunsesi.net\/#\/schema\/logo\/image\/","url":"https:\/\/memurunsesi.net\/wp-content\/uploads\/2025\/11\/cropped-MEMURUN-SESI.png","contentUrl":"https:\/\/memurunsesi.net\/wp-content\/uploads\/2025\/11\/cropped-MEMURUN-SESI.png","width":238,"height":57,"caption":"Memurun Sesi"},"image":{"@id":"https:\/\/memurunsesi.net\/#\/schema\/logo\/image\/"},"sameAs":["https:\/\/www.facebook.com\/unipersen\/?locale=tr_TR","https:\/\/x.com\/unipersen"]},{"@type":"Person","@id":"https:\/\/memurunsesi.net\/#\/schema\/person\/f21c2d73b89f6ee1d80b0a1803e38587","name":"Memurun Sesi Haber Merkezi","image":{"@type":"ImageObject","inLanguage":"tr","@id":"https:\/\/secure.gravatar.com\/avatar\/6cf0505f452ee753f485014986fab09a434671d2b919ee76fc541025c5876a70?s=96&d=mm&r=g","url":"https:\/\/secure.gravatar.com\/avatar\/6cf0505f452ee753f485014986fab09a434671d2b919ee76fc541025c5876a70?s=96&d=mm&r=g","contentUrl":"https:\/\/secure.gravatar.com\/avatar\/6cf0505f452ee753f485014986fab09a434671d2b919ee76fc541025c5876a70?s=96&d=mm&r=g","caption":"Memurun Sesi Haber Merkezi"},"sameAs":["https:\/\/memurunsesi.net"],"url":"https:\/\/memurunsesi.net\/index.php\/author\/uniper\/"}]}},"_links":{"self":[{"href":"https:\/\/memurunsesi.net\/index.php\/wp-json\/wp\/v2\/posts\/6633","targetHints":{"allow":["GET"]}}],"collection":[{"href":"https:\/\/memurunsesi.net\/index.php\/wp-json\/wp\/v2\/posts"}],"about":[{"href":"https:\/\/memurunsesi.net\/index.php\/wp-json\/wp\/v2\/types\/post"}],"author":[{"embeddable":true,"href":"https:\/\/memurunsesi.net\/index.php\/wp-json\/wp\/v2\/users\/1"}],"replies":[{"embeddable":true,"href":"https:\/\/memurunsesi.net\/index.php\/wp-json\/wp\/v2\/comments?post=6633"}],"version-history":[{"count":1,"href":"https:\/\/memurunsesi.net\/index.php\/wp-json\/wp\/v2\/posts\/6633\/revisions"}],"predecessor-version":[{"id":6635,"href":"https:\/\/memurunsesi.net\/index.php\/wp-json\/wp\/v2\/posts\/6633\/revisions\/6635"}],"wp:featuredmedia":[{"embeddable":true,"href":"https:\/\/memurunsesi.net\/index.php\/wp-json\/wp\/v2\/media\/6634"}],"wp:attachment":[{"href":"https:\/\/memurunsesi.net\/index.php\/wp-json\/wp\/v2\/media?parent=6633"}],"wp:term":[{"taxonomy":"category","embeddable":true,"href":"https:\/\/memurunsesi.net\/index.php\/wp-json\/wp\/v2\/categories?post=6633"},{"taxonomy":"post_tag","embeddable":true,"href":"https:\/\/memurunsesi.net\/index.php\/wp-json\/wp\/v2\/tags?post=6633"}],"curies":[{"name":"wp","href":"https:\/\/api.w.org\/{rel}","templated":true}]}}