{"id":6645,"date":"2025-05-06T08:42:12","date_gmt":"2025-05-06T05:42:12","guid":{"rendered":"https:\/\/memurunsesi.net\/?p=6645"},"modified":"2025-05-06T08:42:12","modified_gmt":"2025-05-06T05:42:12","slug":"motosikletin-onunu-kaldirdi-41-bin-tl-ceza-yedi","status":"publish","type":"post","link":"https:\/\/memurunsesi.net\/index.php\/2025\/05\/06\/motosikletin-onunu-kaldirdi-41-bin-tl-ceza-yedi\/","title":{"rendered":"Motosikletin \u00f6n\u00fcn\u00fc kald\u0131rd\u0131, 41 bin TL ceza yedi"},"content":{"rendered":"<p>   Mersin Erdemli&#8217;de motosikletin \u00f6n\u00fcn\u00fc kald\u0131rarak tehlikeli hareketler yapan s\u00fcr\u00fcc\u00fc tespit edilip 41 bin 326 TL para cezas\u0131 kesildi. Motosikletin ikinci el fiyat\u0131n\u0131n yedi\u011fi cezadan daha az oldu\u011fu \u00f6\u011frenildi.<br \/>\n  Motosiklet kullan\u0131m\u0131n\u0131n yo\u011fun oldu\u011fu Mersin&#8217;de zaman zaman gen\u00e7ler tehlikeli hareketler yap\u0131yor. O anlar\u0131 ise ya vatanda\u015flar, ya da arkada\u015flar\u0131 g\u00f6r\u00fcnt\u00fcleyerek sosyal medyada payla\u015f\u0131yor. Benzer bir \u015fekilde ehliyetsiz motosiklet kullanan D.E.A.&#8217;n\u0131n \u00f6n kald\u0131rarak tehlikeli anlar\u0131 da sosyal medyada payla\u015f\u0131ld\u0131. Bu payla\u015f\u0131m \u00fczerine jandarma ekipleri s\u00fcr\u00fcc\u00fcy\u00fc tespit edip belgesiz ara\u00e7 kullanmak, kask takmamak, tehlikeli ve sayg\u0131s\u0131z ara\u00e7 kullanmak su\u00e7lar\u0131ndan toplam 41 bin 326 TL para cezas\u0131 kesti.<br \/>\n  Valilikten yap\u0131lan a\u00e7\u0131klamada, &#8220;Sosyal medyada payla\u015f\u0131lan g\u00f6r\u00fcnt\u00fclerde, Erdemli il\u00e7esi Karg\u0131p\u0131nar\u0131 Mahallesi&#8217;nde bir motosiklet s\u00fcr\u00fcc\u00fcs\u00fcn\u00fcn \u00f6n kald\u0131rarak tehlikeli ara\u00e7 kulland\u0131\u011f\u0131, bu \u015fekilde hem kendi hem de di\u011fer s\u00fcr\u00fcc\u00fclerin can g\u00fcvenli\u011fini tehlikeye att\u0131\u011f\u0131 tespit edilmi\u015ftir. Mersin \u0130l Jandarma Komutanl\u0131\u011f\u0131 Trafik Jandarmas\u0131 ekiplerinin titiz \u00e7al\u0131\u015fmalar\u0131 sonucu, s\u00fcr\u00fcc\u00fcn\u00fcn D.E.A. isimli \u015fah\u0131s oldu\u011fu belirlenmi\u015f ve yakalanm\u0131\u015ft\u0131r. D.E.A. isimli s\u00fcr\u00fcc\u00fc hakk\u0131nda, belgesiz ara\u00e7 kullanmak, kask takmamak, tehlikeli ve sayg\u0131s\u0131z ara\u00e7 kullanmak su\u00e7lar\u0131ndan toplam 41 bin 326 TL trafik idari para cezas\u0131 uygulanm\u0131\u015ft\u0131r&#8221; denildi. <\/p>\n<p>6.05.2025                              <\/p>\n","protected":false},"excerpt":{"rendered":"<p>Mersin Erdemli&#8217;de motosikletin \u00f6n\u00fcn\u00fc kald\u0131rarak tehlikeli hareketler yapan s\u00fcr\u00fcc\u00fc tespit edilip 41 bin 326 TL para cezas\u0131 kesildi. Motosikletin ikinci el fiyat\u0131n\u0131n yedi\u011fi cezadan daha az oldu\u011fu \u00f6\u011frenildi. Motosiklet kullan\u0131m\u0131n\u0131n yo\u011fun oldu\u011fu Mersin&#8217;de zaman zaman gen\u00e7ler tehlikeli hareketler yap\u0131yor. O anlar\u0131 ise ya vatanda\u015flar, ya da arkada\u015flar\u0131 g\u00f6r\u00fcnt\u00fcleyerek sosyal medyada payla\u015f\u0131yor. Benzer bir \u015fekilde ehliyetsiz [&hellip;]<\/p>\n","protected":false},"author":1,"featured_media":6646,"comment_status":"open","ping_status":"open","sticky":false,"template":"","format":"standard","meta":{"footnotes":""},"categories":[45],"tags":[],"class_list":["post-6645","post","type-post","status-publish","format-standard","has-post-thumbnail","hentry","category-gundem"],"yoast_head":"<!-- This site is optimized with the Yoast SEO plugin v27.4 - https:\/\/yoast.com\/product\/yoast-seo-wordpress\/ -->\n<title>Motosikletin \u00f6n\u00fcn\u00fc kald\u0131rd\u0131, 41 bin TL ceza yedi - Memurun Sesi<\/title>\n<meta name=\"robots\" content=\"index, follow, max-snippet:-1, max-image-preview:large, max-video-preview:-1\" \/>\n<link rel=\"canonical\" href=\"https:\/\/memurunsesi.net\/index.php\/2025\/05\/06\/motosikletin-onunu-kaldirdi-41-bin-tl-ceza-yedi\/\" \/>\n<meta property=\"og:locale\" content=\"tr_TR\" \/>\n<meta property=\"og:type\" content=\"article\" \/>\n<meta property=\"og:title\" content=\"Motosikletin \u00f6n\u00fcn\u00fc kald\u0131rd\u0131, 41 bin TL ceza yedi - Memurun Sesi\" \/>\n<meta property=\"og:description\" content=\"Mersin Erdemli&#8217;de motosikletin \u00f6n\u00fcn\u00fc kald\u0131rarak tehlikeli hareketler yapan s\u00fcr\u00fcc\u00fc tespit edilip 41 bin 326 TL para cezas\u0131 kesildi. Motosikletin ikinci el fiyat\u0131n\u0131n yedi\u011fi cezadan daha az oldu\u011fu \u00f6\u011frenildi. Motosiklet kullan\u0131m\u0131n\u0131n yo\u011fun oldu\u011fu Mersin&#8217;de zaman zaman gen\u00e7ler tehlikeli hareketler yap\u0131yor. O anlar\u0131 ise ya vatanda\u015flar, ya da arkada\u015flar\u0131 g\u00f6r\u00fcnt\u00fcleyerek sosyal medyada payla\u015f\u0131yor. Benzer bir \u015fekilde ehliyetsiz [&hellip;]\" \/>\n<meta property=\"og:url\" content=\"https:\/\/memurunsesi.net\/index.php\/2025\/05\/06\/motosikletin-onunu-kaldirdi-41-bin-tl-ceza-yedi\/\" \/>\n<meta property=\"og:site_name\" content=\"Memurun Sesi\" \/>\n<meta property=\"article:publisher\" content=\"https:\/\/www.facebook.com\/unipersen\/?locale=tr_TR\" \/>\n<meta property=\"article:published_time\" content=\"2025-05-06T05:42:12+00:00\" \/>\n<meta property=\"og:image\" content=\"https:\/\/memurunsesi.net\/wp-content\/uploads\/2025\/05\/AW447971_01.jpg\" \/>\n\t<meta property=\"og:image:width\" content=\"1700\" \/>\n\t<meta property=\"og:image:height\" content=\"1700\" \/>\n\t<meta property=\"og:image:type\" content=\"image\/jpeg\" \/>\n<meta name=\"author\" content=\"Memurun Sesi Haber Merkezi\" \/>\n<meta name=\"twitter:card\" content=\"summary_large_image\" \/>\n<meta name=\"twitter:creator\" content=\"@unipersen\" \/>\n<meta name=\"twitter:site\" content=\"@unipersen\" \/>\n<meta name=\"twitter:label1\" content=\"Yazan:\" \/>\n\t<meta name=\"twitter:data1\" content=\"Memurun Sesi Haber Merkezi\" \/>\n\t<meta name=\"twitter:label2\" content=\"Tahmini okuma s\u00fcresi\" \/>\n\t<meta name=\"twitter:data2\" content=\"1 dakika\" \/>\n<script type=\"application\/ld+json\" class=\"yoast-schema-graph\">{\"@context\":\"https:\\\/\\\/schema.org\",\"@graph\":[{\"@type\":\"Article\",\"@id\":\"https:\\\/\\\/memurunsesi.net\\\/index.php\\\/2025\\\/05\\\/06\\\/motosikletin-onunu-kaldirdi-41-bin-tl-ceza-yedi\\\/#article\",\"isPartOf\":{\"@id\":\"https:\\\/\\\/memurunsesi.net\\\/index.php\\\/2025\\\/05\\\/06\\\/motosikletin-onunu-kaldirdi-41-bin-tl-ceza-yedi\\\/\"},\"author\":{\"name\":\"Memurun Sesi Haber Merkezi\",\"@id\":\"https:\\\/\\\/memurunsesi.net\\\/#\\\/schema\\\/person\\\/f21c2d73b89f6ee1d80b0a1803e38587\"},\"headline\":\"Motosikletin \u00f6n\u00fcn\u00fc kald\u0131rd\u0131, 41 bin TL ceza yedi\",\"datePublished\":\"2025-05-06T05:42:12+00:00\",\"mainEntityOfPage\":{\"@id\":\"https:\\\/\\\/memurunsesi.net\\\/index.php\\\/2025\\\/05\\\/06\\\/motosikletin-onunu-kaldirdi-41-bin-tl-ceza-yedi\\\/\"},\"wordCount\":255,\"commentCount\":0,\"publisher\":{\"@id\":\"https:\\\/\\\/memurunsesi.net\\\/#organization\"},\"image\":{\"@id\":\"https:\\\/\\\/memurunsesi.net\\\/index.php\\\/2025\\\/05\\\/06\\\/motosikletin-onunu-kaldirdi-41-bin-tl-ceza-yedi\\\/#primaryimage\"},\"thumbnailUrl\":\"https:\\\/\\\/memurunsesi.net\\\/wp-content\\\/uploads\\\/2025\\\/05\\\/AW447971_01.jpg\",\"articleSection\":[\"G\u00fcndem\"],\"inLanguage\":\"tr\",\"potentialAction\":[{\"@type\":\"CommentAction\",\"name\":\"Comment\",\"target\":[\"https:\\\/\\\/memurunsesi.net\\\/index.php\\\/2025\\\/05\\\/06\\\/motosikletin-onunu-kaldirdi-41-bin-tl-ceza-yedi\\\/#respond\"]}]},{\"@type\":\"WebPage\",\"@id\":\"https:\\\/\\\/memurunsesi.net\\\/index.php\\\/2025\\\/05\\\/06\\\/motosikletin-onunu-kaldirdi-41-bin-tl-ceza-yedi\\\/\",\"url\":\"https:\\\/\\\/memurunsesi.net\\\/index.php\\\/2025\\\/05\\\/06\\\/motosikletin-onunu-kaldirdi-41-bin-tl-ceza-yedi\\\/\",\"name\":\"Motosikletin \u00f6n\u00fcn\u00fc kald\u0131rd\u0131, 41 bin TL ceza yedi - Memurun Sesi\",\"isPartOf\":{\"@id\":\"https:\\\/\\\/memurunsesi.net\\\/#website\"},\"primaryImageOfPage\":{\"@id\":\"https:\\\/\\\/memurunsesi.net\\\/index.php\\\/2025\\\/05\\\/06\\\/motosikletin-onunu-kaldirdi-41-bin-tl-ceza-yedi\\\/#primaryimage\"},\"image\":{\"@id\":\"https:\\\/\\\/memurunsesi.net\\\/index.php\\\/2025\\\/05\\\/06\\\/motosikletin-onunu-kaldirdi-41-bin-tl-ceza-yedi\\\/#primaryimage\"},\"thumbnailUrl\":\"https:\\\/\\\/memurunsesi.net\\\/wp-content\\\/uploads\\\/2025\\\/05\\\/AW447971_01.jpg\",\"datePublished\":\"2025-05-06T05:42:12+00:00\",\"breadcrumb\":{\"@id\":\"https:\\\/\\\/memurunsesi.net\\\/index.php\\\/2025\\\/05\\\/06\\\/motosikletin-onunu-kaldirdi-41-bin-tl-ceza-yedi\\\/#breadcrumb\"},\"inLanguage\":\"tr\",\"potentialAction\":[{\"@type\":\"ReadAction\",\"target\":[\"https:\\\/\\\/memurunsesi.net\\\/index.php\\\/2025\\\/05\\\/06\\\/motosikletin-onunu-kaldirdi-41-bin-tl-ceza-yedi\\\/\"]}]},{\"@type\":\"ImageObject\",\"inLanguage\":\"tr\",\"@id\":\"https:\\\/\\\/memurunsesi.net\\\/index.php\\\/2025\\\/05\\\/06\\\/motosikletin-onunu-kaldirdi-41-bin-tl-ceza-yedi\\\/#primaryimage\",\"url\":\"https:\\\/\\\/memurunsesi.net\\\/wp-content\\\/uploads\\\/2025\\\/05\\\/AW447971_01.jpg\",\"contentUrl\":\"https:\\\/\\\/memurunsesi.net\\\/wp-content\\\/uploads\\\/2025\\\/05\\\/AW447971_01.jpg\",\"width\":1700,\"height\":1700,\"caption\":\"MERS\u0130N ERDEML\u0130'DE MOTOS\u0130KLET\u0130N \u00d6N\u00dcN\u00dc KALDIRARAK TEHL\u0130KEL\u0130 HAREKETLER YAPAN S\u00dcR\u00dcC\u00dc TESP\u0130T ED\u0130L\u0130P 41 B\u0130N 326 TL PARA CEZASI KES\u0130LD\u0130. (\u0130HA\\\/MERS\u0130N-\u0130HA) Mersin Erdemli'de motosikletin \u00f6n\u00fcn\u00fc kald\u0131rarak tehlikeli hareketler yapan s\u00fcr\u00fcc\u00fc tespit edilip 41 bin 326 TL para cezas\u0131 kesildi. Motosikletin ikinci el fiyat\u0131n\u0131n yedi\u011fi cezadan daha az oldu\u011fu \u00f6\u011frenildi.\"},{\"@type\":\"BreadcrumbList\",\"@id\":\"https:\\\/\\\/memurunsesi.net\\\/index.php\\\/2025\\\/05\\\/06\\\/motosikletin-onunu-kaldirdi-41-bin-tl-ceza-yedi\\\/#breadcrumb\",\"itemListElement\":[{\"@type\":\"ListItem\",\"position\":1,\"name\":\"Anasayfa\",\"item\":\"https:\\\/\\\/memurunsesi.net\\\/\"},{\"@type\":\"ListItem\",\"position\":2,\"name\":\"Motosikletin \u00f6n\u00fcn\u00fc kald\u0131rd\u0131, 41 bin TL ceza yedi\"}]},{\"@type\":\"WebSite\",\"@id\":\"https:\\\/\\\/memurunsesi.net\\\/#website\",\"url\":\"https:\\\/\\\/memurunsesi.net\\\/\",\"name\":\"Memurun Sesi\",\"description\":\"G\u00fcncel ve Do\u011fru Haber\",\"publisher\":{\"@id\":\"https:\\\/\\\/memurunsesi.net\\\/#organization\"},\"potentialAction\":[{\"@type\":\"SearchAction\",\"target\":{\"@type\":\"EntryPoint\",\"urlTemplate\":\"https:\\\/\\\/memurunsesi.net\\\/?s={search_term_string}\"},\"query-input\":{\"@type\":\"PropertyValueSpecification\",\"valueRequired\":true,\"valueName\":\"search_term_string\"}}],\"inLanguage\":\"tr\"},{\"@type\":\"Organization\",\"@id\":\"https:\\\/\\\/memurunsesi.net\\\/#organization\",\"name\":\"Memurun Sesi\",\"url\":\"https:\\\/\\\/memurunsesi.net\\\/\",\"logo\":{\"@type\":\"ImageObject\",\"inLanguage\":\"tr\",\"@id\":\"https:\\\/\\\/memurunsesi.net\\\/#\\\/schema\\\/logo\\\/image\\\/\",\"url\":\"https:\\\/\\\/memurunsesi.net\\\/wp-content\\\/uploads\\\/2025\\\/11\\\/cropped-MEMURUN-SESI.png\",\"contentUrl\":\"https:\\\/\\\/memurunsesi.net\\\/wp-content\\\/uploads\\\/2025\\\/11\\\/cropped-MEMURUN-SESI.png\",\"width\":238,\"height\":57,\"caption\":\"Memurun Sesi\"},\"image\":{\"@id\":\"https:\\\/\\\/memurunsesi.net\\\/#\\\/schema\\\/logo\\\/image\\\/\"},\"sameAs\":[\"https:\\\/\\\/www.facebook.com\\\/unipersen\\\/?locale=tr_TR\",\"https:\\\/\\\/x.com\\\/unipersen\"]},{\"@type\":\"Person\",\"@id\":\"https:\\\/\\\/memurunsesi.net\\\/#\\\/schema\\\/person\\\/f21c2d73b89f6ee1d80b0a1803e38587\",\"name\":\"Memurun Sesi Haber Merkezi\",\"image\":{\"@type\":\"ImageObject\",\"inLanguage\":\"tr\",\"@id\":\"https:\\\/\\\/secure.gravatar.com\\\/avatar\\\/6cf0505f452ee753f485014986fab09a434671d2b919ee76fc541025c5876a70?s=96&d=mm&r=g\",\"url\":\"https:\\\/\\\/secure.gravatar.com\\\/avatar\\\/6cf0505f452ee753f485014986fab09a434671d2b919ee76fc541025c5876a70?s=96&d=mm&r=g\",\"contentUrl\":\"https:\\\/\\\/secure.gravatar.com\\\/avatar\\\/6cf0505f452ee753f485014986fab09a434671d2b919ee76fc541025c5876a70?s=96&d=mm&r=g\",\"caption\":\"Memurun Sesi Haber Merkezi\"},\"sameAs\":[\"https:\\\/\\\/memurunsesi.net\"],\"url\":\"https:\\\/\\\/memurunsesi.net\\\/index.php\\\/author\\\/uniper\\\/\"}]}<\/script>\n<!-- \/ Yoast SEO plugin. -->","yoast_head_json":{"title":"Motosikletin \u00f6n\u00fcn\u00fc kald\u0131rd\u0131, 41 bin TL ceza yedi - Memurun Sesi","robots":{"index":"index","follow":"follow","max-snippet":"max-snippet:-1","max-image-preview":"max-image-preview:large","max-video-preview":"max-video-preview:-1"},"canonical":"https:\/\/memurunsesi.net\/index.php\/2025\/05\/06\/motosikletin-onunu-kaldirdi-41-bin-tl-ceza-yedi\/","og_locale":"tr_TR","og_type":"article","og_title":"Motosikletin \u00f6n\u00fcn\u00fc kald\u0131rd\u0131, 41 bin TL ceza yedi - Memurun Sesi","og_description":"Mersin Erdemli&#8217;de motosikletin \u00f6n\u00fcn\u00fc kald\u0131rarak tehlikeli hareketler yapan s\u00fcr\u00fcc\u00fc tespit edilip 41 bin 326 TL para cezas\u0131 kesildi. Motosikletin ikinci el fiyat\u0131n\u0131n yedi\u011fi cezadan daha az oldu\u011fu \u00f6\u011frenildi. Motosiklet kullan\u0131m\u0131n\u0131n yo\u011fun oldu\u011fu Mersin&#8217;de zaman zaman gen\u00e7ler tehlikeli hareketler yap\u0131yor. O anlar\u0131 ise ya vatanda\u015flar, ya da arkada\u015flar\u0131 g\u00f6r\u00fcnt\u00fcleyerek sosyal medyada payla\u015f\u0131yor. Benzer bir \u015fekilde ehliyetsiz [&hellip;]","og_url":"https:\/\/memurunsesi.net\/index.php\/2025\/05\/06\/motosikletin-onunu-kaldirdi-41-bin-tl-ceza-yedi\/","og_site_name":"Memurun Sesi","article_publisher":"https:\/\/www.facebook.com\/unipersen\/?locale=tr_TR","article_published_time":"2025-05-06T05:42:12+00:00","og_image":[{"width":1700,"height":1700,"url":"https:\/\/memurunsesi.net\/wp-content\/uploads\/2025\/05\/AW447971_01.jpg","type":"image\/jpeg"}],"author":"Memurun Sesi Haber Merkezi","twitter_card":"summary_large_image","twitter_creator":"@unipersen","twitter_site":"@unipersen","twitter_misc":{"Yazan:":"Memurun Sesi Haber Merkezi","Tahmini okuma s\u00fcresi":"1 dakika"},"schema":{"@context":"https:\/\/schema.org","@graph":[{"@type":"Article","@id":"https:\/\/memurunsesi.net\/index.php\/2025\/05\/06\/motosikletin-onunu-kaldirdi-41-bin-tl-ceza-yedi\/#article","isPartOf":{"@id":"https:\/\/memurunsesi.net\/index.php\/2025\/05\/06\/motosikletin-onunu-kaldirdi-41-bin-tl-ceza-yedi\/"},"author":{"name":"Memurun Sesi Haber Merkezi","@id":"https:\/\/memurunsesi.net\/#\/schema\/person\/f21c2d73b89f6ee1d80b0a1803e38587"},"headline":"Motosikletin \u00f6n\u00fcn\u00fc kald\u0131rd\u0131, 41 bin TL ceza yedi","datePublished":"2025-05-06T05:42:12+00:00","mainEntityOfPage":{"@id":"https:\/\/memurunsesi.net\/index.php\/2025\/05\/06\/motosikletin-onunu-kaldirdi-41-bin-tl-ceza-yedi\/"},"wordCount":255,"commentCount":0,"publisher":{"@id":"https:\/\/memurunsesi.net\/#organization"},"image":{"@id":"https:\/\/memurunsesi.net\/index.php\/2025\/05\/06\/motosikletin-onunu-kaldirdi-41-bin-tl-ceza-yedi\/#primaryimage"},"thumbnailUrl":"https:\/\/memurunsesi.net\/wp-content\/uploads\/2025\/05\/AW447971_01.jpg","articleSection":["G\u00fcndem"],"inLanguage":"tr","potentialAction":[{"@type":"CommentAction","name":"Comment","target":["https:\/\/memurunsesi.net\/index.php\/2025\/05\/06\/motosikletin-onunu-kaldirdi-41-bin-tl-ceza-yedi\/#respond"]}]},{"@type":"WebPage","@id":"https:\/\/memurunsesi.net\/index.php\/2025\/05\/06\/motosikletin-onunu-kaldirdi-41-bin-tl-ceza-yedi\/","url":"https:\/\/memurunsesi.net\/index.php\/2025\/05\/06\/motosikletin-onunu-kaldirdi-41-bin-tl-ceza-yedi\/","name":"Motosikletin \u00f6n\u00fcn\u00fc kald\u0131rd\u0131, 41 bin TL ceza yedi - Memurun Sesi","isPartOf":{"@id":"https:\/\/memurunsesi.net\/#website"},"primaryImageOfPage":{"@id":"https:\/\/memurunsesi.net\/index.php\/2025\/05\/06\/motosikletin-onunu-kaldirdi-41-bin-tl-ceza-yedi\/#primaryimage"},"image":{"@id":"https:\/\/memurunsesi.net\/index.php\/2025\/05\/06\/motosikletin-onunu-kaldirdi-41-bin-tl-ceza-yedi\/#primaryimage"},"thumbnailUrl":"https:\/\/memurunsesi.net\/wp-content\/uploads\/2025\/05\/AW447971_01.jpg","datePublished":"2025-05-06T05:42:12+00:00","breadcrumb":{"@id":"https:\/\/memurunsesi.net\/index.php\/2025\/05\/06\/motosikletin-onunu-kaldirdi-41-bin-tl-ceza-yedi\/#breadcrumb"},"inLanguage":"tr","potentialAction":[{"@type":"ReadAction","target":["https:\/\/memurunsesi.net\/index.php\/2025\/05\/06\/motosikletin-onunu-kaldirdi-41-bin-tl-ceza-yedi\/"]}]},{"@type":"ImageObject","inLanguage":"tr","@id":"https:\/\/memurunsesi.net\/index.php\/2025\/05\/06\/motosikletin-onunu-kaldirdi-41-bin-tl-ceza-yedi\/#primaryimage","url":"https:\/\/memurunsesi.net\/wp-content\/uploads\/2025\/05\/AW447971_01.jpg","contentUrl":"https:\/\/memurunsesi.net\/wp-content\/uploads\/2025\/05\/AW447971_01.jpg","width":1700,"height":1700,"caption":"MERS\u0130N ERDEML\u0130'DE MOTOS\u0130KLET\u0130N \u00d6N\u00dcN\u00dc KALDIRARAK TEHL\u0130KEL\u0130 HAREKETLER YAPAN S\u00dcR\u00dcC\u00dc TESP\u0130T ED\u0130L\u0130P 41 B\u0130N 326 TL PARA CEZASI KES\u0130LD\u0130. (\u0130HA\/MERS\u0130N-\u0130HA) Mersin Erdemli'de motosikletin \u00f6n\u00fcn\u00fc kald\u0131rarak tehlikeli hareketler yapan s\u00fcr\u00fcc\u00fc tespit edilip 41 bin 326 TL para cezas\u0131 kesildi. Motosikletin ikinci el fiyat\u0131n\u0131n yedi\u011fi cezadan daha az oldu\u011fu \u00f6\u011frenildi."},{"@type":"BreadcrumbList","@id":"https:\/\/memurunsesi.net\/index.php\/2025\/05\/06\/motosikletin-onunu-kaldirdi-41-bin-tl-ceza-yedi\/#breadcrumb","itemListElement":[{"@type":"ListItem","position":1,"name":"Anasayfa","item":"https:\/\/memurunsesi.net\/"},{"@type":"ListItem","position":2,"name":"Motosikletin \u00f6n\u00fcn\u00fc kald\u0131rd\u0131, 41 bin TL ceza yedi"}]},{"@type":"WebSite","@id":"https:\/\/memurunsesi.net\/#website","url":"https:\/\/memurunsesi.net\/","name":"Memurun Sesi","description":"G\u00fcncel ve Do\u011fru Haber","publisher":{"@id":"https:\/\/memurunsesi.net\/#organization"},"potentialAction":[{"@type":"SearchAction","target":{"@type":"EntryPoint","urlTemplate":"https:\/\/memurunsesi.net\/?s={search_term_string}"},"query-input":{"@type":"PropertyValueSpecification","valueRequired":true,"valueName":"search_term_string"}}],"inLanguage":"tr"},{"@type":"Organization","@id":"https:\/\/memurunsesi.net\/#organization","name":"Memurun Sesi","url":"https:\/\/memurunsesi.net\/","logo":{"@type":"ImageObject","inLanguage":"tr","@id":"https:\/\/memurunsesi.net\/#\/schema\/logo\/image\/","url":"https:\/\/memurunsesi.net\/wp-content\/uploads\/2025\/11\/cropped-MEMURUN-SESI.png","contentUrl":"https:\/\/memurunsesi.net\/wp-content\/uploads\/2025\/11\/cropped-MEMURUN-SESI.png","width":238,"height":57,"caption":"Memurun Sesi"},"image":{"@id":"https:\/\/memurunsesi.net\/#\/schema\/logo\/image\/"},"sameAs":["https:\/\/www.facebook.com\/unipersen\/?locale=tr_TR","https:\/\/x.com\/unipersen"]},{"@type":"Person","@id":"https:\/\/memurunsesi.net\/#\/schema\/person\/f21c2d73b89f6ee1d80b0a1803e38587","name":"Memurun Sesi Haber Merkezi","image":{"@type":"ImageObject","inLanguage":"tr","@id":"https:\/\/secure.gravatar.com\/avatar\/6cf0505f452ee753f485014986fab09a434671d2b919ee76fc541025c5876a70?s=96&d=mm&r=g","url":"https:\/\/secure.gravatar.com\/avatar\/6cf0505f452ee753f485014986fab09a434671d2b919ee76fc541025c5876a70?s=96&d=mm&r=g","contentUrl":"https:\/\/secure.gravatar.com\/avatar\/6cf0505f452ee753f485014986fab09a434671d2b919ee76fc541025c5876a70?s=96&d=mm&r=g","caption":"Memurun Sesi Haber Merkezi"},"sameAs":["https:\/\/memurunsesi.net"],"url":"https:\/\/memurunsesi.net\/index.php\/author\/uniper\/"}]}},"_links":{"self":[{"href":"https:\/\/memurunsesi.net\/index.php\/wp-json\/wp\/v2\/posts\/6645","targetHints":{"allow":["GET"]}}],"collection":[{"href":"https:\/\/memurunsesi.net\/index.php\/wp-json\/wp\/v2\/posts"}],"about":[{"href":"https:\/\/memurunsesi.net\/index.php\/wp-json\/wp\/v2\/types\/post"}],"author":[{"embeddable":true,"href":"https:\/\/memurunsesi.net\/index.php\/wp-json\/wp\/v2\/users\/1"}],"replies":[{"embeddable":true,"href":"https:\/\/memurunsesi.net\/index.php\/wp-json\/wp\/v2\/comments?post=6645"}],"version-history":[{"count":1,"href":"https:\/\/memurunsesi.net\/index.php\/wp-json\/wp\/v2\/posts\/6645\/revisions"}],"predecessor-version":[{"id":6647,"href":"https:\/\/memurunsesi.net\/index.php\/wp-json\/wp\/v2\/posts\/6645\/revisions\/6647"}],"wp:featuredmedia":[{"embeddable":true,"href":"https:\/\/memurunsesi.net\/index.php\/wp-json\/wp\/v2\/media\/6646"}],"wp:attachment":[{"href":"https:\/\/memurunsesi.net\/index.php\/wp-json\/wp\/v2\/media?parent=6645"}],"wp:term":[{"taxonomy":"category","embeddable":true,"href":"https:\/\/memurunsesi.net\/index.php\/wp-json\/wp\/v2\/categories?post=6645"},{"taxonomy":"post_tag","embeddable":true,"href":"https:\/\/memurunsesi.net\/index.php\/wp-json\/wp\/v2\/tags?post=6645"}],"curies":[{"name":"wp","href":"https:\/\/api.w.org\/{rel}","templated":true}]}}