{"id":6648,"date":"2025-05-06T08:43:27","date_gmt":"2025-05-06T05:43:27","guid":{"rendered":"https:\/\/memurunsesi.net\/?p=6648"},"modified":"2025-05-06T08:43:27","modified_gmt":"2025-05-06T05:43:27","slug":"ankarada-tekne-karadan-yurutuldu-o-anlar-kamerada","status":"publish","type":"post","link":"https:\/\/memurunsesi.net\/index.php\/2025\/05\/06\/ankarada-tekne-karadan-yurutuldu-o-anlar-kamerada\/","title":{"rendered":"Ankara\u2019da tekne &#8220;karadan&#8221; y\u00fcr\u00fct\u00fcld\u00fc&#8230; O anlar kamerada"},"content":{"rendered":"<p>  &#8211; T\u0131r\u0131n \u00fczerine bindirilerek kara yolu ile ta\u015f\u0131nan tekne vatanda\u015flar\u0131n ilgi oda\u011f\u0131 oldu   <\/p>\n<p> Ankara\u2019n\u0131n G\u00f6lba\u015f\u0131 il\u00e7esinde bir tekne, t\u0131r\u0131n \u00fcst\u00fcne bindirilerek kara yolu \u00fczerinden ta\u015f\u0131nd\u0131. Teknenin adeta karadan y\u00fcr\u00fcyor gibi g\u00f6r\u00fcnd\u00fc\u011f\u00fc anlar cep telefonu kameras\u0131na yans\u0131d\u0131.<br \/>\n  Ankara\u2019n\u0131n G\u00f6lba\u015f\u0131 il\u00e7esinde bir teknenin, t\u0131r\u0131n \u00fcst\u00fcne bindirilerek kara yolu \u00fczerinden ta\u015f\u0131nd\u0131\u011f\u0131 anlar vatanda\u015flar\u0131n ilgisini \u00e7ekti. Teknenin ta\u015f\u0131nd\u0131\u011f\u0131n\u0131 g\u00f6ren vatanda\u015flar o anlar\u0131 cep telefonu kameras\u0131na kaydetti. <\/p>\n<p>6.05.2025 <div style=\"width: 512px;\" class=\"wp-video\"><video class=\"wp-video-shortcode\" id=\"video-6648-1\" width=\"512\" height=\"288\" preload=\"metadata\" controls=\"controls\"><source type=\"video\/mp4\" src=\"https:\/\/memurunsesi.net\/wp-content\/uploads\/2025\/05\/0954FD68-2CCC-4B99-BAE9-893CF9417CF2.mp4?_=1\" \/><a href=\"https:\/\/memurunsesi.net\/wp-content\/uploads\/2025\/05\/0954FD68-2CCC-4B99-BAE9-893CF9417CF2.mp4\">https:\/\/memurunsesi.net\/wp-content\/uploads\/2025\/05\/0954FD68-2CCC-4B99-BAE9-893CF9417CF2.mp4<\/a><\/video><\/div>                               <\/p>\n","protected":false},"excerpt":{"rendered":"<p>&#8211; T\u0131r\u0131n \u00fczerine bindirilerek kara yolu ile ta\u015f\u0131nan tekne vatanda\u015flar\u0131n ilgi oda\u011f\u0131 oldu Ankara\u2019n\u0131n G\u00f6lba\u015f\u0131 il\u00e7esinde bir tekne, t\u0131r\u0131n \u00fcst\u00fcne bindirilerek kara yolu \u00fczerinden ta\u015f\u0131nd\u0131. Teknenin adeta karadan y\u00fcr\u00fcyor gibi g\u00f6r\u00fcnd\u00fc\u011f\u00fc anlar cep telefonu kameras\u0131na yans\u0131d\u0131. Ankara\u2019n\u0131n G\u00f6lba\u015f\u0131 il\u00e7esinde bir teknenin, t\u0131r\u0131n \u00fcst\u00fcne bindirilerek kara yolu \u00fczerinden ta\u015f\u0131nd\u0131\u011f\u0131 anlar vatanda\u015flar\u0131n ilgisini \u00e7ekti. Teknenin ta\u015f\u0131nd\u0131\u011f\u0131n\u0131 g\u00f6ren [&hellip;]<\/p>\n","protected":false},"author":1,"featured_media":0,"comment_status":"open","ping_status":"open","sticky":false,"template":"","format":"standard","meta":{"footnotes":""},"categories":[1],"tags":[],"class_list":["post-6648","post","type-post","status-publish","format-standard","hentry","category-genel"],"yoast_head":"<!-- This site is optimized with the Yoast SEO plugin v27.4 - https:\/\/yoast.com\/product\/yoast-seo-wordpress\/ -->\n<title>Ankara\u2019da tekne &quot;karadan&quot; y\u00fcr\u00fct\u00fcld\u00fc... O anlar kamerada - Memurun Sesi<\/title>\n<meta name=\"robots\" content=\"index, follow, max-snippet:-1, max-image-preview:large, max-video-preview:-1\" \/>\n<link rel=\"canonical\" href=\"https:\/\/memurunsesi.net\/index.php\/2025\/05\/06\/ankarada-tekne-karadan-yurutuldu-o-anlar-kamerada\/\" \/>\n<meta property=\"og:locale\" content=\"tr_TR\" \/>\n<meta property=\"og:type\" content=\"article\" \/>\n<meta property=\"og:title\" content=\"Ankara\u2019da tekne &quot;karadan&quot; y\u00fcr\u00fct\u00fcld\u00fc... O anlar kamerada - Memurun Sesi\" \/>\n<meta property=\"og:description\" content=\"&#8211; T\u0131r\u0131n \u00fczerine bindirilerek kara yolu ile ta\u015f\u0131nan tekne vatanda\u015flar\u0131n ilgi oda\u011f\u0131 oldu Ankara\u2019n\u0131n G\u00f6lba\u015f\u0131 il\u00e7esinde bir tekne, t\u0131r\u0131n \u00fcst\u00fcne bindirilerek kara yolu \u00fczerinden ta\u015f\u0131nd\u0131. Teknenin adeta karadan y\u00fcr\u00fcyor gibi g\u00f6r\u00fcnd\u00fc\u011f\u00fc anlar cep telefonu kameras\u0131na yans\u0131d\u0131. Ankara\u2019n\u0131n G\u00f6lba\u015f\u0131 il\u00e7esinde bir teknenin, t\u0131r\u0131n \u00fcst\u00fcne bindirilerek kara yolu \u00fczerinden ta\u015f\u0131nd\u0131\u011f\u0131 anlar vatanda\u015flar\u0131n ilgisini \u00e7ekti. Teknenin ta\u015f\u0131nd\u0131\u011f\u0131n\u0131 g\u00f6ren [&hellip;]\" \/>\n<meta property=\"og:url\" content=\"https:\/\/memurunsesi.net\/index.php\/2025\/05\/06\/ankarada-tekne-karadan-yurutuldu-o-anlar-kamerada\/\" \/>\n<meta property=\"og:site_name\" content=\"Memurun Sesi\" \/>\n<meta property=\"article:publisher\" content=\"https:\/\/www.facebook.com\/unipersen\/?locale=tr_TR\" \/>\n<meta property=\"article:published_time\" content=\"2025-05-06T05:43:27+00:00\" \/>\n<meta name=\"author\" content=\"Memurun Sesi Haber Merkezi\" \/>\n<meta name=\"twitter:card\" content=\"summary_large_image\" \/>\n<meta name=\"twitter:creator\" content=\"@unipersen\" \/>\n<meta name=\"twitter:site\" content=\"@unipersen\" \/>\n<meta name=\"twitter:label1\" content=\"Yazan:\" \/>\n\t<meta name=\"twitter:data1\" content=\"Memurun Sesi Haber Merkezi\" \/>\n<script type=\"application\/ld+json\" class=\"yoast-schema-graph\">{\"@context\":\"https:\\\/\\\/schema.org\",\"@graph\":[{\"@type\":\"Article\",\"@id\":\"https:\\\/\\\/memurunsesi.net\\\/index.php\\\/2025\\\/05\\\/06\\\/ankarada-tekne-karadan-yurutuldu-o-anlar-kamerada\\\/#article\",\"isPartOf\":{\"@id\":\"https:\\\/\\\/memurunsesi.net\\\/index.php\\\/2025\\\/05\\\/06\\\/ankarada-tekne-karadan-yurutuldu-o-anlar-kamerada\\\/\"},\"author\":{\"name\":\"Memurun Sesi Haber Merkezi\",\"@id\":\"https:\\\/\\\/memurunsesi.net\\\/#\\\/schema\\\/person\\\/f21c2d73b89f6ee1d80b0a1803e38587\"},\"headline\":\"Ankara\u2019da tekne &#8220;karadan&#8221; y\u00fcr\u00fct\u00fcld\u00fc&#8230; O anlar kamerada\",\"datePublished\":\"2025-05-06T05:43:27+00:00\",\"mainEntityOfPage\":{\"@id\":\"https:\\\/\\\/memurunsesi.net\\\/index.php\\\/2025\\\/05\\\/06\\\/ankarada-tekne-karadan-yurutuldu-o-anlar-kamerada\\\/\"},\"wordCount\":126,\"commentCount\":0,\"publisher\":{\"@id\":\"https:\\\/\\\/memurunsesi.net\\\/#organization\"},\"inLanguage\":\"tr\",\"potentialAction\":[{\"@type\":\"CommentAction\",\"name\":\"Comment\",\"target\":[\"https:\\\/\\\/memurunsesi.net\\\/index.php\\\/2025\\\/05\\\/06\\\/ankarada-tekne-karadan-yurutuldu-o-anlar-kamerada\\\/#respond\"]}]},{\"@type\":\"WebPage\",\"@id\":\"https:\\\/\\\/memurunsesi.net\\\/index.php\\\/2025\\\/05\\\/06\\\/ankarada-tekne-karadan-yurutuldu-o-anlar-kamerada\\\/\",\"url\":\"https:\\\/\\\/memurunsesi.net\\\/index.php\\\/2025\\\/05\\\/06\\\/ankarada-tekne-karadan-yurutuldu-o-anlar-kamerada\\\/\",\"name\":\"Ankara\u2019da tekne \\\"karadan\\\" y\u00fcr\u00fct\u00fcld\u00fc... O anlar kamerada - Memurun Sesi\",\"isPartOf\":{\"@id\":\"https:\\\/\\\/memurunsesi.net\\\/#website\"},\"datePublished\":\"2025-05-06T05:43:27+00:00\",\"breadcrumb\":{\"@id\":\"https:\\\/\\\/memurunsesi.net\\\/index.php\\\/2025\\\/05\\\/06\\\/ankarada-tekne-karadan-yurutuldu-o-anlar-kamerada\\\/#breadcrumb\"},\"inLanguage\":\"tr\",\"potentialAction\":[{\"@type\":\"ReadAction\",\"target\":[\"https:\\\/\\\/memurunsesi.net\\\/index.php\\\/2025\\\/05\\\/06\\\/ankarada-tekne-karadan-yurutuldu-o-anlar-kamerada\\\/\"]}]},{\"@type\":\"BreadcrumbList\",\"@id\":\"https:\\\/\\\/memurunsesi.net\\\/index.php\\\/2025\\\/05\\\/06\\\/ankarada-tekne-karadan-yurutuldu-o-anlar-kamerada\\\/#breadcrumb\",\"itemListElement\":[{\"@type\":\"ListItem\",\"position\":1,\"name\":\"Anasayfa\",\"item\":\"https:\\\/\\\/memurunsesi.net\\\/\"},{\"@type\":\"ListItem\",\"position\":2,\"name\":\"Ankara\u2019da tekne &#8220;karadan&#8221; y\u00fcr\u00fct\u00fcld\u00fc&#8230; O anlar kamerada\"}]},{\"@type\":\"WebSite\",\"@id\":\"https:\\\/\\\/memurunsesi.net\\\/#website\",\"url\":\"https:\\\/\\\/memurunsesi.net\\\/\",\"name\":\"Memurun Sesi\",\"description\":\"G\u00fcncel ve Do\u011fru Haber\",\"publisher\":{\"@id\":\"https:\\\/\\\/memurunsesi.net\\\/#organization\"},\"potentialAction\":[{\"@type\":\"SearchAction\",\"target\":{\"@type\":\"EntryPoint\",\"urlTemplate\":\"https:\\\/\\\/memurunsesi.net\\\/?s={search_term_string}\"},\"query-input\":{\"@type\":\"PropertyValueSpecification\",\"valueRequired\":true,\"valueName\":\"search_term_string\"}}],\"inLanguage\":\"tr\"},{\"@type\":\"Organization\",\"@id\":\"https:\\\/\\\/memurunsesi.net\\\/#organization\",\"name\":\"Memurun Sesi\",\"url\":\"https:\\\/\\\/memurunsesi.net\\\/\",\"logo\":{\"@type\":\"ImageObject\",\"inLanguage\":\"tr\",\"@id\":\"https:\\\/\\\/memurunsesi.net\\\/#\\\/schema\\\/logo\\\/image\\\/\",\"url\":\"https:\\\/\\\/memurunsesi.net\\\/wp-content\\\/uploads\\\/2025\\\/11\\\/cropped-MEMURUN-SESI.png\",\"contentUrl\":\"https:\\\/\\\/memurunsesi.net\\\/wp-content\\\/uploads\\\/2025\\\/11\\\/cropped-MEMURUN-SESI.png\",\"width\":238,\"height\":57,\"caption\":\"Memurun Sesi\"},\"image\":{\"@id\":\"https:\\\/\\\/memurunsesi.net\\\/#\\\/schema\\\/logo\\\/image\\\/\"},\"sameAs\":[\"https:\\\/\\\/www.facebook.com\\\/unipersen\\\/?locale=tr_TR\",\"https:\\\/\\\/x.com\\\/unipersen\"]},{\"@type\":\"Person\",\"@id\":\"https:\\\/\\\/memurunsesi.net\\\/#\\\/schema\\\/person\\\/f21c2d73b89f6ee1d80b0a1803e38587\",\"name\":\"Memurun Sesi Haber Merkezi\",\"image\":{\"@type\":\"ImageObject\",\"inLanguage\":\"tr\",\"@id\":\"https:\\\/\\\/secure.gravatar.com\\\/avatar\\\/6cf0505f452ee753f485014986fab09a434671d2b919ee76fc541025c5876a70?s=96&d=mm&r=g\",\"url\":\"https:\\\/\\\/secure.gravatar.com\\\/avatar\\\/6cf0505f452ee753f485014986fab09a434671d2b919ee76fc541025c5876a70?s=96&d=mm&r=g\",\"contentUrl\":\"https:\\\/\\\/secure.gravatar.com\\\/avatar\\\/6cf0505f452ee753f485014986fab09a434671d2b919ee76fc541025c5876a70?s=96&d=mm&r=g\",\"caption\":\"Memurun Sesi Haber Merkezi\"},\"sameAs\":[\"https:\\\/\\\/memurunsesi.net\"],\"url\":\"https:\\\/\\\/memurunsesi.net\\\/index.php\\\/author\\\/uniper\\\/\"}]}<\/script>\n<!-- \/ Yoast SEO plugin. -->","yoast_head_json":{"title":"Ankara\u2019da tekne \"karadan\" y\u00fcr\u00fct\u00fcld\u00fc... O anlar kamerada - Memurun Sesi","robots":{"index":"index","follow":"follow","max-snippet":"max-snippet:-1","max-image-preview":"max-image-preview:large","max-video-preview":"max-video-preview:-1"},"canonical":"https:\/\/memurunsesi.net\/index.php\/2025\/05\/06\/ankarada-tekne-karadan-yurutuldu-o-anlar-kamerada\/","og_locale":"tr_TR","og_type":"article","og_title":"Ankara\u2019da tekne \"karadan\" y\u00fcr\u00fct\u00fcld\u00fc... O anlar kamerada - Memurun Sesi","og_description":"&#8211; T\u0131r\u0131n \u00fczerine bindirilerek kara yolu ile ta\u015f\u0131nan tekne vatanda\u015flar\u0131n ilgi oda\u011f\u0131 oldu Ankara\u2019n\u0131n G\u00f6lba\u015f\u0131 il\u00e7esinde bir tekne, t\u0131r\u0131n \u00fcst\u00fcne bindirilerek kara yolu \u00fczerinden ta\u015f\u0131nd\u0131. Teknenin adeta karadan y\u00fcr\u00fcyor gibi g\u00f6r\u00fcnd\u00fc\u011f\u00fc anlar cep telefonu kameras\u0131na yans\u0131d\u0131. Ankara\u2019n\u0131n G\u00f6lba\u015f\u0131 il\u00e7esinde bir teknenin, t\u0131r\u0131n \u00fcst\u00fcne bindirilerek kara yolu \u00fczerinden ta\u015f\u0131nd\u0131\u011f\u0131 anlar vatanda\u015flar\u0131n ilgisini \u00e7ekti. Teknenin ta\u015f\u0131nd\u0131\u011f\u0131n\u0131 g\u00f6ren [&hellip;]","og_url":"https:\/\/memurunsesi.net\/index.php\/2025\/05\/06\/ankarada-tekne-karadan-yurutuldu-o-anlar-kamerada\/","og_site_name":"Memurun Sesi","article_publisher":"https:\/\/www.facebook.com\/unipersen\/?locale=tr_TR","article_published_time":"2025-05-06T05:43:27+00:00","author":"Memurun Sesi Haber Merkezi","twitter_card":"summary_large_image","twitter_creator":"@unipersen","twitter_site":"@unipersen","twitter_misc":{"Yazan:":"Memurun Sesi Haber Merkezi"},"schema":{"@context":"https:\/\/schema.org","@graph":[{"@type":"Article","@id":"https:\/\/memurunsesi.net\/index.php\/2025\/05\/06\/ankarada-tekne-karadan-yurutuldu-o-anlar-kamerada\/#article","isPartOf":{"@id":"https:\/\/memurunsesi.net\/index.php\/2025\/05\/06\/ankarada-tekne-karadan-yurutuldu-o-anlar-kamerada\/"},"author":{"name":"Memurun Sesi Haber Merkezi","@id":"https:\/\/memurunsesi.net\/#\/schema\/person\/f21c2d73b89f6ee1d80b0a1803e38587"},"headline":"Ankara\u2019da tekne &#8220;karadan&#8221; y\u00fcr\u00fct\u00fcld\u00fc&#8230; O anlar kamerada","datePublished":"2025-05-06T05:43:27+00:00","mainEntityOfPage":{"@id":"https:\/\/memurunsesi.net\/index.php\/2025\/05\/06\/ankarada-tekne-karadan-yurutuldu-o-anlar-kamerada\/"},"wordCount":126,"commentCount":0,"publisher":{"@id":"https:\/\/memurunsesi.net\/#organization"},"inLanguage":"tr","potentialAction":[{"@type":"CommentAction","name":"Comment","target":["https:\/\/memurunsesi.net\/index.php\/2025\/05\/06\/ankarada-tekne-karadan-yurutuldu-o-anlar-kamerada\/#respond"]}]},{"@type":"WebPage","@id":"https:\/\/memurunsesi.net\/index.php\/2025\/05\/06\/ankarada-tekne-karadan-yurutuldu-o-anlar-kamerada\/","url":"https:\/\/memurunsesi.net\/index.php\/2025\/05\/06\/ankarada-tekne-karadan-yurutuldu-o-anlar-kamerada\/","name":"Ankara\u2019da tekne \"karadan\" y\u00fcr\u00fct\u00fcld\u00fc... O anlar kamerada - Memurun Sesi","isPartOf":{"@id":"https:\/\/memurunsesi.net\/#website"},"datePublished":"2025-05-06T05:43:27+00:00","breadcrumb":{"@id":"https:\/\/memurunsesi.net\/index.php\/2025\/05\/06\/ankarada-tekne-karadan-yurutuldu-o-anlar-kamerada\/#breadcrumb"},"inLanguage":"tr","potentialAction":[{"@type":"ReadAction","target":["https:\/\/memurunsesi.net\/index.php\/2025\/05\/06\/ankarada-tekne-karadan-yurutuldu-o-anlar-kamerada\/"]}]},{"@type":"BreadcrumbList","@id":"https:\/\/memurunsesi.net\/index.php\/2025\/05\/06\/ankarada-tekne-karadan-yurutuldu-o-anlar-kamerada\/#breadcrumb","itemListElement":[{"@type":"ListItem","position":1,"name":"Anasayfa","item":"https:\/\/memurunsesi.net\/"},{"@type":"ListItem","position":2,"name":"Ankara\u2019da tekne &#8220;karadan&#8221; y\u00fcr\u00fct\u00fcld\u00fc&#8230; O anlar kamerada"}]},{"@type":"WebSite","@id":"https:\/\/memurunsesi.net\/#website","url":"https:\/\/memurunsesi.net\/","name":"Memurun Sesi","description":"G\u00fcncel ve Do\u011fru Haber","publisher":{"@id":"https:\/\/memurunsesi.net\/#organization"},"potentialAction":[{"@type":"SearchAction","target":{"@type":"EntryPoint","urlTemplate":"https:\/\/memurunsesi.net\/?s={search_term_string}"},"query-input":{"@type":"PropertyValueSpecification","valueRequired":true,"valueName":"search_term_string"}}],"inLanguage":"tr"},{"@type":"Organization","@id":"https:\/\/memurunsesi.net\/#organization","name":"Memurun Sesi","url":"https:\/\/memurunsesi.net\/","logo":{"@type":"ImageObject","inLanguage":"tr","@id":"https:\/\/memurunsesi.net\/#\/schema\/logo\/image\/","url":"https:\/\/memurunsesi.net\/wp-content\/uploads\/2025\/11\/cropped-MEMURUN-SESI.png","contentUrl":"https:\/\/memurunsesi.net\/wp-content\/uploads\/2025\/11\/cropped-MEMURUN-SESI.png","width":238,"height":57,"caption":"Memurun Sesi"},"image":{"@id":"https:\/\/memurunsesi.net\/#\/schema\/logo\/image\/"},"sameAs":["https:\/\/www.facebook.com\/unipersen\/?locale=tr_TR","https:\/\/x.com\/unipersen"]},{"@type":"Person","@id":"https:\/\/memurunsesi.net\/#\/schema\/person\/f21c2d73b89f6ee1d80b0a1803e38587","name":"Memurun Sesi Haber Merkezi","image":{"@type":"ImageObject","inLanguage":"tr","@id":"https:\/\/secure.gravatar.com\/avatar\/6cf0505f452ee753f485014986fab09a434671d2b919ee76fc541025c5876a70?s=96&d=mm&r=g","url":"https:\/\/secure.gravatar.com\/avatar\/6cf0505f452ee753f485014986fab09a434671d2b919ee76fc541025c5876a70?s=96&d=mm&r=g","contentUrl":"https:\/\/secure.gravatar.com\/avatar\/6cf0505f452ee753f485014986fab09a434671d2b919ee76fc541025c5876a70?s=96&d=mm&r=g","caption":"Memurun Sesi Haber Merkezi"},"sameAs":["https:\/\/memurunsesi.net"],"url":"https:\/\/memurunsesi.net\/index.php\/author\/uniper\/"}]}},"_links":{"self":[{"href":"https:\/\/memurunsesi.net\/index.php\/wp-json\/wp\/v2\/posts\/6648","targetHints":{"allow":["GET"]}}],"collection":[{"href":"https:\/\/memurunsesi.net\/index.php\/wp-json\/wp\/v2\/posts"}],"about":[{"href":"https:\/\/memurunsesi.net\/index.php\/wp-json\/wp\/v2\/types\/post"}],"author":[{"embeddable":true,"href":"https:\/\/memurunsesi.net\/index.php\/wp-json\/wp\/v2\/users\/1"}],"replies":[{"embeddable":true,"href":"https:\/\/memurunsesi.net\/index.php\/wp-json\/wp\/v2\/comments?post=6648"}],"version-history":[{"count":1,"href":"https:\/\/memurunsesi.net\/index.php\/wp-json\/wp\/v2\/posts\/6648\/revisions"}],"predecessor-version":[{"id":6650,"href":"https:\/\/memurunsesi.net\/index.php\/wp-json\/wp\/v2\/posts\/6648\/revisions\/6650"}],"wp:attachment":[{"href":"https:\/\/memurunsesi.net\/index.php\/wp-json\/wp\/v2\/media?parent=6648"}],"wp:term":[{"taxonomy":"category","embeddable":true,"href":"https:\/\/memurunsesi.net\/index.php\/wp-json\/wp\/v2\/categories?post=6648"},{"taxonomy":"post_tag","embeddable":true,"href":"https:\/\/memurunsesi.net\/index.php\/wp-json\/wp\/v2\/tags?post=6648"}],"curies":[{"name":"wp","href":"https:\/\/api.w.org\/{rel}","templated":true}]}}