{"id":6654,"date":"2025-05-06T08:48:50","date_gmt":"2025-05-06T05:48:50","guid":{"rendered":"https:\/\/memurunsesi.net\/?p=6654"},"modified":"2025-05-06T08:48:50","modified_gmt":"2025-05-06T05:48:50","slug":"girisimcilik-maratonu-2025te-basarili-girisimcilere-odulleri-takdim-edildi","status":"publish","type":"post","link":"https:\/\/memurunsesi.net\/index.php\/2025\/05\/06\/girisimcilik-maratonu-2025te-basarili-girisimcilere-odulleri-takdim-edildi\/","title":{"rendered":"Giri\u015fimcilik Maratonu 2025&#8217;te ba\u015far\u0131l\u0131 giri\u015fimcilere \u00f6d\u00fclleri takdim edildi"},"content":{"rendered":"<p>  D\u00fczce \u00dcniversitesi ve D\u00fczce Teknopark i\u015f birli\u011fiyle d\u00fczenlenen ve 3 g\u00fcn s\u00fcresince yenilik\u00e7i i\u015f fikirlerinin birbirleriyle yar\u0131\u015fmas\u0131na sahne olan Giri\u015fimcilik Maratonu 2025\u2019te gelece\u011fin ba\u015far\u0131l\u0131 giri\u015fimcilerine \u00f6d\u00fclleri takdim edildi.<br \/>\n Cumhuriyet Konferans Salonunda d\u00fczenlenen program\u0131n a\u00e7\u0131l\u0131\u015f konu\u015fmas\u0131n\u0131 ger\u00e7ekle\u015ftiren D\u00fczce Teknopark Genel M\u00fcd\u00fcr\u00fc Prof. Dr. Resul Kara, 2016 y\u0131l\u0131ndan itibaren Giri\u015fimcilik Maratonu ad\u0131 alt\u0131nda 5 binden fazla giri\u015fimcinin ba\u015fvurdu\u011fu etkinli\u011fin marka haline geldi\u011fine ve \u00f6nemli f\u0131rsatlar sundu\u011funa dikkat \u00e7ekti. 48 saatlik yo\u011fun \u00e7al\u0131\u015fma temposu ve ment\u00f6rlerin destekleriyle olgunla\u015fan i\u015f fikirlerinin, Giri\u015fimcilik Maratonu ile ticarile\u015fmeye ilk ad\u0131m\u0131n\u0131 ataca\u011f\u0131n\u0131 belirten Resul Kara, 67 farkl\u0131 \u00fcniversiteden 478 ba\u015fvurunun, program\u0131n ne kadar \u00f6nemi bir platform haline geldi\u011finin g\u00f6stergesi oldu\u011funu vurgulad\u0131. Kat\u0131l\u0131mc\u0131lar\u0131n i\u015f modeli geli\u015ftirme, finansal planlama ve fikri haklar gibi bir\u00e7ok konuda e\u011fitimler ald\u0131\u011f\u0131n\u0131 da ifade eden Kara, cesaret ve yenilik\u00e7i fikirleri i\u00e7in kendilerine te\u015fekk\u00fcr etti.  <\/p>\n<p> &#8220;Giri\u015fimcilik ekosisteminden katma de\u011ferli \u00fcr\u00fcn ve markalar \u00e7\u0131k\u0131yor&#8221;<br \/>\n D\u00fczce \u00dcniversitesi Rekt\u00f6r\u00fc Prof. Dr. Nedim S\u00f6zbir, T\u00fcrkiye\u2019nin geli\u015fmesinde giri\u015fimcili\u011fin b\u00fcy\u00fck rol\u00fc oldu\u011funu vurgulayarak s\u00f6zlerine ba\u015flad\u0131. Giri\u015fimcilik ekosisteminden katma de\u011ferli \u00fcr\u00fcn ve markalar\u0131n \u00e7\u0131kt\u0131\u011f\u0131n\u0131 ifade eden Nedim S\u00f6zbir, her \u015feyin hayalle ba\u015flad\u0131\u011f\u0131n\u0131 belirterek bu etkinlikten de yeni marklar\u0131n \u00e7\u0131kaca\u011f\u0131na ve yat\u0131r\u0131m \u00e7ekece\u011fine inand\u0131\u011f\u0131n\u0131 s\u00f6zlerine ekledi.<br \/>\n A\u00e7\u0131l\u0131\u015f konu\u015fmalar\u0131n\u0131n sonras\u0131nda Rekt\u00f6r Nedim S\u00f6zbir taraf\u0131ndan etkinli\u011fin sponsor ve payda\u015f kurumlar\u0131na ve ment\u00f6rlere plaketleri takdim edildi. Plaket sunumunun ard\u0131ndan finale kalan 15 tak\u0131m\u0131n sunumlar\u0131na ge\u00e7ildi. E\u011fitmenlerce verilen e\u011fitimler ve ment\u00f6rlerin rehberli\u011fiyle, inovatif fikirlerini i\u015f modeline \u00e7eviren, prototip \u00e7al\u0131\u015fmalar\u0131 ger\u00e7ekle\u015ftirerek \u00fcr\u00fcn veya hizmete d\u00f6n\u00fc\u015ft\u00fcren \u00f6\u011frenciler, \u00f6d\u00fclleri kazanmak i\u00e7in birbirleriyle yar\u0131\u015ft\u0131.<br \/>\nGiri\u015fimcilik Maratonu 2024\u2019\u00fcn finalistlerinden Kaps\u00fcl Kulu\u00e7ka Merkezi \u00d6n Kulu\u00e7ka Program\u0131na kabul edilen tak\u0131mlar, yat\u0131r\u0131mc\u0131lar i\u00e7in sunumlar\u0131n\u0131 ger\u00e7ekle\u015ftirdi.  Sunumlar\u0131n tamamlanmas\u0131yla \u00f6d\u00fcl t\u00f6reni ger\u00e7ekle\u015ftirildi. <\/p>\n<p>  \u00d6d\u00fcller sahiplerini buldu<br \/>\n J\u00fcri de\u011ferlendirmesi sonucunda Kabinova i\u015f fikri 100 bin TL\u2019lik birincilik \u00f6d\u00fcl\u00fc almaya hak kazand\u0131. Neuronova fikri 75 bin TL\u2019lik ikincilik \u00f6d\u00fcl\u00fcn\u00fcn sahibi olurken, Lumifarm fikri ise 50 bin TL\u2019lik \u00fc\u00e7\u00fcnc\u00fcl\u00fck \u00f6d\u00fcl\u00fcne lay\u0131k g\u00f6r\u00fcld\u00fc.<br \/>\nGelece\u011fin Giri\u015fimcilerinden, Yenilik\u00e7i Fikirlerini Hayalden Ger\u00e7e\u011fe D\u00f6n\u00fc\u015ft\u00fcrme F\u0131rsat\u0131<br \/>\nGiri\u015fimcilik Maratonu 2025 ile yeni ba\u015far\u0131 hikayeleri yazan ve farkl\u0131 \u00e7al\u0131\u015fmalara imza atan gelece\u011fin giri\u015fimcileri, yenilik\u00e7i fikirlerini hayalden ger\u00e7e\u011fe d\u00f6n\u00fc\u015ft\u00fcrme f\u0131rsat\u0131 yakalad\u0131. <\/p>\n<p>6.05.2025                            <\/p>\n","protected":false},"excerpt":{"rendered":"<p>D\u00fczce \u00dcniversitesi ve D\u00fczce Teknopark i\u015f birli\u011fiyle d\u00fczenlenen ve 3 g\u00fcn s\u00fcresince yenilik\u00e7i i\u015f fikirlerinin birbirleriyle yar\u0131\u015fmas\u0131na sahne olan Giri\u015fimcilik Maratonu 2025\u2019te gelece\u011fin ba\u015far\u0131l\u0131 giri\u015fimcilerine \u00f6d\u00fclleri takdim edildi. Cumhuriyet Konferans Salonunda d\u00fczenlenen program\u0131n a\u00e7\u0131l\u0131\u015f konu\u015fmas\u0131n\u0131 ger\u00e7ekle\u015ftiren D\u00fczce Teknopark Genel M\u00fcd\u00fcr\u00fc Prof. Dr. Resul Kara, 2016 y\u0131l\u0131ndan itibaren Giri\u015fimcilik Maratonu ad\u0131 alt\u0131nda 5 binden fazla giri\u015fimcinin [&hellip;]<\/p>\n","protected":false},"author":1,"featured_media":6655,"comment_status":"open","ping_status":"open","sticky":false,"template":"","format":"standard","meta":{"footnotes":""},"categories":[51],"tags":[],"class_list":["post-6654","post","type-post","status-publish","format-standard","has-post-thumbnail","hentry","category-teknoloji"],"yoast_head":"<!-- This site is optimized with the Yoast SEO plugin v27.4 - https:\/\/yoast.com\/product\/yoast-seo-wordpress\/ -->\n<title>Giri\u015fimcilik Maratonu 2025&#039;te ba\u015far\u0131l\u0131 giri\u015fimcilere \u00f6d\u00fclleri takdim edildi - Memurun Sesi<\/title>\n<meta name=\"robots\" content=\"index, follow, max-snippet:-1, max-image-preview:large, max-video-preview:-1\" \/>\n<link rel=\"canonical\" href=\"https:\/\/memurunsesi.net\/index.php\/2025\/05\/06\/girisimcilik-maratonu-2025te-basarili-girisimcilere-odulleri-takdim-edildi\/\" \/>\n<meta property=\"og:locale\" content=\"tr_TR\" \/>\n<meta property=\"og:type\" content=\"article\" \/>\n<meta property=\"og:title\" content=\"Giri\u015fimcilik Maratonu 2025&#039;te ba\u015far\u0131l\u0131 giri\u015fimcilere \u00f6d\u00fclleri takdim edildi - Memurun Sesi\" \/>\n<meta property=\"og:description\" content=\"D\u00fczce \u00dcniversitesi ve D\u00fczce Teknopark i\u015f birli\u011fiyle d\u00fczenlenen ve 3 g\u00fcn s\u00fcresince yenilik\u00e7i i\u015f fikirlerinin birbirleriyle yar\u0131\u015fmas\u0131na sahne olan Giri\u015fimcilik Maratonu 2025\u2019te gelece\u011fin ba\u015far\u0131l\u0131 giri\u015fimcilerine \u00f6d\u00fclleri takdim edildi. Cumhuriyet Konferans Salonunda d\u00fczenlenen program\u0131n a\u00e7\u0131l\u0131\u015f konu\u015fmas\u0131n\u0131 ger\u00e7ekle\u015ftiren D\u00fczce Teknopark Genel M\u00fcd\u00fcr\u00fc Prof. Dr. Resul Kara, 2016 y\u0131l\u0131ndan itibaren Giri\u015fimcilik Maratonu ad\u0131 alt\u0131nda 5 binden fazla giri\u015fimcinin [&hellip;]\" \/>\n<meta property=\"og:url\" content=\"https:\/\/memurunsesi.net\/index.php\/2025\/05\/06\/girisimcilik-maratonu-2025te-basarili-girisimcilere-odulleri-takdim-edildi\/\" \/>\n<meta property=\"og:site_name\" content=\"Memurun Sesi\" \/>\n<meta property=\"article:publisher\" content=\"https:\/\/www.facebook.com\/unipersen\/?locale=tr_TR\" \/>\n<meta property=\"article:published_time\" content=\"2025-05-06T05:48:50+00:00\" \/>\n<meta property=\"og:image\" content=\"https:\/\/memurunsesi.net\/wp-content\/uploads\/2025\/05\/AW447972_01.jpg\" \/>\n\t<meta property=\"og:image:width\" content=\"1600\" \/>\n\t<meta property=\"og:image:height\" content=\"1066\" \/>\n\t<meta property=\"og:image:type\" content=\"image\/jpeg\" \/>\n<meta name=\"author\" content=\"Memurun Sesi Haber Merkezi\" \/>\n<meta name=\"twitter:card\" content=\"summary_large_image\" \/>\n<meta name=\"twitter:creator\" content=\"@unipersen\" \/>\n<meta name=\"twitter:site\" content=\"@unipersen\" \/>\n<meta name=\"twitter:label1\" content=\"Yazan:\" \/>\n\t<meta name=\"twitter:data1\" content=\"Memurun Sesi Haber Merkezi\" \/>\n\t<meta name=\"twitter:label2\" content=\"Tahmini okuma s\u00fcresi\" \/>\n\t<meta name=\"twitter:data2\" content=\"1 dakika\" \/>\n<script type=\"application\/ld+json\" class=\"yoast-schema-graph\">{\"@context\":\"https:\\\/\\\/schema.org\",\"@graph\":[{\"@type\":\"Article\",\"@id\":\"https:\\\/\\\/memurunsesi.net\\\/index.php\\\/2025\\\/05\\\/06\\\/girisimcilik-maratonu-2025te-basarili-girisimcilere-odulleri-takdim-edildi\\\/#article\",\"isPartOf\":{\"@id\":\"https:\\\/\\\/memurunsesi.net\\\/index.php\\\/2025\\\/05\\\/06\\\/girisimcilik-maratonu-2025te-basarili-girisimcilere-odulleri-takdim-edildi\\\/\"},\"author\":{\"name\":\"Memurun Sesi Haber Merkezi\",\"@id\":\"https:\\\/\\\/memurunsesi.net\\\/#\\\/schema\\\/person\\\/f21c2d73b89f6ee1d80b0a1803e38587\"},\"headline\":\"Giri\u015fimcilik Maratonu 2025&#8217;te ba\u015far\u0131l\u0131 giri\u015fimcilere \u00f6d\u00fclleri takdim edildi\",\"datePublished\":\"2025-05-06T05:48:50+00:00\",\"mainEntityOfPage\":{\"@id\":\"https:\\\/\\\/memurunsesi.net\\\/index.php\\\/2025\\\/05\\\/06\\\/girisimcilik-maratonu-2025te-basarili-girisimcilere-odulleri-takdim-edildi\\\/\"},\"wordCount\":503,\"commentCount\":0,\"publisher\":{\"@id\":\"https:\\\/\\\/memurunsesi.net\\\/#organization\"},\"image\":{\"@id\":\"https:\\\/\\\/memurunsesi.net\\\/index.php\\\/2025\\\/05\\\/06\\\/girisimcilik-maratonu-2025te-basarili-girisimcilere-odulleri-takdim-edildi\\\/#primaryimage\"},\"thumbnailUrl\":\"https:\\\/\\\/memurunsesi.net\\\/wp-content\\\/uploads\\\/2025\\\/05\\\/AW447972_01.jpg\",\"articleSection\":[\"Teknoloji\"],\"inLanguage\":\"tr\",\"potentialAction\":[{\"@type\":\"CommentAction\",\"name\":\"Comment\",\"target\":[\"https:\\\/\\\/memurunsesi.net\\\/index.php\\\/2025\\\/05\\\/06\\\/girisimcilik-maratonu-2025te-basarili-girisimcilere-odulleri-takdim-edildi\\\/#respond\"]}]},{\"@type\":\"WebPage\",\"@id\":\"https:\\\/\\\/memurunsesi.net\\\/index.php\\\/2025\\\/05\\\/06\\\/girisimcilik-maratonu-2025te-basarili-girisimcilere-odulleri-takdim-edildi\\\/\",\"url\":\"https:\\\/\\\/memurunsesi.net\\\/index.php\\\/2025\\\/05\\\/06\\\/girisimcilik-maratonu-2025te-basarili-girisimcilere-odulleri-takdim-edildi\\\/\",\"name\":\"Giri\u015fimcilik Maratonu 2025'te ba\u015far\u0131l\u0131 giri\u015fimcilere \u00f6d\u00fclleri takdim edildi - Memurun Sesi\",\"isPartOf\":{\"@id\":\"https:\\\/\\\/memurunsesi.net\\\/#website\"},\"primaryImageOfPage\":{\"@id\":\"https:\\\/\\\/memurunsesi.net\\\/index.php\\\/2025\\\/05\\\/06\\\/girisimcilik-maratonu-2025te-basarili-girisimcilere-odulleri-takdim-edildi\\\/#primaryimage\"},\"image\":{\"@id\":\"https:\\\/\\\/memurunsesi.net\\\/index.php\\\/2025\\\/05\\\/06\\\/girisimcilik-maratonu-2025te-basarili-girisimcilere-odulleri-takdim-edildi\\\/#primaryimage\"},\"thumbnailUrl\":\"https:\\\/\\\/memurunsesi.net\\\/wp-content\\\/uploads\\\/2025\\\/05\\\/AW447972_01.jpg\",\"datePublished\":\"2025-05-06T05:48:50+00:00\",\"breadcrumb\":{\"@id\":\"https:\\\/\\\/memurunsesi.net\\\/index.php\\\/2025\\\/05\\\/06\\\/girisimcilik-maratonu-2025te-basarili-girisimcilere-odulleri-takdim-edildi\\\/#breadcrumb\"},\"inLanguage\":\"tr\",\"potentialAction\":[{\"@type\":\"ReadAction\",\"target\":[\"https:\\\/\\\/memurunsesi.net\\\/index.php\\\/2025\\\/05\\\/06\\\/girisimcilik-maratonu-2025te-basarili-girisimcilere-odulleri-takdim-edildi\\\/\"]}]},{\"@type\":\"ImageObject\",\"inLanguage\":\"tr\",\"@id\":\"https:\\\/\\\/memurunsesi.net\\\/index.php\\\/2025\\\/05\\\/06\\\/girisimcilik-maratonu-2025te-basarili-girisimcilere-odulleri-takdim-edildi\\\/#primaryimage\",\"url\":\"https:\\\/\\\/memurunsesi.net\\\/wp-content\\\/uploads\\\/2025\\\/05\\\/AW447972_01.jpg\",\"contentUrl\":\"https:\\\/\\\/memurunsesi.net\\\/wp-content\\\/uploads\\\/2025\\\/05\\\/AW447972_01.jpg\",\"width\":1600,\"height\":1066,\"caption\":\"D\u00dcZCE \u00dcN\u0130VERS\u0130TES\u0130 VE D\u00dcZCE TEKNOPARK \u0130\u015e B\u0130RL\u0130\u011e\u0130YLE D\u00dcZENLENEN VE 3 G\u00dcN S\u00dcRES\u0130NCE YEN\u0130L\u0130K\u00c7\u0130 \u0130\u015e F\u0130K\u0130RLER\u0130N\u0130N B\u0130RB\u0130RLER\u0130YLE YARI\u015eMASINA SAHNE OLAN G\u0130R\u0130\u015e\u0130MC\u0130L\u0130K MARATONU 2025'TE GELECE\u011e\u0130N BA\u015eARILI G\u0130R\u0130\u015e\u0130MC\u0130LER\u0130NE \u00d6D\u00dcLLER\u0130 TAKD\u0130M ED\u0130LD\u0130. (AL\u0130 YILDIZ\\\/D\u00dcZCE-\u0130HA) D\u00fczce \u00dcniversitesi ve D\u00fczce Teknopark i\u015f birli\u011fiyle d\u00fczenlenen ve 3 g\u00fcn s\u00fcresince yenilik\u00e7i i\u015f fikirlerinin birbirleriyle yar\u0131\u015fmas\u0131na sahne olan Giri\u015fimcilik Maratonu 2025'te gelece\u011fin ba\u015far\u0131l\u0131 giri\u015fimcilerine \u00f6d\u00fclleri takdim edildi.\"},{\"@type\":\"BreadcrumbList\",\"@id\":\"https:\\\/\\\/memurunsesi.net\\\/index.php\\\/2025\\\/05\\\/06\\\/girisimcilik-maratonu-2025te-basarili-girisimcilere-odulleri-takdim-edildi\\\/#breadcrumb\",\"itemListElement\":[{\"@type\":\"ListItem\",\"position\":1,\"name\":\"Anasayfa\",\"item\":\"https:\\\/\\\/memurunsesi.net\\\/\"},{\"@type\":\"ListItem\",\"position\":2,\"name\":\"Giri\u015fimcilik Maratonu 2025&#8217;te ba\u015far\u0131l\u0131 giri\u015fimcilere \u00f6d\u00fclleri takdim edildi\"}]},{\"@type\":\"WebSite\",\"@id\":\"https:\\\/\\\/memurunsesi.net\\\/#website\",\"url\":\"https:\\\/\\\/memurunsesi.net\\\/\",\"name\":\"Memurun Sesi\",\"description\":\"G\u00fcncel ve Do\u011fru Haber\",\"publisher\":{\"@id\":\"https:\\\/\\\/memurunsesi.net\\\/#organization\"},\"potentialAction\":[{\"@type\":\"SearchAction\",\"target\":{\"@type\":\"EntryPoint\",\"urlTemplate\":\"https:\\\/\\\/memurunsesi.net\\\/?s={search_term_string}\"},\"query-input\":{\"@type\":\"PropertyValueSpecification\",\"valueRequired\":true,\"valueName\":\"search_term_string\"}}],\"inLanguage\":\"tr\"},{\"@type\":\"Organization\",\"@id\":\"https:\\\/\\\/memurunsesi.net\\\/#organization\",\"name\":\"Memurun Sesi\",\"url\":\"https:\\\/\\\/memurunsesi.net\\\/\",\"logo\":{\"@type\":\"ImageObject\",\"inLanguage\":\"tr\",\"@id\":\"https:\\\/\\\/memurunsesi.net\\\/#\\\/schema\\\/logo\\\/image\\\/\",\"url\":\"https:\\\/\\\/memurunsesi.net\\\/wp-content\\\/uploads\\\/2025\\\/11\\\/cropped-MEMURUN-SESI.png\",\"contentUrl\":\"https:\\\/\\\/memurunsesi.net\\\/wp-content\\\/uploads\\\/2025\\\/11\\\/cropped-MEMURUN-SESI.png\",\"width\":238,\"height\":57,\"caption\":\"Memurun Sesi\"},\"image\":{\"@id\":\"https:\\\/\\\/memurunsesi.net\\\/#\\\/schema\\\/logo\\\/image\\\/\"},\"sameAs\":[\"https:\\\/\\\/www.facebook.com\\\/unipersen\\\/?locale=tr_TR\",\"https:\\\/\\\/x.com\\\/unipersen\"]},{\"@type\":\"Person\",\"@id\":\"https:\\\/\\\/memurunsesi.net\\\/#\\\/schema\\\/person\\\/f21c2d73b89f6ee1d80b0a1803e38587\",\"name\":\"Memurun Sesi Haber Merkezi\",\"image\":{\"@type\":\"ImageObject\",\"inLanguage\":\"tr\",\"@id\":\"https:\\\/\\\/secure.gravatar.com\\\/avatar\\\/6cf0505f452ee753f485014986fab09a434671d2b919ee76fc541025c5876a70?s=96&d=mm&r=g\",\"url\":\"https:\\\/\\\/secure.gravatar.com\\\/avatar\\\/6cf0505f452ee753f485014986fab09a434671d2b919ee76fc541025c5876a70?s=96&d=mm&r=g\",\"contentUrl\":\"https:\\\/\\\/secure.gravatar.com\\\/avatar\\\/6cf0505f452ee753f485014986fab09a434671d2b919ee76fc541025c5876a70?s=96&d=mm&r=g\",\"caption\":\"Memurun Sesi Haber Merkezi\"},\"sameAs\":[\"https:\\\/\\\/memurunsesi.net\"],\"url\":\"https:\\\/\\\/memurunsesi.net\\\/index.php\\\/author\\\/uniper\\\/\"}]}<\/script>\n<!-- \/ Yoast SEO plugin. -->","yoast_head_json":{"title":"Giri\u015fimcilik Maratonu 2025'te ba\u015far\u0131l\u0131 giri\u015fimcilere \u00f6d\u00fclleri takdim edildi - Memurun Sesi","robots":{"index":"index","follow":"follow","max-snippet":"max-snippet:-1","max-image-preview":"max-image-preview:large","max-video-preview":"max-video-preview:-1"},"canonical":"https:\/\/memurunsesi.net\/index.php\/2025\/05\/06\/girisimcilik-maratonu-2025te-basarili-girisimcilere-odulleri-takdim-edildi\/","og_locale":"tr_TR","og_type":"article","og_title":"Giri\u015fimcilik Maratonu 2025'te ba\u015far\u0131l\u0131 giri\u015fimcilere \u00f6d\u00fclleri takdim edildi - Memurun Sesi","og_description":"D\u00fczce \u00dcniversitesi ve D\u00fczce Teknopark i\u015f birli\u011fiyle d\u00fczenlenen ve 3 g\u00fcn s\u00fcresince yenilik\u00e7i i\u015f fikirlerinin birbirleriyle yar\u0131\u015fmas\u0131na sahne olan Giri\u015fimcilik Maratonu 2025\u2019te gelece\u011fin ba\u015far\u0131l\u0131 giri\u015fimcilerine \u00f6d\u00fclleri takdim edildi. Cumhuriyet Konferans Salonunda d\u00fczenlenen program\u0131n a\u00e7\u0131l\u0131\u015f konu\u015fmas\u0131n\u0131 ger\u00e7ekle\u015ftiren D\u00fczce Teknopark Genel M\u00fcd\u00fcr\u00fc Prof. Dr. Resul Kara, 2016 y\u0131l\u0131ndan itibaren Giri\u015fimcilik Maratonu ad\u0131 alt\u0131nda 5 binden fazla giri\u015fimcinin [&hellip;]","og_url":"https:\/\/memurunsesi.net\/index.php\/2025\/05\/06\/girisimcilik-maratonu-2025te-basarili-girisimcilere-odulleri-takdim-edildi\/","og_site_name":"Memurun Sesi","article_publisher":"https:\/\/www.facebook.com\/unipersen\/?locale=tr_TR","article_published_time":"2025-05-06T05:48:50+00:00","og_image":[{"width":1600,"height":1066,"url":"https:\/\/memurunsesi.net\/wp-content\/uploads\/2025\/05\/AW447972_01.jpg","type":"image\/jpeg"}],"author":"Memurun Sesi Haber Merkezi","twitter_card":"summary_large_image","twitter_creator":"@unipersen","twitter_site":"@unipersen","twitter_misc":{"Yazan:":"Memurun Sesi Haber Merkezi","Tahmini okuma s\u00fcresi":"1 dakika"},"schema":{"@context":"https:\/\/schema.org","@graph":[{"@type":"Article","@id":"https:\/\/memurunsesi.net\/index.php\/2025\/05\/06\/girisimcilik-maratonu-2025te-basarili-girisimcilere-odulleri-takdim-edildi\/#article","isPartOf":{"@id":"https:\/\/memurunsesi.net\/index.php\/2025\/05\/06\/girisimcilik-maratonu-2025te-basarili-girisimcilere-odulleri-takdim-edildi\/"},"author":{"name":"Memurun Sesi Haber Merkezi","@id":"https:\/\/memurunsesi.net\/#\/schema\/person\/f21c2d73b89f6ee1d80b0a1803e38587"},"headline":"Giri\u015fimcilik Maratonu 2025&#8217;te ba\u015far\u0131l\u0131 giri\u015fimcilere \u00f6d\u00fclleri takdim edildi","datePublished":"2025-05-06T05:48:50+00:00","mainEntityOfPage":{"@id":"https:\/\/memurunsesi.net\/index.php\/2025\/05\/06\/girisimcilik-maratonu-2025te-basarili-girisimcilere-odulleri-takdim-edildi\/"},"wordCount":503,"commentCount":0,"publisher":{"@id":"https:\/\/memurunsesi.net\/#organization"},"image":{"@id":"https:\/\/memurunsesi.net\/index.php\/2025\/05\/06\/girisimcilik-maratonu-2025te-basarili-girisimcilere-odulleri-takdim-edildi\/#primaryimage"},"thumbnailUrl":"https:\/\/memurunsesi.net\/wp-content\/uploads\/2025\/05\/AW447972_01.jpg","articleSection":["Teknoloji"],"inLanguage":"tr","potentialAction":[{"@type":"CommentAction","name":"Comment","target":["https:\/\/memurunsesi.net\/index.php\/2025\/05\/06\/girisimcilik-maratonu-2025te-basarili-girisimcilere-odulleri-takdim-edildi\/#respond"]}]},{"@type":"WebPage","@id":"https:\/\/memurunsesi.net\/index.php\/2025\/05\/06\/girisimcilik-maratonu-2025te-basarili-girisimcilere-odulleri-takdim-edildi\/","url":"https:\/\/memurunsesi.net\/index.php\/2025\/05\/06\/girisimcilik-maratonu-2025te-basarili-girisimcilere-odulleri-takdim-edildi\/","name":"Giri\u015fimcilik Maratonu 2025'te ba\u015far\u0131l\u0131 giri\u015fimcilere \u00f6d\u00fclleri takdim edildi - Memurun Sesi","isPartOf":{"@id":"https:\/\/memurunsesi.net\/#website"},"primaryImageOfPage":{"@id":"https:\/\/memurunsesi.net\/index.php\/2025\/05\/06\/girisimcilik-maratonu-2025te-basarili-girisimcilere-odulleri-takdim-edildi\/#primaryimage"},"image":{"@id":"https:\/\/memurunsesi.net\/index.php\/2025\/05\/06\/girisimcilik-maratonu-2025te-basarili-girisimcilere-odulleri-takdim-edildi\/#primaryimage"},"thumbnailUrl":"https:\/\/memurunsesi.net\/wp-content\/uploads\/2025\/05\/AW447972_01.jpg","datePublished":"2025-05-06T05:48:50+00:00","breadcrumb":{"@id":"https:\/\/memurunsesi.net\/index.php\/2025\/05\/06\/girisimcilik-maratonu-2025te-basarili-girisimcilere-odulleri-takdim-edildi\/#breadcrumb"},"inLanguage":"tr","potentialAction":[{"@type":"ReadAction","target":["https:\/\/memurunsesi.net\/index.php\/2025\/05\/06\/girisimcilik-maratonu-2025te-basarili-girisimcilere-odulleri-takdim-edildi\/"]}]},{"@type":"ImageObject","inLanguage":"tr","@id":"https:\/\/memurunsesi.net\/index.php\/2025\/05\/06\/girisimcilik-maratonu-2025te-basarili-girisimcilere-odulleri-takdim-edildi\/#primaryimage","url":"https:\/\/memurunsesi.net\/wp-content\/uploads\/2025\/05\/AW447972_01.jpg","contentUrl":"https:\/\/memurunsesi.net\/wp-content\/uploads\/2025\/05\/AW447972_01.jpg","width":1600,"height":1066,"caption":"D\u00dcZCE \u00dcN\u0130VERS\u0130TES\u0130 VE D\u00dcZCE TEKNOPARK \u0130\u015e B\u0130RL\u0130\u011e\u0130YLE D\u00dcZENLENEN VE 3 G\u00dcN S\u00dcRES\u0130NCE YEN\u0130L\u0130K\u00c7\u0130 \u0130\u015e F\u0130K\u0130RLER\u0130N\u0130N B\u0130RB\u0130RLER\u0130YLE YARI\u015eMASINA SAHNE OLAN G\u0130R\u0130\u015e\u0130MC\u0130L\u0130K MARATONU 2025'TE GELECE\u011e\u0130N BA\u015eARILI G\u0130R\u0130\u015e\u0130MC\u0130LER\u0130NE \u00d6D\u00dcLLER\u0130 TAKD\u0130M ED\u0130LD\u0130. (AL\u0130 YILDIZ\/D\u00dcZCE-\u0130HA) D\u00fczce \u00dcniversitesi ve D\u00fczce Teknopark i\u015f birli\u011fiyle d\u00fczenlenen ve 3 g\u00fcn s\u00fcresince yenilik\u00e7i i\u015f fikirlerinin birbirleriyle yar\u0131\u015fmas\u0131na sahne olan Giri\u015fimcilik Maratonu 2025'te gelece\u011fin ba\u015far\u0131l\u0131 giri\u015fimcilerine \u00f6d\u00fclleri takdim edildi."},{"@type":"BreadcrumbList","@id":"https:\/\/memurunsesi.net\/index.php\/2025\/05\/06\/girisimcilik-maratonu-2025te-basarili-girisimcilere-odulleri-takdim-edildi\/#breadcrumb","itemListElement":[{"@type":"ListItem","position":1,"name":"Anasayfa","item":"https:\/\/memurunsesi.net\/"},{"@type":"ListItem","position":2,"name":"Giri\u015fimcilik Maratonu 2025&#8217;te ba\u015far\u0131l\u0131 giri\u015fimcilere \u00f6d\u00fclleri takdim edildi"}]},{"@type":"WebSite","@id":"https:\/\/memurunsesi.net\/#website","url":"https:\/\/memurunsesi.net\/","name":"Memurun Sesi","description":"G\u00fcncel ve Do\u011fru Haber","publisher":{"@id":"https:\/\/memurunsesi.net\/#organization"},"potentialAction":[{"@type":"SearchAction","target":{"@type":"EntryPoint","urlTemplate":"https:\/\/memurunsesi.net\/?s={search_term_string}"},"query-input":{"@type":"PropertyValueSpecification","valueRequired":true,"valueName":"search_term_string"}}],"inLanguage":"tr"},{"@type":"Organization","@id":"https:\/\/memurunsesi.net\/#organization","name":"Memurun Sesi","url":"https:\/\/memurunsesi.net\/","logo":{"@type":"ImageObject","inLanguage":"tr","@id":"https:\/\/memurunsesi.net\/#\/schema\/logo\/image\/","url":"https:\/\/memurunsesi.net\/wp-content\/uploads\/2025\/11\/cropped-MEMURUN-SESI.png","contentUrl":"https:\/\/memurunsesi.net\/wp-content\/uploads\/2025\/11\/cropped-MEMURUN-SESI.png","width":238,"height":57,"caption":"Memurun Sesi"},"image":{"@id":"https:\/\/memurunsesi.net\/#\/schema\/logo\/image\/"},"sameAs":["https:\/\/www.facebook.com\/unipersen\/?locale=tr_TR","https:\/\/x.com\/unipersen"]},{"@type":"Person","@id":"https:\/\/memurunsesi.net\/#\/schema\/person\/f21c2d73b89f6ee1d80b0a1803e38587","name":"Memurun Sesi Haber Merkezi","image":{"@type":"ImageObject","inLanguage":"tr","@id":"https:\/\/secure.gravatar.com\/avatar\/6cf0505f452ee753f485014986fab09a434671d2b919ee76fc541025c5876a70?s=96&d=mm&r=g","url":"https:\/\/secure.gravatar.com\/avatar\/6cf0505f452ee753f485014986fab09a434671d2b919ee76fc541025c5876a70?s=96&d=mm&r=g","contentUrl":"https:\/\/secure.gravatar.com\/avatar\/6cf0505f452ee753f485014986fab09a434671d2b919ee76fc541025c5876a70?s=96&d=mm&r=g","caption":"Memurun Sesi Haber Merkezi"},"sameAs":["https:\/\/memurunsesi.net"],"url":"https:\/\/memurunsesi.net\/index.php\/author\/uniper\/"}]}},"_links":{"self":[{"href":"https:\/\/memurunsesi.net\/index.php\/wp-json\/wp\/v2\/posts\/6654","targetHints":{"allow":["GET"]}}],"collection":[{"href":"https:\/\/memurunsesi.net\/index.php\/wp-json\/wp\/v2\/posts"}],"about":[{"href":"https:\/\/memurunsesi.net\/index.php\/wp-json\/wp\/v2\/types\/post"}],"author":[{"embeddable":true,"href":"https:\/\/memurunsesi.net\/index.php\/wp-json\/wp\/v2\/users\/1"}],"replies":[{"embeddable":true,"href":"https:\/\/memurunsesi.net\/index.php\/wp-json\/wp\/v2\/comments?post=6654"}],"version-history":[{"count":1,"href":"https:\/\/memurunsesi.net\/index.php\/wp-json\/wp\/v2\/posts\/6654\/revisions"}],"predecessor-version":[{"id":6656,"href":"https:\/\/memurunsesi.net\/index.php\/wp-json\/wp\/v2\/posts\/6654\/revisions\/6656"}],"wp:featuredmedia":[{"embeddable":true,"href":"https:\/\/memurunsesi.net\/index.php\/wp-json\/wp\/v2\/media\/6655"}],"wp:attachment":[{"href":"https:\/\/memurunsesi.net\/index.php\/wp-json\/wp\/v2\/media?parent=6654"}],"wp:term":[{"taxonomy":"category","embeddable":true,"href":"https:\/\/memurunsesi.net\/index.php\/wp-json\/wp\/v2\/categories?post=6654"},{"taxonomy":"post_tag","embeddable":true,"href":"https:\/\/memurunsesi.net\/index.php\/wp-json\/wp\/v2\/tags?post=6654"}],"curies":[{"name":"wp","href":"https:\/\/api.w.org\/{rel}","templated":true}]}}