{"id":6657,"date":"2025-05-06T08:50:08","date_gmt":"2025-05-06T05:50:08","guid":{"rendered":"https:\/\/memurunsesi.net\/?p=6657"},"modified":"2025-05-06T08:50:08","modified_gmt":"2025-05-06T05:50:08","slug":"kusadasinda-masa-ve-sandalyesini-alan-deniz-kenarina-kosuyor","status":"publish","type":"post","link":"https:\/\/memurunsesi.net\/index.php\/2025\/05\/06\/kusadasinda-masa-ve-sandalyesini-alan-deniz-kenarina-kosuyor\/","title":{"rendered":"Ku\u015fadas\u0131&#8217;nda masa ve sandalyesini alan deniz kenar\u0131na ko\u015fuyor"},"content":{"rendered":"<p>    Yaz mevsiminin kendini hissettirmesiyle birlikte Ku\u015fadas\u0131 sahilleri dolup ta\u015farken, masas\u0131n\u0131 ve sandalyesini kapan sahile iniyor.<br \/>\nKu\u015fadas\u0131 halk\u0131, \u00e7ay\u0131n\u0131, kahvesini al\u0131p deniz kenar\u0131na kurdu\u011fu k\u00fc\u00e7\u00fck d\u00fczeneklerle do\u011fayla i\u00e7 i\u00e7e vakit ge\u00e7iriyor. Kimisi kitab\u0131n\u0131 okuyor, kimisi arkada\u015flar\u0131yla sohbet ediyor, kimisi ise sadece ufka dal\u0131p denizi seyredip huzur buluyor. Belediyenin k\u0131y\u0131 d\u00fczenlemeleriyle daha eri\u015filebilir hale gelen sahil \u015feridi, adeta bir a\u00e7\u0131k hava salonuna d\u00f6n\u00fc\u015f\u00fcyor. Manzara, deniz ve huzurun bir araya geldi\u011fi Ku\u015fadas\u0131 sahilleri, sadece tatilciler i\u00e7in de\u011fil, her g\u00fcn bu g\u00fczelli\u011fi solumak isteyen yerel halk i\u00e7in de vazge\u00e7ilmez bir ya\u015fam alan\u0131 haline geliyor. <\/p>\n<p>  Masas\u0131n\u0131 deniz kenar\u0131na kuran Mehmet Ali Ayd\u0131n, &#8220;Evde oturmaktansa gelip burada dalga sesleri e\u015fli\u011finde \u00e7ay\u0131m\u0131 i\u00e7mek en b\u00fcy\u00fck keyfim&#8221; diye konu\u015furken, Ay\u015fe Ayd\u0131n ise, &#8220;Denizin hemen dibindeyiz, b\u00f6yle bir manzarayla ya\u015famak b\u00fcy\u00fck \u015fans&#8221; s\u00f6zleriyle sahilin cazibesini dile getirdi. <\/p>\n<p>5.05.2025                        <\/p>\n","protected":false},"excerpt":{"rendered":"<p>Yaz mevsiminin kendini hissettirmesiyle birlikte Ku\u015fadas\u0131 sahilleri dolup ta\u015farken, masas\u0131n\u0131 ve sandalyesini kapan sahile iniyor. Ku\u015fadas\u0131 halk\u0131, \u00e7ay\u0131n\u0131, kahvesini al\u0131p deniz kenar\u0131na kurdu\u011fu k\u00fc\u00e7\u00fck d\u00fczeneklerle do\u011fayla i\u00e7 i\u00e7e vakit ge\u00e7iriyor. Kimisi kitab\u0131n\u0131 okuyor, kimisi arkada\u015flar\u0131yla sohbet ediyor, kimisi ise sadece ufka dal\u0131p denizi seyredip huzur buluyor. Belediyenin k\u0131y\u0131 d\u00fczenlemeleriyle daha eri\u015filebilir hale gelen sahil \u015feridi, [&hellip;]<\/p>\n","protected":false},"author":1,"featured_media":6658,"comment_status":"open","ping_status":"open","sticky":false,"template":"","format":"standard","meta":{"footnotes":""},"categories":[45],"tags":[],"class_list":["post-6657","post","type-post","status-publish","format-standard","has-post-thumbnail","hentry","category-gundem"],"yoast_head":"<!-- This site is optimized with the Yoast SEO plugin v27.4 - https:\/\/yoast.com\/product\/yoast-seo-wordpress\/ -->\n<title>Ku\u015fadas\u0131&#039;nda masa ve sandalyesini alan deniz kenar\u0131na ko\u015fuyor - Memurun Sesi<\/title>\n<meta name=\"robots\" content=\"index, follow, max-snippet:-1, max-image-preview:large, max-video-preview:-1\" \/>\n<link rel=\"canonical\" href=\"https:\/\/memurunsesi.net\/index.php\/2025\/05\/06\/kusadasinda-masa-ve-sandalyesini-alan-deniz-kenarina-kosuyor\/\" \/>\n<meta property=\"og:locale\" content=\"tr_TR\" \/>\n<meta property=\"og:type\" content=\"article\" \/>\n<meta property=\"og:title\" content=\"Ku\u015fadas\u0131&#039;nda masa ve sandalyesini alan deniz kenar\u0131na ko\u015fuyor - Memurun Sesi\" \/>\n<meta property=\"og:description\" content=\"Yaz mevsiminin kendini hissettirmesiyle birlikte Ku\u015fadas\u0131 sahilleri dolup ta\u015farken, masas\u0131n\u0131 ve sandalyesini kapan sahile iniyor. Ku\u015fadas\u0131 halk\u0131, \u00e7ay\u0131n\u0131, kahvesini al\u0131p deniz kenar\u0131na kurdu\u011fu k\u00fc\u00e7\u00fck d\u00fczeneklerle do\u011fayla i\u00e7 i\u00e7e vakit ge\u00e7iriyor. Kimisi kitab\u0131n\u0131 okuyor, kimisi arkada\u015flar\u0131yla sohbet ediyor, kimisi ise sadece ufka dal\u0131p denizi seyredip huzur buluyor. Belediyenin k\u0131y\u0131 d\u00fczenlemeleriyle daha eri\u015filebilir hale gelen sahil \u015feridi, [&hellip;]\" \/>\n<meta property=\"og:url\" content=\"https:\/\/memurunsesi.net\/index.php\/2025\/05\/06\/kusadasinda-masa-ve-sandalyesini-alan-deniz-kenarina-kosuyor\/\" \/>\n<meta property=\"og:site_name\" content=\"Memurun Sesi\" \/>\n<meta property=\"article:publisher\" content=\"https:\/\/www.facebook.com\/unipersen\/?locale=tr_TR\" \/>\n<meta property=\"article:published_time\" content=\"2025-05-06T05:50:08+00:00\" \/>\n<meta property=\"og:image\" content=\"https:\/\/memurunsesi.net\/wp-content\/uploads\/2025\/05\/AW447904_01.jpg\" \/>\n\t<meta property=\"og:image:width\" content=\"2048\" \/>\n\t<meta property=\"og:image:height\" content=\"1152\" \/>\n\t<meta property=\"og:image:type\" content=\"image\/jpeg\" \/>\n<meta name=\"author\" content=\"Memurun Sesi Haber Merkezi\" \/>\n<meta name=\"twitter:card\" content=\"summary_large_image\" \/>\n<meta name=\"twitter:creator\" content=\"@unipersen\" \/>\n<meta name=\"twitter:site\" content=\"@unipersen\" \/>\n<meta name=\"twitter:label1\" content=\"Yazan:\" \/>\n\t<meta name=\"twitter:data1\" content=\"Memurun Sesi Haber Merkezi\" \/>\n\t<meta name=\"twitter:label2\" content=\"Tahmini okuma s\u00fcresi\" \/>\n\t<meta name=\"twitter:data2\" content=\"1 dakika\" \/>\n<script type=\"application\/ld+json\" class=\"yoast-schema-graph\">{\"@context\":\"https:\\\/\\\/schema.org\",\"@graph\":[{\"@type\":\"Article\",\"@id\":\"https:\\\/\\\/memurunsesi.net\\\/index.php\\\/2025\\\/05\\\/06\\\/kusadasinda-masa-ve-sandalyesini-alan-deniz-kenarina-kosuyor\\\/#article\",\"isPartOf\":{\"@id\":\"https:\\\/\\\/memurunsesi.net\\\/index.php\\\/2025\\\/05\\\/06\\\/kusadasinda-masa-ve-sandalyesini-alan-deniz-kenarina-kosuyor\\\/\"},\"author\":{\"name\":\"Memurun Sesi Haber Merkezi\",\"@id\":\"https:\\\/\\\/memurunsesi.net\\\/#\\\/schema\\\/person\\\/f21c2d73b89f6ee1d80b0a1803e38587\"},\"headline\":\"Ku\u015fadas\u0131&#8217;nda masa ve sandalyesini alan deniz kenar\u0131na ko\u015fuyor\",\"datePublished\":\"2025-05-06T05:50:08+00:00\",\"mainEntityOfPage\":{\"@id\":\"https:\\\/\\\/memurunsesi.net\\\/index.php\\\/2025\\\/05\\\/06\\\/kusadasinda-masa-ve-sandalyesini-alan-deniz-kenarina-kosuyor\\\/\"},\"wordCount\":190,\"commentCount\":0,\"publisher\":{\"@id\":\"https:\\\/\\\/memurunsesi.net\\\/#organization\"},\"image\":{\"@id\":\"https:\\\/\\\/memurunsesi.net\\\/index.php\\\/2025\\\/05\\\/06\\\/kusadasinda-masa-ve-sandalyesini-alan-deniz-kenarina-kosuyor\\\/#primaryimage\"},\"thumbnailUrl\":\"https:\\\/\\\/memurunsesi.net\\\/wp-content\\\/uploads\\\/2025\\\/05\\\/AW447904_01.jpg\",\"articleSection\":[\"G\u00fcndem\"],\"inLanguage\":\"tr\",\"potentialAction\":[{\"@type\":\"CommentAction\",\"name\":\"Comment\",\"target\":[\"https:\\\/\\\/memurunsesi.net\\\/index.php\\\/2025\\\/05\\\/06\\\/kusadasinda-masa-ve-sandalyesini-alan-deniz-kenarina-kosuyor\\\/#respond\"]}]},{\"@type\":\"WebPage\",\"@id\":\"https:\\\/\\\/memurunsesi.net\\\/index.php\\\/2025\\\/05\\\/06\\\/kusadasinda-masa-ve-sandalyesini-alan-deniz-kenarina-kosuyor\\\/\",\"url\":\"https:\\\/\\\/memurunsesi.net\\\/index.php\\\/2025\\\/05\\\/06\\\/kusadasinda-masa-ve-sandalyesini-alan-deniz-kenarina-kosuyor\\\/\",\"name\":\"Ku\u015fadas\u0131'nda masa ve sandalyesini alan deniz kenar\u0131na ko\u015fuyor - Memurun Sesi\",\"isPartOf\":{\"@id\":\"https:\\\/\\\/memurunsesi.net\\\/#website\"},\"primaryImageOfPage\":{\"@id\":\"https:\\\/\\\/memurunsesi.net\\\/index.php\\\/2025\\\/05\\\/06\\\/kusadasinda-masa-ve-sandalyesini-alan-deniz-kenarina-kosuyor\\\/#primaryimage\"},\"image\":{\"@id\":\"https:\\\/\\\/memurunsesi.net\\\/index.php\\\/2025\\\/05\\\/06\\\/kusadasinda-masa-ve-sandalyesini-alan-deniz-kenarina-kosuyor\\\/#primaryimage\"},\"thumbnailUrl\":\"https:\\\/\\\/memurunsesi.net\\\/wp-content\\\/uploads\\\/2025\\\/05\\\/AW447904_01.jpg\",\"datePublished\":\"2025-05-06T05:50:08+00:00\",\"breadcrumb\":{\"@id\":\"https:\\\/\\\/memurunsesi.net\\\/index.php\\\/2025\\\/05\\\/06\\\/kusadasinda-masa-ve-sandalyesini-alan-deniz-kenarina-kosuyor\\\/#breadcrumb\"},\"inLanguage\":\"tr\",\"potentialAction\":[{\"@type\":\"ReadAction\",\"target\":[\"https:\\\/\\\/memurunsesi.net\\\/index.php\\\/2025\\\/05\\\/06\\\/kusadasinda-masa-ve-sandalyesini-alan-deniz-kenarina-kosuyor\\\/\"]}]},{\"@type\":\"ImageObject\",\"inLanguage\":\"tr\",\"@id\":\"https:\\\/\\\/memurunsesi.net\\\/index.php\\\/2025\\\/05\\\/06\\\/kusadasinda-masa-ve-sandalyesini-alan-deniz-kenarina-kosuyor\\\/#primaryimage\",\"url\":\"https:\\\/\\\/memurunsesi.net\\\/wp-content\\\/uploads\\\/2025\\\/05\\\/AW447904_01.jpg\",\"contentUrl\":\"https:\\\/\\\/memurunsesi.net\\\/wp-content\\\/uploads\\\/2025\\\/05\\\/AW447904_01.jpg\",\"width\":2048,\"height\":1152,\"caption\":\"YAZ MEVS\u0130M\u0130N\u0130N KEND\u0130N\u0130 H\u0130SSETT\u0130RMES\u0130YLE B\u0130RL\u0130KTE KU\u015eADASI SAH\u0130LLER\u0130 DOLUP TA\u015eARKEN, MASASINI VE SANDALYES\u0130N\u0130 KAPAN SAH\u0130LE \u0130N\u0130YOR. (\u0130SMA\u0130L \u00dcM\u0130T D\u0130L\u015eEN\\\/AYDIN-\u0130HA) Yaz mevsiminin kendini hissettirmesiyle birlikte Ku\u015fadas\u0131 sahilleri dolup ta\u015farken, masas\u0131n\u0131 ve sandalyesini kapan sahile iniyor. +\"},{\"@type\":\"BreadcrumbList\",\"@id\":\"https:\\\/\\\/memurunsesi.net\\\/index.php\\\/2025\\\/05\\\/06\\\/kusadasinda-masa-ve-sandalyesini-alan-deniz-kenarina-kosuyor\\\/#breadcrumb\",\"itemListElement\":[{\"@type\":\"ListItem\",\"position\":1,\"name\":\"Anasayfa\",\"item\":\"https:\\\/\\\/memurunsesi.net\\\/\"},{\"@type\":\"ListItem\",\"position\":2,\"name\":\"Ku\u015fadas\u0131&#8217;nda masa ve sandalyesini alan deniz kenar\u0131na ko\u015fuyor\"}]},{\"@type\":\"WebSite\",\"@id\":\"https:\\\/\\\/memurunsesi.net\\\/#website\",\"url\":\"https:\\\/\\\/memurunsesi.net\\\/\",\"name\":\"Memurun Sesi\",\"description\":\"G\u00fcncel ve Do\u011fru Haber\",\"publisher\":{\"@id\":\"https:\\\/\\\/memurunsesi.net\\\/#organization\"},\"potentialAction\":[{\"@type\":\"SearchAction\",\"target\":{\"@type\":\"EntryPoint\",\"urlTemplate\":\"https:\\\/\\\/memurunsesi.net\\\/?s={search_term_string}\"},\"query-input\":{\"@type\":\"PropertyValueSpecification\",\"valueRequired\":true,\"valueName\":\"search_term_string\"}}],\"inLanguage\":\"tr\"},{\"@type\":\"Organization\",\"@id\":\"https:\\\/\\\/memurunsesi.net\\\/#organization\",\"name\":\"Memurun Sesi\",\"url\":\"https:\\\/\\\/memurunsesi.net\\\/\",\"logo\":{\"@type\":\"ImageObject\",\"inLanguage\":\"tr\",\"@id\":\"https:\\\/\\\/memurunsesi.net\\\/#\\\/schema\\\/logo\\\/image\\\/\",\"url\":\"https:\\\/\\\/memurunsesi.net\\\/wp-content\\\/uploads\\\/2025\\\/11\\\/cropped-MEMURUN-SESI.png\",\"contentUrl\":\"https:\\\/\\\/memurunsesi.net\\\/wp-content\\\/uploads\\\/2025\\\/11\\\/cropped-MEMURUN-SESI.png\",\"width\":238,\"height\":57,\"caption\":\"Memurun Sesi\"},\"image\":{\"@id\":\"https:\\\/\\\/memurunsesi.net\\\/#\\\/schema\\\/logo\\\/image\\\/\"},\"sameAs\":[\"https:\\\/\\\/www.facebook.com\\\/unipersen\\\/?locale=tr_TR\",\"https:\\\/\\\/x.com\\\/unipersen\"]},{\"@type\":\"Person\",\"@id\":\"https:\\\/\\\/memurunsesi.net\\\/#\\\/schema\\\/person\\\/f21c2d73b89f6ee1d80b0a1803e38587\",\"name\":\"Memurun Sesi Haber Merkezi\",\"image\":{\"@type\":\"ImageObject\",\"inLanguage\":\"tr\",\"@id\":\"https:\\\/\\\/secure.gravatar.com\\\/avatar\\\/6cf0505f452ee753f485014986fab09a434671d2b919ee76fc541025c5876a70?s=96&d=mm&r=g\",\"url\":\"https:\\\/\\\/secure.gravatar.com\\\/avatar\\\/6cf0505f452ee753f485014986fab09a434671d2b919ee76fc541025c5876a70?s=96&d=mm&r=g\",\"contentUrl\":\"https:\\\/\\\/secure.gravatar.com\\\/avatar\\\/6cf0505f452ee753f485014986fab09a434671d2b919ee76fc541025c5876a70?s=96&d=mm&r=g\",\"caption\":\"Memurun Sesi Haber Merkezi\"},\"sameAs\":[\"https:\\\/\\\/memurunsesi.net\"],\"url\":\"https:\\\/\\\/memurunsesi.net\\\/index.php\\\/author\\\/uniper\\\/\"}]}<\/script>\n<!-- \/ Yoast SEO plugin. -->","yoast_head_json":{"title":"Ku\u015fadas\u0131'nda masa ve sandalyesini alan deniz kenar\u0131na ko\u015fuyor - Memurun Sesi","robots":{"index":"index","follow":"follow","max-snippet":"max-snippet:-1","max-image-preview":"max-image-preview:large","max-video-preview":"max-video-preview:-1"},"canonical":"https:\/\/memurunsesi.net\/index.php\/2025\/05\/06\/kusadasinda-masa-ve-sandalyesini-alan-deniz-kenarina-kosuyor\/","og_locale":"tr_TR","og_type":"article","og_title":"Ku\u015fadas\u0131'nda masa ve sandalyesini alan deniz kenar\u0131na ko\u015fuyor - Memurun Sesi","og_description":"Yaz mevsiminin kendini hissettirmesiyle birlikte Ku\u015fadas\u0131 sahilleri dolup ta\u015farken, masas\u0131n\u0131 ve sandalyesini kapan sahile iniyor. Ku\u015fadas\u0131 halk\u0131, \u00e7ay\u0131n\u0131, kahvesini al\u0131p deniz kenar\u0131na kurdu\u011fu k\u00fc\u00e7\u00fck d\u00fczeneklerle do\u011fayla i\u00e7 i\u00e7e vakit ge\u00e7iriyor. Kimisi kitab\u0131n\u0131 okuyor, kimisi arkada\u015flar\u0131yla sohbet ediyor, kimisi ise sadece ufka dal\u0131p denizi seyredip huzur buluyor. Belediyenin k\u0131y\u0131 d\u00fczenlemeleriyle daha eri\u015filebilir hale gelen sahil \u015feridi, [&hellip;]","og_url":"https:\/\/memurunsesi.net\/index.php\/2025\/05\/06\/kusadasinda-masa-ve-sandalyesini-alan-deniz-kenarina-kosuyor\/","og_site_name":"Memurun Sesi","article_publisher":"https:\/\/www.facebook.com\/unipersen\/?locale=tr_TR","article_published_time":"2025-05-06T05:50:08+00:00","og_image":[{"width":2048,"height":1152,"url":"https:\/\/memurunsesi.net\/wp-content\/uploads\/2025\/05\/AW447904_01.jpg","type":"image\/jpeg"}],"author":"Memurun Sesi Haber Merkezi","twitter_card":"summary_large_image","twitter_creator":"@unipersen","twitter_site":"@unipersen","twitter_misc":{"Yazan:":"Memurun Sesi Haber Merkezi","Tahmini okuma s\u00fcresi":"1 dakika"},"schema":{"@context":"https:\/\/schema.org","@graph":[{"@type":"Article","@id":"https:\/\/memurunsesi.net\/index.php\/2025\/05\/06\/kusadasinda-masa-ve-sandalyesini-alan-deniz-kenarina-kosuyor\/#article","isPartOf":{"@id":"https:\/\/memurunsesi.net\/index.php\/2025\/05\/06\/kusadasinda-masa-ve-sandalyesini-alan-deniz-kenarina-kosuyor\/"},"author":{"name":"Memurun Sesi Haber Merkezi","@id":"https:\/\/memurunsesi.net\/#\/schema\/person\/f21c2d73b89f6ee1d80b0a1803e38587"},"headline":"Ku\u015fadas\u0131&#8217;nda masa ve sandalyesini alan deniz kenar\u0131na ko\u015fuyor","datePublished":"2025-05-06T05:50:08+00:00","mainEntityOfPage":{"@id":"https:\/\/memurunsesi.net\/index.php\/2025\/05\/06\/kusadasinda-masa-ve-sandalyesini-alan-deniz-kenarina-kosuyor\/"},"wordCount":190,"commentCount":0,"publisher":{"@id":"https:\/\/memurunsesi.net\/#organization"},"image":{"@id":"https:\/\/memurunsesi.net\/index.php\/2025\/05\/06\/kusadasinda-masa-ve-sandalyesini-alan-deniz-kenarina-kosuyor\/#primaryimage"},"thumbnailUrl":"https:\/\/memurunsesi.net\/wp-content\/uploads\/2025\/05\/AW447904_01.jpg","articleSection":["G\u00fcndem"],"inLanguage":"tr","potentialAction":[{"@type":"CommentAction","name":"Comment","target":["https:\/\/memurunsesi.net\/index.php\/2025\/05\/06\/kusadasinda-masa-ve-sandalyesini-alan-deniz-kenarina-kosuyor\/#respond"]}]},{"@type":"WebPage","@id":"https:\/\/memurunsesi.net\/index.php\/2025\/05\/06\/kusadasinda-masa-ve-sandalyesini-alan-deniz-kenarina-kosuyor\/","url":"https:\/\/memurunsesi.net\/index.php\/2025\/05\/06\/kusadasinda-masa-ve-sandalyesini-alan-deniz-kenarina-kosuyor\/","name":"Ku\u015fadas\u0131'nda masa ve sandalyesini alan deniz kenar\u0131na ko\u015fuyor - Memurun Sesi","isPartOf":{"@id":"https:\/\/memurunsesi.net\/#website"},"primaryImageOfPage":{"@id":"https:\/\/memurunsesi.net\/index.php\/2025\/05\/06\/kusadasinda-masa-ve-sandalyesini-alan-deniz-kenarina-kosuyor\/#primaryimage"},"image":{"@id":"https:\/\/memurunsesi.net\/index.php\/2025\/05\/06\/kusadasinda-masa-ve-sandalyesini-alan-deniz-kenarina-kosuyor\/#primaryimage"},"thumbnailUrl":"https:\/\/memurunsesi.net\/wp-content\/uploads\/2025\/05\/AW447904_01.jpg","datePublished":"2025-05-06T05:50:08+00:00","breadcrumb":{"@id":"https:\/\/memurunsesi.net\/index.php\/2025\/05\/06\/kusadasinda-masa-ve-sandalyesini-alan-deniz-kenarina-kosuyor\/#breadcrumb"},"inLanguage":"tr","potentialAction":[{"@type":"ReadAction","target":["https:\/\/memurunsesi.net\/index.php\/2025\/05\/06\/kusadasinda-masa-ve-sandalyesini-alan-deniz-kenarina-kosuyor\/"]}]},{"@type":"ImageObject","inLanguage":"tr","@id":"https:\/\/memurunsesi.net\/index.php\/2025\/05\/06\/kusadasinda-masa-ve-sandalyesini-alan-deniz-kenarina-kosuyor\/#primaryimage","url":"https:\/\/memurunsesi.net\/wp-content\/uploads\/2025\/05\/AW447904_01.jpg","contentUrl":"https:\/\/memurunsesi.net\/wp-content\/uploads\/2025\/05\/AW447904_01.jpg","width":2048,"height":1152,"caption":"YAZ MEVS\u0130M\u0130N\u0130N KEND\u0130N\u0130 H\u0130SSETT\u0130RMES\u0130YLE B\u0130RL\u0130KTE KU\u015eADASI SAH\u0130LLER\u0130 DOLUP TA\u015eARKEN, MASASINI VE SANDALYES\u0130N\u0130 KAPAN SAH\u0130LE \u0130N\u0130YOR. (\u0130SMA\u0130L \u00dcM\u0130T D\u0130L\u015eEN\/AYDIN-\u0130HA) Yaz mevsiminin kendini hissettirmesiyle birlikte Ku\u015fadas\u0131 sahilleri dolup ta\u015farken, masas\u0131n\u0131 ve sandalyesini kapan sahile iniyor. +"},{"@type":"BreadcrumbList","@id":"https:\/\/memurunsesi.net\/index.php\/2025\/05\/06\/kusadasinda-masa-ve-sandalyesini-alan-deniz-kenarina-kosuyor\/#breadcrumb","itemListElement":[{"@type":"ListItem","position":1,"name":"Anasayfa","item":"https:\/\/memurunsesi.net\/"},{"@type":"ListItem","position":2,"name":"Ku\u015fadas\u0131&#8217;nda masa ve sandalyesini alan deniz kenar\u0131na ko\u015fuyor"}]},{"@type":"WebSite","@id":"https:\/\/memurunsesi.net\/#website","url":"https:\/\/memurunsesi.net\/","name":"Memurun Sesi","description":"G\u00fcncel ve Do\u011fru Haber","publisher":{"@id":"https:\/\/memurunsesi.net\/#organization"},"potentialAction":[{"@type":"SearchAction","target":{"@type":"EntryPoint","urlTemplate":"https:\/\/memurunsesi.net\/?s={search_term_string}"},"query-input":{"@type":"PropertyValueSpecification","valueRequired":true,"valueName":"search_term_string"}}],"inLanguage":"tr"},{"@type":"Organization","@id":"https:\/\/memurunsesi.net\/#organization","name":"Memurun Sesi","url":"https:\/\/memurunsesi.net\/","logo":{"@type":"ImageObject","inLanguage":"tr","@id":"https:\/\/memurunsesi.net\/#\/schema\/logo\/image\/","url":"https:\/\/memurunsesi.net\/wp-content\/uploads\/2025\/11\/cropped-MEMURUN-SESI.png","contentUrl":"https:\/\/memurunsesi.net\/wp-content\/uploads\/2025\/11\/cropped-MEMURUN-SESI.png","width":238,"height":57,"caption":"Memurun Sesi"},"image":{"@id":"https:\/\/memurunsesi.net\/#\/schema\/logo\/image\/"},"sameAs":["https:\/\/www.facebook.com\/unipersen\/?locale=tr_TR","https:\/\/x.com\/unipersen"]},{"@type":"Person","@id":"https:\/\/memurunsesi.net\/#\/schema\/person\/f21c2d73b89f6ee1d80b0a1803e38587","name":"Memurun Sesi Haber Merkezi","image":{"@type":"ImageObject","inLanguage":"tr","@id":"https:\/\/secure.gravatar.com\/avatar\/6cf0505f452ee753f485014986fab09a434671d2b919ee76fc541025c5876a70?s=96&d=mm&r=g","url":"https:\/\/secure.gravatar.com\/avatar\/6cf0505f452ee753f485014986fab09a434671d2b919ee76fc541025c5876a70?s=96&d=mm&r=g","contentUrl":"https:\/\/secure.gravatar.com\/avatar\/6cf0505f452ee753f485014986fab09a434671d2b919ee76fc541025c5876a70?s=96&d=mm&r=g","caption":"Memurun Sesi Haber Merkezi"},"sameAs":["https:\/\/memurunsesi.net"],"url":"https:\/\/memurunsesi.net\/index.php\/author\/uniper\/"}]}},"_links":{"self":[{"href":"https:\/\/memurunsesi.net\/index.php\/wp-json\/wp\/v2\/posts\/6657","targetHints":{"allow":["GET"]}}],"collection":[{"href":"https:\/\/memurunsesi.net\/index.php\/wp-json\/wp\/v2\/posts"}],"about":[{"href":"https:\/\/memurunsesi.net\/index.php\/wp-json\/wp\/v2\/types\/post"}],"author":[{"embeddable":true,"href":"https:\/\/memurunsesi.net\/index.php\/wp-json\/wp\/v2\/users\/1"}],"replies":[{"embeddable":true,"href":"https:\/\/memurunsesi.net\/index.php\/wp-json\/wp\/v2\/comments?post=6657"}],"version-history":[{"count":1,"href":"https:\/\/memurunsesi.net\/index.php\/wp-json\/wp\/v2\/posts\/6657\/revisions"}],"predecessor-version":[{"id":6659,"href":"https:\/\/memurunsesi.net\/index.php\/wp-json\/wp\/v2\/posts\/6657\/revisions\/6659"}],"wp:featuredmedia":[{"embeddable":true,"href":"https:\/\/memurunsesi.net\/index.php\/wp-json\/wp\/v2\/media\/6658"}],"wp:attachment":[{"href":"https:\/\/memurunsesi.net\/index.php\/wp-json\/wp\/v2\/media?parent=6657"}],"wp:term":[{"taxonomy":"category","embeddable":true,"href":"https:\/\/memurunsesi.net\/index.php\/wp-json\/wp\/v2\/categories?post=6657"},{"taxonomy":"post_tag","embeddable":true,"href":"https:\/\/memurunsesi.net\/index.php\/wp-json\/wp\/v2\/tags?post=6657"}],"curies":[{"name":"wp","href":"https:\/\/api.w.org\/{rel}","templated":true}]}}