{"id":6663,"date":"2025-05-06T13:36:25","date_gmt":"2025-05-06T10:36:25","guid":{"rendered":"https:\/\/memurunsesi.net\/?p=6663"},"modified":"2025-05-06T13:36:25","modified_gmt":"2025-05-06T10:36:25","slug":"ogrenciler-adim-adim-hedefe","status":"publish","type":"post","link":"https:\/\/memurunsesi.net\/index.php\/2025\/05\/06\/ogrenciler-adim-adim-hedefe\/","title":{"rendered":"\u00d6\u011frenciler ad\u0131m ad\u0131m hedefe"},"content":{"rendered":"<p>  &#8211; &#8220;Ad\u0131m Ad\u0131m Hedefime Projesi&#8221; ile \u00f6\u011frenciler hedeflerine bir ad\u0131m daha yakla\u015ft\u0131 <\/p>\n<p> Samsun Kaz\u0131m Karabekir \u0130mam Hatip Ortaokulu Rehberlik Servisi taraf\u0131ndan haz\u0131rlanan &#8220;Ad\u0131m Ad\u0131m Hedefime Projesi&#8221; kapsam\u0131nda, ba\u015far\u0131l\u0131 \u00f6\u011frenciler s\u0131navla \u00f6\u011frenci alan liseleri yerinde g\u00f6rerek hem bilgi ald\u0131 hem de motivasyon kazand\u0131.<br \/>\n  Milli E\u011fitim Bakanl\u0131\u011f\u0131 Din \u00d6\u011fretimi Genel M\u00fcd\u00fcrl\u00fc\u011f\u00fc\u2019n\u00fcn HEDEF 2025 LGS Projesi do\u011frultusunda ger\u00e7ekle\u015ftirilen gezide, \u00f6\u011frenciler Aziz Atik Fen Lisesi, Garip Zeycan Fen Lisesi, Samsun Sosyal Bilimler Lisesi ve \u00d6zel G\u00f6kt\u00fcrk Havac\u0131l\u0131k Lisesi\u2019ni ziyaret etti. Gezi boyunca \u00f6\u011frenciler okul idarecileri, rehber \u00f6\u011fretmenler ve dan\u0131\u015fman \u00f6\u011frencilerden bilgi alarak lise ortam\u0131n\u0131 tan\u0131d\u0131. Ayr\u0131ca yap\u0131lan proje \u00e7al\u0131\u015fmalar\u0131 ve e\u011fitim olanaklar\u0131 hakk\u0131nda ayr\u0131nt\u0131l\u0131 sunumlar yap\u0131ld\u0131.<br \/>\n  \u00d6\u011frenciler, \u00f6zellikle s\u0131navla \u00f6\u011frenci alan okullardaki atmosferi yerinde g\u00f6zlemleme f\u0131rsat\u0131 bularak hedefledikleri liselere dair daha somut fikirler edindi. Rehber \u00d6\u011fretmen Ru\u015fen Y\u0131ld\u0131r\u0131m, gezinin \u00f6\u011frencilerin s\u0131nav motivasyonunu art\u0131rmak ve hedeflerini netle\u015ftirmek ad\u0131na b\u00fcy\u00fck katk\u0131 sundu\u011funu belirtti.<br \/>\n  Geziye kat\u0131lan \u00f6\u011frencilerden Mira\u00e7 Aslan \u00d6zdemir, &#8220;Bu gezi sayesinde daha \u00e7ok \u00e7al\u0131\u015fmam gerekti\u011fini anlad\u0131m&#8221; derken, Eymen Efe D\u00fcndar, &#8220;Bu liselerde okumay\u0131 \u00e7ok istiyorum. Hedefim art\u0131k daha net&#8221; ifadelerini kulland\u0131. Mehmet Akif Torun ise &#8220;Akl\u0131mdaki t\u00fcm soru i\u015faretleri giderildi&#8221; dedi.<br \/>\n  Rehberlik ve Psikolojik Dan\u0131\u015fman Ru\u015fen Y\u0131ld\u0131r\u0131m, gezinin sonunda \u00f6\u011frencilere katk\u0131 sa\u011flayan okul y\u00f6netimlerine, \u00f6\u011fretmenlere, dan\u0131\u015fman \u00f6\u011frencilere ve ula\u015f\u0131m\u0131 sa\u011flayan g\u00f6revlilere te\u015fekk\u00fcr etti. Program, \u015fehir turu ile sona erdi. <\/p>\n<p>6.05.2025                               <\/p>\n","protected":false},"excerpt":{"rendered":"<p>&#8211; &#8220;Ad\u0131m Ad\u0131m Hedefime Projesi&#8221; ile \u00f6\u011frenciler hedeflerine bir ad\u0131m daha yakla\u015ft\u0131 Samsun Kaz\u0131m Karabekir \u0130mam Hatip Ortaokulu Rehberlik Servisi taraf\u0131ndan haz\u0131rlanan &#8220;Ad\u0131m Ad\u0131m Hedefime Projesi&#8221; kapsam\u0131nda, ba\u015far\u0131l\u0131 \u00f6\u011frenciler s\u0131navla \u00f6\u011frenci alan liseleri yerinde g\u00f6rerek hem bilgi ald\u0131 hem de motivasyon kazand\u0131. Milli E\u011fitim Bakanl\u0131\u011f\u0131 Din \u00d6\u011fretimi Genel M\u00fcd\u00fcrl\u00fc\u011f\u00fc\u2019n\u00fcn HEDEF 2025 LGS Projesi do\u011frultusunda ger\u00e7ekle\u015ftirilen [&hellip;]<\/p>\n","protected":false},"author":1,"featured_media":6664,"comment_status":"open","ping_status":"open","sticky":false,"template":"","format":"standard","meta":{"footnotes":""},"categories":[45],"tags":[],"class_list":["post-6663","post","type-post","status-publish","format-standard","has-post-thumbnail","hentry","category-gundem"],"yoast_head":"<!-- This site is optimized with the Yoast SEO plugin v27.4 - https:\/\/yoast.com\/product\/yoast-seo-wordpress\/ -->\n<title>\u00d6\u011frenciler ad\u0131m ad\u0131m hedefe - Memurun Sesi<\/title>\n<meta name=\"robots\" content=\"index, follow, max-snippet:-1, max-image-preview:large, max-video-preview:-1\" \/>\n<link rel=\"canonical\" href=\"https:\/\/memurunsesi.net\/index.php\/2025\/05\/06\/ogrenciler-adim-adim-hedefe\/\" \/>\n<meta property=\"og:locale\" content=\"tr_TR\" \/>\n<meta property=\"og:type\" content=\"article\" \/>\n<meta property=\"og:title\" content=\"\u00d6\u011frenciler ad\u0131m ad\u0131m hedefe - Memurun Sesi\" \/>\n<meta property=\"og:description\" content=\"&#8211; &#8220;Ad\u0131m Ad\u0131m Hedefime Projesi&#8221; ile \u00f6\u011frenciler hedeflerine bir ad\u0131m daha yakla\u015ft\u0131 Samsun Kaz\u0131m Karabekir \u0130mam Hatip Ortaokulu Rehberlik Servisi taraf\u0131ndan haz\u0131rlanan &#8220;Ad\u0131m Ad\u0131m Hedefime Projesi&#8221; kapsam\u0131nda, ba\u015far\u0131l\u0131 \u00f6\u011frenciler s\u0131navla \u00f6\u011frenci alan liseleri yerinde g\u00f6rerek hem bilgi ald\u0131 hem de motivasyon kazand\u0131. Milli E\u011fitim Bakanl\u0131\u011f\u0131 Din \u00d6\u011fretimi Genel M\u00fcd\u00fcrl\u00fc\u011f\u00fc\u2019n\u00fcn HEDEF 2025 LGS Projesi do\u011frultusunda ger\u00e7ekle\u015ftirilen [&hellip;]\" \/>\n<meta property=\"og:url\" content=\"https:\/\/memurunsesi.net\/index.php\/2025\/05\/06\/ogrenciler-adim-adim-hedefe\/\" \/>\n<meta property=\"og:site_name\" content=\"Memurun Sesi\" \/>\n<meta property=\"article:publisher\" content=\"https:\/\/www.facebook.com\/unipersen\/?locale=tr_TR\" \/>\n<meta property=\"article:published_time\" content=\"2025-05-06T10:36:25+00:00\" \/>\n<meta property=\"og:image\" content=\"https:\/\/memurunsesi.net\/wp-content\/uploads\/2025\/05\/AW448368_01.jpg\" \/>\n\t<meta property=\"og:image:width\" content=\"1536\" \/>\n\t<meta property=\"og:image:height\" content=\"1109\" \/>\n\t<meta property=\"og:image:type\" content=\"image\/jpeg\" \/>\n<meta name=\"author\" content=\"Memurun Sesi Haber Merkezi\" \/>\n<meta name=\"twitter:card\" content=\"summary_large_image\" \/>\n<meta name=\"twitter:creator\" content=\"@unipersen\" \/>\n<meta name=\"twitter:site\" content=\"@unipersen\" \/>\n<meta name=\"twitter:label1\" content=\"Yazan:\" \/>\n\t<meta name=\"twitter:data1\" content=\"Memurun Sesi Haber Merkezi\" \/>\n\t<meta name=\"twitter:label2\" content=\"Tahmini okuma s\u00fcresi\" \/>\n\t<meta name=\"twitter:data2\" content=\"1 dakika\" \/>\n<script type=\"application\/ld+json\" class=\"yoast-schema-graph\">{\"@context\":\"https:\\\/\\\/schema.org\",\"@graph\":[{\"@type\":\"Article\",\"@id\":\"https:\\\/\\\/memurunsesi.net\\\/index.php\\\/2025\\\/05\\\/06\\\/ogrenciler-adim-adim-hedefe\\\/#article\",\"isPartOf\":{\"@id\":\"https:\\\/\\\/memurunsesi.net\\\/index.php\\\/2025\\\/05\\\/06\\\/ogrenciler-adim-adim-hedefe\\\/\"},\"author\":{\"name\":\"Memurun Sesi Haber Merkezi\",\"@id\":\"https:\\\/\\\/memurunsesi.net\\\/#\\\/schema\\\/person\\\/f21c2d73b89f6ee1d80b0a1803e38587\"},\"headline\":\"\u00d6\u011frenciler ad\u0131m ad\u0131m hedefe\",\"datePublished\":\"2025-05-06T10:36:25+00:00\",\"mainEntityOfPage\":{\"@id\":\"https:\\\/\\\/memurunsesi.net\\\/index.php\\\/2025\\\/05\\\/06\\\/ogrenciler-adim-adim-hedefe\\\/\"},\"wordCount\":283,\"commentCount\":0,\"publisher\":{\"@id\":\"https:\\\/\\\/memurunsesi.net\\\/#organization\"},\"image\":{\"@id\":\"https:\\\/\\\/memurunsesi.net\\\/index.php\\\/2025\\\/05\\\/06\\\/ogrenciler-adim-adim-hedefe\\\/#primaryimage\"},\"thumbnailUrl\":\"https:\\\/\\\/memurunsesi.net\\\/wp-content\\\/uploads\\\/2025\\\/05\\\/AW448368_01.jpg\",\"articleSection\":[\"G\u00fcndem\"],\"inLanguage\":\"tr\",\"potentialAction\":[{\"@type\":\"CommentAction\",\"name\":\"Comment\",\"target\":[\"https:\\\/\\\/memurunsesi.net\\\/index.php\\\/2025\\\/05\\\/06\\\/ogrenciler-adim-adim-hedefe\\\/#respond\"]}]},{\"@type\":\"WebPage\",\"@id\":\"https:\\\/\\\/memurunsesi.net\\\/index.php\\\/2025\\\/05\\\/06\\\/ogrenciler-adim-adim-hedefe\\\/\",\"url\":\"https:\\\/\\\/memurunsesi.net\\\/index.php\\\/2025\\\/05\\\/06\\\/ogrenciler-adim-adim-hedefe\\\/\",\"name\":\"\u00d6\u011frenciler ad\u0131m ad\u0131m hedefe - Memurun Sesi\",\"isPartOf\":{\"@id\":\"https:\\\/\\\/memurunsesi.net\\\/#website\"},\"primaryImageOfPage\":{\"@id\":\"https:\\\/\\\/memurunsesi.net\\\/index.php\\\/2025\\\/05\\\/06\\\/ogrenciler-adim-adim-hedefe\\\/#primaryimage\"},\"image\":{\"@id\":\"https:\\\/\\\/memurunsesi.net\\\/index.php\\\/2025\\\/05\\\/06\\\/ogrenciler-adim-adim-hedefe\\\/#primaryimage\"},\"thumbnailUrl\":\"https:\\\/\\\/memurunsesi.net\\\/wp-content\\\/uploads\\\/2025\\\/05\\\/AW448368_01.jpg\",\"datePublished\":\"2025-05-06T10:36:25+00:00\",\"breadcrumb\":{\"@id\":\"https:\\\/\\\/memurunsesi.net\\\/index.php\\\/2025\\\/05\\\/06\\\/ogrenciler-adim-adim-hedefe\\\/#breadcrumb\"},\"inLanguage\":\"tr\",\"potentialAction\":[{\"@type\":\"ReadAction\",\"target\":[\"https:\\\/\\\/memurunsesi.net\\\/index.php\\\/2025\\\/05\\\/06\\\/ogrenciler-adim-adim-hedefe\\\/\"]}]},{\"@type\":\"ImageObject\",\"inLanguage\":\"tr\",\"@id\":\"https:\\\/\\\/memurunsesi.net\\\/index.php\\\/2025\\\/05\\\/06\\\/ogrenciler-adim-adim-hedefe\\\/#primaryimage\",\"url\":\"https:\\\/\\\/memurunsesi.net\\\/wp-content\\\/uploads\\\/2025\\\/05\\\/AW448368_01.jpg\",\"contentUrl\":\"https:\\\/\\\/memurunsesi.net\\\/wp-content\\\/uploads\\\/2025\\\/05\\\/AW448368_01.jpg\",\"width\":1536,\"height\":1109,\"caption\":\"\\\"ADIM ADIM HEDEF\u0130ME PROJES\u0130\\\" KAPSAMINDA, BA\u015eARILI \u00d6\u011eRENC\u0130LER SINAVLA \u00d6\u011eRENC\u0130 ALAN L\u0130SELER\u0130 YER\u0130NDE G\u00d6REREK HEM B\u0130LG\u0130 ALDI HEM DE MOT\u0130VASYON KAZANDI. (\u0130HA\\\/SAMSUN-\u0130HA) Samsun Kaz\u0131m Karabekir \u0130mam Hatip Ortaokulu Rehberlik Servisi taraf\u0131ndan haz\u0131rlanan \\\"Ad\u0131m Ad\u0131m Hedefime Projesi\\\" kapsam\u0131nda, ba\u015far\u0131l\u0131 \u00f6\u011frenciler s\u0131navla \u00f6\u011frenci alan liseleri yerinde g\u00f6rerek hem bilgi ald\u0131 hem de motivasyon kazand\u0131.\"},{\"@type\":\"BreadcrumbList\",\"@id\":\"https:\\\/\\\/memurunsesi.net\\\/index.php\\\/2025\\\/05\\\/06\\\/ogrenciler-adim-adim-hedefe\\\/#breadcrumb\",\"itemListElement\":[{\"@type\":\"ListItem\",\"position\":1,\"name\":\"Anasayfa\",\"item\":\"https:\\\/\\\/memurunsesi.net\\\/\"},{\"@type\":\"ListItem\",\"position\":2,\"name\":\"\u00d6\u011frenciler ad\u0131m ad\u0131m hedefe\"}]},{\"@type\":\"WebSite\",\"@id\":\"https:\\\/\\\/memurunsesi.net\\\/#website\",\"url\":\"https:\\\/\\\/memurunsesi.net\\\/\",\"name\":\"Memurun Sesi\",\"description\":\"G\u00fcncel ve Do\u011fru Haber\",\"publisher\":{\"@id\":\"https:\\\/\\\/memurunsesi.net\\\/#organization\"},\"potentialAction\":[{\"@type\":\"SearchAction\",\"target\":{\"@type\":\"EntryPoint\",\"urlTemplate\":\"https:\\\/\\\/memurunsesi.net\\\/?s={search_term_string}\"},\"query-input\":{\"@type\":\"PropertyValueSpecification\",\"valueRequired\":true,\"valueName\":\"search_term_string\"}}],\"inLanguage\":\"tr\"},{\"@type\":\"Organization\",\"@id\":\"https:\\\/\\\/memurunsesi.net\\\/#organization\",\"name\":\"Memurun Sesi\",\"url\":\"https:\\\/\\\/memurunsesi.net\\\/\",\"logo\":{\"@type\":\"ImageObject\",\"inLanguage\":\"tr\",\"@id\":\"https:\\\/\\\/memurunsesi.net\\\/#\\\/schema\\\/logo\\\/image\\\/\",\"url\":\"https:\\\/\\\/memurunsesi.net\\\/wp-content\\\/uploads\\\/2025\\\/11\\\/cropped-MEMURUN-SESI.png\",\"contentUrl\":\"https:\\\/\\\/memurunsesi.net\\\/wp-content\\\/uploads\\\/2025\\\/11\\\/cropped-MEMURUN-SESI.png\",\"width\":238,\"height\":57,\"caption\":\"Memurun Sesi\"},\"image\":{\"@id\":\"https:\\\/\\\/memurunsesi.net\\\/#\\\/schema\\\/logo\\\/image\\\/\"},\"sameAs\":[\"https:\\\/\\\/www.facebook.com\\\/unipersen\\\/?locale=tr_TR\",\"https:\\\/\\\/x.com\\\/unipersen\"]},{\"@type\":\"Person\",\"@id\":\"https:\\\/\\\/memurunsesi.net\\\/#\\\/schema\\\/person\\\/f21c2d73b89f6ee1d80b0a1803e38587\",\"name\":\"Memurun Sesi Haber Merkezi\",\"image\":{\"@type\":\"ImageObject\",\"inLanguage\":\"tr\",\"@id\":\"https:\\\/\\\/secure.gravatar.com\\\/avatar\\\/6cf0505f452ee753f485014986fab09a434671d2b919ee76fc541025c5876a70?s=96&d=mm&r=g\",\"url\":\"https:\\\/\\\/secure.gravatar.com\\\/avatar\\\/6cf0505f452ee753f485014986fab09a434671d2b919ee76fc541025c5876a70?s=96&d=mm&r=g\",\"contentUrl\":\"https:\\\/\\\/secure.gravatar.com\\\/avatar\\\/6cf0505f452ee753f485014986fab09a434671d2b919ee76fc541025c5876a70?s=96&d=mm&r=g\",\"caption\":\"Memurun Sesi Haber Merkezi\"},\"sameAs\":[\"https:\\\/\\\/memurunsesi.net\"],\"url\":\"https:\\\/\\\/memurunsesi.net\\\/index.php\\\/author\\\/uniper\\\/\"}]}<\/script>\n<!-- \/ Yoast SEO plugin. -->","yoast_head_json":{"title":"\u00d6\u011frenciler ad\u0131m ad\u0131m hedefe - Memurun Sesi","robots":{"index":"index","follow":"follow","max-snippet":"max-snippet:-1","max-image-preview":"max-image-preview:large","max-video-preview":"max-video-preview:-1"},"canonical":"https:\/\/memurunsesi.net\/index.php\/2025\/05\/06\/ogrenciler-adim-adim-hedefe\/","og_locale":"tr_TR","og_type":"article","og_title":"\u00d6\u011frenciler ad\u0131m ad\u0131m hedefe - Memurun Sesi","og_description":"&#8211; &#8220;Ad\u0131m Ad\u0131m Hedefime Projesi&#8221; ile \u00f6\u011frenciler hedeflerine bir ad\u0131m daha yakla\u015ft\u0131 Samsun Kaz\u0131m Karabekir \u0130mam Hatip Ortaokulu Rehberlik Servisi taraf\u0131ndan haz\u0131rlanan &#8220;Ad\u0131m Ad\u0131m Hedefime Projesi&#8221; kapsam\u0131nda, ba\u015far\u0131l\u0131 \u00f6\u011frenciler s\u0131navla \u00f6\u011frenci alan liseleri yerinde g\u00f6rerek hem bilgi ald\u0131 hem de motivasyon kazand\u0131. Milli E\u011fitim Bakanl\u0131\u011f\u0131 Din \u00d6\u011fretimi Genel M\u00fcd\u00fcrl\u00fc\u011f\u00fc\u2019n\u00fcn HEDEF 2025 LGS Projesi do\u011frultusunda ger\u00e7ekle\u015ftirilen [&hellip;]","og_url":"https:\/\/memurunsesi.net\/index.php\/2025\/05\/06\/ogrenciler-adim-adim-hedefe\/","og_site_name":"Memurun Sesi","article_publisher":"https:\/\/www.facebook.com\/unipersen\/?locale=tr_TR","article_published_time":"2025-05-06T10:36:25+00:00","og_image":[{"width":1536,"height":1109,"url":"https:\/\/memurunsesi.net\/wp-content\/uploads\/2025\/05\/AW448368_01.jpg","type":"image\/jpeg"}],"author":"Memurun Sesi Haber Merkezi","twitter_card":"summary_large_image","twitter_creator":"@unipersen","twitter_site":"@unipersen","twitter_misc":{"Yazan:":"Memurun Sesi Haber Merkezi","Tahmini okuma s\u00fcresi":"1 dakika"},"schema":{"@context":"https:\/\/schema.org","@graph":[{"@type":"Article","@id":"https:\/\/memurunsesi.net\/index.php\/2025\/05\/06\/ogrenciler-adim-adim-hedefe\/#article","isPartOf":{"@id":"https:\/\/memurunsesi.net\/index.php\/2025\/05\/06\/ogrenciler-adim-adim-hedefe\/"},"author":{"name":"Memurun Sesi Haber Merkezi","@id":"https:\/\/memurunsesi.net\/#\/schema\/person\/f21c2d73b89f6ee1d80b0a1803e38587"},"headline":"\u00d6\u011frenciler ad\u0131m ad\u0131m hedefe","datePublished":"2025-05-06T10:36:25+00:00","mainEntityOfPage":{"@id":"https:\/\/memurunsesi.net\/index.php\/2025\/05\/06\/ogrenciler-adim-adim-hedefe\/"},"wordCount":283,"commentCount":0,"publisher":{"@id":"https:\/\/memurunsesi.net\/#organization"},"image":{"@id":"https:\/\/memurunsesi.net\/index.php\/2025\/05\/06\/ogrenciler-adim-adim-hedefe\/#primaryimage"},"thumbnailUrl":"https:\/\/memurunsesi.net\/wp-content\/uploads\/2025\/05\/AW448368_01.jpg","articleSection":["G\u00fcndem"],"inLanguage":"tr","potentialAction":[{"@type":"CommentAction","name":"Comment","target":["https:\/\/memurunsesi.net\/index.php\/2025\/05\/06\/ogrenciler-adim-adim-hedefe\/#respond"]}]},{"@type":"WebPage","@id":"https:\/\/memurunsesi.net\/index.php\/2025\/05\/06\/ogrenciler-adim-adim-hedefe\/","url":"https:\/\/memurunsesi.net\/index.php\/2025\/05\/06\/ogrenciler-adim-adim-hedefe\/","name":"\u00d6\u011frenciler ad\u0131m ad\u0131m hedefe - Memurun Sesi","isPartOf":{"@id":"https:\/\/memurunsesi.net\/#website"},"primaryImageOfPage":{"@id":"https:\/\/memurunsesi.net\/index.php\/2025\/05\/06\/ogrenciler-adim-adim-hedefe\/#primaryimage"},"image":{"@id":"https:\/\/memurunsesi.net\/index.php\/2025\/05\/06\/ogrenciler-adim-adim-hedefe\/#primaryimage"},"thumbnailUrl":"https:\/\/memurunsesi.net\/wp-content\/uploads\/2025\/05\/AW448368_01.jpg","datePublished":"2025-05-06T10:36:25+00:00","breadcrumb":{"@id":"https:\/\/memurunsesi.net\/index.php\/2025\/05\/06\/ogrenciler-adim-adim-hedefe\/#breadcrumb"},"inLanguage":"tr","potentialAction":[{"@type":"ReadAction","target":["https:\/\/memurunsesi.net\/index.php\/2025\/05\/06\/ogrenciler-adim-adim-hedefe\/"]}]},{"@type":"ImageObject","inLanguage":"tr","@id":"https:\/\/memurunsesi.net\/index.php\/2025\/05\/06\/ogrenciler-adim-adim-hedefe\/#primaryimage","url":"https:\/\/memurunsesi.net\/wp-content\/uploads\/2025\/05\/AW448368_01.jpg","contentUrl":"https:\/\/memurunsesi.net\/wp-content\/uploads\/2025\/05\/AW448368_01.jpg","width":1536,"height":1109,"caption":"\"ADIM ADIM HEDEF\u0130ME PROJES\u0130\" KAPSAMINDA, BA\u015eARILI \u00d6\u011eRENC\u0130LER SINAVLA \u00d6\u011eRENC\u0130 ALAN L\u0130SELER\u0130 YER\u0130NDE G\u00d6REREK HEM B\u0130LG\u0130 ALDI HEM DE MOT\u0130VASYON KAZANDI. (\u0130HA\/SAMSUN-\u0130HA) Samsun Kaz\u0131m Karabekir \u0130mam Hatip Ortaokulu Rehberlik Servisi taraf\u0131ndan haz\u0131rlanan \"Ad\u0131m Ad\u0131m Hedefime Projesi\" kapsam\u0131nda, ba\u015far\u0131l\u0131 \u00f6\u011frenciler s\u0131navla \u00f6\u011frenci alan liseleri yerinde g\u00f6rerek hem bilgi ald\u0131 hem de motivasyon kazand\u0131."},{"@type":"BreadcrumbList","@id":"https:\/\/memurunsesi.net\/index.php\/2025\/05\/06\/ogrenciler-adim-adim-hedefe\/#breadcrumb","itemListElement":[{"@type":"ListItem","position":1,"name":"Anasayfa","item":"https:\/\/memurunsesi.net\/"},{"@type":"ListItem","position":2,"name":"\u00d6\u011frenciler ad\u0131m ad\u0131m hedefe"}]},{"@type":"WebSite","@id":"https:\/\/memurunsesi.net\/#website","url":"https:\/\/memurunsesi.net\/","name":"Memurun Sesi","description":"G\u00fcncel ve Do\u011fru Haber","publisher":{"@id":"https:\/\/memurunsesi.net\/#organization"},"potentialAction":[{"@type":"SearchAction","target":{"@type":"EntryPoint","urlTemplate":"https:\/\/memurunsesi.net\/?s={search_term_string}"},"query-input":{"@type":"PropertyValueSpecification","valueRequired":true,"valueName":"search_term_string"}}],"inLanguage":"tr"},{"@type":"Organization","@id":"https:\/\/memurunsesi.net\/#organization","name":"Memurun Sesi","url":"https:\/\/memurunsesi.net\/","logo":{"@type":"ImageObject","inLanguage":"tr","@id":"https:\/\/memurunsesi.net\/#\/schema\/logo\/image\/","url":"https:\/\/memurunsesi.net\/wp-content\/uploads\/2025\/11\/cropped-MEMURUN-SESI.png","contentUrl":"https:\/\/memurunsesi.net\/wp-content\/uploads\/2025\/11\/cropped-MEMURUN-SESI.png","width":238,"height":57,"caption":"Memurun Sesi"},"image":{"@id":"https:\/\/memurunsesi.net\/#\/schema\/logo\/image\/"},"sameAs":["https:\/\/www.facebook.com\/unipersen\/?locale=tr_TR","https:\/\/x.com\/unipersen"]},{"@type":"Person","@id":"https:\/\/memurunsesi.net\/#\/schema\/person\/f21c2d73b89f6ee1d80b0a1803e38587","name":"Memurun Sesi Haber Merkezi","image":{"@type":"ImageObject","inLanguage":"tr","@id":"https:\/\/secure.gravatar.com\/avatar\/6cf0505f452ee753f485014986fab09a434671d2b919ee76fc541025c5876a70?s=96&d=mm&r=g","url":"https:\/\/secure.gravatar.com\/avatar\/6cf0505f452ee753f485014986fab09a434671d2b919ee76fc541025c5876a70?s=96&d=mm&r=g","contentUrl":"https:\/\/secure.gravatar.com\/avatar\/6cf0505f452ee753f485014986fab09a434671d2b919ee76fc541025c5876a70?s=96&d=mm&r=g","caption":"Memurun Sesi Haber Merkezi"},"sameAs":["https:\/\/memurunsesi.net"],"url":"https:\/\/memurunsesi.net\/index.php\/author\/uniper\/"}]}},"_links":{"self":[{"href":"https:\/\/memurunsesi.net\/index.php\/wp-json\/wp\/v2\/posts\/6663","targetHints":{"allow":["GET"]}}],"collection":[{"href":"https:\/\/memurunsesi.net\/index.php\/wp-json\/wp\/v2\/posts"}],"about":[{"href":"https:\/\/memurunsesi.net\/index.php\/wp-json\/wp\/v2\/types\/post"}],"author":[{"embeddable":true,"href":"https:\/\/memurunsesi.net\/index.php\/wp-json\/wp\/v2\/users\/1"}],"replies":[{"embeddable":true,"href":"https:\/\/memurunsesi.net\/index.php\/wp-json\/wp\/v2\/comments?post=6663"}],"version-history":[{"count":1,"href":"https:\/\/memurunsesi.net\/index.php\/wp-json\/wp\/v2\/posts\/6663\/revisions"}],"predecessor-version":[{"id":6665,"href":"https:\/\/memurunsesi.net\/index.php\/wp-json\/wp\/v2\/posts\/6663\/revisions\/6665"}],"wp:featuredmedia":[{"embeddable":true,"href":"https:\/\/memurunsesi.net\/index.php\/wp-json\/wp\/v2\/media\/6664"}],"wp:attachment":[{"href":"https:\/\/memurunsesi.net\/index.php\/wp-json\/wp\/v2\/media?parent=6663"}],"wp:term":[{"taxonomy":"category","embeddable":true,"href":"https:\/\/memurunsesi.net\/index.php\/wp-json\/wp\/v2\/categories?post=6663"},{"taxonomy":"post_tag","embeddable":true,"href":"https:\/\/memurunsesi.net\/index.php\/wp-json\/wp\/v2\/tags?post=6663"}],"curies":[{"name":"wp","href":"https:\/\/api.w.org\/{rel}","templated":true}]}}