{"id":6677,"date":"2025-05-07T19:46:13","date_gmt":"2025-05-07T16:46:13","guid":{"rendered":"https:\/\/memurunsesi.net\/?p=6677"},"modified":"2025-05-07T19:46:13","modified_gmt":"2025-05-07T16:46:13","slug":"bakan-yerlikaya-kktc-icisleri-bakani-oguz-ile-bir-araya-geldi","status":"publish","type":"post","link":"https:\/\/memurunsesi.net\/index.php\/2025\/05\/07\/bakan-yerlikaya-kktc-icisleri-bakani-oguz-ile-bir-araya-geldi\/","title":{"rendered":"Bakan Yerlikaya, KKTC \u0130\u00e7i\u015fleri Bakan\u0131 O\u011fuz ile bir araya geldi"},"content":{"rendered":"<p>\n  &#8211; \u0130\u00e7i\u015fleri Bakan\u0131 Ali Yerlikaya, Kuzey K\u0131br\u0131s T\u00fcrk Cumhuriyeti (KKTC) \u0130\u00e7i\u015fleri Bakan\u0131 Dursun O\u011fuz ve heyetini ile bir araya geldi.<br \/>\n  Bakan Yerlikaya sosyal medya hesab\u0131ndan yapt\u0131\u011f\u0131 payla\u015f\u0131m\u0131nda, &#8220;Kuzey K\u0131br\u0131s T\u00fcrk Cumhuriyeti \u0130\u00e7i\u015fleri Bakan\u0131 Say\u0131n Dursun O\u011fuz ve heyetini Bakanl\u0131\u011f\u0131m\u0131zda misafir ettik. Say\u0131n Bakan ile bakanl\u0131klar\u0131m\u0131z aras\u0131ndaki i\u015f birli\u011fi konular\u0131n\u0131 ele ald\u0131k. Say\u0131n Bakana ve heyetine nazik ziyaretleri i\u00e7in te\u015fekk\u00fcr ediyorum&#8221; dedi. <\/p>\n<p>7.05.2025                      <\/p>\n","protected":false},"excerpt":{"rendered":"<p>&#8211; \u0130\u00e7i\u015fleri Bakan\u0131 Ali Yerlikaya, Kuzey K\u0131br\u0131s T\u00fcrk Cumhuriyeti (KKTC) \u0130\u00e7i\u015fleri Bakan\u0131 Dursun O\u011fuz ve heyetini ile bir araya geldi. Bakan Yerlikaya sosyal medya hesab\u0131ndan yapt\u0131\u011f\u0131 payla\u015f\u0131m\u0131nda, &#8220;Kuzey K\u0131br\u0131s T\u00fcrk Cumhuriyeti \u0130\u00e7i\u015fleri Bakan\u0131 Say\u0131n Dursun O\u011fuz ve heyetini Bakanl\u0131\u011f\u0131m\u0131zda misafir ettik. Say\u0131n Bakan ile bakanl\u0131klar\u0131m\u0131z aras\u0131ndaki i\u015f birli\u011fi konular\u0131n\u0131 ele ald\u0131k. Say\u0131n Bakana ve heyetine [&hellip;]<\/p>\n","protected":false},"author":1,"featured_media":0,"comment_status":"open","ping_status":"open","sticky":false,"template":"","format":"standard","meta":{"footnotes":""},"categories":[1],"tags":[],"class_list":["post-6677","post","type-post","status-publish","format-standard","hentry","category-genel"],"yoast_head":"<!-- This site is optimized with the Yoast SEO plugin v27.4 - https:\/\/yoast.com\/product\/yoast-seo-wordpress\/ -->\n<title>Bakan Yerlikaya, KKTC \u0130\u00e7i\u015fleri Bakan\u0131 O\u011fuz ile bir araya geldi - Memurun Sesi<\/title>\n<meta name=\"robots\" content=\"index, follow, max-snippet:-1, max-image-preview:large, max-video-preview:-1\" \/>\n<link rel=\"canonical\" href=\"https:\/\/memurunsesi.net\/index.php\/2025\/05\/07\/bakan-yerlikaya-kktc-icisleri-bakani-oguz-ile-bir-araya-geldi\/\" \/>\n<meta property=\"og:locale\" content=\"tr_TR\" \/>\n<meta property=\"og:type\" content=\"article\" \/>\n<meta property=\"og:title\" content=\"Bakan Yerlikaya, KKTC \u0130\u00e7i\u015fleri Bakan\u0131 O\u011fuz ile bir araya geldi - Memurun Sesi\" \/>\n<meta property=\"og:description\" content=\"&#8211; \u0130\u00e7i\u015fleri Bakan\u0131 Ali Yerlikaya, Kuzey K\u0131br\u0131s T\u00fcrk Cumhuriyeti (KKTC) \u0130\u00e7i\u015fleri Bakan\u0131 Dursun O\u011fuz ve heyetini ile bir araya geldi. Bakan Yerlikaya sosyal medya hesab\u0131ndan yapt\u0131\u011f\u0131 payla\u015f\u0131m\u0131nda, &#8220;Kuzey K\u0131br\u0131s T\u00fcrk Cumhuriyeti \u0130\u00e7i\u015fleri Bakan\u0131 Say\u0131n Dursun O\u011fuz ve heyetini Bakanl\u0131\u011f\u0131m\u0131zda misafir ettik. Say\u0131n Bakan ile bakanl\u0131klar\u0131m\u0131z aras\u0131ndaki i\u015f birli\u011fi konular\u0131n\u0131 ele ald\u0131k. Say\u0131n Bakana ve heyetine [&hellip;]\" \/>\n<meta property=\"og:url\" content=\"https:\/\/memurunsesi.net\/index.php\/2025\/05\/07\/bakan-yerlikaya-kktc-icisleri-bakani-oguz-ile-bir-araya-geldi\/\" \/>\n<meta property=\"og:site_name\" content=\"Memurun Sesi\" \/>\n<meta property=\"article:publisher\" content=\"https:\/\/www.facebook.com\/unipersen\/?locale=tr_TR\" \/>\n<meta property=\"article:published_time\" content=\"2025-05-07T16:46:13+00:00\" \/>\n<meta name=\"author\" content=\"Memurun Sesi Haber Merkezi\" \/>\n<meta name=\"twitter:card\" content=\"summary_large_image\" \/>\n<meta name=\"twitter:creator\" content=\"@unipersen\" \/>\n<meta name=\"twitter:site\" content=\"@unipersen\" \/>\n<meta name=\"twitter:label1\" content=\"Yazan:\" \/>\n\t<meta name=\"twitter:data1\" content=\"Memurun Sesi Haber Merkezi\" \/>\n\t<meta name=\"twitter:label2\" content=\"Tahmini okuma s\u00fcresi\" \/>\n\t<meta name=\"twitter:data2\" content=\"1 dakika\" \/>\n<script type=\"application\/ld+json\" class=\"yoast-schema-graph\">{\"@context\":\"https:\\\/\\\/schema.org\",\"@graph\":[{\"@type\":\"Article\",\"@id\":\"https:\\\/\\\/memurunsesi.net\\\/index.php\\\/2025\\\/05\\\/07\\\/bakan-yerlikaya-kktc-icisleri-bakani-oguz-ile-bir-araya-geldi\\\/#article\",\"isPartOf\":{\"@id\":\"https:\\\/\\\/memurunsesi.net\\\/index.php\\\/2025\\\/05\\\/07\\\/bakan-yerlikaya-kktc-icisleri-bakani-oguz-ile-bir-araya-geldi\\\/\"},\"author\":{\"name\":\"Memurun Sesi Haber Merkezi\",\"@id\":\"https:\\\/\\\/memurunsesi.net\\\/#\\\/schema\\\/person\\\/f21c2d73b89f6ee1d80b0a1803e38587\"},\"headline\":\"Bakan Yerlikaya, KKTC \u0130\u00e7i\u015fleri Bakan\u0131 O\u011fuz ile bir araya geldi\",\"datePublished\":\"2025-05-07T16:46:13+00:00\",\"mainEntityOfPage\":{\"@id\":\"https:\\\/\\\/memurunsesi.net\\\/index.php\\\/2025\\\/05\\\/07\\\/bakan-yerlikaya-kktc-icisleri-bakani-oguz-ile-bir-araya-geldi\\\/\"},\"wordCount\":102,\"commentCount\":0,\"publisher\":{\"@id\":\"https:\\\/\\\/memurunsesi.net\\\/#organization\"},\"inLanguage\":\"tr\",\"potentialAction\":[{\"@type\":\"CommentAction\",\"name\":\"Comment\",\"target\":[\"https:\\\/\\\/memurunsesi.net\\\/index.php\\\/2025\\\/05\\\/07\\\/bakan-yerlikaya-kktc-icisleri-bakani-oguz-ile-bir-araya-geldi\\\/#respond\"]}]},{\"@type\":\"WebPage\",\"@id\":\"https:\\\/\\\/memurunsesi.net\\\/index.php\\\/2025\\\/05\\\/07\\\/bakan-yerlikaya-kktc-icisleri-bakani-oguz-ile-bir-araya-geldi\\\/\",\"url\":\"https:\\\/\\\/memurunsesi.net\\\/index.php\\\/2025\\\/05\\\/07\\\/bakan-yerlikaya-kktc-icisleri-bakani-oguz-ile-bir-araya-geldi\\\/\",\"name\":\"Bakan Yerlikaya, KKTC \u0130\u00e7i\u015fleri Bakan\u0131 O\u011fuz ile bir araya geldi - Memurun Sesi\",\"isPartOf\":{\"@id\":\"https:\\\/\\\/memurunsesi.net\\\/#website\"},\"datePublished\":\"2025-05-07T16:46:13+00:00\",\"breadcrumb\":{\"@id\":\"https:\\\/\\\/memurunsesi.net\\\/index.php\\\/2025\\\/05\\\/07\\\/bakan-yerlikaya-kktc-icisleri-bakani-oguz-ile-bir-araya-geldi\\\/#breadcrumb\"},\"inLanguage\":\"tr\",\"potentialAction\":[{\"@type\":\"ReadAction\",\"target\":[\"https:\\\/\\\/memurunsesi.net\\\/index.php\\\/2025\\\/05\\\/07\\\/bakan-yerlikaya-kktc-icisleri-bakani-oguz-ile-bir-araya-geldi\\\/\"]}]},{\"@type\":\"BreadcrumbList\",\"@id\":\"https:\\\/\\\/memurunsesi.net\\\/index.php\\\/2025\\\/05\\\/07\\\/bakan-yerlikaya-kktc-icisleri-bakani-oguz-ile-bir-araya-geldi\\\/#breadcrumb\",\"itemListElement\":[{\"@type\":\"ListItem\",\"position\":1,\"name\":\"Anasayfa\",\"item\":\"https:\\\/\\\/memurunsesi.net\\\/\"},{\"@type\":\"ListItem\",\"position\":2,\"name\":\"Bakan Yerlikaya, KKTC \u0130\u00e7i\u015fleri Bakan\u0131 O\u011fuz ile bir araya geldi\"}]},{\"@type\":\"WebSite\",\"@id\":\"https:\\\/\\\/memurunsesi.net\\\/#website\",\"url\":\"https:\\\/\\\/memurunsesi.net\\\/\",\"name\":\"Memurun Sesi\",\"description\":\"G\u00fcncel ve Do\u011fru Haber\",\"publisher\":{\"@id\":\"https:\\\/\\\/memurunsesi.net\\\/#organization\"},\"potentialAction\":[{\"@type\":\"SearchAction\",\"target\":{\"@type\":\"EntryPoint\",\"urlTemplate\":\"https:\\\/\\\/memurunsesi.net\\\/?s={search_term_string}\"},\"query-input\":{\"@type\":\"PropertyValueSpecification\",\"valueRequired\":true,\"valueName\":\"search_term_string\"}}],\"inLanguage\":\"tr\"},{\"@type\":\"Organization\",\"@id\":\"https:\\\/\\\/memurunsesi.net\\\/#organization\",\"name\":\"Memurun Sesi\",\"url\":\"https:\\\/\\\/memurunsesi.net\\\/\",\"logo\":{\"@type\":\"ImageObject\",\"inLanguage\":\"tr\",\"@id\":\"https:\\\/\\\/memurunsesi.net\\\/#\\\/schema\\\/logo\\\/image\\\/\",\"url\":\"https:\\\/\\\/memurunsesi.net\\\/wp-content\\\/uploads\\\/2025\\\/11\\\/cropped-MEMURUN-SESI.png\",\"contentUrl\":\"https:\\\/\\\/memurunsesi.net\\\/wp-content\\\/uploads\\\/2025\\\/11\\\/cropped-MEMURUN-SESI.png\",\"width\":238,\"height\":57,\"caption\":\"Memurun Sesi\"},\"image\":{\"@id\":\"https:\\\/\\\/memurunsesi.net\\\/#\\\/schema\\\/logo\\\/image\\\/\"},\"sameAs\":[\"https:\\\/\\\/www.facebook.com\\\/unipersen\\\/?locale=tr_TR\",\"https:\\\/\\\/x.com\\\/unipersen\"]},{\"@type\":\"Person\",\"@id\":\"https:\\\/\\\/memurunsesi.net\\\/#\\\/schema\\\/person\\\/f21c2d73b89f6ee1d80b0a1803e38587\",\"name\":\"Memurun Sesi Haber Merkezi\",\"image\":{\"@type\":\"ImageObject\",\"inLanguage\":\"tr\",\"@id\":\"https:\\\/\\\/secure.gravatar.com\\\/avatar\\\/6cf0505f452ee753f485014986fab09a434671d2b919ee76fc541025c5876a70?s=96&d=mm&r=g\",\"url\":\"https:\\\/\\\/secure.gravatar.com\\\/avatar\\\/6cf0505f452ee753f485014986fab09a434671d2b919ee76fc541025c5876a70?s=96&d=mm&r=g\",\"contentUrl\":\"https:\\\/\\\/secure.gravatar.com\\\/avatar\\\/6cf0505f452ee753f485014986fab09a434671d2b919ee76fc541025c5876a70?s=96&d=mm&r=g\",\"caption\":\"Memurun Sesi Haber Merkezi\"},\"sameAs\":[\"https:\\\/\\\/memurunsesi.net\"],\"url\":\"https:\\\/\\\/memurunsesi.net\\\/index.php\\\/author\\\/uniper\\\/\"}]}<\/script>\n<!-- \/ Yoast SEO plugin. -->","yoast_head_json":{"title":"Bakan Yerlikaya, KKTC \u0130\u00e7i\u015fleri Bakan\u0131 O\u011fuz ile bir araya geldi - Memurun Sesi","robots":{"index":"index","follow":"follow","max-snippet":"max-snippet:-1","max-image-preview":"max-image-preview:large","max-video-preview":"max-video-preview:-1"},"canonical":"https:\/\/memurunsesi.net\/index.php\/2025\/05\/07\/bakan-yerlikaya-kktc-icisleri-bakani-oguz-ile-bir-araya-geldi\/","og_locale":"tr_TR","og_type":"article","og_title":"Bakan Yerlikaya, KKTC \u0130\u00e7i\u015fleri Bakan\u0131 O\u011fuz ile bir araya geldi - Memurun Sesi","og_description":"&#8211; \u0130\u00e7i\u015fleri Bakan\u0131 Ali Yerlikaya, Kuzey K\u0131br\u0131s T\u00fcrk Cumhuriyeti (KKTC) \u0130\u00e7i\u015fleri Bakan\u0131 Dursun O\u011fuz ve heyetini ile bir araya geldi. Bakan Yerlikaya sosyal medya hesab\u0131ndan yapt\u0131\u011f\u0131 payla\u015f\u0131m\u0131nda, &#8220;Kuzey K\u0131br\u0131s T\u00fcrk Cumhuriyeti \u0130\u00e7i\u015fleri Bakan\u0131 Say\u0131n Dursun O\u011fuz ve heyetini Bakanl\u0131\u011f\u0131m\u0131zda misafir ettik. Say\u0131n Bakan ile bakanl\u0131klar\u0131m\u0131z aras\u0131ndaki i\u015f birli\u011fi konular\u0131n\u0131 ele ald\u0131k. Say\u0131n Bakana ve heyetine [&hellip;]","og_url":"https:\/\/memurunsesi.net\/index.php\/2025\/05\/07\/bakan-yerlikaya-kktc-icisleri-bakani-oguz-ile-bir-araya-geldi\/","og_site_name":"Memurun Sesi","article_publisher":"https:\/\/www.facebook.com\/unipersen\/?locale=tr_TR","article_published_time":"2025-05-07T16:46:13+00:00","author":"Memurun Sesi Haber Merkezi","twitter_card":"summary_large_image","twitter_creator":"@unipersen","twitter_site":"@unipersen","twitter_misc":{"Yazan:":"Memurun Sesi Haber Merkezi","Tahmini okuma s\u00fcresi":"1 dakika"},"schema":{"@context":"https:\/\/schema.org","@graph":[{"@type":"Article","@id":"https:\/\/memurunsesi.net\/index.php\/2025\/05\/07\/bakan-yerlikaya-kktc-icisleri-bakani-oguz-ile-bir-araya-geldi\/#article","isPartOf":{"@id":"https:\/\/memurunsesi.net\/index.php\/2025\/05\/07\/bakan-yerlikaya-kktc-icisleri-bakani-oguz-ile-bir-araya-geldi\/"},"author":{"name":"Memurun Sesi Haber Merkezi","@id":"https:\/\/memurunsesi.net\/#\/schema\/person\/f21c2d73b89f6ee1d80b0a1803e38587"},"headline":"Bakan Yerlikaya, KKTC \u0130\u00e7i\u015fleri Bakan\u0131 O\u011fuz ile bir araya geldi","datePublished":"2025-05-07T16:46:13+00:00","mainEntityOfPage":{"@id":"https:\/\/memurunsesi.net\/index.php\/2025\/05\/07\/bakan-yerlikaya-kktc-icisleri-bakani-oguz-ile-bir-araya-geldi\/"},"wordCount":102,"commentCount":0,"publisher":{"@id":"https:\/\/memurunsesi.net\/#organization"},"inLanguage":"tr","potentialAction":[{"@type":"CommentAction","name":"Comment","target":["https:\/\/memurunsesi.net\/index.php\/2025\/05\/07\/bakan-yerlikaya-kktc-icisleri-bakani-oguz-ile-bir-araya-geldi\/#respond"]}]},{"@type":"WebPage","@id":"https:\/\/memurunsesi.net\/index.php\/2025\/05\/07\/bakan-yerlikaya-kktc-icisleri-bakani-oguz-ile-bir-araya-geldi\/","url":"https:\/\/memurunsesi.net\/index.php\/2025\/05\/07\/bakan-yerlikaya-kktc-icisleri-bakani-oguz-ile-bir-araya-geldi\/","name":"Bakan Yerlikaya, KKTC \u0130\u00e7i\u015fleri Bakan\u0131 O\u011fuz ile bir araya geldi - Memurun Sesi","isPartOf":{"@id":"https:\/\/memurunsesi.net\/#website"},"datePublished":"2025-05-07T16:46:13+00:00","breadcrumb":{"@id":"https:\/\/memurunsesi.net\/index.php\/2025\/05\/07\/bakan-yerlikaya-kktc-icisleri-bakani-oguz-ile-bir-araya-geldi\/#breadcrumb"},"inLanguage":"tr","potentialAction":[{"@type":"ReadAction","target":["https:\/\/memurunsesi.net\/index.php\/2025\/05\/07\/bakan-yerlikaya-kktc-icisleri-bakani-oguz-ile-bir-araya-geldi\/"]}]},{"@type":"BreadcrumbList","@id":"https:\/\/memurunsesi.net\/index.php\/2025\/05\/07\/bakan-yerlikaya-kktc-icisleri-bakani-oguz-ile-bir-araya-geldi\/#breadcrumb","itemListElement":[{"@type":"ListItem","position":1,"name":"Anasayfa","item":"https:\/\/memurunsesi.net\/"},{"@type":"ListItem","position":2,"name":"Bakan Yerlikaya, KKTC \u0130\u00e7i\u015fleri Bakan\u0131 O\u011fuz ile bir araya geldi"}]},{"@type":"WebSite","@id":"https:\/\/memurunsesi.net\/#website","url":"https:\/\/memurunsesi.net\/","name":"Memurun Sesi","description":"G\u00fcncel ve Do\u011fru Haber","publisher":{"@id":"https:\/\/memurunsesi.net\/#organization"},"potentialAction":[{"@type":"SearchAction","target":{"@type":"EntryPoint","urlTemplate":"https:\/\/memurunsesi.net\/?s={search_term_string}"},"query-input":{"@type":"PropertyValueSpecification","valueRequired":true,"valueName":"search_term_string"}}],"inLanguage":"tr"},{"@type":"Organization","@id":"https:\/\/memurunsesi.net\/#organization","name":"Memurun Sesi","url":"https:\/\/memurunsesi.net\/","logo":{"@type":"ImageObject","inLanguage":"tr","@id":"https:\/\/memurunsesi.net\/#\/schema\/logo\/image\/","url":"https:\/\/memurunsesi.net\/wp-content\/uploads\/2025\/11\/cropped-MEMURUN-SESI.png","contentUrl":"https:\/\/memurunsesi.net\/wp-content\/uploads\/2025\/11\/cropped-MEMURUN-SESI.png","width":238,"height":57,"caption":"Memurun Sesi"},"image":{"@id":"https:\/\/memurunsesi.net\/#\/schema\/logo\/image\/"},"sameAs":["https:\/\/www.facebook.com\/unipersen\/?locale=tr_TR","https:\/\/x.com\/unipersen"]},{"@type":"Person","@id":"https:\/\/memurunsesi.net\/#\/schema\/person\/f21c2d73b89f6ee1d80b0a1803e38587","name":"Memurun Sesi Haber Merkezi","image":{"@type":"ImageObject","inLanguage":"tr","@id":"https:\/\/secure.gravatar.com\/avatar\/6cf0505f452ee753f485014986fab09a434671d2b919ee76fc541025c5876a70?s=96&d=mm&r=g","url":"https:\/\/secure.gravatar.com\/avatar\/6cf0505f452ee753f485014986fab09a434671d2b919ee76fc541025c5876a70?s=96&d=mm&r=g","contentUrl":"https:\/\/secure.gravatar.com\/avatar\/6cf0505f452ee753f485014986fab09a434671d2b919ee76fc541025c5876a70?s=96&d=mm&r=g","caption":"Memurun Sesi Haber Merkezi"},"sameAs":["https:\/\/memurunsesi.net"],"url":"https:\/\/memurunsesi.net\/index.php\/author\/uniper\/"}]}},"_links":{"self":[{"href":"https:\/\/memurunsesi.net\/index.php\/wp-json\/wp\/v2\/posts\/6677","targetHints":{"allow":["GET"]}}],"collection":[{"href":"https:\/\/memurunsesi.net\/index.php\/wp-json\/wp\/v2\/posts"}],"about":[{"href":"https:\/\/memurunsesi.net\/index.php\/wp-json\/wp\/v2\/types\/post"}],"author":[{"embeddable":true,"href":"https:\/\/memurunsesi.net\/index.php\/wp-json\/wp\/v2\/users\/1"}],"replies":[{"embeddable":true,"href":"https:\/\/memurunsesi.net\/index.php\/wp-json\/wp\/v2\/comments?post=6677"}],"version-history":[{"count":1,"href":"https:\/\/memurunsesi.net\/index.php\/wp-json\/wp\/v2\/posts\/6677\/revisions"}],"predecessor-version":[{"id":6679,"href":"https:\/\/memurunsesi.net\/index.php\/wp-json\/wp\/v2\/posts\/6677\/revisions\/6679"}],"wp:attachment":[{"href":"https:\/\/memurunsesi.net\/index.php\/wp-json\/wp\/v2\/media?parent=6677"}],"wp:term":[{"taxonomy":"category","embeddable":true,"href":"https:\/\/memurunsesi.net\/index.php\/wp-json\/wp\/v2\/categories?post=6677"},{"taxonomy":"post_tag","embeddable":true,"href":"https:\/\/memurunsesi.net\/index.php\/wp-json\/wp\/v2\/tags?post=6677"}],"curies":[{"name":"wp","href":"https:\/\/api.w.org\/{rel}","templated":true}]}}