{"id":6683,"date":"2025-05-07T19:52:53","date_gmt":"2025-05-07T16:52:53","guid":{"rendered":"https:\/\/memurunsesi.net\/?p=6683"},"modified":"2025-05-07T19:52:53","modified_gmt":"2025-05-07T16:52:53","slug":"nobel-bilim-odullu-bilim-adami-prof-dr-aziz-sancara-fahri-doktora-unvani-verildi","status":"publish","type":"post","link":"https:\/\/memurunsesi.net\/index.php\/2025\/05\/07\/nobel-bilim-odullu-bilim-adami-prof-dr-aziz-sancara-fahri-doktora-unvani-verildi\/","title":{"rendered":"Nobel Bilim \u00d6d\u00fcll\u00fc bilim adam\u0131 Prof. Dr. Aziz Sancar\u2019a fahri doktora unvan\u0131 verildi"},"content":{"rendered":"<p>\n   &#8211; Fatih\u2019te 2015 Nobel Kimya \u00d6d\u00fcl\u00fc sahibi Prof. Dr. Aziz Sancar\u2019a fahri doktora unvan\u0131 verildi.<br \/>\n  Fatih Sultan Mehmet Vak\u0131f \u00dcniversitesi taraf\u0131ndan 2015 y\u0131l\u0131nda Nobel Bilim \u00d6d\u00fcl\u00fc alan Akademisyen Prof. Dr. Aziz Sancar\u2019a fahri doktor verildi. Fatih\u2019te bulunan G\u00fclhane Yerle\u015fkesinde ger\u00e7ekle\u015fen t\u00f6rene, \u0130lim Yayma Vakf\u0131 M\u00fctevelli Heyeti Ba\u015fkan\u0131 Bilal Erdo\u011fan, Prof. Dr. Aziz Sancar, Fatih Sultan Mehmet Vak\u0131f \u00dcniversitesi Rekt\u00f6r\u00fc Prof. Dr. Nevzat \u015eim\u015fek, rekt\u00f6r yard\u0131mc\u0131lar\u0131, akademisyenler kat\u0131ld\u0131. K\u00fcrs\u00fc konu\u015fmalar\u0131n\u0131n ard\u0131ndan Rekt\u00f6r Prof. Dr. Nevzat \u015eim\u015fek Aziz Sancar\u2019a fahri doktor \u00f6nl\u00fc\u011f\u00fcn\u00fc giydirerek, fahri doktora unvan\u0131 tevdi edildi. <\/p>\n<p>  &#8220;Kabul bizler i\u00e7in yaln\u0131zca bir nezaket de\u011fil, kurumsal duru\u015fa g\u00f6sterilen itimad\u0131n da ifadesidir&#8221;<br \/>\n  T\u00f6ren program\u0131nda konu\u015fan Rekt\u00f6r Nevzat \u015eim\u015fek, &#8220;Prof. Dr. Aziz Sancar Hocam\u0131z, \u00fcniversitemizin dayand\u0131\u011f\u0131 bu kadim vak\u0131f gelene\u011fine, ilim ve irfanla bezenmi\u015f e\u011fitim anlay\u0131\u015f\u0131na ve gelece\u011fe d\u00f6n\u00fck vizyonuna olan g\u00fcveniyle davetimize i\u00e7tenlikle icabet etmi\u015ftir. Bu kabul, bizler i\u00e7in yaln\u0131zca bir nezaket de\u011fil, ayn\u0131 zamanda \u00fcniversitemizin temsil etti\u011fi de\u011ferlere duyulan sayg\u0131n\u0131n ve bu kurumsal duru\u015fa g\u00f6sterilen itimad\u0131n da ifadesidir&#8221; dedi. <\/p>\n<p>  &#8220;Prof. Dr. Sancar\u2019\u0131n T\u00fcrk gen\u00e7lerine duydu\u011fu sorumluluk duygusu hem s\u00f6zlerine hem de ya\u015fam\u0131na yans\u0131maktad\u0131r&#8221;<br \/>\n  Rekt\u00f6r \u015eim\u015fek, &#8220;Prof. Dr. Aziz Sancar\u2019\u0131n T\u00fcrk gen\u00e7lerine duydu\u011fu y\u00fcksek sorumluluk duygusu ve T\u00fcrk d\u00fcnyas\u0131na olan derin ba\u011fl\u0131l\u0131k, hem s\u00f6zlerine hem de ya\u015fam\u0131na yans\u0131maktad\u0131r. Gen\u00e7lere hitaplar\u0131nda s\u0131kl\u0131kla, \u2018\u00c7ok \u00e7al\u0131\u015f\u0131n, alan\u0131n\u0131zdaki iyi \u00f6rnekleri takip edin ve teknolojiyi i\u015finize uygulay\u0131n\u2019 tavsiyesinde bulunan hocam\u0131z, \u2018Ben zekaya de\u011fil, eme\u011fe inan\u0131yorum\u2019 s\u00f6z\u00fcyle de ba\u015far\u0131n\u0131n temelini sade ama etkileyici bir \u015fekilde ortaya koymaktad\u0131r. \u201840 ya\u015f\u0131ma kadar g\u00fcnde 18 saat \u00e7al\u0131\u015f\u0131rd\u0131m. Sonra azald\u0131, \u015fimdi 12 saat \u00e7al\u0131\u015f\u0131yorum\u2019 ifadesi ise disiplinli \u00e7al\u0131\u015fman\u0131n ve adanm\u0131\u015fl\u0131\u011f\u0131n hayat\u0131nda nas\u0131l bir s\u00fcreklilik kazand\u0131\u011f\u0131n\u0131n en somut \u00f6rne\u011fidir&#8221; \u015feklinde konu\u015ftu. <\/p>\n<p>  &#8220;Ben telefonumu a\u00e7mak i\u00e7in 1453\u2019\u00fc kullan\u0131r\u0131m&#8221;<br \/>\n  T\u00fcrk birli\u011fi ve \u0130stanbul Fethi\u2019nin \u00f6nemine vurgu yapan Prof. Dr. Aziz Sancar, &#8220;Bana \u00f6d\u00fcl\u00fc lay\u0131k g\u00f6rd\u00fc\u011f\u00fcn\u00fcz i\u00e7in te\u015fekk\u00fcr ederim. Bir \u015feyler s\u00f6ylemek istiyorum. T\u00fcrklere ve aileme \u00f6zel \u015feylerdir. 1453\u2019\u00fc biz her \u015fey i\u00e7in kullan\u0131r\u0131z. Ben telefonumu a\u00e7mak i\u00e7in 1453\u2019\u00fc kullan\u0131r\u0131m. Fatih bizim i\u00e7in \u00f6nemli. Benim ailem i\u00e7in de\u011fil sadece, T\u00fcrkiye i\u00e7in de\u011fil, b\u00fct\u00fcn T\u00fcrk d\u00fcnyas\u0131 i\u00e7in \u00e7ok \u00f6nemli. Yabanc\u0131 bir kitapta okudum \u0130ngilizce yaz\u0131yordu. O kitapta diyor ki; Fatih \u0130stanbul\u2019u fethetti\u011finde b\u00fct\u00fcn T\u00fcrkler Orta Asya\u2019dan Anadolu\u2019ya getirildi. Uygurca T\u00fcrk\u00e7esiyle yaz\u0131lm\u0131\u015f haberi g\u00f6nderiyor. Bu \u015funu g\u00f6steriyor; biz T\u00fcrkler bir aileyiz&#8221; ifadelerini kulland\u0131. <\/p>\n<p>  &#8220;Biz T\u00fcrk birli\u011fi kurmak istiyoruz&#8221;<br \/>\n  T\u00fcrk birli\u011finin \u00f6nceden kuruldu\u011funu s\u00f6yleyen Prof. Dr. Aziz Sancar, &#8220;Yabanc\u0131n\u0131n Uygur T\u00fcrk\u00e7esi\u2019dir dedi\u011fi b\u00fct\u00fcn T\u00fcrklerin kulland\u0131\u011f\u0131 T\u00fcrk\u00e7eydi. O bak\u0131mdan sonra Uygurlar\u0131n T\u00fcrk\u00e7esi ayr\u0131, Osmanl\u0131\u2019n\u0131n T\u00fcrk\u00e7esi ayr\u0131 geli\u015fti. Fakat o c\u00fcmle bana \u00e7ok dokundu. Biz T\u00fcrk birli\u011fi kurmak istiyoruz. T\u00fcrk birli\u011fi vard\u0131. Atat\u00fcrk yaln\u0131z Anadolu\u2019ya de\u011fil b\u00fct\u00fcn T\u00fcrk d\u00fcnyas\u0131na Uygur T\u00fcrk\u00e7esi\u2019ni o zaman sade bir T\u00fcrk\u00e7e vard\u0131. B\u00fct\u00fcn d\u00fcnyaya biz \u0130stanbul\u2019u fethettik diyoruz. Fethin, Avrupal\u0131lar i\u00e7in nas\u0131l bir felaket oldu\u011funu Avrupal\u0131lar\u0131n da Ha\u00e7l\u0131 seferlerini ba\u015flatmaya \u00e7al\u0131\u015ft\u0131klar\u0131n\u0131 biliyorsunuz&#8221; c\u00fcmlelerini kulland\u0131. <\/p>\n<p>  &#8220;Fatih bilime \u00e7ok \u00f6nem veriyordu&#8221;<br \/>\n  Fatih Sultan Mehmet\u2019in bilime \u00f6nem verdi\u011fini s\u00f6yleyen Prof. Dr. Aziz Sancar, &#8220;Bana Fransa\u2019dan, Avrupa\u2019n\u0131n farkl\u0131 \u00fclkelerinden Balkan \u00fclkelerinden T\u00fcrkiye\u2019deki bir\u00e7ok \u00fcniversiteden fahri doktorluk iste\u011fi geldi. Fatih deyince hi\u00e7 d\u00fc\u015f\u00fcnmeden kabul ettim. Fatih Sultan Mehmet bu d\u00f6neme kadar bize bir \u0131\u015f\u0131kt\u0131r. Bizde T\u00fcrk d\u00fcnyas\u0131 olarak birle\u015firsek fethe l\u00fczum yok. Fakat ondan ayr\u0131 Fatih bilime \u00e7ok \u00f6nem veriyordu&#8221; diye konu\u015ftu. <\/p>\n<p>7.05.2025                         <\/p>\n","protected":false},"excerpt":{"rendered":"<p>&#8211; Fatih\u2019te 2015 Nobel Kimya \u00d6d\u00fcl\u00fc sahibi Prof. Dr. Aziz Sancar\u2019a fahri doktora unvan\u0131 verildi. Fatih Sultan Mehmet Vak\u0131f \u00dcniversitesi taraf\u0131ndan 2015 y\u0131l\u0131nda Nobel Bilim \u00d6d\u00fcl\u00fc alan Akademisyen Prof. Dr. Aziz Sancar\u2019a fahri doktor verildi. Fatih\u2019te bulunan G\u00fclhane Yerle\u015fkesinde ger\u00e7ekle\u015fen t\u00f6rene, \u0130lim Yayma Vakf\u0131 M\u00fctevelli Heyeti Ba\u015fkan\u0131 Bilal Erdo\u011fan, Prof. Dr. Aziz Sancar, Fatih Sultan [&hellip;]<\/p>\n","protected":false},"author":1,"featured_media":0,"comment_status":"open","ping_status":"open","sticky":false,"template":"","format":"video","meta":{"footnotes":""},"categories":[1],"tags":[],"class_list":["post-6683","post","type-post","status-publish","format-video","hentry","category-genel","post_format-post-format-video"],"yoast_head":"<!-- This site is optimized with the Yoast SEO plugin v27.4 - https:\/\/yoast.com\/product\/yoast-seo-wordpress\/ -->\n<title>Nobel Bilim \u00d6d\u00fcll\u00fc bilim adam\u0131 Prof. Dr. Aziz Sancar\u2019a fahri doktora unvan\u0131 verildi - Memurun Sesi<\/title>\n<meta name=\"robots\" content=\"index, follow, max-snippet:-1, max-image-preview:large, max-video-preview:-1\" \/>\n<link rel=\"canonical\" href=\"https:\/\/memurunsesi.net\/index.php\/2025\/05\/07\/nobel-bilim-odullu-bilim-adami-prof-dr-aziz-sancara-fahri-doktora-unvani-verildi\/\" \/>\n<meta property=\"og:locale\" content=\"tr_TR\" \/>\n<meta property=\"og:type\" content=\"article\" \/>\n<meta property=\"og:title\" content=\"Nobel Bilim \u00d6d\u00fcll\u00fc bilim adam\u0131 Prof. Dr. Aziz Sancar\u2019a fahri doktora unvan\u0131 verildi - Memurun Sesi\" \/>\n<meta property=\"og:description\" content=\"&#8211; Fatih\u2019te 2015 Nobel Kimya \u00d6d\u00fcl\u00fc sahibi Prof. Dr. Aziz Sancar\u2019a fahri doktora unvan\u0131 verildi. Fatih Sultan Mehmet Vak\u0131f \u00dcniversitesi taraf\u0131ndan 2015 y\u0131l\u0131nda Nobel Bilim \u00d6d\u00fcl\u00fc alan Akademisyen Prof. Dr. Aziz Sancar\u2019a fahri doktor verildi. Fatih\u2019te bulunan G\u00fclhane Yerle\u015fkesinde ger\u00e7ekle\u015fen t\u00f6rene, \u0130lim Yayma Vakf\u0131 M\u00fctevelli Heyeti Ba\u015fkan\u0131 Bilal Erdo\u011fan, Prof. Dr. Aziz Sancar, Fatih Sultan [&hellip;]\" \/>\n<meta property=\"og:url\" content=\"https:\/\/memurunsesi.net\/index.php\/2025\/05\/07\/nobel-bilim-odullu-bilim-adami-prof-dr-aziz-sancara-fahri-doktora-unvani-verildi\/\" \/>\n<meta property=\"og:site_name\" content=\"Memurun Sesi\" \/>\n<meta property=\"article:publisher\" content=\"https:\/\/www.facebook.com\/unipersen\/?locale=tr_TR\" \/>\n<meta property=\"article:published_time\" content=\"2025-05-07T16:52:53+00:00\" \/>\n<meta name=\"author\" content=\"Memurun Sesi Haber Merkezi\" \/>\n<meta name=\"twitter:card\" content=\"summary_large_image\" \/>\n<meta name=\"twitter:creator\" content=\"@unipersen\" \/>\n<meta name=\"twitter:site\" content=\"@unipersen\" \/>\n<meta name=\"twitter:label1\" content=\"Yazan:\" \/>\n\t<meta name=\"twitter:data1\" content=\"Memurun Sesi Haber Merkezi\" \/>\n\t<meta name=\"twitter:label2\" content=\"Tahmini okuma s\u00fcresi\" \/>\n\t<meta name=\"twitter:data2\" content=\"1 dakika\" \/>\n<script type=\"application\/ld+json\" class=\"yoast-schema-graph\">{\"@context\":\"https:\\\/\\\/schema.org\",\"@graph\":[{\"@type\":\"Article\",\"@id\":\"https:\\\/\\\/memurunsesi.net\\\/index.php\\\/2025\\\/05\\\/07\\\/nobel-bilim-odullu-bilim-adami-prof-dr-aziz-sancara-fahri-doktora-unvani-verildi\\\/#article\",\"isPartOf\":{\"@id\":\"https:\\\/\\\/memurunsesi.net\\\/index.php\\\/2025\\\/05\\\/07\\\/nobel-bilim-odullu-bilim-adami-prof-dr-aziz-sancara-fahri-doktora-unvani-verildi\\\/\"},\"author\":{\"name\":\"Memurun Sesi Haber Merkezi\",\"@id\":\"https:\\\/\\\/memurunsesi.net\\\/#\\\/schema\\\/person\\\/f21c2d73b89f6ee1d80b0a1803e38587\"},\"headline\":\"Nobel Bilim \u00d6d\u00fcll\u00fc bilim adam\u0131 Prof. Dr. Aziz Sancar\u2019a fahri doktora unvan\u0131 verildi\",\"datePublished\":\"2025-05-07T16:52:53+00:00\",\"mainEntityOfPage\":{\"@id\":\"https:\\\/\\\/memurunsesi.net\\\/index.php\\\/2025\\\/05\\\/07\\\/nobel-bilim-odullu-bilim-adami-prof-dr-aziz-sancara-fahri-doktora-unvani-verildi\\\/\"},\"wordCount\":763,\"commentCount\":0,\"publisher\":{\"@id\":\"https:\\\/\\\/memurunsesi.net\\\/#organization\"},\"inLanguage\":\"tr\",\"potentialAction\":[{\"@type\":\"CommentAction\",\"name\":\"Comment\",\"target\":[\"https:\\\/\\\/memurunsesi.net\\\/index.php\\\/2025\\\/05\\\/07\\\/nobel-bilim-odullu-bilim-adami-prof-dr-aziz-sancara-fahri-doktora-unvani-verildi\\\/#respond\"]}]},{\"@type\":\"WebPage\",\"@id\":\"https:\\\/\\\/memurunsesi.net\\\/index.php\\\/2025\\\/05\\\/07\\\/nobel-bilim-odullu-bilim-adami-prof-dr-aziz-sancara-fahri-doktora-unvani-verildi\\\/\",\"url\":\"https:\\\/\\\/memurunsesi.net\\\/index.php\\\/2025\\\/05\\\/07\\\/nobel-bilim-odullu-bilim-adami-prof-dr-aziz-sancara-fahri-doktora-unvani-verildi\\\/\",\"name\":\"Nobel Bilim \u00d6d\u00fcll\u00fc bilim adam\u0131 Prof. Dr. Aziz Sancar\u2019a fahri doktora unvan\u0131 verildi - Memurun Sesi\",\"isPartOf\":{\"@id\":\"https:\\\/\\\/memurunsesi.net\\\/#website\"},\"datePublished\":\"2025-05-07T16:52:53+00:00\",\"breadcrumb\":{\"@id\":\"https:\\\/\\\/memurunsesi.net\\\/index.php\\\/2025\\\/05\\\/07\\\/nobel-bilim-odullu-bilim-adami-prof-dr-aziz-sancara-fahri-doktora-unvani-verildi\\\/#breadcrumb\"},\"inLanguage\":\"tr\",\"potentialAction\":[{\"@type\":\"ReadAction\",\"target\":[\"https:\\\/\\\/memurunsesi.net\\\/index.php\\\/2025\\\/05\\\/07\\\/nobel-bilim-odullu-bilim-adami-prof-dr-aziz-sancara-fahri-doktora-unvani-verildi\\\/\"]}]},{\"@type\":\"BreadcrumbList\",\"@id\":\"https:\\\/\\\/memurunsesi.net\\\/index.php\\\/2025\\\/05\\\/07\\\/nobel-bilim-odullu-bilim-adami-prof-dr-aziz-sancara-fahri-doktora-unvani-verildi\\\/#breadcrumb\",\"itemListElement\":[{\"@type\":\"ListItem\",\"position\":1,\"name\":\"Anasayfa\",\"item\":\"https:\\\/\\\/memurunsesi.net\\\/\"},{\"@type\":\"ListItem\",\"position\":2,\"name\":\"Nobel Bilim \u00d6d\u00fcll\u00fc bilim adam\u0131 Prof. Dr. Aziz Sancar\u2019a fahri doktora unvan\u0131 verildi\"}]},{\"@type\":\"WebSite\",\"@id\":\"https:\\\/\\\/memurunsesi.net\\\/#website\",\"url\":\"https:\\\/\\\/memurunsesi.net\\\/\",\"name\":\"Memurun Sesi\",\"description\":\"G\u00fcncel ve Do\u011fru Haber\",\"publisher\":{\"@id\":\"https:\\\/\\\/memurunsesi.net\\\/#organization\"},\"potentialAction\":[{\"@type\":\"SearchAction\",\"target\":{\"@type\":\"EntryPoint\",\"urlTemplate\":\"https:\\\/\\\/memurunsesi.net\\\/?s={search_term_string}\"},\"query-input\":{\"@type\":\"PropertyValueSpecification\",\"valueRequired\":true,\"valueName\":\"search_term_string\"}}],\"inLanguage\":\"tr\"},{\"@type\":\"Organization\",\"@id\":\"https:\\\/\\\/memurunsesi.net\\\/#organization\",\"name\":\"Memurun Sesi\",\"url\":\"https:\\\/\\\/memurunsesi.net\\\/\",\"logo\":{\"@type\":\"ImageObject\",\"inLanguage\":\"tr\",\"@id\":\"https:\\\/\\\/memurunsesi.net\\\/#\\\/schema\\\/logo\\\/image\\\/\",\"url\":\"https:\\\/\\\/memurunsesi.net\\\/wp-content\\\/uploads\\\/2025\\\/11\\\/cropped-MEMURUN-SESI.png\",\"contentUrl\":\"https:\\\/\\\/memurunsesi.net\\\/wp-content\\\/uploads\\\/2025\\\/11\\\/cropped-MEMURUN-SESI.png\",\"width\":238,\"height\":57,\"caption\":\"Memurun Sesi\"},\"image\":{\"@id\":\"https:\\\/\\\/memurunsesi.net\\\/#\\\/schema\\\/logo\\\/image\\\/\"},\"sameAs\":[\"https:\\\/\\\/www.facebook.com\\\/unipersen\\\/?locale=tr_TR\",\"https:\\\/\\\/x.com\\\/unipersen\"]},{\"@type\":\"Person\",\"@id\":\"https:\\\/\\\/memurunsesi.net\\\/#\\\/schema\\\/person\\\/f21c2d73b89f6ee1d80b0a1803e38587\",\"name\":\"Memurun Sesi Haber Merkezi\",\"image\":{\"@type\":\"ImageObject\",\"inLanguage\":\"tr\",\"@id\":\"https:\\\/\\\/secure.gravatar.com\\\/avatar\\\/6cf0505f452ee753f485014986fab09a434671d2b919ee76fc541025c5876a70?s=96&d=mm&r=g\",\"url\":\"https:\\\/\\\/secure.gravatar.com\\\/avatar\\\/6cf0505f452ee753f485014986fab09a434671d2b919ee76fc541025c5876a70?s=96&d=mm&r=g\",\"contentUrl\":\"https:\\\/\\\/secure.gravatar.com\\\/avatar\\\/6cf0505f452ee753f485014986fab09a434671d2b919ee76fc541025c5876a70?s=96&d=mm&r=g\",\"caption\":\"Memurun Sesi Haber Merkezi\"},\"sameAs\":[\"https:\\\/\\\/memurunsesi.net\"],\"url\":\"https:\\\/\\\/memurunsesi.net\\\/index.php\\\/author\\\/uniper\\\/\"}]}<\/script>\n<!-- \/ Yoast SEO plugin. -->","yoast_head_json":{"title":"Nobel Bilim \u00d6d\u00fcll\u00fc bilim adam\u0131 Prof. Dr. Aziz Sancar\u2019a fahri doktora unvan\u0131 verildi - Memurun Sesi","robots":{"index":"index","follow":"follow","max-snippet":"max-snippet:-1","max-image-preview":"max-image-preview:large","max-video-preview":"max-video-preview:-1"},"canonical":"https:\/\/memurunsesi.net\/index.php\/2025\/05\/07\/nobel-bilim-odullu-bilim-adami-prof-dr-aziz-sancara-fahri-doktora-unvani-verildi\/","og_locale":"tr_TR","og_type":"article","og_title":"Nobel Bilim \u00d6d\u00fcll\u00fc bilim adam\u0131 Prof. Dr. Aziz Sancar\u2019a fahri doktora unvan\u0131 verildi - Memurun Sesi","og_description":"&#8211; Fatih\u2019te 2015 Nobel Kimya \u00d6d\u00fcl\u00fc sahibi Prof. Dr. Aziz Sancar\u2019a fahri doktora unvan\u0131 verildi. Fatih Sultan Mehmet Vak\u0131f \u00dcniversitesi taraf\u0131ndan 2015 y\u0131l\u0131nda Nobel Bilim \u00d6d\u00fcl\u00fc alan Akademisyen Prof. Dr. Aziz Sancar\u2019a fahri doktor verildi. Fatih\u2019te bulunan G\u00fclhane Yerle\u015fkesinde ger\u00e7ekle\u015fen t\u00f6rene, \u0130lim Yayma Vakf\u0131 M\u00fctevelli Heyeti Ba\u015fkan\u0131 Bilal Erdo\u011fan, Prof. Dr. Aziz Sancar, Fatih Sultan [&hellip;]","og_url":"https:\/\/memurunsesi.net\/index.php\/2025\/05\/07\/nobel-bilim-odullu-bilim-adami-prof-dr-aziz-sancara-fahri-doktora-unvani-verildi\/","og_site_name":"Memurun Sesi","article_publisher":"https:\/\/www.facebook.com\/unipersen\/?locale=tr_TR","article_published_time":"2025-05-07T16:52:53+00:00","author":"Memurun Sesi Haber Merkezi","twitter_card":"summary_large_image","twitter_creator":"@unipersen","twitter_site":"@unipersen","twitter_misc":{"Yazan:":"Memurun Sesi Haber Merkezi","Tahmini okuma s\u00fcresi":"1 dakika"},"schema":{"@context":"https:\/\/schema.org","@graph":[{"@type":"Article","@id":"https:\/\/memurunsesi.net\/index.php\/2025\/05\/07\/nobel-bilim-odullu-bilim-adami-prof-dr-aziz-sancara-fahri-doktora-unvani-verildi\/#article","isPartOf":{"@id":"https:\/\/memurunsesi.net\/index.php\/2025\/05\/07\/nobel-bilim-odullu-bilim-adami-prof-dr-aziz-sancara-fahri-doktora-unvani-verildi\/"},"author":{"name":"Memurun Sesi Haber Merkezi","@id":"https:\/\/memurunsesi.net\/#\/schema\/person\/f21c2d73b89f6ee1d80b0a1803e38587"},"headline":"Nobel Bilim \u00d6d\u00fcll\u00fc bilim adam\u0131 Prof. Dr. Aziz Sancar\u2019a fahri doktora unvan\u0131 verildi","datePublished":"2025-05-07T16:52:53+00:00","mainEntityOfPage":{"@id":"https:\/\/memurunsesi.net\/index.php\/2025\/05\/07\/nobel-bilim-odullu-bilim-adami-prof-dr-aziz-sancara-fahri-doktora-unvani-verildi\/"},"wordCount":763,"commentCount":0,"publisher":{"@id":"https:\/\/memurunsesi.net\/#organization"},"inLanguage":"tr","potentialAction":[{"@type":"CommentAction","name":"Comment","target":["https:\/\/memurunsesi.net\/index.php\/2025\/05\/07\/nobel-bilim-odullu-bilim-adami-prof-dr-aziz-sancara-fahri-doktora-unvani-verildi\/#respond"]}]},{"@type":"WebPage","@id":"https:\/\/memurunsesi.net\/index.php\/2025\/05\/07\/nobel-bilim-odullu-bilim-adami-prof-dr-aziz-sancara-fahri-doktora-unvani-verildi\/","url":"https:\/\/memurunsesi.net\/index.php\/2025\/05\/07\/nobel-bilim-odullu-bilim-adami-prof-dr-aziz-sancara-fahri-doktora-unvani-verildi\/","name":"Nobel Bilim \u00d6d\u00fcll\u00fc bilim adam\u0131 Prof. Dr. Aziz Sancar\u2019a fahri doktora unvan\u0131 verildi - Memurun Sesi","isPartOf":{"@id":"https:\/\/memurunsesi.net\/#website"},"datePublished":"2025-05-07T16:52:53+00:00","breadcrumb":{"@id":"https:\/\/memurunsesi.net\/index.php\/2025\/05\/07\/nobel-bilim-odullu-bilim-adami-prof-dr-aziz-sancara-fahri-doktora-unvani-verildi\/#breadcrumb"},"inLanguage":"tr","potentialAction":[{"@type":"ReadAction","target":["https:\/\/memurunsesi.net\/index.php\/2025\/05\/07\/nobel-bilim-odullu-bilim-adami-prof-dr-aziz-sancara-fahri-doktora-unvani-verildi\/"]}]},{"@type":"BreadcrumbList","@id":"https:\/\/memurunsesi.net\/index.php\/2025\/05\/07\/nobel-bilim-odullu-bilim-adami-prof-dr-aziz-sancara-fahri-doktora-unvani-verildi\/#breadcrumb","itemListElement":[{"@type":"ListItem","position":1,"name":"Anasayfa","item":"https:\/\/memurunsesi.net\/"},{"@type":"ListItem","position":2,"name":"Nobel Bilim \u00d6d\u00fcll\u00fc bilim adam\u0131 Prof. Dr. Aziz Sancar\u2019a fahri doktora unvan\u0131 verildi"}]},{"@type":"WebSite","@id":"https:\/\/memurunsesi.net\/#website","url":"https:\/\/memurunsesi.net\/","name":"Memurun Sesi","description":"G\u00fcncel ve Do\u011fru Haber","publisher":{"@id":"https:\/\/memurunsesi.net\/#organization"},"potentialAction":[{"@type":"SearchAction","target":{"@type":"EntryPoint","urlTemplate":"https:\/\/memurunsesi.net\/?s={search_term_string}"},"query-input":{"@type":"PropertyValueSpecification","valueRequired":true,"valueName":"search_term_string"}}],"inLanguage":"tr"},{"@type":"Organization","@id":"https:\/\/memurunsesi.net\/#organization","name":"Memurun Sesi","url":"https:\/\/memurunsesi.net\/","logo":{"@type":"ImageObject","inLanguage":"tr","@id":"https:\/\/memurunsesi.net\/#\/schema\/logo\/image\/","url":"https:\/\/memurunsesi.net\/wp-content\/uploads\/2025\/11\/cropped-MEMURUN-SESI.png","contentUrl":"https:\/\/memurunsesi.net\/wp-content\/uploads\/2025\/11\/cropped-MEMURUN-SESI.png","width":238,"height":57,"caption":"Memurun Sesi"},"image":{"@id":"https:\/\/memurunsesi.net\/#\/schema\/logo\/image\/"},"sameAs":["https:\/\/www.facebook.com\/unipersen\/?locale=tr_TR","https:\/\/x.com\/unipersen"]},{"@type":"Person","@id":"https:\/\/memurunsesi.net\/#\/schema\/person\/f21c2d73b89f6ee1d80b0a1803e38587","name":"Memurun Sesi Haber Merkezi","image":{"@type":"ImageObject","inLanguage":"tr","@id":"https:\/\/secure.gravatar.com\/avatar\/6cf0505f452ee753f485014986fab09a434671d2b919ee76fc541025c5876a70?s=96&d=mm&r=g","url":"https:\/\/secure.gravatar.com\/avatar\/6cf0505f452ee753f485014986fab09a434671d2b919ee76fc541025c5876a70?s=96&d=mm&r=g","contentUrl":"https:\/\/secure.gravatar.com\/avatar\/6cf0505f452ee753f485014986fab09a434671d2b919ee76fc541025c5876a70?s=96&d=mm&r=g","caption":"Memurun Sesi Haber Merkezi"},"sameAs":["https:\/\/memurunsesi.net"],"url":"https:\/\/memurunsesi.net\/index.php\/author\/uniper\/"}]}},"_links":{"self":[{"href":"https:\/\/memurunsesi.net\/index.php\/wp-json\/wp\/v2\/posts\/6683","targetHints":{"allow":["GET"]}}],"collection":[{"href":"https:\/\/memurunsesi.net\/index.php\/wp-json\/wp\/v2\/posts"}],"about":[{"href":"https:\/\/memurunsesi.net\/index.php\/wp-json\/wp\/v2\/types\/post"}],"author":[{"embeddable":true,"href":"https:\/\/memurunsesi.net\/index.php\/wp-json\/wp\/v2\/users\/1"}],"replies":[{"embeddable":true,"href":"https:\/\/memurunsesi.net\/index.php\/wp-json\/wp\/v2\/comments?post=6683"}],"version-history":[{"count":1,"href":"https:\/\/memurunsesi.net\/index.php\/wp-json\/wp\/v2\/posts\/6683\/revisions"}],"predecessor-version":[{"id":6685,"href":"https:\/\/memurunsesi.net\/index.php\/wp-json\/wp\/v2\/posts\/6683\/revisions\/6685"}],"wp:attachment":[{"href":"https:\/\/memurunsesi.net\/index.php\/wp-json\/wp\/v2\/media?parent=6683"}],"wp:term":[{"taxonomy":"category","embeddable":true,"href":"https:\/\/memurunsesi.net\/index.php\/wp-json\/wp\/v2\/categories?post=6683"},{"taxonomy":"post_tag","embeddable":true,"href":"https:\/\/memurunsesi.net\/index.php\/wp-json\/wp\/v2\/tags?post=6683"}],"curies":[{"name":"wp","href":"https:\/\/api.w.org\/{rel}","templated":true}]}}