{"id":6693,"date":"2025-05-07T20:01:34","date_gmt":"2025-05-07T17:01:34","guid":{"rendered":"https:\/\/memurunsesi.net\/?p=6693"},"modified":"2025-05-07T20:01:34","modified_gmt":"2025-05-07T17:01:34","slug":"ankarada-saganak-ve-dolu-etkili-oldu","status":"publish","type":"post","link":"https:\/\/memurunsesi.net\/index.php\/2025\/05\/07\/ankarada-saganak-ve-dolu-etkili-oldu\/","title":{"rendered":"Ankara&#8217;da sa\u011fanak ve dolu etkili oldu"},"content":{"rendered":"<p>\n   &#8211; Ankara&#8217;da uyar\u0131lar\u0131n ard\u0131ndan sa\u011fanak ve baz\u0131 il\u00e7elerde dolu ya\u011f\u0131\u015f\u0131 etkili oldu.<br \/>\n  Ankara Valili\u011fi, sosyal medya hesab\u0131ndan il genelinde kuvvetli sa\u011fanak ve g\u00f6k g\u00fcr\u00fclt\u00fcl\u00fc sa\u011fanak ya\u011f\u0131\u015f uyar\u0131s\u0131 yapm\u0131\u015ft\u0131. Yap\u0131lan uyar\u0131n\u0131n ard\u0131ndan \u00f6\u011fle saatlerinden sonra ba\u015flayan ya\u011fmur, Ankara&#8217;n\u0131n Polatl\u0131 il\u00e7esi ba\u015fta olmak \u00fczere bir\u00e7ok il\u00e7ede etkisini k\u0131sa s\u00fcrede g\u00f6sterdi. Baz\u0131 il\u00e7elerde etkili olan dolu ya\u011f\u0131\u015f\u0131 ise ara\u00e7lar\u0131n ve yayalar\u0131n zor anlar ya\u015famas\u0131na neden oldu. <\/p>\n<p> 7.05.2025                                 <\/p>\n","protected":false},"excerpt":{"rendered":"<p>&#8211; Ankara&#8217;da uyar\u0131lar\u0131n ard\u0131ndan sa\u011fanak ve baz\u0131 il\u00e7elerde dolu ya\u011f\u0131\u015f\u0131 etkili oldu. Ankara Valili\u011fi, sosyal medya hesab\u0131ndan il genelinde kuvvetli sa\u011fanak ve g\u00f6k g\u00fcr\u00fclt\u00fcl\u00fc sa\u011fanak ya\u011f\u0131\u015f uyar\u0131s\u0131 yapm\u0131\u015ft\u0131. Yap\u0131lan uyar\u0131n\u0131n ard\u0131ndan \u00f6\u011fle saatlerinden sonra ba\u015flayan ya\u011fmur, Ankara&#8217;n\u0131n Polatl\u0131 il\u00e7esi ba\u015fta olmak \u00fczere bir\u00e7ok il\u00e7ede etkisini k\u0131sa s\u00fcrede g\u00f6sterdi. Baz\u0131 il\u00e7elerde etkili olan dolu ya\u011f\u0131\u015f\u0131 ise [&hellip;]<\/p>\n","protected":false},"author":1,"featured_media":0,"comment_status":"open","ping_status":"open","sticky":false,"template":"","format":"standard","meta":{"footnotes":""},"categories":[1],"tags":[],"class_list":["post-6693","post","type-post","status-publish","format-standard","hentry","category-genel"],"yoast_head":"<!-- This site is optimized with the Yoast SEO plugin v27.4 - https:\/\/yoast.com\/product\/yoast-seo-wordpress\/ -->\n<title>Ankara&#039;da sa\u011fanak ve dolu etkili oldu - Memurun Sesi<\/title>\n<meta name=\"robots\" content=\"index, follow, max-snippet:-1, max-image-preview:large, max-video-preview:-1\" \/>\n<link rel=\"canonical\" href=\"https:\/\/memurunsesi.net\/index.php\/2025\/05\/07\/ankarada-saganak-ve-dolu-etkili-oldu\/\" \/>\n<meta property=\"og:locale\" content=\"tr_TR\" \/>\n<meta property=\"og:type\" content=\"article\" \/>\n<meta property=\"og:title\" content=\"Ankara&#039;da sa\u011fanak ve dolu etkili oldu - Memurun Sesi\" \/>\n<meta property=\"og:description\" content=\"&#8211; Ankara&#8217;da uyar\u0131lar\u0131n ard\u0131ndan sa\u011fanak ve baz\u0131 il\u00e7elerde dolu ya\u011f\u0131\u015f\u0131 etkili oldu. Ankara Valili\u011fi, sosyal medya hesab\u0131ndan il genelinde kuvvetli sa\u011fanak ve g\u00f6k g\u00fcr\u00fclt\u00fcl\u00fc sa\u011fanak ya\u011f\u0131\u015f uyar\u0131s\u0131 yapm\u0131\u015ft\u0131. Yap\u0131lan uyar\u0131n\u0131n ard\u0131ndan \u00f6\u011fle saatlerinden sonra ba\u015flayan ya\u011fmur, Ankara&#8217;n\u0131n Polatl\u0131 il\u00e7esi ba\u015fta olmak \u00fczere bir\u00e7ok il\u00e7ede etkisini k\u0131sa s\u00fcrede g\u00f6sterdi. Baz\u0131 il\u00e7elerde etkili olan dolu ya\u011f\u0131\u015f\u0131 ise [&hellip;]\" \/>\n<meta property=\"og:url\" content=\"https:\/\/memurunsesi.net\/index.php\/2025\/05\/07\/ankarada-saganak-ve-dolu-etkili-oldu\/\" \/>\n<meta property=\"og:site_name\" content=\"Memurun Sesi\" \/>\n<meta property=\"article:publisher\" content=\"https:\/\/www.facebook.com\/unipersen\/?locale=tr_TR\" \/>\n<meta property=\"article:published_time\" content=\"2025-05-07T17:01:34+00:00\" \/>\n<meta name=\"author\" content=\"Memurun Sesi Haber Merkezi\" \/>\n<meta name=\"twitter:card\" content=\"summary_large_image\" \/>\n<meta name=\"twitter:creator\" content=\"@unipersen\" \/>\n<meta name=\"twitter:site\" content=\"@unipersen\" \/>\n<meta name=\"twitter:label1\" content=\"Yazan:\" \/>\n\t<meta name=\"twitter:data1\" content=\"Memurun Sesi Haber Merkezi\" \/>\n<script type=\"application\/ld+json\" class=\"yoast-schema-graph\">{\"@context\":\"https:\\\/\\\/schema.org\",\"@graph\":[{\"@type\":\"Article\",\"@id\":\"https:\\\/\\\/memurunsesi.net\\\/index.php\\\/2025\\\/05\\\/07\\\/ankarada-saganak-ve-dolu-etkili-oldu\\\/#article\",\"isPartOf\":{\"@id\":\"https:\\\/\\\/memurunsesi.net\\\/index.php\\\/2025\\\/05\\\/07\\\/ankarada-saganak-ve-dolu-etkili-oldu\\\/\"},\"author\":{\"name\":\"Memurun Sesi Haber Merkezi\",\"@id\":\"https:\\\/\\\/memurunsesi.net\\\/#\\\/schema\\\/person\\\/f21c2d73b89f6ee1d80b0a1803e38587\"},\"headline\":\"Ankara&#8217;da sa\u011fanak ve dolu etkili oldu\",\"datePublished\":\"2025-05-07T17:01:34+00:00\",\"mainEntityOfPage\":{\"@id\":\"https:\\\/\\\/memurunsesi.net\\\/index.php\\\/2025\\\/05\\\/07\\\/ankarada-saganak-ve-dolu-etkili-oldu\\\/\"},\"wordCount\":108,\"commentCount\":0,\"publisher\":{\"@id\":\"https:\\\/\\\/memurunsesi.net\\\/#organization\"},\"inLanguage\":\"tr\",\"potentialAction\":[{\"@type\":\"CommentAction\",\"name\":\"Comment\",\"target\":[\"https:\\\/\\\/memurunsesi.net\\\/index.php\\\/2025\\\/05\\\/07\\\/ankarada-saganak-ve-dolu-etkili-oldu\\\/#respond\"]}]},{\"@type\":\"WebPage\",\"@id\":\"https:\\\/\\\/memurunsesi.net\\\/index.php\\\/2025\\\/05\\\/07\\\/ankarada-saganak-ve-dolu-etkili-oldu\\\/\",\"url\":\"https:\\\/\\\/memurunsesi.net\\\/index.php\\\/2025\\\/05\\\/07\\\/ankarada-saganak-ve-dolu-etkili-oldu\\\/\",\"name\":\"Ankara'da sa\u011fanak ve dolu etkili oldu - Memurun Sesi\",\"isPartOf\":{\"@id\":\"https:\\\/\\\/memurunsesi.net\\\/#website\"},\"datePublished\":\"2025-05-07T17:01:34+00:00\",\"breadcrumb\":{\"@id\":\"https:\\\/\\\/memurunsesi.net\\\/index.php\\\/2025\\\/05\\\/07\\\/ankarada-saganak-ve-dolu-etkili-oldu\\\/#breadcrumb\"},\"inLanguage\":\"tr\",\"potentialAction\":[{\"@type\":\"ReadAction\",\"target\":[\"https:\\\/\\\/memurunsesi.net\\\/index.php\\\/2025\\\/05\\\/07\\\/ankarada-saganak-ve-dolu-etkili-oldu\\\/\"]}]},{\"@type\":\"BreadcrumbList\",\"@id\":\"https:\\\/\\\/memurunsesi.net\\\/index.php\\\/2025\\\/05\\\/07\\\/ankarada-saganak-ve-dolu-etkili-oldu\\\/#breadcrumb\",\"itemListElement\":[{\"@type\":\"ListItem\",\"position\":1,\"name\":\"Anasayfa\",\"item\":\"https:\\\/\\\/memurunsesi.net\\\/\"},{\"@type\":\"ListItem\",\"position\":2,\"name\":\"Ankara&#8217;da sa\u011fanak ve dolu etkili oldu\"}]},{\"@type\":\"WebSite\",\"@id\":\"https:\\\/\\\/memurunsesi.net\\\/#website\",\"url\":\"https:\\\/\\\/memurunsesi.net\\\/\",\"name\":\"Memurun Sesi\",\"description\":\"G\u00fcncel ve Do\u011fru Haber\",\"publisher\":{\"@id\":\"https:\\\/\\\/memurunsesi.net\\\/#organization\"},\"potentialAction\":[{\"@type\":\"SearchAction\",\"target\":{\"@type\":\"EntryPoint\",\"urlTemplate\":\"https:\\\/\\\/memurunsesi.net\\\/?s={search_term_string}\"},\"query-input\":{\"@type\":\"PropertyValueSpecification\",\"valueRequired\":true,\"valueName\":\"search_term_string\"}}],\"inLanguage\":\"tr\"},{\"@type\":\"Organization\",\"@id\":\"https:\\\/\\\/memurunsesi.net\\\/#organization\",\"name\":\"Memurun Sesi\",\"url\":\"https:\\\/\\\/memurunsesi.net\\\/\",\"logo\":{\"@type\":\"ImageObject\",\"inLanguage\":\"tr\",\"@id\":\"https:\\\/\\\/memurunsesi.net\\\/#\\\/schema\\\/logo\\\/image\\\/\",\"url\":\"https:\\\/\\\/memurunsesi.net\\\/wp-content\\\/uploads\\\/2025\\\/11\\\/cropped-MEMURUN-SESI.png\",\"contentUrl\":\"https:\\\/\\\/memurunsesi.net\\\/wp-content\\\/uploads\\\/2025\\\/11\\\/cropped-MEMURUN-SESI.png\",\"width\":238,\"height\":57,\"caption\":\"Memurun Sesi\"},\"image\":{\"@id\":\"https:\\\/\\\/memurunsesi.net\\\/#\\\/schema\\\/logo\\\/image\\\/\"},\"sameAs\":[\"https:\\\/\\\/www.facebook.com\\\/unipersen\\\/?locale=tr_TR\",\"https:\\\/\\\/x.com\\\/unipersen\"]},{\"@type\":\"Person\",\"@id\":\"https:\\\/\\\/memurunsesi.net\\\/#\\\/schema\\\/person\\\/f21c2d73b89f6ee1d80b0a1803e38587\",\"name\":\"Memurun Sesi Haber Merkezi\",\"image\":{\"@type\":\"ImageObject\",\"inLanguage\":\"tr\",\"@id\":\"https:\\\/\\\/secure.gravatar.com\\\/avatar\\\/6cf0505f452ee753f485014986fab09a434671d2b919ee76fc541025c5876a70?s=96&d=mm&r=g\",\"url\":\"https:\\\/\\\/secure.gravatar.com\\\/avatar\\\/6cf0505f452ee753f485014986fab09a434671d2b919ee76fc541025c5876a70?s=96&d=mm&r=g\",\"contentUrl\":\"https:\\\/\\\/secure.gravatar.com\\\/avatar\\\/6cf0505f452ee753f485014986fab09a434671d2b919ee76fc541025c5876a70?s=96&d=mm&r=g\",\"caption\":\"Memurun Sesi Haber Merkezi\"},\"sameAs\":[\"https:\\\/\\\/memurunsesi.net\"],\"url\":\"https:\\\/\\\/memurunsesi.net\\\/index.php\\\/author\\\/uniper\\\/\"}]}<\/script>\n<!-- \/ Yoast SEO plugin. -->","yoast_head_json":{"title":"Ankara'da sa\u011fanak ve dolu etkili oldu - Memurun Sesi","robots":{"index":"index","follow":"follow","max-snippet":"max-snippet:-1","max-image-preview":"max-image-preview:large","max-video-preview":"max-video-preview:-1"},"canonical":"https:\/\/memurunsesi.net\/index.php\/2025\/05\/07\/ankarada-saganak-ve-dolu-etkili-oldu\/","og_locale":"tr_TR","og_type":"article","og_title":"Ankara'da sa\u011fanak ve dolu etkili oldu - Memurun Sesi","og_description":"&#8211; Ankara&#8217;da uyar\u0131lar\u0131n ard\u0131ndan sa\u011fanak ve baz\u0131 il\u00e7elerde dolu ya\u011f\u0131\u015f\u0131 etkili oldu. Ankara Valili\u011fi, sosyal medya hesab\u0131ndan il genelinde kuvvetli sa\u011fanak ve g\u00f6k g\u00fcr\u00fclt\u00fcl\u00fc sa\u011fanak ya\u011f\u0131\u015f uyar\u0131s\u0131 yapm\u0131\u015ft\u0131. Yap\u0131lan uyar\u0131n\u0131n ard\u0131ndan \u00f6\u011fle saatlerinden sonra ba\u015flayan ya\u011fmur, Ankara&#8217;n\u0131n Polatl\u0131 il\u00e7esi ba\u015fta olmak \u00fczere bir\u00e7ok il\u00e7ede etkisini k\u0131sa s\u00fcrede g\u00f6sterdi. Baz\u0131 il\u00e7elerde etkili olan dolu ya\u011f\u0131\u015f\u0131 ise [&hellip;]","og_url":"https:\/\/memurunsesi.net\/index.php\/2025\/05\/07\/ankarada-saganak-ve-dolu-etkili-oldu\/","og_site_name":"Memurun Sesi","article_publisher":"https:\/\/www.facebook.com\/unipersen\/?locale=tr_TR","article_published_time":"2025-05-07T17:01:34+00:00","author":"Memurun Sesi Haber Merkezi","twitter_card":"summary_large_image","twitter_creator":"@unipersen","twitter_site":"@unipersen","twitter_misc":{"Yazan:":"Memurun Sesi Haber Merkezi"},"schema":{"@context":"https:\/\/schema.org","@graph":[{"@type":"Article","@id":"https:\/\/memurunsesi.net\/index.php\/2025\/05\/07\/ankarada-saganak-ve-dolu-etkili-oldu\/#article","isPartOf":{"@id":"https:\/\/memurunsesi.net\/index.php\/2025\/05\/07\/ankarada-saganak-ve-dolu-etkili-oldu\/"},"author":{"name":"Memurun Sesi Haber Merkezi","@id":"https:\/\/memurunsesi.net\/#\/schema\/person\/f21c2d73b89f6ee1d80b0a1803e38587"},"headline":"Ankara&#8217;da sa\u011fanak ve dolu etkili oldu","datePublished":"2025-05-07T17:01:34+00:00","mainEntityOfPage":{"@id":"https:\/\/memurunsesi.net\/index.php\/2025\/05\/07\/ankarada-saganak-ve-dolu-etkili-oldu\/"},"wordCount":108,"commentCount":0,"publisher":{"@id":"https:\/\/memurunsesi.net\/#organization"},"inLanguage":"tr","potentialAction":[{"@type":"CommentAction","name":"Comment","target":["https:\/\/memurunsesi.net\/index.php\/2025\/05\/07\/ankarada-saganak-ve-dolu-etkili-oldu\/#respond"]}]},{"@type":"WebPage","@id":"https:\/\/memurunsesi.net\/index.php\/2025\/05\/07\/ankarada-saganak-ve-dolu-etkili-oldu\/","url":"https:\/\/memurunsesi.net\/index.php\/2025\/05\/07\/ankarada-saganak-ve-dolu-etkili-oldu\/","name":"Ankara'da sa\u011fanak ve dolu etkili oldu - Memurun Sesi","isPartOf":{"@id":"https:\/\/memurunsesi.net\/#website"},"datePublished":"2025-05-07T17:01:34+00:00","breadcrumb":{"@id":"https:\/\/memurunsesi.net\/index.php\/2025\/05\/07\/ankarada-saganak-ve-dolu-etkili-oldu\/#breadcrumb"},"inLanguage":"tr","potentialAction":[{"@type":"ReadAction","target":["https:\/\/memurunsesi.net\/index.php\/2025\/05\/07\/ankarada-saganak-ve-dolu-etkili-oldu\/"]}]},{"@type":"BreadcrumbList","@id":"https:\/\/memurunsesi.net\/index.php\/2025\/05\/07\/ankarada-saganak-ve-dolu-etkili-oldu\/#breadcrumb","itemListElement":[{"@type":"ListItem","position":1,"name":"Anasayfa","item":"https:\/\/memurunsesi.net\/"},{"@type":"ListItem","position":2,"name":"Ankara&#8217;da sa\u011fanak ve dolu etkili oldu"}]},{"@type":"WebSite","@id":"https:\/\/memurunsesi.net\/#website","url":"https:\/\/memurunsesi.net\/","name":"Memurun Sesi","description":"G\u00fcncel ve Do\u011fru Haber","publisher":{"@id":"https:\/\/memurunsesi.net\/#organization"},"potentialAction":[{"@type":"SearchAction","target":{"@type":"EntryPoint","urlTemplate":"https:\/\/memurunsesi.net\/?s={search_term_string}"},"query-input":{"@type":"PropertyValueSpecification","valueRequired":true,"valueName":"search_term_string"}}],"inLanguage":"tr"},{"@type":"Organization","@id":"https:\/\/memurunsesi.net\/#organization","name":"Memurun Sesi","url":"https:\/\/memurunsesi.net\/","logo":{"@type":"ImageObject","inLanguage":"tr","@id":"https:\/\/memurunsesi.net\/#\/schema\/logo\/image\/","url":"https:\/\/memurunsesi.net\/wp-content\/uploads\/2025\/11\/cropped-MEMURUN-SESI.png","contentUrl":"https:\/\/memurunsesi.net\/wp-content\/uploads\/2025\/11\/cropped-MEMURUN-SESI.png","width":238,"height":57,"caption":"Memurun Sesi"},"image":{"@id":"https:\/\/memurunsesi.net\/#\/schema\/logo\/image\/"},"sameAs":["https:\/\/www.facebook.com\/unipersen\/?locale=tr_TR","https:\/\/x.com\/unipersen"]},{"@type":"Person","@id":"https:\/\/memurunsesi.net\/#\/schema\/person\/f21c2d73b89f6ee1d80b0a1803e38587","name":"Memurun Sesi Haber Merkezi","image":{"@type":"ImageObject","inLanguage":"tr","@id":"https:\/\/secure.gravatar.com\/avatar\/6cf0505f452ee753f485014986fab09a434671d2b919ee76fc541025c5876a70?s=96&d=mm&r=g","url":"https:\/\/secure.gravatar.com\/avatar\/6cf0505f452ee753f485014986fab09a434671d2b919ee76fc541025c5876a70?s=96&d=mm&r=g","contentUrl":"https:\/\/secure.gravatar.com\/avatar\/6cf0505f452ee753f485014986fab09a434671d2b919ee76fc541025c5876a70?s=96&d=mm&r=g","caption":"Memurun Sesi Haber Merkezi"},"sameAs":["https:\/\/memurunsesi.net"],"url":"https:\/\/memurunsesi.net\/index.php\/author\/uniper\/"}]}},"_links":{"self":[{"href":"https:\/\/memurunsesi.net\/index.php\/wp-json\/wp\/v2\/posts\/6693","targetHints":{"allow":["GET"]}}],"collection":[{"href":"https:\/\/memurunsesi.net\/index.php\/wp-json\/wp\/v2\/posts"}],"about":[{"href":"https:\/\/memurunsesi.net\/index.php\/wp-json\/wp\/v2\/types\/post"}],"author":[{"embeddable":true,"href":"https:\/\/memurunsesi.net\/index.php\/wp-json\/wp\/v2\/users\/1"}],"replies":[{"embeddable":true,"href":"https:\/\/memurunsesi.net\/index.php\/wp-json\/wp\/v2\/comments?post=6693"}],"version-history":[{"count":1,"href":"https:\/\/memurunsesi.net\/index.php\/wp-json\/wp\/v2\/posts\/6693\/revisions"}],"predecessor-version":[{"id":6694,"href":"https:\/\/memurunsesi.net\/index.php\/wp-json\/wp\/v2\/posts\/6693\/revisions\/6694"}],"wp:attachment":[{"href":"https:\/\/memurunsesi.net\/index.php\/wp-json\/wp\/v2\/media?parent=6693"}],"wp:term":[{"taxonomy":"category","embeddable":true,"href":"https:\/\/memurunsesi.net\/index.php\/wp-json\/wp\/v2\/categories?post=6693"},{"taxonomy":"post_tag","embeddable":true,"href":"https:\/\/memurunsesi.net\/index.php\/wp-json\/wp\/v2\/tags?post=6693"}],"curies":[{"name":"wp","href":"https:\/\/api.w.org\/{rel}","templated":true}]}}