{"id":6695,"date":"2025-05-07T20:04:11","date_gmt":"2025-05-07T17:04:11","guid":{"rendered":"https:\/\/memurunsesi.net\/?p=6695"},"modified":"2025-05-07T20:04:11","modified_gmt":"2025-05-07T17:04:11","slug":"cumhurbaskani-recep-tayyip-erdogan-2024-yili-yenilenebilir-enerji-yatirimlari-toplu-acilis-torenine-katildi","status":"publish","type":"post","link":"https:\/\/memurunsesi.net\/index.php\/2025\/05\/07\/cumhurbaskani-recep-tayyip-erdogan-2024-yili-yenilenebilir-enerji-yatirimlari-toplu-acilis-torenine-katildi\/","title":{"rendered":"Cumhurba\u015fkan\u0131 Recep Tayyip Erdo\u011fan, 2024 Y\u0131l\u0131 Yenilenebilir Enerji Yat\u0131r\u0131mlar\u0131 Toplu A\u00e7\u0131l\u0131\u015f T\u00f6reni&#8217;ne kat\u0131ld\u0131"},"content":{"rendered":"<p>\n   &#8211; Cumhurba\u015fkan\u0131 Recep Tayyip Erdo\u011fan,&#8221; Sadece yolsuzluk iddialar\u0131na de\u011fil, k\u00fcresel \u00f6l\u00e7ekte ya\u015fanan geli\u015fmelere de g\u00f6zlerini kapatm\u0131\u015flar. Daha do\u011frusu g\u00f6zlerine bant \u00e7ekmi\u015fler. Ger\u00e7ekleri bal gibi bildikleri halde maalesef bunu dillendirmeye cesaret edemiyorlar. Kafas\u0131n\u0131 kuma g\u00f6merek g\u00f6r\u00fcnmez oldu\u011funu zannedenlere bir an \u00f6nce ka\u00e7t\u0131klar\u0131 hakikatle y\u00fczle\u015fmelerini tavsiye ediyoruz. &#8221; dedi.<br \/>\nCumhurba\u015fkan\u0131 Recep Tayyip Erdo\u011fan, Be\u015ftepe Kongre ve K\u00fclt\u00fcr Merkezi&#8217;nde 2024 Y\u0131l\u0131 Yenilenebilir Enerji Yat\u0131r\u0131mlar\u0131 Toplu A\u00e7\u0131l\u0131\u015f T\u00f6reni&#8217;nde konu\u015ftu.<br \/>\nCumhurba\u015fkan\u0131 Erdo\u011fan, t\u00f6rende yapt\u0131\u011f\u0131 konu\u015fmada, program\u0131n d\u00fczenlenmesine katk\u0131 sunan Enerji ve Tabii Kaynaklar Bakanl\u0131\u011f\u0131\u2019na, Bakan Alparslan Bayraktar\u2019a ve t\u00fcm ekibine te\u015fekk\u00fcr etti.<br \/>\nGe\u00e7ti\u011fimiz hafta \u0130stanbul\u2019da ger\u00e7ekle\u015ftirilen Do\u011fal Kaynaklar Zirvesi\u2019ne de de\u011finen Erdo\u011fan, zirvede enerji d\u00f6n\u00fc\u015f\u00fcm\u00fcnden madencili\u011fe, arz g\u00fcvenli\u011finden kritik minerallere kadar bir\u00e7ok \u00f6nemli ba\u015fl\u0131kta T\u00fcrkiye\u2019nin potansiyelini yeniden de\u011ferlendirme f\u0131rsat\u0131 bulduklar\u0131n\u0131 vurgulad\u0131.<br \/>\nEnerji yat\u0131r\u0131mlar\u0131nda T\u00fcrkiye\u2019nin kararl\u0131 ad\u0131mlar att\u0131\u011f\u0131n\u0131 kaydeden Erdo\u011fan, &#8220;\u00dclkemizin enerji alan\u0131nda farkl\u0131 bir ivme yakalad\u0131\u011f\u0131 herkes taraf\u0131ndan ifade ediliyor. T\u00fcrkiye olarak enerjide adeta kendimizle yar\u0131\u015f halindeyiz. Bug\u00fcn de son y\u0131llarda at\u0131l\u0131m yapt\u0131\u011f\u0131m\u0131z yenilenebilir enerji alan\u0131nda hizmete al\u0131nan projelerin toplu a\u00e7\u0131l\u0131\u015f merasimini ger\u00e7ekle\u015ftiriyoruz. T\u00f6renimizin ve bug\u00fcn resmen hizmete sundu\u011fumuz yat\u0131r\u0131mlar\u0131n \u00fclkemiz, milletimiz ve enerji sekt\u00f6r\u00fcm\u00fcz i\u00e7in hay\u0131rl\u0131 olmas\u0131n\u0131 diliyorum. Bu \u00f6nemli yat\u0131r\u0131mlar\u0131 \u00fclkemize kazand\u0131ran firmalar\u0131m\u0131z\u0131, kurumlar\u0131m\u0131z\u0131 ve bakanl\u0131\u011f\u0131m\u0131z\u0131 can\u0131 g\u00f6n\u00fclden tebrik ediyorum.&#8221; \u0130fadelerini kulland\u0131.<br \/>\nEnerjinin ve \u00f6zellikle enerji arz g\u00fcvenli\u011finin g\u00fcn\u00fcm\u00fcz d\u00fcnyas\u0131nda t\u00fcm \u00fclkelerin en \u00f6ncelikli konular\u0131ndan biri haline geldi\u011fine i\u015faret eden Erdo\u011fan,&#8221; D\u00fcnyam\u0131z b\u00fcy\u00fcyor, ekonomiler geli\u015fiyor. Buna ba\u011fl\u0131 olarak enerji talebi de h\u0131zla art\u0131yor. Bilhassa geli\u015fmekte olan ekonomiler hem ge\u00e7mi\u015fi telafi etmek hem de belli bir kalk\u0131nma d\u00fczeyine ula\u015fabilmek i\u00e7in d\u00fcnya ortalamas\u0131n\u0131n da \u00fczerinde b\u00fcy\u00fcme oranlar\u0131 kaydediyor. &#8221; \u015feklinde konu\u015ftu.<br \/>\nCumhurba\u015fkan\u0131 Erdo\u011fan, d\u00fcnyada h\u0131zla artan enerji ihtiyac\u0131n\u0131n tabiatta ciddi etkiler olu\u015fturdu\u011funu belirterek, &#8220;Enerji ihtiyac\u0131n\u0131n her g\u00fcn artt\u0131\u011f\u0131 bir tabloda zaten k\u00fcresel \u0131s\u0131nma tehdidiyle kar\u015f\u0131 kar\u015f\u0131ya olan do\u011fal \u00e7evreye yeni riskler eklenmektedir. \u015eu ikilemle giderek daha fazla muhatap oluyoruz. Bir taraftan hayat\u0131m\u0131z\u0131 devam ettirmek i\u00e7in daha fazla enerji kullan\u0131rken di\u011fer taraftan hayat\u0131m\u0131z\u0131 s\u00fcrd\u00fcrd\u00fc\u011f\u00fcm\u00fcz \u00e7evreyi tahrip ediyoruz. &#8221; dedi.<br \/>\nK\u00fcresel b\u00fcy\u00fcme ve teknolojik geli\u015fmelerle birlikte enerji ihtiyac\u0131n\u0131n katlanarak artt\u0131\u011f\u0131n\u0131 s\u00f6yleyen Erdo\u011fan, enerji t\u00fcketimine paralel olarak artan sera gaz\u0131 sal\u0131n\u0131mlar\u0131n\u0131n \u00e7evreye zarar verdi\u011fini vurgulad\u0131. Erdo\u011fan, &#8220;Tabi bir de buna k\u00fcresel riskleri ve ya\u015fam alanlar\u0131na y\u00f6nelik tehlikeleri ilave etti\u011fimizde nas\u0131l karma\u015f\u0131k bir sorunla y\u00fczle\u015fti\u011fimiz daha net g\u00f6r\u00fclecektir. Uluslararas\u0131 kurulu\u015flar\u0131n tamam\u0131, ekonomik b\u00fcy\u00fcme ve teknoloji ile birlikte enerji ihtiyac\u0131m\u0131z\u0131n da katlanarak artaca\u011f\u0131n\u0131 s\u00f6yl\u00fcyor. Enerji kullan\u0131m\u0131na paralel olarak enerji sarfiyat\u0131ndan do\u011fan sera gazlar\u0131n\u0131n d\u00fcnyam\u0131za verdi\u011fi zarar da istikrarl\u0131 bir \u015fekilde b\u00fcy\u00fcyor. &#8220;ifadelerini kulland\u0131.<br \/>\nEnerji kaynaklar\u0131na eri\u015fim konusunda rekabetin her ge\u00e7en g\u00fcn artt\u0131\u011f\u0131n\u0131 kaydeden Erdo\u011fan,&#8221;Bu temel ger\u00e7eklerin bize anlatt\u0131\u011f\u0131 \u015fudur de\u011ferli karde\u015flerim. Enerji talebimiz h\u0131zla y\u00fckselirken hidrokarbon ba\u015fta olmak \u00fczere temel enerji kaynaklar\u0131m\u0131z erimekte yine ayn\u0131 s\u00fcre\u00e7te d\u00fcnyam\u0131z kirlenmektedir. Ekonomik bak\u0131mdan geli\u015fmi\u015f devletler dahil d\u00fcnyadaki t\u00fcm \u00fclkeler enerji politikalar\u0131n\u0131 bu tabloya g\u00f6re planlamakta, ad\u0131mlar\u0131n\u0131 buna g\u00f6re atmaktad\u0131r. &#8220;dedi.<br \/>\nCumhurba\u015fkan\u0131 Erdo\u011fan, enerji meselesinin yaln\u0131zca bir ekonomi ya da m\u00fchendislik alan\u0131 olmaktan \u00e7\u0131kt\u0131\u011f\u0131n\u0131 vurgulayarak,&#8221;Enerji kaynaklar\u0131na eri\u015fimle ilgili rekabet k\u0131z\u0131\u015f\u0131rken enerji arz g\u00fcvenli\u011fini garanti etmeye y\u00f6nelik \u00e7abalar yo\u011funla\u015f\u0131yor. Fosil yak\u0131tlar noktas\u0131nda avantajl\u0131 konumda olan \u00fclkeler bile rezervlerinin \u00e7ok uzak olmayan bir tarihte bitece\u011fini bilerek hareket ediyor. Mevcut durumda hepimiz \u015funu \u00e7ok net g\u00f6rebiliyoruz. Arz g\u00fcvenli\u011fi, enerji diplomasisi, kaynak \u00e7e\u015fitlili\u011fi, sadece teknik meseleler de\u011fil, do\u011frudan mill\u00ee g\u00fcvenli\u011fe dair konular olarak g\u00f6r\u00fclmeye ba\u015flanm\u0131\u015ft\u0131r. Enerji arz g\u00fcvenli\u011finin sa\u011flanmas\u0131 hemen her devlet i\u00e7in bir beka meselesi haline d\u00f6n\u00fc\u015fm\u00fc\u015ft\u00fcr. &#8220;a\u00e7\u0131klamas\u0131n\u0131 yapt\u0131.<br \/>\nAvrupa\u2019n\u0131n baz\u0131 b\u00f6lgelerinde yak\u0131n zamanda ya\u015fanan enerji kesintilerinin, enerjinin hayat\u0131m\u0131zdaki vazge\u00e7ilmez yerini bir kez daha g\u00f6zler \u00f6n\u00fcne serdi\u011fini hat\u0131rlatan Erdo\u011fan,&#8221; Ge\u00e7ti\u011fimiz g\u00fcnlerde Avrupa&#8217;n\u0131n kimi yerlerinde ya\u015fanan kesintiler enerjinin hayat\u0131m\u0131zda tekab\u00fcl etti\u011fi vazge\u00e7ilmez yeri bir kez daha g\u00f6stermi\u015ftir. Gelecekte enerji kaynaklar\u0131 \u00fczerindeki rekabet daha da sertle\u015fecek daha y\u0131k\u0131c\u0131 bir hal alacakt\u0131r. Son y\u0131llarda patlak veren krizlerin hepsinde enerji belirleyici role sahiptir.&#8221;dedi.<br \/>\nCumhurba\u015fkan\u0131 Erdo\u011fan, Afrika\u2019dan Asya\u2019ya, Orta Do\u011fu\u2019dan Latin Amerika\u2019ya kadar pek \u00e7ok b\u00f6lgede t\u0131rmanan gerilimlerin enerji rekabetinden ba\u011f\u0131ms\u0131z de\u011ferlendirilemeyece\u011fini belirterek, &#8220;Bir damla petrol\u00fc oluk oluk akan insan kan\u0131ndan daha de\u011ferli g\u00f6ren zihniyet hi\u00e7 de\u011fi\u015fmedi, hi\u00e7bir zaman de\u011fi\u015fmeyecek. Bunlar kendi rahatlar\u0131, kendi g\u00fcvenlikleri, kendi gelecekleri i\u00e7in mazlumlar\u0131n kanlar\u0131ndan beslenmeye unutmay\u0131n, devam edecektir. Burada \u015funun alt\u0131n\u0131 bir kez daha \u00e7izmek istiyorum. Biz enerji meselesini bir rekabet unsuru olarak de\u011fil, \u00e7\u0131karlar\u0131n uzla\u015faca\u011f\u0131, herkesin fayda sa\u011flayaca\u011f\u0131 bir i\u015fbirli\u011fi vesilesi olarak g\u00f6r\u00fcyoruz. Hep s\u00f6yledi\u011fim gibi s\u00f6m\u00fcrmeye de\u011fil, beraberce kazanmaya talibiz. Hangi co\u011frafyada enerji hamlemiz varsa \u00f6z\u00fcnde i\u015fte b\u00f6yle bir hassasiyet vard\u0131r. \u0130n\u015fallah bu hakkaniyetli ve adaletli tavr\u0131m\u0131z\u0131 her ne pahas\u0131na olursa olsun her \u015fart alt\u0131nda muhafaza edece\u011fiz. &#8220;de\u011ferlendirmesin yapt\u0131.<br \/>\n&#8220;\u00dclkemizi ba\u015far\u0131dan ba\u015far\u0131ya ko\u015fturdu\u011fumuz alanlar\u0131n en ba\u015f\u0131nda enerji sekt\u00f6r\u00fc geliyor.&#8221; diye konu\u015fan Erdo\u011fan,&#8221; N\u00fckleer enerjiden hidroelektri\u011fe, r\u00fczgardan jeotermale, g\u00fcne\u015f enerjisinden petrol ve do\u011falgaza kadar her alanda ciddi yat\u0131r\u0131mlar yapt\u0131k. Karadeniz ve Gabar&#8217;daki ke\u015fiflerimizle talihimizi de\u011fi\u015ftirdik. Akkuyu N\u00fckleer G\u00fc\u00e7 Santrali Projemizle \u00fclkemizi farkl\u0131 bir lige y\u00fckselttik. Ayr\u0131ca T\u00fcrkiye&#8217;yi enerji koridorlar\u0131n\u0131n kesi\u015fti\u011fi bir merkeze d\u00f6n\u00fc\u015ft\u00fcrd\u00fck. Son 23 y\u0131lda nereden nereye geldi\u011fimizin en yak\u0131n \u015fahidi sizlersiniz. \u0130ster muvaf\u0131k ister muhalif olsun elini vicdan\u0131na koyan herkes T\u00fcrkiye&#8217;nin enerji alan\u0131nda b\u00fcy\u00fck bir s\u0131\u00e7rama yapt\u0131\u011f\u0131n\u0131 zaten kabul ediyor. Burada baz\u0131 temel verileri sizlerle payla\u015fmakta fayda g\u00f6r\u00fcyorum. \u015eimdi bak\u0131n\u0131z de\u011ferli arkada\u015flar. Ge\u00e7ti\u011fimiz 20 y\u0131lda \u00fclkemizin enerji ihtiyac\u0131 3 kat\u0131na \u00e7\u0131kt\u0131. Elektrik talebimizin 2035 y\u0131l\u0131na kadar en az y\u00fczde 50 oran\u0131nda artaca\u011f\u0131n\u0131 \u00f6ng\u00f6r\u00fcyoruz. Enerji arz\u0131m\u0131zda ithal kaynaklar\u0131 ait pay \u015fu an y\u00fczde 70 d\u00fczeyinde. &#8220;\u015feklinde konu\u015ftu.<br \/>\nT\u00fcrkiye\u2019nin her y\u0131l de\u011fi\u015fmekle birlikte 60 ila 100 milyar dolar civar\u0131nda enerji kaynakl\u0131 bir ithalat faturas\u0131n\u0131n oldu\u011funu kaydeden Erdo\u011fan,&#8221;Hedefimiz bu ithalat\u0131 d\u00fc\u015f\u00fcrerek enerji faturam\u0131z\u0131 hafifletmek. Nihayet olarak da T\u00fcrkiye&#8217;yi kaynakta ve teknolojide net ihracat\u00e7\u0131 bir \u00fclke yapmakt\u0131r. \u00dclkemizin geni\u015f yenilenebilir enerji potansiyelinin daha fazla kullan\u0131lmas\u0131 ve yenilenebilir kaynakl\u0131 elektrik \u00fcretiminin m\u00fcmk\u00fcn olan en \u00fcst seviyeye ula\u015ft\u0131r\u0131lmas\u0131, enerji stratejimizin temel unsurlar\u0131n\u0131 te\u015fkil ediyor. 2053 net s\u0131f\u0131r emisyon hedeflerimize ula\u015fmak i\u00e7in yenilenebilir enerji en \u00f6nemli sa\u00e7 ayaklar\u0131ndan birini olu\u015fturuyor. Hali haz\u0131rda yenilenebilir enerji kurulu g\u00fcc\u00fc bak\u0131m\u0131ndan Avrupa&#8217;da 5. d\u00fcnyada 11. s\u0131rada yer al\u0131yoruz. Enerji kaynaklar\u0131n\u0131n \u00e7e\u015fitlendirilmesi, mevcut teknolojilerin verimlili\u011finin artt\u0131r\u0131lmas\u0131 ve yenilenebilir enerji kaynaklar\u0131n\u0131n de\u011ferlendirilmesi, \u00f6zellikle de buna y\u00f6nelik politika ile stratejilerin uygulanmas\u0131na b\u00fcy\u00fck \u00f6nem veriyoruz. &#8221; diye konu\u015ftu.<br \/>\n2025 y\u0131l\u0131 Mart ay\u0131 itibariyle kurulu g\u00fcc\u00fcn 118 bin 185 megavata ula\u015ft\u0131\u011f\u0131n\u0131 dile getiren Erdo\u011fan,&#8221; Bunun y\u00fczde 60&#8217;\u0131 yenilenebilir kaynaklardan olu\u015fuyor. 2025 y\u0131l\u0131nda hi\u00e7 olmayan g\u00fcne\u015f enerjisi kurulu g\u00fcc\u00fcm\u00fcz bug\u00fcn 21 bin 833 megavata ula\u015ft\u0131. Bu b\u00fcy\u00fck ba\u015far\u0131, y\u0131llard\u0131r b\u00fcy\u00fck bir kararl\u0131l\u0131kla s\u00fcrd\u00fcrd\u00fc\u011f\u00fcm\u00fcz planlama ve yat\u0131r\u0131m stratejilerimizin bir \u00fcr\u00fcn\u00fcd\u00fcr. 2035 y\u0131l\u0131na kadar g\u00fcne\u015f ve r\u00fczgar kurulu g\u00fcc\u00fcm\u00fcz\u00fc 120 bin megavata \u00e7\u0131karmay\u0131 hedefliyoruz. Bu ama\u00e7la yakla\u015f\u0131k 80 milyar dolarl\u0131k yat\u0131r\u0131m yapaca\u011f\u0131z. Ye\u015fil enerji hedeflerimize ula\u015fmak i\u00e7in ye\u015fil illetim altyap\u0131s\u0131n\u0131 kuruyoruz. 2035 y\u0131l\u0131 itibariyle 5 bin megavatl\u0131k deniz\u00fcst\u00fc r\u00fczgar kapasitesi olu\u015fturmay\u0131 hedefliyoruz. \u015eu rakamlar da son derece \u00e7arp\u0131c\u0131d\u0131r. Projeksiyonlar \u00fclkemizin y\u0131ll\u0131k en az 180 milyar kilovatsaat hidroelektrik, 140 bin megavat r\u00fczgar enerji santrali, 53 bin megavat y\u00fczer g\u00fcne\u015f enerji santrali, 4 bin 500 megavat g\u00fcc\u00fcnde jeotermal enerji \u00fcretim tesisi potansiyeline sahip oldu\u011funu g\u00f6steriyor. &#8221; dedi.<br \/>\nCumhurba\u015fkan\u0131 Erdo\u011fan konu\u015fmas\u0131n\u0131 \u015f\u00f6yle s\u00fcrd\u00fcrd\u00fc;<br \/>\n&#8220;Bu potansiyelimizi kuvveden fiile \u00e7\u0131karmak i\u00e7in her yolu deniyoruz. Yenilenebilir enerji kaynaklar\u0131 destekleme mekanizmas\u0131 YEKDEM ile yat\u0131r\u0131mc\u0131lar\u0131m\u0131z\u0131n yan\u0131nda oluyoruz. Hem yenilenebilir enerji yat\u0131r\u0131mlar\u0131n\u0131 hem de bu yat\u0131r\u0131mlar\u0131nda kullan\u0131lan ekipman\u0131n \u00fclkemizde \u00fcretimini te\u015fvik ediyoruz. 2014 y\u0131l\u0131nda sekt\u00f6rde sadece 27 imalat\u00e7\u0131 varken bug\u00fcn 500 imalat\u00e7\u0131m\u0131z var. Bu sayede ana ekipman imalat\u00e7\u0131lar\u0131 ve alt tedarik\u00e7ilerle birlikte 50 bin ki\u015fiye istihdam imkan\u0131 sa\u011fland\u0131. G\u00fcne\u015f santrallerinde kullan\u0131lan aksamlarda y\u00fczde 75, r\u00fczgar santrallerinde ise kule, kanat ve jenerat\u00f6rde y\u00fczde 70&#8217;in \u00fczerinde yerlilik oran\u0131na ula\u015ft\u0131k. \u0130n\u015fallah \u00e7ok daha iyi seviyeleri yakalayaca\u011f\u0131z. Burada \u015funu da ifade etmek isterim. Yat\u0131r\u0131mc\u0131lar\u0131n kar\u015f\u0131 kar\u015f\u0131ya oldu\u011fu s\u0131k\u0131nt\u0131lar\u0131 asla g\u00f6z ard\u0131 etmiyoruz. \u00d6zellikle 48 ay\u0131 bulan izin s\u00fcre\u00e7lerini 18 aya d\u00fc\u015f\u00fcrmek istiyoruz. &#8220;a\u00e7\u0131klamas\u0131nda bulundu.<br \/>\nR\u00fczgar ve g\u00fcne\u015f enerjisi izin s\u00fcre\u00e7leri ile ilgili haz\u0131rl\u0131klar\u0131n\u0131 tamamlad\u0131klar\u0131n\u0131, konuyu bir an \u00f6nce meclisin takdirine sunarak bu alandaki d\u00fczenlemeleri sadele\u015ftirmeyi arzu ettiklerini bildiren Cumhurba\u015fkan\u0131 Erdo\u011fan,&#8221; \u0130zin s\u00fcre\u00e7lerinin k\u0131salmas\u0131yla birlikte tahsis etti\u011fimiz ve edece\u011fimiz kapasiteleri \u00e7ok daha h\u0131zl\u0131 bir \u015fekilde hayata ge\u00e7irece\u011fiz. Dikkat ederseniz b\u00fct\u00fcn bu rekorlar\u0131n, geli\u015fmelerin, gelece\u011fe odaklanan vizyon projelerinin hi\u00e7biri muhalefetin g\u00fcndeminde yer alm\u0131yor. Ekonomik b\u00fcy\u00fcmeymi\u015f, yat\u0131r\u0131mm\u0131\u015f, d\u0131\u015f politikaym\u0131\u015f, enerji hamleleriymi\u015f. Bak\u0131n \u00fcz\u00fclerek s\u00f6yl\u00fcyorum, bunlar\u0131n hi\u00e7birini takip etmiyorlar hi\u00e7biriyle ilgilenmiyorlar. Sadece yolsuzluk iddialar\u0131na de\u011fil, k\u00fcresel \u00f6l\u00e7ekte ya\u015fanan geli\u015fmelere de g\u00f6zlerini kapatm\u0131\u015flar. Daha do\u011frusu g\u00f6zlerine bant \u00e7ekmi\u015fler. G\u00f6zleri var ama g\u00f6rm\u00fcyorlar. Kulaklar\u0131 var ama duymuyorlar. Ger\u00e7ekleri bal gibi bildikleri halde maalesef bunu dillendirmeye cesaret edemiyorlar. Kafas\u0131n\u0131 kuma g\u00f6merek g\u00f6r\u00fcnmez oldu\u011funu zannedenlere bir an \u00f6nce ka\u00e7t\u0131klar\u0131 hakikatle y\u00fczle\u015fmelerini tavsiye ediyoruz. &#8221; de\u011ferlendirmesini yapt\u0131.<br \/>\nMuhalefeti ele\u015ftiren Erdo\u011fan,&#8221;Onlar enerjilerini bo\u015fa harcarken biz \u015fu an yapt\u0131\u011f\u0131m\u0131z gibi t\u00fcm enerjimizi T\u00fcrkiye Y\u00fczy\u0131l\u0131n\u0131n in\u015fas\u0131na sarf etmi\u015f durumday\u0131z. Sahte ve sa\u00e7ma tart\u0131\u015fmalarla \u00fclkemizin enerjisini t\u00fcketmeye \u00e7al\u0131\u015fanlara inat, T\u00fcrkiye&#8217;nin enerjisini \u00e7o\u011faltmak i\u00e7in gece g\u00fcnd\u00fcz \u00e7al\u0131\u015f\u0131yoruz. Hakaretle, tehditle, Sorumsuz siyasi s\u00f6ylemlerle de\u011fil, burada oldu\u011fu gibi eserlerimizle konu\u015fuyoruz, yat\u0131r\u0131mlar\u0131m\u0131zla, projelerimizle konu\u015fuyoruz. T\u00fcrkiye&#8217;nin h\u0131z\u0131n\u0131 yava\u015flatan kutupla\u015ft\u0131rma siyasetinin bunu k\u00f6r\u00fckleyenler ba\u015fta olmak \u00fczere hi\u00e7 kimseye bir faydas\u0131n\u0131n olmad\u0131\u011f\u0131 a\u00e7\u0131kt\u0131r. Bug\u00fcn \u00fclkemizin en b\u00fcy\u00fck ihtiyac\u0131 laf yar\u0131\u015ft\u0131rmak de\u011fil, hizmet ve eserleri yar\u0131\u015ft\u0131rmakt\u0131r. Bak\u0131n \u015fu rakamlar T\u00fcrkiye&#8217;nin as\u0131l g\u00fcndeminin ne oldu\u011funu g\u00f6stermesi a\u00e7\u0131s\u0131ndan fevkalade \u00f6nemlidir. 2024 y\u0131l\u0131nda 81 ilde irili ufakl\u0131 toplam 6 bin 182 elektrik \u00fcretim santrali devreye al\u0131nd\u0131. Santrallerin toplam yat\u0131r\u0131m de\u011feri yakla\u015f\u0131k 5 milyar dolar. Kurulu g\u00fcc\u00fc ise 6 bin 818 megawat. Bunun 6 bin 676 megavat\u0131 bir ba\u015fka ifadeyle y\u00fczde 98&#8217;i yenilenebilir enerji santrallerinden m\u00fcte\u015fekkir. Bunlar\u0131n 5 bin 282 megavat\u0131n\u0131 g\u00fcne\u015f, 1058 megavat\u0131n\u0131 r\u00fczgar santralleri olu\u015fturuyor. &#8221; dedi.<br \/>\n&#8220;2024 y\u0131l\u0131nda ger\u00e7ekle\u015fen yenilenebilir yat\u0131r\u0131mlar\u0131n\u0131n y\u0131ll\u0131k \u00fcretim kapasitesi 13.8 teravatsaattir.&#8221;diyen Erdo\u011fan,&#8221;Bu elektri\u011fin do\u011falgazdan kar\u015f\u0131lanmas\u0131 durumunda ithal edilecek do\u011falgaz\u0131n parasal kar\u015f\u0131l\u0131\u011f\u0131 1,3 milyar dolar. 2024 y\u0131l\u0131nda devreye al\u0131nan yenilenebilir enerji yat\u0131r\u0131mlar\u0131 sayesinde y\u0131ll\u0131k 12,5 milyon ton karbondioksit sal\u0131n\u0131m\u0131 engellenmi\u015ftir. 2024 y\u0131l\u0131nda devreye al\u0131nan 6 bin 676 megawatl\u0131k yenilenebilir enerji yat\u0131r\u0131mlar\u0131m\u0131z bir\u00e7ok \u00fclkenin toplam kurulu g\u00fcc\u00fcnden daha fazlad\u0131r. Birazdan canl\u0131 ba\u011flant\u0131yla a\u00e7\u0131l\u0131\u015f\u0131n\u0131 yapaca\u011f\u0131m\u0131z santrallerimizin hay\u0131rl\u0131 olmas\u0131n\u0131 diliyorum. Bu yat\u0131r\u0131mlar\u0131n \u00fclkemize ve milletimize kazand\u0131r\u0131lmas\u0131nda eme\u011fi ge\u00e7enleri tebrik ediyorum. Temiz enerji yat\u0131r\u0131mlar\u0131n\u0131 te\u015fvik etmeyi ve desteklemeyi s\u00fcrd\u00fcrece\u011fimizi burada tekrar vurgulamak istiyorum. &#8221; ifadelerini kulland\u0131.                                         <\/p>\n","protected":false},"excerpt":{"rendered":"<p>&#8211; Cumhurba\u015fkan\u0131 Recep Tayyip Erdo\u011fan,&#8221; Sadece yolsuzluk iddialar\u0131na de\u011fil, k\u00fcresel \u00f6l\u00e7ekte ya\u015fanan geli\u015fmelere de g\u00f6zlerini kapatm\u0131\u015flar. Daha do\u011frusu g\u00f6zlerine bant \u00e7ekmi\u015fler. Ger\u00e7ekleri bal gibi bildikleri halde maalesef bunu dillendirmeye cesaret edemiyorlar. Kafas\u0131n\u0131 kuma g\u00f6merek g\u00f6r\u00fcnmez oldu\u011funu zannedenlere bir an \u00f6nce ka\u00e7t\u0131klar\u0131 hakikatle y\u00fczle\u015fmelerini tavsiye ediyoruz. &#8221; dedi. Cumhurba\u015fkan\u0131 Recep Tayyip Erdo\u011fan, Be\u015ftepe Kongre ve K\u00fclt\u00fcr [&hellip;]<\/p>\n","protected":false},"author":1,"featured_media":0,"comment_status":"open","ping_status":"open","sticky":false,"template":"","format":"standard","meta":{"footnotes":""},"categories":[1],"tags":[],"class_list":["post-6695","post","type-post","status-publish","format-standard","hentry","category-genel"],"yoast_head":"<!-- This site is optimized with the Yoast SEO plugin v27.4 - https:\/\/yoast.com\/product\/yoast-seo-wordpress\/ -->\n<title>Cumhurba\u015fkan\u0131 Recep Tayyip Erdo\u011fan, 2024 Y\u0131l\u0131 Yenilenebilir Enerji Yat\u0131r\u0131mlar\u0131 Toplu A\u00e7\u0131l\u0131\u015f T\u00f6reni&#039;ne kat\u0131ld\u0131 - Memurun Sesi<\/title>\n<meta name=\"robots\" content=\"index, follow, max-snippet:-1, max-image-preview:large, max-video-preview:-1\" \/>\n<link rel=\"canonical\" href=\"https:\/\/memurunsesi.net\/index.php\/2025\/05\/07\/cumhurbaskani-recep-tayyip-erdogan-2024-yili-yenilenebilir-enerji-yatirimlari-toplu-acilis-torenine-katildi\/\" \/>\n<meta property=\"og:locale\" content=\"tr_TR\" \/>\n<meta property=\"og:type\" content=\"article\" \/>\n<meta property=\"og:title\" content=\"Cumhurba\u015fkan\u0131 Recep Tayyip Erdo\u011fan, 2024 Y\u0131l\u0131 Yenilenebilir Enerji Yat\u0131r\u0131mlar\u0131 Toplu A\u00e7\u0131l\u0131\u015f T\u00f6reni&#039;ne kat\u0131ld\u0131 - Memurun Sesi\" \/>\n<meta property=\"og:description\" content=\"&#8211; Cumhurba\u015fkan\u0131 Recep Tayyip Erdo\u011fan,&#8221; Sadece yolsuzluk iddialar\u0131na de\u011fil, k\u00fcresel \u00f6l\u00e7ekte ya\u015fanan geli\u015fmelere de g\u00f6zlerini kapatm\u0131\u015flar. Daha do\u011frusu g\u00f6zlerine bant \u00e7ekmi\u015fler. Ger\u00e7ekleri bal gibi bildikleri halde maalesef bunu dillendirmeye cesaret edemiyorlar. Kafas\u0131n\u0131 kuma g\u00f6merek g\u00f6r\u00fcnmez oldu\u011funu zannedenlere bir an \u00f6nce ka\u00e7t\u0131klar\u0131 hakikatle y\u00fczle\u015fmelerini tavsiye ediyoruz. &#8221; dedi. Cumhurba\u015fkan\u0131 Recep Tayyip Erdo\u011fan, Be\u015ftepe Kongre ve K\u00fclt\u00fcr [&hellip;]\" \/>\n<meta property=\"og:url\" content=\"https:\/\/memurunsesi.net\/index.php\/2025\/05\/07\/cumhurbaskani-recep-tayyip-erdogan-2024-yili-yenilenebilir-enerji-yatirimlari-toplu-acilis-torenine-katildi\/\" \/>\n<meta property=\"og:site_name\" content=\"Memurun Sesi\" \/>\n<meta property=\"article:publisher\" content=\"https:\/\/www.facebook.com\/unipersen\/?locale=tr_TR\" \/>\n<meta property=\"article:published_time\" content=\"2025-05-07T17:04:11+00:00\" \/>\n<meta name=\"author\" content=\"Memurun Sesi Haber Merkezi\" \/>\n<meta name=\"twitter:card\" content=\"summary_large_image\" \/>\n<meta name=\"twitter:creator\" content=\"@unipersen\" \/>\n<meta name=\"twitter:site\" content=\"@unipersen\" \/>\n<meta name=\"twitter:label1\" content=\"Yazan:\" \/>\n\t<meta name=\"twitter:data1\" content=\"Memurun Sesi Haber Merkezi\" \/>\n<script type=\"application\/ld+json\" class=\"yoast-schema-graph\">{\"@context\":\"https:\\\/\\\/schema.org\",\"@graph\":[{\"@type\":\"Article\",\"@id\":\"https:\\\/\\\/memurunsesi.net\\\/index.php\\\/2025\\\/05\\\/07\\\/cumhurbaskani-recep-tayyip-erdogan-2024-yili-yenilenebilir-enerji-yatirimlari-toplu-acilis-torenine-katildi\\\/#article\",\"isPartOf\":{\"@id\":\"https:\\\/\\\/memurunsesi.net\\\/index.php\\\/2025\\\/05\\\/07\\\/cumhurbaskani-recep-tayyip-erdogan-2024-yili-yenilenebilir-enerji-yatirimlari-toplu-acilis-torenine-katildi\\\/\"},\"author\":{\"name\":\"Memurun Sesi Haber Merkezi\",\"@id\":\"https:\\\/\\\/memurunsesi.net\\\/#\\\/schema\\\/person\\\/f21c2d73b89f6ee1d80b0a1803e38587\"},\"headline\":\"Cumhurba\u015fkan\u0131 Recep Tayyip Erdo\u011fan, 2024 Y\u0131l\u0131 Yenilenebilir Enerji Yat\u0131r\u0131mlar\u0131 Toplu A\u00e7\u0131l\u0131\u015f T\u00f6reni&#8217;ne kat\u0131ld\u0131\",\"datePublished\":\"2025-05-07T17:04:11+00:00\",\"mainEntityOfPage\":{\"@id\":\"https:\\\/\\\/memurunsesi.net\\\/index.php\\\/2025\\\/05\\\/07\\\/cumhurbaskani-recep-tayyip-erdogan-2024-yili-yenilenebilir-enerji-yatirimlari-toplu-acilis-torenine-katildi\\\/\"},\"wordCount\":2351,\"commentCount\":0,\"publisher\":{\"@id\":\"https:\\\/\\\/memurunsesi.net\\\/#organization\"},\"inLanguage\":\"tr\",\"potentialAction\":[{\"@type\":\"CommentAction\",\"name\":\"Comment\",\"target\":[\"https:\\\/\\\/memurunsesi.net\\\/index.php\\\/2025\\\/05\\\/07\\\/cumhurbaskani-recep-tayyip-erdogan-2024-yili-yenilenebilir-enerji-yatirimlari-toplu-acilis-torenine-katildi\\\/#respond\"]}]},{\"@type\":\"WebPage\",\"@id\":\"https:\\\/\\\/memurunsesi.net\\\/index.php\\\/2025\\\/05\\\/07\\\/cumhurbaskani-recep-tayyip-erdogan-2024-yili-yenilenebilir-enerji-yatirimlari-toplu-acilis-torenine-katildi\\\/\",\"url\":\"https:\\\/\\\/memurunsesi.net\\\/index.php\\\/2025\\\/05\\\/07\\\/cumhurbaskani-recep-tayyip-erdogan-2024-yili-yenilenebilir-enerji-yatirimlari-toplu-acilis-torenine-katildi\\\/\",\"name\":\"Cumhurba\u015fkan\u0131 Recep Tayyip Erdo\u011fan, 2024 Y\u0131l\u0131 Yenilenebilir Enerji Yat\u0131r\u0131mlar\u0131 Toplu A\u00e7\u0131l\u0131\u015f T\u00f6reni'ne kat\u0131ld\u0131 - Memurun Sesi\",\"isPartOf\":{\"@id\":\"https:\\\/\\\/memurunsesi.net\\\/#website\"},\"datePublished\":\"2025-05-07T17:04:11+00:00\",\"breadcrumb\":{\"@id\":\"https:\\\/\\\/memurunsesi.net\\\/index.php\\\/2025\\\/05\\\/07\\\/cumhurbaskani-recep-tayyip-erdogan-2024-yili-yenilenebilir-enerji-yatirimlari-toplu-acilis-torenine-katildi\\\/#breadcrumb\"},\"inLanguage\":\"tr\",\"potentialAction\":[{\"@type\":\"ReadAction\",\"target\":[\"https:\\\/\\\/memurunsesi.net\\\/index.php\\\/2025\\\/05\\\/07\\\/cumhurbaskani-recep-tayyip-erdogan-2024-yili-yenilenebilir-enerji-yatirimlari-toplu-acilis-torenine-katildi\\\/\"]}]},{\"@type\":\"BreadcrumbList\",\"@id\":\"https:\\\/\\\/memurunsesi.net\\\/index.php\\\/2025\\\/05\\\/07\\\/cumhurbaskani-recep-tayyip-erdogan-2024-yili-yenilenebilir-enerji-yatirimlari-toplu-acilis-torenine-katildi\\\/#breadcrumb\",\"itemListElement\":[{\"@type\":\"ListItem\",\"position\":1,\"name\":\"Anasayfa\",\"item\":\"https:\\\/\\\/memurunsesi.net\\\/\"},{\"@type\":\"ListItem\",\"position\":2,\"name\":\"Cumhurba\u015fkan\u0131 Recep Tayyip Erdo\u011fan, 2024 Y\u0131l\u0131 Yenilenebilir Enerji Yat\u0131r\u0131mlar\u0131 Toplu A\u00e7\u0131l\u0131\u015f T\u00f6reni&#8217;ne kat\u0131ld\u0131\"}]},{\"@type\":\"WebSite\",\"@id\":\"https:\\\/\\\/memurunsesi.net\\\/#website\",\"url\":\"https:\\\/\\\/memurunsesi.net\\\/\",\"name\":\"Memurun Sesi\",\"description\":\"G\u00fcncel ve Do\u011fru Haber\",\"publisher\":{\"@id\":\"https:\\\/\\\/memurunsesi.net\\\/#organization\"},\"potentialAction\":[{\"@type\":\"SearchAction\",\"target\":{\"@type\":\"EntryPoint\",\"urlTemplate\":\"https:\\\/\\\/memurunsesi.net\\\/?s={search_term_string}\"},\"query-input\":{\"@type\":\"PropertyValueSpecification\",\"valueRequired\":true,\"valueName\":\"search_term_string\"}}],\"inLanguage\":\"tr\"},{\"@type\":\"Organization\",\"@id\":\"https:\\\/\\\/memurunsesi.net\\\/#organization\",\"name\":\"Memurun Sesi\",\"url\":\"https:\\\/\\\/memurunsesi.net\\\/\",\"logo\":{\"@type\":\"ImageObject\",\"inLanguage\":\"tr\",\"@id\":\"https:\\\/\\\/memurunsesi.net\\\/#\\\/schema\\\/logo\\\/image\\\/\",\"url\":\"https:\\\/\\\/memurunsesi.net\\\/wp-content\\\/uploads\\\/2025\\\/11\\\/cropped-MEMURUN-SESI.png\",\"contentUrl\":\"https:\\\/\\\/memurunsesi.net\\\/wp-content\\\/uploads\\\/2025\\\/11\\\/cropped-MEMURUN-SESI.png\",\"width\":238,\"height\":57,\"caption\":\"Memurun Sesi\"},\"image\":{\"@id\":\"https:\\\/\\\/memurunsesi.net\\\/#\\\/schema\\\/logo\\\/image\\\/\"},\"sameAs\":[\"https:\\\/\\\/www.facebook.com\\\/unipersen\\\/?locale=tr_TR\",\"https:\\\/\\\/x.com\\\/unipersen\"]},{\"@type\":\"Person\",\"@id\":\"https:\\\/\\\/memurunsesi.net\\\/#\\\/schema\\\/person\\\/f21c2d73b89f6ee1d80b0a1803e38587\",\"name\":\"Memurun Sesi Haber Merkezi\",\"image\":{\"@type\":\"ImageObject\",\"inLanguage\":\"tr\",\"@id\":\"https:\\\/\\\/secure.gravatar.com\\\/avatar\\\/6cf0505f452ee753f485014986fab09a434671d2b919ee76fc541025c5876a70?s=96&d=mm&r=g\",\"url\":\"https:\\\/\\\/secure.gravatar.com\\\/avatar\\\/6cf0505f452ee753f485014986fab09a434671d2b919ee76fc541025c5876a70?s=96&d=mm&r=g\",\"contentUrl\":\"https:\\\/\\\/secure.gravatar.com\\\/avatar\\\/6cf0505f452ee753f485014986fab09a434671d2b919ee76fc541025c5876a70?s=96&d=mm&r=g\",\"caption\":\"Memurun Sesi Haber Merkezi\"},\"sameAs\":[\"https:\\\/\\\/memurunsesi.net\"],\"url\":\"https:\\\/\\\/memurunsesi.net\\\/index.php\\\/author\\\/uniper\\\/\"}]}<\/script>\n<!-- \/ Yoast SEO plugin. -->","yoast_head_json":{"title":"Cumhurba\u015fkan\u0131 Recep Tayyip Erdo\u011fan, 2024 Y\u0131l\u0131 Yenilenebilir Enerji Yat\u0131r\u0131mlar\u0131 Toplu A\u00e7\u0131l\u0131\u015f T\u00f6reni'ne kat\u0131ld\u0131 - Memurun Sesi","robots":{"index":"index","follow":"follow","max-snippet":"max-snippet:-1","max-image-preview":"max-image-preview:large","max-video-preview":"max-video-preview:-1"},"canonical":"https:\/\/memurunsesi.net\/index.php\/2025\/05\/07\/cumhurbaskani-recep-tayyip-erdogan-2024-yili-yenilenebilir-enerji-yatirimlari-toplu-acilis-torenine-katildi\/","og_locale":"tr_TR","og_type":"article","og_title":"Cumhurba\u015fkan\u0131 Recep Tayyip Erdo\u011fan, 2024 Y\u0131l\u0131 Yenilenebilir Enerji Yat\u0131r\u0131mlar\u0131 Toplu A\u00e7\u0131l\u0131\u015f T\u00f6reni'ne kat\u0131ld\u0131 - Memurun Sesi","og_description":"&#8211; Cumhurba\u015fkan\u0131 Recep Tayyip Erdo\u011fan,&#8221; Sadece yolsuzluk iddialar\u0131na de\u011fil, k\u00fcresel \u00f6l\u00e7ekte ya\u015fanan geli\u015fmelere de g\u00f6zlerini kapatm\u0131\u015flar. Daha do\u011frusu g\u00f6zlerine bant \u00e7ekmi\u015fler. Ger\u00e7ekleri bal gibi bildikleri halde maalesef bunu dillendirmeye cesaret edemiyorlar. Kafas\u0131n\u0131 kuma g\u00f6merek g\u00f6r\u00fcnmez oldu\u011funu zannedenlere bir an \u00f6nce ka\u00e7t\u0131klar\u0131 hakikatle y\u00fczle\u015fmelerini tavsiye ediyoruz. &#8221; dedi. Cumhurba\u015fkan\u0131 Recep Tayyip Erdo\u011fan, Be\u015ftepe Kongre ve K\u00fclt\u00fcr [&hellip;]","og_url":"https:\/\/memurunsesi.net\/index.php\/2025\/05\/07\/cumhurbaskani-recep-tayyip-erdogan-2024-yili-yenilenebilir-enerji-yatirimlari-toplu-acilis-torenine-katildi\/","og_site_name":"Memurun Sesi","article_publisher":"https:\/\/www.facebook.com\/unipersen\/?locale=tr_TR","article_published_time":"2025-05-07T17:04:11+00:00","author":"Memurun Sesi Haber Merkezi","twitter_card":"summary_large_image","twitter_creator":"@unipersen","twitter_site":"@unipersen","twitter_misc":{"Yazan:":"Memurun Sesi Haber Merkezi"},"schema":{"@context":"https:\/\/schema.org","@graph":[{"@type":"Article","@id":"https:\/\/memurunsesi.net\/index.php\/2025\/05\/07\/cumhurbaskani-recep-tayyip-erdogan-2024-yili-yenilenebilir-enerji-yatirimlari-toplu-acilis-torenine-katildi\/#article","isPartOf":{"@id":"https:\/\/memurunsesi.net\/index.php\/2025\/05\/07\/cumhurbaskani-recep-tayyip-erdogan-2024-yili-yenilenebilir-enerji-yatirimlari-toplu-acilis-torenine-katildi\/"},"author":{"name":"Memurun Sesi Haber Merkezi","@id":"https:\/\/memurunsesi.net\/#\/schema\/person\/f21c2d73b89f6ee1d80b0a1803e38587"},"headline":"Cumhurba\u015fkan\u0131 Recep Tayyip Erdo\u011fan, 2024 Y\u0131l\u0131 Yenilenebilir Enerji Yat\u0131r\u0131mlar\u0131 Toplu A\u00e7\u0131l\u0131\u015f T\u00f6reni&#8217;ne kat\u0131ld\u0131","datePublished":"2025-05-07T17:04:11+00:00","mainEntityOfPage":{"@id":"https:\/\/memurunsesi.net\/index.php\/2025\/05\/07\/cumhurbaskani-recep-tayyip-erdogan-2024-yili-yenilenebilir-enerji-yatirimlari-toplu-acilis-torenine-katildi\/"},"wordCount":2351,"commentCount":0,"publisher":{"@id":"https:\/\/memurunsesi.net\/#organization"},"inLanguage":"tr","potentialAction":[{"@type":"CommentAction","name":"Comment","target":["https:\/\/memurunsesi.net\/index.php\/2025\/05\/07\/cumhurbaskani-recep-tayyip-erdogan-2024-yili-yenilenebilir-enerji-yatirimlari-toplu-acilis-torenine-katildi\/#respond"]}]},{"@type":"WebPage","@id":"https:\/\/memurunsesi.net\/index.php\/2025\/05\/07\/cumhurbaskani-recep-tayyip-erdogan-2024-yili-yenilenebilir-enerji-yatirimlari-toplu-acilis-torenine-katildi\/","url":"https:\/\/memurunsesi.net\/index.php\/2025\/05\/07\/cumhurbaskani-recep-tayyip-erdogan-2024-yili-yenilenebilir-enerji-yatirimlari-toplu-acilis-torenine-katildi\/","name":"Cumhurba\u015fkan\u0131 Recep Tayyip Erdo\u011fan, 2024 Y\u0131l\u0131 Yenilenebilir Enerji Yat\u0131r\u0131mlar\u0131 Toplu A\u00e7\u0131l\u0131\u015f T\u00f6reni'ne kat\u0131ld\u0131 - Memurun Sesi","isPartOf":{"@id":"https:\/\/memurunsesi.net\/#website"},"datePublished":"2025-05-07T17:04:11+00:00","breadcrumb":{"@id":"https:\/\/memurunsesi.net\/index.php\/2025\/05\/07\/cumhurbaskani-recep-tayyip-erdogan-2024-yili-yenilenebilir-enerji-yatirimlari-toplu-acilis-torenine-katildi\/#breadcrumb"},"inLanguage":"tr","potentialAction":[{"@type":"ReadAction","target":["https:\/\/memurunsesi.net\/index.php\/2025\/05\/07\/cumhurbaskani-recep-tayyip-erdogan-2024-yili-yenilenebilir-enerji-yatirimlari-toplu-acilis-torenine-katildi\/"]}]},{"@type":"BreadcrumbList","@id":"https:\/\/memurunsesi.net\/index.php\/2025\/05\/07\/cumhurbaskani-recep-tayyip-erdogan-2024-yili-yenilenebilir-enerji-yatirimlari-toplu-acilis-torenine-katildi\/#breadcrumb","itemListElement":[{"@type":"ListItem","position":1,"name":"Anasayfa","item":"https:\/\/memurunsesi.net\/"},{"@type":"ListItem","position":2,"name":"Cumhurba\u015fkan\u0131 Recep Tayyip Erdo\u011fan, 2024 Y\u0131l\u0131 Yenilenebilir Enerji Yat\u0131r\u0131mlar\u0131 Toplu A\u00e7\u0131l\u0131\u015f T\u00f6reni&#8217;ne kat\u0131ld\u0131"}]},{"@type":"WebSite","@id":"https:\/\/memurunsesi.net\/#website","url":"https:\/\/memurunsesi.net\/","name":"Memurun Sesi","description":"G\u00fcncel ve Do\u011fru Haber","publisher":{"@id":"https:\/\/memurunsesi.net\/#organization"},"potentialAction":[{"@type":"SearchAction","target":{"@type":"EntryPoint","urlTemplate":"https:\/\/memurunsesi.net\/?s={search_term_string}"},"query-input":{"@type":"PropertyValueSpecification","valueRequired":true,"valueName":"search_term_string"}}],"inLanguage":"tr"},{"@type":"Organization","@id":"https:\/\/memurunsesi.net\/#organization","name":"Memurun Sesi","url":"https:\/\/memurunsesi.net\/","logo":{"@type":"ImageObject","inLanguage":"tr","@id":"https:\/\/memurunsesi.net\/#\/schema\/logo\/image\/","url":"https:\/\/memurunsesi.net\/wp-content\/uploads\/2025\/11\/cropped-MEMURUN-SESI.png","contentUrl":"https:\/\/memurunsesi.net\/wp-content\/uploads\/2025\/11\/cropped-MEMURUN-SESI.png","width":238,"height":57,"caption":"Memurun Sesi"},"image":{"@id":"https:\/\/memurunsesi.net\/#\/schema\/logo\/image\/"},"sameAs":["https:\/\/www.facebook.com\/unipersen\/?locale=tr_TR","https:\/\/x.com\/unipersen"]},{"@type":"Person","@id":"https:\/\/memurunsesi.net\/#\/schema\/person\/f21c2d73b89f6ee1d80b0a1803e38587","name":"Memurun Sesi Haber Merkezi","image":{"@type":"ImageObject","inLanguage":"tr","@id":"https:\/\/secure.gravatar.com\/avatar\/6cf0505f452ee753f485014986fab09a434671d2b919ee76fc541025c5876a70?s=96&d=mm&r=g","url":"https:\/\/secure.gravatar.com\/avatar\/6cf0505f452ee753f485014986fab09a434671d2b919ee76fc541025c5876a70?s=96&d=mm&r=g","contentUrl":"https:\/\/secure.gravatar.com\/avatar\/6cf0505f452ee753f485014986fab09a434671d2b919ee76fc541025c5876a70?s=96&d=mm&r=g","caption":"Memurun Sesi Haber Merkezi"},"sameAs":["https:\/\/memurunsesi.net"],"url":"https:\/\/memurunsesi.net\/index.php\/author\/uniper\/"}]}},"_links":{"self":[{"href":"https:\/\/memurunsesi.net\/index.php\/wp-json\/wp\/v2\/posts\/6695","targetHints":{"allow":["GET"]}}],"collection":[{"href":"https:\/\/memurunsesi.net\/index.php\/wp-json\/wp\/v2\/posts"}],"about":[{"href":"https:\/\/memurunsesi.net\/index.php\/wp-json\/wp\/v2\/types\/post"}],"author":[{"embeddable":true,"href":"https:\/\/memurunsesi.net\/index.php\/wp-json\/wp\/v2\/users\/1"}],"replies":[{"embeddable":true,"href":"https:\/\/memurunsesi.net\/index.php\/wp-json\/wp\/v2\/comments?post=6695"}],"version-history":[{"count":1,"href":"https:\/\/memurunsesi.net\/index.php\/wp-json\/wp\/v2\/posts\/6695\/revisions"}],"predecessor-version":[{"id":6696,"href":"https:\/\/memurunsesi.net\/index.php\/wp-json\/wp\/v2\/posts\/6695\/revisions\/6696"}],"wp:attachment":[{"href":"https:\/\/memurunsesi.net\/index.php\/wp-json\/wp\/v2\/media?parent=6695"}],"wp:term":[{"taxonomy":"category","embeddable":true,"href":"https:\/\/memurunsesi.net\/index.php\/wp-json\/wp\/v2\/categories?post=6695"},{"taxonomy":"post_tag","embeddable":true,"href":"https:\/\/memurunsesi.net\/index.php\/wp-json\/wp\/v2\/tags?post=6695"}],"curies":[{"name":"wp","href":"https:\/\/api.w.org\/{rel}","templated":true}]}}