{"id":6703,"date":"2025-05-08T20:01:37","date_gmt":"2025-05-08T17:01:37","guid":{"rendered":"https:\/\/memurunsesi.net\/?p=6703"},"modified":"2025-05-08T20:01:37","modified_gmt":"2025-05-08T17:01:37","slug":"cumhurbaskani-erdogan-hindistan-pakistan-gerilimi-tansiyonu-dusurmek-icin-calisiyoruz","status":"publish","type":"post","link":"https:\/\/memurunsesi.net\/index.php\/2025\/05\/08\/cumhurbaskani-erdogan-hindistan-pakistan-gerilimi-tansiyonu-dusurmek-icin-calisiyoruz\/","title":{"rendered":"Cumhurba\u015fkan\u0131 Erdo\u011fan: &#8220;(Hindistan- Pakistan gerilimi) Tansiyonu d\u00fc\u015f\u00fcrmek i\u00e7in \u00e7al\u0131\u015f\u0131yoruz&#8221;"},"content":{"rendered":"<p>\n  &#8211; Cumhurba\u015fkan\u0131 Recep Tayyip Erdo\u011fan, &#8220;Pakistan ile Hindistan aras\u0131ndaki gerilimin, \u00e7ok say\u0131da sivilin \u015fehit oldu\u011fu f\u00fcze sald\u0131r\u0131lar\u0131yla s\u0131cak \u00e7at\u0131\u015fmaya d\u00f6n\u00fc\u015fmesinden endi\u015fe duyuyoruz. Ate\u015fe benzin d\u00f6kenlere ra\u011fmen olaylar geri d\u00f6n\u00fclmez noktaya varmadan tansiyonun d\u00fc\u015f\u00fcr\u00fclmesi i\u00e7in gayret g\u00f6steriyoruz&#8221; dedi.<br \/>\n  Cumhurba\u015fkan\u0131 Recep Tayyip Erdo\u011fan, resmi temaslarda bulunmak \u00fczere T\u00fcrkiye\u2019ye gelen Irak Ba\u015fbakan\u0131 Muhammed \u015eiya Sudani ve beraberindeki heyeti kabul etti. G\u00f6r\u00fc\u015fmelerin ard\u0131ndan d\u00fczenlenen ortak bas\u0131n toplant\u0131s\u0131nda konu\u015fan Cumhurba\u015fkan\u0131 Erdo\u011fan, iki \u00fclke aras\u0131ndaki ili\u015fkilerin son y\u0131llarda \u00f6nemli bir ivme kazand\u0131\u011f\u0131n\u0131 s\u00f6yledi.<br \/>\n  Erdo\u011fan, ge\u00e7ti\u011fimiz y\u0131l ger\u00e7ekle\u015ftirdi\u011fi Irak ziyaretinin bu s\u00fcrece katk\u0131 sa\u011flad\u0131\u011f\u0131n\u0131 belirterek, &#8220;Say\u0131n Sudani\u2019nin ortaya koydu\u011fu irade ve vizyon bu noktaya gelmemizde \u00e7ok \u00f6nemli bir rol oynam\u0131\u015ft\u0131r. \u0130n\u015fallah bu ivmeyi g\u00fc\u00e7lendirerek devam ettirece\u011fiz&#8221; dedi.<br \/>\n  Cumhurba\u015fkan\u0131 Erdo\u011fan, mevkida\u015f\u0131yla yapt\u0131klar\u0131 g\u00f6r\u00fc\u015fmede T\u00fcrkiye-Irak ili\u015fkilerini kapsaml\u0131 \u015fekilde ele ald\u0131klar\u0131n\u0131, Suriye ba\u015fta olmak \u00fczere b\u00f6lgesel geli\u015fmeler hakk\u0131nda fikir al\u0131\u015fveri\u015finde bulunduklar\u0131n\u0131 belirtti. Erdo\u011fan, &#8220;\u0130li\u015fkilerimizi daha da ileriye ta\u015f\u0131yacak belgeleri huzurlar\u0131n\u0131zda az \u00f6nce imzalad\u0131k&#8221; ifadelerini kulland\u0131.<br \/>\n  Irak ile derin tarihi, be\u015feri ve k\u00fclt\u00fcrel ba\u011flara sahip olduklar\u0131n\u0131 vurgulayan Cumhurba\u015fkan\u0131 Erdo\u011fan, ili\u015fkilerin yaln\u0131zca iki devlet aras\u0131ndaki m\u00fcnasebetler olarak g\u00f6r\u00fclmedi\u011fini kaydederek, &#8220;\u0130\u015fbirli\u011fimizin her alanda geli\u015ftirilmesini karde\u015flik hukukumuzun bir gere\u011fi olarak telakki ediyoruz. Irak&#8217;\u0131n huzuru ve istikrar\u0131n\u0131 hi\u00e7bir zaman \u00fclkemizden ayr\u0131 tutmad\u0131k, tutmuyoruz&#8221; diye konu\u015ftu <\/p>\n<p>  PKK, FET\u00d6 ve DAE\u015e&#8217;e kar\u015f\u0131 ortak m\u00fccadele vurgusu<br \/>\n  G\u00fcvenlik ve ter\u00f6rle m\u00fccadele alan\u0131ndaki i\u015fbirli\u011fine de dikkat \u00e7eken Cumhurba\u015fkan\u0131 Erdo\u011fan, &#8220;T\u00fcrkiye&#8217;nin oldu\u011fu kadar Irak&#8217;\u0131n milli g\u00fcvenli\u011fine de tehdit olu\u015fturan PKK, FET\u00d6 ve DAE\u015e&#8217;e kar\u015f\u0131 m\u00fc\u015fterek m\u00fccadelenin s\u00fcrd\u00fcr\u00fclmesi konusunda kararl\u0131l\u0131\u011f\u0131m\u0131z\u0131 teyit ettik. B\u00f6lgemizin gelece\u011finde ter\u00f6re yer olmad\u0131\u011f\u0131n\u0131n tekrar alt\u0131n\u0131 \u00e7izdik&#8221; dedi.<br \/>\n  Erdo\u011fan, T\u00fcrkiye ile Irak aras\u0131ndaki ticaret hacminin ge\u00e7ti\u011fimiz y\u0131l 18 milyar dolara yakla\u015ft\u0131\u011f\u0131n\u0131 hat\u0131rlatarak, potansiyelin \u00e7ok daha y\u00fcksek oldu\u011funu belirtti. Kalk\u0131nma Yolu Projesi\u2019nin \u00f6nemine de\u011finen Cumhurba\u015fkan\u0131 Erdo\u011fan, projenin hem Irak\u2019\u0131n hem de b\u00f6lgenin refah\u0131na katk\u0131 sa\u011flayaca\u011f\u0131n\u0131 ifade etti. Cumhurba\u015fkan\u0131 Erdo\u011fan, projeye ilgi duyan t\u00fcm \u00fclkeleri bu stratejik ad\u0131m\u0131n par\u00e7as\u0131 olmaya davet etti.<br \/>\n  Petrol sevkiyat\u0131, enerji i\u015fbirli\u011fi, bankac\u0131l\u0131k, sanayi, e\u011fitim ve y\u00fcksek\u00f6\u011fretim alanlar\u0131nda da \u00f6nemli ba\u015fl\u0131klar\u0131 ele ald\u0131klar\u0131n\u0131 belirten Erdo\u011fan, do\u011falgaz ve enerjinin di\u011fer alanlar\u0131nda da i\u015fbirli\u011fini art\u0131rmak istediklerini belirterek, &#8220;Ge\u00e7ti\u011fimiz y\u0131l imzalad\u0131\u011f\u0131m\u0131z su \u00e7er\u00e7eve anla\u015fmas\u0131 ve tesis etti\u011fimiz i\u015fbirli\u011fi mekanizmalar\u0131 marifetiyle altyap\u0131n\u0131n \u0131slah\u0131na dair olmak \u00fczere Irak&#8217;la ortak projelerin ger\u00e7ekle\u015ftirilmesine odaklan\u0131yoruz. Irak, T\u00fcrkiye petrol boru hatt\u0131 \u00fczerinden petrol sevkiyat\u0131n\u0131n yeniden ba\u015flamas\u0131 gibi ba\u015fl\u0131klarda s\u00fcratle ilerlemek istiyoruz. \u00d6zellikle elektrik alan\u0131nda derinle\u015fen i\u015fbirli\u011fimizi do\u011falgaz ve enerjinin di\u011fer alanlar\u0131na te\u015fvik etme arzusunday\u0131z&#8221; Dedi.<br \/>\n  Cumhurba\u015fkan\u0131 Erdo\u011fan, Irak Ba\u015fbakan\u0131 Sudani\u2019nin basiretli yakla\u015f\u0131m\u0131 sayesinde Irak\u2019\u0131n b\u00f6lgesel istikrara katk\u0131 sundu\u011funu belirterek, Suriye ile geli\u015ftirilen iyi kom\u015fuluk ili\u015fkilerinin de b\u00f6lgede bar\u0131\u015fa hizmet edece\u011fine inand\u0131\u011f\u0131n\u0131 s\u00f6yledi. Erdo\u011fan, &#8220;Irak&#8217;\u0131n bilhassa Suriye ile iyi kom\u015fuluk ili\u015fkileri geli\u015ftirmesinin b\u00f6lgemizin istikrar ve huzuru bak\u0131m\u0131ndan \u00e7ok \u00f6nemli oldu\u011funa inan\u0131yorum. Bu konuda Irak&#8217;la birlikte \u00e7al\u0131\u015fmaya devam edece\u011fiz. \u0130srail&#8217;in Gazze&#8217;de ba\u015flatt\u0131\u011f\u0131 sonras\u0131nda L\u00fcbnan&#8217;a ve Suriye&#8217;ye de ta\u015f\u0131d\u0131\u011f\u0131 sald\u0131rgan siyasetinin sonu\u00e7lar\u0131 ortadad\u0131r. \u0130srail, b\u00f6lgeyi kana, g\u00f6zya\u015f\u0131na ve istikras\u0131zl\u0131\u011fa bo\u011farak kendi g\u00fcvenli\u011fini sa\u011flayaca\u011f\u0131n\u0131 zannetmektedir. Bunun ham bir hayal oldu\u011funu zamanla daha net g\u00f6rece\u011fiz. \u0130srail&#8217;in insani yard\u0131m giri\u015flerini tamamen durdurmas\u0131yla Gazze&#8217;deki a\u00e7l\u0131k tehlikesi art\u0131k kitlesel \u00f6l\u00fcmlere varacak vahimli boyutlara ula\u015fm\u0131\u015f vaziyette. \u0130srail \u00fczerindeki bask\u0131n\u0131n artt\u0131r\u0131lmas\u0131 dahil, elimizden geleni yapmam\u0131z gerekti\u011fi hususunda Hazreti karde\u015fimle mutab\u0131k kald\u0131k&#8221; diye konu\u015ftu. <\/p>\n<p>  &#8220;Pakistan-Hindistan gerilimi endi\u015fe verici&#8221;<br \/>\n  Cumhurba\u015fkan\u0131 Erdo\u011fan, Pakistan ile Hindistan aras\u0131ndaki gerilimden ve sivil kay\u0131plara neden olan sald\u0131r\u0131lardan duydu\u011fu \u00fcz\u00fcnt\u00fcy\u00fc dile getirerek, olaylar\u0131n t\u0131rmanmadan \u00f6nce tansiyonun d\u00fc\u015f\u00fcr\u00fclmesi i\u00e7in \u00e7aba g\u00f6sterdiklerini belirtti. Erdo\u011fan, &#8220;Pakistan ile Hindistan aras\u0131ndaki gerilimin, \u00e7ok say\u0131da sivilin \u015fehit oldu\u011fu f\u00fcze sald\u0131r\u0131lar\u0131yla s\u0131cak \u00e7at\u0131\u015fmaya d\u00f6n\u00fc\u015fmesinden endi\u015fe duyuyoruz. Ate\u015fe benzin d\u00f6kenlere ra\u011fmen olaylar geri d\u00f6n\u00fclmez noktaya varmadan tansiyonun d\u00fc\u015f\u00fcr\u00fclmesi i\u00e7in gayret g\u00f6steriyoruz&#8221; dedi.<br \/>\n  Irak\u2019taki T\u00fcrkmenlerin, iki \u00fclke ili\u015fkilerine katk\u0131 sundu\u011funu vurgulayan Erdo\u011fan, &#8220;Karde\u015fim Sudani\u2019nin Irak T\u00fcrkmenlerinin hak ve menfaatlerinin korunmas\u0131 konusundaki hassasiyetini takdirle kar\u015f\u0131l\u0131yoruz&#8221; dedi.<br \/>\n  Cumhurba\u015fkan\u0131 Erdo\u011fan, ziyaret dolay\u0131s\u0131yla Ba\u015fbakan Sudani\u2019ye te\u015fekk\u00fcr ederek, isti\u015farelerin ve al\u0131nan kararlar\u0131n her iki \u00fclke i\u00e7in de hay\u0131rlara vesile olmas\u0131n\u0131 temenni etti.<br \/>\n  \u00d6te yandan T\u00fcrkiye ile Irak aras\u0131nda, g\u00f6\u00e7, e\u011fitim, uyu\u015fturucuyla m\u00fccadele, afet ve acil durum y\u00f6netimi, bilgi ve ileti\u015fim teknolojileri, savunma sanayisi, y\u00fcksek\u00f6\u011fret\u0131m, metroloji ve hukuk alan\u0131nda \u00f6nemli i\u015fbirliklerini i\u00e7eren 11 anla\u015fma imzaland\u0131. <\/p>\n<p>8.05.2025                                    <\/p>\n","protected":false},"excerpt":{"rendered":"<p>&#8211; Cumhurba\u015fkan\u0131 Recep Tayyip Erdo\u011fan, &#8220;Pakistan ile Hindistan aras\u0131ndaki gerilimin, \u00e7ok say\u0131da sivilin \u015fehit oldu\u011fu f\u00fcze sald\u0131r\u0131lar\u0131yla s\u0131cak \u00e7at\u0131\u015fmaya d\u00f6n\u00fc\u015fmesinden endi\u015fe duyuyoruz. Ate\u015fe benzin d\u00f6kenlere ra\u011fmen olaylar geri d\u00f6n\u00fclmez noktaya varmadan tansiyonun d\u00fc\u015f\u00fcr\u00fclmesi i\u00e7in gayret g\u00f6steriyoruz&#8221; dedi. Cumhurba\u015fkan\u0131 Recep Tayyip Erdo\u011fan, resmi temaslarda bulunmak \u00fczere T\u00fcrkiye\u2019ye gelen Irak Ba\u015fbakan\u0131 Muhammed \u015eiya Sudani ve beraberindeki heyeti [&hellip;]<\/p>\n","protected":false},"author":1,"featured_media":6704,"comment_status":"open","ping_status":"open","sticky":false,"template":"","format":"standard","meta":{"footnotes":""},"categories":[1],"tags":[],"class_list":["post-6703","post","type-post","status-publish","format-standard","has-post-thumbnail","hentry","category-genel"],"yoast_head":"<!-- This site is optimized with the Yoast SEO plugin v27.4 - https:\/\/yoast.com\/product\/yoast-seo-wordpress\/ -->\n<title>Cumhurba\u015fkan\u0131 Erdo\u011fan: &quot;(Hindistan- Pakistan gerilimi) Tansiyonu d\u00fc\u015f\u00fcrmek i\u00e7in \u00e7al\u0131\u015f\u0131yoruz&quot; - Memurun Sesi<\/title>\n<meta name=\"robots\" content=\"index, follow, max-snippet:-1, max-image-preview:large, max-video-preview:-1\" \/>\n<link rel=\"canonical\" href=\"https:\/\/memurunsesi.net\/index.php\/2025\/05\/08\/cumhurbaskani-erdogan-hindistan-pakistan-gerilimi-tansiyonu-dusurmek-icin-calisiyoruz\/\" \/>\n<meta property=\"og:locale\" content=\"tr_TR\" \/>\n<meta property=\"og:type\" content=\"article\" \/>\n<meta property=\"og:title\" content=\"Cumhurba\u015fkan\u0131 Erdo\u011fan: &quot;(Hindistan- Pakistan gerilimi) Tansiyonu d\u00fc\u015f\u00fcrmek i\u00e7in \u00e7al\u0131\u015f\u0131yoruz&quot; - Memurun Sesi\" \/>\n<meta property=\"og:description\" content=\"&#8211; Cumhurba\u015fkan\u0131 Recep Tayyip Erdo\u011fan, &#8220;Pakistan ile Hindistan aras\u0131ndaki gerilimin, \u00e7ok say\u0131da sivilin \u015fehit oldu\u011fu f\u00fcze sald\u0131r\u0131lar\u0131yla s\u0131cak \u00e7at\u0131\u015fmaya d\u00f6n\u00fc\u015fmesinden endi\u015fe duyuyoruz. Ate\u015fe benzin d\u00f6kenlere ra\u011fmen olaylar geri d\u00f6n\u00fclmez noktaya varmadan tansiyonun d\u00fc\u015f\u00fcr\u00fclmesi i\u00e7in gayret g\u00f6steriyoruz&#8221; dedi. Cumhurba\u015fkan\u0131 Recep Tayyip Erdo\u011fan, resmi temaslarda bulunmak \u00fczere T\u00fcrkiye\u2019ye gelen Irak Ba\u015fbakan\u0131 Muhammed \u015eiya Sudani ve beraberindeki heyeti [&hellip;]\" \/>\n<meta property=\"og:url\" content=\"https:\/\/memurunsesi.net\/index.php\/2025\/05\/08\/cumhurbaskani-erdogan-hindistan-pakistan-gerilimi-tansiyonu-dusurmek-icin-calisiyoruz\/\" \/>\n<meta property=\"og:site_name\" content=\"Memurun Sesi\" \/>\n<meta property=\"article:publisher\" content=\"https:\/\/www.facebook.com\/unipersen\/?locale=tr_TR\" \/>\n<meta property=\"article:published_time\" content=\"2025-05-08T17:01:37+00:00\" \/>\n<meta property=\"og:image\" content=\"https:\/\/memurunsesi.net\/wp-content\/uploads\/2025\/05\/AW450358_01-scaled.jpg\" \/>\n\t<meta property=\"og:image:width\" content=\"2560\" \/>\n\t<meta property=\"og:image:height\" content=\"1744\" \/>\n\t<meta property=\"og:image:type\" content=\"image\/jpeg\" \/>\n<meta name=\"author\" content=\"Memurun Sesi Haber Merkezi\" \/>\n<meta name=\"twitter:card\" content=\"summary_large_image\" \/>\n<meta name=\"twitter:creator\" content=\"@unipersen\" \/>\n<meta name=\"twitter:site\" content=\"@unipersen\" \/>\n<meta name=\"twitter:label1\" content=\"Yazan:\" \/>\n\t<meta name=\"twitter:data1\" content=\"Memurun Sesi Haber Merkezi\" \/>\n\t<meta name=\"twitter:label2\" content=\"Tahmini okuma s\u00fcresi\" \/>\n\t<meta name=\"twitter:data2\" content=\"1 dakika\" \/>\n<script type=\"application\/ld+json\" class=\"yoast-schema-graph\">{\"@context\":\"https:\\\/\\\/schema.org\",\"@graph\":[{\"@type\":\"Article\",\"@id\":\"https:\\\/\\\/memurunsesi.net\\\/index.php\\\/2025\\\/05\\\/08\\\/cumhurbaskani-erdogan-hindistan-pakistan-gerilimi-tansiyonu-dusurmek-icin-calisiyoruz\\\/#article\",\"isPartOf\":{\"@id\":\"https:\\\/\\\/memurunsesi.net\\\/index.php\\\/2025\\\/05\\\/08\\\/cumhurbaskani-erdogan-hindistan-pakistan-gerilimi-tansiyonu-dusurmek-icin-calisiyoruz\\\/\"},\"author\":{\"name\":\"Memurun Sesi Haber Merkezi\",\"@id\":\"https:\\\/\\\/memurunsesi.net\\\/#\\\/schema\\\/person\\\/f21c2d73b89f6ee1d80b0a1803e38587\"},\"headline\":\"Cumhurba\u015fkan\u0131 Erdo\u011fan: &#8220;(Hindistan- Pakistan gerilimi) Tansiyonu d\u00fc\u015f\u00fcrmek i\u00e7in \u00e7al\u0131\u015f\u0131yoruz&#8221;\",\"datePublished\":\"2025-05-08T17:01:37+00:00\",\"mainEntityOfPage\":{\"@id\":\"https:\\\/\\\/memurunsesi.net\\\/index.php\\\/2025\\\/05\\\/08\\\/cumhurbaskani-erdogan-hindistan-pakistan-gerilimi-tansiyonu-dusurmek-icin-calisiyoruz\\\/\"},\"wordCount\":1005,\"commentCount\":0,\"publisher\":{\"@id\":\"https:\\\/\\\/memurunsesi.net\\\/#organization\"},\"image\":{\"@id\":\"https:\\\/\\\/memurunsesi.net\\\/index.php\\\/2025\\\/05\\\/08\\\/cumhurbaskani-erdogan-hindistan-pakistan-gerilimi-tansiyonu-dusurmek-icin-calisiyoruz\\\/#primaryimage\"},\"thumbnailUrl\":\"https:\\\/\\\/memurunsesi.net\\\/wp-content\\\/uploads\\\/2025\\\/05\\\/AW450358_01-scaled.jpg\",\"inLanguage\":\"tr\",\"potentialAction\":[{\"@type\":\"CommentAction\",\"name\":\"Comment\",\"target\":[\"https:\\\/\\\/memurunsesi.net\\\/index.php\\\/2025\\\/05\\\/08\\\/cumhurbaskani-erdogan-hindistan-pakistan-gerilimi-tansiyonu-dusurmek-icin-calisiyoruz\\\/#respond\"]}]},{\"@type\":\"WebPage\",\"@id\":\"https:\\\/\\\/memurunsesi.net\\\/index.php\\\/2025\\\/05\\\/08\\\/cumhurbaskani-erdogan-hindistan-pakistan-gerilimi-tansiyonu-dusurmek-icin-calisiyoruz\\\/\",\"url\":\"https:\\\/\\\/memurunsesi.net\\\/index.php\\\/2025\\\/05\\\/08\\\/cumhurbaskani-erdogan-hindistan-pakistan-gerilimi-tansiyonu-dusurmek-icin-calisiyoruz\\\/\",\"name\":\"Cumhurba\u015fkan\u0131 Erdo\u011fan: \\\"(Hindistan- Pakistan gerilimi) Tansiyonu d\u00fc\u015f\u00fcrmek i\u00e7in \u00e7al\u0131\u015f\u0131yoruz\\\" - Memurun Sesi\",\"isPartOf\":{\"@id\":\"https:\\\/\\\/memurunsesi.net\\\/#website\"},\"primaryImageOfPage\":{\"@id\":\"https:\\\/\\\/memurunsesi.net\\\/index.php\\\/2025\\\/05\\\/08\\\/cumhurbaskani-erdogan-hindistan-pakistan-gerilimi-tansiyonu-dusurmek-icin-calisiyoruz\\\/#primaryimage\"},\"image\":{\"@id\":\"https:\\\/\\\/memurunsesi.net\\\/index.php\\\/2025\\\/05\\\/08\\\/cumhurbaskani-erdogan-hindistan-pakistan-gerilimi-tansiyonu-dusurmek-icin-calisiyoruz\\\/#primaryimage\"},\"thumbnailUrl\":\"https:\\\/\\\/memurunsesi.net\\\/wp-content\\\/uploads\\\/2025\\\/05\\\/AW450358_01-scaled.jpg\",\"datePublished\":\"2025-05-08T17:01:37+00:00\",\"breadcrumb\":{\"@id\":\"https:\\\/\\\/memurunsesi.net\\\/index.php\\\/2025\\\/05\\\/08\\\/cumhurbaskani-erdogan-hindistan-pakistan-gerilimi-tansiyonu-dusurmek-icin-calisiyoruz\\\/#breadcrumb\"},\"inLanguage\":\"tr\",\"potentialAction\":[{\"@type\":\"ReadAction\",\"target\":[\"https:\\\/\\\/memurunsesi.net\\\/index.php\\\/2025\\\/05\\\/08\\\/cumhurbaskani-erdogan-hindistan-pakistan-gerilimi-tansiyonu-dusurmek-icin-calisiyoruz\\\/\"]}]},{\"@type\":\"ImageObject\",\"inLanguage\":\"tr\",\"@id\":\"https:\\\/\\\/memurunsesi.net\\\/index.php\\\/2025\\\/05\\\/08\\\/cumhurbaskani-erdogan-hindistan-pakistan-gerilimi-tansiyonu-dusurmek-icin-calisiyoruz\\\/#primaryimage\",\"url\":\"https:\\\/\\\/memurunsesi.net\\\/wp-content\\\/uploads\\\/2025\\\/05\\\/AW450358_01-scaled.jpg\",\"contentUrl\":\"https:\\\/\\\/memurunsesi.net\\\/wp-content\\\/uploads\\\/2025\\\/05\\\/AW450358_01-scaled.jpg\",\"width\":2560,\"height\":1744,\"caption\":\"CUMHURBA\u015eKANI RECEP TAYY\u0130P ERDO\u011eAN, RESM\u0130 TEMASLARDA BULUNMAK \u00dcZERE T\u00dcRK\u0130YE'YE GELEN IRAK BA\u015eBAKANI MUHAMMED \u015e\u0130YA SUDAN\u0130 VE BERABER\u0130NDEK\u0130 HEYET\u0130 KABUL ETT\u0130. (H\u00dcLYA KEKL\u0130K\\\/ANKARA-\u0130HA) Cumhurba\u015fkan\u0131 Recep Tayyip Erdo\u011fan, \\\"Pakistan ile Hindistan aras\u0131ndaki gerilimin, \u00e7ok say\u0131da sivilin \u015fehit oldu\u011fu f\u00fcze sald\u0131r\u0131lar\u0131yla s\u0131cak \u00e7at\u0131\u015fmaya d\u00f6n\u00fc\u015fmesinden endi\u015fe duyuyoruz. Ate\u015fe benzin d\u00f6kenlere ra\u011fmen olaylar geri d\u00f6n\u00fclmez noktaya varmadan tansiyonun d\u00fc\u015f\u00fcr\u00fclmesi i\u00e7in gayret g\u00f6steriyoruz\\\" dedi.\"},{\"@type\":\"BreadcrumbList\",\"@id\":\"https:\\\/\\\/memurunsesi.net\\\/index.php\\\/2025\\\/05\\\/08\\\/cumhurbaskani-erdogan-hindistan-pakistan-gerilimi-tansiyonu-dusurmek-icin-calisiyoruz\\\/#breadcrumb\",\"itemListElement\":[{\"@type\":\"ListItem\",\"position\":1,\"name\":\"Anasayfa\",\"item\":\"https:\\\/\\\/memurunsesi.net\\\/\"},{\"@type\":\"ListItem\",\"position\":2,\"name\":\"Cumhurba\u015fkan\u0131 Erdo\u011fan: &#8220;(Hindistan- Pakistan gerilimi) Tansiyonu d\u00fc\u015f\u00fcrmek i\u00e7in \u00e7al\u0131\u015f\u0131yoruz&#8221;\"}]},{\"@type\":\"WebSite\",\"@id\":\"https:\\\/\\\/memurunsesi.net\\\/#website\",\"url\":\"https:\\\/\\\/memurunsesi.net\\\/\",\"name\":\"Memurun Sesi\",\"description\":\"G\u00fcncel ve Do\u011fru Haber\",\"publisher\":{\"@id\":\"https:\\\/\\\/memurunsesi.net\\\/#organization\"},\"potentialAction\":[{\"@type\":\"SearchAction\",\"target\":{\"@type\":\"EntryPoint\",\"urlTemplate\":\"https:\\\/\\\/memurunsesi.net\\\/?s={search_term_string}\"},\"query-input\":{\"@type\":\"PropertyValueSpecification\",\"valueRequired\":true,\"valueName\":\"search_term_string\"}}],\"inLanguage\":\"tr\"},{\"@type\":\"Organization\",\"@id\":\"https:\\\/\\\/memurunsesi.net\\\/#organization\",\"name\":\"Memurun Sesi\",\"url\":\"https:\\\/\\\/memurunsesi.net\\\/\",\"logo\":{\"@type\":\"ImageObject\",\"inLanguage\":\"tr\",\"@id\":\"https:\\\/\\\/memurunsesi.net\\\/#\\\/schema\\\/logo\\\/image\\\/\",\"url\":\"https:\\\/\\\/memurunsesi.net\\\/wp-content\\\/uploads\\\/2025\\\/11\\\/cropped-MEMURUN-SESI.png\",\"contentUrl\":\"https:\\\/\\\/memurunsesi.net\\\/wp-content\\\/uploads\\\/2025\\\/11\\\/cropped-MEMURUN-SESI.png\",\"width\":238,\"height\":57,\"caption\":\"Memurun Sesi\"},\"image\":{\"@id\":\"https:\\\/\\\/memurunsesi.net\\\/#\\\/schema\\\/logo\\\/image\\\/\"},\"sameAs\":[\"https:\\\/\\\/www.facebook.com\\\/unipersen\\\/?locale=tr_TR\",\"https:\\\/\\\/x.com\\\/unipersen\"]},{\"@type\":\"Person\",\"@id\":\"https:\\\/\\\/memurunsesi.net\\\/#\\\/schema\\\/person\\\/f21c2d73b89f6ee1d80b0a1803e38587\",\"name\":\"Memurun Sesi Haber Merkezi\",\"image\":{\"@type\":\"ImageObject\",\"inLanguage\":\"tr\",\"@id\":\"https:\\\/\\\/secure.gravatar.com\\\/avatar\\\/6cf0505f452ee753f485014986fab09a434671d2b919ee76fc541025c5876a70?s=96&d=mm&r=g\",\"url\":\"https:\\\/\\\/secure.gravatar.com\\\/avatar\\\/6cf0505f452ee753f485014986fab09a434671d2b919ee76fc541025c5876a70?s=96&d=mm&r=g\",\"contentUrl\":\"https:\\\/\\\/secure.gravatar.com\\\/avatar\\\/6cf0505f452ee753f485014986fab09a434671d2b919ee76fc541025c5876a70?s=96&d=mm&r=g\",\"caption\":\"Memurun Sesi Haber Merkezi\"},\"sameAs\":[\"https:\\\/\\\/memurunsesi.net\"],\"url\":\"https:\\\/\\\/memurunsesi.net\\\/index.php\\\/author\\\/uniper\\\/\"}]}<\/script>\n<!-- \/ Yoast SEO plugin. -->","yoast_head_json":{"title":"Cumhurba\u015fkan\u0131 Erdo\u011fan: \"(Hindistan- Pakistan gerilimi) Tansiyonu d\u00fc\u015f\u00fcrmek i\u00e7in \u00e7al\u0131\u015f\u0131yoruz\" - Memurun Sesi","robots":{"index":"index","follow":"follow","max-snippet":"max-snippet:-1","max-image-preview":"max-image-preview:large","max-video-preview":"max-video-preview:-1"},"canonical":"https:\/\/memurunsesi.net\/index.php\/2025\/05\/08\/cumhurbaskani-erdogan-hindistan-pakistan-gerilimi-tansiyonu-dusurmek-icin-calisiyoruz\/","og_locale":"tr_TR","og_type":"article","og_title":"Cumhurba\u015fkan\u0131 Erdo\u011fan: \"(Hindistan- Pakistan gerilimi) Tansiyonu d\u00fc\u015f\u00fcrmek i\u00e7in \u00e7al\u0131\u015f\u0131yoruz\" - Memurun Sesi","og_description":"&#8211; Cumhurba\u015fkan\u0131 Recep Tayyip Erdo\u011fan, &#8220;Pakistan ile Hindistan aras\u0131ndaki gerilimin, \u00e7ok say\u0131da sivilin \u015fehit oldu\u011fu f\u00fcze sald\u0131r\u0131lar\u0131yla s\u0131cak \u00e7at\u0131\u015fmaya d\u00f6n\u00fc\u015fmesinden endi\u015fe duyuyoruz. Ate\u015fe benzin d\u00f6kenlere ra\u011fmen olaylar geri d\u00f6n\u00fclmez noktaya varmadan tansiyonun d\u00fc\u015f\u00fcr\u00fclmesi i\u00e7in gayret g\u00f6steriyoruz&#8221; dedi. Cumhurba\u015fkan\u0131 Recep Tayyip Erdo\u011fan, resmi temaslarda bulunmak \u00fczere T\u00fcrkiye\u2019ye gelen Irak Ba\u015fbakan\u0131 Muhammed \u015eiya Sudani ve beraberindeki heyeti [&hellip;]","og_url":"https:\/\/memurunsesi.net\/index.php\/2025\/05\/08\/cumhurbaskani-erdogan-hindistan-pakistan-gerilimi-tansiyonu-dusurmek-icin-calisiyoruz\/","og_site_name":"Memurun Sesi","article_publisher":"https:\/\/www.facebook.com\/unipersen\/?locale=tr_TR","article_published_time":"2025-05-08T17:01:37+00:00","og_image":[{"width":2560,"height":1744,"url":"https:\/\/memurunsesi.net\/wp-content\/uploads\/2025\/05\/AW450358_01-scaled.jpg","type":"image\/jpeg"}],"author":"Memurun Sesi Haber Merkezi","twitter_card":"summary_large_image","twitter_creator":"@unipersen","twitter_site":"@unipersen","twitter_misc":{"Yazan:":"Memurun Sesi Haber Merkezi","Tahmini okuma s\u00fcresi":"1 dakika"},"schema":{"@context":"https:\/\/schema.org","@graph":[{"@type":"Article","@id":"https:\/\/memurunsesi.net\/index.php\/2025\/05\/08\/cumhurbaskani-erdogan-hindistan-pakistan-gerilimi-tansiyonu-dusurmek-icin-calisiyoruz\/#article","isPartOf":{"@id":"https:\/\/memurunsesi.net\/index.php\/2025\/05\/08\/cumhurbaskani-erdogan-hindistan-pakistan-gerilimi-tansiyonu-dusurmek-icin-calisiyoruz\/"},"author":{"name":"Memurun Sesi Haber Merkezi","@id":"https:\/\/memurunsesi.net\/#\/schema\/person\/f21c2d73b89f6ee1d80b0a1803e38587"},"headline":"Cumhurba\u015fkan\u0131 Erdo\u011fan: &#8220;(Hindistan- Pakistan gerilimi) Tansiyonu d\u00fc\u015f\u00fcrmek i\u00e7in \u00e7al\u0131\u015f\u0131yoruz&#8221;","datePublished":"2025-05-08T17:01:37+00:00","mainEntityOfPage":{"@id":"https:\/\/memurunsesi.net\/index.php\/2025\/05\/08\/cumhurbaskani-erdogan-hindistan-pakistan-gerilimi-tansiyonu-dusurmek-icin-calisiyoruz\/"},"wordCount":1005,"commentCount":0,"publisher":{"@id":"https:\/\/memurunsesi.net\/#organization"},"image":{"@id":"https:\/\/memurunsesi.net\/index.php\/2025\/05\/08\/cumhurbaskani-erdogan-hindistan-pakistan-gerilimi-tansiyonu-dusurmek-icin-calisiyoruz\/#primaryimage"},"thumbnailUrl":"https:\/\/memurunsesi.net\/wp-content\/uploads\/2025\/05\/AW450358_01-scaled.jpg","inLanguage":"tr","potentialAction":[{"@type":"CommentAction","name":"Comment","target":["https:\/\/memurunsesi.net\/index.php\/2025\/05\/08\/cumhurbaskani-erdogan-hindistan-pakistan-gerilimi-tansiyonu-dusurmek-icin-calisiyoruz\/#respond"]}]},{"@type":"WebPage","@id":"https:\/\/memurunsesi.net\/index.php\/2025\/05\/08\/cumhurbaskani-erdogan-hindistan-pakistan-gerilimi-tansiyonu-dusurmek-icin-calisiyoruz\/","url":"https:\/\/memurunsesi.net\/index.php\/2025\/05\/08\/cumhurbaskani-erdogan-hindistan-pakistan-gerilimi-tansiyonu-dusurmek-icin-calisiyoruz\/","name":"Cumhurba\u015fkan\u0131 Erdo\u011fan: \"(Hindistan- Pakistan gerilimi) Tansiyonu d\u00fc\u015f\u00fcrmek i\u00e7in \u00e7al\u0131\u015f\u0131yoruz\" - Memurun Sesi","isPartOf":{"@id":"https:\/\/memurunsesi.net\/#website"},"primaryImageOfPage":{"@id":"https:\/\/memurunsesi.net\/index.php\/2025\/05\/08\/cumhurbaskani-erdogan-hindistan-pakistan-gerilimi-tansiyonu-dusurmek-icin-calisiyoruz\/#primaryimage"},"image":{"@id":"https:\/\/memurunsesi.net\/index.php\/2025\/05\/08\/cumhurbaskani-erdogan-hindistan-pakistan-gerilimi-tansiyonu-dusurmek-icin-calisiyoruz\/#primaryimage"},"thumbnailUrl":"https:\/\/memurunsesi.net\/wp-content\/uploads\/2025\/05\/AW450358_01-scaled.jpg","datePublished":"2025-05-08T17:01:37+00:00","breadcrumb":{"@id":"https:\/\/memurunsesi.net\/index.php\/2025\/05\/08\/cumhurbaskani-erdogan-hindistan-pakistan-gerilimi-tansiyonu-dusurmek-icin-calisiyoruz\/#breadcrumb"},"inLanguage":"tr","potentialAction":[{"@type":"ReadAction","target":["https:\/\/memurunsesi.net\/index.php\/2025\/05\/08\/cumhurbaskani-erdogan-hindistan-pakistan-gerilimi-tansiyonu-dusurmek-icin-calisiyoruz\/"]}]},{"@type":"ImageObject","inLanguage":"tr","@id":"https:\/\/memurunsesi.net\/index.php\/2025\/05\/08\/cumhurbaskani-erdogan-hindistan-pakistan-gerilimi-tansiyonu-dusurmek-icin-calisiyoruz\/#primaryimage","url":"https:\/\/memurunsesi.net\/wp-content\/uploads\/2025\/05\/AW450358_01-scaled.jpg","contentUrl":"https:\/\/memurunsesi.net\/wp-content\/uploads\/2025\/05\/AW450358_01-scaled.jpg","width":2560,"height":1744,"caption":"CUMHURBA\u015eKANI RECEP TAYY\u0130P ERDO\u011eAN, RESM\u0130 TEMASLARDA BULUNMAK \u00dcZERE T\u00dcRK\u0130YE'YE GELEN IRAK BA\u015eBAKANI MUHAMMED \u015e\u0130YA SUDAN\u0130 VE BERABER\u0130NDEK\u0130 HEYET\u0130 KABUL ETT\u0130. (H\u00dcLYA KEKL\u0130K\/ANKARA-\u0130HA) Cumhurba\u015fkan\u0131 Recep Tayyip Erdo\u011fan, \"Pakistan ile Hindistan aras\u0131ndaki gerilimin, \u00e7ok say\u0131da sivilin \u015fehit oldu\u011fu f\u00fcze sald\u0131r\u0131lar\u0131yla s\u0131cak \u00e7at\u0131\u015fmaya d\u00f6n\u00fc\u015fmesinden endi\u015fe duyuyoruz. Ate\u015fe benzin d\u00f6kenlere ra\u011fmen olaylar geri d\u00f6n\u00fclmez noktaya varmadan tansiyonun d\u00fc\u015f\u00fcr\u00fclmesi i\u00e7in gayret g\u00f6steriyoruz\" dedi."},{"@type":"BreadcrumbList","@id":"https:\/\/memurunsesi.net\/index.php\/2025\/05\/08\/cumhurbaskani-erdogan-hindistan-pakistan-gerilimi-tansiyonu-dusurmek-icin-calisiyoruz\/#breadcrumb","itemListElement":[{"@type":"ListItem","position":1,"name":"Anasayfa","item":"https:\/\/memurunsesi.net\/"},{"@type":"ListItem","position":2,"name":"Cumhurba\u015fkan\u0131 Erdo\u011fan: &#8220;(Hindistan- Pakistan gerilimi) Tansiyonu d\u00fc\u015f\u00fcrmek i\u00e7in \u00e7al\u0131\u015f\u0131yoruz&#8221;"}]},{"@type":"WebSite","@id":"https:\/\/memurunsesi.net\/#website","url":"https:\/\/memurunsesi.net\/","name":"Memurun Sesi","description":"G\u00fcncel ve Do\u011fru Haber","publisher":{"@id":"https:\/\/memurunsesi.net\/#organization"},"potentialAction":[{"@type":"SearchAction","target":{"@type":"EntryPoint","urlTemplate":"https:\/\/memurunsesi.net\/?s={search_term_string}"},"query-input":{"@type":"PropertyValueSpecification","valueRequired":true,"valueName":"search_term_string"}}],"inLanguage":"tr"},{"@type":"Organization","@id":"https:\/\/memurunsesi.net\/#organization","name":"Memurun Sesi","url":"https:\/\/memurunsesi.net\/","logo":{"@type":"ImageObject","inLanguage":"tr","@id":"https:\/\/memurunsesi.net\/#\/schema\/logo\/image\/","url":"https:\/\/memurunsesi.net\/wp-content\/uploads\/2025\/11\/cropped-MEMURUN-SESI.png","contentUrl":"https:\/\/memurunsesi.net\/wp-content\/uploads\/2025\/11\/cropped-MEMURUN-SESI.png","width":238,"height":57,"caption":"Memurun Sesi"},"image":{"@id":"https:\/\/memurunsesi.net\/#\/schema\/logo\/image\/"},"sameAs":["https:\/\/www.facebook.com\/unipersen\/?locale=tr_TR","https:\/\/x.com\/unipersen"]},{"@type":"Person","@id":"https:\/\/memurunsesi.net\/#\/schema\/person\/f21c2d73b89f6ee1d80b0a1803e38587","name":"Memurun Sesi Haber Merkezi","image":{"@type":"ImageObject","inLanguage":"tr","@id":"https:\/\/secure.gravatar.com\/avatar\/6cf0505f452ee753f485014986fab09a434671d2b919ee76fc541025c5876a70?s=96&d=mm&r=g","url":"https:\/\/secure.gravatar.com\/avatar\/6cf0505f452ee753f485014986fab09a434671d2b919ee76fc541025c5876a70?s=96&d=mm&r=g","contentUrl":"https:\/\/secure.gravatar.com\/avatar\/6cf0505f452ee753f485014986fab09a434671d2b919ee76fc541025c5876a70?s=96&d=mm&r=g","caption":"Memurun Sesi Haber Merkezi"},"sameAs":["https:\/\/memurunsesi.net"],"url":"https:\/\/memurunsesi.net\/index.php\/author\/uniper\/"}]}},"_links":{"self":[{"href":"https:\/\/memurunsesi.net\/index.php\/wp-json\/wp\/v2\/posts\/6703","targetHints":{"allow":["GET"]}}],"collection":[{"href":"https:\/\/memurunsesi.net\/index.php\/wp-json\/wp\/v2\/posts"}],"about":[{"href":"https:\/\/memurunsesi.net\/index.php\/wp-json\/wp\/v2\/types\/post"}],"author":[{"embeddable":true,"href":"https:\/\/memurunsesi.net\/index.php\/wp-json\/wp\/v2\/users\/1"}],"replies":[{"embeddable":true,"href":"https:\/\/memurunsesi.net\/index.php\/wp-json\/wp\/v2\/comments?post=6703"}],"version-history":[{"count":1,"href":"https:\/\/memurunsesi.net\/index.php\/wp-json\/wp\/v2\/posts\/6703\/revisions"}],"predecessor-version":[{"id":6705,"href":"https:\/\/memurunsesi.net\/index.php\/wp-json\/wp\/v2\/posts\/6703\/revisions\/6705"}],"wp:featuredmedia":[{"embeddable":true,"href":"https:\/\/memurunsesi.net\/index.php\/wp-json\/wp\/v2\/media\/6704"}],"wp:attachment":[{"href":"https:\/\/memurunsesi.net\/index.php\/wp-json\/wp\/v2\/media?parent=6703"}],"wp:term":[{"taxonomy":"category","embeddable":true,"href":"https:\/\/memurunsesi.net\/index.php\/wp-json\/wp\/v2\/categories?post=6703"},{"taxonomy":"post_tag","embeddable":true,"href":"https:\/\/memurunsesi.net\/index.php\/wp-json\/wp\/v2\/tags?post=6703"}],"curies":[{"name":"wp","href":"https:\/\/api.w.org\/{rel}","templated":true}]}}