{"id":6709,"date":"2025-05-08T20:05:59","date_gmt":"2025-05-08T17:05:59","guid":{"rendered":"https:\/\/memurunsesi.net\/?p=6709"},"modified":"2025-05-08T20:05:59","modified_gmt":"2025-05-08T17:05:59","slug":"mhpden-sokak-roportajlari-icin-kanun-teklifi","status":"publish","type":"post","link":"https:\/\/memurunsesi.net\/index.php\/2025\/05\/08\/mhpden-sokak-roportajlari-icin-kanun-teklifi\/","title":{"rendered":"MHP\u2019den sokak r\u00f6portajlar\u0131 i\u00e7in kanun teklifi"},"content":{"rendered":"<p>\n  &#8211; Milliyet\u00e7i Hareket Partisi (MHP) Medya, \u0130leti\u015fim ve Dijital Mecralardan Sorumlu Genel Ba\u015fkan Yard\u0131mc\u0131s\u0131 ve Kayseri Milletvekili \u0130smail \u00d6zdemir, partisinin sokak r\u00f6portajlar\u0131yla ilgili TBMM\u2019ye kanun teklifi sundu\u011funu a\u00e7\u0131klayarak, &#8220;Bu t\u00fcr r\u00f6portajlar\u0131n bilhassa sosyal medya \u00fczerinden y\u00fcr\u00fct\u00fclen t\u00fcrleri, herhangi bir bas\u0131n kurulu\u015funa ba\u011fl\u0131 olmayan veya bas\u0131n kart\u0131 bulunmayan ki\u015filer taraf\u0131ndan ger\u00e7ekle\u015ftirilmektedir. Oysa bas\u0131n faaliyeti belirli etik kurallara, meslek ilkelerine ve kurumsal denetime tabidir. Yetkisiz ki\u015filerce yap\u0131lan bu t\u00fcr faaliyetlerin, bas\u0131n \u00f6zg\u00fcrl\u00fc\u011f\u00fc kapsam\u0131nda de\u011ferlendirilmesi m\u00fcmk\u00fcn de\u011fildir&#8221; dedi.<br \/>\n  MHP Kayseri Milletvekili \u00d6zdemir, sosyal medya hesab\u0131ndan yapt\u0131\u011f\u0131 payla\u015f\u0131mda, &#8220;Son y\u0131llarda artan \u015fekilde, &#8216;sokak r\u00f6portaj\u0131&#8217; ad\u0131 alt\u0131nda yap\u0131lan baz\u0131 faaliyetler, ger\u00e7ekte \u00f6nceden haz\u0131rlanm\u0131\u015f senaryolarla ve mizansenlerle organize edilmektedir. Bu minvalde ger\u00e7ekle\u015ftirilen i\u00e7eriklerin amac\u0131 do\u011fru bilgiyi almak yada yaymak de\u011fil; toplumda huzursuzluk olu\u015fturmak, halk\u0131 kin ve nefrete y\u00f6nlendirmek, kamu d\u00fczenini bozmak ve dezenformasyon olu\u015fturmakt\u0131r. Bu t\u00fcr r\u00f6portajlar\u0131n bilhassa sosyal medya \u00fczerinden y\u00fcr\u00fct\u00fclen t\u00fcrleri, herhangi bir bas\u0131n kurulu\u015funa ba\u011fl\u0131 olmayan veya bas\u0131n kart\u0131 bulunmayan ki\u015filer taraf\u0131ndan ger\u00e7ekle\u015ftirilmektedir. Oysa bas\u0131n faaliyeti belirli etik kurallara, meslek ilkelerine ve kurumsal denetime tabidir. Yetkisiz ki\u015filerce yap\u0131lan bu t\u00fcr faaliyetlerin, bas\u0131n \u00f6zg\u00fcrl\u00fc\u011f\u00fc kapsam\u0131nda de\u011ferlendirilmesi m\u00fcmk\u00fcn de\u011fildir&#8221; ifadelerine yer verdi.<br \/>\n  \u00d6zdemir\u2019in payla\u015f\u0131m\u0131n\u0131n devam\u0131 \u015f\u00f6yle:<br \/>\n  &#8220;TBMM\u2019ye sundu\u011fumuz kanun teklifiyle, sokak r\u00f6portaj\u0131 ad\u0131 alt\u0131nda yap\u0131lan bu faaliyetlerin kontrol alt\u0131na al\u0131nmas\u0131, yaln\u0131zca yetkilendirilmi\u015f ki\u015filer taraf\u0131ndan ger\u00e7ekle\u015ftirilmesi ve kurallara ayk\u0131r\u0131 davrananlar\u0131n cezai yapt\u0131r\u0131mla kar\u015f\u0131la\u015fmas\u0131 ama\u00e7lanmaktad\u0131r. D\u00fczenlemeden murad\u0131m\u0131z hem bas\u0131n mesle\u011finin itibar\u0131n\u0131 korumak, hem toplumsal huzuru muhafaza etmek, hem de bilgi kirlili\u011fini \u00f6nlemek a\u00e7\u0131s\u0131ndan \u00f6nem ta\u015f\u0131maktad\u0131r.&#8221;  <\/p>\n<p>8.05.2025                                   <\/p>\n","protected":false},"excerpt":{"rendered":"<p>&#8211; Milliyet\u00e7i Hareket Partisi (MHP) Medya, \u0130leti\u015fim ve Dijital Mecralardan Sorumlu Genel Ba\u015fkan Yard\u0131mc\u0131s\u0131 ve Kayseri Milletvekili \u0130smail \u00d6zdemir, partisinin sokak r\u00f6portajlar\u0131yla ilgili TBMM\u2019ye kanun teklifi sundu\u011funu a\u00e7\u0131klayarak, &#8220;Bu t\u00fcr r\u00f6portajlar\u0131n bilhassa sosyal medya \u00fczerinden y\u00fcr\u00fct\u00fclen t\u00fcrleri, herhangi bir bas\u0131n kurulu\u015funa ba\u011fl\u0131 olmayan veya bas\u0131n kart\u0131 bulunmayan ki\u015filer taraf\u0131ndan ger\u00e7ekle\u015ftirilmektedir. Oysa bas\u0131n faaliyeti belirli etik [&hellip;]<\/p>\n","protected":false},"author":1,"featured_media":0,"comment_status":"open","ping_status":"open","sticky":false,"template":"","format":"standard","meta":{"footnotes":""},"categories":[1],"tags":[],"class_list":["post-6709","post","type-post","status-publish","format-standard","hentry","category-genel"],"yoast_head":"<!-- This site is optimized with the Yoast SEO plugin v27.4 - https:\/\/yoast.com\/product\/yoast-seo-wordpress\/ -->\n<title>MHP\u2019den sokak r\u00f6portajlar\u0131 i\u00e7in kanun teklifi - Memurun Sesi<\/title>\n<meta name=\"robots\" content=\"index, follow, max-snippet:-1, max-image-preview:large, max-video-preview:-1\" \/>\n<link rel=\"canonical\" href=\"https:\/\/memurunsesi.net\/index.php\/2025\/05\/08\/mhpden-sokak-roportajlari-icin-kanun-teklifi\/\" \/>\n<meta property=\"og:locale\" content=\"tr_TR\" \/>\n<meta property=\"og:type\" content=\"article\" \/>\n<meta property=\"og:title\" content=\"MHP\u2019den sokak r\u00f6portajlar\u0131 i\u00e7in kanun teklifi - Memurun Sesi\" \/>\n<meta property=\"og:description\" content=\"&#8211; Milliyet\u00e7i Hareket Partisi (MHP) Medya, \u0130leti\u015fim ve Dijital Mecralardan Sorumlu Genel Ba\u015fkan Yard\u0131mc\u0131s\u0131 ve Kayseri Milletvekili \u0130smail \u00d6zdemir, partisinin sokak r\u00f6portajlar\u0131yla ilgili TBMM\u2019ye kanun teklifi sundu\u011funu a\u00e7\u0131klayarak, &#8220;Bu t\u00fcr r\u00f6portajlar\u0131n bilhassa sosyal medya \u00fczerinden y\u00fcr\u00fct\u00fclen t\u00fcrleri, herhangi bir bas\u0131n kurulu\u015funa ba\u011fl\u0131 olmayan veya bas\u0131n kart\u0131 bulunmayan ki\u015filer taraf\u0131ndan ger\u00e7ekle\u015ftirilmektedir. Oysa bas\u0131n faaliyeti belirli etik [&hellip;]\" \/>\n<meta property=\"og:url\" content=\"https:\/\/memurunsesi.net\/index.php\/2025\/05\/08\/mhpden-sokak-roportajlari-icin-kanun-teklifi\/\" \/>\n<meta property=\"og:site_name\" content=\"Memurun Sesi\" \/>\n<meta property=\"article:publisher\" content=\"https:\/\/www.facebook.com\/unipersen\/?locale=tr_TR\" \/>\n<meta property=\"article:published_time\" content=\"2025-05-08T17:05:59+00:00\" \/>\n<meta name=\"author\" content=\"Memurun Sesi Haber Merkezi\" \/>\n<meta name=\"twitter:card\" content=\"summary_large_image\" \/>\n<meta name=\"twitter:creator\" content=\"@unipersen\" \/>\n<meta name=\"twitter:site\" content=\"@unipersen\" \/>\n<meta name=\"twitter:label1\" content=\"Yazan:\" \/>\n\t<meta name=\"twitter:data1\" content=\"Memurun Sesi Haber Merkezi\" \/>\n<script type=\"application\/ld+json\" class=\"yoast-schema-graph\">{\"@context\":\"https:\\\/\\\/schema.org\",\"@graph\":[{\"@type\":\"Article\",\"@id\":\"https:\\\/\\\/memurunsesi.net\\\/index.php\\\/2025\\\/05\\\/08\\\/mhpden-sokak-roportajlari-icin-kanun-teklifi\\\/#article\",\"isPartOf\":{\"@id\":\"https:\\\/\\\/memurunsesi.net\\\/index.php\\\/2025\\\/05\\\/08\\\/mhpden-sokak-roportajlari-icin-kanun-teklifi\\\/\"},\"author\":{\"name\":\"Memurun Sesi Haber Merkezi\",\"@id\":\"https:\\\/\\\/memurunsesi.net\\\/#\\\/schema\\\/person\\\/f21c2d73b89f6ee1d80b0a1803e38587\"},\"headline\":\"MHP\u2019den sokak r\u00f6portajlar\u0131 i\u00e7in kanun teklifi\",\"datePublished\":\"2025-05-08T17:05:59+00:00\",\"mainEntityOfPage\":{\"@id\":\"https:\\\/\\\/memurunsesi.net\\\/index.php\\\/2025\\\/05\\\/08\\\/mhpden-sokak-roportajlari-icin-kanun-teklifi\\\/\"},\"wordCount\":352,\"commentCount\":0,\"publisher\":{\"@id\":\"https:\\\/\\\/memurunsesi.net\\\/#organization\"},\"inLanguage\":\"tr\",\"potentialAction\":[{\"@type\":\"CommentAction\",\"name\":\"Comment\",\"target\":[\"https:\\\/\\\/memurunsesi.net\\\/index.php\\\/2025\\\/05\\\/08\\\/mhpden-sokak-roportajlari-icin-kanun-teklifi\\\/#respond\"]}]},{\"@type\":\"WebPage\",\"@id\":\"https:\\\/\\\/memurunsesi.net\\\/index.php\\\/2025\\\/05\\\/08\\\/mhpden-sokak-roportajlari-icin-kanun-teklifi\\\/\",\"url\":\"https:\\\/\\\/memurunsesi.net\\\/index.php\\\/2025\\\/05\\\/08\\\/mhpden-sokak-roportajlari-icin-kanun-teklifi\\\/\",\"name\":\"MHP\u2019den sokak r\u00f6portajlar\u0131 i\u00e7in kanun teklifi - Memurun Sesi\",\"isPartOf\":{\"@id\":\"https:\\\/\\\/memurunsesi.net\\\/#website\"},\"datePublished\":\"2025-05-08T17:05:59+00:00\",\"breadcrumb\":{\"@id\":\"https:\\\/\\\/memurunsesi.net\\\/index.php\\\/2025\\\/05\\\/08\\\/mhpden-sokak-roportajlari-icin-kanun-teklifi\\\/#breadcrumb\"},\"inLanguage\":\"tr\",\"potentialAction\":[{\"@type\":\"ReadAction\",\"target\":[\"https:\\\/\\\/memurunsesi.net\\\/index.php\\\/2025\\\/05\\\/08\\\/mhpden-sokak-roportajlari-icin-kanun-teklifi\\\/\"]}]},{\"@type\":\"BreadcrumbList\",\"@id\":\"https:\\\/\\\/memurunsesi.net\\\/index.php\\\/2025\\\/05\\\/08\\\/mhpden-sokak-roportajlari-icin-kanun-teklifi\\\/#breadcrumb\",\"itemListElement\":[{\"@type\":\"ListItem\",\"position\":1,\"name\":\"Anasayfa\",\"item\":\"https:\\\/\\\/memurunsesi.net\\\/\"},{\"@type\":\"ListItem\",\"position\":2,\"name\":\"MHP\u2019den sokak r\u00f6portajlar\u0131 i\u00e7in kanun teklifi\"}]},{\"@type\":\"WebSite\",\"@id\":\"https:\\\/\\\/memurunsesi.net\\\/#website\",\"url\":\"https:\\\/\\\/memurunsesi.net\\\/\",\"name\":\"Memurun Sesi\",\"description\":\"G\u00fcncel ve Do\u011fru Haber\",\"publisher\":{\"@id\":\"https:\\\/\\\/memurunsesi.net\\\/#organization\"},\"potentialAction\":[{\"@type\":\"SearchAction\",\"target\":{\"@type\":\"EntryPoint\",\"urlTemplate\":\"https:\\\/\\\/memurunsesi.net\\\/?s={search_term_string}\"},\"query-input\":{\"@type\":\"PropertyValueSpecification\",\"valueRequired\":true,\"valueName\":\"search_term_string\"}}],\"inLanguage\":\"tr\"},{\"@type\":\"Organization\",\"@id\":\"https:\\\/\\\/memurunsesi.net\\\/#organization\",\"name\":\"Memurun Sesi\",\"url\":\"https:\\\/\\\/memurunsesi.net\\\/\",\"logo\":{\"@type\":\"ImageObject\",\"inLanguage\":\"tr\",\"@id\":\"https:\\\/\\\/memurunsesi.net\\\/#\\\/schema\\\/logo\\\/image\\\/\",\"url\":\"https:\\\/\\\/memurunsesi.net\\\/wp-content\\\/uploads\\\/2025\\\/11\\\/cropped-MEMURUN-SESI.png\",\"contentUrl\":\"https:\\\/\\\/memurunsesi.net\\\/wp-content\\\/uploads\\\/2025\\\/11\\\/cropped-MEMURUN-SESI.png\",\"width\":238,\"height\":57,\"caption\":\"Memurun Sesi\"},\"image\":{\"@id\":\"https:\\\/\\\/memurunsesi.net\\\/#\\\/schema\\\/logo\\\/image\\\/\"},\"sameAs\":[\"https:\\\/\\\/www.facebook.com\\\/unipersen\\\/?locale=tr_TR\",\"https:\\\/\\\/x.com\\\/unipersen\"]},{\"@type\":\"Person\",\"@id\":\"https:\\\/\\\/memurunsesi.net\\\/#\\\/schema\\\/person\\\/f21c2d73b89f6ee1d80b0a1803e38587\",\"name\":\"Memurun Sesi Haber Merkezi\",\"image\":{\"@type\":\"ImageObject\",\"inLanguage\":\"tr\",\"@id\":\"https:\\\/\\\/secure.gravatar.com\\\/avatar\\\/6cf0505f452ee753f485014986fab09a434671d2b919ee76fc541025c5876a70?s=96&d=mm&r=g\",\"url\":\"https:\\\/\\\/secure.gravatar.com\\\/avatar\\\/6cf0505f452ee753f485014986fab09a434671d2b919ee76fc541025c5876a70?s=96&d=mm&r=g\",\"contentUrl\":\"https:\\\/\\\/secure.gravatar.com\\\/avatar\\\/6cf0505f452ee753f485014986fab09a434671d2b919ee76fc541025c5876a70?s=96&d=mm&r=g\",\"caption\":\"Memurun Sesi Haber Merkezi\"},\"sameAs\":[\"https:\\\/\\\/memurunsesi.net\"],\"url\":\"https:\\\/\\\/memurunsesi.net\\\/index.php\\\/author\\\/uniper\\\/\"}]}<\/script>\n<!-- \/ Yoast SEO plugin. -->","yoast_head_json":{"title":"MHP\u2019den sokak r\u00f6portajlar\u0131 i\u00e7in kanun teklifi - Memurun Sesi","robots":{"index":"index","follow":"follow","max-snippet":"max-snippet:-1","max-image-preview":"max-image-preview:large","max-video-preview":"max-video-preview:-1"},"canonical":"https:\/\/memurunsesi.net\/index.php\/2025\/05\/08\/mhpden-sokak-roportajlari-icin-kanun-teklifi\/","og_locale":"tr_TR","og_type":"article","og_title":"MHP\u2019den sokak r\u00f6portajlar\u0131 i\u00e7in kanun teklifi - Memurun Sesi","og_description":"&#8211; Milliyet\u00e7i Hareket Partisi (MHP) Medya, \u0130leti\u015fim ve Dijital Mecralardan Sorumlu Genel Ba\u015fkan Yard\u0131mc\u0131s\u0131 ve Kayseri Milletvekili \u0130smail \u00d6zdemir, partisinin sokak r\u00f6portajlar\u0131yla ilgili TBMM\u2019ye kanun teklifi sundu\u011funu a\u00e7\u0131klayarak, &#8220;Bu t\u00fcr r\u00f6portajlar\u0131n bilhassa sosyal medya \u00fczerinden y\u00fcr\u00fct\u00fclen t\u00fcrleri, herhangi bir bas\u0131n kurulu\u015funa ba\u011fl\u0131 olmayan veya bas\u0131n kart\u0131 bulunmayan ki\u015filer taraf\u0131ndan ger\u00e7ekle\u015ftirilmektedir. Oysa bas\u0131n faaliyeti belirli etik [&hellip;]","og_url":"https:\/\/memurunsesi.net\/index.php\/2025\/05\/08\/mhpden-sokak-roportajlari-icin-kanun-teklifi\/","og_site_name":"Memurun Sesi","article_publisher":"https:\/\/www.facebook.com\/unipersen\/?locale=tr_TR","article_published_time":"2025-05-08T17:05:59+00:00","author":"Memurun Sesi Haber Merkezi","twitter_card":"summary_large_image","twitter_creator":"@unipersen","twitter_site":"@unipersen","twitter_misc":{"Yazan:":"Memurun Sesi Haber Merkezi"},"schema":{"@context":"https:\/\/schema.org","@graph":[{"@type":"Article","@id":"https:\/\/memurunsesi.net\/index.php\/2025\/05\/08\/mhpden-sokak-roportajlari-icin-kanun-teklifi\/#article","isPartOf":{"@id":"https:\/\/memurunsesi.net\/index.php\/2025\/05\/08\/mhpden-sokak-roportajlari-icin-kanun-teklifi\/"},"author":{"name":"Memurun Sesi Haber Merkezi","@id":"https:\/\/memurunsesi.net\/#\/schema\/person\/f21c2d73b89f6ee1d80b0a1803e38587"},"headline":"MHP\u2019den sokak r\u00f6portajlar\u0131 i\u00e7in kanun teklifi","datePublished":"2025-05-08T17:05:59+00:00","mainEntityOfPage":{"@id":"https:\/\/memurunsesi.net\/index.php\/2025\/05\/08\/mhpden-sokak-roportajlari-icin-kanun-teklifi\/"},"wordCount":352,"commentCount":0,"publisher":{"@id":"https:\/\/memurunsesi.net\/#organization"},"inLanguage":"tr","potentialAction":[{"@type":"CommentAction","name":"Comment","target":["https:\/\/memurunsesi.net\/index.php\/2025\/05\/08\/mhpden-sokak-roportajlari-icin-kanun-teklifi\/#respond"]}]},{"@type":"WebPage","@id":"https:\/\/memurunsesi.net\/index.php\/2025\/05\/08\/mhpden-sokak-roportajlari-icin-kanun-teklifi\/","url":"https:\/\/memurunsesi.net\/index.php\/2025\/05\/08\/mhpden-sokak-roportajlari-icin-kanun-teklifi\/","name":"MHP\u2019den sokak r\u00f6portajlar\u0131 i\u00e7in kanun teklifi - Memurun Sesi","isPartOf":{"@id":"https:\/\/memurunsesi.net\/#website"},"datePublished":"2025-05-08T17:05:59+00:00","breadcrumb":{"@id":"https:\/\/memurunsesi.net\/index.php\/2025\/05\/08\/mhpden-sokak-roportajlari-icin-kanun-teklifi\/#breadcrumb"},"inLanguage":"tr","potentialAction":[{"@type":"ReadAction","target":["https:\/\/memurunsesi.net\/index.php\/2025\/05\/08\/mhpden-sokak-roportajlari-icin-kanun-teklifi\/"]}]},{"@type":"BreadcrumbList","@id":"https:\/\/memurunsesi.net\/index.php\/2025\/05\/08\/mhpden-sokak-roportajlari-icin-kanun-teklifi\/#breadcrumb","itemListElement":[{"@type":"ListItem","position":1,"name":"Anasayfa","item":"https:\/\/memurunsesi.net\/"},{"@type":"ListItem","position":2,"name":"MHP\u2019den sokak r\u00f6portajlar\u0131 i\u00e7in kanun teklifi"}]},{"@type":"WebSite","@id":"https:\/\/memurunsesi.net\/#website","url":"https:\/\/memurunsesi.net\/","name":"Memurun Sesi","description":"G\u00fcncel ve Do\u011fru Haber","publisher":{"@id":"https:\/\/memurunsesi.net\/#organization"},"potentialAction":[{"@type":"SearchAction","target":{"@type":"EntryPoint","urlTemplate":"https:\/\/memurunsesi.net\/?s={search_term_string}"},"query-input":{"@type":"PropertyValueSpecification","valueRequired":true,"valueName":"search_term_string"}}],"inLanguage":"tr"},{"@type":"Organization","@id":"https:\/\/memurunsesi.net\/#organization","name":"Memurun Sesi","url":"https:\/\/memurunsesi.net\/","logo":{"@type":"ImageObject","inLanguage":"tr","@id":"https:\/\/memurunsesi.net\/#\/schema\/logo\/image\/","url":"https:\/\/memurunsesi.net\/wp-content\/uploads\/2025\/11\/cropped-MEMURUN-SESI.png","contentUrl":"https:\/\/memurunsesi.net\/wp-content\/uploads\/2025\/11\/cropped-MEMURUN-SESI.png","width":238,"height":57,"caption":"Memurun Sesi"},"image":{"@id":"https:\/\/memurunsesi.net\/#\/schema\/logo\/image\/"},"sameAs":["https:\/\/www.facebook.com\/unipersen\/?locale=tr_TR","https:\/\/x.com\/unipersen"]},{"@type":"Person","@id":"https:\/\/memurunsesi.net\/#\/schema\/person\/f21c2d73b89f6ee1d80b0a1803e38587","name":"Memurun Sesi Haber Merkezi","image":{"@type":"ImageObject","inLanguage":"tr","@id":"https:\/\/secure.gravatar.com\/avatar\/6cf0505f452ee753f485014986fab09a434671d2b919ee76fc541025c5876a70?s=96&d=mm&r=g","url":"https:\/\/secure.gravatar.com\/avatar\/6cf0505f452ee753f485014986fab09a434671d2b919ee76fc541025c5876a70?s=96&d=mm&r=g","contentUrl":"https:\/\/secure.gravatar.com\/avatar\/6cf0505f452ee753f485014986fab09a434671d2b919ee76fc541025c5876a70?s=96&d=mm&r=g","caption":"Memurun Sesi Haber Merkezi"},"sameAs":["https:\/\/memurunsesi.net"],"url":"https:\/\/memurunsesi.net\/index.php\/author\/uniper\/"}]}},"_links":{"self":[{"href":"https:\/\/memurunsesi.net\/index.php\/wp-json\/wp\/v2\/posts\/6709","targetHints":{"allow":["GET"]}}],"collection":[{"href":"https:\/\/memurunsesi.net\/index.php\/wp-json\/wp\/v2\/posts"}],"about":[{"href":"https:\/\/memurunsesi.net\/index.php\/wp-json\/wp\/v2\/types\/post"}],"author":[{"embeddable":true,"href":"https:\/\/memurunsesi.net\/index.php\/wp-json\/wp\/v2\/users\/1"}],"replies":[{"embeddable":true,"href":"https:\/\/memurunsesi.net\/index.php\/wp-json\/wp\/v2\/comments?post=6709"}],"version-history":[{"count":1,"href":"https:\/\/memurunsesi.net\/index.php\/wp-json\/wp\/v2\/posts\/6709\/revisions"}],"predecessor-version":[{"id":6710,"href":"https:\/\/memurunsesi.net\/index.php\/wp-json\/wp\/v2\/posts\/6709\/revisions\/6710"}],"wp:attachment":[{"href":"https:\/\/memurunsesi.net\/index.php\/wp-json\/wp\/v2\/media?parent=6709"}],"wp:term":[{"taxonomy":"category","embeddable":true,"href":"https:\/\/memurunsesi.net\/index.php\/wp-json\/wp\/v2\/categories?post=6709"},{"taxonomy":"post_tag","embeddable":true,"href":"https:\/\/memurunsesi.net\/index.php\/wp-json\/wp\/v2\/tags?post=6709"}],"curies":[{"name":"wp","href":"https:\/\/api.w.org\/{rel}","templated":true}]}}