{"id":6725,"date":"2025-05-08T20:15:19","date_gmt":"2025-05-08T17:15:19","guid":{"rendered":"https:\/\/memurunsesi.net\/?p=6725"},"modified":"2025-05-08T20:15:19","modified_gmt":"2025-05-08T17:15:19","slug":"peruda-altin-madalya-kazanan-genc-halterci-ramazan-efe-yilmaz-ciceklerle-karsilandi","status":"publish","type":"post","link":"https:\/\/memurunsesi.net\/index.php\/2025\/05\/08\/peruda-altin-madalya-kazanan-genc-halterci-ramazan-efe-yilmaz-ciceklerle-karsilandi\/","title":{"rendered":"Peru&#8217;da alt\u0131n madalya kazanan gen\u00e7 halterci Ramazan Efe Y\u0131lmaz, \u00e7i\u00e7eklerle kar\u015f\u0131land\u0131"},"content":{"rendered":"<p>\n &#8211; Peru&#8217;da d\u00fczenlenen D\u00fcnya Y\u0131ld\u0131zlar ve Gen\u00e7ler Halter \u015eampiyonas\u0131&#8217;nda y\u0131ld\u0131z erkekler kategorisinde 61 kiloda silkmede 153 kiloyla alt\u0131n, toplamda ise 261 kiloyla g\u00fcm\u00fc\u015f madalya kazanan milli halterci Ramazan Efe Y\u0131lmaz, \u00e7i\u00e7eklerle kar\u015f\u0131land\u0131.<br \/>\n  Peru&#8217;nun ba\u015fkenti Lima&#8217;da d\u00fczenlenen D\u00fcnya Y\u0131ld\u0131zlar ve Gen\u00e7ler Halter \u015eampiyonas\u0131&#8217;nda y\u0131ld\u0131z erkekler kategorisinde 61 kiloda silkmede 153 kiloyla alt\u0131n, toplamda ise 261 kiloyla g\u00fcm\u00fc\u015f madalya kazanan \u00c7ank\u0131r\u0131 \u015eehit Mehmet Ata Tar\u0131m Mesleki ve Teknik Anadolu Lisesi \u00f6\u011frencisi ve milli halterci Ramazan Efe Y\u0131lmaz i\u00e7in Esenbo\u011fa Havaliman\u0131&#8217;nda kar\u015f\u0131lama t\u00f6reni d\u00fczenlendi. Sporcunun ailesi, arkada\u015flar\u0131, sporcular\u0131n ve \u00c7ank\u0131r\u0131 protokol\u00fcn\u00fcn kat\u0131ld\u0131\u011f\u0131 t\u00f6rende, d\u00fcnya \u015fampiyonu Ramazan Ege Y\u0131lmaz, \u00e7i\u00e7eklerle kar\u015f\u0131land\u0131. <\/p>\n<p>  Ramazan Efe Y\u0131lmaz: &#8220;Bir sonraki hedefim, in\u015fallah ileriki yar\u0131\u015flarda \u00fclkemizi daha da iyi temsil etmek&#8221;<br \/>\n  Hedefinin T\u00fcrkiye&#8217;yi daha iyi temsil etmek oldu\u011funu s\u00f6yleyen Ramazan Efe Y\u0131lmaz, &#8220;Akl\u0131mda Avrupa rekoru vard\u0131 ama ge\u00e7irdi\u011fim t\u00fcm yar\u0131\u015flarda aralar\u0131ndan en iyisi buydu. Bana destek veren hocalar\u0131ma ve m\u00fcd\u00fcrlerimize \u00e7ok te\u015fekk\u00fcr ederim. Bir sonraki hedefim, in\u015fallah ileriki yar\u0131\u015flarda \u00fclkemizi daha da iyi temsil etmek. Her sporcunun hedefi oldu\u011fu gibi olimpiyatlarda alt\u0131n madalya kazanmak istiyorum&#8221; dedi. <\/p>\n<p>  Muammer \u00d6zt\u00fcrk: &#8220;Sporcumuzun ve \u00f6\u011frencimizin daha nice ba\u015far\u0131lara imza ataca\u011f\u0131na inan\u0131yoruz&#8221;<br \/>\n  Y\u0131lmaz ile gurur duyduklar\u0131n s\u00f6yleyen \u0130l Milli E\u011fitim M\u00fcd\u00fcr\u00fc Muammer \u00d6zt\u00fcrk de, &#8220;\u00dclkemizin bayra\u011f\u0131n\u0131 d\u00fcnyan\u0131n d\u00f6rt bir yan\u0131nda dalgaland\u0131racak gibi g\u00f6r\u00fcn\u00fcyor. Biz kendisi ile gurur duyuyoruz. Daha nice sporcular\u0131m\u0131z\u0131n da yeti\u015fmesini arzu ediyoruz. Eme\u011fi ge\u00e7en herkese te\u015fekk\u00fcr ediyorum. Bizim g\u00f6\u011fs\u00fcm\u00fcz millet olarak kabard\u0131. Sporcumuzun ve \u00f6\u011frencimizin daha nice ba\u015far\u0131lara imza ataca\u011f\u0131na inan\u0131yoruz. Yolu baht\u0131 a\u00e7\u0131k olsun&#8221; diye konu\u015ftu.<br \/>\n  Sporcunun ba\u015far\u0131s\u0131ndan dolay\u0131 mutlulu\u011funu dile getiren Gen\u00e7lik ve Spor \u0130l M\u00fcd\u00fcr\u00fc Sad\u0131k Ak ise, &#8220;\u015eu ada \u00e7ok gururlu ve \u00e7ok mutluyuz. Sporcumuzun, hem ilimizi hem de T\u00fcrkiyemizi d\u00fcnyada temsil etmesi bizi \u00e7ok gururland\u0131rd\u0131&#8221; ifadelerini kulland\u0131. <\/p>\n<p>8.05.2025                                <\/p>\n","protected":false},"excerpt":{"rendered":"<p>&#8211; Peru&#8217;da d\u00fczenlenen D\u00fcnya Y\u0131ld\u0131zlar ve Gen\u00e7ler Halter \u015eampiyonas\u0131&#8217;nda y\u0131ld\u0131z erkekler kategorisinde 61 kiloda silkmede 153 kiloyla alt\u0131n, toplamda ise 261 kiloyla g\u00fcm\u00fc\u015f madalya kazanan milli halterci Ramazan Efe Y\u0131lmaz, \u00e7i\u00e7eklerle kar\u015f\u0131land\u0131. Peru&#8217;nun ba\u015fkenti Lima&#8217;da d\u00fczenlenen D\u00fcnya Y\u0131ld\u0131zlar ve Gen\u00e7ler Halter \u015eampiyonas\u0131&#8217;nda y\u0131ld\u0131z erkekler kategorisinde 61 kiloda silkmede 153 kiloyla alt\u0131n, toplamda ise 261 kiloyla [&hellip;]<\/p>\n","protected":false},"author":1,"featured_media":6726,"comment_status":"open","ping_status":"open","sticky":false,"template":"","format":"standard","meta":{"footnotes":""},"categories":[57],"tags":[],"class_list":["post-6725","post","type-post","status-publish","format-standard","has-post-thumbnail","hentry","category-spor"],"yoast_head":"<!-- This site is optimized with the Yoast SEO plugin v27.4 - https:\/\/yoast.com\/product\/yoast-seo-wordpress\/ -->\n<title>Peru&#039;da alt\u0131n madalya kazanan gen\u00e7 halterci Ramazan Efe Y\u0131lmaz, \u00e7i\u00e7eklerle kar\u015f\u0131land\u0131 - Memurun Sesi<\/title>\n<meta name=\"robots\" content=\"index, follow, max-snippet:-1, max-image-preview:large, max-video-preview:-1\" \/>\n<link rel=\"canonical\" href=\"https:\/\/memurunsesi.net\/index.php\/2025\/05\/08\/peruda-altin-madalya-kazanan-genc-halterci-ramazan-efe-yilmaz-ciceklerle-karsilandi\/\" \/>\n<meta property=\"og:locale\" content=\"tr_TR\" \/>\n<meta property=\"og:type\" content=\"article\" \/>\n<meta property=\"og:title\" content=\"Peru&#039;da alt\u0131n madalya kazanan gen\u00e7 halterci Ramazan Efe Y\u0131lmaz, \u00e7i\u00e7eklerle kar\u015f\u0131land\u0131 - Memurun Sesi\" \/>\n<meta property=\"og:description\" content=\"&#8211; Peru&#8217;da d\u00fczenlenen D\u00fcnya Y\u0131ld\u0131zlar ve Gen\u00e7ler Halter \u015eampiyonas\u0131&#8217;nda y\u0131ld\u0131z erkekler kategorisinde 61 kiloda silkmede 153 kiloyla alt\u0131n, toplamda ise 261 kiloyla g\u00fcm\u00fc\u015f madalya kazanan milli halterci Ramazan Efe Y\u0131lmaz, \u00e7i\u00e7eklerle kar\u015f\u0131land\u0131. Peru&#8217;nun ba\u015fkenti Lima&#8217;da d\u00fczenlenen D\u00fcnya Y\u0131ld\u0131zlar ve Gen\u00e7ler Halter \u015eampiyonas\u0131&#8217;nda y\u0131ld\u0131z erkekler kategorisinde 61 kiloda silkmede 153 kiloyla alt\u0131n, toplamda ise 261 kiloyla [&hellip;]\" \/>\n<meta property=\"og:url\" content=\"https:\/\/memurunsesi.net\/index.php\/2025\/05\/08\/peruda-altin-madalya-kazanan-genc-halterci-ramazan-efe-yilmaz-ciceklerle-karsilandi\/\" \/>\n<meta property=\"og:site_name\" content=\"Memurun Sesi\" \/>\n<meta property=\"article:publisher\" content=\"https:\/\/www.facebook.com\/unipersen\/?locale=tr_TR\" \/>\n<meta property=\"article:published_time\" content=\"2025-05-08T17:15:19+00:00\" \/>\n<meta property=\"og:image\" content=\"https:\/\/memurunsesi.net\/wp-content\/uploads\/2025\/05\/AW450064_01.jpg\" \/>\n\t<meta property=\"og:image:width\" content=\"1600\" \/>\n\t<meta property=\"og:image:height\" content=\"1066\" \/>\n\t<meta property=\"og:image:type\" content=\"image\/jpeg\" \/>\n<meta name=\"author\" content=\"Memurun Sesi Haber Merkezi\" \/>\n<meta name=\"twitter:card\" content=\"summary_large_image\" \/>\n<meta name=\"twitter:creator\" content=\"@unipersen\" \/>\n<meta name=\"twitter:site\" content=\"@unipersen\" \/>\n<meta name=\"twitter:label1\" content=\"Yazan:\" \/>\n\t<meta name=\"twitter:data1\" content=\"Memurun Sesi Haber Merkezi\" \/>\n\t<meta name=\"twitter:label2\" content=\"Tahmini okuma s\u00fcresi\" \/>\n\t<meta name=\"twitter:data2\" content=\"1 dakika\" \/>\n<script type=\"application\/ld+json\" class=\"yoast-schema-graph\">{\"@context\":\"https:\\\/\\\/schema.org\",\"@graph\":[{\"@type\":\"Article\",\"@id\":\"https:\\\/\\\/memurunsesi.net\\\/index.php\\\/2025\\\/05\\\/08\\\/peruda-altin-madalya-kazanan-genc-halterci-ramazan-efe-yilmaz-ciceklerle-karsilandi\\\/#article\",\"isPartOf\":{\"@id\":\"https:\\\/\\\/memurunsesi.net\\\/index.php\\\/2025\\\/05\\\/08\\\/peruda-altin-madalya-kazanan-genc-halterci-ramazan-efe-yilmaz-ciceklerle-karsilandi\\\/\"},\"author\":{\"name\":\"Memurun Sesi Haber Merkezi\",\"@id\":\"https:\\\/\\\/memurunsesi.net\\\/#\\\/schema\\\/person\\\/f21c2d73b89f6ee1d80b0a1803e38587\"},\"headline\":\"Peru&#8217;da alt\u0131n madalya kazanan gen\u00e7 halterci Ramazan Efe Y\u0131lmaz, \u00e7i\u00e7eklerle kar\u015f\u0131land\u0131\",\"datePublished\":\"2025-05-08T17:15:19+00:00\",\"mainEntityOfPage\":{\"@id\":\"https:\\\/\\\/memurunsesi.net\\\/index.php\\\/2025\\\/05\\\/08\\\/peruda-altin-madalya-kazanan-genc-halterci-ramazan-efe-yilmaz-ciceklerle-karsilandi\\\/\"},\"wordCount\":400,\"commentCount\":0,\"publisher\":{\"@id\":\"https:\\\/\\\/memurunsesi.net\\\/#organization\"},\"image\":{\"@id\":\"https:\\\/\\\/memurunsesi.net\\\/index.php\\\/2025\\\/05\\\/08\\\/peruda-altin-madalya-kazanan-genc-halterci-ramazan-efe-yilmaz-ciceklerle-karsilandi\\\/#primaryimage\"},\"thumbnailUrl\":\"https:\\\/\\\/memurunsesi.net\\\/wp-content\\\/uploads\\\/2025\\\/05\\\/AW450064_01.jpg\",\"articleSection\":[\"Spor\"],\"inLanguage\":\"tr\",\"potentialAction\":[{\"@type\":\"CommentAction\",\"name\":\"Comment\",\"target\":[\"https:\\\/\\\/memurunsesi.net\\\/index.php\\\/2025\\\/05\\\/08\\\/peruda-altin-madalya-kazanan-genc-halterci-ramazan-efe-yilmaz-ciceklerle-karsilandi\\\/#respond\"]}]},{\"@type\":\"WebPage\",\"@id\":\"https:\\\/\\\/memurunsesi.net\\\/index.php\\\/2025\\\/05\\\/08\\\/peruda-altin-madalya-kazanan-genc-halterci-ramazan-efe-yilmaz-ciceklerle-karsilandi\\\/\",\"url\":\"https:\\\/\\\/memurunsesi.net\\\/index.php\\\/2025\\\/05\\\/08\\\/peruda-altin-madalya-kazanan-genc-halterci-ramazan-efe-yilmaz-ciceklerle-karsilandi\\\/\",\"name\":\"Peru'da alt\u0131n madalya kazanan gen\u00e7 halterci Ramazan Efe Y\u0131lmaz, \u00e7i\u00e7eklerle kar\u015f\u0131land\u0131 - Memurun Sesi\",\"isPartOf\":{\"@id\":\"https:\\\/\\\/memurunsesi.net\\\/#website\"},\"primaryImageOfPage\":{\"@id\":\"https:\\\/\\\/memurunsesi.net\\\/index.php\\\/2025\\\/05\\\/08\\\/peruda-altin-madalya-kazanan-genc-halterci-ramazan-efe-yilmaz-ciceklerle-karsilandi\\\/#primaryimage\"},\"image\":{\"@id\":\"https:\\\/\\\/memurunsesi.net\\\/index.php\\\/2025\\\/05\\\/08\\\/peruda-altin-madalya-kazanan-genc-halterci-ramazan-efe-yilmaz-ciceklerle-karsilandi\\\/#primaryimage\"},\"thumbnailUrl\":\"https:\\\/\\\/memurunsesi.net\\\/wp-content\\\/uploads\\\/2025\\\/05\\\/AW450064_01.jpg\",\"datePublished\":\"2025-05-08T17:15:19+00:00\",\"breadcrumb\":{\"@id\":\"https:\\\/\\\/memurunsesi.net\\\/index.php\\\/2025\\\/05\\\/08\\\/peruda-altin-madalya-kazanan-genc-halterci-ramazan-efe-yilmaz-ciceklerle-karsilandi\\\/#breadcrumb\"},\"inLanguage\":\"tr\",\"potentialAction\":[{\"@type\":\"ReadAction\",\"target\":[\"https:\\\/\\\/memurunsesi.net\\\/index.php\\\/2025\\\/05\\\/08\\\/peruda-altin-madalya-kazanan-genc-halterci-ramazan-efe-yilmaz-ciceklerle-karsilandi\\\/\"]}]},{\"@type\":\"ImageObject\",\"inLanguage\":\"tr\",\"@id\":\"https:\\\/\\\/memurunsesi.net\\\/index.php\\\/2025\\\/05\\\/08\\\/peruda-altin-madalya-kazanan-genc-halterci-ramazan-efe-yilmaz-ciceklerle-karsilandi\\\/#primaryimage\",\"url\":\"https:\\\/\\\/memurunsesi.net\\\/wp-content\\\/uploads\\\/2025\\\/05\\\/AW450064_01.jpg\",\"contentUrl\":\"https:\\\/\\\/memurunsesi.net\\\/wp-content\\\/uploads\\\/2025\\\/05\\\/AW450064_01.jpg\",\"width\":1600,\"height\":1066,\"caption\":\"PERU'DA D\u00dcZENLENEN D\u00dcNYA YILDIZLAR VE GEN\u00c7LER HALTER \u015eAMP\u0130YONASI'NDA YILDIZ ERKEKLER KATEGOR\u0130S\u0130NDE 61 K\u0130LODA S\u0130LKMEDE 153 K\u0130LOYLA ALTIN, TOPLAMDA \u0130SE 261 K\u0130LOYLA G\u00dcM\u00dc\u015e MADALYA KAZANAN M\u0130LL\u0130 HALTERC\u0130 RAMAZAN EFE YILMAZ, \u00c7\u0130\u00c7EKLERLE KAR\u015eILANDI. (BED\u0130RHAN G\u00d6KSU\\\/\u00c7ANKIRI-\u0130HA) Peru'da d\u00fczenlenen D\u00fcnya Y\u0131ld\u0131zlar ve Gen\u00e7ler Halter \u015eampiyonas\u0131'nda y\u0131ld\u0131z erkekler kategorisinde 61 kiloda silkmede 153 kiloyla alt\u0131n, toplamda ise 261 kiloyla g\u00fcm\u00fc\u015f madalya kazanan milli halterci Ramazan Efe Y\u0131lmaz, \u00e7i\u00e7eklerle kar\u015f\u0131land\u0131.\"},{\"@type\":\"BreadcrumbList\",\"@id\":\"https:\\\/\\\/memurunsesi.net\\\/index.php\\\/2025\\\/05\\\/08\\\/peruda-altin-madalya-kazanan-genc-halterci-ramazan-efe-yilmaz-ciceklerle-karsilandi\\\/#breadcrumb\",\"itemListElement\":[{\"@type\":\"ListItem\",\"position\":1,\"name\":\"Anasayfa\",\"item\":\"https:\\\/\\\/memurunsesi.net\\\/\"},{\"@type\":\"ListItem\",\"position\":2,\"name\":\"Peru&#8217;da alt\u0131n madalya kazanan gen\u00e7 halterci Ramazan Efe Y\u0131lmaz, \u00e7i\u00e7eklerle kar\u015f\u0131land\u0131\"}]},{\"@type\":\"WebSite\",\"@id\":\"https:\\\/\\\/memurunsesi.net\\\/#website\",\"url\":\"https:\\\/\\\/memurunsesi.net\\\/\",\"name\":\"Memurun Sesi\",\"description\":\"G\u00fcncel ve Do\u011fru Haber\",\"publisher\":{\"@id\":\"https:\\\/\\\/memurunsesi.net\\\/#organization\"},\"potentialAction\":[{\"@type\":\"SearchAction\",\"target\":{\"@type\":\"EntryPoint\",\"urlTemplate\":\"https:\\\/\\\/memurunsesi.net\\\/?s={search_term_string}\"},\"query-input\":{\"@type\":\"PropertyValueSpecification\",\"valueRequired\":true,\"valueName\":\"search_term_string\"}}],\"inLanguage\":\"tr\"},{\"@type\":\"Organization\",\"@id\":\"https:\\\/\\\/memurunsesi.net\\\/#organization\",\"name\":\"Memurun Sesi\",\"url\":\"https:\\\/\\\/memurunsesi.net\\\/\",\"logo\":{\"@type\":\"ImageObject\",\"inLanguage\":\"tr\",\"@id\":\"https:\\\/\\\/memurunsesi.net\\\/#\\\/schema\\\/logo\\\/image\\\/\",\"url\":\"https:\\\/\\\/memurunsesi.net\\\/wp-content\\\/uploads\\\/2025\\\/11\\\/cropped-MEMURUN-SESI.png\",\"contentUrl\":\"https:\\\/\\\/memurunsesi.net\\\/wp-content\\\/uploads\\\/2025\\\/11\\\/cropped-MEMURUN-SESI.png\",\"width\":238,\"height\":57,\"caption\":\"Memurun Sesi\"},\"image\":{\"@id\":\"https:\\\/\\\/memurunsesi.net\\\/#\\\/schema\\\/logo\\\/image\\\/\"},\"sameAs\":[\"https:\\\/\\\/www.facebook.com\\\/unipersen\\\/?locale=tr_TR\",\"https:\\\/\\\/x.com\\\/unipersen\"]},{\"@type\":\"Person\",\"@id\":\"https:\\\/\\\/memurunsesi.net\\\/#\\\/schema\\\/person\\\/f21c2d73b89f6ee1d80b0a1803e38587\",\"name\":\"Memurun Sesi Haber Merkezi\",\"image\":{\"@type\":\"ImageObject\",\"inLanguage\":\"tr\",\"@id\":\"https:\\\/\\\/secure.gravatar.com\\\/avatar\\\/6cf0505f452ee753f485014986fab09a434671d2b919ee76fc541025c5876a70?s=96&d=mm&r=g\",\"url\":\"https:\\\/\\\/secure.gravatar.com\\\/avatar\\\/6cf0505f452ee753f485014986fab09a434671d2b919ee76fc541025c5876a70?s=96&d=mm&r=g\",\"contentUrl\":\"https:\\\/\\\/secure.gravatar.com\\\/avatar\\\/6cf0505f452ee753f485014986fab09a434671d2b919ee76fc541025c5876a70?s=96&d=mm&r=g\",\"caption\":\"Memurun Sesi Haber Merkezi\"},\"sameAs\":[\"https:\\\/\\\/memurunsesi.net\"],\"url\":\"https:\\\/\\\/memurunsesi.net\\\/index.php\\\/author\\\/uniper\\\/\"}]}<\/script>\n<!-- \/ Yoast SEO plugin. -->","yoast_head_json":{"title":"Peru'da alt\u0131n madalya kazanan gen\u00e7 halterci Ramazan Efe Y\u0131lmaz, \u00e7i\u00e7eklerle kar\u015f\u0131land\u0131 - Memurun Sesi","robots":{"index":"index","follow":"follow","max-snippet":"max-snippet:-1","max-image-preview":"max-image-preview:large","max-video-preview":"max-video-preview:-1"},"canonical":"https:\/\/memurunsesi.net\/index.php\/2025\/05\/08\/peruda-altin-madalya-kazanan-genc-halterci-ramazan-efe-yilmaz-ciceklerle-karsilandi\/","og_locale":"tr_TR","og_type":"article","og_title":"Peru'da alt\u0131n madalya kazanan gen\u00e7 halterci Ramazan Efe Y\u0131lmaz, \u00e7i\u00e7eklerle kar\u015f\u0131land\u0131 - Memurun Sesi","og_description":"&#8211; Peru&#8217;da d\u00fczenlenen D\u00fcnya Y\u0131ld\u0131zlar ve Gen\u00e7ler Halter \u015eampiyonas\u0131&#8217;nda y\u0131ld\u0131z erkekler kategorisinde 61 kiloda silkmede 153 kiloyla alt\u0131n, toplamda ise 261 kiloyla g\u00fcm\u00fc\u015f madalya kazanan milli halterci Ramazan Efe Y\u0131lmaz, \u00e7i\u00e7eklerle kar\u015f\u0131land\u0131. Peru&#8217;nun ba\u015fkenti Lima&#8217;da d\u00fczenlenen D\u00fcnya Y\u0131ld\u0131zlar ve Gen\u00e7ler Halter \u015eampiyonas\u0131&#8217;nda y\u0131ld\u0131z erkekler kategorisinde 61 kiloda silkmede 153 kiloyla alt\u0131n, toplamda ise 261 kiloyla [&hellip;]","og_url":"https:\/\/memurunsesi.net\/index.php\/2025\/05\/08\/peruda-altin-madalya-kazanan-genc-halterci-ramazan-efe-yilmaz-ciceklerle-karsilandi\/","og_site_name":"Memurun Sesi","article_publisher":"https:\/\/www.facebook.com\/unipersen\/?locale=tr_TR","article_published_time":"2025-05-08T17:15:19+00:00","og_image":[{"width":1600,"height":1066,"url":"https:\/\/memurunsesi.net\/wp-content\/uploads\/2025\/05\/AW450064_01.jpg","type":"image\/jpeg"}],"author":"Memurun Sesi Haber Merkezi","twitter_card":"summary_large_image","twitter_creator":"@unipersen","twitter_site":"@unipersen","twitter_misc":{"Yazan:":"Memurun Sesi Haber Merkezi","Tahmini okuma s\u00fcresi":"1 dakika"},"schema":{"@context":"https:\/\/schema.org","@graph":[{"@type":"Article","@id":"https:\/\/memurunsesi.net\/index.php\/2025\/05\/08\/peruda-altin-madalya-kazanan-genc-halterci-ramazan-efe-yilmaz-ciceklerle-karsilandi\/#article","isPartOf":{"@id":"https:\/\/memurunsesi.net\/index.php\/2025\/05\/08\/peruda-altin-madalya-kazanan-genc-halterci-ramazan-efe-yilmaz-ciceklerle-karsilandi\/"},"author":{"name":"Memurun Sesi Haber Merkezi","@id":"https:\/\/memurunsesi.net\/#\/schema\/person\/f21c2d73b89f6ee1d80b0a1803e38587"},"headline":"Peru&#8217;da alt\u0131n madalya kazanan gen\u00e7 halterci Ramazan Efe Y\u0131lmaz, \u00e7i\u00e7eklerle kar\u015f\u0131land\u0131","datePublished":"2025-05-08T17:15:19+00:00","mainEntityOfPage":{"@id":"https:\/\/memurunsesi.net\/index.php\/2025\/05\/08\/peruda-altin-madalya-kazanan-genc-halterci-ramazan-efe-yilmaz-ciceklerle-karsilandi\/"},"wordCount":400,"commentCount":0,"publisher":{"@id":"https:\/\/memurunsesi.net\/#organization"},"image":{"@id":"https:\/\/memurunsesi.net\/index.php\/2025\/05\/08\/peruda-altin-madalya-kazanan-genc-halterci-ramazan-efe-yilmaz-ciceklerle-karsilandi\/#primaryimage"},"thumbnailUrl":"https:\/\/memurunsesi.net\/wp-content\/uploads\/2025\/05\/AW450064_01.jpg","articleSection":["Spor"],"inLanguage":"tr","potentialAction":[{"@type":"CommentAction","name":"Comment","target":["https:\/\/memurunsesi.net\/index.php\/2025\/05\/08\/peruda-altin-madalya-kazanan-genc-halterci-ramazan-efe-yilmaz-ciceklerle-karsilandi\/#respond"]}]},{"@type":"WebPage","@id":"https:\/\/memurunsesi.net\/index.php\/2025\/05\/08\/peruda-altin-madalya-kazanan-genc-halterci-ramazan-efe-yilmaz-ciceklerle-karsilandi\/","url":"https:\/\/memurunsesi.net\/index.php\/2025\/05\/08\/peruda-altin-madalya-kazanan-genc-halterci-ramazan-efe-yilmaz-ciceklerle-karsilandi\/","name":"Peru'da alt\u0131n madalya kazanan gen\u00e7 halterci Ramazan Efe Y\u0131lmaz, \u00e7i\u00e7eklerle kar\u015f\u0131land\u0131 - Memurun Sesi","isPartOf":{"@id":"https:\/\/memurunsesi.net\/#website"},"primaryImageOfPage":{"@id":"https:\/\/memurunsesi.net\/index.php\/2025\/05\/08\/peruda-altin-madalya-kazanan-genc-halterci-ramazan-efe-yilmaz-ciceklerle-karsilandi\/#primaryimage"},"image":{"@id":"https:\/\/memurunsesi.net\/index.php\/2025\/05\/08\/peruda-altin-madalya-kazanan-genc-halterci-ramazan-efe-yilmaz-ciceklerle-karsilandi\/#primaryimage"},"thumbnailUrl":"https:\/\/memurunsesi.net\/wp-content\/uploads\/2025\/05\/AW450064_01.jpg","datePublished":"2025-05-08T17:15:19+00:00","breadcrumb":{"@id":"https:\/\/memurunsesi.net\/index.php\/2025\/05\/08\/peruda-altin-madalya-kazanan-genc-halterci-ramazan-efe-yilmaz-ciceklerle-karsilandi\/#breadcrumb"},"inLanguage":"tr","potentialAction":[{"@type":"ReadAction","target":["https:\/\/memurunsesi.net\/index.php\/2025\/05\/08\/peruda-altin-madalya-kazanan-genc-halterci-ramazan-efe-yilmaz-ciceklerle-karsilandi\/"]}]},{"@type":"ImageObject","inLanguage":"tr","@id":"https:\/\/memurunsesi.net\/index.php\/2025\/05\/08\/peruda-altin-madalya-kazanan-genc-halterci-ramazan-efe-yilmaz-ciceklerle-karsilandi\/#primaryimage","url":"https:\/\/memurunsesi.net\/wp-content\/uploads\/2025\/05\/AW450064_01.jpg","contentUrl":"https:\/\/memurunsesi.net\/wp-content\/uploads\/2025\/05\/AW450064_01.jpg","width":1600,"height":1066,"caption":"PERU'DA D\u00dcZENLENEN D\u00dcNYA YILDIZLAR VE GEN\u00c7LER HALTER \u015eAMP\u0130YONASI'NDA YILDIZ ERKEKLER KATEGOR\u0130S\u0130NDE 61 K\u0130LODA S\u0130LKMEDE 153 K\u0130LOYLA ALTIN, TOPLAMDA \u0130SE 261 K\u0130LOYLA G\u00dcM\u00dc\u015e MADALYA KAZANAN M\u0130LL\u0130 HALTERC\u0130 RAMAZAN EFE YILMAZ, \u00c7\u0130\u00c7EKLERLE KAR\u015eILANDI. (BED\u0130RHAN G\u00d6KSU\/\u00c7ANKIRI-\u0130HA) Peru'da d\u00fczenlenen D\u00fcnya Y\u0131ld\u0131zlar ve Gen\u00e7ler Halter \u015eampiyonas\u0131'nda y\u0131ld\u0131z erkekler kategorisinde 61 kiloda silkmede 153 kiloyla alt\u0131n, toplamda ise 261 kiloyla g\u00fcm\u00fc\u015f madalya kazanan milli halterci Ramazan Efe Y\u0131lmaz, \u00e7i\u00e7eklerle kar\u015f\u0131land\u0131."},{"@type":"BreadcrumbList","@id":"https:\/\/memurunsesi.net\/index.php\/2025\/05\/08\/peruda-altin-madalya-kazanan-genc-halterci-ramazan-efe-yilmaz-ciceklerle-karsilandi\/#breadcrumb","itemListElement":[{"@type":"ListItem","position":1,"name":"Anasayfa","item":"https:\/\/memurunsesi.net\/"},{"@type":"ListItem","position":2,"name":"Peru&#8217;da alt\u0131n madalya kazanan gen\u00e7 halterci Ramazan Efe Y\u0131lmaz, \u00e7i\u00e7eklerle kar\u015f\u0131land\u0131"}]},{"@type":"WebSite","@id":"https:\/\/memurunsesi.net\/#website","url":"https:\/\/memurunsesi.net\/","name":"Memurun Sesi","description":"G\u00fcncel ve Do\u011fru Haber","publisher":{"@id":"https:\/\/memurunsesi.net\/#organization"},"potentialAction":[{"@type":"SearchAction","target":{"@type":"EntryPoint","urlTemplate":"https:\/\/memurunsesi.net\/?s={search_term_string}"},"query-input":{"@type":"PropertyValueSpecification","valueRequired":true,"valueName":"search_term_string"}}],"inLanguage":"tr"},{"@type":"Organization","@id":"https:\/\/memurunsesi.net\/#organization","name":"Memurun Sesi","url":"https:\/\/memurunsesi.net\/","logo":{"@type":"ImageObject","inLanguage":"tr","@id":"https:\/\/memurunsesi.net\/#\/schema\/logo\/image\/","url":"https:\/\/memurunsesi.net\/wp-content\/uploads\/2025\/11\/cropped-MEMURUN-SESI.png","contentUrl":"https:\/\/memurunsesi.net\/wp-content\/uploads\/2025\/11\/cropped-MEMURUN-SESI.png","width":238,"height":57,"caption":"Memurun Sesi"},"image":{"@id":"https:\/\/memurunsesi.net\/#\/schema\/logo\/image\/"},"sameAs":["https:\/\/www.facebook.com\/unipersen\/?locale=tr_TR","https:\/\/x.com\/unipersen"]},{"@type":"Person","@id":"https:\/\/memurunsesi.net\/#\/schema\/person\/f21c2d73b89f6ee1d80b0a1803e38587","name":"Memurun Sesi Haber Merkezi","image":{"@type":"ImageObject","inLanguage":"tr","@id":"https:\/\/secure.gravatar.com\/avatar\/6cf0505f452ee753f485014986fab09a434671d2b919ee76fc541025c5876a70?s=96&d=mm&r=g","url":"https:\/\/secure.gravatar.com\/avatar\/6cf0505f452ee753f485014986fab09a434671d2b919ee76fc541025c5876a70?s=96&d=mm&r=g","contentUrl":"https:\/\/secure.gravatar.com\/avatar\/6cf0505f452ee753f485014986fab09a434671d2b919ee76fc541025c5876a70?s=96&d=mm&r=g","caption":"Memurun Sesi Haber Merkezi"},"sameAs":["https:\/\/memurunsesi.net"],"url":"https:\/\/memurunsesi.net\/index.php\/author\/uniper\/"}]}},"_links":{"self":[{"href":"https:\/\/memurunsesi.net\/index.php\/wp-json\/wp\/v2\/posts\/6725","targetHints":{"allow":["GET"]}}],"collection":[{"href":"https:\/\/memurunsesi.net\/index.php\/wp-json\/wp\/v2\/posts"}],"about":[{"href":"https:\/\/memurunsesi.net\/index.php\/wp-json\/wp\/v2\/types\/post"}],"author":[{"embeddable":true,"href":"https:\/\/memurunsesi.net\/index.php\/wp-json\/wp\/v2\/users\/1"}],"replies":[{"embeddable":true,"href":"https:\/\/memurunsesi.net\/index.php\/wp-json\/wp\/v2\/comments?post=6725"}],"version-history":[{"count":1,"href":"https:\/\/memurunsesi.net\/index.php\/wp-json\/wp\/v2\/posts\/6725\/revisions"}],"predecessor-version":[{"id":6727,"href":"https:\/\/memurunsesi.net\/index.php\/wp-json\/wp\/v2\/posts\/6725\/revisions\/6727"}],"wp:featuredmedia":[{"embeddable":true,"href":"https:\/\/memurunsesi.net\/index.php\/wp-json\/wp\/v2\/media\/6726"}],"wp:attachment":[{"href":"https:\/\/memurunsesi.net\/index.php\/wp-json\/wp\/v2\/media?parent=6725"}],"wp:term":[{"taxonomy":"category","embeddable":true,"href":"https:\/\/memurunsesi.net\/index.php\/wp-json\/wp\/v2\/categories?post=6725"},{"taxonomy":"post_tag","embeddable":true,"href":"https:\/\/memurunsesi.net\/index.php\/wp-json\/wp\/v2\/tags?post=6725"}],"curies":[{"name":"wp","href":"https:\/\/api.w.org\/{rel}","templated":true}]}}