{"id":6730,"date":"2025-05-08T20:18:38","date_gmt":"2025-05-08T17:18:38","guid":{"rendered":"https:\/\/memurunsesi.net\/?p=6730"},"modified":"2025-05-08T20:18:38","modified_gmt":"2025-05-08T17:18:38","slug":"msb-kaynaklari-msb-ve-tsknin-bolucu-teror-orgutune-ve-tum-uzantilarina-yonelik-tavri-ve-durusu-nettir","status":"publish","type":"post","link":"https:\/\/memurunsesi.net\/index.php\/2025\/05\/08\/msb-kaynaklari-msb-ve-tsknin-bolucu-teror-orgutune-ve-tum-uzantilarina-yonelik-tavri-ve-durusu-nettir\/","title":{"rendered":"MSB kaynaklar\u0131: &#8220;MSB ve TSK\u2019n\u0131n b\u00f6l\u00fcc\u00fc ter\u00f6r \u00f6rg\u00fct\u00fcne ve t\u00fcm uzant\u0131lar\u0131na y\u00f6nelik tavr\u0131 ve duru\u015fu nettir&#8221;"},"content":{"rendered":"<p>\n  &#8211; Milli Savunma Bakanl\u0131\u011f\u0131 kaynaklar\u0131, &#8220;Son d\u00f6nemde Milli Savunma Bakanl\u0131\u011f\u0131 ve TSK\u2019n\u0131n b\u00f6l\u00fcc\u00fc ter\u00f6r \u00f6rg\u00fct\u00fcne ve t\u00fcm uzant\u0131lar\u0131na y\u00f6nelik tavr\u0131nda de\u011fi\u015fiklik oldu\u011fu alg\u0131s\u0131 olu\u015fturulmaya \u00e7al\u0131\u015f\u0131lmaktad\u0131r. Milli Savunma Bakanl\u0131\u011f\u0131 ve TSK\u2019n\u0131n b\u00f6l\u00fcc\u00fc ter\u00f6r \u00f6rg\u00fct\u00fcne ve t\u00fcm uzant\u0131lar\u0131na y\u00f6nelik tavr\u0131 ve duru\u015fu nettir&#8221; dedi.<br \/>\n  Milli Savunma Bakanl\u0131\u011f\u0131 taraf\u0131ndan haftal\u0131k bilgilendirme toplant\u0131s\u0131 ger\u00e7ekle\u015ftirildi. T\u00fcrk Silahl\u0131 Kuvvetleri \u0130nsani Yard\u0131m Tugay Komutanl\u0131\u011f\u0131\u2019nda ger\u00e7ekle\u015ftirilen toplant\u0131da konu\u015fan Milli Savunma Bakanl\u0131\u011f\u0131 Bas\u0131n Halkla \u0130li\u015fkiler M\u00fc\u015faviri ve Bakanl\u0131k S\u00f6zc\u00fcs\u00fc Tu\u011famiral Zeki Akt\u00fcrk, g\u00fcndeme dair son geli\u015fmeleri aktard\u0131. T\u00fcrk Silahl\u0131 Kuvvetleri\u2019nin y\u00fcr\u00fctt\u00fc\u011f\u00fc t\u00fcm operasyonlar ve g\u00f6revlerinin yan\u0131 s\u0131ra etkinlik, cayd\u0131r\u0131c\u0131l\u0131\u011f\u0131 art\u0131rmak ve personelin niteliklerini geli\u015ftirmek i\u00e7in tatbikat, e\u011fitim faaliyetlerine devam etti\u011fini belirten Tu\u011famiral Akt\u00fcrk, Karadeniz, Marmara, Ege Denizi ve Do\u011fu Akdeniz\u2019de 6-17 May\u0131s tarihleri aras\u0131nda ger\u00e7ekle\u015ftirilen &#8220;Denizkurdu-II&#8221; tatbikat\u0131nda Deniz Kuvvetleri\u2019nin yan\u0131 s\u0131ra Kara ve Hava Kuvvetleri ile Sahil G\u00fcvenlik Komutanl\u0131\u011f\u0131\u2019ndan toplam 120 gemi, 7 insans\u0131z deniz arac\u0131 (\u0130DA) ve 85 hava arac\u0131n\u0131n yer ald\u0131\u011f\u0131 bilgisini payla\u015ft\u0131. <\/p>\n<p>  TSK, Kosova\u2019daki g\u00f6revini ikinci kez \u00fcstlenecek<br \/>\n  T\u00fcrk Silahl\u0131 Kuvvetleri\u2019nin (TSK) hem T\u00fcrkiye\u2019de hem de uluslararas\u0131 olarak e\u011fitim ve tatbikat faaliyetlerini s\u00fcrd\u00fcrd\u00fc\u011f\u00fcn\u00fc aktaran Tu\u011famiral Akt\u00fcrk, &#8220;T\u00fcrkiye-Yunanistan G\u00fcven Art\u0131r\u0131c\u0131 \u00d6nlemler 2025 Y\u0131l\u0131 Uygulama Plan\u0131 kapsam\u0131nda 9\u2019uncu Hudut Tugay Komutan\u0131m\u0131z, Yunanistan 3\u2019\u00fcnc\u00fc Mekanize Piyade Tugay Komutan\u0131\u2019n\u0131 6-7 May\u0131s\u2019ta ziyaret etmi\u015f, Yunanistan Milli Savunma Kolejinden bir heyet ise 6-9 May\u0131s tarihleri aras\u0131nda Millu Savunma \u00dcniversitemize ziyaret ger\u00e7ekle\u015ftirmektedir. Kosova Bar\u0131\u015f G\u00fcc\u00fc (KFOR) Komutanl\u0131\u011f\u0131 g\u00f6revini Ekim 2023-2024 d\u00f6neminde ba\u015far\u0131yla yerine getiren \u00fclkemiz, Ekim 2025\u2019ten itibaren yine 1 y\u0131l s\u00fcreyle s\u00f6z konusu g\u00f6revi ikinci kez \u00fcstlenecektir. NATO ve Avrupa-Atlantik b\u00f6lgesinin g\u00fcvenli\u011fi i\u00e7in ge\u00e7mi\u015fte oldu\u011fu gibi bug\u00fcn ve gelecekte de \u00f6nemli ve belirleyici katk\u0131larda bulunan \u00fclkemiz, komutas\u0131n\u0131 devralaca\u011f\u0131 g\u00f6revi daha \u00f6nce oldu\u011fu gibi NATO ve Birle\u015fmi\u015f Milletler kararlar\u0131na uygun olarak uluslararas\u0131 sorumlulu\u011fun gerektirdi\u011fi tam bir tarafs\u0131zl\u0131k ve \u015feffafl\u0131k ile yerine getirecektir. \u00d6te yandan NATO\u2019nun kritik \u00f6neme sahip \u2018\u0130\u015f Birli\u011fi ile G\u00fcvenlik Direkt\u00f6r\u00fc\u2019 g\u00f6revine bir T\u00fcrk generali se\u00e7ilmi\u015ftir. B\u00f6ylece NATO tarihinde ilk defa \u00fclkemiz, Br\u00fcksel\u2019deki NATO Uluslararas\u0131 Askeri Karargah\u0131&#8217;nda direkt\u00f6r seviyesinde temsil edilecektir. Personelimizin bu kritik role se\u00e7ilmesi, T\u00fcrkiye\u2019nin NATO\u2019daki etkin rol\u00fcn\u00fcn ve \u0130ttifak\u0131n g\u00fcvenlik ve istikrar\u0131na olan katk\u0131s\u0131n\u0131n \u00f6nemli bir g\u00f6stergesidir. \u00dclkemiz, NATO\u2019nun g\u00fc\u00e7l\u00fc ve g\u00fcvenilir bir m\u00fcttefiki olarak, \u0130ttifak\u0131n bar\u0131\u015f ve g\u00fcvenli\u011fe olan katk\u0131lar\u0131n\u0131 s\u00fcrd\u00fcrmeye devam edecekti&#8221; ifadelerini kulland\u0131. <\/p>\n<p>  &#8220;\u0130srail\u2019in L\u00fcbnan\u2019da ilan edilen ate\u015fkese eksiksiz riayet etmesi ve Suriye\u2019ye y\u00f6nelik sald\u0131r\u0131lar\u0131n\u0131 t\u00fcm\u00fcyle durdurmas\u0131 gerekti\u011fini bir kez daha vurguluyoruz&#8221;<br \/>\n  \u0130srail\u2019e kar\u015f\u0131 uluslararas\u0131 toplumun sonu\u00e7 al\u0131c\u0131 ad\u0131mlar atmas\u0131 ve Gazze\u2019de yeniden ate\u015fkes ilan edilmesi gerekti\u011fine dikkati \u00e7eken Akt\u00fcrk, &#8220;L\u00fcbnan\u2019da ate\u015fkes ihlallerini s\u00fcrd\u00fcren, L\u00fcbnan ve Suriye\u2019nin toprak b\u00fct\u00fcnl\u00fc\u011f\u00fcne y\u00f6nelik sald\u0131r\u0131 ve i\u015fgalleri ile b\u00f6lgesel istikrara zarar veren \u0130srail\u2019in L\u00fcbnan\u2019da ilan edilen ate\u015fkese eksiksiz riayet etmesi ve Suriye\u2019ye y\u00f6nelik sald\u0131r\u0131lar\u0131n\u0131 t\u00fcm\u00fcyle durdurmas\u0131 gerekti\u011fini bir kez daha vurguluyoruz&#8221; diye konu\u015ftu.<br \/>\n  Genelkurmay Ba\u015fkan\u0131 Orgeneral Metin G\u00fcrak\u2019\u0131n davetlisi olarak T\u00fcrkiye\u2019ye gelen M\u0131s\u0131r Genelkurmay Ba\u015fkan\u0131\u2019n\u0131n Milli Savunma Bakan\u0131 Ya\u015far G\u00fcler taraf\u0131ndan kabul edilece\u011fini belirten Akt\u00fcrk, ard\u0131ndan Cumhurba\u015fkanl\u0131\u011f\u0131 K\u00fclliyesi&#8217;nde d\u00fczenlenecek &#8220;T\u00fcrkiye-Irak Y\u00fcksek D\u00fczeyli Stratejik \u0130\u015fbirli\u011fi Konseyi Toplant\u0131s\u0131&#8221;na kat\u0131laca\u011f\u0131n\u0131 dile getirdi.<br \/>\n  Yerli ve milli savunma sanayii taraf\u0131ndan \u00fcretilen harp ara\u00e7 gere\u00e7lerinin T\u00fcrk Silahl\u0131 Kuvvetleri envanterine kabul s\u00fcrecine dair bilgi veren Akt\u00fcrk, &#8220;Kara Kuvvetleri Komutanl\u0131\u011f\u0131m\u0131zca muhtelif miktarda Dragoneye-2 Termal Kamera ile S\u0131rt Tipi Kar\u0131\u015ft\u0131rma Sistemi muayene ve kabul faaliyetleri tamamlanarak envantere al\u0131nm\u0131\u015ft\u0131r. 1-4 May\u0131s tarihleri aras\u0131nda Kuzey K\u0131br\u0131s T\u00fcrk Cumhuriyeti\u2019nde (KKTC) d\u00fczenlenen, Bakanl\u0131k olarak ba\u011fl\u0131 birim ve kurulu\u015flar\u0131m\u0131zla kat\u0131ld\u0131\u011f\u0131m\u0131z ve yo\u011fun ilgi g\u00f6ren TEKNOFEST KKTC ba\u015far\u0131yla tamamlanm\u0131\u015ft\u0131r&#8221; diye konu\u015ftu.<br \/>\n  T\u00fcrk Silahl\u0131 Kuvvetleri taraf\u0131ndan ter\u00f6rle m\u00fccadele konusunda taviz verilmedi\u011fine dikkati \u00e7eken Akt\u00fcrk, \u015fu ifadeleri kulland\u0131:<br \/>\n  &#8220;Devam eden operasyon, arama-tarama faaliyetleri ve s\u0131n\u0131r g\u00fcvenli\u011fi kapsam\u0131nda son bir haftada Irak\u2019\u0131n kuzeyindeki bar\u0131nma alanlar\u0131ndan ka\u00e7an 3 PKK\u2019l\u0131 ter\u00f6rist teslim olmu\u015f, Pen\u00e7e-Kilit operasyon b\u00f6lgesinde tespit edilen ter\u00f6ristlere ait ma\u011faralarda \u00e7ok say\u0131da silah, m\u00fchimmat ve ya\u015fam malzemesi ele ge\u00e7irilerek kullan\u0131lamaz h\u00e2le getirilmi\u015ftir. Bu vesileyle 3 May\u0131s\u2019ta Pen\u00e7e-Kilit Operasyonu b\u00f6lgesinde \u015fehit olan kahraman silah arkada\u015f\u0131m\u0131z \u0130stihk\u00e2m Uzman \u00c7avu\u015f \u00d6nder \u00d6zen\u2019e bir kez daha Allah\u2019tan rahmet, kederli ailesine, T\u00fcrk Silahl\u0131 Kuvvetleri ile asil milletimize ba\u015fsa\u011fl\u0131\u011f\u0131 ve sab\u0131r diliyoruz. Aziz \u015fehitlerimiz ve kahraman gazilerimizin k\u0131ymetli anneleri ba\u015fta olmak \u00fczere sevgi ve fedak\u00e2rl\u0131k timsali t\u00fcm annelerimizin \u2018Anneler G\u00fcn\u00fc\u2019n\u00fc \u015fimdiden kutluyoruz.&#8221;<br \/>\n  S\u0131n\u0131rda 4\u2019\u00fc ter\u00f6r \u00f6rg\u00fct\u00fc mensubu olmak \u00fczere 175 \u015fahs\u0131n yakaland\u0131\u011f\u0131n\u0131 ve bin 893 \u015fahs\u0131n engellendi\u011fini belirten Akt\u00fcrk, 1 Ocak itibar\u0131yla s\u0131n\u0131rdan yasa d\u0131\u015f\u0131 yollarla ge\u00e7meye \u00e7al\u0131\u015f\u0131rken yakalananlar\u0131n say\u0131s\u0131n\u0131n bin 841, engellenen ki\u015fi say\u0131s\u0131n\u0131n da 29 bin 657 oldu\u011funu kaydetti. <\/p>\n<p>  &#8220;Tel R\u0131fat b\u00f6lgesinde yakla\u015f\u0131k 96, Menbi\u00e7 b\u00f6lgesinde ise 104 kilometre uzunlu\u011fundaki t\u00fcneller imha edilmi\u015ftir&#8221;<br \/>\n  Akt\u00fcrk, T\u00fcrk Silahl\u0131 Kuvvetleri\u2019nin modern ve g\u00fc\u00e7l\u00fc savunma, g\u00fcvenlik kapasitesi ile tehditleri bertaraf etti\u011fini vurgulayarak, &#8220;Suriye harekat alanlar\u0131nda 8 Ocak\u2019tan bu yana s\u00fcrd\u00fcr\u00fclen t\u00fcnel imha faaliyetleri kapsam\u0131nda bug\u00fcne kadar Tel R\u0131fat b\u00f6lgesinde yakla\u015f\u0131k 96, Menbi\u00e7 b\u00f6lgesinde ise 104 kilometre uzunlu\u011fundaki t\u00fcneller imha edilmi\u015ftir&#8221; ifadelerine yer verdi. <\/p>\n<p>  &#8220;Suriye\u2019de istikrar\u0131 bozmaktan ba\u015fka bir amaca hizmet etmemektedir&#8221;<br \/>\n  \u00d6te yandan Milli Savunma Bakanl\u0131\u011f\u0131 kaynaklar\u0131, \u0130srail ile Suriye\u2019de gerginlik ya\u015fand\u0131\u011f\u0131na ili\u015fkin haberlerle ilgili sorular \u00fczerine \u015funlar\u0131 s\u00f6yledi:<br \/>\n  &#8220;\u00d6ncelikle yaln\u0131zca resmi kaynaklardan yap\u0131lan a\u00e7\u0131klamalara itibar edilmesini tavsiye ediyoruz. \u0130srail\u2019in Suriye \u00fczerinde ger\u00e7ekle\u015ftirdi\u011fi hava harek\u00e2tlar\u0131n\u0131 tasvip etmiyoruz. Bu hava harekatlar\u0131 Suriye\u2019de istikrar\u0131 bozmaktan ba\u015fka bir amaca hizmet etmemektedir. Bununla birlikte bir\u00e7ok \u00fclke gibi Birle\u015fmi\u015f Milletler de \u0130srail\u2019in Suriye\u2019ye y\u00f6nelik sald\u0131r\u0131lar\u0131na tepki g\u00f6stererek bunlar\u0131n durdurulmas\u0131 \u00e7a\u011fr\u0131s\u0131nda bulunmu\u015ftur. Suriye yeni h\u00fck\u00fcmetinin talebi \u00e7er\u00e7evesinde alanda icra edece\u011fimiz faaliyetlerin emniyetle y\u00fcr\u00fct\u00fclmesi maksad\u0131yla b\u00f6lgede bulunan t\u00fcm unsurlar ile koordinasyon faaliyetlerine devam edilmektedir.&#8221; <\/p>\n<p>  Bazi emekli askerlerin orduevlerine giri\u015f yasa\u011fi<br \/>\n  Baz\u0131 emekli askerlerin orduevlerine giri\u015finin yasaklanmas\u0131 hakk\u0131nda de\u011ferlendirmede bulunan Milli Savunma Bakanl\u0131\u011f\u0131 kaynaklar\u0131, &#8220;Son zamanlarda baz\u0131 emekli askerlerin orduevlerine, askeri sosyal tesislere giri\u015finin yasaklanmas\u0131 hususunda kamuoyunda Bakanl\u0131\u011f\u0131m\u0131z\u0131 ve T\u00fcrk Silahl\u0131 Kuvvetlerimizi hedef alan a\u00e7\u0131klama, yorum ve de\u011ferlendirmeler yap\u0131lmaktad\u0131r. \u00d6ncelikle b\u00fcy\u00fck bir \u00f6zveri ve onurla g\u00f6rev s\u00fcrelerini tamamlayarak emekliye ayr\u0131lan personelimizin bizler i\u00e7in \u00e7ok k\u0131ymetli oldu\u011funu vurgulamak istiyor ve hepsine hizmetlerinden dolay\u0131 bir kez daha te\u015fekk\u00fcr ediyoruz. Ancak mevzuatta da a\u00e7\u0131k\u00e7a belirtildi\u011fi \u00fczere kendisine \u00f6zel bir g\u00f6rev verilmedi\u011fi halde g\u00f6revi ve s\u0131fat\u0131 icab\u0131 muvazzafl\u0131k yapt\u0131\u011f\u0131 d\u00f6nemde bulundu\u011fu g\u00f6rev ve g\u00f6rev yerleri hakk\u0131nda beyanat veren, yaz\u0131 yazan veya sair surette a\u00e7\u0131klamada bulunan, astl\u0131k-\u00fcstl\u00fck m\u00fcnasebetlerini zedelemeye, amir veya komutanlara kar\u015f\u0131 g\u00fcven hissini yok etmeye y\u00f6nelik olarak a\u00e7\u0131k\u00e7a a\u015fa\u011f\u0131lay\u0131c\u0131 s\u00f6z ve davran\u0131\u015fta bulunduklar\u0131 \u00e7e\u015fitli komutanl\u0131k ve resmi kaynaklardan intikal eden bilgi ve belgelerden tespit edilenlerin orduevleri, askeri gazinolar ve di\u011fer askeri sosyal tesislere giri\u015fleri ge\u00e7ici veya s\u00fcrekli olarak yasaklanabilmektedir. Son d\u00f6nemde orduevlerine giri\u015fi yasaklanan emekli personele Bakanl\u0131\u011f\u0131m\u0131za ve T\u00fcrk Silahl\u0131 Kuvvetlerine ele\u015ftirileri i\u00e7in de\u011fil, maksatl\u0131 ve sistematik \u015fekilde yukar\u0131da belirtilen mevzuat kapsam\u0131na giren s\u00f6z ve davran\u0131\u015flarda bulunduklar\u0131 tespit edildi\u011fi i\u00e7in yasal i\u015flem tesis edilmi\u015ftir. TSK, disiplinsizli\u011fe ve \u015fahsi menfaatlerini kurumsal de\u011ferlerin \u00f6n\u00fcne koyan yakla\u015f\u0131mlara hi\u00e7bir \u015fekilde m\u00fcsamaha g\u00f6stermeyecektir&#8221; ifadelerini kulland\u0131. <\/p>\n<p>  &#8220;B\u00f6l\u00fcc\u00fc ter\u00f6r \u00f6rg\u00fct\u00fc&#8221; ifadesinin kald\u0131r\u0131ld\u0131\u011f\u0131 iddias\u0131<br \/>\n  Bakanl\u0131k kaynaklar\u0131 MSB\u2019nin son \u015fehit a\u00e7\u0131klamas\u0131nda &#8220;b\u00f6l\u00fcc\u00fc ter\u00f6r \u00f6rg\u00fct\u00fc&#8221; ifadesinin \u00e7\u0131kar\u0131ld\u0131\u011f\u0131na dair haberlerle ilgili \u015funlar\u0131 s\u00f6yledi:<br \/>\n  &#8220;Bakanl\u0131\u011f\u0131m\u0131za ve T\u00fcrk Silahl\u0131 Kuvvetlerimize y\u00f6nelik maksatl\u0131 ve sistematik \u015fekilde ger\u00e7ekle\u015ftirilen alg\u0131 operasyonlar\u0131 devam etmektedir. Aziz \u015fehitlerimizle ilgili yapt\u0131\u011f\u0131m\u0131z a\u00e7\u0131klamalarda \u2018b\u00f6l\u00fcc\u00fc ter\u00f6r \u00f6rg\u00fct\u00fc ifadesinin \u00e7\u0131kar\u0131ld\u0131\u011f\u0131\u2019, may\u0131n\/el yap\u0131m\u0131 patlay\u0131c\u0131 sald\u0131r\u0131lar\u0131 ile ilgili \u2018b\u00f6l\u00fcc\u00fc ter\u00f6r \u00f6rg\u00fct\u00fcn\u00fcn yerle\u015ftirdi\u011fi\u2019 ifadesinin ilk kez kald\u0131r\u0131ld\u0131\u011f\u0131 iddialar\u0131 ger\u00e7e\u011fi yans\u0131tmamaktad\u0131r. Bug\u00fcne kadar aziz \u015fehitlerimizle ilgili yap\u0131lan bilgilendirmeler incelendi\u011finde olay\u0131n meydana geli\u015f \u015fekline g\u00f6re farkl\u0131 ifadelerin kullan\u0131ld\u0131\u011f\u0131 g\u00f6r\u00fclecektir. Son d\u00f6nemde MSB ve TSK\u2019n\u0131n b\u00f6l\u00fcc\u00fc ter\u00f6r \u00f6rg\u00fct\u00fcne ve t\u00fcm uzant\u0131lar\u0131na y\u00f6nelik tavr\u0131nda de\u011fi\u015fiklik oldu\u011fu alg\u0131s\u0131 olu\u015fturulmaya \u00e7al\u0131\u015f\u0131lmaktad\u0131r. MSB ve TSK\u2019n\u0131n b\u00f6l\u00fcc\u00fc ter\u00f6r \u00f6rg\u00fct\u00fcne ve t\u00fcm uzant\u0131lar\u0131na y\u00f6nelik tavr\u0131 ve duru\u015fu nettir. Bu duru\u015fta herhangi bir de\u011fi\u015fiklik s\u00f6z konusu de\u011fildir. Kamuoyunu bilgilendirmek maksad\u0131yla derin bir ac\u0131 ve \u00fcz\u00fcnt\u00fcn\u00fcn payla\u015f\u0131ld\u0131\u011f\u0131 bir metni ger\u00e7ek d\u0131\u015f\u0131 iddialarla ba\u011flam\u0131ndan koparmaya; aziz \u015fehitlerimizin k\u0131ymetli aileleri ile aram\u0131z\u0131 a\u00e7maya \u00e7al\u0131\u015fman\u0131n hi\u00e7bir ahlaki ve insani de\u011ferle ba\u011fda\u015fmad\u0131\u011f\u0131, birlik ve beraberli\u011fimizi hedef ald\u0131\u011f\u0131 a\u00e7\u0131kt\u0131r. Kamuoyunu yan\u0131ltmaya \u00e7al\u0131\u015fan bahse konu yalan haber ile ilgili hukuki s\u00fcre\u00e7 ba\u015flat\u0131lm\u0131\u015ft\u0131r.&#8221; <\/p>\n<p>  &#8220;K\u0131ta sahanl\u0131\u011f\u0131m\u0131za kar\u015f\u0131 yap\u0131lacak herhangi bir ihlal sahada derhal engellenecektir&#8221;<br \/>\n  Bakanl\u0131k kaynaklar\u0131, GKRY\u2019nin s\u00f6zde 5. parselde sondaj \u00e7al\u0131\u015fmas\u0131 i\u00e7in NAVTEX yay\u0131nland\u0131\u011f\u0131 ve Valaris DS-9 sondaj gemisinin Do\u011fu Akdeniz\u2019deki faaliyetlerine dair sorular \u00fczerine \u015funlar\u0131 s\u00f6yledi:<br \/>\n  &#8220;GKRY\u2019nin ilan etti\u011fi s\u00f6zde MEB\u2019inde yer alan 5\u2019inci parsel i\u00e7in yeni ilan edilen bir NAVTEX bulunmamaktad\u0131r. Bununla birlikte s\u00f6zde 5\u2019inci parselinin bir k\u0131sm\u0131 T\u00fcrk k\u0131ta sahanl\u0131\u011f\u0131 i\u00e7erisinde yer almaktad\u0131r. 18 Mart 2020 tarihinde BM\u2019ye deklare etti\u011fimiz k\u0131ta sahanl\u0131\u011f\u0131m\u0131za kar\u015f\u0131 yap\u0131lacak herhangi bir ihlal sahada derhal engellenecektir. Valaris DS-9 sondaj gemisi halen s\u00f6zde 10\u2019uncu parseldedir. S\u00f6zde 10\u2019uncu parselin deniz yetki alan\u0131m\u0131z ile bir \u00e7ak\u0131\u015fmas\u0131 bulunmamaktad\u0131r.&#8221; <\/p>\n<p>  T\u00fcrkiye NATO\u2019da ilk defa direkt\u00f6r seviyesinde temsil edilecek<br \/>\n  Bakanl\u0131k kaynaklar\u0131, bir T\u00fcrk generalin NATO Uluslararas\u0131 Askeri Karargah\u0131 i\u015f birli\u011fi ile g\u00fcvenlik direkt\u00f6r\u00fc g\u00f6revine se\u00e7ilmesiyle ilgili sorular \u00fczerine \u015fu ifadeleri kulland\u0131:<br \/>\n  &#8220;NATO tarihinde ilk defa T\u00fcrkiye, Br\u00fcksel\u2019deki NATO Uluslararas\u0131 Askeri Karargah\u0131\u2019nda (International Military Staff-IMS) direkt\u00f6r seviyesinde temsil edilecektir. Bu kapsamda kritik \u00f6neme sahip &#8216;\u0130\u015f Birli\u011fi ile G\u00fcvenlik Direkt\u00f6r\u00fc (Director of Cooperative Security)&#8217; g\u00f6revine Tu\u011fgeneral Eray \u00dcng\u00fcder se\u00e7ilmi\u015ftir. Generalimiz g\u00f6revi boyunca NATO\u2019nun ortakl\u0131k \u00fclkeleri ve uluslararas\u0131 \u00f6rg\u00fctlerle i\u015f birli\u011finin g\u00fc\u00e7lendirilmesi, NATO kapasite in\u015fas\u0131na y\u00f6nelik askeri politikalar\u0131n geli\u015ftirilmesi, NATO\u2019nun s\u0131n\u0131rlar\u0131n\u0131n \u00f6tesinde istikrar\u0131n tesis edilmesi alanlar\u0131nda kritik g\u00f6revler \u00fcstlenecektir. Personelimizin bu kritik role se\u00e7ilmesi, T\u00fcrkiye\u2019nin NATO\u2019daki etkin rol\u00fcn\u00fcn ve \u0130ttifak\u0131n g\u00fcvenlik ve istikrar\u0131na olan katk\u0131s\u0131n\u0131n \u00f6nemli bir g\u00f6stergesi olarak de\u011ferlendirilmelidir. \u00dclkemiz, NATO\u2019nun g\u00fc\u00e7l\u00fc ve g\u00fcvenilir bir m\u00fcttefiki olarak \u0130ttifak\u0131n bar\u0131\u015f ve g\u00fcvenli\u011fe olan katk\u0131lar\u0131n\u0131 s\u00fcrd\u00fcrmeye devam edecektir.&#8221; <\/p>\n<p>  Pakistan ve Hindistan aras\u0131ndaki gerilim<br \/>\n  Pakistan ile Hindistan aras\u0131nda yanan gerilime dair sorular \u00fczerine Bakanl\u0131k kaynaklar\u0131 \u015funlar\u0131 s\u00f6yledi:<br \/>\n  &#8220;Biz, b\u00f6lgemizde ve d\u00fcnyada yeni \u00e7at\u0131\u015fmalar istemedi\u011fimizi her f\u0131rsatta vurguluyor ve sivilleri ve sivil altyap\u0131y\u0131 hedef alan sald\u0131r\u0131lar\u0131 k\u0131n\u0131yoruz. \u0130ki \u00fclke aras\u0131ndaki bu tansiyonun da bir an \u00f6nce d\u00fc\u015f\u00fcr\u00fclmesini, benzer olaylar\u0131n tekrar\u0131n\u0131 \u00f6nlemek i\u00e7in ter\u00f6rle m\u00fccadele d\u00e2hil olmak \u00fczere ihtiya\u00e7 duyulan mekanizmalar\u0131n olu\u015fturulmas\u0131n\u0131 \u00fcmit ediyor, taraflar\u0131n sa\u011fduyulu davranmalar\u0131n\u0131 telkin ediyoruz.&#8221; <\/p>\n<p>8.05.2025                                   <\/p>\n","protected":false},"excerpt":{"rendered":"<p>&#8211; Milli Savunma Bakanl\u0131\u011f\u0131 kaynaklar\u0131, &#8220;Son d\u00f6nemde Milli Savunma Bakanl\u0131\u011f\u0131 ve TSK\u2019n\u0131n b\u00f6l\u00fcc\u00fc ter\u00f6r \u00f6rg\u00fct\u00fcne ve t\u00fcm uzant\u0131lar\u0131na y\u00f6nelik tavr\u0131nda de\u011fi\u015fiklik oldu\u011fu alg\u0131s\u0131 olu\u015fturulmaya \u00e7al\u0131\u015f\u0131lmaktad\u0131r. Milli Savunma Bakanl\u0131\u011f\u0131 ve TSK\u2019n\u0131n b\u00f6l\u00fcc\u00fc ter\u00f6r \u00f6rg\u00fct\u00fcne ve t\u00fcm uzant\u0131lar\u0131na y\u00f6nelik tavr\u0131 ve duru\u015fu nettir&#8221; dedi. Milli Savunma Bakanl\u0131\u011f\u0131 taraf\u0131ndan haftal\u0131k bilgilendirme toplant\u0131s\u0131 ger\u00e7ekle\u015ftirildi. T\u00fcrk Silahl\u0131 Kuvvetleri \u0130nsani Yard\u0131m [&hellip;]<\/p>\n","protected":false},"author":1,"featured_media":6731,"comment_status":"open","ping_status":"open","sticky":false,"template":"","format":"standard","meta":{"footnotes":""},"categories":[45],"tags":[],"class_list":["post-6730","post","type-post","status-publish","format-standard","has-post-thumbnail","hentry","category-gundem"],"yoast_head":"<!-- This site is optimized with the Yoast SEO plugin v27.4 - https:\/\/yoast.com\/product\/yoast-seo-wordpress\/ -->\n<title>MSB kaynaklar\u0131: &quot;MSB ve TSK\u2019n\u0131n b\u00f6l\u00fcc\u00fc ter\u00f6r \u00f6rg\u00fct\u00fcne ve t\u00fcm uzant\u0131lar\u0131na y\u00f6nelik tavr\u0131 ve duru\u015fu nettir&quot; - Memurun Sesi<\/title>\n<meta name=\"robots\" content=\"index, follow, max-snippet:-1, max-image-preview:large, max-video-preview:-1\" \/>\n<link rel=\"canonical\" href=\"https:\/\/memurunsesi.net\/index.php\/2025\/05\/08\/msb-kaynaklari-msb-ve-tsknin-bolucu-teror-orgutune-ve-tum-uzantilarina-yonelik-tavri-ve-durusu-nettir\/\" \/>\n<meta property=\"og:locale\" content=\"tr_TR\" \/>\n<meta property=\"og:type\" content=\"article\" \/>\n<meta property=\"og:title\" content=\"MSB kaynaklar\u0131: &quot;MSB ve TSK\u2019n\u0131n b\u00f6l\u00fcc\u00fc ter\u00f6r \u00f6rg\u00fct\u00fcne ve t\u00fcm uzant\u0131lar\u0131na y\u00f6nelik tavr\u0131 ve duru\u015fu nettir&quot; - Memurun Sesi\" \/>\n<meta property=\"og:description\" content=\"&#8211; Milli Savunma Bakanl\u0131\u011f\u0131 kaynaklar\u0131, &#8220;Son d\u00f6nemde Milli Savunma Bakanl\u0131\u011f\u0131 ve TSK\u2019n\u0131n b\u00f6l\u00fcc\u00fc ter\u00f6r \u00f6rg\u00fct\u00fcne ve t\u00fcm uzant\u0131lar\u0131na y\u00f6nelik tavr\u0131nda de\u011fi\u015fiklik oldu\u011fu alg\u0131s\u0131 olu\u015fturulmaya \u00e7al\u0131\u015f\u0131lmaktad\u0131r. Milli Savunma Bakanl\u0131\u011f\u0131 ve TSK\u2019n\u0131n b\u00f6l\u00fcc\u00fc ter\u00f6r \u00f6rg\u00fct\u00fcne ve t\u00fcm uzant\u0131lar\u0131na y\u00f6nelik tavr\u0131 ve duru\u015fu nettir&#8221; dedi. Milli Savunma Bakanl\u0131\u011f\u0131 taraf\u0131ndan haftal\u0131k bilgilendirme toplant\u0131s\u0131 ger\u00e7ekle\u015ftirildi. T\u00fcrk Silahl\u0131 Kuvvetleri \u0130nsani Yard\u0131m [&hellip;]\" \/>\n<meta property=\"og:url\" content=\"https:\/\/memurunsesi.net\/index.php\/2025\/05\/08\/msb-kaynaklari-msb-ve-tsknin-bolucu-teror-orgutune-ve-tum-uzantilarina-yonelik-tavri-ve-durusu-nettir\/\" \/>\n<meta property=\"og:site_name\" content=\"Memurun Sesi\" \/>\n<meta property=\"article:publisher\" content=\"https:\/\/www.facebook.com\/unipersen\/?locale=tr_TR\" \/>\n<meta property=\"article:published_time\" content=\"2025-05-08T17:18:38+00:00\" \/>\n<meta property=\"og:image\" content=\"https:\/\/memurunsesi.net\/wp-content\/uploads\/2025\/05\/AW450012_02-scaled.jpg\" \/>\n\t<meta property=\"og:image:width\" content=\"2560\" \/>\n\t<meta property=\"og:image:height\" content=\"1707\" \/>\n\t<meta property=\"og:image:type\" content=\"image\/jpeg\" \/>\n<meta name=\"author\" content=\"Memurun Sesi Haber Merkezi\" \/>\n<meta name=\"twitter:card\" content=\"summary_large_image\" \/>\n<meta name=\"twitter:creator\" content=\"@unipersen\" \/>\n<meta name=\"twitter:site\" content=\"@unipersen\" \/>\n<meta name=\"twitter:label1\" content=\"Yazan:\" \/>\n\t<meta name=\"twitter:data1\" content=\"Memurun Sesi Haber Merkezi\" \/>\n\t<meta name=\"twitter:label2\" content=\"Tahmini okuma s\u00fcresi\" \/>\n\t<meta name=\"twitter:data2\" content=\"1 dakika\" \/>\n<script type=\"application\/ld+json\" class=\"yoast-schema-graph\">{\"@context\":\"https:\\\/\\\/schema.org\",\"@graph\":[{\"@type\":\"Article\",\"@id\":\"https:\\\/\\\/memurunsesi.net\\\/index.php\\\/2025\\\/05\\\/08\\\/msb-kaynaklari-msb-ve-tsknin-bolucu-teror-orgutune-ve-tum-uzantilarina-yonelik-tavri-ve-durusu-nettir\\\/#article\",\"isPartOf\":{\"@id\":\"https:\\\/\\\/memurunsesi.net\\\/index.php\\\/2025\\\/05\\\/08\\\/msb-kaynaklari-msb-ve-tsknin-bolucu-teror-orgutune-ve-tum-uzantilarina-yonelik-tavri-ve-durusu-nettir\\\/\"},\"author\":{\"name\":\"Memurun Sesi Haber Merkezi\",\"@id\":\"https:\\\/\\\/memurunsesi.net\\\/#\\\/schema\\\/person\\\/f21c2d73b89f6ee1d80b0a1803e38587\"},\"headline\":\"MSB kaynaklar\u0131: &#8220;MSB ve TSK\u2019n\u0131n b\u00f6l\u00fcc\u00fc ter\u00f6r \u00f6rg\u00fct\u00fcne ve t\u00fcm uzant\u0131lar\u0131na y\u00f6nelik tavr\u0131 ve duru\u015fu nettir&#8221;\",\"datePublished\":\"2025-05-08T17:18:38+00:00\",\"mainEntityOfPage\":{\"@id\":\"https:\\\/\\\/memurunsesi.net\\\/index.php\\\/2025\\\/05\\\/08\\\/msb-kaynaklari-msb-ve-tsknin-bolucu-teror-orgutune-ve-tum-uzantilarina-yonelik-tavri-ve-durusu-nettir\\\/\"},\"wordCount\":2267,\"commentCount\":0,\"publisher\":{\"@id\":\"https:\\\/\\\/memurunsesi.net\\\/#organization\"},\"image\":{\"@id\":\"https:\\\/\\\/memurunsesi.net\\\/index.php\\\/2025\\\/05\\\/08\\\/msb-kaynaklari-msb-ve-tsknin-bolucu-teror-orgutune-ve-tum-uzantilarina-yonelik-tavri-ve-durusu-nettir\\\/#primaryimage\"},\"thumbnailUrl\":\"https:\\\/\\\/memurunsesi.net\\\/wp-content\\\/uploads\\\/2025\\\/05\\\/AW450012_02-scaled.jpg\",\"articleSection\":[\"G\u00fcndem\"],\"inLanguage\":\"tr\",\"potentialAction\":[{\"@type\":\"CommentAction\",\"name\":\"Comment\",\"target\":[\"https:\\\/\\\/memurunsesi.net\\\/index.php\\\/2025\\\/05\\\/08\\\/msb-kaynaklari-msb-ve-tsknin-bolucu-teror-orgutune-ve-tum-uzantilarina-yonelik-tavri-ve-durusu-nettir\\\/#respond\"]}]},{\"@type\":\"WebPage\",\"@id\":\"https:\\\/\\\/memurunsesi.net\\\/index.php\\\/2025\\\/05\\\/08\\\/msb-kaynaklari-msb-ve-tsknin-bolucu-teror-orgutune-ve-tum-uzantilarina-yonelik-tavri-ve-durusu-nettir\\\/\",\"url\":\"https:\\\/\\\/memurunsesi.net\\\/index.php\\\/2025\\\/05\\\/08\\\/msb-kaynaklari-msb-ve-tsknin-bolucu-teror-orgutune-ve-tum-uzantilarina-yonelik-tavri-ve-durusu-nettir\\\/\",\"name\":\"MSB kaynaklar\u0131: \\\"MSB ve TSK\u2019n\u0131n b\u00f6l\u00fcc\u00fc ter\u00f6r \u00f6rg\u00fct\u00fcne ve t\u00fcm uzant\u0131lar\u0131na y\u00f6nelik tavr\u0131 ve duru\u015fu nettir\\\" - Memurun Sesi\",\"isPartOf\":{\"@id\":\"https:\\\/\\\/memurunsesi.net\\\/#website\"},\"primaryImageOfPage\":{\"@id\":\"https:\\\/\\\/memurunsesi.net\\\/index.php\\\/2025\\\/05\\\/08\\\/msb-kaynaklari-msb-ve-tsknin-bolucu-teror-orgutune-ve-tum-uzantilarina-yonelik-tavri-ve-durusu-nettir\\\/#primaryimage\"},\"image\":{\"@id\":\"https:\\\/\\\/memurunsesi.net\\\/index.php\\\/2025\\\/05\\\/08\\\/msb-kaynaklari-msb-ve-tsknin-bolucu-teror-orgutune-ve-tum-uzantilarina-yonelik-tavri-ve-durusu-nettir\\\/#primaryimage\"},\"thumbnailUrl\":\"https:\\\/\\\/memurunsesi.net\\\/wp-content\\\/uploads\\\/2025\\\/05\\\/AW450012_02-scaled.jpg\",\"datePublished\":\"2025-05-08T17:18:38+00:00\",\"breadcrumb\":{\"@id\":\"https:\\\/\\\/memurunsesi.net\\\/index.php\\\/2025\\\/05\\\/08\\\/msb-kaynaklari-msb-ve-tsknin-bolucu-teror-orgutune-ve-tum-uzantilarina-yonelik-tavri-ve-durusu-nettir\\\/#breadcrumb\"},\"inLanguage\":\"tr\",\"potentialAction\":[{\"@type\":\"ReadAction\",\"target\":[\"https:\\\/\\\/memurunsesi.net\\\/index.php\\\/2025\\\/05\\\/08\\\/msb-kaynaklari-msb-ve-tsknin-bolucu-teror-orgutune-ve-tum-uzantilarina-yonelik-tavri-ve-durusu-nettir\\\/\"]}]},{\"@type\":\"ImageObject\",\"inLanguage\":\"tr\",\"@id\":\"https:\\\/\\\/memurunsesi.net\\\/index.php\\\/2025\\\/05\\\/08\\\/msb-kaynaklari-msb-ve-tsknin-bolucu-teror-orgutune-ve-tum-uzantilarina-yonelik-tavri-ve-durusu-nettir\\\/#primaryimage\",\"url\":\"https:\\\/\\\/memurunsesi.net\\\/wp-content\\\/uploads\\\/2025\\\/05\\\/AW450012_02-scaled.jpg\",\"contentUrl\":\"https:\\\/\\\/memurunsesi.net\\\/wp-content\\\/uploads\\\/2025\\\/05\\\/AW450012_02-scaled.jpg\",\"width\":2560,\"height\":1707,\"caption\":\"M\u0130LL\u0130 SAVUNMA BAKANLI\u011eI KAYNAKLARI, \\\"SON D\u00d6NEMDE MSB VE TSK'NIN B\u00d6L\u00dcC\u00dc TER\u00d6R \u00d6RG\u00dcT\u00dcNE VE T\u00dcM UZANTILARINA Y\u00d6NEL\u0130K TAVRINDA DE\u011e\u0130\u015e\u0130KL\u0130K OLDU\u011eU ALGISI OLU\u015eTURULMAYA \u00c7ALI\u015eILMAKTADIR. MSB VE TSK'NIN B\u00d6L\u00dcC\u00dc TER\u00d6R \u00d6RG\u00dcT\u00dcNE VE T\u00dcM UZANTILARINA Y\u00d6NEL\u0130K TAVRI VE DURU\u015eU NETT\u0130R\\\" DED\u0130. (\u0130HA\\\/ANKARA-\u0130HA) Milli Savunma Bakanl\u0131\u011f\u0131 kaynaklar\u0131, \\\"Son d\u00f6nemde Milli Savunma Bakanl\u0131\u011f\u0131 ve TSK'n\u0131n b\u00f6l\u00fcc\u00fc ter\u00f6r \u00f6rg\u00fct\u00fcne ve t\u00fcm uzant\u0131lar\u0131na y\u00f6nelik tavr\u0131nda de\u011fi\u015fiklik oldu\u011fu alg\u0131s\u0131 olu\u015fturulmaya \u00e7al\u0131\u015f\u0131lmaktad\u0131r. Milli Savunma Bakanl\u0131\u011f\u0131 ve TSK'n\u0131n b\u00f6l\u00fcc\u00fc ter\u00f6r \u00f6rg\u00fct\u00fcne ve t\u00fcm uzant\u0131lar\u0131na y\u00f6nelik tavr\u0131 ve duru\u015fu nettir\\\" dedi.\"},{\"@type\":\"BreadcrumbList\",\"@id\":\"https:\\\/\\\/memurunsesi.net\\\/index.php\\\/2025\\\/05\\\/08\\\/msb-kaynaklari-msb-ve-tsknin-bolucu-teror-orgutune-ve-tum-uzantilarina-yonelik-tavri-ve-durusu-nettir\\\/#breadcrumb\",\"itemListElement\":[{\"@type\":\"ListItem\",\"position\":1,\"name\":\"Anasayfa\",\"item\":\"https:\\\/\\\/memurunsesi.net\\\/\"},{\"@type\":\"ListItem\",\"position\":2,\"name\":\"MSB kaynaklar\u0131: &#8220;MSB ve TSK\u2019n\u0131n b\u00f6l\u00fcc\u00fc ter\u00f6r \u00f6rg\u00fct\u00fcne ve t\u00fcm uzant\u0131lar\u0131na y\u00f6nelik tavr\u0131 ve duru\u015fu nettir&#8221;\"}]},{\"@type\":\"WebSite\",\"@id\":\"https:\\\/\\\/memurunsesi.net\\\/#website\",\"url\":\"https:\\\/\\\/memurunsesi.net\\\/\",\"name\":\"Memurun Sesi\",\"description\":\"G\u00fcncel ve Do\u011fru Haber\",\"publisher\":{\"@id\":\"https:\\\/\\\/memurunsesi.net\\\/#organization\"},\"potentialAction\":[{\"@type\":\"SearchAction\",\"target\":{\"@type\":\"EntryPoint\",\"urlTemplate\":\"https:\\\/\\\/memurunsesi.net\\\/?s={search_term_string}\"},\"query-input\":{\"@type\":\"PropertyValueSpecification\",\"valueRequired\":true,\"valueName\":\"search_term_string\"}}],\"inLanguage\":\"tr\"},{\"@type\":\"Organization\",\"@id\":\"https:\\\/\\\/memurunsesi.net\\\/#organization\",\"name\":\"Memurun Sesi\",\"url\":\"https:\\\/\\\/memurunsesi.net\\\/\",\"logo\":{\"@type\":\"ImageObject\",\"inLanguage\":\"tr\",\"@id\":\"https:\\\/\\\/memurunsesi.net\\\/#\\\/schema\\\/logo\\\/image\\\/\",\"url\":\"https:\\\/\\\/memurunsesi.net\\\/wp-content\\\/uploads\\\/2025\\\/11\\\/cropped-MEMURUN-SESI.png\",\"contentUrl\":\"https:\\\/\\\/memurunsesi.net\\\/wp-content\\\/uploads\\\/2025\\\/11\\\/cropped-MEMURUN-SESI.png\",\"width\":238,\"height\":57,\"caption\":\"Memurun Sesi\"},\"image\":{\"@id\":\"https:\\\/\\\/memurunsesi.net\\\/#\\\/schema\\\/logo\\\/image\\\/\"},\"sameAs\":[\"https:\\\/\\\/www.facebook.com\\\/unipersen\\\/?locale=tr_TR\",\"https:\\\/\\\/x.com\\\/unipersen\"]},{\"@type\":\"Person\",\"@id\":\"https:\\\/\\\/memurunsesi.net\\\/#\\\/schema\\\/person\\\/f21c2d73b89f6ee1d80b0a1803e38587\",\"name\":\"Memurun Sesi Haber Merkezi\",\"image\":{\"@type\":\"ImageObject\",\"inLanguage\":\"tr\",\"@id\":\"https:\\\/\\\/secure.gravatar.com\\\/avatar\\\/6cf0505f452ee753f485014986fab09a434671d2b919ee76fc541025c5876a70?s=96&d=mm&r=g\",\"url\":\"https:\\\/\\\/secure.gravatar.com\\\/avatar\\\/6cf0505f452ee753f485014986fab09a434671d2b919ee76fc541025c5876a70?s=96&d=mm&r=g\",\"contentUrl\":\"https:\\\/\\\/secure.gravatar.com\\\/avatar\\\/6cf0505f452ee753f485014986fab09a434671d2b919ee76fc541025c5876a70?s=96&d=mm&r=g\",\"caption\":\"Memurun Sesi Haber Merkezi\"},\"sameAs\":[\"https:\\\/\\\/memurunsesi.net\"],\"url\":\"https:\\\/\\\/memurunsesi.net\\\/index.php\\\/author\\\/uniper\\\/\"}]}<\/script>\n<!-- \/ Yoast SEO plugin. -->","yoast_head_json":{"title":"MSB kaynaklar\u0131: \"MSB ve TSK\u2019n\u0131n b\u00f6l\u00fcc\u00fc ter\u00f6r \u00f6rg\u00fct\u00fcne ve t\u00fcm uzant\u0131lar\u0131na y\u00f6nelik tavr\u0131 ve duru\u015fu nettir\" - Memurun Sesi","robots":{"index":"index","follow":"follow","max-snippet":"max-snippet:-1","max-image-preview":"max-image-preview:large","max-video-preview":"max-video-preview:-1"},"canonical":"https:\/\/memurunsesi.net\/index.php\/2025\/05\/08\/msb-kaynaklari-msb-ve-tsknin-bolucu-teror-orgutune-ve-tum-uzantilarina-yonelik-tavri-ve-durusu-nettir\/","og_locale":"tr_TR","og_type":"article","og_title":"MSB kaynaklar\u0131: \"MSB ve TSK\u2019n\u0131n b\u00f6l\u00fcc\u00fc ter\u00f6r \u00f6rg\u00fct\u00fcne ve t\u00fcm uzant\u0131lar\u0131na y\u00f6nelik tavr\u0131 ve duru\u015fu nettir\" - Memurun Sesi","og_description":"&#8211; Milli Savunma Bakanl\u0131\u011f\u0131 kaynaklar\u0131, &#8220;Son d\u00f6nemde Milli Savunma Bakanl\u0131\u011f\u0131 ve TSK\u2019n\u0131n b\u00f6l\u00fcc\u00fc ter\u00f6r \u00f6rg\u00fct\u00fcne ve t\u00fcm uzant\u0131lar\u0131na y\u00f6nelik tavr\u0131nda de\u011fi\u015fiklik oldu\u011fu alg\u0131s\u0131 olu\u015fturulmaya \u00e7al\u0131\u015f\u0131lmaktad\u0131r. Milli Savunma Bakanl\u0131\u011f\u0131 ve TSK\u2019n\u0131n b\u00f6l\u00fcc\u00fc ter\u00f6r \u00f6rg\u00fct\u00fcne ve t\u00fcm uzant\u0131lar\u0131na y\u00f6nelik tavr\u0131 ve duru\u015fu nettir&#8221; dedi. Milli Savunma Bakanl\u0131\u011f\u0131 taraf\u0131ndan haftal\u0131k bilgilendirme toplant\u0131s\u0131 ger\u00e7ekle\u015ftirildi. T\u00fcrk Silahl\u0131 Kuvvetleri \u0130nsani Yard\u0131m [&hellip;]","og_url":"https:\/\/memurunsesi.net\/index.php\/2025\/05\/08\/msb-kaynaklari-msb-ve-tsknin-bolucu-teror-orgutune-ve-tum-uzantilarina-yonelik-tavri-ve-durusu-nettir\/","og_site_name":"Memurun Sesi","article_publisher":"https:\/\/www.facebook.com\/unipersen\/?locale=tr_TR","article_published_time":"2025-05-08T17:18:38+00:00","og_image":[{"width":2560,"height":1707,"url":"https:\/\/memurunsesi.net\/wp-content\/uploads\/2025\/05\/AW450012_02-scaled.jpg","type":"image\/jpeg"}],"author":"Memurun Sesi Haber Merkezi","twitter_card":"summary_large_image","twitter_creator":"@unipersen","twitter_site":"@unipersen","twitter_misc":{"Yazan:":"Memurun Sesi Haber Merkezi","Tahmini okuma s\u00fcresi":"1 dakika"},"schema":{"@context":"https:\/\/schema.org","@graph":[{"@type":"Article","@id":"https:\/\/memurunsesi.net\/index.php\/2025\/05\/08\/msb-kaynaklari-msb-ve-tsknin-bolucu-teror-orgutune-ve-tum-uzantilarina-yonelik-tavri-ve-durusu-nettir\/#article","isPartOf":{"@id":"https:\/\/memurunsesi.net\/index.php\/2025\/05\/08\/msb-kaynaklari-msb-ve-tsknin-bolucu-teror-orgutune-ve-tum-uzantilarina-yonelik-tavri-ve-durusu-nettir\/"},"author":{"name":"Memurun Sesi Haber Merkezi","@id":"https:\/\/memurunsesi.net\/#\/schema\/person\/f21c2d73b89f6ee1d80b0a1803e38587"},"headline":"MSB kaynaklar\u0131: &#8220;MSB ve TSK\u2019n\u0131n b\u00f6l\u00fcc\u00fc ter\u00f6r \u00f6rg\u00fct\u00fcne ve t\u00fcm uzant\u0131lar\u0131na y\u00f6nelik tavr\u0131 ve duru\u015fu nettir&#8221;","datePublished":"2025-05-08T17:18:38+00:00","mainEntityOfPage":{"@id":"https:\/\/memurunsesi.net\/index.php\/2025\/05\/08\/msb-kaynaklari-msb-ve-tsknin-bolucu-teror-orgutune-ve-tum-uzantilarina-yonelik-tavri-ve-durusu-nettir\/"},"wordCount":2267,"commentCount":0,"publisher":{"@id":"https:\/\/memurunsesi.net\/#organization"},"image":{"@id":"https:\/\/memurunsesi.net\/index.php\/2025\/05\/08\/msb-kaynaklari-msb-ve-tsknin-bolucu-teror-orgutune-ve-tum-uzantilarina-yonelik-tavri-ve-durusu-nettir\/#primaryimage"},"thumbnailUrl":"https:\/\/memurunsesi.net\/wp-content\/uploads\/2025\/05\/AW450012_02-scaled.jpg","articleSection":["G\u00fcndem"],"inLanguage":"tr","potentialAction":[{"@type":"CommentAction","name":"Comment","target":["https:\/\/memurunsesi.net\/index.php\/2025\/05\/08\/msb-kaynaklari-msb-ve-tsknin-bolucu-teror-orgutune-ve-tum-uzantilarina-yonelik-tavri-ve-durusu-nettir\/#respond"]}]},{"@type":"WebPage","@id":"https:\/\/memurunsesi.net\/index.php\/2025\/05\/08\/msb-kaynaklari-msb-ve-tsknin-bolucu-teror-orgutune-ve-tum-uzantilarina-yonelik-tavri-ve-durusu-nettir\/","url":"https:\/\/memurunsesi.net\/index.php\/2025\/05\/08\/msb-kaynaklari-msb-ve-tsknin-bolucu-teror-orgutune-ve-tum-uzantilarina-yonelik-tavri-ve-durusu-nettir\/","name":"MSB kaynaklar\u0131: \"MSB ve TSK\u2019n\u0131n b\u00f6l\u00fcc\u00fc ter\u00f6r \u00f6rg\u00fct\u00fcne ve t\u00fcm uzant\u0131lar\u0131na y\u00f6nelik tavr\u0131 ve duru\u015fu nettir\" - Memurun Sesi","isPartOf":{"@id":"https:\/\/memurunsesi.net\/#website"},"primaryImageOfPage":{"@id":"https:\/\/memurunsesi.net\/index.php\/2025\/05\/08\/msb-kaynaklari-msb-ve-tsknin-bolucu-teror-orgutune-ve-tum-uzantilarina-yonelik-tavri-ve-durusu-nettir\/#primaryimage"},"image":{"@id":"https:\/\/memurunsesi.net\/index.php\/2025\/05\/08\/msb-kaynaklari-msb-ve-tsknin-bolucu-teror-orgutune-ve-tum-uzantilarina-yonelik-tavri-ve-durusu-nettir\/#primaryimage"},"thumbnailUrl":"https:\/\/memurunsesi.net\/wp-content\/uploads\/2025\/05\/AW450012_02-scaled.jpg","datePublished":"2025-05-08T17:18:38+00:00","breadcrumb":{"@id":"https:\/\/memurunsesi.net\/index.php\/2025\/05\/08\/msb-kaynaklari-msb-ve-tsknin-bolucu-teror-orgutune-ve-tum-uzantilarina-yonelik-tavri-ve-durusu-nettir\/#breadcrumb"},"inLanguage":"tr","potentialAction":[{"@type":"ReadAction","target":["https:\/\/memurunsesi.net\/index.php\/2025\/05\/08\/msb-kaynaklari-msb-ve-tsknin-bolucu-teror-orgutune-ve-tum-uzantilarina-yonelik-tavri-ve-durusu-nettir\/"]}]},{"@type":"ImageObject","inLanguage":"tr","@id":"https:\/\/memurunsesi.net\/index.php\/2025\/05\/08\/msb-kaynaklari-msb-ve-tsknin-bolucu-teror-orgutune-ve-tum-uzantilarina-yonelik-tavri-ve-durusu-nettir\/#primaryimage","url":"https:\/\/memurunsesi.net\/wp-content\/uploads\/2025\/05\/AW450012_02-scaled.jpg","contentUrl":"https:\/\/memurunsesi.net\/wp-content\/uploads\/2025\/05\/AW450012_02-scaled.jpg","width":2560,"height":1707,"caption":"M\u0130LL\u0130 SAVUNMA BAKANLI\u011eI KAYNAKLARI, \"SON D\u00d6NEMDE MSB VE TSK'NIN B\u00d6L\u00dcC\u00dc TER\u00d6R \u00d6RG\u00dcT\u00dcNE VE T\u00dcM UZANTILARINA Y\u00d6NEL\u0130K TAVRINDA DE\u011e\u0130\u015e\u0130KL\u0130K OLDU\u011eU ALGISI OLU\u015eTURULMAYA \u00c7ALI\u015eILMAKTADIR. MSB VE TSK'NIN B\u00d6L\u00dcC\u00dc TER\u00d6R \u00d6RG\u00dcT\u00dcNE VE T\u00dcM UZANTILARINA Y\u00d6NEL\u0130K TAVRI VE DURU\u015eU NETT\u0130R\" DED\u0130. (\u0130HA\/ANKARA-\u0130HA) Milli Savunma Bakanl\u0131\u011f\u0131 kaynaklar\u0131, \"Son d\u00f6nemde Milli Savunma Bakanl\u0131\u011f\u0131 ve TSK'n\u0131n b\u00f6l\u00fcc\u00fc ter\u00f6r \u00f6rg\u00fct\u00fcne ve t\u00fcm uzant\u0131lar\u0131na y\u00f6nelik tavr\u0131nda de\u011fi\u015fiklik oldu\u011fu alg\u0131s\u0131 olu\u015fturulmaya \u00e7al\u0131\u015f\u0131lmaktad\u0131r. Milli Savunma Bakanl\u0131\u011f\u0131 ve TSK'n\u0131n b\u00f6l\u00fcc\u00fc ter\u00f6r \u00f6rg\u00fct\u00fcne ve t\u00fcm uzant\u0131lar\u0131na y\u00f6nelik tavr\u0131 ve duru\u015fu nettir\" dedi."},{"@type":"BreadcrumbList","@id":"https:\/\/memurunsesi.net\/index.php\/2025\/05\/08\/msb-kaynaklari-msb-ve-tsknin-bolucu-teror-orgutune-ve-tum-uzantilarina-yonelik-tavri-ve-durusu-nettir\/#breadcrumb","itemListElement":[{"@type":"ListItem","position":1,"name":"Anasayfa","item":"https:\/\/memurunsesi.net\/"},{"@type":"ListItem","position":2,"name":"MSB kaynaklar\u0131: &#8220;MSB ve TSK\u2019n\u0131n b\u00f6l\u00fcc\u00fc ter\u00f6r \u00f6rg\u00fct\u00fcne ve t\u00fcm uzant\u0131lar\u0131na y\u00f6nelik tavr\u0131 ve duru\u015fu nettir&#8221;"}]},{"@type":"WebSite","@id":"https:\/\/memurunsesi.net\/#website","url":"https:\/\/memurunsesi.net\/","name":"Memurun Sesi","description":"G\u00fcncel ve Do\u011fru Haber","publisher":{"@id":"https:\/\/memurunsesi.net\/#organization"},"potentialAction":[{"@type":"SearchAction","target":{"@type":"EntryPoint","urlTemplate":"https:\/\/memurunsesi.net\/?s={search_term_string}"},"query-input":{"@type":"PropertyValueSpecification","valueRequired":true,"valueName":"search_term_string"}}],"inLanguage":"tr"},{"@type":"Organization","@id":"https:\/\/memurunsesi.net\/#organization","name":"Memurun Sesi","url":"https:\/\/memurunsesi.net\/","logo":{"@type":"ImageObject","inLanguage":"tr","@id":"https:\/\/memurunsesi.net\/#\/schema\/logo\/image\/","url":"https:\/\/memurunsesi.net\/wp-content\/uploads\/2025\/11\/cropped-MEMURUN-SESI.png","contentUrl":"https:\/\/memurunsesi.net\/wp-content\/uploads\/2025\/11\/cropped-MEMURUN-SESI.png","width":238,"height":57,"caption":"Memurun Sesi"},"image":{"@id":"https:\/\/memurunsesi.net\/#\/schema\/logo\/image\/"},"sameAs":["https:\/\/www.facebook.com\/unipersen\/?locale=tr_TR","https:\/\/x.com\/unipersen"]},{"@type":"Person","@id":"https:\/\/memurunsesi.net\/#\/schema\/person\/f21c2d73b89f6ee1d80b0a1803e38587","name":"Memurun Sesi Haber Merkezi","image":{"@type":"ImageObject","inLanguage":"tr","@id":"https:\/\/secure.gravatar.com\/avatar\/6cf0505f452ee753f485014986fab09a434671d2b919ee76fc541025c5876a70?s=96&d=mm&r=g","url":"https:\/\/secure.gravatar.com\/avatar\/6cf0505f452ee753f485014986fab09a434671d2b919ee76fc541025c5876a70?s=96&d=mm&r=g","contentUrl":"https:\/\/secure.gravatar.com\/avatar\/6cf0505f452ee753f485014986fab09a434671d2b919ee76fc541025c5876a70?s=96&d=mm&r=g","caption":"Memurun Sesi Haber Merkezi"},"sameAs":["https:\/\/memurunsesi.net"],"url":"https:\/\/memurunsesi.net\/index.php\/author\/uniper\/"}]}},"_links":{"self":[{"href":"https:\/\/memurunsesi.net\/index.php\/wp-json\/wp\/v2\/posts\/6730","targetHints":{"allow":["GET"]}}],"collection":[{"href":"https:\/\/memurunsesi.net\/index.php\/wp-json\/wp\/v2\/posts"}],"about":[{"href":"https:\/\/memurunsesi.net\/index.php\/wp-json\/wp\/v2\/types\/post"}],"author":[{"embeddable":true,"href":"https:\/\/memurunsesi.net\/index.php\/wp-json\/wp\/v2\/users\/1"}],"replies":[{"embeddable":true,"href":"https:\/\/memurunsesi.net\/index.php\/wp-json\/wp\/v2\/comments?post=6730"}],"version-history":[{"count":1,"href":"https:\/\/memurunsesi.net\/index.php\/wp-json\/wp\/v2\/posts\/6730\/revisions"}],"predecessor-version":[{"id":6732,"href":"https:\/\/memurunsesi.net\/index.php\/wp-json\/wp\/v2\/posts\/6730\/revisions\/6732"}],"wp:featuredmedia":[{"embeddable":true,"href":"https:\/\/memurunsesi.net\/index.php\/wp-json\/wp\/v2\/media\/6731"}],"wp:attachment":[{"href":"https:\/\/memurunsesi.net\/index.php\/wp-json\/wp\/v2\/media?parent=6730"}],"wp:term":[{"taxonomy":"category","embeddable":true,"href":"https:\/\/memurunsesi.net\/index.php\/wp-json\/wp\/v2\/categories?post=6730"},{"taxonomy":"post_tag","embeddable":true,"href":"https:\/\/memurunsesi.net\/index.php\/wp-json\/wp\/v2\/tags?post=6730"}],"curies":[{"name":"wp","href":"https:\/\/api.w.org\/{rel}","templated":true}]}}