{"id":6742,"date":"2025-05-09T20:07:18","date_gmt":"2025-05-09T17:07:18","guid":{"rendered":"https:\/\/memurunsesi.net\/?p=6742"},"modified":"2025-05-09T20:07:18","modified_gmt":"2025-05-09T17:07:18","slug":"ameliyathanelerin-tekstil-urunleri-universite-ogrencilerinin-elinden-cikiyor","status":"publish","type":"post","link":"https:\/\/memurunsesi.net\/index.php\/2025\/05\/09\/ameliyathanelerin-tekstil-urunleri-universite-ogrencilerinin-elinden-cikiyor\/","title":{"rendered":"Ameliyathanelerin tekstil \u00fcr\u00fcnleri \u00fcniversite \u00f6\u011frencilerinin elinden \u00e7\u0131k\u0131yor"},"content":{"rendered":"<p>\n   &#8211; Edirne Teknik Bilimler Meslek Y\u00fcksekokulu \u00f6\u011frencileri 2024-2025 g\u00fcz d\u00f6neminden itibaren mesleki beceri kazanmak amac\u0131yla ve sosyal sorumluluk \u00e7er\u00e7evesinde T\u0131p Fak\u00fcltesi Hastanesine \u00e7e\u015fitli ameliyat tekstil \u00fcr\u00fcnleri \u00fcretiyor.<br \/>\nTrakya \u00dcniversitesi alt yap\u0131 proje deste\u011fi ile Giyim \u00dcretim Teknolojisi Program\u0131 At\u00f6lyesine al\u0131nan makine, \u00e7e\u015fitli ara\u00e7 ve gere\u00e7lerle \u00fcretim ger\u00e7ekle\u015ftiriliyor.<br \/>\n  Fabrikalardaki \u00fcretim bi\u00e7imi olan bant sistemi \u015feklinde \u00e7al\u0131\u015fan at\u00f6lye grubu, periyodik de\u011fi\u015fimlerle, kal\u0131p haz\u0131rlama, kesim, overlok \u00e7ekimi, dikim, \u00fct\u00fc, kalite kontrol, ambalajlama i\u015flemlerini ger\u00e7ekle\u015ftiriyor. Bu y\u0131l faydal\u0131 \u00fcr\u00fcn grubu olarak, T\u0131p Fak\u00fcltesi Hastanesinde kullan\u0131lan ameliyathane tekstil \u00fcr\u00fcnlerini se\u00e7erek h\u0131zl\u0131 bir \u00fcretim program\u0131 uygulad\u0131klar\u0131n\u0131 belirten B\u00f6l\u00fcm Ba\u015fkan\u0131 Do\u00e7. Dr. Nilg\u00fcn Becenen, ama\u00e7lar\u0131n\u0131n \u00f6\u011frencilere \u00f6\u011frenirken \u00fcretme al\u0131\u015fkanl\u0131\u011f\u0131 kazand\u0131rmak oldu\u011funu kaydetti.<br \/>\n  T\u0131p Fak\u00fcltesi Hastanesi Ba\u015fhekimi Prof. Dr. Alkin \u00c7olak, Teknik Bilimler Meslek Y\u00fcksekokulu sayesinde hastane i\u00e7in \u00fcretilen ameliyat tekstil \u00fcr\u00fcnlerinde d\u0131\u015fa ba\u011f\u0131ml\u0131l\u0131\u011f\u0131n \u00f6n\u00fcne ge\u00e7ilmi\u015f oldu\u011funu belirtti.<br \/>\n  Rekt\u00f6r Yard\u0131mc\u0131s\u0131 ve T\u0131p Fak\u00fcltesi Dekan\u0131 Prof. Dr. Sedat \u00dcst\u00fcnda\u011f da \u00f6\u011frencilerin bu katk\u0131s\u0131n\u0131 \u00e7ok anlaml\u0131 bulduklar\u0131n\u0131 ifade etti<br \/>\n  2024 y\u0131l\u0131 Ekim ay\u0131ndan itibaren T\u0131p Fak\u00fcltesi Hastanesinden gelen kuma\u015flar ile B\u00f6l\u00fcm Ba\u015fkan\u0131 Do\u00e7. Dr. Nilg\u00fcn Becenen ve Dr. \u00d6\u011fr. \u00dcyesi Hayri \u015een&#8217;in koordinat\u00f6rl\u00fc\u011f\u00fcnde,15 \u00f6\u011frenci ile 550 adet delikli ameliyathane \u00f6rt\u00fcs\u00fc, 250 adet sedye \u00f6rt\u00fcs\u00fc, 100 adet kum torbas\u0131, 100 adet yast\u0131k k\u0131l\u0131f\u0131 ve 50 adet alet \u00f6rt\u00fcs\u00fc \u00fcretilirken May\u0131s ay\u0131nda da \u00e7e\u015fitli ama\u00e7lar i\u00e7in kullan\u0131lacak 200 adet \u00e7anta dikildi. <\/p>\n<p>9.05.2025                                   <\/p>\n","protected":false},"excerpt":{"rendered":"<p>&#8211; Edirne Teknik Bilimler Meslek Y\u00fcksekokulu \u00f6\u011frencileri 2024-2025 g\u00fcz d\u00f6neminden itibaren mesleki beceri kazanmak amac\u0131yla ve sosyal sorumluluk \u00e7er\u00e7evesinde T\u0131p Fak\u00fcltesi Hastanesine \u00e7e\u015fitli ameliyat tekstil \u00fcr\u00fcnleri \u00fcretiyor. Trakya \u00dcniversitesi alt yap\u0131 proje deste\u011fi ile Giyim \u00dcretim Teknolojisi Program\u0131 At\u00f6lyesine al\u0131nan makine, \u00e7e\u015fitli ara\u00e7 ve gere\u00e7lerle \u00fcretim ger\u00e7ekle\u015ftiriliyor. Fabrikalardaki \u00fcretim bi\u00e7imi olan bant sistemi \u015feklinde \u00e7al\u0131\u015fan [&hellip;]<\/p>\n","protected":false},"author":1,"featured_media":6743,"comment_status":"open","ping_status":"open","sticky":false,"template":"","format":"standard","meta":{"footnotes":""},"categories":[48],"tags":[],"class_list":["post-6742","post","type-post","status-publish","format-standard","has-post-thumbnail","hentry","category-ekonomi"],"yoast_head":"<!-- This site is optimized with the Yoast SEO plugin v27.4 - https:\/\/yoast.com\/product\/yoast-seo-wordpress\/ -->\n<title>Ameliyathanelerin tekstil \u00fcr\u00fcnleri \u00fcniversite \u00f6\u011frencilerinin elinden \u00e7\u0131k\u0131yor - Memurun Sesi<\/title>\n<meta name=\"robots\" content=\"index, follow, max-snippet:-1, max-image-preview:large, max-video-preview:-1\" \/>\n<link rel=\"canonical\" href=\"https:\/\/memurunsesi.net\/index.php\/2025\/05\/09\/ameliyathanelerin-tekstil-urunleri-universite-ogrencilerinin-elinden-cikiyor\/\" \/>\n<meta property=\"og:locale\" content=\"tr_TR\" \/>\n<meta property=\"og:type\" content=\"article\" \/>\n<meta property=\"og:title\" content=\"Ameliyathanelerin tekstil \u00fcr\u00fcnleri \u00fcniversite \u00f6\u011frencilerinin elinden \u00e7\u0131k\u0131yor - Memurun Sesi\" \/>\n<meta property=\"og:description\" content=\"&#8211; Edirne Teknik Bilimler Meslek Y\u00fcksekokulu \u00f6\u011frencileri 2024-2025 g\u00fcz d\u00f6neminden itibaren mesleki beceri kazanmak amac\u0131yla ve sosyal sorumluluk \u00e7er\u00e7evesinde T\u0131p Fak\u00fcltesi Hastanesine \u00e7e\u015fitli ameliyat tekstil \u00fcr\u00fcnleri \u00fcretiyor. Trakya \u00dcniversitesi alt yap\u0131 proje deste\u011fi ile Giyim \u00dcretim Teknolojisi Program\u0131 At\u00f6lyesine al\u0131nan makine, \u00e7e\u015fitli ara\u00e7 ve gere\u00e7lerle \u00fcretim ger\u00e7ekle\u015ftiriliyor. Fabrikalardaki \u00fcretim bi\u00e7imi olan bant sistemi \u015feklinde \u00e7al\u0131\u015fan [&hellip;]\" \/>\n<meta property=\"og:url\" content=\"https:\/\/memurunsesi.net\/index.php\/2025\/05\/09\/ameliyathanelerin-tekstil-urunleri-universite-ogrencilerinin-elinden-cikiyor\/\" \/>\n<meta property=\"og:site_name\" content=\"Memurun Sesi\" \/>\n<meta property=\"article:publisher\" content=\"https:\/\/www.facebook.com\/unipersen\/?locale=tr_TR\" \/>\n<meta property=\"article:published_time\" content=\"2025-05-09T17:07:18+00:00\" \/>\n<meta property=\"og:image\" content=\"https:\/\/memurunsesi.net\/wp-content\/uploads\/2025\/05\/AW450966_02.jpg\" \/>\n\t<meta property=\"og:image:width\" content=\"1268\" \/>\n\t<meta property=\"og:image:height\" content=\"845\" \/>\n\t<meta property=\"og:image:type\" content=\"image\/jpeg\" \/>\n<meta name=\"author\" content=\"Memurun Sesi Haber Merkezi\" \/>\n<meta name=\"twitter:card\" content=\"summary_large_image\" \/>\n<meta name=\"twitter:creator\" content=\"@unipersen\" \/>\n<meta name=\"twitter:site\" content=\"@unipersen\" \/>\n<meta name=\"twitter:label1\" content=\"Yazan:\" \/>\n\t<meta name=\"twitter:data1\" content=\"Memurun Sesi Haber Merkezi\" \/>\n<script type=\"application\/ld+json\" class=\"yoast-schema-graph\">{\"@context\":\"https:\\\/\\\/schema.org\",\"@graph\":[{\"@type\":\"Article\",\"@id\":\"https:\\\/\\\/memurunsesi.net\\\/index.php\\\/2025\\\/05\\\/09\\\/ameliyathanelerin-tekstil-urunleri-universite-ogrencilerinin-elinden-cikiyor\\\/#article\",\"isPartOf\":{\"@id\":\"https:\\\/\\\/memurunsesi.net\\\/index.php\\\/2025\\\/05\\\/09\\\/ameliyathanelerin-tekstil-urunleri-universite-ogrencilerinin-elinden-cikiyor\\\/\"},\"author\":{\"name\":\"Memurun Sesi Haber Merkezi\",\"@id\":\"https:\\\/\\\/memurunsesi.net\\\/#\\\/schema\\\/person\\\/f21c2d73b89f6ee1d80b0a1803e38587\"},\"headline\":\"Ameliyathanelerin tekstil \u00fcr\u00fcnleri \u00fcniversite \u00f6\u011frencilerinin elinden \u00e7\u0131k\u0131yor\",\"datePublished\":\"2025-05-09T17:07:18+00:00\",\"mainEntityOfPage\":{\"@id\":\"https:\\\/\\\/memurunsesi.net\\\/index.php\\\/2025\\\/05\\\/09\\\/ameliyathanelerin-tekstil-urunleri-universite-ogrencilerinin-elinden-cikiyor\\\/\"},\"wordCount\":303,\"commentCount\":0,\"publisher\":{\"@id\":\"https:\\\/\\\/memurunsesi.net\\\/#organization\"},\"image\":{\"@id\":\"https:\\\/\\\/memurunsesi.net\\\/index.php\\\/2025\\\/05\\\/09\\\/ameliyathanelerin-tekstil-urunleri-universite-ogrencilerinin-elinden-cikiyor\\\/#primaryimage\"},\"thumbnailUrl\":\"https:\\\/\\\/memurunsesi.net\\\/wp-content\\\/uploads\\\/2025\\\/05\\\/AW450966_02.jpg\",\"articleSection\":[\"Ekonomi\"],\"inLanguage\":\"tr\",\"potentialAction\":[{\"@type\":\"CommentAction\",\"name\":\"Comment\",\"target\":[\"https:\\\/\\\/memurunsesi.net\\\/index.php\\\/2025\\\/05\\\/09\\\/ameliyathanelerin-tekstil-urunleri-universite-ogrencilerinin-elinden-cikiyor\\\/#respond\"]}]},{\"@type\":\"WebPage\",\"@id\":\"https:\\\/\\\/memurunsesi.net\\\/index.php\\\/2025\\\/05\\\/09\\\/ameliyathanelerin-tekstil-urunleri-universite-ogrencilerinin-elinden-cikiyor\\\/\",\"url\":\"https:\\\/\\\/memurunsesi.net\\\/index.php\\\/2025\\\/05\\\/09\\\/ameliyathanelerin-tekstil-urunleri-universite-ogrencilerinin-elinden-cikiyor\\\/\",\"name\":\"Ameliyathanelerin tekstil \u00fcr\u00fcnleri \u00fcniversite \u00f6\u011frencilerinin elinden \u00e7\u0131k\u0131yor - Memurun Sesi\",\"isPartOf\":{\"@id\":\"https:\\\/\\\/memurunsesi.net\\\/#website\"},\"primaryImageOfPage\":{\"@id\":\"https:\\\/\\\/memurunsesi.net\\\/index.php\\\/2025\\\/05\\\/09\\\/ameliyathanelerin-tekstil-urunleri-universite-ogrencilerinin-elinden-cikiyor\\\/#primaryimage\"},\"image\":{\"@id\":\"https:\\\/\\\/memurunsesi.net\\\/index.php\\\/2025\\\/05\\\/09\\\/ameliyathanelerin-tekstil-urunleri-universite-ogrencilerinin-elinden-cikiyor\\\/#primaryimage\"},\"thumbnailUrl\":\"https:\\\/\\\/memurunsesi.net\\\/wp-content\\\/uploads\\\/2025\\\/05\\\/AW450966_02.jpg\",\"datePublished\":\"2025-05-09T17:07:18+00:00\",\"breadcrumb\":{\"@id\":\"https:\\\/\\\/memurunsesi.net\\\/index.php\\\/2025\\\/05\\\/09\\\/ameliyathanelerin-tekstil-urunleri-universite-ogrencilerinin-elinden-cikiyor\\\/#breadcrumb\"},\"inLanguage\":\"tr\",\"potentialAction\":[{\"@type\":\"ReadAction\",\"target\":[\"https:\\\/\\\/memurunsesi.net\\\/index.php\\\/2025\\\/05\\\/09\\\/ameliyathanelerin-tekstil-urunleri-universite-ogrencilerinin-elinden-cikiyor\\\/\"]}]},{\"@type\":\"ImageObject\",\"inLanguage\":\"tr\",\"@id\":\"https:\\\/\\\/memurunsesi.net\\\/index.php\\\/2025\\\/05\\\/09\\\/ameliyathanelerin-tekstil-urunleri-universite-ogrencilerinin-elinden-cikiyor\\\/#primaryimage\",\"url\":\"https:\\\/\\\/memurunsesi.net\\\/wp-content\\\/uploads\\\/2025\\\/05\\\/AW450966_02.jpg\",\"contentUrl\":\"https:\\\/\\\/memurunsesi.net\\\/wp-content\\\/uploads\\\/2025\\\/05\\\/AW450966_02.jpg\",\"width\":1268,\"height\":845,\"caption\":\"ED\u0130RNE TEKN\u0130K B\u0130L\u0130MLER MESLEK Y\u00dcKSEKOKULU \u00d6\u011eRENC\u0130LER\u0130 2024-2025 G\u00dcZ D\u00d6NEM\u0130NDEN \u0130T\u0130BAREN MESLEK\u0130 BECER\u0130 KAZANMAK AMACIYLA VE SOSYAL SORUMLULUK \u00c7ER\u00c7EVES\u0130NDE TIP FAK\u00dcLTES\u0130 HASTANES\u0130NE \u00c7E\u015e\u0130TL\u0130 AMEL\u0130YAT TEKST\u0130L \u00dcR\u00dcNLER\u0130 \u00dcRET\u0130YOR. (MESUT \u00c7INAR\\\/ED\u0130RNE-\u0130HA) Edirne Teknik Bilimler Meslek Y\u00fcksekokulu \u00f6\u011frencileri 2024-2025 g\u00fcz d\u00f6neminden itibaren mesleki beceri kazanmak amac\u0131yla ve sosyal sorumluluk \u00e7er\u00e7evesinde T\u0131p Fak\u00fcltesi Hastanesine \u00e7e\u015fitli ameliyat tekstil \u00fcr\u00fcnleri \u00fcretiyor.\"},{\"@type\":\"BreadcrumbList\",\"@id\":\"https:\\\/\\\/memurunsesi.net\\\/index.php\\\/2025\\\/05\\\/09\\\/ameliyathanelerin-tekstil-urunleri-universite-ogrencilerinin-elinden-cikiyor\\\/#breadcrumb\",\"itemListElement\":[{\"@type\":\"ListItem\",\"position\":1,\"name\":\"Anasayfa\",\"item\":\"https:\\\/\\\/memurunsesi.net\\\/\"},{\"@type\":\"ListItem\",\"position\":2,\"name\":\"Ameliyathanelerin tekstil \u00fcr\u00fcnleri \u00fcniversite \u00f6\u011frencilerinin elinden \u00e7\u0131k\u0131yor\"}]},{\"@type\":\"WebSite\",\"@id\":\"https:\\\/\\\/memurunsesi.net\\\/#website\",\"url\":\"https:\\\/\\\/memurunsesi.net\\\/\",\"name\":\"Memurun Sesi\",\"description\":\"G\u00fcncel ve Do\u011fru Haber\",\"publisher\":{\"@id\":\"https:\\\/\\\/memurunsesi.net\\\/#organization\"},\"potentialAction\":[{\"@type\":\"SearchAction\",\"target\":{\"@type\":\"EntryPoint\",\"urlTemplate\":\"https:\\\/\\\/memurunsesi.net\\\/?s={search_term_string}\"},\"query-input\":{\"@type\":\"PropertyValueSpecification\",\"valueRequired\":true,\"valueName\":\"search_term_string\"}}],\"inLanguage\":\"tr\"},{\"@type\":\"Organization\",\"@id\":\"https:\\\/\\\/memurunsesi.net\\\/#organization\",\"name\":\"Memurun Sesi\",\"url\":\"https:\\\/\\\/memurunsesi.net\\\/\",\"logo\":{\"@type\":\"ImageObject\",\"inLanguage\":\"tr\",\"@id\":\"https:\\\/\\\/memurunsesi.net\\\/#\\\/schema\\\/logo\\\/image\\\/\",\"url\":\"https:\\\/\\\/memurunsesi.net\\\/wp-content\\\/uploads\\\/2025\\\/11\\\/cropped-MEMURUN-SESI.png\",\"contentUrl\":\"https:\\\/\\\/memurunsesi.net\\\/wp-content\\\/uploads\\\/2025\\\/11\\\/cropped-MEMURUN-SESI.png\",\"width\":238,\"height\":57,\"caption\":\"Memurun Sesi\"},\"image\":{\"@id\":\"https:\\\/\\\/memurunsesi.net\\\/#\\\/schema\\\/logo\\\/image\\\/\"},\"sameAs\":[\"https:\\\/\\\/www.facebook.com\\\/unipersen\\\/?locale=tr_TR\",\"https:\\\/\\\/x.com\\\/unipersen\"]},{\"@type\":\"Person\",\"@id\":\"https:\\\/\\\/memurunsesi.net\\\/#\\\/schema\\\/person\\\/f21c2d73b89f6ee1d80b0a1803e38587\",\"name\":\"Memurun Sesi Haber Merkezi\",\"image\":{\"@type\":\"ImageObject\",\"inLanguage\":\"tr\",\"@id\":\"https:\\\/\\\/secure.gravatar.com\\\/avatar\\\/6cf0505f452ee753f485014986fab09a434671d2b919ee76fc541025c5876a70?s=96&d=mm&r=g\",\"url\":\"https:\\\/\\\/secure.gravatar.com\\\/avatar\\\/6cf0505f452ee753f485014986fab09a434671d2b919ee76fc541025c5876a70?s=96&d=mm&r=g\",\"contentUrl\":\"https:\\\/\\\/secure.gravatar.com\\\/avatar\\\/6cf0505f452ee753f485014986fab09a434671d2b919ee76fc541025c5876a70?s=96&d=mm&r=g\",\"caption\":\"Memurun Sesi Haber Merkezi\"},\"sameAs\":[\"https:\\\/\\\/memurunsesi.net\"],\"url\":\"https:\\\/\\\/memurunsesi.net\\\/index.php\\\/author\\\/uniper\\\/\"}]}<\/script>\n<!-- \/ Yoast SEO plugin. -->","yoast_head_json":{"title":"Ameliyathanelerin tekstil \u00fcr\u00fcnleri \u00fcniversite \u00f6\u011frencilerinin elinden \u00e7\u0131k\u0131yor - Memurun Sesi","robots":{"index":"index","follow":"follow","max-snippet":"max-snippet:-1","max-image-preview":"max-image-preview:large","max-video-preview":"max-video-preview:-1"},"canonical":"https:\/\/memurunsesi.net\/index.php\/2025\/05\/09\/ameliyathanelerin-tekstil-urunleri-universite-ogrencilerinin-elinden-cikiyor\/","og_locale":"tr_TR","og_type":"article","og_title":"Ameliyathanelerin tekstil \u00fcr\u00fcnleri \u00fcniversite \u00f6\u011frencilerinin elinden \u00e7\u0131k\u0131yor - Memurun Sesi","og_description":"&#8211; Edirne Teknik Bilimler Meslek Y\u00fcksekokulu \u00f6\u011frencileri 2024-2025 g\u00fcz d\u00f6neminden itibaren mesleki beceri kazanmak amac\u0131yla ve sosyal sorumluluk \u00e7er\u00e7evesinde T\u0131p Fak\u00fcltesi Hastanesine \u00e7e\u015fitli ameliyat tekstil \u00fcr\u00fcnleri \u00fcretiyor. Trakya \u00dcniversitesi alt yap\u0131 proje deste\u011fi ile Giyim \u00dcretim Teknolojisi Program\u0131 At\u00f6lyesine al\u0131nan makine, \u00e7e\u015fitli ara\u00e7 ve gere\u00e7lerle \u00fcretim ger\u00e7ekle\u015ftiriliyor. Fabrikalardaki \u00fcretim bi\u00e7imi olan bant sistemi \u015feklinde \u00e7al\u0131\u015fan [&hellip;]","og_url":"https:\/\/memurunsesi.net\/index.php\/2025\/05\/09\/ameliyathanelerin-tekstil-urunleri-universite-ogrencilerinin-elinden-cikiyor\/","og_site_name":"Memurun Sesi","article_publisher":"https:\/\/www.facebook.com\/unipersen\/?locale=tr_TR","article_published_time":"2025-05-09T17:07:18+00:00","og_image":[{"width":1268,"height":845,"url":"https:\/\/memurunsesi.net\/wp-content\/uploads\/2025\/05\/AW450966_02.jpg","type":"image\/jpeg"}],"author":"Memurun Sesi Haber Merkezi","twitter_card":"summary_large_image","twitter_creator":"@unipersen","twitter_site":"@unipersen","twitter_misc":{"Yazan:":"Memurun Sesi Haber Merkezi"},"schema":{"@context":"https:\/\/schema.org","@graph":[{"@type":"Article","@id":"https:\/\/memurunsesi.net\/index.php\/2025\/05\/09\/ameliyathanelerin-tekstil-urunleri-universite-ogrencilerinin-elinden-cikiyor\/#article","isPartOf":{"@id":"https:\/\/memurunsesi.net\/index.php\/2025\/05\/09\/ameliyathanelerin-tekstil-urunleri-universite-ogrencilerinin-elinden-cikiyor\/"},"author":{"name":"Memurun Sesi Haber Merkezi","@id":"https:\/\/memurunsesi.net\/#\/schema\/person\/f21c2d73b89f6ee1d80b0a1803e38587"},"headline":"Ameliyathanelerin tekstil \u00fcr\u00fcnleri \u00fcniversite \u00f6\u011frencilerinin elinden \u00e7\u0131k\u0131yor","datePublished":"2025-05-09T17:07:18+00:00","mainEntityOfPage":{"@id":"https:\/\/memurunsesi.net\/index.php\/2025\/05\/09\/ameliyathanelerin-tekstil-urunleri-universite-ogrencilerinin-elinden-cikiyor\/"},"wordCount":303,"commentCount":0,"publisher":{"@id":"https:\/\/memurunsesi.net\/#organization"},"image":{"@id":"https:\/\/memurunsesi.net\/index.php\/2025\/05\/09\/ameliyathanelerin-tekstil-urunleri-universite-ogrencilerinin-elinden-cikiyor\/#primaryimage"},"thumbnailUrl":"https:\/\/memurunsesi.net\/wp-content\/uploads\/2025\/05\/AW450966_02.jpg","articleSection":["Ekonomi"],"inLanguage":"tr","potentialAction":[{"@type":"CommentAction","name":"Comment","target":["https:\/\/memurunsesi.net\/index.php\/2025\/05\/09\/ameliyathanelerin-tekstil-urunleri-universite-ogrencilerinin-elinden-cikiyor\/#respond"]}]},{"@type":"WebPage","@id":"https:\/\/memurunsesi.net\/index.php\/2025\/05\/09\/ameliyathanelerin-tekstil-urunleri-universite-ogrencilerinin-elinden-cikiyor\/","url":"https:\/\/memurunsesi.net\/index.php\/2025\/05\/09\/ameliyathanelerin-tekstil-urunleri-universite-ogrencilerinin-elinden-cikiyor\/","name":"Ameliyathanelerin tekstil \u00fcr\u00fcnleri \u00fcniversite \u00f6\u011frencilerinin elinden \u00e7\u0131k\u0131yor - Memurun Sesi","isPartOf":{"@id":"https:\/\/memurunsesi.net\/#website"},"primaryImageOfPage":{"@id":"https:\/\/memurunsesi.net\/index.php\/2025\/05\/09\/ameliyathanelerin-tekstil-urunleri-universite-ogrencilerinin-elinden-cikiyor\/#primaryimage"},"image":{"@id":"https:\/\/memurunsesi.net\/index.php\/2025\/05\/09\/ameliyathanelerin-tekstil-urunleri-universite-ogrencilerinin-elinden-cikiyor\/#primaryimage"},"thumbnailUrl":"https:\/\/memurunsesi.net\/wp-content\/uploads\/2025\/05\/AW450966_02.jpg","datePublished":"2025-05-09T17:07:18+00:00","breadcrumb":{"@id":"https:\/\/memurunsesi.net\/index.php\/2025\/05\/09\/ameliyathanelerin-tekstil-urunleri-universite-ogrencilerinin-elinden-cikiyor\/#breadcrumb"},"inLanguage":"tr","potentialAction":[{"@type":"ReadAction","target":["https:\/\/memurunsesi.net\/index.php\/2025\/05\/09\/ameliyathanelerin-tekstil-urunleri-universite-ogrencilerinin-elinden-cikiyor\/"]}]},{"@type":"ImageObject","inLanguage":"tr","@id":"https:\/\/memurunsesi.net\/index.php\/2025\/05\/09\/ameliyathanelerin-tekstil-urunleri-universite-ogrencilerinin-elinden-cikiyor\/#primaryimage","url":"https:\/\/memurunsesi.net\/wp-content\/uploads\/2025\/05\/AW450966_02.jpg","contentUrl":"https:\/\/memurunsesi.net\/wp-content\/uploads\/2025\/05\/AW450966_02.jpg","width":1268,"height":845,"caption":"ED\u0130RNE TEKN\u0130K B\u0130L\u0130MLER MESLEK Y\u00dcKSEKOKULU \u00d6\u011eRENC\u0130LER\u0130 2024-2025 G\u00dcZ D\u00d6NEM\u0130NDEN \u0130T\u0130BAREN MESLEK\u0130 BECER\u0130 KAZANMAK AMACIYLA VE SOSYAL SORUMLULUK \u00c7ER\u00c7EVES\u0130NDE TIP FAK\u00dcLTES\u0130 HASTANES\u0130NE \u00c7E\u015e\u0130TL\u0130 AMEL\u0130YAT TEKST\u0130L \u00dcR\u00dcNLER\u0130 \u00dcRET\u0130YOR. (MESUT \u00c7INAR\/ED\u0130RNE-\u0130HA) Edirne Teknik Bilimler Meslek Y\u00fcksekokulu \u00f6\u011frencileri 2024-2025 g\u00fcz d\u00f6neminden itibaren mesleki beceri kazanmak amac\u0131yla ve sosyal sorumluluk \u00e7er\u00e7evesinde T\u0131p Fak\u00fcltesi Hastanesine \u00e7e\u015fitli ameliyat tekstil \u00fcr\u00fcnleri \u00fcretiyor."},{"@type":"BreadcrumbList","@id":"https:\/\/memurunsesi.net\/index.php\/2025\/05\/09\/ameliyathanelerin-tekstil-urunleri-universite-ogrencilerinin-elinden-cikiyor\/#breadcrumb","itemListElement":[{"@type":"ListItem","position":1,"name":"Anasayfa","item":"https:\/\/memurunsesi.net\/"},{"@type":"ListItem","position":2,"name":"Ameliyathanelerin tekstil \u00fcr\u00fcnleri \u00fcniversite \u00f6\u011frencilerinin elinden \u00e7\u0131k\u0131yor"}]},{"@type":"WebSite","@id":"https:\/\/memurunsesi.net\/#website","url":"https:\/\/memurunsesi.net\/","name":"Memurun Sesi","description":"G\u00fcncel ve Do\u011fru Haber","publisher":{"@id":"https:\/\/memurunsesi.net\/#organization"},"potentialAction":[{"@type":"SearchAction","target":{"@type":"EntryPoint","urlTemplate":"https:\/\/memurunsesi.net\/?s={search_term_string}"},"query-input":{"@type":"PropertyValueSpecification","valueRequired":true,"valueName":"search_term_string"}}],"inLanguage":"tr"},{"@type":"Organization","@id":"https:\/\/memurunsesi.net\/#organization","name":"Memurun Sesi","url":"https:\/\/memurunsesi.net\/","logo":{"@type":"ImageObject","inLanguage":"tr","@id":"https:\/\/memurunsesi.net\/#\/schema\/logo\/image\/","url":"https:\/\/memurunsesi.net\/wp-content\/uploads\/2025\/11\/cropped-MEMURUN-SESI.png","contentUrl":"https:\/\/memurunsesi.net\/wp-content\/uploads\/2025\/11\/cropped-MEMURUN-SESI.png","width":238,"height":57,"caption":"Memurun Sesi"},"image":{"@id":"https:\/\/memurunsesi.net\/#\/schema\/logo\/image\/"},"sameAs":["https:\/\/www.facebook.com\/unipersen\/?locale=tr_TR","https:\/\/x.com\/unipersen"]},{"@type":"Person","@id":"https:\/\/memurunsesi.net\/#\/schema\/person\/f21c2d73b89f6ee1d80b0a1803e38587","name":"Memurun Sesi Haber Merkezi","image":{"@type":"ImageObject","inLanguage":"tr","@id":"https:\/\/secure.gravatar.com\/avatar\/6cf0505f452ee753f485014986fab09a434671d2b919ee76fc541025c5876a70?s=96&d=mm&r=g","url":"https:\/\/secure.gravatar.com\/avatar\/6cf0505f452ee753f485014986fab09a434671d2b919ee76fc541025c5876a70?s=96&d=mm&r=g","contentUrl":"https:\/\/secure.gravatar.com\/avatar\/6cf0505f452ee753f485014986fab09a434671d2b919ee76fc541025c5876a70?s=96&d=mm&r=g","caption":"Memurun Sesi Haber Merkezi"},"sameAs":["https:\/\/memurunsesi.net"],"url":"https:\/\/memurunsesi.net\/index.php\/author\/uniper\/"}]}},"_links":{"self":[{"href":"https:\/\/memurunsesi.net\/index.php\/wp-json\/wp\/v2\/posts\/6742","targetHints":{"allow":["GET"]}}],"collection":[{"href":"https:\/\/memurunsesi.net\/index.php\/wp-json\/wp\/v2\/posts"}],"about":[{"href":"https:\/\/memurunsesi.net\/index.php\/wp-json\/wp\/v2\/types\/post"}],"author":[{"embeddable":true,"href":"https:\/\/memurunsesi.net\/index.php\/wp-json\/wp\/v2\/users\/1"}],"replies":[{"embeddable":true,"href":"https:\/\/memurunsesi.net\/index.php\/wp-json\/wp\/v2\/comments?post=6742"}],"version-history":[{"count":1,"href":"https:\/\/memurunsesi.net\/index.php\/wp-json\/wp\/v2\/posts\/6742\/revisions"}],"predecessor-version":[{"id":6744,"href":"https:\/\/memurunsesi.net\/index.php\/wp-json\/wp\/v2\/posts\/6742\/revisions\/6744"}],"wp:featuredmedia":[{"embeddable":true,"href":"https:\/\/memurunsesi.net\/index.php\/wp-json\/wp\/v2\/media\/6743"}],"wp:attachment":[{"href":"https:\/\/memurunsesi.net\/index.php\/wp-json\/wp\/v2\/media?parent=6742"}],"wp:term":[{"taxonomy":"category","embeddable":true,"href":"https:\/\/memurunsesi.net\/index.php\/wp-json\/wp\/v2\/categories?post=6742"},{"taxonomy":"post_tag","embeddable":true,"href":"https:\/\/memurunsesi.net\/index.php\/wp-json\/wp\/v2\/tags?post=6742"}],"curies":[{"name":"wp","href":"https:\/\/api.w.org\/{rel}","templated":true}]}}