{"id":6745,"date":"2025-05-09T20:08:31","date_gmt":"2025-05-09T17:08:31","guid":{"rendered":"https:\/\/memurunsesi.net\/?p=6745"},"modified":"2025-05-09T20:08:31","modified_gmt":"2025-05-09T17:08:31","slug":"mudanya-universitesinde-ogrenciler-beyaz-onlukleriyle-meslege-ilk-adimini-atti","status":"publish","type":"post","link":"https:\/\/memurunsesi.net\/index.php\/2025\/05\/09\/mudanya-universitesinde-ogrenciler-beyaz-onlukleriyle-meslege-ilk-adimini-atti\/","title":{"rendered":"Mudanya \u00dcniversitesi\u2019nde \u00f6\u011frenciler beyaz \u00f6nl\u00fckleriyle mesle\u011fe ilk ad\u0131m\u0131n\u0131 att\u0131"},"content":{"rendered":"<p>  &#8211; Mudanya \u00dcniversitesi Sa\u011fl\u0131k Bilimleri Fak\u00fcltesi Hem\u015firelik, Fizyoterapi ve Rehabitasyon, \u00c7ocuk Geli\u015fimi ve Beslenme ve Diyetetik B\u00f6l\u00fcm\u00fc 1. S\u0131n\u0131f \u00f6\u011frencileri, d\u00fczenlenen t\u00f6renle beyaz \u00f6nl\u00fcklerini giyerek mesle\u011fe ilk ad\u0131m\u0131 att\u0131lar.<br \/>\n  Mudanya \u00dcniversitesi Konferans Salonunda d\u00fczenlenen Beyaz \u00d6nl\u00fck Giyme T\u00f6reni\u2019ne  Rekt\u00f6r Prof. Dr. Emin Karip, dekanlar, \u00f6\u011fretim \u00fcyeleri, \u00f6\u011frenciler ve aileleri kat\u0131ld\u0131.<br \/>\n  T\u00f6renin a\u00e7\u0131l\u0131\u015f\u0131nda konu\u015fan Sa\u011fl\u0131k Bilimleri Fak\u00fcltesi Dekan Yard\u0131mc\u0131s\u0131 Do\u00e7. Dr. Nazl\u0131 Batar, Mudanya \u00dcniversitesi\u2019nin hen\u00fcz 3.y\u0131l\u0131n\u0131 yeni doldurmas\u0131na kar\u015f\u0131n geli\u015fen ve g\u00fc\u00e7lenen akademik kadrosu, laboratuvarlar\u0131, teknolojik geli\u015fmelere g\u00f6re yenilenen ders anlat\u0131m sistemleri ile \u00f6\u011frencilerini mesle\u011fe tam donan\u0131ml\u0131 yeti\u015ftirmek i\u00e7in \u00e7al\u0131\u015ft\u0131\u011f\u0131n\u0131 belirterek, &#8220;Bug\u00fcn ilk defa giydi\u011finiz bu \u00f6nl\u00fc\u011f\u00fcn \u00f6nemini bilmeli ve hakk\u0131n\u0131 vermek i\u00e7in e\u011fitim hayat\u0131n\u0131z boyunca \u00e7aba g\u00f6stermelisiniz. Unutmay\u0131n ki beyaz \u00f6nl\u00fck, meslek yolculu\u011funa ad\u0131m atman\u0131n  ilk simgesidir. Bu kutlu yolculukta bizler bilgimiz ve tecr\u00fcbelerimiz ile daima sizlerin yan\u0131nda olaca\u011f\u0131z. Her birinize ba\u015far\u0131lar diliyor ve sizleri y\u00fcrekten tebrik ediyorum&#8221; dedi.<br \/>\n  Mudanya \u00dcniversitesi Rekt\u00f6r\u00fc Prof. Dr. Emin Karip de, Beyaz \u00d6nl\u00fck Giyme T\u00f6reni\u2019nin 3.\u2019s\u00fcn\u00fc yapman\u0131n gurur ve mutlulu\u011funu ya\u015fad\u0131klar\u0131n\u0131 dile getirerek, &#8220;Bizi tercih eden \u00f6\u011frenci ve ailelerimize te\u015fekk\u00fcr ediyorum. \u00d6\u011frencilerimizi tam donan\u0131ml\u0131 olarak mesle\u011fe haz\u0131rlamak, onlara insani de\u011ferlerin \u00f6nemini a\u015f\u0131lamak bizim g\u00f6revimiz. Bu t\u00f6ren \u00f6\u011frencilerimiz i\u00e7in \u00f6nemli bir kilometre ta\u015f\u0131. \u00d6nemli bir g\u00fcn. Hayatlar\u0131 boyunca bu \u00f6nl\u00fc\u011f\u00fc gururla ta\u015f\u0131yacaklar. Bu \u00f6nl\u00fc\u011fe leke d\u00fc\u015f\u00fcrmeyeceklerine eminim. G\u00fcveni, d\u00fcr\u00fcstl\u00fc\u011f\u00fc, \u015fefkati, fedakarl\u0131\u011f\u0131 temsil eden bu \u00f6nl\u00fc\u011f\u00fcn erdemlerini kabul etmi\u015f olacaklar ve \u00f6yle davranacaklar. T\u00fcm \u00f6\u011frencilerimize ba\u015far\u0131lar diliyor, ailelerini tebrik ediyorum&#8221; diye konu\u015ftu.<br \/>\n  Konu\u015fmalar\u0131n ard\u0131ndan Rekt\u00f6r Prof. Dr. Emin Karip, Rekt\u00f6r Dan\u0131\u015fman\u0131 Dr. \u00d6\u011fr. \u00dcyesi Murat \u015eener, Sa\u011fl\u0131k Bilimleri Fak\u00fcltesi Dekan Yard\u0131mc\u0131s\u0131 Do\u00e7. Dr. Nazl\u0131 Batar ve \u00f6\u011fretim \u00fcyeleri taraf\u0131ndan \u00f6\u011frencilere beyaz \u00f6nl\u00fckleri giydirildi. T\u00f6ren sonras\u0131nda ise \u00f6\u011frenciler ve veliler ne\u015feli dakikalar ya\u015fad\u0131lar ve bol bol hat\u0131ra foto\u011fraf\u0131 \u00e7ektirdiler. <\/p>\n<p>9.05.2025                                 <\/p>\n","protected":false},"excerpt":{"rendered":"<p>&#8211; Mudanya \u00dcniversitesi Sa\u011fl\u0131k Bilimleri Fak\u00fcltesi Hem\u015firelik, Fizyoterapi ve Rehabitasyon, \u00c7ocuk Geli\u015fimi ve Beslenme ve Diyetetik B\u00f6l\u00fcm\u00fc 1. S\u0131n\u0131f \u00f6\u011frencileri, d\u00fczenlenen t\u00f6renle beyaz \u00f6nl\u00fcklerini giyerek mesle\u011fe ilk ad\u0131m\u0131 att\u0131lar. Mudanya \u00dcniversitesi Konferans Salonunda d\u00fczenlenen Beyaz \u00d6nl\u00fck Giyme T\u00f6reni\u2019ne Rekt\u00f6r Prof. Dr. Emin Karip, dekanlar, \u00f6\u011fretim \u00fcyeleri, \u00f6\u011frenciler ve aileleri kat\u0131ld\u0131. T\u00f6renin a\u00e7\u0131l\u0131\u015f\u0131nda konu\u015fan Sa\u011fl\u0131k Bilimleri [&hellip;]<\/p>\n","protected":false},"author":1,"featured_media":6746,"comment_status":"open","ping_status":"open","sticky":false,"template":"","format":"standard","meta":{"footnotes":""},"categories":[1],"tags":[],"class_list":["post-6745","post","type-post","status-publish","format-standard","has-post-thumbnail","hentry","category-genel"],"yoast_head":"<!-- This site is optimized with the Yoast SEO plugin v27.4 - https:\/\/yoast.com\/product\/yoast-seo-wordpress\/ -->\n<title>Mudanya \u00dcniversitesi\u2019nde \u00f6\u011frenciler beyaz \u00f6nl\u00fckleriyle mesle\u011fe ilk ad\u0131m\u0131n\u0131 att\u0131 - Memurun Sesi<\/title>\n<meta name=\"robots\" content=\"index, follow, max-snippet:-1, max-image-preview:large, max-video-preview:-1\" \/>\n<link rel=\"canonical\" href=\"https:\/\/memurunsesi.net\/index.php\/2025\/05\/09\/mudanya-universitesinde-ogrenciler-beyaz-onlukleriyle-meslege-ilk-adimini-atti\/\" \/>\n<meta property=\"og:locale\" content=\"tr_TR\" \/>\n<meta property=\"og:type\" content=\"article\" \/>\n<meta property=\"og:title\" content=\"Mudanya \u00dcniversitesi\u2019nde \u00f6\u011frenciler beyaz \u00f6nl\u00fckleriyle mesle\u011fe ilk ad\u0131m\u0131n\u0131 att\u0131 - Memurun Sesi\" \/>\n<meta property=\"og:description\" content=\"&#8211; Mudanya \u00dcniversitesi Sa\u011fl\u0131k Bilimleri Fak\u00fcltesi Hem\u015firelik, Fizyoterapi ve Rehabitasyon, \u00c7ocuk Geli\u015fimi ve Beslenme ve Diyetetik B\u00f6l\u00fcm\u00fc 1. S\u0131n\u0131f \u00f6\u011frencileri, d\u00fczenlenen t\u00f6renle beyaz \u00f6nl\u00fcklerini giyerek mesle\u011fe ilk ad\u0131m\u0131 att\u0131lar. Mudanya \u00dcniversitesi Konferans Salonunda d\u00fczenlenen Beyaz \u00d6nl\u00fck Giyme T\u00f6reni\u2019ne Rekt\u00f6r Prof. Dr. Emin Karip, dekanlar, \u00f6\u011fretim \u00fcyeleri, \u00f6\u011frenciler ve aileleri kat\u0131ld\u0131. T\u00f6renin a\u00e7\u0131l\u0131\u015f\u0131nda konu\u015fan Sa\u011fl\u0131k Bilimleri [&hellip;]\" \/>\n<meta property=\"og:url\" content=\"https:\/\/memurunsesi.net\/index.php\/2025\/05\/09\/mudanya-universitesinde-ogrenciler-beyaz-onlukleriyle-meslege-ilk-adimini-atti\/\" \/>\n<meta property=\"og:site_name\" content=\"Memurun Sesi\" \/>\n<meta property=\"article:publisher\" content=\"https:\/\/www.facebook.com\/unipersen\/?locale=tr_TR\" \/>\n<meta property=\"article:published_time\" content=\"2025-05-09T17:08:31+00:00\" \/>\n<meta property=\"og:image\" content=\"https:\/\/memurunsesi.net\/wp-content\/uploads\/2025\/05\/AW450992_01.jpg\" \/>\n\t<meta property=\"og:image:width\" content=\"1600\" \/>\n\t<meta property=\"og:image:height\" content=\"993\" \/>\n\t<meta property=\"og:image:type\" content=\"image\/jpeg\" \/>\n<meta name=\"author\" content=\"Memurun Sesi Haber Merkezi\" \/>\n<meta name=\"twitter:card\" content=\"summary_large_image\" \/>\n<meta name=\"twitter:creator\" content=\"@unipersen\" \/>\n<meta name=\"twitter:site\" content=\"@unipersen\" \/>\n<meta name=\"twitter:label1\" content=\"Yazan:\" \/>\n\t<meta name=\"twitter:data1\" content=\"Memurun Sesi Haber Merkezi\" \/>\n\t<meta name=\"twitter:label2\" content=\"Tahmini okuma s\u00fcresi\" \/>\n\t<meta name=\"twitter:data2\" content=\"1 dakika\" \/>\n<script type=\"application\/ld+json\" class=\"yoast-schema-graph\">{\"@context\":\"https:\\\/\\\/schema.org\",\"@graph\":[{\"@type\":\"Article\",\"@id\":\"https:\\\/\\\/memurunsesi.net\\\/index.php\\\/2025\\\/05\\\/09\\\/mudanya-universitesinde-ogrenciler-beyaz-onlukleriyle-meslege-ilk-adimini-atti\\\/#article\",\"isPartOf\":{\"@id\":\"https:\\\/\\\/memurunsesi.net\\\/index.php\\\/2025\\\/05\\\/09\\\/mudanya-universitesinde-ogrenciler-beyaz-onlukleriyle-meslege-ilk-adimini-atti\\\/\"},\"author\":{\"name\":\"Memurun Sesi Haber Merkezi\",\"@id\":\"https:\\\/\\\/memurunsesi.net\\\/#\\\/schema\\\/person\\\/f21c2d73b89f6ee1d80b0a1803e38587\"},\"headline\":\"Mudanya \u00dcniversitesi\u2019nde \u00f6\u011frenciler beyaz \u00f6nl\u00fckleriyle mesle\u011fe ilk ad\u0131m\u0131n\u0131 att\u0131\",\"datePublished\":\"2025-05-09T17:08:31+00:00\",\"mainEntityOfPage\":{\"@id\":\"https:\\\/\\\/memurunsesi.net\\\/index.php\\\/2025\\\/05\\\/09\\\/mudanya-universitesinde-ogrenciler-beyaz-onlukleriyle-meslege-ilk-adimini-atti\\\/\"},\"wordCount\":405,\"commentCount\":0,\"publisher\":{\"@id\":\"https:\\\/\\\/memurunsesi.net\\\/#organization\"},\"image\":{\"@id\":\"https:\\\/\\\/memurunsesi.net\\\/index.php\\\/2025\\\/05\\\/09\\\/mudanya-universitesinde-ogrenciler-beyaz-onlukleriyle-meslege-ilk-adimini-atti\\\/#primaryimage\"},\"thumbnailUrl\":\"https:\\\/\\\/memurunsesi.net\\\/wp-content\\\/uploads\\\/2025\\\/05\\\/AW450992_01.jpg\",\"inLanguage\":\"tr\",\"potentialAction\":[{\"@type\":\"CommentAction\",\"name\":\"Comment\",\"target\":[\"https:\\\/\\\/memurunsesi.net\\\/index.php\\\/2025\\\/05\\\/09\\\/mudanya-universitesinde-ogrenciler-beyaz-onlukleriyle-meslege-ilk-adimini-atti\\\/#respond\"]}]},{\"@type\":\"WebPage\",\"@id\":\"https:\\\/\\\/memurunsesi.net\\\/index.php\\\/2025\\\/05\\\/09\\\/mudanya-universitesinde-ogrenciler-beyaz-onlukleriyle-meslege-ilk-adimini-atti\\\/\",\"url\":\"https:\\\/\\\/memurunsesi.net\\\/index.php\\\/2025\\\/05\\\/09\\\/mudanya-universitesinde-ogrenciler-beyaz-onlukleriyle-meslege-ilk-adimini-atti\\\/\",\"name\":\"Mudanya \u00dcniversitesi\u2019nde \u00f6\u011frenciler beyaz \u00f6nl\u00fckleriyle mesle\u011fe ilk ad\u0131m\u0131n\u0131 att\u0131 - Memurun Sesi\",\"isPartOf\":{\"@id\":\"https:\\\/\\\/memurunsesi.net\\\/#website\"},\"primaryImageOfPage\":{\"@id\":\"https:\\\/\\\/memurunsesi.net\\\/index.php\\\/2025\\\/05\\\/09\\\/mudanya-universitesinde-ogrenciler-beyaz-onlukleriyle-meslege-ilk-adimini-atti\\\/#primaryimage\"},\"image\":{\"@id\":\"https:\\\/\\\/memurunsesi.net\\\/index.php\\\/2025\\\/05\\\/09\\\/mudanya-universitesinde-ogrenciler-beyaz-onlukleriyle-meslege-ilk-adimini-atti\\\/#primaryimage\"},\"thumbnailUrl\":\"https:\\\/\\\/memurunsesi.net\\\/wp-content\\\/uploads\\\/2025\\\/05\\\/AW450992_01.jpg\",\"datePublished\":\"2025-05-09T17:08:31+00:00\",\"breadcrumb\":{\"@id\":\"https:\\\/\\\/memurunsesi.net\\\/index.php\\\/2025\\\/05\\\/09\\\/mudanya-universitesinde-ogrenciler-beyaz-onlukleriyle-meslege-ilk-adimini-atti\\\/#breadcrumb\"},\"inLanguage\":\"tr\",\"potentialAction\":[{\"@type\":\"ReadAction\",\"target\":[\"https:\\\/\\\/memurunsesi.net\\\/index.php\\\/2025\\\/05\\\/09\\\/mudanya-universitesinde-ogrenciler-beyaz-onlukleriyle-meslege-ilk-adimini-atti\\\/\"]}]},{\"@type\":\"ImageObject\",\"inLanguage\":\"tr\",\"@id\":\"https:\\\/\\\/memurunsesi.net\\\/index.php\\\/2025\\\/05\\\/09\\\/mudanya-universitesinde-ogrenciler-beyaz-onlukleriyle-meslege-ilk-adimini-atti\\\/#primaryimage\",\"url\":\"https:\\\/\\\/memurunsesi.net\\\/wp-content\\\/uploads\\\/2025\\\/05\\\/AW450992_01.jpg\",\"contentUrl\":\"https:\\\/\\\/memurunsesi.net\\\/wp-content\\\/uploads\\\/2025\\\/05\\\/AW450992_01.jpg\",\"width\":1600,\"height\":993,\"caption\":\"MUDANYA \u00dcN\u0130VERS\u0130TES\u0130'NDE \u00d6\u011eRENC\u0130LER BEYAZ \u00d6NL\u00dcKLER\u0130YLE MESLE\u011eE \u0130LK ADIMINI ATTI (\u0130HA\\\/BURSA-\u0130HA) Mudanya \u00dcniversitesi Sa\u011fl\u0131k Bilimleri Fak\u00fcltesi Hem\u015firelik, Fizyoterapi ve Rehabitasyon, \u00c7ocuk Geli\u015fimi ve Beslenme ve Diyetetik B\u00f6l\u00fcm\u00fc 1. S\u0131n\u0131f \u00f6\u011frencileri, d\u00fczenlenen t\u00f6renle beyaz \u00f6nl\u00fcklerini giyerek mesle\u011fe ilk ad\u0131m\u0131 att\u0131lar.\"},{\"@type\":\"BreadcrumbList\",\"@id\":\"https:\\\/\\\/memurunsesi.net\\\/index.php\\\/2025\\\/05\\\/09\\\/mudanya-universitesinde-ogrenciler-beyaz-onlukleriyle-meslege-ilk-adimini-atti\\\/#breadcrumb\",\"itemListElement\":[{\"@type\":\"ListItem\",\"position\":1,\"name\":\"Anasayfa\",\"item\":\"https:\\\/\\\/memurunsesi.net\\\/\"},{\"@type\":\"ListItem\",\"position\":2,\"name\":\"Mudanya \u00dcniversitesi\u2019nde \u00f6\u011frenciler beyaz \u00f6nl\u00fckleriyle mesle\u011fe ilk ad\u0131m\u0131n\u0131 att\u0131\"}]},{\"@type\":\"WebSite\",\"@id\":\"https:\\\/\\\/memurunsesi.net\\\/#website\",\"url\":\"https:\\\/\\\/memurunsesi.net\\\/\",\"name\":\"Memurun Sesi\",\"description\":\"G\u00fcncel ve Do\u011fru Haber\",\"publisher\":{\"@id\":\"https:\\\/\\\/memurunsesi.net\\\/#organization\"},\"potentialAction\":[{\"@type\":\"SearchAction\",\"target\":{\"@type\":\"EntryPoint\",\"urlTemplate\":\"https:\\\/\\\/memurunsesi.net\\\/?s={search_term_string}\"},\"query-input\":{\"@type\":\"PropertyValueSpecification\",\"valueRequired\":true,\"valueName\":\"search_term_string\"}}],\"inLanguage\":\"tr\"},{\"@type\":\"Organization\",\"@id\":\"https:\\\/\\\/memurunsesi.net\\\/#organization\",\"name\":\"Memurun Sesi\",\"url\":\"https:\\\/\\\/memurunsesi.net\\\/\",\"logo\":{\"@type\":\"ImageObject\",\"inLanguage\":\"tr\",\"@id\":\"https:\\\/\\\/memurunsesi.net\\\/#\\\/schema\\\/logo\\\/image\\\/\",\"url\":\"https:\\\/\\\/memurunsesi.net\\\/wp-content\\\/uploads\\\/2025\\\/11\\\/cropped-MEMURUN-SESI.png\",\"contentUrl\":\"https:\\\/\\\/memurunsesi.net\\\/wp-content\\\/uploads\\\/2025\\\/11\\\/cropped-MEMURUN-SESI.png\",\"width\":238,\"height\":57,\"caption\":\"Memurun Sesi\"},\"image\":{\"@id\":\"https:\\\/\\\/memurunsesi.net\\\/#\\\/schema\\\/logo\\\/image\\\/\"},\"sameAs\":[\"https:\\\/\\\/www.facebook.com\\\/unipersen\\\/?locale=tr_TR\",\"https:\\\/\\\/x.com\\\/unipersen\"]},{\"@type\":\"Person\",\"@id\":\"https:\\\/\\\/memurunsesi.net\\\/#\\\/schema\\\/person\\\/f21c2d73b89f6ee1d80b0a1803e38587\",\"name\":\"Memurun Sesi Haber Merkezi\",\"image\":{\"@type\":\"ImageObject\",\"inLanguage\":\"tr\",\"@id\":\"https:\\\/\\\/secure.gravatar.com\\\/avatar\\\/6cf0505f452ee753f485014986fab09a434671d2b919ee76fc541025c5876a70?s=96&d=mm&r=g\",\"url\":\"https:\\\/\\\/secure.gravatar.com\\\/avatar\\\/6cf0505f452ee753f485014986fab09a434671d2b919ee76fc541025c5876a70?s=96&d=mm&r=g\",\"contentUrl\":\"https:\\\/\\\/secure.gravatar.com\\\/avatar\\\/6cf0505f452ee753f485014986fab09a434671d2b919ee76fc541025c5876a70?s=96&d=mm&r=g\",\"caption\":\"Memurun Sesi Haber Merkezi\"},\"sameAs\":[\"https:\\\/\\\/memurunsesi.net\"],\"url\":\"https:\\\/\\\/memurunsesi.net\\\/index.php\\\/author\\\/uniper\\\/\"}]}<\/script>\n<!-- \/ Yoast SEO plugin. -->","yoast_head_json":{"title":"Mudanya \u00dcniversitesi\u2019nde \u00f6\u011frenciler beyaz \u00f6nl\u00fckleriyle mesle\u011fe ilk ad\u0131m\u0131n\u0131 att\u0131 - Memurun Sesi","robots":{"index":"index","follow":"follow","max-snippet":"max-snippet:-1","max-image-preview":"max-image-preview:large","max-video-preview":"max-video-preview:-1"},"canonical":"https:\/\/memurunsesi.net\/index.php\/2025\/05\/09\/mudanya-universitesinde-ogrenciler-beyaz-onlukleriyle-meslege-ilk-adimini-atti\/","og_locale":"tr_TR","og_type":"article","og_title":"Mudanya \u00dcniversitesi\u2019nde \u00f6\u011frenciler beyaz \u00f6nl\u00fckleriyle mesle\u011fe ilk ad\u0131m\u0131n\u0131 att\u0131 - Memurun Sesi","og_description":"&#8211; Mudanya \u00dcniversitesi Sa\u011fl\u0131k Bilimleri Fak\u00fcltesi Hem\u015firelik, Fizyoterapi ve Rehabitasyon, \u00c7ocuk Geli\u015fimi ve Beslenme ve Diyetetik B\u00f6l\u00fcm\u00fc 1. S\u0131n\u0131f \u00f6\u011frencileri, d\u00fczenlenen t\u00f6renle beyaz \u00f6nl\u00fcklerini giyerek mesle\u011fe ilk ad\u0131m\u0131 att\u0131lar. Mudanya \u00dcniversitesi Konferans Salonunda d\u00fczenlenen Beyaz \u00d6nl\u00fck Giyme T\u00f6reni\u2019ne Rekt\u00f6r Prof. Dr. Emin Karip, dekanlar, \u00f6\u011fretim \u00fcyeleri, \u00f6\u011frenciler ve aileleri kat\u0131ld\u0131. T\u00f6renin a\u00e7\u0131l\u0131\u015f\u0131nda konu\u015fan Sa\u011fl\u0131k Bilimleri [&hellip;]","og_url":"https:\/\/memurunsesi.net\/index.php\/2025\/05\/09\/mudanya-universitesinde-ogrenciler-beyaz-onlukleriyle-meslege-ilk-adimini-atti\/","og_site_name":"Memurun Sesi","article_publisher":"https:\/\/www.facebook.com\/unipersen\/?locale=tr_TR","article_published_time":"2025-05-09T17:08:31+00:00","og_image":[{"width":1600,"height":993,"url":"https:\/\/memurunsesi.net\/wp-content\/uploads\/2025\/05\/AW450992_01.jpg","type":"image\/jpeg"}],"author":"Memurun Sesi Haber Merkezi","twitter_card":"summary_large_image","twitter_creator":"@unipersen","twitter_site":"@unipersen","twitter_misc":{"Yazan:":"Memurun Sesi Haber Merkezi","Tahmini okuma s\u00fcresi":"1 dakika"},"schema":{"@context":"https:\/\/schema.org","@graph":[{"@type":"Article","@id":"https:\/\/memurunsesi.net\/index.php\/2025\/05\/09\/mudanya-universitesinde-ogrenciler-beyaz-onlukleriyle-meslege-ilk-adimini-atti\/#article","isPartOf":{"@id":"https:\/\/memurunsesi.net\/index.php\/2025\/05\/09\/mudanya-universitesinde-ogrenciler-beyaz-onlukleriyle-meslege-ilk-adimini-atti\/"},"author":{"name":"Memurun Sesi Haber Merkezi","@id":"https:\/\/memurunsesi.net\/#\/schema\/person\/f21c2d73b89f6ee1d80b0a1803e38587"},"headline":"Mudanya \u00dcniversitesi\u2019nde \u00f6\u011frenciler beyaz \u00f6nl\u00fckleriyle mesle\u011fe ilk ad\u0131m\u0131n\u0131 att\u0131","datePublished":"2025-05-09T17:08:31+00:00","mainEntityOfPage":{"@id":"https:\/\/memurunsesi.net\/index.php\/2025\/05\/09\/mudanya-universitesinde-ogrenciler-beyaz-onlukleriyle-meslege-ilk-adimini-atti\/"},"wordCount":405,"commentCount":0,"publisher":{"@id":"https:\/\/memurunsesi.net\/#organization"},"image":{"@id":"https:\/\/memurunsesi.net\/index.php\/2025\/05\/09\/mudanya-universitesinde-ogrenciler-beyaz-onlukleriyle-meslege-ilk-adimini-atti\/#primaryimage"},"thumbnailUrl":"https:\/\/memurunsesi.net\/wp-content\/uploads\/2025\/05\/AW450992_01.jpg","inLanguage":"tr","potentialAction":[{"@type":"CommentAction","name":"Comment","target":["https:\/\/memurunsesi.net\/index.php\/2025\/05\/09\/mudanya-universitesinde-ogrenciler-beyaz-onlukleriyle-meslege-ilk-adimini-atti\/#respond"]}]},{"@type":"WebPage","@id":"https:\/\/memurunsesi.net\/index.php\/2025\/05\/09\/mudanya-universitesinde-ogrenciler-beyaz-onlukleriyle-meslege-ilk-adimini-atti\/","url":"https:\/\/memurunsesi.net\/index.php\/2025\/05\/09\/mudanya-universitesinde-ogrenciler-beyaz-onlukleriyle-meslege-ilk-adimini-atti\/","name":"Mudanya \u00dcniversitesi\u2019nde \u00f6\u011frenciler beyaz \u00f6nl\u00fckleriyle mesle\u011fe ilk ad\u0131m\u0131n\u0131 att\u0131 - Memurun Sesi","isPartOf":{"@id":"https:\/\/memurunsesi.net\/#website"},"primaryImageOfPage":{"@id":"https:\/\/memurunsesi.net\/index.php\/2025\/05\/09\/mudanya-universitesinde-ogrenciler-beyaz-onlukleriyle-meslege-ilk-adimini-atti\/#primaryimage"},"image":{"@id":"https:\/\/memurunsesi.net\/index.php\/2025\/05\/09\/mudanya-universitesinde-ogrenciler-beyaz-onlukleriyle-meslege-ilk-adimini-atti\/#primaryimage"},"thumbnailUrl":"https:\/\/memurunsesi.net\/wp-content\/uploads\/2025\/05\/AW450992_01.jpg","datePublished":"2025-05-09T17:08:31+00:00","breadcrumb":{"@id":"https:\/\/memurunsesi.net\/index.php\/2025\/05\/09\/mudanya-universitesinde-ogrenciler-beyaz-onlukleriyle-meslege-ilk-adimini-atti\/#breadcrumb"},"inLanguage":"tr","potentialAction":[{"@type":"ReadAction","target":["https:\/\/memurunsesi.net\/index.php\/2025\/05\/09\/mudanya-universitesinde-ogrenciler-beyaz-onlukleriyle-meslege-ilk-adimini-atti\/"]}]},{"@type":"ImageObject","inLanguage":"tr","@id":"https:\/\/memurunsesi.net\/index.php\/2025\/05\/09\/mudanya-universitesinde-ogrenciler-beyaz-onlukleriyle-meslege-ilk-adimini-atti\/#primaryimage","url":"https:\/\/memurunsesi.net\/wp-content\/uploads\/2025\/05\/AW450992_01.jpg","contentUrl":"https:\/\/memurunsesi.net\/wp-content\/uploads\/2025\/05\/AW450992_01.jpg","width":1600,"height":993,"caption":"MUDANYA \u00dcN\u0130VERS\u0130TES\u0130'NDE \u00d6\u011eRENC\u0130LER BEYAZ \u00d6NL\u00dcKLER\u0130YLE MESLE\u011eE \u0130LK ADIMINI ATTI (\u0130HA\/BURSA-\u0130HA) Mudanya \u00dcniversitesi Sa\u011fl\u0131k Bilimleri Fak\u00fcltesi Hem\u015firelik, Fizyoterapi ve Rehabitasyon, \u00c7ocuk Geli\u015fimi ve Beslenme ve Diyetetik B\u00f6l\u00fcm\u00fc 1. S\u0131n\u0131f \u00f6\u011frencileri, d\u00fczenlenen t\u00f6renle beyaz \u00f6nl\u00fcklerini giyerek mesle\u011fe ilk ad\u0131m\u0131 att\u0131lar."},{"@type":"BreadcrumbList","@id":"https:\/\/memurunsesi.net\/index.php\/2025\/05\/09\/mudanya-universitesinde-ogrenciler-beyaz-onlukleriyle-meslege-ilk-adimini-atti\/#breadcrumb","itemListElement":[{"@type":"ListItem","position":1,"name":"Anasayfa","item":"https:\/\/memurunsesi.net\/"},{"@type":"ListItem","position":2,"name":"Mudanya \u00dcniversitesi\u2019nde \u00f6\u011frenciler beyaz \u00f6nl\u00fckleriyle mesle\u011fe ilk ad\u0131m\u0131n\u0131 att\u0131"}]},{"@type":"WebSite","@id":"https:\/\/memurunsesi.net\/#website","url":"https:\/\/memurunsesi.net\/","name":"Memurun Sesi","description":"G\u00fcncel ve Do\u011fru Haber","publisher":{"@id":"https:\/\/memurunsesi.net\/#organization"},"potentialAction":[{"@type":"SearchAction","target":{"@type":"EntryPoint","urlTemplate":"https:\/\/memurunsesi.net\/?s={search_term_string}"},"query-input":{"@type":"PropertyValueSpecification","valueRequired":true,"valueName":"search_term_string"}}],"inLanguage":"tr"},{"@type":"Organization","@id":"https:\/\/memurunsesi.net\/#organization","name":"Memurun Sesi","url":"https:\/\/memurunsesi.net\/","logo":{"@type":"ImageObject","inLanguage":"tr","@id":"https:\/\/memurunsesi.net\/#\/schema\/logo\/image\/","url":"https:\/\/memurunsesi.net\/wp-content\/uploads\/2025\/11\/cropped-MEMURUN-SESI.png","contentUrl":"https:\/\/memurunsesi.net\/wp-content\/uploads\/2025\/11\/cropped-MEMURUN-SESI.png","width":238,"height":57,"caption":"Memurun Sesi"},"image":{"@id":"https:\/\/memurunsesi.net\/#\/schema\/logo\/image\/"},"sameAs":["https:\/\/www.facebook.com\/unipersen\/?locale=tr_TR","https:\/\/x.com\/unipersen"]},{"@type":"Person","@id":"https:\/\/memurunsesi.net\/#\/schema\/person\/f21c2d73b89f6ee1d80b0a1803e38587","name":"Memurun Sesi Haber Merkezi","image":{"@type":"ImageObject","inLanguage":"tr","@id":"https:\/\/secure.gravatar.com\/avatar\/6cf0505f452ee753f485014986fab09a434671d2b919ee76fc541025c5876a70?s=96&d=mm&r=g","url":"https:\/\/secure.gravatar.com\/avatar\/6cf0505f452ee753f485014986fab09a434671d2b919ee76fc541025c5876a70?s=96&d=mm&r=g","contentUrl":"https:\/\/secure.gravatar.com\/avatar\/6cf0505f452ee753f485014986fab09a434671d2b919ee76fc541025c5876a70?s=96&d=mm&r=g","caption":"Memurun Sesi Haber Merkezi"},"sameAs":["https:\/\/memurunsesi.net"],"url":"https:\/\/memurunsesi.net\/index.php\/author\/uniper\/"}]}},"_links":{"self":[{"href":"https:\/\/memurunsesi.net\/index.php\/wp-json\/wp\/v2\/posts\/6745","targetHints":{"allow":["GET"]}}],"collection":[{"href":"https:\/\/memurunsesi.net\/index.php\/wp-json\/wp\/v2\/posts"}],"about":[{"href":"https:\/\/memurunsesi.net\/index.php\/wp-json\/wp\/v2\/types\/post"}],"author":[{"embeddable":true,"href":"https:\/\/memurunsesi.net\/index.php\/wp-json\/wp\/v2\/users\/1"}],"replies":[{"embeddable":true,"href":"https:\/\/memurunsesi.net\/index.php\/wp-json\/wp\/v2\/comments?post=6745"}],"version-history":[{"count":1,"href":"https:\/\/memurunsesi.net\/index.php\/wp-json\/wp\/v2\/posts\/6745\/revisions"}],"predecessor-version":[{"id":6747,"href":"https:\/\/memurunsesi.net\/index.php\/wp-json\/wp\/v2\/posts\/6745\/revisions\/6747"}],"wp:featuredmedia":[{"embeddable":true,"href":"https:\/\/memurunsesi.net\/index.php\/wp-json\/wp\/v2\/media\/6746"}],"wp:attachment":[{"href":"https:\/\/memurunsesi.net\/index.php\/wp-json\/wp\/v2\/media?parent=6745"}],"wp:term":[{"taxonomy":"category","embeddable":true,"href":"https:\/\/memurunsesi.net\/index.php\/wp-json\/wp\/v2\/categories?post=6745"},{"taxonomy":"post_tag","embeddable":true,"href":"https:\/\/memurunsesi.net\/index.php\/wp-json\/wp\/v2\/tags?post=6745"}],"curies":[{"name":"wp","href":"https:\/\/api.w.org\/{rel}","templated":true}]}}