{"id":6748,"date":"2025-05-09T20:10:44","date_gmt":"2025-05-09T17:10:44","guid":{"rendered":"https:\/\/memurunsesi.net\/?p=6748"},"modified":"2025-05-09T20:10:44","modified_gmt":"2025-05-09T17:10:44","slug":"milli-savunma-bakanligi-mehteran-birliginden-malatyada-coskulu-konser","status":"publish","type":"post","link":"https:\/\/memurunsesi.net\/index.php\/2025\/05\/09\/milli-savunma-bakanligi-mehteran-birliginden-malatyada-coskulu-konser\/","title":{"rendered":"Milli Savunma Bakanl\u0131\u011f\u0131 Mehteran Birli\u011fi&#8217;nden Malatya\u2019da co\u015fkulu konser"},"content":{"rendered":"<p>\n    D\u00fcnyan\u0131n en eski askeri bandosu olan Mehteran Birli\u011fi, Malatya\u2019da tarihi mar\u015flarla co\u015fku dolu anlar ya\u015fatt\u0131. Vatanda\u015flar, davul ve zurna e\u015fli\u011finde ge\u00e7mi\u015fe yolculuk yapt\u0131.<br \/>\n  Milli Savunma Bakanl\u0131\u011f\u0131 Mehteran Birli\u011fi, Malatya\u2019da vatanda\u015flarla bulu\u015farak unutulmaz bir konsere imza att\u0131. Malatya Park \u00f6n\u00fcnde d\u00fczenlenen \u00f6zel g\u00f6steride, d\u00fcnyan\u0131n en eski askeri bandosu olarak bilinen Mehteran Birli\u011fi, mar\u015flar\u0131 ve g\u00f6rkemli performans\u0131yla izleyenlere adeta tarih\u00ee bir atmosfer ya\u015fatt\u0131.<br \/>\n  T\u00fcrk ordusunun kudretini ve milletin direni\u015f ruhunu simgeleyen Mehter m\u00fczi\u011fi, y\u00fczy\u0131llard\u0131r oldu\u011fu gibi bu kez Malatya semalar\u0131nda yank\u0131land\u0131. Davullar\u0131n g\u00fc\u00e7l\u00fc vuru\u015flar\u0131 ve zurnalar\u0131n e\u015fsiz t\u0131n\u0131lar\u0131, tarihi mar\u015flarla birle\u015ferek dinleyicilere gurur dolu anlar ya\u015fatt\u0131. Etkinli\u011fe vatanda\u015flar aileleriyle yo\u011fun ilgi g\u00f6sterirken, konser boyunca co\u015fku doru\u011fa \u00e7\u0131kt\u0131.<br \/>\n  G\u00f6steriye Malatya Valisi Seddar Yavuz, 2. Ordu Kurmay Ba\u015fkan\u0131 T\u00fcmgeneral Erman Kiraz, il protokol\u00fc ve kurum m\u00fcd\u00fcrleri de kat\u0131larak bu anlaml\u0131 bulu\u015fmaya destek verdi. <\/p>\n<p>9.05.2025                                   <\/p>\n","protected":false},"excerpt":{"rendered":"<p>D\u00fcnyan\u0131n en eski askeri bandosu olan Mehteran Birli\u011fi, Malatya\u2019da tarihi mar\u015flarla co\u015fku dolu anlar ya\u015fatt\u0131. Vatanda\u015flar, davul ve zurna e\u015fli\u011finde ge\u00e7mi\u015fe yolculuk yapt\u0131. Milli Savunma Bakanl\u0131\u011f\u0131 Mehteran Birli\u011fi, Malatya\u2019da vatanda\u015flarla bulu\u015farak unutulmaz bir konsere imza att\u0131. Malatya Park \u00f6n\u00fcnde d\u00fczenlenen \u00f6zel g\u00f6steride, d\u00fcnyan\u0131n en eski askeri bandosu olarak bilinen Mehteran Birli\u011fi, mar\u015flar\u0131 ve g\u00f6rkemli performans\u0131yla [&hellip;]<\/p>\n","protected":false},"author":1,"featured_media":0,"comment_status":"open","ping_status":"open","sticky":false,"template":"","format":"standard","meta":{"footnotes":""},"categories":[1],"tags":[],"class_list":["post-6748","post","type-post","status-publish","format-standard","hentry","category-genel"],"yoast_head":"<!-- This site is optimized with the Yoast SEO plugin v27.4 - https:\/\/yoast.com\/product\/yoast-seo-wordpress\/ -->\n<title>Milli Savunma Bakanl\u0131\u011f\u0131 Mehteran Birli\u011fi&#039;nden Malatya\u2019da co\u015fkulu konser - Memurun Sesi<\/title>\n<meta name=\"robots\" content=\"index, follow, max-snippet:-1, max-image-preview:large, max-video-preview:-1\" \/>\n<link rel=\"canonical\" href=\"https:\/\/memurunsesi.net\/index.php\/2025\/05\/09\/milli-savunma-bakanligi-mehteran-birliginden-malatyada-coskulu-konser\/\" \/>\n<meta property=\"og:locale\" content=\"tr_TR\" \/>\n<meta property=\"og:type\" content=\"article\" \/>\n<meta property=\"og:title\" content=\"Milli Savunma Bakanl\u0131\u011f\u0131 Mehteran Birli\u011fi&#039;nden Malatya\u2019da co\u015fkulu konser - Memurun Sesi\" \/>\n<meta property=\"og:description\" content=\"D\u00fcnyan\u0131n en eski askeri bandosu olan Mehteran Birli\u011fi, Malatya\u2019da tarihi mar\u015flarla co\u015fku dolu anlar ya\u015fatt\u0131. Vatanda\u015flar, davul ve zurna e\u015fli\u011finde ge\u00e7mi\u015fe yolculuk yapt\u0131. Milli Savunma Bakanl\u0131\u011f\u0131 Mehteran Birli\u011fi, Malatya\u2019da vatanda\u015flarla bulu\u015farak unutulmaz bir konsere imza att\u0131. Malatya Park \u00f6n\u00fcnde d\u00fczenlenen \u00f6zel g\u00f6steride, d\u00fcnyan\u0131n en eski askeri bandosu olarak bilinen Mehteran Birli\u011fi, mar\u015flar\u0131 ve g\u00f6rkemli performans\u0131yla [&hellip;]\" \/>\n<meta property=\"og:url\" content=\"https:\/\/memurunsesi.net\/index.php\/2025\/05\/09\/milli-savunma-bakanligi-mehteran-birliginden-malatyada-coskulu-konser\/\" \/>\n<meta property=\"og:site_name\" content=\"Memurun Sesi\" \/>\n<meta property=\"article:publisher\" content=\"https:\/\/www.facebook.com\/unipersen\/?locale=tr_TR\" \/>\n<meta property=\"article:published_time\" content=\"2025-05-09T17:10:44+00:00\" \/>\n<meta name=\"author\" content=\"Memurun Sesi Haber Merkezi\" \/>\n<meta name=\"twitter:card\" content=\"summary_large_image\" \/>\n<meta name=\"twitter:creator\" content=\"@unipersen\" \/>\n<meta name=\"twitter:site\" content=\"@unipersen\" \/>\n<meta name=\"twitter:label1\" content=\"Yazan:\" \/>\n\t<meta name=\"twitter:data1\" content=\"Memurun Sesi Haber Merkezi\" \/>\n<script type=\"application\/ld+json\" class=\"yoast-schema-graph\">{\"@context\":\"https:\\\/\\\/schema.org\",\"@graph\":[{\"@type\":\"Article\",\"@id\":\"https:\\\/\\\/memurunsesi.net\\\/index.php\\\/2025\\\/05\\\/09\\\/milli-savunma-bakanligi-mehteran-birliginden-malatyada-coskulu-konser\\\/#article\",\"isPartOf\":{\"@id\":\"https:\\\/\\\/memurunsesi.net\\\/index.php\\\/2025\\\/05\\\/09\\\/milli-savunma-bakanligi-mehteran-birliginden-malatyada-coskulu-konser\\\/\"},\"author\":{\"name\":\"Memurun Sesi Haber Merkezi\",\"@id\":\"https:\\\/\\\/memurunsesi.net\\\/#\\\/schema\\\/person\\\/f21c2d73b89f6ee1d80b0a1803e38587\"},\"headline\":\"Milli Savunma Bakanl\u0131\u011f\u0131 Mehteran Birli\u011fi&#8217;nden Malatya\u2019da co\u015fkulu konser\",\"datePublished\":\"2025-05-09T17:10:44+00:00\",\"mainEntityOfPage\":{\"@id\":\"https:\\\/\\\/memurunsesi.net\\\/index.php\\\/2025\\\/05\\\/09\\\/milli-savunma-bakanligi-mehteran-birliginden-malatyada-coskulu-konser\\\/\"},\"wordCount\":198,\"commentCount\":0,\"publisher\":{\"@id\":\"https:\\\/\\\/memurunsesi.net\\\/#organization\"},\"inLanguage\":\"tr\",\"potentialAction\":[{\"@type\":\"CommentAction\",\"name\":\"Comment\",\"target\":[\"https:\\\/\\\/memurunsesi.net\\\/index.php\\\/2025\\\/05\\\/09\\\/milli-savunma-bakanligi-mehteran-birliginden-malatyada-coskulu-konser\\\/#respond\"]}]},{\"@type\":\"WebPage\",\"@id\":\"https:\\\/\\\/memurunsesi.net\\\/index.php\\\/2025\\\/05\\\/09\\\/milli-savunma-bakanligi-mehteran-birliginden-malatyada-coskulu-konser\\\/\",\"url\":\"https:\\\/\\\/memurunsesi.net\\\/index.php\\\/2025\\\/05\\\/09\\\/milli-savunma-bakanligi-mehteran-birliginden-malatyada-coskulu-konser\\\/\",\"name\":\"Milli Savunma Bakanl\u0131\u011f\u0131 Mehteran Birli\u011fi'nden Malatya\u2019da co\u015fkulu konser - Memurun Sesi\",\"isPartOf\":{\"@id\":\"https:\\\/\\\/memurunsesi.net\\\/#website\"},\"datePublished\":\"2025-05-09T17:10:44+00:00\",\"breadcrumb\":{\"@id\":\"https:\\\/\\\/memurunsesi.net\\\/index.php\\\/2025\\\/05\\\/09\\\/milli-savunma-bakanligi-mehteran-birliginden-malatyada-coskulu-konser\\\/#breadcrumb\"},\"inLanguage\":\"tr\",\"potentialAction\":[{\"@type\":\"ReadAction\",\"target\":[\"https:\\\/\\\/memurunsesi.net\\\/index.php\\\/2025\\\/05\\\/09\\\/milli-savunma-bakanligi-mehteran-birliginden-malatyada-coskulu-konser\\\/\"]}]},{\"@type\":\"BreadcrumbList\",\"@id\":\"https:\\\/\\\/memurunsesi.net\\\/index.php\\\/2025\\\/05\\\/09\\\/milli-savunma-bakanligi-mehteran-birliginden-malatyada-coskulu-konser\\\/#breadcrumb\",\"itemListElement\":[{\"@type\":\"ListItem\",\"position\":1,\"name\":\"Anasayfa\",\"item\":\"https:\\\/\\\/memurunsesi.net\\\/\"},{\"@type\":\"ListItem\",\"position\":2,\"name\":\"Milli Savunma Bakanl\u0131\u011f\u0131 Mehteran Birli\u011fi&#8217;nden Malatya\u2019da co\u015fkulu konser\"}]},{\"@type\":\"WebSite\",\"@id\":\"https:\\\/\\\/memurunsesi.net\\\/#website\",\"url\":\"https:\\\/\\\/memurunsesi.net\\\/\",\"name\":\"Memurun Sesi\",\"description\":\"G\u00fcncel ve Do\u011fru Haber\",\"publisher\":{\"@id\":\"https:\\\/\\\/memurunsesi.net\\\/#organization\"},\"potentialAction\":[{\"@type\":\"SearchAction\",\"target\":{\"@type\":\"EntryPoint\",\"urlTemplate\":\"https:\\\/\\\/memurunsesi.net\\\/?s={search_term_string}\"},\"query-input\":{\"@type\":\"PropertyValueSpecification\",\"valueRequired\":true,\"valueName\":\"search_term_string\"}}],\"inLanguage\":\"tr\"},{\"@type\":\"Organization\",\"@id\":\"https:\\\/\\\/memurunsesi.net\\\/#organization\",\"name\":\"Memurun Sesi\",\"url\":\"https:\\\/\\\/memurunsesi.net\\\/\",\"logo\":{\"@type\":\"ImageObject\",\"inLanguage\":\"tr\",\"@id\":\"https:\\\/\\\/memurunsesi.net\\\/#\\\/schema\\\/logo\\\/image\\\/\",\"url\":\"https:\\\/\\\/memurunsesi.net\\\/wp-content\\\/uploads\\\/2025\\\/11\\\/cropped-MEMURUN-SESI.png\",\"contentUrl\":\"https:\\\/\\\/memurunsesi.net\\\/wp-content\\\/uploads\\\/2025\\\/11\\\/cropped-MEMURUN-SESI.png\",\"width\":238,\"height\":57,\"caption\":\"Memurun Sesi\"},\"image\":{\"@id\":\"https:\\\/\\\/memurunsesi.net\\\/#\\\/schema\\\/logo\\\/image\\\/\"},\"sameAs\":[\"https:\\\/\\\/www.facebook.com\\\/unipersen\\\/?locale=tr_TR\",\"https:\\\/\\\/x.com\\\/unipersen\"]},{\"@type\":\"Person\",\"@id\":\"https:\\\/\\\/memurunsesi.net\\\/#\\\/schema\\\/person\\\/f21c2d73b89f6ee1d80b0a1803e38587\",\"name\":\"Memurun Sesi Haber Merkezi\",\"image\":{\"@type\":\"ImageObject\",\"inLanguage\":\"tr\",\"@id\":\"https:\\\/\\\/secure.gravatar.com\\\/avatar\\\/6cf0505f452ee753f485014986fab09a434671d2b919ee76fc541025c5876a70?s=96&d=mm&r=g\",\"url\":\"https:\\\/\\\/secure.gravatar.com\\\/avatar\\\/6cf0505f452ee753f485014986fab09a434671d2b919ee76fc541025c5876a70?s=96&d=mm&r=g\",\"contentUrl\":\"https:\\\/\\\/secure.gravatar.com\\\/avatar\\\/6cf0505f452ee753f485014986fab09a434671d2b919ee76fc541025c5876a70?s=96&d=mm&r=g\",\"caption\":\"Memurun Sesi Haber Merkezi\"},\"sameAs\":[\"https:\\\/\\\/memurunsesi.net\"],\"url\":\"https:\\\/\\\/memurunsesi.net\\\/index.php\\\/author\\\/uniper\\\/\"}]}<\/script>\n<!-- \/ Yoast SEO plugin. -->","yoast_head_json":{"title":"Milli Savunma Bakanl\u0131\u011f\u0131 Mehteran Birli\u011fi'nden Malatya\u2019da co\u015fkulu konser - Memurun Sesi","robots":{"index":"index","follow":"follow","max-snippet":"max-snippet:-1","max-image-preview":"max-image-preview:large","max-video-preview":"max-video-preview:-1"},"canonical":"https:\/\/memurunsesi.net\/index.php\/2025\/05\/09\/milli-savunma-bakanligi-mehteran-birliginden-malatyada-coskulu-konser\/","og_locale":"tr_TR","og_type":"article","og_title":"Milli Savunma Bakanl\u0131\u011f\u0131 Mehteran Birli\u011fi'nden Malatya\u2019da co\u015fkulu konser - Memurun Sesi","og_description":"D\u00fcnyan\u0131n en eski askeri bandosu olan Mehteran Birli\u011fi, Malatya\u2019da tarihi mar\u015flarla co\u015fku dolu anlar ya\u015fatt\u0131. Vatanda\u015flar, davul ve zurna e\u015fli\u011finde ge\u00e7mi\u015fe yolculuk yapt\u0131. Milli Savunma Bakanl\u0131\u011f\u0131 Mehteran Birli\u011fi, Malatya\u2019da vatanda\u015flarla bulu\u015farak unutulmaz bir konsere imza att\u0131. Malatya Park \u00f6n\u00fcnde d\u00fczenlenen \u00f6zel g\u00f6steride, d\u00fcnyan\u0131n en eski askeri bandosu olarak bilinen Mehteran Birli\u011fi, mar\u015flar\u0131 ve g\u00f6rkemli performans\u0131yla [&hellip;]","og_url":"https:\/\/memurunsesi.net\/index.php\/2025\/05\/09\/milli-savunma-bakanligi-mehteran-birliginden-malatyada-coskulu-konser\/","og_site_name":"Memurun Sesi","article_publisher":"https:\/\/www.facebook.com\/unipersen\/?locale=tr_TR","article_published_time":"2025-05-09T17:10:44+00:00","author":"Memurun Sesi Haber Merkezi","twitter_card":"summary_large_image","twitter_creator":"@unipersen","twitter_site":"@unipersen","twitter_misc":{"Yazan:":"Memurun Sesi Haber Merkezi"},"schema":{"@context":"https:\/\/schema.org","@graph":[{"@type":"Article","@id":"https:\/\/memurunsesi.net\/index.php\/2025\/05\/09\/milli-savunma-bakanligi-mehteran-birliginden-malatyada-coskulu-konser\/#article","isPartOf":{"@id":"https:\/\/memurunsesi.net\/index.php\/2025\/05\/09\/milli-savunma-bakanligi-mehteran-birliginden-malatyada-coskulu-konser\/"},"author":{"name":"Memurun Sesi Haber Merkezi","@id":"https:\/\/memurunsesi.net\/#\/schema\/person\/f21c2d73b89f6ee1d80b0a1803e38587"},"headline":"Milli Savunma Bakanl\u0131\u011f\u0131 Mehteran Birli\u011fi&#8217;nden Malatya\u2019da co\u015fkulu konser","datePublished":"2025-05-09T17:10:44+00:00","mainEntityOfPage":{"@id":"https:\/\/memurunsesi.net\/index.php\/2025\/05\/09\/milli-savunma-bakanligi-mehteran-birliginden-malatyada-coskulu-konser\/"},"wordCount":198,"commentCount":0,"publisher":{"@id":"https:\/\/memurunsesi.net\/#organization"},"inLanguage":"tr","potentialAction":[{"@type":"CommentAction","name":"Comment","target":["https:\/\/memurunsesi.net\/index.php\/2025\/05\/09\/milli-savunma-bakanligi-mehteran-birliginden-malatyada-coskulu-konser\/#respond"]}]},{"@type":"WebPage","@id":"https:\/\/memurunsesi.net\/index.php\/2025\/05\/09\/milli-savunma-bakanligi-mehteran-birliginden-malatyada-coskulu-konser\/","url":"https:\/\/memurunsesi.net\/index.php\/2025\/05\/09\/milli-savunma-bakanligi-mehteran-birliginden-malatyada-coskulu-konser\/","name":"Milli Savunma Bakanl\u0131\u011f\u0131 Mehteran Birli\u011fi'nden Malatya\u2019da co\u015fkulu konser - Memurun Sesi","isPartOf":{"@id":"https:\/\/memurunsesi.net\/#website"},"datePublished":"2025-05-09T17:10:44+00:00","breadcrumb":{"@id":"https:\/\/memurunsesi.net\/index.php\/2025\/05\/09\/milli-savunma-bakanligi-mehteran-birliginden-malatyada-coskulu-konser\/#breadcrumb"},"inLanguage":"tr","potentialAction":[{"@type":"ReadAction","target":["https:\/\/memurunsesi.net\/index.php\/2025\/05\/09\/milli-savunma-bakanligi-mehteran-birliginden-malatyada-coskulu-konser\/"]}]},{"@type":"BreadcrumbList","@id":"https:\/\/memurunsesi.net\/index.php\/2025\/05\/09\/milli-savunma-bakanligi-mehteran-birliginden-malatyada-coskulu-konser\/#breadcrumb","itemListElement":[{"@type":"ListItem","position":1,"name":"Anasayfa","item":"https:\/\/memurunsesi.net\/"},{"@type":"ListItem","position":2,"name":"Milli Savunma Bakanl\u0131\u011f\u0131 Mehteran Birli\u011fi&#8217;nden Malatya\u2019da co\u015fkulu konser"}]},{"@type":"WebSite","@id":"https:\/\/memurunsesi.net\/#website","url":"https:\/\/memurunsesi.net\/","name":"Memurun Sesi","description":"G\u00fcncel ve Do\u011fru Haber","publisher":{"@id":"https:\/\/memurunsesi.net\/#organization"},"potentialAction":[{"@type":"SearchAction","target":{"@type":"EntryPoint","urlTemplate":"https:\/\/memurunsesi.net\/?s={search_term_string}"},"query-input":{"@type":"PropertyValueSpecification","valueRequired":true,"valueName":"search_term_string"}}],"inLanguage":"tr"},{"@type":"Organization","@id":"https:\/\/memurunsesi.net\/#organization","name":"Memurun Sesi","url":"https:\/\/memurunsesi.net\/","logo":{"@type":"ImageObject","inLanguage":"tr","@id":"https:\/\/memurunsesi.net\/#\/schema\/logo\/image\/","url":"https:\/\/memurunsesi.net\/wp-content\/uploads\/2025\/11\/cropped-MEMURUN-SESI.png","contentUrl":"https:\/\/memurunsesi.net\/wp-content\/uploads\/2025\/11\/cropped-MEMURUN-SESI.png","width":238,"height":57,"caption":"Memurun Sesi"},"image":{"@id":"https:\/\/memurunsesi.net\/#\/schema\/logo\/image\/"},"sameAs":["https:\/\/www.facebook.com\/unipersen\/?locale=tr_TR","https:\/\/x.com\/unipersen"]},{"@type":"Person","@id":"https:\/\/memurunsesi.net\/#\/schema\/person\/f21c2d73b89f6ee1d80b0a1803e38587","name":"Memurun Sesi Haber Merkezi","image":{"@type":"ImageObject","inLanguage":"tr","@id":"https:\/\/secure.gravatar.com\/avatar\/6cf0505f452ee753f485014986fab09a434671d2b919ee76fc541025c5876a70?s=96&d=mm&r=g","url":"https:\/\/secure.gravatar.com\/avatar\/6cf0505f452ee753f485014986fab09a434671d2b919ee76fc541025c5876a70?s=96&d=mm&r=g","contentUrl":"https:\/\/secure.gravatar.com\/avatar\/6cf0505f452ee753f485014986fab09a434671d2b919ee76fc541025c5876a70?s=96&d=mm&r=g","caption":"Memurun Sesi Haber Merkezi"},"sameAs":["https:\/\/memurunsesi.net"],"url":"https:\/\/memurunsesi.net\/index.php\/author\/uniper\/"}]}},"_links":{"self":[{"href":"https:\/\/memurunsesi.net\/index.php\/wp-json\/wp\/v2\/posts\/6748","targetHints":{"allow":["GET"]}}],"collection":[{"href":"https:\/\/memurunsesi.net\/index.php\/wp-json\/wp\/v2\/posts"}],"about":[{"href":"https:\/\/memurunsesi.net\/index.php\/wp-json\/wp\/v2\/types\/post"}],"author":[{"embeddable":true,"href":"https:\/\/memurunsesi.net\/index.php\/wp-json\/wp\/v2\/users\/1"}],"replies":[{"embeddable":true,"href":"https:\/\/memurunsesi.net\/index.php\/wp-json\/wp\/v2\/comments?post=6748"}],"version-history":[{"count":1,"href":"https:\/\/memurunsesi.net\/index.php\/wp-json\/wp\/v2\/posts\/6748\/revisions"}],"predecessor-version":[{"id":6750,"href":"https:\/\/memurunsesi.net\/index.php\/wp-json\/wp\/v2\/posts\/6748\/revisions\/6750"}],"wp:attachment":[{"href":"https:\/\/memurunsesi.net\/index.php\/wp-json\/wp\/v2\/media?parent=6748"}],"wp:term":[{"taxonomy":"category","embeddable":true,"href":"https:\/\/memurunsesi.net\/index.php\/wp-json\/wp\/v2\/categories?post=6748"},{"taxonomy":"post_tag","embeddable":true,"href":"https:\/\/memurunsesi.net\/index.php\/wp-json\/wp\/v2\/tags?post=6748"}],"curies":[{"name":"wp","href":"https:\/\/api.w.org\/{rel}","templated":true}]}}