{"id":6785,"date":"2025-05-11T19:24:55","date_gmt":"2025-05-11T16:24:55","guid":{"rendered":"https:\/\/memurunsesi.net\/?p=6785"},"modified":"2025-05-11T19:24:55","modified_gmt":"2025-05-11T16:24:55","slug":"aile-ve-sosyal-hizmetler-bakani-goktas-kadinin-her-alanda-guclenmesi-bizim-icin-cok-kiymetli","status":"publish","type":"post","link":"https:\/\/memurunsesi.net\/index.php\/2025\/05\/11\/aile-ve-sosyal-hizmetler-bakani-goktas-kadinin-her-alanda-guclenmesi-bizim-icin-cok-kiymetli\/","title":{"rendered":"Aile ve Sosyal Hizmetler Bakan\u0131 G\u00f6kta\u015f: &#8220;Kad\u0131n\u0131n her alanda g\u00fc\u00e7lenmesi bizim i\u00e7in \u00e7ok k\u0131ymetli&#8221;"},"content":{"rendered":"<p>\n Aile ve Sosyal Hizmetler Bakan\u0131 Mahinur \u00d6zdemir G\u00f6kta\u015f, Pendik&#8217;te &#8216;Esnaf Kad\u0131nlar Kad\u0131na Destek El Eme\u011fi \u00c7ar\u015f\u0131s\u0131&#8217; a\u00e7\u0131l\u0131\u015f\u0131na ve Anneler G\u00fcn\u00fc Foto\u011fraf Sergisi&#8217;ne kat\u0131ld\u0131. Bakan G\u00f6kta\u015f, &#8220;Bir kad\u0131n \u00fcretti\u011fi anda hem kendini mutlu eder. Hem ailesini mutlu eder hem toplumu mutlu eder. Hem bir mahalleyi hem de \u00fclkesini d\u00f6n\u00fc\u015ft\u00fcr\u00fcr&#8221; ifadelerini kulland\u0131.<br \/>\n  Aile ve Sosyal Hizmetler Bakan\u0131 Mahinur \u00d6zdemir G\u00f6kta\u015f, Pendik Belediyesi destekleriyle yap\u0131lan &#8216;Esnaf Kad\u0131nlar Kad\u0131na Destek El Eme\u011fi \u00c7ar\u015f\u0131s\u0131&#8217; a\u00e7\u0131l\u0131\u015f\u0131na kat\u0131ld\u0131. Bakan G\u00f6kta\u015f, pazar alan\u0131nda kad\u0131nlar taraf\u0131ndan el eme\u011fi ile \u00fcretilen \u00fcr\u00fcnlerin oldu\u011fu stantlar\u0131 gezerek \u00fcr\u00fcnleri inceledi, \u00fcreticiler ile sohbet etti. D\u00fczenlenen a\u00e7\u0131l\u0131\u015fa, Aile ve Sosyal Hizmetler Bakan\u0131 Mahinur \u00d6zdemir G\u00f6kta\u015f ile birlikte AK Parti \u0130stanbul Milletvekili Behiye Eker, \u0130stanbul Valisi Davut G\u00fcl, Pendik Belediye Ba\u015fkan\u0131 Ahmet Cin ve \u00e7ok say\u0131da vatanda\u015f kat\u0131ld\u0131.<br \/>\n  Pendik Belediye Ba\u015fkan\u0131 Ahmet Cin, &#8220;Bug\u00fcn a\u00e7\u0131l\u0131\u015f\u0131n\u0131 ger\u00e7ekle\u015ftirdi\u011fimiz pazar\u0131m\u0131z\u0131n burada pazar a\u00e7an, gezen ve gezmeyen herkes i\u00e7in hay\u0131rl\u0131 olmas\u0131n\u0131 Cenab-\u0131 Allah&#8217;tan niyaz ediyorum. Burada kad\u0131nlar\u0131m\u0131z\u0131n el eme\u011fi ile \u00fcrettikleri \u00fcr\u00fcnleri satt\u0131klar\u0131, pazarlad\u0131klar\u0131 bir pazar\u0131 zaten kurmu\u015ftuk, yakla\u015f\u0131k 2 y\u0131l \u00f6nce. \u015eimdi yeniden b\u00f6yle bir projeyi hayata ge\u00e7irmeye h\u0131z verdik. Havalar\u0131n da biraz \u0131s\u0131nmas\u0131n\u0131 bekleyerek bug\u00fcn bu a\u00e7\u0131l\u0131\u015f\u0131m\u0131z\u0131 yapma imkan\u0131 bulduk&#8221; dedi.  <\/p>\n<p>  &#8220;Kad\u0131n\u0131n her alanda g\u00fc\u00e7lenmesi bizim i\u00e7in \u00e7ok k\u0131ymetli&#8221;<br \/>\n  Programda konu\u015fma yapan Bakan G\u00f6kta\u015f ise, &#8220;Biz biliyoruz ki kad\u0131n\u0131n eme\u011fi g\u00fc\u00e7t\u00fcr. Kad\u0131n\u0131n her alanda g\u00fc\u00e7lenmesi bizim i\u00e7in \u00e7ok k\u0131ymetli. Kad\u0131n\u0131n eme\u011finde al\u0131n teri var. Kad\u0131n\u0131n elinde bereket var, azim var, \u00e7al\u0131\u015fkanl\u0131k var, \u00fcretkenlik var. Bir kad\u0131n \u00fcretti\u011fi anda hem kendini mutlu eder hem ailesini mutlu eder hem toplumu mutlu eder. Hem bir mahalleyi hem de \u00fclkesini d\u00f6n\u00fc\u015ft\u00fcr\u00fcr. \u0130\u015fte biz de bu vizyonla son 23 y\u0131lda Say\u0131n Cumhurba\u015fkan\u0131m\u0131z\u0131n liderli\u011finde kad\u0131n\u0131 her alanda g\u00fc\u00e7lendirmeye y\u00f6nelik \u00e7ok \u00f6nemli projeler hayata ge\u00e7irdik. Kad\u0131n\u0131 g\u00fc\u00e7lendirme vizyon belgesi ve eylem plan\u0131m\u0131z\u0131 hayata ge\u00e7irdik. 8 Mart D\u00fcnya Kad\u0131nlar G\u00fcn\u00fc&#8217;nde bu belgeyi ulusal bir boyuta ta\u015f\u0131yarak Say\u0131n Cumhurba\u015fkan\u0131m\u0131z\u0131n ba\u015fkanl\u0131\u011f\u0131nda, her ilimizde valilerimizin ba\u015fkanl\u0131\u011f\u0131nda, kad\u0131n giri\u015fimcilerin yer ald\u0131\u011f\u0131 bir \u00f6zel bir kurul haline getirdik. Bu da \u015funu g\u00f6steriyor. Hem mahallesinde hem \u015fehrinde hem k\u00fc\u00e7\u00fckten b\u00fcy\u00fc\u011fe gerek kooperatifle\u015ferek gerek kendi \u00fcr\u00fcnlerini satarak gerek \u00fclkesinin gelece\u011fine katk\u0131 sunarak her kad\u0131n\u0131n yan\u0131nda olmaya gayret ediyoruz&#8221; ifadelerini kulland\u0131.  <\/p>\n<p>  &#8220;Kad\u0131n eme\u011fini g\u00f6r\u00fcn\u00fcr k\u0131lan her t\u00fcrl\u00fc giri\u015fimin yan\u0131nda olduk&#8221;<br \/>\n  Bakan G\u00f6kta\u015f s\u00f6zlerine \u015f\u00f6yle devam etti: &#8220;Bizler i\u00e7in ekonomik d\u00f6n\u00fc\u015f\u00fcm kad\u0131n g\u00fc\u00e7lenmesi her alanda hem g\u00fc\u00e7t\u00fcr hem berekettir hem de yan\u0131nda durdu\u011fumuz \u00e7ok \u00f6nemli bir \u00e7al\u0131\u015fmad\u0131r. Ve biz de bu alanda her kad\u0131n\u0131n hayat\u0131n her alan\u0131nda daha fazla yer almas\u0131 i\u00e7in ama her kad\u0131n\u0131n, ba\u015f\u00f6rt\u00fcl\u00fc, ba\u015f\u00f6rt\u00fcs\u00fcz evinde \u00fcreten, mahallesinde \u00fcreten sanayici kad\u0131nlar\u0131n da her alanda g\u00fc\u00e7lenmesinin \u00e7ok k\u0131ymetli \u00e7ok de\u011ferli buluyoruz. \u0130\u015fte biz de bu vizyonla hareket ederek kad\u0131n eme\u011fini g\u00f6r\u00fcn\u00fcr k\u0131lan her t\u00fcrl\u00fc giri\u015fimin yan\u0131nda olduk. Olmaya da devam edece\u011fiz. 2025 y\u0131l\u0131 biliyorsunuz, bu y\u0131l aile y\u0131l\u0131. Say\u0131n Cumhurba\u015fkan\u0131m\u0131z\u0131n himayelerinde y\u00fcr\u00fctt\u00fc\u011f\u00fcm\u00fcz bir \u00e7al\u0131\u015fma. Aile y\u0131l\u0131nda da \u00fcreten kad\u0131nlar\u0131n yan\u0131nda olmay\u0131 s\u00fcrd\u00fcrece\u011fiz. \u0130\u015fte bu vizyonda burada kurulan her tezgah\u0131n alt\u0131nda asl\u0131nda bir kad\u0131n\u0131n hikayesi var. Bir bereket var, bir emek var. Ve bu g\u00fczel giri\u015fim ba\u015fta Pendik&#8217;ten ba\u015flayarak in\u015fallah \u0130stanbul&#8217;un di\u011fer il\u00e7elerine de \u00fclkemizin di\u011fer \u015fehirlerine de \u00f6rnek olaca\u011f\u0131na y\u00fcrekten inan\u0131yorum. S\u00f6zlerime son verirken sizlerin vesilesiyle hayat\u0131m\u0131z\u0131n en g\u00fc\u00e7l\u00fc kahramanlar\u0131m\u0131z olan annelerimizin, ba\u015fta \u015fehit annelerimiz, gazi annelerimiz olmak \u00fczere b\u00fct\u00fcn annelerimizin Anneler G\u00fcn\u00fc&#8217;n\u00fc kutlamak istiyorum. Bir de bu g\u00fczel giri\u015fimin yan\u0131nda k\u0131ymetli Ba\u015fkan\u0131m\u0131z\u0131n \u00e7ok \u00f6zel \u00e7al\u0131\u015fmalar\u0131 var. Gerek sosyal belediyecilik anlam\u0131nda, gerek engelliler konusunda yapt\u0131\u011f\u0131 \u00e7al\u0131\u015fmalar. Ge\u00e7ti\u011fimiz ay da Pendik Otizm Merkezimizi tekrar canland\u0131rd\u0131k. Ve bunun canlanmas\u0131nda \u00e7ok k\u0131ymetli Ba\u015fkan\u0131m\u0131z\u0131n \u00f6zel destekleri var. Hi\u00e7bir bahane \u00fcretmeden &#8216;ne gerekiyorsa yapmaya haz\u0131r\u0131m&#8217; dedi. Ben bu minvalde k\u0131ymetli Ba\u015fkan\u0131m\u0131za, hem devlet korumas\u0131 alt\u0131nda kalan \u00e7ocuklar\u0131m\u0131z ad\u0131na hem kad\u0131nlar ad\u0131na hem engelli \u00e7ocuklar ad\u0131na hem de toplumun her kesimine dokunan b\u00fct\u00fcn \u00e7al\u0131\u015fmalar\u0131 i\u00e7in \u00e7ok \u00e7ok te\u015fekk\u00fcr etmek istiyorum.&#8221;<br \/>\n  Aile ve Sosyal Hizmetler Bakan\u0131 Mahinur \u00d6zdemir G\u00f6kta\u015f buradaki ziyaretinin ard\u0131ndan Atat\u00fcrk K\u00fclt\u00fcr Merkezi&#8217;nde &#8216;Anneler G\u00fcn\u00fc Foto\u011fraf Sergisi&#8217;ne kat\u0131ld\u0131.  <\/p>\n<p>11.05.2025                                  <\/p>\n","protected":false},"excerpt":{"rendered":"<p>Aile ve Sosyal Hizmetler Bakan\u0131 Mahinur \u00d6zdemir G\u00f6kta\u015f, Pendik&#8217;te &#8216;Esnaf Kad\u0131nlar Kad\u0131na Destek El Eme\u011fi \u00c7ar\u015f\u0131s\u0131&#8217; a\u00e7\u0131l\u0131\u015f\u0131na ve Anneler G\u00fcn\u00fc Foto\u011fraf Sergisi&#8217;ne kat\u0131ld\u0131. Bakan G\u00f6kta\u015f, &#8220;Bir kad\u0131n \u00fcretti\u011fi anda hem kendini mutlu eder. Hem ailesini mutlu eder hem toplumu mutlu eder. Hem bir mahalleyi hem de \u00fclkesini d\u00f6n\u00fc\u015ft\u00fcr\u00fcr&#8221; ifadelerini kulland\u0131. Aile ve Sosyal Hizmetler Bakan\u0131 [&hellip;]<\/p>\n","protected":false},"author":1,"featured_media":6786,"comment_status":"open","ping_status":"open","sticky":false,"template":"","format":"standard","meta":{"footnotes":""},"categories":[45],"tags":[],"class_list":["post-6785","post","type-post","status-publish","format-standard","has-post-thumbnail","hentry","category-gundem"],"yoast_head":"<!-- This site is optimized with the Yoast SEO plugin v27.4 - https:\/\/yoast.com\/product\/yoast-seo-wordpress\/ -->\n<title>Aile ve Sosyal Hizmetler Bakan\u0131 G\u00f6kta\u015f: &quot;Kad\u0131n\u0131n her alanda g\u00fc\u00e7lenmesi bizim i\u00e7in \u00e7ok k\u0131ymetli&quot; - Memurun Sesi<\/title>\n<meta name=\"robots\" content=\"index, follow, max-snippet:-1, max-image-preview:large, max-video-preview:-1\" \/>\n<link rel=\"canonical\" href=\"https:\/\/memurunsesi.net\/index.php\/2025\/05\/11\/aile-ve-sosyal-hizmetler-bakani-goktas-kadinin-her-alanda-guclenmesi-bizim-icin-cok-kiymetli\/\" \/>\n<meta property=\"og:locale\" content=\"tr_TR\" \/>\n<meta property=\"og:type\" content=\"article\" \/>\n<meta property=\"og:title\" content=\"Aile ve Sosyal Hizmetler Bakan\u0131 G\u00f6kta\u015f: &quot;Kad\u0131n\u0131n her alanda g\u00fc\u00e7lenmesi bizim i\u00e7in \u00e7ok k\u0131ymetli&quot; - Memurun Sesi\" \/>\n<meta property=\"og:description\" content=\"Aile ve Sosyal Hizmetler Bakan\u0131 Mahinur \u00d6zdemir G\u00f6kta\u015f, Pendik&#8217;te &#8216;Esnaf Kad\u0131nlar Kad\u0131na Destek El Eme\u011fi \u00c7ar\u015f\u0131s\u0131&#8217; a\u00e7\u0131l\u0131\u015f\u0131na ve Anneler G\u00fcn\u00fc Foto\u011fraf Sergisi&#8217;ne kat\u0131ld\u0131. Bakan G\u00f6kta\u015f, &#8220;Bir kad\u0131n \u00fcretti\u011fi anda hem kendini mutlu eder. Hem ailesini mutlu eder hem toplumu mutlu eder. Hem bir mahalleyi hem de \u00fclkesini d\u00f6n\u00fc\u015ft\u00fcr\u00fcr&#8221; ifadelerini kulland\u0131. Aile ve Sosyal Hizmetler Bakan\u0131 [&hellip;]\" \/>\n<meta property=\"og:url\" content=\"https:\/\/memurunsesi.net\/index.php\/2025\/05\/11\/aile-ve-sosyal-hizmetler-bakani-goktas-kadinin-her-alanda-guclenmesi-bizim-icin-cok-kiymetli\/\" \/>\n<meta property=\"og:site_name\" content=\"Memurun Sesi\" \/>\n<meta property=\"article:publisher\" content=\"https:\/\/www.facebook.com\/unipersen\/?locale=tr_TR\" \/>\n<meta property=\"article:published_time\" content=\"2025-05-11T16:24:55+00:00\" \/>\n<meta property=\"og:image\" content=\"https:\/\/memurunsesi.net\/wp-content\/uploads\/2025\/05\/AW452255_02-scaled.jpg\" \/>\n\t<meta property=\"og:image:width\" content=\"2560\" \/>\n\t<meta property=\"og:image:height\" content=\"1707\" \/>\n\t<meta property=\"og:image:type\" content=\"image\/jpeg\" \/>\n<meta name=\"author\" content=\"Memurun Sesi Haber Merkezi\" \/>\n<meta name=\"twitter:card\" content=\"summary_large_image\" \/>\n<meta name=\"twitter:creator\" content=\"@unipersen\" \/>\n<meta name=\"twitter:site\" content=\"@unipersen\" \/>\n<meta name=\"twitter:label1\" content=\"Yazan:\" \/>\n\t<meta name=\"twitter:data1\" content=\"Memurun Sesi Haber Merkezi\" \/>\n<script type=\"application\/ld+json\" class=\"yoast-schema-graph\">{\"@context\":\"https:\\\/\\\/schema.org\",\"@graph\":[{\"@type\":\"Article\",\"@id\":\"https:\\\/\\\/memurunsesi.net\\\/index.php\\\/2025\\\/05\\\/11\\\/aile-ve-sosyal-hizmetler-bakani-goktas-kadinin-her-alanda-guclenmesi-bizim-icin-cok-kiymetli\\\/#article\",\"isPartOf\":{\"@id\":\"https:\\\/\\\/memurunsesi.net\\\/index.php\\\/2025\\\/05\\\/11\\\/aile-ve-sosyal-hizmetler-bakani-goktas-kadinin-her-alanda-guclenmesi-bizim-icin-cok-kiymetli\\\/\"},\"author\":{\"name\":\"Memurun Sesi Haber Merkezi\",\"@id\":\"https:\\\/\\\/memurunsesi.net\\\/#\\\/schema\\\/person\\\/f21c2d73b89f6ee1d80b0a1803e38587\"},\"headline\":\"Aile ve Sosyal Hizmetler Bakan\u0131 G\u00f6kta\u015f: &#8220;Kad\u0131n\u0131n her alanda g\u00fc\u00e7lenmesi bizim i\u00e7in \u00e7ok k\u0131ymetli&#8221;\",\"datePublished\":\"2025-05-11T16:24:55+00:00\",\"mainEntityOfPage\":{\"@id\":\"https:\\\/\\\/memurunsesi.net\\\/index.php\\\/2025\\\/05\\\/11\\\/aile-ve-sosyal-hizmetler-bakani-goktas-kadinin-her-alanda-guclenmesi-bizim-icin-cok-kiymetli\\\/\"},\"wordCount\":930,\"commentCount\":0,\"publisher\":{\"@id\":\"https:\\\/\\\/memurunsesi.net\\\/#organization\"},\"image\":{\"@id\":\"https:\\\/\\\/memurunsesi.net\\\/index.php\\\/2025\\\/05\\\/11\\\/aile-ve-sosyal-hizmetler-bakani-goktas-kadinin-her-alanda-guclenmesi-bizim-icin-cok-kiymetli\\\/#primaryimage\"},\"thumbnailUrl\":\"https:\\\/\\\/memurunsesi.net\\\/wp-content\\\/uploads\\\/2025\\\/05\\\/AW452255_02-scaled.jpg\",\"articleSection\":[\"G\u00fcndem\"],\"inLanguage\":\"tr\",\"potentialAction\":[{\"@type\":\"CommentAction\",\"name\":\"Comment\",\"target\":[\"https:\\\/\\\/memurunsesi.net\\\/index.php\\\/2025\\\/05\\\/11\\\/aile-ve-sosyal-hizmetler-bakani-goktas-kadinin-her-alanda-guclenmesi-bizim-icin-cok-kiymetli\\\/#respond\"]}]},{\"@type\":\"WebPage\",\"@id\":\"https:\\\/\\\/memurunsesi.net\\\/index.php\\\/2025\\\/05\\\/11\\\/aile-ve-sosyal-hizmetler-bakani-goktas-kadinin-her-alanda-guclenmesi-bizim-icin-cok-kiymetli\\\/\",\"url\":\"https:\\\/\\\/memurunsesi.net\\\/index.php\\\/2025\\\/05\\\/11\\\/aile-ve-sosyal-hizmetler-bakani-goktas-kadinin-her-alanda-guclenmesi-bizim-icin-cok-kiymetli\\\/\",\"name\":\"Aile ve Sosyal Hizmetler Bakan\u0131 G\u00f6kta\u015f: \\\"Kad\u0131n\u0131n her alanda g\u00fc\u00e7lenmesi bizim i\u00e7in \u00e7ok k\u0131ymetli\\\" - Memurun Sesi\",\"isPartOf\":{\"@id\":\"https:\\\/\\\/memurunsesi.net\\\/#website\"},\"primaryImageOfPage\":{\"@id\":\"https:\\\/\\\/memurunsesi.net\\\/index.php\\\/2025\\\/05\\\/11\\\/aile-ve-sosyal-hizmetler-bakani-goktas-kadinin-her-alanda-guclenmesi-bizim-icin-cok-kiymetli\\\/#primaryimage\"},\"image\":{\"@id\":\"https:\\\/\\\/memurunsesi.net\\\/index.php\\\/2025\\\/05\\\/11\\\/aile-ve-sosyal-hizmetler-bakani-goktas-kadinin-her-alanda-guclenmesi-bizim-icin-cok-kiymetli\\\/#primaryimage\"},\"thumbnailUrl\":\"https:\\\/\\\/memurunsesi.net\\\/wp-content\\\/uploads\\\/2025\\\/05\\\/AW452255_02-scaled.jpg\",\"datePublished\":\"2025-05-11T16:24:55+00:00\",\"breadcrumb\":{\"@id\":\"https:\\\/\\\/memurunsesi.net\\\/index.php\\\/2025\\\/05\\\/11\\\/aile-ve-sosyal-hizmetler-bakani-goktas-kadinin-her-alanda-guclenmesi-bizim-icin-cok-kiymetli\\\/#breadcrumb\"},\"inLanguage\":\"tr\",\"potentialAction\":[{\"@type\":\"ReadAction\",\"target\":[\"https:\\\/\\\/memurunsesi.net\\\/index.php\\\/2025\\\/05\\\/11\\\/aile-ve-sosyal-hizmetler-bakani-goktas-kadinin-her-alanda-guclenmesi-bizim-icin-cok-kiymetli\\\/\"]}]},{\"@type\":\"ImageObject\",\"inLanguage\":\"tr\",\"@id\":\"https:\\\/\\\/memurunsesi.net\\\/index.php\\\/2025\\\/05\\\/11\\\/aile-ve-sosyal-hizmetler-bakani-goktas-kadinin-her-alanda-guclenmesi-bizim-icin-cok-kiymetli\\\/#primaryimage\",\"url\":\"https:\\\/\\\/memurunsesi.net\\\/wp-content\\\/uploads\\\/2025\\\/05\\\/AW452255_02-scaled.jpg\",\"contentUrl\":\"https:\\\/\\\/memurunsesi.net\\\/wp-content\\\/uploads\\\/2025\\\/05\\\/AW452255_02-scaled.jpg\",\"width\":2560,\"height\":1707,\"caption\":\"AHMET C\u0130N VE A\u0130LE BAKANI (EMRE SERTDEM\u0130R - ONUR ERDEN\\\/\u0130STANBUL-\u0130HA) Aile ve Sosyal Hizmetler Bakan\u0131 Mahinur \u00d6zdemir G\u00f6kta\u015f, Pendik'te 'Esnaf Kad\u0131nlar Kad\u0131na Destek El Eme\u011fi \u00c7ar\u015f\u0131s\u0131' a\u00e7\u0131l\u0131\u015f\u0131na ve Anneler G\u00fcn\u00fc Foto\u011fraf Sergisi'ne kat\u0131ld\u0131. Bakan G\u00f6kta\u015f, \\\"Bir kad\u0131n \u00fcretti\u011fi anda hem kendini mutlu eder. Hem ailesini mutlu eder hem toplumu mutlu eder. Hem bir mahalleyi hem de \u00fclkesini d\u00f6n\u00fc\u015ft\u00fcr\u00fcr\\\" ifadelerini kulland\u0131.\"},{\"@type\":\"BreadcrumbList\",\"@id\":\"https:\\\/\\\/memurunsesi.net\\\/index.php\\\/2025\\\/05\\\/11\\\/aile-ve-sosyal-hizmetler-bakani-goktas-kadinin-her-alanda-guclenmesi-bizim-icin-cok-kiymetli\\\/#breadcrumb\",\"itemListElement\":[{\"@type\":\"ListItem\",\"position\":1,\"name\":\"Anasayfa\",\"item\":\"https:\\\/\\\/memurunsesi.net\\\/\"},{\"@type\":\"ListItem\",\"position\":2,\"name\":\"Aile ve Sosyal Hizmetler Bakan\u0131 G\u00f6kta\u015f: &#8220;Kad\u0131n\u0131n her alanda g\u00fc\u00e7lenmesi bizim i\u00e7in \u00e7ok k\u0131ymetli&#8221;\"}]},{\"@type\":\"WebSite\",\"@id\":\"https:\\\/\\\/memurunsesi.net\\\/#website\",\"url\":\"https:\\\/\\\/memurunsesi.net\\\/\",\"name\":\"Memurun Sesi\",\"description\":\"G\u00fcncel ve Do\u011fru Haber\",\"publisher\":{\"@id\":\"https:\\\/\\\/memurunsesi.net\\\/#organization\"},\"potentialAction\":[{\"@type\":\"SearchAction\",\"target\":{\"@type\":\"EntryPoint\",\"urlTemplate\":\"https:\\\/\\\/memurunsesi.net\\\/?s={search_term_string}\"},\"query-input\":{\"@type\":\"PropertyValueSpecification\",\"valueRequired\":true,\"valueName\":\"search_term_string\"}}],\"inLanguage\":\"tr\"},{\"@type\":\"Organization\",\"@id\":\"https:\\\/\\\/memurunsesi.net\\\/#organization\",\"name\":\"Memurun Sesi\",\"url\":\"https:\\\/\\\/memurunsesi.net\\\/\",\"logo\":{\"@type\":\"ImageObject\",\"inLanguage\":\"tr\",\"@id\":\"https:\\\/\\\/memurunsesi.net\\\/#\\\/schema\\\/logo\\\/image\\\/\",\"url\":\"https:\\\/\\\/memurunsesi.net\\\/wp-content\\\/uploads\\\/2025\\\/11\\\/cropped-MEMURUN-SESI.png\",\"contentUrl\":\"https:\\\/\\\/memurunsesi.net\\\/wp-content\\\/uploads\\\/2025\\\/11\\\/cropped-MEMURUN-SESI.png\",\"width\":238,\"height\":57,\"caption\":\"Memurun Sesi\"},\"image\":{\"@id\":\"https:\\\/\\\/memurunsesi.net\\\/#\\\/schema\\\/logo\\\/image\\\/\"},\"sameAs\":[\"https:\\\/\\\/www.facebook.com\\\/unipersen\\\/?locale=tr_TR\",\"https:\\\/\\\/x.com\\\/unipersen\"]},{\"@type\":\"Person\",\"@id\":\"https:\\\/\\\/memurunsesi.net\\\/#\\\/schema\\\/person\\\/f21c2d73b89f6ee1d80b0a1803e38587\",\"name\":\"Memurun Sesi Haber Merkezi\",\"image\":{\"@type\":\"ImageObject\",\"inLanguage\":\"tr\",\"@id\":\"https:\\\/\\\/secure.gravatar.com\\\/avatar\\\/6cf0505f452ee753f485014986fab09a434671d2b919ee76fc541025c5876a70?s=96&d=mm&r=g\",\"url\":\"https:\\\/\\\/secure.gravatar.com\\\/avatar\\\/6cf0505f452ee753f485014986fab09a434671d2b919ee76fc541025c5876a70?s=96&d=mm&r=g\",\"contentUrl\":\"https:\\\/\\\/secure.gravatar.com\\\/avatar\\\/6cf0505f452ee753f485014986fab09a434671d2b919ee76fc541025c5876a70?s=96&d=mm&r=g\",\"caption\":\"Memurun Sesi Haber Merkezi\"},\"sameAs\":[\"https:\\\/\\\/memurunsesi.net\"],\"url\":\"https:\\\/\\\/memurunsesi.net\\\/index.php\\\/author\\\/uniper\\\/\"}]}<\/script>\n<!-- \/ Yoast SEO plugin. -->","yoast_head_json":{"title":"Aile ve Sosyal Hizmetler Bakan\u0131 G\u00f6kta\u015f: \"Kad\u0131n\u0131n her alanda g\u00fc\u00e7lenmesi bizim i\u00e7in \u00e7ok k\u0131ymetli\" - Memurun Sesi","robots":{"index":"index","follow":"follow","max-snippet":"max-snippet:-1","max-image-preview":"max-image-preview:large","max-video-preview":"max-video-preview:-1"},"canonical":"https:\/\/memurunsesi.net\/index.php\/2025\/05\/11\/aile-ve-sosyal-hizmetler-bakani-goktas-kadinin-her-alanda-guclenmesi-bizim-icin-cok-kiymetli\/","og_locale":"tr_TR","og_type":"article","og_title":"Aile ve Sosyal Hizmetler Bakan\u0131 G\u00f6kta\u015f: \"Kad\u0131n\u0131n her alanda g\u00fc\u00e7lenmesi bizim i\u00e7in \u00e7ok k\u0131ymetli\" - Memurun Sesi","og_description":"Aile ve Sosyal Hizmetler Bakan\u0131 Mahinur \u00d6zdemir G\u00f6kta\u015f, Pendik&#8217;te &#8216;Esnaf Kad\u0131nlar Kad\u0131na Destek El Eme\u011fi \u00c7ar\u015f\u0131s\u0131&#8217; a\u00e7\u0131l\u0131\u015f\u0131na ve Anneler G\u00fcn\u00fc Foto\u011fraf Sergisi&#8217;ne kat\u0131ld\u0131. Bakan G\u00f6kta\u015f, &#8220;Bir kad\u0131n \u00fcretti\u011fi anda hem kendini mutlu eder. Hem ailesini mutlu eder hem toplumu mutlu eder. Hem bir mahalleyi hem de \u00fclkesini d\u00f6n\u00fc\u015ft\u00fcr\u00fcr&#8221; ifadelerini kulland\u0131. Aile ve Sosyal Hizmetler Bakan\u0131 [&hellip;]","og_url":"https:\/\/memurunsesi.net\/index.php\/2025\/05\/11\/aile-ve-sosyal-hizmetler-bakani-goktas-kadinin-her-alanda-guclenmesi-bizim-icin-cok-kiymetli\/","og_site_name":"Memurun Sesi","article_publisher":"https:\/\/www.facebook.com\/unipersen\/?locale=tr_TR","article_published_time":"2025-05-11T16:24:55+00:00","og_image":[{"width":2560,"height":1707,"url":"https:\/\/memurunsesi.net\/wp-content\/uploads\/2025\/05\/AW452255_02-scaled.jpg","type":"image\/jpeg"}],"author":"Memurun Sesi Haber Merkezi","twitter_card":"summary_large_image","twitter_creator":"@unipersen","twitter_site":"@unipersen","twitter_misc":{"Yazan:":"Memurun Sesi Haber Merkezi"},"schema":{"@context":"https:\/\/schema.org","@graph":[{"@type":"Article","@id":"https:\/\/memurunsesi.net\/index.php\/2025\/05\/11\/aile-ve-sosyal-hizmetler-bakani-goktas-kadinin-her-alanda-guclenmesi-bizim-icin-cok-kiymetli\/#article","isPartOf":{"@id":"https:\/\/memurunsesi.net\/index.php\/2025\/05\/11\/aile-ve-sosyal-hizmetler-bakani-goktas-kadinin-her-alanda-guclenmesi-bizim-icin-cok-kiymetli\/"},"author":{"name":"Memurun Sesi Haber Merkezi","@id":"https:\/\/memurunsesi.net\/#\/schema\/person\/f21c2d73b89f6ee1d80b0a1803e38587"},"headline":"Aile ve Sosyal Hizmetler Bakan\u0131 G\u00f6kta\u015f: &#8220;Kad\u0131n\u0131n her alanda g\u00fc\u00e7lenmesi bizim i\u00e7in \u00e7ok k\u0131ymetli&#8221;","datePublished":"2025-05-11T16:24:55+00:00","mainEntityOfPage":{"@id":"https:\/\/memurunsesi.net\/index.php\/2025\/05\/11\/aile-ve-sosyal-hizmetler-bakani-goktas-kadinin-her-alanda-guclenmesi-bizim-icin-cok-kiymetli\/"},"wordCount":930,"commentCount":0,"publisher":{"@id":"https:\/\/memurunsesi.net\/#organization"},"image":{"@id":"https:\/\/memurunsesi.net\/index.php\/2025\/05\/11\/aile-ve-sosyal-hizmetler-bakani-goktas-kadinin-her-alanda-guclenmesi-bizim-icin-cok-kiymetli\/#primaryimage"},"thumbnailUrl":"https:\/\/memurunsesi.net\/wp-content\/uploads\/2025\/05\/AW452255_02-scaled.jpg","articleSection":["G\u00fcndem"],"inLanguage":"tr","potentialAction":[{"@type":"CommentAction","name":"Comment","target":["https:\/\/memurunsesi.net\/index.php\/2025\/05\/11\/aile-ve-sosyal-hizmetler-bakani-goktas-kadinin-her-alanda-guclenmesi-bizim-icin-cok-kiymetli\/#respond"]}]},{"@type":"WebPage","@id":"https:\/\/memurunsesi.net\/index.php\/2025\/05\/11\/aile-ve-sosyal-hizmetler-bakani-goktas-kadinin-her-alanda-guclenmesi-bizim-icin-cok-kiymetli\/","url":"https:\/\/memurunsesi.net\/index.php\/2025\/05\/11\/aile-ve-sosyal-hizmetler-bakani-goktas-kadinin-her-alanda-guclenmesi-bizim-icin-cok-kiymetli\/","name":"Aile ve Sosyal Hizmetler Bakan\u0131 G\u00f6kta\u015f: \"Kad\u0131n\u0131n her alanda g\u00fc\u00e7lenmesi bizim i\u00e7in \u00e7ok k\u0131ymetli\" - Memurun Sesi","isPartOf":{"@id":"https:\/\/memurunsesi.net\/#website"},"primaryImageOfPage":{"@id":"https:\/\/memurunsesi.net\/index.php\/2025\/05\/11\/aile-ve-sosyal-hizmetler-bakani-goktas-kadinin-her-alanda-guclenmesi-bizim-icin-cok-kiymetli\/#primaryimage"},"image":{"@id":"https:\/\/memurunsesi.net\/index.php\/2025\/05\/11\/aile-ve-sosyal-hizmetler-bakani-goktas-kadinin-her-alanda-guclenmesi-bizim-icin-cok-kiymetli\/#primaryimage"},"thumbnailUrl":"https:\/\/memurunsesi.net\/wp-content\/uploads\/2025\/05\/AW452255_02-scaled.jpg","datePublished":"2025-05-11T16:24:55+00:00","breadcrumb":{"@id":"https:\/\/memurunsesi.net\/index.php\/2025\/05\/11\/aile-ve-sosyal-hizmetler-bakani-goktas-kadinin-her-alanda-guclenmesi-bizim-icin-cok-kiymetli\/#breadcrumb"},"inLanguage":"tr","potentialAction":[{"@type":"ReadAction","target":["https:\/\/memurunsesi.net\/index.php\/2025\/05\/11\/aile-ve-sosyal-hizmetler-bakani-goktas-kadinin-her-alanda-guclenmesi-bizim-icin-cok-kiymetli\/"]}]},{"@type":"ImageObject","inLanguage":"tr","@id":"https:\/\/memurunsesi.net\/index.php\/2025\/05\/11\/aile-ve-sosyal-hizmetler-bakani-goktas-kadinin-her-alanda-guclenmesi-bizim-icin-cok-kiymetli\/#primaryimage","url":"https:\/\/memurunsesi.net\/wp-content\/uploads\/2025\/05\/AW452255_02-scaled.jpg","contentUrl":"https:\/\/memurunsesi.net\/wp-content\/uploads\/2025\/05\/AW452255_02-scaled.jpg","width":2560,"height":1707,"caption":"AHMET C\u0130N VE A\u0130LE BAKANI (EMRE SERTDEM\u0130R - ONUR ERDEN\/\u0130STANBUL-\u0130HA) Aile ve Sosyal Hizmetler Bakan\u0131 Mahinur \u00d6zdemir G\u00f6kta\u015f, Pendik'te 'Esnaf Kad\u0131nlar Kad\u0131na Destek El Eme\u011fi \u00c7ar\u015f\u0131s\u0131' a\u00e7\u0131l\u0131\u015f\u0131na ve Anneler G\u00fcn\u00fc Foto\u011fraf Sergisi'ne kat\u0131ld\u0131. Bakan G\u00f6kta\u015f, \"Bir kad\u0131n \u00fcretti\u011fi anda hem kendini mutlu eder. Hem ailesini mutlu eder hem toplumu mutlu eder. Hem bir mahalleyi hem de \u00fclkesini d\u00f6n\u00fc\u015ft\u00fcr\u00fcr\" ifadelerini kulland\u0131."},{"@type":"BreadcrumbList","@id":"https:\/\/memurunsesi.net\/index.php\/2025\/05\/11\/aile-ve-sosyal-hizmetler-bakani-goktas-kadinin-her-alanda-guclenmesi-bizim-icin-cok-kiymetli\/#breadcrumb","itemListElement":[{"@type":"ListItem","position":1,"name":"Anasayfa","item":"https:\/\/memurunsesi.net\/"},{"@type":"ListItem","position":2,"name":"Aile ve Sosyal Hizmetler Bakan\u0131 G\u00f6kta\u015f: &#8220;Kad\u0131n\u0131n her alanda g\u00fc\u00e7lenmesi bizim i\u00e7in \u00e7ok k\u0131ymetli&#8221;"}]},{"@type":"WebSite","@id":"https:\/\/memurunsesi.net\/#website","url":"https:\/\/memurunsesi.net\/","name":"Memurun Sesi","description":"G\u00fcncel ve Do\u011fru Haber","publisher":{"@id":"https:\/\/memurunsesi.net\/#organization"},"potentialAction":[{"@type":"SearchAction","target":{"@type":"EntryPoint","urlTemplate":"https:\/\/memurunsesi.net\/?s={search_term_string}"},"query-input":{"@type":"PropertyValueSpecification","valueRequired":true,"valueName":"search_term_string"}}],"inLanguage":"tr"},{"@type":"Organization","@id":"https:\/\/memurunsesi.net\/#organization","name":"Memurun Sesi","url":"https:\/\/memurunsesi.net\/","logo":{"@type":"ImageObject","inLanguage":"tr","@id":"https:\/\/memurunsesi.net\/#\/schema\/logo\/image\/","url":"https:\/\/memurunsesi.net\/wp-content\/uploads\/2025\/11\/cropped-MEMURUN-SESI.png","contentUrl":"https:\/\/memurunsesi.net\/wp-content\/uploads\/2025\/11\/cropped-MEMURUN-SESI.png","width":238,"height":57,"caption":"Memurun Sesi"},"image":{"@id":"https:\/\/memurunsesi.net\/#\/schema\/logo\/image\/"},"sameAs":["https:\/\/www.facebook.com\/unipersen\/?locale=tr_TR","https:\/\/x.com\/unipersen"]},{"@type":"Person","@id":"https:\/\/memurunsesi.net\/#\/schema\/person\/f21c2d73b89f6ee1d80b0a1803e38587","name":"Memurun Sesi Haber Merkezi","image":{"@type":"ImageObject","inLanguage":"tr","@id":"https:\/\/secure.gravatar.com\/avatar\/6cf0505f452ee753f485014986fab09a434671d2b919ee76fc541025c5876a70?s=96&d=mm&r=g","url":"https:\/\/secure.gravatar.com\/avatar\/6cf0505f452ee753f485014986fab09a434671d2b919ee76fc541025c5876a70?s=96&d=mm&r=g","contentUrl":"https:\/\/secure.gravatar.com\/avatar\/6cf0505f452ee753f485014986fab09a434671d2b919ee76fc541025c5876a70?s=96&d=mm&r=g","caption":"Memurun Sesi Haber Merkezi"},"sameAs":["https:\/\/memurunsesi.net"],"url":"https:\/\/memurunsesi.net\/index.php\/author\/uniper\/"}]}},"_links":{"self":[{"href":"https:\/\/memurunsesi.net\/index.php\/wp-json\/wp\/v2\/posts\/6785","targetHints":{"allow":["GET"]}}],"collection":[{"href":"https:\/\/memurunsesi.net\/index.php\/wp-json\/wp\/v2\/posts"}],"about":[{"href":"https:\/\/memurunsesi.net\/index.php\/wp-json\/wp\/v2\/types\/post"}],"author":[{"embeddable":true,"href":"https:\/\/memurunsesi.net\/index.php\/wp-json\/wp\/v2\/users\/1"}],"replies":[{"embeddable":true,"href":"https:\/\/memurunsesi.net\/index.php\/wp-json\/wp\/v2\/comments?post=6785"}],"version-history":[{"count":1,"href":"https:\/\/memurunsesi.net\/index.php\/wp-json\/wp\/v2\/posts\/6785\/revisions"}],"predecessor-version":[{"id":6787,"href":"https:\/\/memurunsesi.net\/index.php\/wp-json\/wp\/v2\/posts\/6785\/revisions\/6787"}],"wp:featuredmedia":[{"embeddable":true,"href":"https:\/\/memurunsesi.net\/index.php\/wp-json\/wp\/v2\/media\/6786"}],"wp:attachment":[{"href":"https:\/\/memurunsesi.net\/index.php\/wp-json\/wp\/v2\/media?parent=6785"}],"wp:term":[{"taxonomy":"category","embeddable":true,"href":"https:\/\/memurunsesi.net\/index.php\/wp-json\/wp\/v2\/categories?post=6785"},{"taxonomy":"post_tag","embeddable":true,"href":"https:\/\/memurunsesi.net\/index.php\/wp-json\/wp\/v2\/tags?post=6785"}],"curies":[{"name":"wp","href":"https:\/\/api.w.org\/{rel}","templated":true}]}}