{"id":6788,"date":"2025-05-11T19:26:46","date_gmt":"2025-05-11T16:26:46","guid":{"rendered":"https:\/\/memurunsesi.net\/?p=6788"},"modified":"2025-05-11T19:26:46","modified_gmt":"2025-05-11T16:26:46","slug":"esenlerde-anneler-gununde-5-uluslararasi-ninni-festivali-duzenlendi","status":"publish","type":"post","link":"https:\/\/memurunsesi.net\/index.php\/2025\/05\/11\/esenlerde-anneler-gununde-5-uluslararasi-ninni-festivali-duzenlendi\/","title":{"rendered":"Esenler\u2019de Anneler G\u00fcn\u00fc\u2019nde &#8220;5. Uluslararas\u0131 Ninni Festivali&#8221; d\u00fczenlendi"},"content":{"rendered":"<p>\n Esenler\u2019de bu y\u0131l 5\u2019incisi d\u00fczenlenen Uluslararas\u0131 Ninni Festivali, Anneler G\u00fcn\u00fc\u2019nde vatanda\u015flar\u0131 bir araya getirdi. Festivalde Anadolu\u2019nun d\u00f6rt bir yan\u0131ndan derlenen geleneksel ninniler seslendirildi.<br \/>\n  Esenler Belediyesi taraf\u0131ndan bu y\u0131l 5\u2019incisi d\u00fczenlenen Uluslararas\u0131 Ninni Festivali, Anneler G\u00fcn\u00fc\u2019nde vatanda\u015flar\u0131 bir araya getirdi. Festivalde Anadolu\u2019nun d\u00f6rt bir yan\u0131ndan derlenen geleneksel ninniler seslendirildi. Programa Aile ve Sosyal Hizmetler Bakan\u0131 Mahinur \u00d6zdemir G\u00f6kta\u015f ile Esenler Belediye Ba\u015fkan\u0131 M. Tevfik G\u00f6ksu da kat\u0131ld\u0131. &#8220;Anadolu\u2019nun Kay\u0131p Ninnileri&#8221; temas\u0131yla d\u00fczenlenen etkinlikte, T\u00fcrk\u00e7enin yan\u0131 s\u0131ra K\u00fcrt\u00e7e, Azerice ve Rumeli y\u00f6resine ait ninniler TRT ve K\u00fclt\u00fcr Bakanl\u0131\u011f\u0131 korosu sanat\u00e7\u0131lar\u0131 taraf\u0131ndan yorumland\u0131. Ninniler, izleyicilere duygusal anlar ya\u015fatarak \u00e7ocukluk y\u0131llar\u0131na, k\u00f6ylerine ve annelerinin dizinin dibine g\u00f6t\u00fcrd\u00fc. Programa kat\u0131lan annelere ve \u00e7ocuklara s\u00fcrpriz hediyeler da\u011f\u0131t\u0131ld\u0131.<br \/>\n  Aile ve Sosyal Hizmetler Bakan\u0131 Mahinur \u00d6zdemir G\u00f6kta\u015f, t\u00fcm annelerin Anneler G\u00fcn\u00fc\u2019n\u00fc kutlayarak \u015fehit ve gazi annelerine \u00f6zel olarak te\u015fekk\u00fcr etti. G\u00f6kta\u015f, &#8220;Festivalin \u00f6zellikle Anneler G\u00fcn\u00fc&#8217;ne denk getirilmesi bence \u00e7ok \u00e7ok de\u011ferli. Ben s\u00f6zlerimin hemen ba\u015f\u0131nda ba\u015fta \u015fehit annelerimiz, gazi annelerimiz Olmak \u00fczere buradaki bulunan b\u00fct\u00fcn annelerimizin Anneler G\u00fcn\u00fc&#8217;n\u00fc kutluyorum. \u015eehadete eren, hayat\u0131n\u0131 kaybeden annelerimize Allah&#8217;tan rahmet diliyorum. Bug\u00fcn fedakarl\u0131klar\u0131yla, sevgileriyle, merhametiyle b\u00fct\u00fcn annelerimizin g\u00fcn\u00fc.  Anneler G\u00fcn\u00fc sadece bir g\u00fcn de\u011fil, her g\u00fcn kutlanmas\u0131 gereken \u00e7ok k\u0131ymetli bir g\u00fcn asl\u0131nda&#8221; ifadelerini kulland\u0131.<br \/>\n  Ninnilerin sadece bir uyku ezgisi de\u011fil, ayn\u0131 zamanda g\u00fcven ve sevgiyi aktaran bir ba\u011f oldu\u011funa dikkat \u00e7eken G\u00f6kta\u015f, &#8220;Biliyorsunuz k\u0131ymetli anneler, babalar, bu y\u0131l\u0131 Cumhurba\u015fkan\u0131m\u0131z\u0131n tensipleriyle aile y\u0131l\u0131 ilan ettik. Aile y\u0131l\u0131n\u0131n ruhunu co\u015fkuyla, ayn\u0131 zamanda aile ba\u011flar\u0131n\u0131 g\u00fc\u00e7lendiren bir \u015fekilde kutlamay\u0131 \u00e7ok \u00f6nemsiyoruz. Bu festival de asl\u0131nda hem aile y\u0131l\u0131m\u0131z\u0131n ruhunu yans\u0131t\u0131yor. Hem annelerin verdi\u011fi o \u00f6zveri, o cesaret, o merhamet, o sevgiyi ninniler vesilesiyle anlat\u0131yor. Ayn\u0131 zamanda k\u00fclt\u00fcrel miras\u0131m\u0131z\u0131 da sahiplenmek ad\u0131na \u00e7ok k\u0131ymetli bir festival. Bakanl\u0131k olarak aileyi g\u00fc\u00e7lendirmek, \u00e7ocukla anne baba aras\u0131ndaki ba\u011flar\u0131 kuvvetlendirmek ad\u0131na pek \u00e7ok \u00e7al\u0131\u015fma y\u00fcr\u00fct\u00fcyoruz. Bu g\u00fczel bulu\u015fman\u0131n da nice g\u00fczel bulu\u015fmalara ve g\u00fczel etkinliklere ilham olmas\u0131n\u0131 diliyorum. Ben bu festivale nice y\u0131llar diliyorum. Ger\u00e7ekten k\u00fclt\u00fcrel miras\u0131m\u0131za sahip \u00e7\u0131kmak ad\u0131na eserlerine sahip \u00e7\u0131kmak ad\u0131na \u00e7ok g\u00fczel \u00e7al\u0131\u015fmalara vesile olmas\u0131n\u0131 diliyorum. Ben bir kez daha hem anneler g\u00fcn\u00fcn\u00fcz\u00fc kutluyorum. Hem de be\u015finci. Festivalimizin hay\u0131rlara vesile olmas\u0131n\u0131 diliyorum&#8221;dedi. <\/p>\n<p>11.05.2025                                   <\/p>\n","protected":false},"excerpt":{"rendered":"<p>Esenler\u2019de bu y\u0131l 5\u2019incisi d\u00fczenlenen Uluslararas\u0131 Ninni Festivali, Anneler G\u00fcn\u00fc\u2019nde vatanda\u015flar\u0131 bir araya getirdi. Festivalde Anadolu\u2019nun d\u00f6rt bir yan\u0131ndan derlenen geleneksel ninniler seslendirildi. Esenler Belediyesi taraf\u0131ndan bu y\u0131l 5\u2019incisi d\u00fczenlenen Uluslararas\u0131 Ninni Festivali, Anneler G\u00fcn\u00fc\u2019nde vatanda\u015flar\u0131 bir araya getirdi. Festivalde Anadolu\u2019nun d\u00f6rt bir yan\u0131ndan derlenen geleneksel ninniler seslendirildi. Programa Aile ve Sosyal Hizmetler Bakan\u0131 Mahinur [&hellip;]<\/p>\n","protected":false},"author":1,"featured_media":6789,"comment_status":"open","ping_status":"open","sticky":false,"template":"","format":"standard","meta":{"footnotes":""},"categories":[45],"tags":[],"class_list":["post-6788","post","type-post","status-publish","format-standard","has-post-thumbnail","hentry","category-gundem"],"yoast_head":"<!-- This site is optimized with the Yoast SEO plugin v27.4 - https:\/\/yoast.com\/product\/yoast-seo-wordpress\/ -->\n<title>Esenler\u2019de Anneler G\u00fcn\u00fc\u2019nde &quot;5. Uluslararas\u0131 Ninni Festivali&quot; d\u00fczenlendi - Memurun Sesi<\/title>\n<meta name=\"robots\" content=\"index, follow, max-snippet:-1, max-image-preview:large, max-video-preview:-1\" \/>\n<link rel=\"canonical\" href=\"https:\/\/memurunsesi.net\/index.php\/2025\/05\/11\/esenlerde-anneler-gununde-5-uluslararasi-ninni-festivali-duzenlendi\/\" \/>\n<meta property=\"og:locale\" content=\"tr_TR\" \/>\n<meta property=\"og:type\" content=\"article\" \/>\n<meta property=\"og:title\" content=\"Esenler\u2019de Anneler G\u00fcn\u00fc\u2019nde &quot;5. Uluslararas\u0131 Ninni Festivali&quot; d\u00fczenlendi - Memurun Sesi\" \/>\n<meta property=\"og:description\" content=\"Esenler\u2019de bu y\u0131l 5\u2019incisi d\u00fczenlenen Uluslararas\u0131 Ninni Festivali, Anneler G\u00fcn\u00fc\u2019nde vatanda\u015flar\u0131 bir araya getirdi. Festivalde Anadolu\u2019nun d\u00f6rt bir yan\u0131ndan derlenen geleneksel ninniler seslendirildi. Esenler Belediyesi taraf\u0131ndan bu y\u0131l 5\u2019incisi d\u00fczenlenen Uluslararas\u0131 Ninni Festivali, Anneler G\u00fcn\u00fc\u2019nde vatanda\u015flar\u0131 bir araya getirdi. Festivalde Anadolu\u2019nun d\u00f6rt bir yan\u0131ndan derlenen geleneksel ninniler seslendirildi. Programa Aile ve Sosyal Hizmetler Bakan\u0131 Mahinur [&hellip;]\" \/>\n<meta property=\"og:url\" content=\"https:\/\/memurunsesi.net\/index.php\/2025\/05\/11\/esenlerde-anneler-gununde-5-uluslararasi-ninni-festivali-duzenlendi\/\" \/>\n<meta property=\"og:site_name\" content=\"Memurun Sesi\" \/>\n<meta property=\"article:publisher\" content=\"https:\/\/www.facebook.com\/unipersen\/?locale=tr_TR\" \/>\n<meta property=\"article:published_time\" content=\"2025-05-11T16:26:46+00:00\" \/>\n<meta property=\"og:image\" content=\"https:\/\/memurunsesi.net\/wp-content\/uploads\/2025\/05\/AW452358_01.jpg\" \/>\n\t<meta property=\"og:image:width\" content=\"1600\" \/>\n\t<meta property=\"og:image:height\" content=\"1200\" \/>\n\t<meta property=\"og:image:type\" content=\"image\/jpeg\" \/>\n<meta name=\"author\" content=\"Memurun Sesi Haber Merkezi\" \/>\n<meta name=\"twitter:card\" content=\"summary_large_image\" \/>\n<meta name=\"twitter:creator\" content=\"@unipersen\" \/>\n<meta name=\"twitter:site\" content=\"@unipersen\" \/>\n<meta name=\"twitter:label1\" content=\"Yazan:\" \/>\n\t<meta name=\"twitter:data1\" content=\"Memurun Sesi Haber Merkezi\" \/>\n\t<meta name=\"twitter:label2\" content=\"Tahmini okuma s\u00fcresi\" \/>\n\t<meta name=\"twitter:data2\" content=\"1 dakika\" \/>\n<script type=\"application\/ld+json\" class=\"yoast-schema-graph\">{\"@context\":\"https:\\\/\\\/schema.org\",\"@graph\":[{\"@type\":\"Article\",\"@id\":\"https:\\\/\\\/memurunsesi.net\\\/index.php\\\/2025\\\/05\\\/11\\\/esenlerde-anneler-gununde-5-uluslararasi-ninni-festivali-duzenlendi\\\/#article\",\"isPartOf\":{\"@id\":\"https:\\\/\\\/memurunsesi.net\\\/index.php\\\/2025\\\/05\\\/11\\\/esenlerde-anneler-gununde-5-uluslararasi-ninni-festivali-duzenlendi\\\/\"},\"author\":{\"name\":\"Memurun Sesi Haber Merkezi\",\"@id\":\"https:\\\/\\\/memurunsesi.net\\\/#\\\/schema\\\/person\\\/f21c2d73b89f6ee1d80b0a1803e38587\"},\"headline\":\"Esenler\u2019de Anneler G\u00fcn\u00fc\u2019nde &#8220;5. Uluslararas\u0131 Ninni Festivali&#8221; d\u00fczenlendi\",\"datePublished\":\"2025-05-11T16:26:46+00:00\",\"mainEntityOfPage\":{\"@id\":\"https:\\\/\\\/memurunsesi.net\\\/index.php\\\/2025\\\/05\\\/11\\\/esenlerde-anneler-gununde-5-uluslararasi-ninni-festivali-duzenlendi\\\/\"},\"wordCount\":493,\"commentCount\":0,\"publisher\":{\"@id\":\"https:\\\/\\\/memurunsesi.net\\\/#organization\"},\"image\":{\"@id\":\"https:\\\/\\\/memurunsesi.net\\\/index.php\\\/2025\\\/05\\\/11\\\/esenlerde-anneler-gununde-5-uluslararasi-ninni-festivali-duzenlendi\\\/#primaryimage\"},\"thumbnailUrl\":\"https:\\\/\\\/memurunsesi.net\\\/wp-content\\\/uploads\\\/2025\\\/05\\\/AW452358_01.jpg\",\"articleSection\":[\"G\u00fcndem\"],\"inLanguage\":\"tr\",\"potentialAction\":[{\"@type\":\"CommentAction\",\"name\":\"Comment\",\"target\":[\"https:\\\/\\\/memurunsesi.net\\\/index.php\\\/2025\\\/05\\\/11\\\/esenlerde-anneler-gununde-5-uluslararasi-ninni-festivali-duzenlendi\\\/#respond\"]}]},{\"@type\":\"WebPage\",\"@id\":\"https:\\\/\\\/memurunsesi.net\\\/index.php\\\/2025\\\/05\\\/11\\\/esenlerde-anneler-gununde-5-uluslararasi-ninni-festivali-duzenlendi\\\/\",\"url\":\"https:\\\/\\\/memurunsesi.net\\\/index.php\\\/2025\\\/05\\\/11\\\/esenlerde-anneler-gununde-5-uluslararasi-ninni-festivali-duzenlendi\\\/\",\"name\":\"Esenler\u2019de Anneler G\u00fcn\u00fc\u2019nde \\\"5. Uluslararas\u0131 Ninni Festivali\\\" d\u00fczenlendi - Memurun Sesi\",\"isPartOf\":{\"@id\":\"https:\\\/\\\/memurunsesi.net\\\/#website\"},\"primaryImageOfPage\":{\"@id\":\"https:\\\/\\\/memurunsesi.net\\\/index.php\\\/2025\\\/05\\\/11\\\/esenlerde-anneler-gununde-5-uluslararasi-ninni-festivali-duzenlendi\\\/#primaryimage\"},\"image\":{\"@id\":\"https:\\\/\\\/memurunsesi.net\\\/index.php\\\/2025\\\/05\\\/11\\\/esenlerde-anneler-gununde-5-uluslararasi-ninni-festivali-duzenlendi\\\/#primaryimage\"},\"thumbnailUrl\":\"https:\\\/\\\/memurunsesi.net\\\/wp-content\\\/uploads\\\/2025\\\/05\\\/AW452358_01.jpg\",\"datePublished\":\"2025-05-11T16:26:46+00:00\",\"breadcrumb\":{\"@id\":\"https:\\\/\\\/memurunsesi.net\\\/index.php\\\/2025\\\/05\\\/11\\\/esenlerde-anneler-gununde-5-uluslararasi-ninni-festivali-duzenlendi\\\/#breadcrumb\"},\"inLanguage\":\"tr\",\"potentialAction\":[{\"@type\":\"ReadAction\",\"target\":[\"https:\\\/\\\/memurunsesi.net\\\/index.php\\\/2025\\\/05\\\/11\\\/esenlerde-anneler-gununde-5-uluslararasi-ninni-festivali-duzenlendi\\\/\"]}]},{\"@type\":\"ImageObject\",\"inLanguage\":\"tr\",\"@id\":\"https:\\\/\\\/memurunsesi.net\\\/index.php\\\/2025\\\/05\\\/11\\\/esenlerde-anneler-gununde-5-uluslararasi-ninni-festivali-duzenlendi\\\/#primaryimage\",\"url\":\"https:\\\/\\\/memurunsesi.net\\\/wp-content\\\/uploads\\\/2025\\\/05\\\/AW452358_01.jpg\",\"contentUrl\":\"https:\\\/\\\/memurunsesi.net\\\/wp-content\\\/uploads\\\/2025\\\/05\\\/AW452358_01.jpg\",\"width\":1600,\"height\":1200,\"caption\":\"ESENLER'DE BU YIL 5'\u0130NC\u0130S\u0130 D\u00dcZENLENEN ULUSLARARASI N\u0130NN\u0130 FEST\u0130VAL\u0130, ANNELER G\u00dcN\u00dc'NDE VATANDA\u015eLARI B\u0130R ARAYA GET\u0130RD\u0130. FEST\u0130VALDE ANADOLU'NUN D\u00d6RT B\u0130R YANINDAN DERLENEN GELENEKSEL N\u0130NN\u0130LER SESLEND\u0130R\u0130LD\u0130. (DAVUT HAS - SEDAT \u00c7\u00dcR\u00dcK\\\/\u0130STANBUL-\u0130HA) Esenler'de bu y\u0131l 5'incisi d\u00fczenlenen Uluslararas\u0131 Ninni Festivali, Anneler G\u00fcn\u00fc'nde vatanda\u015flar\u0131 bir araya getirdi. Festivalde Anadolu'nun d\u00f6rt bir yan\u0131ndan derlenen geleneksel ninniler seslendirildi.\"},{\"@type\":\"BreadcrumbList\",\"@id\":\"https:\\\/\\\/memurunsesi.net\\\/index.php\\\/2025\\\/05\\\/11\\\/esenlerde-anneler-gununde-5-uluslararasi-ninni-festivali-duzenlendi\\\/#breadcrumb\",\"itemListElement\":[{\"@type\":\"ListItem\",\"position\":1,\"name\":\"Anasayfa\",\"item\":\"https:\\\/\\\/memurunsesi.net\\\/\"},{\"@type\":\"ListItem\",\"position\":2,\"name\":\"Esenler\u2019de Anneler G\u00fcn\u00fc\u2019nde &#8220;5. Uluslararas\u0131 Ninni Festivali&#8221; d\u00fczenlendi\"}]},{\"@type\":\"WebSite\",\"@id\":\"https:\\\/\\\/memurunsesi.net\\\/#website\",\"url\":\"https:\\\/\\\/memurunsesi.net\\\/\",\"name\":\"Memurun Sesi\",\"description\":\"G\u00fcncel ve Do\u011fru Haber\",\"publisher\":{\"@id\":\"https:\\\/\\\/memurunsesi.net\\\/#organization\"},\"potentialAction\":[{\"@type\":\"SearchAction\",\"target\":{\"@type\":\"EntryPoint\",\"urlTemplate\":\"https:\\\/\\\/memurunsesi.net\\\/?s={search_term_string}\"},\"query-input\":{\"@type\":\"PropertyValueSpecification\",\"valueRequired\":true,\"valueName\":\"search_term_string\"}}],\"inLanguage\":\"tr\"},{\"@type\":\"Organization\",\"@id\":\"https:\\\/\\\/memurunsesi.net\\\/#organization\",\"name\":\"Memurun Sesi\",\"url\":\"https:\\\/\\\/memurunsesi.net\\\/\",\"logo\":{\"@type\":\"ImageObject\",\"inLanguage\":\"tr\",\"@id\":\"https:\\\/\\\/memurunsesi.net\\\/#\\\/schema\\\/logo\\\/image\\\/\",\"url\":\"https:\\\/\\\/memurunsesi.net\\\/wp-content\\\/uploads\\\/2025\\\/11\\\/cropped-MEMURUN-SESI.png\",\"contentUrl\":\"https:\\\/\\\/memurunsesi.net\\\/wp-content\\\/uploads\\\/2025\\\/11\\\/cropped-MEMURUN-SESI.png\",\"width\":238,\"height\":57,\"caption\":\"Memurun Sesi\"},\"image\":{\"@id\":\"https:\\\/\\\/memurunsesi.net\\\/#\\\/schema\\\/logo\\\/image\\\/\"},\"sameAs\":[\"https:\\\/\\\/www.facebook.com\\\/unipersen\\\/?locale=tr_TR\",\"https:\\\/\\\/x.com\\\/unipersen\"]},{\"@type\":\"Person\",\"@id\":\"https:\\\/\\\/memurunsesi.net\\\/#\\\/schema\\\/person\\\/f21c2d73b89f6ee1d80b0a1803e38587\",\"name\":\"Memurun Sesi Haber Merkezi\",\"image\":{\"@type\":\"ImageObject\",\"inLanguage\":\"tr\",\"@id\":\"https:\\\/\\\/secure.gravatar.com\\\/avatar\\\/6cf0505f452ee753f485014986fab09a434671d2b919ee76fc541025c5876a70?s=96&d=mm&r=g\",\"url\":\"https:\\\/\\\/secure.gravatar.com\\\/avatar\\\/6cf0505f452ee753f485014986fab09a434671d2b919ee76fc541025c5876a70?s=96&d=mm&r=g\",\"contentUrl\":\"https:\\\/\\\/secure.gravatar.com\\\/avatar\\\/6cf0505f452ee753f485014986fab09a434671d2b919ee76fc541025c5876a70?s=96&d=mm&r=g\",\"caption\":\"Memurun Sesi Haber Merkezi\"},\"sameAs\":[\"https:\\\/\\\/memurunsesi.net\"],\"url\":\"https:\\\/\\\/memurunsesi.net\\\/index.php\\\/author\\\/uniper\\\/\"}]}<\/script>\n<!-- \/ Yoast SEO plugin. -->","yoast_head_json":{"title":"Esenler\u2019de Anneler G\u00fcn\u00fc\u2019nde \"5. Uluslararas\u0131 Ninni Festivali\" d\u00fczenlendi - Memurun Sesi","robots":{"index":"index","follow":"follow","max-snippet":"max-snippet:-1","max-image-preview":"max-image-preview:large","max-video-preview":"max-video-preview:-1"},"canonical":"https:\/\/memurunsesi.net\/index.php\/2025\/05\/11\/esenlerde-anneler-gununde-5-uluslararasi-ninni-festivali-duzenlendi\/","og_locale":"tr_TR","og_type":"article","og_title":"Esenler\u2019de Anneler G\u00fcn\u00fc\u2019nde \"5. Uluslararas\u0131 Ninni Festivali\" d\u00fczenlendi - Memurun Sesi","og_description":"Esenler\u2019de bu y\u0131l 5\u2019incisi d\u00fczenlenen Uluslararas\u0131 Ninni Festivali, Anneler G\u00fcn\u00fc\u2019nde vatanda\u015flar\u0131 bir araya getirdi. Festivalde Anadolu\u2019nun d\u00f6rt bir yan\u0131ndan derlenen geleneksel ninniler seslendirildi. Esenler Belediyesi taraf\u0131ndan bu y\u0131l 5\u2019incisi d\u00fczenlenen Uluslararas\u0131 Ninni Festivali, Anneler G\u00fcn\u00fc\u2019nde vatanda\u015flar\u0131 bir araya getirdi. Festivalde Anadolu\u2019nun d\u00f6rt bir yan\u0131ndan derlenen geleneksel ninniler seslendirildi. Programa Aile ve Sosyal Hizmetler Bakan\u0131 Mahinur [&hellip;]","og_url":"https:\/\/memurunsesi.net\/index.php\/2025\/05\/11\/esenlerde-anneler-gununde-5-uluslararasi-ninni-festivali-duzenlendi\/","og_site_name":"Memurun Sesi","article_publisher":"https:\/\/www.facebook.com\/unipersen\/?locale=tr_TR","article_published_time":"2025-05-11T16:26:46+00:00","og_image":[{"width":1600,"height":1200,"url":"https:\/\/memurunsesi.net\/wp-content\/uploads\/2025\/05\/AW452358_01.jpg","type":"image\/jpeg"}],"author":"Memurun Sesi Haber Merkezi","twitter_card":"summary_large_image","twitter_creator":"@unipersen","twitter_site":"@unipersen","twitter_misc":{"Yazan:":"Memurun Sesi Haber Merkezi","Tahmini okuma s\u00fcresi":"1 dakika"},"schema":{"@context":"https:\/\/schema.org","@graph":[{"@type":"Article","@id":"https:\/\/memurunsesi.net\/index.php\/2025\/05\/11\/esenlerde-anneler-gununde-5-uluslararasi-ninni-festivali-duzenlendi\/#article","isPartOf":{"@id":"https:\/\/memurunsesi.net\/index.php\/2025\/05\/11\/esenlerde-anneler-gununde-5-uluslararasi-ninni-festivali-duzenlendi\/"},"author":{"name":"Memurun Sesi Haber Merkezi","@id":"https:\/\/memurunsesi.net\/#\/schema\/person\/f21c2d73b89f6ee1d80b0a1803e38587"},"headline":"Esenler\u2019de Anneler G\u00fcn\u00fc\u2019nde &#8220;5. Uluslararas\u0131 Ninni Festivali&#8221; d\u00fczenlendi","datePublished":"2025-05-11T16:26:46+00:00","mainEntityOfPage":{"@id":"https:\/\/memurunsesi.net\/index.php\/2025\/05\/11\/esenlerde-anneler-gununde-5-uluslararasi-ninni-festivali-duzenlendi\/"},"wordCount":493,"commentCount":0,"publisher":{"@id":"https:\/\/memurunsesi.net\/#organization"},"image":{"@id":"https:\/\/memurunsesi.net\/index.php\/2025\/05\/11\/esenlerde-anneler-gununde-5-uluslararasi-ninni-festivali-duzenlendi\/#primaryimage"},"thumbnailUrl":"https:\/\/memurunsesi.net\/wp-content\/uploads\/2025\/05\/AW452358_01.jpg","articleSection":["G\u00fcndem"],"inLanguage":"tr","potentialAction":[{"@type":"CommentAction","name":"Comment","target":["https:\/\/memurunsesi.net\/index.php\/2025\/05\/11\/esenlerde-anneler-gununde-5-uluslararasi-ninni-festivali-duzenlendi\/#respond"]}]},{"@type":"WebPage","@id":"https:\/\/memurunsesi.net\/index.php\/2025\/05\/11\/esenlerde-anneler-gununde-5-uluslararasi-ninni-festivali-duzenlendi\/","url":"https:\/\/memurunsesi.net\/index.php\/2025\/05\/11\/esenlerde-anneler-gununde-5-uluslararasi-ninni-festivali-duzenlendi\/","name":"Esenler\u2019de Anneler G\u00fcn\u00fc\u2019nde \"5. Uluslararas\u0131 Ninni Festivali\" d\u00fczenlendi - Memurun Sesi","isPartOf":{"@id":"https:\/\/memurunsesi.net\/#website"},"primaryImageOfPage":{"@id":"https:\/\/memurunsesi.net\/index.php\/2025\/05\/11\/esenlerde-anneler-gununde-5-uluslararasi-ninni-festivali-duzenlendi\/#primaryimage"},"image":{"@id":"https:\/\/memurunsesi.net\/index.php\/2025\/05\/11\/esenlerde-anneler-gununde-5-uluslararasi-ninni-festivali-duzenlendi\/#primaryimage"},"thumbnailUrl":"https:\/\/memurunsesi.net\/wp-content\/uploads\/2025\/05\/AW452358_01.jpg","datePublished":"2025-05-11T16:26:46+00:00","breadcrumb":{"@id":"https:\/\/memurunsesi.net\/index.php\/2025\/05\/11\/esenlerde-anneler-gununde-5-uluslararasi-ninni-festivali-duzenlendi\/#breadcrumb"},"inLanguage":"tr","potentialAction":[{"@type":"ReadAction","target":["https:\/\/memurunsesi.net\/index.php\/2025\/05\/11\/esenlerde-anneler-gununde-5-uluslararasi-ninni-festivali-duzenlendi\/"]}]},{"@type":"ImageObject","inLanguage":"tr","@id":"https:\/\/memurunsesi.net\/index.php\/2025\/05\/11\/esenlerde-anneler-gununde-5-uluslararasi-ninni-festivali-duzenlendi\/#primaryimage","url":"https:\/\/memurunsesi.net\/wp-content\/uploads\/2025\/05\/AW452358_01.jpg","contentUrl":"https:\/\/memurunsesi.net\/wp-content\/uploads\/2025\/05\/AW452358_01.jpg","width":1600,"height":1200,"caption":"ESENLER'DE BU YIL 5'\u0130NC\u0130S\u0130 D\u00dcZENLENEN ULUSLARARASI N\u0130NN\u0130 FEST\u0130VAL\u0130, ANNELER G\u00dcN\u00dc'NDE VATANDA\u015eLARI B\u0130R ARAYA GET\u0130RD\u0130. FEST\u0130VALDE ANADOLU'NUN D\u00d6RT B\u0130R YANINDAN DERLENEN GELENEKSEL N\u0130NN\u0130LER SESLEND\u0130R\u0130LD\u0130. (DAVUT HAS - SEDAT \u00c7\u00dcR\u00dcK\/\u0130STANBUL-\u0130HA) Esenler'de bu y\u0131l 5'incisi d\u00fczenlenen Uluslararas\u0131 Ninni Festivali, Anneler G\u00fcn\u00fc'nde vatanda\u015flar\u0131 bir araya getirdi. Festivalde Anadolu'nun d\u00f6rt bir yan\u0131ndan derlenen geleneksel ninniler seslendirildi."},{"@type":"BreadcrumbList","@id":"https:\/\/memurunsesi.net\/index.php\/2025\/05\/11\/esenlerde-anneler-gununde-5-uluslararasi-ninni-festivali-duzenlendi\/#breadcrumb","itemListElement":[{"@type":"ListItem","position":1,"name":"Anasayfa","item":"https:\/\/memurunsesi.net\/"},{"@type":"ListItem","position":2,"name":"Esenler\u2019de Anneler G\u00fcn\u00fc\u2019nde &#8220;5. Uluslararas\u0131 Ninni Festivali&#8221; d\u00fczenlendi"}]},{"@type":"WebSite","@id":"https:\/\/memurunsesi.net\/#website","url":"https:\/\/memurunsesi.net\/","name":"Memurun Sesi","description":"G\u00fcncel ve Do\u011fru Haber","publisher":{"@id":"https:\/\/memurunsesi.net\/#organization"},"potentialAction":[{"@type":"SearchAction","target":{"@type":"EntryPoint","urlTemplate":"https:\/\/memurunsesi.net\/?s={search_term_string}"},"query-input":{"@type":"PropertyValueSpecification","valueRequired":true,"valueName":"search_term_string"}}],"inLanguage":"tr"},{"@type":"Organization","@id":"https:\/\/memurunsesi.net\/#organization","name":"Memurun Sesi","url":"https:\/\/memurunsesi.net\/","logo":{"@type":"ImageObject","inLanguage":"tr","@id":"https:\/\/memurunsesi.net\/#\/schema\/logo\/image\/","url":"https:\/\/memurunsesi.net\/wp-content\/uploads\/2025\/11\/cropped-MEMURUN-SESI.png","contentUrl":"https:\/\/memurunsesi.net\/wp-content\/uploads\/2025\/11\/cropped-MEMURUN-SESI.png","width":238,"height":57,"caption":"Memurun Sesi"},"image":{"@id":"https:\/\/memurunsesi.net\/#\/schema\/logo\/image\/"},"sameAs":["https:\/\/www.facebook.com\/unipersen\/?locale=tr_TR","https:\/\/x.com\/unipersen"]},{"@type":"Person","@id":"https:\/\/memurunsesi.net\/#\/schema\/person\/f21c2d73b89f6ee1d80b0a1803e38587","name":"Memurun Sesi Haber Merkezi","image":{"@type":"ImageObject","inLanguage":"tr","@id":"https:\/\/secure.gravatar.com\/avatar\/6cf0505f452ee753f485014986fab09a434671d2b919ee76fc541025c5876a70?s=96&d=mm&r=g","url":"https:\/\/secure.gravatar.com\/avatar\/6cf0505f452ee753f485014986fab09a434671d2b919ee76fc541025c5876a70?s=96&d=mm&r=g","contentUrl":"https:\/\/secure.gravatar.com\/avatar\/6cf0505f452ee753f485014986fab09a434671d2b919ee76fc541025c5876a70?s=96&d=mm&r=g","caption":"Memurun Sesi Haber Merkezi"},"sameAs":["https:\/\/memurunsesi.net"],"url":"https:\/\/memurunsesi.net\/index.php\/author\/uniper\/"}]}},"_links":{"self":[{"href":"https:\/\/memurunsesi.net\/index.php\/wp-json\/wp\/v2\/posts\/6788","targetHints":{"allow":["GET"]}}],"collection":[{"href":"https:\/\/memurunsesi.net\/index.php\/wp-json\/wp\/v2\/posts"}],"about":[{"href":"https:\/\/memurunsesi.net\/index.php\/wp-json\/wp\/v2\/types\/post"}],"author":[{"embeddable":true,"href":"https:\/\/memurunsesi.net\/index.php\/wp-json\/wp\/v2\/users\/1"}],"replies":[{"embeddable":true,"href":"https:\/\/memurunsesi.net\/index.php\/wp-json\/wp\/v2\/comments?post=6788"}],"version-history":[{"count":1,"href":"https:\/\/memurunsesi.net\/index.php\/wp-json\/wp\/v2\/posts\/6788\/revisions"}],"predecessor-version":[{"id":6790,"href":"https:\/\/memurunsesi.net\/index.php\/wp-json\/wp\/v2\/posts\/6788\/revisions\/6790"}],"wp:featuredmedia":[{"embeddable":true,"href":"https:\/\/memurunsesi.net\/index.php\/wp-json\/wp\/v2\/media\/6789"}],"wp:attachment":[{"href":"https:\/\/memurunsesi.net\/index.php\/wp-json\/wp\/v2\/media?parent=6788"}],"wp:term":[{"taxonomy":"category","embeddable":true,"href":"https:\/\/memurunsesi.net\/index.php\/wp-json\/wp\/v2\/categories?post=6788"},{"taxonomy":"post_tag","embeddable":true,"href":"https:\/\/memurunsesi.net\/index.php\/wp-json\/wp\/v2\/tags?post=6788"}],"curies":[{"name":"wp","href":"https:\/\/api.w.org\/{rel}","templated":true}]}}