{"id":6791,"date":"2025-05-11T19:28:04","date_gmt":"2025-05-11T16:28:04","guid":{"rendered":"https:\/\/memurunsesi.net\/?p=6791"},"modified":"2025-05-11T19:28:04","modified_gmt":"2025-05-11T16:28:04","slug":"dogu-karadenizde-somon-hasadi-basladi","status":"publish","type":"post","link":"https:\/\/memurunsesi.net\/index.php\/2025\/05\/11\/dogu-karadenizde-somon-hasadi-basladi\/","title":{"rendered":"Do\u011fu Karadeniz&#8217;de somon hasad\u0131 ba\u015flad\u0131"},"content":{"rendered":"<p>\n   Do\u011fu Karadeniz&#8217;de Eyl\u00fcl-Kas\u0131m aylar\u0131nda barajlardan denize b\u0131rak\u0131lan ve yakla\u015f\u0131k 4 kilograma ula\u015fan somonlar\u0131n hasad\u0131na ba\u015fland\u0131.<br \/>\n  1 Temmuz&#8217;a kadar s\u00fcrecek olan hasat d\u00f6neminde denizden \u00e7\u0131kart\u0131lan somonlar b\u00fcy\u00fck bir titizlikle fabrikalarda i\u015flenerek d\u00fcnyan\u0131n farkl\u0131 \u00fclkelerine g\u00f6nderilmek \u00fczere paketleniyor. \u00dclkemizde ki\u015fi ba\u015f\u0131na t\u00fcketilen bal\u0131k miktar\u0131 7.2 kilogram olurken, Japonya&#8217;da ise bu rakam 65 kilogram\u0131 buldu\u011fu belirtiliyor. \u00dclkemizden 2024 y\u0131l\u0131nda somon ihracat\u0131ndan yakla\u015f\u0131k 500 milyon dolar d\u00f6viz sa\u011flan\u0131rken, bu y\u0131l\u0131n d\u00f6rt ayl\u0131k d\u00f6neminde ise bu rakam 117 milyon dolara ula\u015ft\u0131\u011f\u0131 belirtildi. <\/p>\n<p>  \u0130hracat\u0131n g\u00f6z bebe\u011fi<br \/>\n  T\u00fcrk somonunun ihracat bak\u0131m\u0131ndan \u00fclkemizin g\u00f6z bebe\u011fi oldu\u011funu belirten Politek Su \u00dcr\u00fcnleri Genel M\u00fcd\u00fcr Yard\u0131mc\u0131s\u0131 Talha Altun, &#8220;B\u00f6lgemizde f\u0131nd\u0131ktan sonra en b\u00fcy\u00fck ihracat kalemlerinden bir tanesi somon&#8221; dedi.   Eyl\u00fcl-Ekim-Kas\u0131m gibi barajlardan denize indirmi\u015f olduklar\u0131 bal\u0131klar\u0131 yakla\u015f\u0131k 7 ay boyunca denizdeki kafeslerde b\u00fcy\u00fctt\u00fcklerini belirten Altun &#8220;Hasad\u0131m\u0131z ba\u015flad\u0131. Nisan-May\u0131s-Haziran d\u00f6nemlerinde 1 Temmuz itibariyle hasat d\u00f6nemimiz bitiyor. Daha sonra i\u015flemi\u015f oldu\u011fumuz \u00fcr\u00fcnleri yurt d\u0131\u015f\u0131na ihracat \u00e7al\u0131\u015fmalar\u0131m\u0131z devam ediyor. Denize indirmi\u015f oldu\u011fumuz 500 graml\u0131k bal\u0131klar denizde ortalama 3-4 kilograma geldi\u011fi zaman hasat tamamlanm\u0131\u015f oluyor&#8221; dedi.<br \/>\n  Ge\u00e7en y\u0131l somon ihracat\u0131ndan 500 milyon dolarl\u0131k d\u00f6viz girdisi sa\u011fland\u0131\u011f\u0131n\u0131 bu y\u0131l\u0131n 4 ayl\u0131k d\u00f6neminde ise bu rakam 117 milyon dolar oldu\u011funu kaydeden Altun, &#8220;2024 y\u0131l\u0131nda somon ihracat\u0131n\u0131 500 milyon dolarla kapatt\u0131k Nisan ay\u0131 itibariyle 117 milyon dolardan gidiyoruz. \u0130n\u015fallah bu sene ge\u00e7ti\u011fimiz seneyi ge\u00e7ece\u011fimizi d\u00fc\u015f\u00fcn\u00fcyoruz. T\u00fcrk somonu a\u011f\u0131rl\u0131kl\u0131 olarak Rusya, Japonya, Kanada ve Avrupa \u00fclkelerinden Fransa son d\u00f6nemde artan taleplere kar\u015f\u0131l\u0131k veriyor diyebiliriz&#8221; diye konu\u015ftu. <\/p>\n<p>  Norve\u00e7 somonuna g\u00f6re hem tat, hem renk olarak farkl\u0131<br \/>\n  T\u00fcrk somunun Norve\u00e7 somonuna g\u00f6re daha lezzetli oldu\u011funu bunun da denizdeki tuzluluk oran\u0131n\u0131n az olmas\u0131ndan kaynakland\u0131\u011f\u0131n\u0131 kaydeden Altun, &#8220;T\u00fcrk somonunun Norve\u00e7 somonuna g\u00f6re farkl\u0131l\u0131klar\u0131na bakacak olursak asl\u0131nca Norve\u00e7 somonuna g\u00f6re daha kaliteli daha lezzetli bir bal\u0131k. Hem renk olarak hem tat olarak Omega-3 ve Omega 6 olarak Norve\u00e7 somonuna g\u00f6re daha iyi bir bal\u0131k. Dolay\u0131s\u0131yla son d\u00f6nemlerde \u00f6zellikle Japonlar\u0131n tercih etti\u011fi bir bal\u0131k diyebiliriz. Bu bal\u0131k \u00f6zellikle Karadeniz B\u00f6lgesi, Do\u011fu Karadeniz B\u00f6lgesinde a\u011f\u0131rl\u0131kl\u0131 olarak oluyor. \u00c7\u00fcnk\u00fc tuzluluk oran\u0131 di\u011fer denizlere g\u00f6re daha d\u00fc\u015f\u00fck. Akarsular\u0131n da \u00e7ok b\u00fcy\u00fck etkeni var. B\u00f6lgemizdeki akarsu zenginli\u011fi de buna bir etken&#8221; ifadelerini kulland\u0131.<br \/>\n  \u00dclkemizde bal\u0131k t\u00fcketim miktar\u0131n\u0131n ki\u015fi ba\u015f\u0131na 7.2 kilogram oldu\u011funu Japonya&#8217;da ise bu rakam\u0131n 65 kilograma kadar \u00e7\u0131kt\u0131\u011f\u0131n\u0131 hat\u0131rlatan Altun, &#8220;Trabzon, Rize, Artvin b\u00f6lgesinde yo\u011fun olmakla beraber Ordu, Samsun, Sinop&#8217;a kadar uzayan bir \u00fcretim alan\u0131 var. Somon ihracat\u0131n\u0131n tamam\u0131 hemen hemen Karadeniz b\u00f6lgesinden oluyor. \u00c7\u00fcnk\u00fc tuzluluk oran\u0131 nedeniyle di\u011fer b\u00f6lgelerde somon \u00fcretimi olmuyor. \u0130\u00e7 piyasadaki t\u00fcketimimiz \u015fu anda ki\u015fi ba\u015f\u0131 7.2 kilogram. Amac\u0131m\u0131z i\u00e7 piyasadaki t\u00fcketimimizi art\u0131rabilmek. \u00c7\u00fcnk\u00fc Avrupa&#8217;da ortalama 28 kilogram. Japonya&#8217;da 65 kilogram\u0131 bulabiliyor. \u015eu an d\u00fcnyada en az bal\u0131k t\u00fcketen \u00fclkelerden biriyiz. Amac\u0131m\u0131z 2030 y\u0131l\u0131na kadar t\u00fcketimi 21 kilolara \u00e7\u0131kartmak&#8221; \u015feklinde konu\u015ftu. <\/p>\n<p>  &#8220;Norve\u00e7 y\u0131ll\u0131k 2 milyon ton \u00fcretim yaparken T\u00fcrkiye olarak y\u00fcz bin tonlarday\u0131z&#8221;<br \/>\n  Norve\u00e7&#8217;in y\u0131ll\u0131k somon \u00fcretim miktar\u0131n\u0131n 2 milyon ton civar\u0131nda oldu\u011funu \u00fclkemizde ise bu ise bu rakam y\u00fcz bin tonlarda oldu\u011funu belirten Altun, &#8220;T\u00fcrk somonu ihracat\u0131 ser\u00fcveni 2016 y\u0131l\u0131nda ba\u015flad\u0131. Norve\u00e7 bu i\u015fe 1940 y\u0131llar\u0131nda girmi\u015f. \u015eili 1980&#8217;lerde girmi\u015f d\u00fcnyan\u0131n en b\u00fcy\u00fck \u00fcreticileri. T\u00fcrkiye olarak onlar\u0131n yan\u0131nda \u00e7ok \u00e7ok d\u00fc\u015f\u00fck bir konumday\u0131z. \u0130n\u015fallah fark\u0131ndal\u0131\u011f\u0131m\u0131z artt\u0131k\u00e7a d\u00fcnyadaki kalitemizi de art\u0131rd\u0131k\u00e7a pazarda ciddi bir ivmemiz olu\u015facakt\u0131r. Norve\u00e7 y\u0131ll\u0131k yakla\u015f\u0131k 2 milyon tona yak\u0131n \u00fcretim yap\u0131yor. \u015eili bir milyon tona yak\u0131n \u00fcretim yap\u0131yor. T\u00fcrkiye \u015fu anda \u00fcretim miktar\u0131 yakla\u015f\u0131k y\u00fcz bin tonlarda. Olduk\u00e7a d\u00fc\u015f\u00fck seviyelerde kat edecek \u00e7ok daha yolumuz var diyebiliriz&#8221; dedi. <\/p>\n<p>11.05.2025                                 <\/p>\n","protected":false},"excerpt":{"rendered":"<p>Do\u011fu Karadeniz&#8217;de Eyl\u00fcl-Kas\u0131m aylar\u0131nda barajlardan denize b\u0131rak\u0131lan ve yakla\u015f\u0131k 4 kilograma ula\u015fan somonlar\u0131n hasad\u0131na ba\u015fland\u0131. 1 Temmuz&#8217;a kadar s\u00fcrecek olan hasat d\u00f6neminde denizden \u00e7\u0131kart\u0131lan somonlar b\u00fcy\u00fck bir titizlikle fabrikalarda i\u015flenerek d\u00fcnyan\u0131n farkl\u0131 \u00fclkelerine g\u00f6nderilmek \u00fczere paketleniyor. \u00dclkemizde ki\u015fi ba\u015f\u0131na t\u00fcketilen bal\u0131k miktar\u0131 7.2 kilogram olurken, Japonya&#8217;da ise bu rakam 65 kilogram\u0131 buldu\u011fu belirtiliyor. \u00dclkemizden 2024 [&hellip;]<\/p>\n","protected":false},"author":1,"featured_media":6792,"comment_status":"open","ping_status":"open","sticky":false,"template":"","format":"standard","meta":{"footnotes":""},"categories":[48],"tags":[],"class_list":["post-6791","post","type-post","status-publish","format-standard","has-post-thumbnail","hentry","category-ekonomi"],"yoast_head":"<!-- This site is optimized with the Yoast SEO plugin v27.4 - https:\/\/yoast.com\/product\/yoast-seo-wordpress\/ -->\n<title>Do\u011fu Karadeniz&#039;de somon hasad\u0131 ba\u015flad\u0131 - Memurun Sesi<\/title>\n<meta name=\"robots\" content=\"index, follow, max-snippet:-1, max-image-preview:large, max-video-preview:-1\" \/>\n<link rel=\"canonical\" href=\"https:\/\/memurunsesi.net\/index.php\/2025\/05\/11\/dogu-karadenizde-somon-hasadi-basladi\/\" \/>\n<meta property=\"og:locale\" content=\"tr_TR\" \/>\n<meta property=\"og:type\" content=\"article\" \/>\n<meta property=\"og:title\" content=\"Do\u011fu Karadeniz&#039;de somon hasad\u0131 ba\u015flad\u0131 - Memurun Sesi\" \/>\n<meta property=\"og:description\" content=\"Do\u011fu Karadeniz&#8217;de Eyl\u00fcl-Kas\u0131m aylar\u0131nda barajlardan denize b\u0131rak\u0131lan ve yakla\u015f\u0131k 4 kilograma ula\u015fan somonlar\u0131n hasad\u0131na ba\u015fland\u0131. 1 Temmuz&#8217;a kadar s\u00fcrecek olan hasat d\u00f6neminde denizden \u00e7\u0131kart\u0131lan somonlar b\u00fcy\u00fck bir titizlikle fabrikalarda i\u015flenerek d\u00fcnyan\u0131n farkl\u0131 \u00fclkelerine g\u00f6nderilmek \u00fczere paketleniyor. \u00dclkemizde ki\u015fi ba\u015f\u0131na t\u00fcketilen bal\u0131k miktar\u0131 7.2 kilogram olurken, Japonya&#8217;da ise bu rakam 65 kilogram\u0131 buldu\u011fu belirtiliyor. \u00dclkemizden 2024 [&hellip;]\" \/>\n<meta property=\"og:url\" content=\"https:\/\/memurunsesi.net\/index.php\/2025\/05\/11\/dogu-karadenizde-somon-hasadi-basladi\/\" \/>\n<meta property=\"og:site_name\" content=\"Memurun Sesi\" \/>\n<meta property=\"article:publisher\" content=\"https:\/\/www.facebook.com\/unipersen\/?locale=tr_TR\" \/>\n<meta property=\"article:published_time\" content=\"2025-05-11T16:28:04+00:00\" \/>\n<meta property=\"og:image\" content=\"https:\/\/memurunsesi.net\/wp-content\/uploads\/2025\/05\/AW452028_01.jpg\" \/>\n\t<meta property=\"og:image:width\" content=\"1185\" \/>\n\t<meta property=\"og:image:height\" content=\"569\" \/>\n\t<meta property=\"og:image:type\" content=\"image\/jpeg\" \/>\n<meta name=\"author\" content=\"Memurun Sesi Haber Merkezi\" \/>\n<meta name=\"twitter:card\" content=\"summary_large_image\" \/>\n<meta name=\"twitter:creator\" content=\"@unipersen\" \/>\n<meta name=\"twitter:site\" content=\"@unipersen\" \/>\n<meta name=\"twitter:label1\" content=\"Yazan:\" \/>\n\t<meta name=\"twitter:data1\" content=\"Memurun Sesi Haber Merkezi\" \/>\n\t<meta name=\"twitter:label2\" content=\"Tahmini okuma s\u00fcresi\" \/>\n\t<meta name=\"twitter:data2\" content=\"1 dakika\" \/>\n<script type=\"application\/ld+json\" class=\"yoast-schema-graph\">{\"@context\":\"https:\\\/\\\/schema.org\",\"@graph\":[{\"@type\":\"Article\",\"@id\":\"https:\\\/\\\/memurunsesi.net\\\/index.php\\\/2025\\\/05\\\/11\\\/dogu-karadenizde-somon-hasadi-basladi\\\/#article\",\"isPartOf\":{\"@id\":\"https:\\\/\\\/memurunsesi.net\\\/index.php\\\/2025\\\/05\\\/11\\\/dogu-karadenizde-somon-hasadi-basladi\\\/\"},\"author\":{\"name\":\"Memurun Sesi Haber Merkezi\",\"@id\":\"https:\\\/\\\/memurunsesi.net\\\/#\\\/schema\\\/person\\\/f21c2d73b89f6ee1d80b0a1803e38587\"},\"headline\":\"Do\u011fu Karadeniz&#8217;de somon hasad\u0131 ba\u015flad\u0131\",\"datePublished\":\"2025-05-11T16:28:04+00:00\",\"mainEntityOfPage\":{\"@id\":\"https:\\\/\\\/memurunsesi.net\\\/index.php\\\/2025\\\/05\\\/11\\\/dogu-karadenizde-somon-hasadi-basladi\\\/\"},\"wordCount\":760,\"commentCount\":0,\"publisher\":{\"@id\":\"https:\\\/\\\/memurunsesi.net\\\/#organization\"},\"image\":{\"@id\":\"https:\\\/\\\/memurunsesi.net\\\/index.php\\\/2025\\\/05\\\/11\\\/dogu-karadenizde-somon-hasadi-basladi\\\/#primaryimage\"},\"thumbnailUrl\":\"https:\\\/\\\/memurunsesi.net\\\/wp-content\\\/uploads\\\/2025\\\/05\\\/AW452028_01.jpg\",\"articleSection\":[\"Ekonomi\"],\"inLanguage\":\"tr\",\"potentialAction\":[{\"@type\":\"CommentAction\",\"name\":\"Comment\",\"target\":[\"https:\\\/\\\/memurunsesi.net\\\/index.php\\\/2025\\\/05\\\/11\\\/dogu-karadenizde-somon-hasadi-basladi\\\/#respond\"]}]},{\"@type\":\"WebPage\",\"@id\":\"https:\\\/\\\/memurunsesi.net\\\/index.php\\\/2025\\\/05\\\/11\\\/dogu-karadenizde-somon-hasadi-basladi\\\/\",\"url\":\"https:\\\/\\\/memurunsesi.net\\\/index.php\\\/2025\\\/05\\\/11\\\/dogu-karadenizde-somon-hasadi-basladi\\\/\",\"name\":\"Do\u011fu Karadeniz'de somon hasad\u0131 ba\u015flad\u0131 - Memurun Sesi\",\"isPartOf\":{\"@id\":\"https:\\\/\\\/memurunsesi.net\\\/#website\"},\"primaryImageOfPage\":{\"@id\":\"https:\\\/\\\/memurunsesi.net\\\/index.php\\\/2025\\\/05\\\/11\\\/dogu-karadenizde-somon-hasadi-basladi\\\/#primaryimage\"},\"image\":{\"@id\":\"https:\\\/\\\/memurunsesi.net\\\/index.php\\\/2025\\\/05\\\/11\\\/dogu-karadenizde-somon-hasadi-basladi\\\/#primaryimage\"},\"thumbnailUrl\":\"https:\\\/\\\/memurunsesi.net\\\/wp-content\\\/uploads\\\/2025\\\/05\\\/AW452028_01.jpg\",\"datePublished\":\"2025-05-11T16:28:04+00:00\",\"breadcrumb\":{\"@id\":\"https:\\\/\\\/memurunsesi.net\\\/index.php\\\/2025\\\/05\\\/11\\\/dogu-karadenizde-somon-hasadi-basladi\\\/#breadcrumb\"},\"inLanguage\":\"tr\",\"potentialAction\":[{\"@type\":\"ReadAction\",\"target\":[\"https:\\\/\\\/memurunsesi.net\\\/index.php\\\/2025\\\/05\\\/11\\\/dogu-karadenizde-somon-hasadi-basladi\\\/\"]}]},{\"@type\":\"ImageObject\",\"inLanguage\":\"tr\",\"@id\":\"https:\\\/\\\/memurunsesi.net\\\/index.php\\\/2025\\\/05\\\/11\\\/dogu-karadenizde-somon-hasadi-basladi\\\/#primaryimage\",\"url\":\"https:\\\/\\\/memurunsesi.net\\\/wp-content\\\/uploads\\\/2025\\\/05\\\/AW452028_01.jpg\",\"contentUrl\":\"https:\\\/\\\/memurunsesi.net\\\/wp-content\\\/uploads\\\/2025\\\/05\\\/AW452028_01.jpg\",\"width\":1185,\"height\":569,\"caption\":\"TRABZON A\u00c7IKLARINDA DEN\u0130ZDE \u00dcRET\u0130LEN SOMONLAR D\u00dcNYANIN FARKLI \u00dcLKELER\u0130NE \u0130HRA\u00c7 ED\u0130L\u0130RKEN, EYL\u00dcL-KASIM AYLARINDA BARAJLARDAN DEN\u0130ZE BIRAKILAN VE YAKLA\u015eIK 4 K\u0130LOGRAMA ULA\u015eAN SOMONLARIN HASADINA BA\u015eLANDI. (BEK\u0130R KOCA - OZAN K\u00d6SE\\\/TRABZON-\u0130HA) Do\u011fu Karadeniz'de Eyl\u00fcl-Kas\u0131m aylar\u0131nda barajlardan denize b\u0131rak\u0131lan ve yakla\u015f\u0131k 4 kilograma ula\u015fan somonlar\u0131n hasad\u0131na ba\u015fland\u0131.\"},{\"@type\":\"BreadcrumbList\",\"@id\":\"https:\\\/\\\/memurunsesi.net\\\/index.php\\\/2025\\\/05\\\/11\\\/dogu-karadenizde-somon-hasadi-basladi\\\/#breadcrumb\",\"itemListElement\":[{\"@type\":\"ListItem\",\"position\":1,\"name\":\"Anasayfa\",\"item\":\"https:\\\/\\\/memurunsesi.net\\\/\"},{\"@type\":\"ListItem\",\"position\":2,\"name\":\"Do\u011fu Karadeniz&#8217;de somon hasad\u0131 ba\u015flad\u0131\"}]},{\"@type\":\"WebSite\",\"@id\":\"https:\\\/\\\/memurunsesi.net\\\/#website\",\"url\":\"https:\\\/\\\/memurunsesi.net\\\/\",\"name\":\"Memurun Sesi\",\"description\":\"G\u00fcncel ve Do\u011fru Haber\",\"publisher\":{\"@id\":\"https:\\\/\\\/memurunsesi.net\\\/#organization\"},\"potentialAction\":[{\"@type\":\"SearchAction\",\"target\":{\"@type\":\"EntryPoint\",\"urlTemplate\":\"https:\\\/\\\/memurunsesi.net\\\/?s={search_term_string}\"},\"query-input\":{\"@type\":\"PropertyValueSpecification\",\"valueRequired\":true,\"valueName\":\"search_term_string\"}}],\"inLanguage\":\"tr\"},{\"@type\":\"Organization\",\"@id\":\"https:\\\/\\\/memurunsesi.net\\\/#organization\",\"name\":\"Memurun Sesi\",\"url\":\"https:\\\/\\\/memurunsesi.net\\\/\",\"logo\":{\"@type\":\"ImageObject\",\"inLanguage\":\"tr\",\"@id\":\"https:\\\/\\\/memurunsesi.net\\\/#\\\/schema\\\/logo\\\/image\\\/\",\"url\":\"https:\\\/\\\/memurunsesi.net\\\/wp-content\\\/uploads\\\/2025\\\/11\\\/cropped-MEMURUN-SESI.png\",\"contentUrl\":\"https:\\\/\\\/memurunsesi.net\\\/wp-content\\\/uploads\\\/2025\\\/11\\\/cropped-MEMURUN-SESI.png\",\"width\":238,\"height\":57,\"caption\":\"Memurun Sesi\"},\"image\":{\"@id\":\"https:\\\/\\\/memurunsesi.net\\\/#\\\/schema\\\/logo\\\/image\\\/\"},\"sameAs\":[\"https:\\\/\\\/www.facebook.com\\\/unipersen\\\/?locale=tr_TR\",\"https:\\\/\\\/x.com\\\/unipersen\"]},{\"@type\":\"Person\",\"@id\":\"https:\\\/\\\/memurunsesi.net\\\/#\\\/schema\\\/person\\\/f21c2d73b89f6ee1d80b0a1803e38587\",\"name\":\"Memurun Sesi Haber Merkezi\",\"image\":{\"@type\":\"ImageObject\",\"inLanguage\":\"tr\",\"@id\":\"https:\\\/\\\/secure.gravatar.com\\\/avatar\\\/6cf0505f452ee753f485014986fab09a434671d2b919ee76fc541025c5876a70?s=96&d=mm&r=g\",\"url\":\"https:\\\/\\\/secure.gravatar.com\\\/avatar\\\/6cf0505f452ee753f485014986fab09a434671d2b919ee76fc541025c5876a70?s=96&d=mm&r=g\",\"contentUrl\":\"https:\\\/\\\/secure.gravatar.com\\\/avatar\\\/6cf0505f452ee753f485014986fab09a434671d2b919ee76fc541025c5876a70?s=96&d=mm&r=g\",\"caption\":\"Memurun Sesi Haber Merkezi\"},\"sameAs\":[\"https:\\\/\\\/memurunsesi.net\"],\"url\":\"https:\\\/\\\/memurunsesi.net\\\/index.php\\\/author\\\/uniper\\\/\"}]}<\/script>\n<!-- \/ Yoast SEO plugin. -->","yoast_head_json":{"title":"Do\u011fu Karadeniz'de somon hasad\u0131 ba\u015flad\u0131 - Memurun Sesi","robots":{"index":"index","follow":"follow","max-snippet":"max-snippet:-1","max-image-preview":"max-image-preview:large","max-video-preview":"max-video-preview:-1"},"canonical":"https:\/\/memurunsesi.net\/index.php\/2025\/05\/11\/dogu-karadenizde-somon-hasadi-basladi\/","og_locale":"tr_TR","og_type":"article","og_title":"Do\u011fu Karadeniz'de somon hasad\u0131 ba\u015flad\u0131 - Memurun Sesi","og_description":"Do\u011fu Karadeniz&#8217;de Eyl\u00fcl-Kas\u0131m aylar\u0131nda barajlardan denize b\u0131rak\u0131lan ve yakla\u015f\u0131k 4 kilograma ula\u015fan somonlar\u0131n hasad\u0131na ba\u015fland\u0131. 1 Temmuz&#8217;a kadar s\u00fcrecek olan hasat d\u00f6neminde denizden \u00e7\u0131kart\u0131lan somonlar b\u00fcy\u00fck bir titizlikle fabrikalarda i\u015flenerek d\u00fcnyan\u0131n farkl\u0131 \u00fclkelerine g\u00f6nderilmek \u00fczere paketleniyor. \u00dclkemizde ki\u015fi ba\u015f\u0131na t\u00fcketilen bal\u0131k miktar\u0131 7.2 kilogram olurken, Japonya&#8217;da ise bu rakam 65 kilogram\u0131 buldu\u011fu belirtiliyor. \u00dclkemizden 2024 [&hellip;]","og_url":"https:\/\/memurunsesi.net\/index.php\/2025\/05\/11\/dogu-karadenizde-somon-hasadi-basladi\/","og_site_name":"Memurun Sesi","article_publisher":"https:\/\/www.facebook.com\/unipersen\/?locale=tr_TR","article_published_time":"2025-05-11T16:28:04+00:00","og_image":[{"width":1185,"height":569,"url":"https:\/\/memurunsesi.net\/wp-content\/uploads\/2025\/05\/AW452028_01.jpg","type":"image\/jpeg"}],"author":"Memurun Sesi Haber Merkezi","twitter_card":"summary_large_image","twitter_creator":"@unipersen","twitter_site":"@unipersen","twitter_misc":{"Yazan:":"Memurun Sesi Haber Merkezi","Tahmini okuma s\u00fcresi":"1 dakika"},"schema":{"@context":"https:\/\/schema.org","@graph":[{"@type":"Article","@id":"https:\/\/memurunsesi.net\/index.php\/2025\/05\/11\/dogu-karadenizde-somon-hasadi-basladi\/#article","isPartOf":{"@id":"https:\/\/memurunsesi.net\/index.php\/2025\/05\/11\/dogu-karadenizde-somon-hasadi-basladi\/"},"author":{"name":"Memurun Sesi Haber Merkezi","@id":"https:\/\/memurunsesi.net\/#\/schema\/person\/f21c2d73b89f6ee1d80b0a1803e38587"},"headline":"Do\u011fu Karadeniz&#8217;de somon hasad\u0131 ba\u015flad\u0131","datePublished":"2025-05-11T16:28:04+00:00","mainEntityOfPage":{"@id":"https:\/\/memurunsesi.net\/index.php\/2025\/05\/11\/dogu-karadenizde-somon-hasadi-basladi\/"},"wordCount":760,"commentCount":0,"publisher":{"@id":"https:\/\/memurunsesi.net\/#organization"},"image":{"@id":"https:\/\/memurunsesi.net\/index.php\/2025\/05\/11\/dogu-karadenizde-somon-hasadi-basladi\/#primaryimage"},"thumbnailUrl":"https:\/\/memurunsesi.net\/wp-content\/uploads\/2025\/05\/AW452028_01.jpg","articleSection":["Ekonomi"],"inLanguage":"tr","potentialAction":[{"@type":"CommentAction","name":"Comment","target":["https:\/\/memurunsesi.net\/index.php\/2025\/05\/11\/dogu-karadenizde-somon-hasadi-basladi\/#respond"]}]},{"@type":"WebPage","@id":"https:\/\/memurunsesi.net\/index.php\/2025\/05\/11\/dogu-karadenizde-somon-hasadi-basladi\/","url":"https:\/\/memurunsesi.net\/index.php\/2025\/05\/11\/dogu-karadenizde-somon-hasadi-basladi\/","name":"Do\u011fu Karadeniz'de somon hasad\u0131 ba\u015flad\u0131 - Memurun Sesi","isPartOf":{"@id":"https:\/\/memurunsesi.net\/#website"},"primaryImageOfPage":{"@id":"https:\/\/memurunsesi.net\/index.php\/2025\/05\/11\/dogu-karadenizde-somon-hasadi-basladi\/#primaryimage"},"image":{"@id":"https:\/\/memurunsesi.net\/index.php\/2025\/05\/11\/dogu-karadenizde-somon-hasadi-basladi\/#primaryimage"},"thumbnailUrl":"https:\/\/memurunsesi.net\/wp-content\/uploads\/2025\/05\/AW452028_01.jpg","datePublished":"2025-05-11T16:28:04+00:00","breadcrumb":{"@id":"https:\/\/memurunsesi.net\/index.php\/2025\/05\/11\/dogu-karadenizde-somon-hasadi-basladi\/#breadcrumb"},"inLanguage":"tr","potentialAction":[{"@type":"ReadAction","target":["https:\/\/memurunsesi.net\/index.php\/2025\/05\/11\/dogu-karadenizde-somon-hasadi-basladi\/"]}]},{"@type":"ImageObject","inLanguage":"tr","@id":"https:\/\/memurunsesi.net\/index.php\/2025\/05\/11\/dogu-karadenizde-somon-hasadi-basladi\/#primaryimage","url":"https:\/\/memurunsesi.net\/wp-content\/uploads\/2025\/05\/AW452028_01.jpg","contentUrl":"https:\/\/memurunsesi.net\/wp-content\/uploads\/2025\/05\/AW452028_01.jpg","width":1185,"height":569,"caption":"TRABZON A\u00c7IKLARINDA DEN\u0130ZDE \u00dcRET\u0130LEN SOMONLAR D\u00dcNYANIN FARKLI \u00dcLKELER\u0130NE \u0130HRA\u00c7 ED\u0130L\u0130RKEN, EYL\u00dcL-KASIM AYLARINDA BARAJLARDAN DEN\u0130ZE BIRAKILAN VE YAKLA\u015eIK 4 K\u0130LOGRAMA ULA\u015eAN SOMONLARIN HASADINA BA\u015eLANDI. (BEK\u0130R KOCA - OZAN K\u00d6SE\/TRABZON-\u0130HA) Do\u011fu Karadeniz'de Eyl\u00fcl-Kas\u0131m aylar\u0131nda barajlardan denize b\u0131rak\u0131lan ve yakla\u015f\u0131k 4 kilograma ula\u015fan somonlar\u0131n hasad\u0131na ba\u015fland\u0131."},{"@type":"BreadcrumbList","@id":"https:\/\/memurunsesi.net\/index.php\/2025\/05\/11\/dogu-karadenizde-somon-hasadi-basladi\/#breadcrumb","itemListElement":[{"@type":"ListItem","position":1,"name":"Anasayfa","item":"https:\/\/memurunsesi.net\/"},{"@type":"ListItem","position":2,"name":"Do\u011fu Karadeniz&#8217;de somon hasad\u0131 ba\u015flad\u0131"}]},{"@type":"WebSite","@id":"https:\/\/memurunsesi.net\/#website","url":"https:\/\/memurunsesi.net\/","name":"Memurun Sesi","description":"G\u00fcncel ve Do\u011fru Haber","publisher":{"@id":"https:\/\/memurunsesi.net\/#organization"},"potentialAction":[{"@type":"SearchAction","target":{"@type":"EntryPoint","urlTemplate":"https:\/\/memurunsesi.net\/?s={search_term_string}"},"query-input":{"@type":"PropertyValueSpecification","valueRequired":true,"valueName":"search_term_string"}}],"inLanguage":"tr"},{"@type":"Organization","@id":"https:\/\/memurunsesi.net\/#organization","name":"Memurun Sesi","url":"https:\/\/memurunsesi.net\/","logo":{"@type":"ImageObject","inLanguage":"tr","@id":"https:\/\/memurunsesi.net\/#\/schema\/logo\/image\/","url":"https:\/\/memurunsesi.net\/wp-content\/uploads\/2025\/11\/cropped-MEMURUN-SESI.png","contentUrl":"https:\/\/memurunsesi.net\/wp-content\/uploads\/2025\/11\/cropped-MEMURUN-SESI.png","width":238,"height":57,"caption":"Memurun Sesi"},"image":{"@id":"https:\/\/memurunsesi.net\/#\/schema\/logo\/image\/"},"sameAs":["https:\/\/www.facebook.com\/unipersen\/?locale=tr_TR","https:\/\/x.com\/unipersen"]},{"@type":"Person","@id":"https:\/\/memurunsesi.net\/#\/schema\/person\/f21c2d73b89f6ee1d80b0a1803e38587","name":"Memurun Sesi Haber Merkezi","image":{"@type":"ImageObject","inLanguage":"tr","@id":"https:\/\/secure.gravatar.com\/avatar\/6cf0505f452ee753f485014986fab09a434671d2b919ee76fc541025c5876a70?s=96&d=mm&r=g","url":"https:\/\/secure.gravatar.com\/avatar\/6cf0505f452ee753f485014986fab09a434671d2b919ee76fc541025c5876a70?s=96&d=mm&r=g","contentUrl":"https:\/\/secure.gravatar.com\/avatar\/6cf0505f452ee753f485014986fab09a434671d2b919ee76fc541025c5876a70?s=96&d=mm&r=g","caption":"Memurun Sesi Haber Merkezi"},"sameAs":["https:\/\/memurunsesi.net"],"url":"https:\/\/memurunsesi.net\/index.php\/author\/uniper\/"}]}},"_links":{"self":[{"href":"https:\/\/memurunsesi.net\/index.php\/wp-json\/wp\/v2\/posts\/6791","targetHints":{"allow":["GET"]}}],"collection":[{"href":"https:\/\/memurunsesi.net\/index.php\/wp-json\/wp\/v2\/posts"}],"about":[{"href":"https:\/\/memurunsesi.net\/index.php\/wp-json\/wp\/v2\/types\/post"}],"author":[{"embeddable":true,"href":"https:\/\/memurunsesi.net\/index.php\/wp-json\/wp\/v2\/users\/1"}],"replies":[{"embeddable":true,"href":"https:\/\/memurunsesi.net\/index.php\/wp-json\/wp\/v2\/comments?post=6791"}],"version-history":[{"count":1,"href":"https:\/\/memurunsesi.net\/index.php\/wp-json\/wp\/v2\/posts\/6791\/revisions"}],"predecessor-version":[{"id":6793,"href":"https:\/\/memurunsesi.net\/index.php\/wp-json\/wp\/v2\/posts\/6791\/revisions\/6793"}],"wp:featuredmedia":[{"embeddable":true,"href":"https:\/\/memurunsesi.net\/index.php\/wp-json\/wp\/v2\/media\/6792"}],"wp:attachment":[{"href":"https:\/\/memurunsesi.net\/index.php\/wp-json\/wp\/v2\/media?parent=6791"}],"wp:term":[{"taxonomy":"category","embeddable":true,"href":"https:\/\/memurunsesi.net\/index.php\/wp-json\/wp\/v2\/categories?post=6791"},{"taxonomy":"post_tag","embeddable":true,"href":"https:\/\/memurunsesi.net\/index.php\/wp-json\/wp\/v2\/tags?post=6791"}],"curies":[{"name":"wp","href":"https:\/\/api.w.org\/{rel}","templated":true}]}}