{"id":6800,"date":"2025-05-11T19:32:17","date_gmt":"2025-05-11T16:32:17","guid":{"rendered":"https:\/\/memurunsesi.net\/?p=6800"},"modified":"2025-05-11T19:32:17","modified_gmt":"2025-05-11T16:32:17","slug":"ismet-tasdemir-kocaelispora-veda-etti","status":"publish","type":"post","link":"https:\/\/memurunsesi.net\/index.php\/2025\/05\/11\/ismet-tasdemir-kocaelispora-veda-etti\/","title":{"rendered":"\u0130smet Ta\u015fdemir, Kocaelispor&#8217;a veda etti"},"content":{"rendered":"<p>\n   Trendyol 1. Lig&#8217;de \u015fampiyon olarak S\u00fcper Lig\u2019e y\u00fckselen Kocaelispor&#8217;da, Teknik Direkt\u00f6r \u0130smet Ta\u015fdemir veda etti. Ta\u015fdemir, &#8220;Son ma\u00e7\u0131md\u0131. Kupay\u0131 ald\u0131ktan sonra herkese veda edece\u011fim&#8221; dedi.<br \/>\n  Trendyol 1. Lig&#8217;in 38. ve son haftas\u0131nda Kocaelispor evinde kar\u015f\u0131la\u015ft\u0131\u011f\u0131 Ankara Ke\u00e7i\u00f6reng\u00fcc\u00fc&#8217;n\u00fc 4-1 ma\u011flup etti. M\u00fcsabakan\u0131n ard\u0131ndan Kocaelispor Teknik Direkt\u00f6r\u00fc \u0130smet Ta\u015fdemir, kar\u015f\u0131la\u015fmay\u0131, sezonu ve gelecek sezon planlamalar\u0131yla ilgili konu\u015ftu. \u0130ki y\u0131l \u00fcst \u00fcste kupa kald\u0131rma ba\u015far\u0131s\u0131n\u0131 g\u00f6steren Ta\u015fdemir, &#8220;\u0130yi bir sezon oldu. Sonradan dahil oldu\u011fumuz bir ser\u00fcvende mutlu sonra ula\u015fman\u0131n mutlulu\u011funu ya\u015f\u0131yoruz. Zor bir sezonu mutlu bir \u015fekilde geride b\u0131rakt\u0131k. Kocaelispor camias\u0131n\u0131n bu ba\u015far\u0131s\u0131nda pay sahibi olduysak ne mutlu bize.  Kolay gibi g\u00f6z\u00fcken asl\u0131nda zor bir sezonu mutlu bir \u015fekilde geride b\u0131rakt\u0131k. En \u00e7ok sevindi\u011fim S\u00fcper Lig&#8217;i hak eden, S\u00fcper Lig&#8217;de olup, ba\u015far\u0131dan ba\u015far\u0131ya ko\u015facak Kocaelispor camias\u0131n\u0131n tekrar S\u00fcper Lig\u2019de olmas\u0131na bir nebze de olsa vesile olduysam \u00e7ok mutluyum. Hi\u00e7bir \u015fey kolay olmuyor hayatta. D\u0131\u015far\u0131dan \u00e7ok kolaym\u0131\u015f gibi g\u00f6z\u00fckebilir ama \u00e7ok zorluklar\u0131n\u0131 da ya\u015fad\u0131k. Kendi i\u00e7imizde zorluklar\u0131 tolere ettik ve \u00e7ok \u015f\u00fck\u00fcr ki mutlu sona ula\u015ft\u0131k. \u015eampiyonlukta eme\u011fi ge\u00e7en b\u00fct\u00fcn oyuncu karde\u015flerime te\u015fekk\u00fcr ediyorum, tebrik ediyorum. Ger\u00e7ekten \u00e7ok \u00f6nemli bir karakter ortaya koyup sonunu getirdi. \u00d6nemli olan bu kentin S\u00fcper Lig\u2019de olmas\u0131yd\u0131. Bunu da ba\u015faran bir ekibin i\u00e7inde oldu\u011fum i\u00e7in de hem kendimle hem ekibimle de gurur duyuyorum. Dolay\u0131s\u0131yla da \u00e7ok mutluyum&#8221; diye konu\u015ftu.  <\/p>\n<p>  \u0130smet Ta\u015fdemir veda etti<br \/>\n  Bas\u0131n mensuplar\u0131yla vedala\u015fan \u0130smet Ta\u015fdemir, &#8220;Bug\u00fcn son ma\u00e7\u0131md\u0131, son g\u00f6revimdi. Kupay\u0131 ald\u0131ktan sonra herkese veda edece\u011fim. Bizi destekleyen ve ele\u015ftiren herkese te\u015fekk\u00fcr ediyorum. Bunlar futbolun i\u00e7inde var. \u00c7ok g\u00fczel 5 ay ge\u00e7irdim. Oyuncu karde\u015flerimizle, taraftar\u0131m\u0131zla. Her ne kadar bir kesim taraftar\u0131m\u0131z benimsemese de canlar\u0131 sa\u011f olsun. Bu camian\u0131n yeri S\u00fcper Lig&#8217;dir. Tek dile\u011fim, do\u011fru ve profesyonelce i\u015fler yap\u0131l\u0131p, \u00e7ok g\u00fczel i\u015fler yap\u0131ls\u0131n&#8221; \u015feklinde konu\u015ftu. <\/p>\n<p>11.05.2025                                  <\/p>\n","protected":false},"excerpt":{"rendered":"<p>Trendyol 1. Lig&#8217;de \u015fampiyon olarak S\u00fcper Lig\u2019e y\u00fckselen Kocaelispor&#8217;da, Teknik Direkt\u00f6r \u0130smet Ta\u015fdemir veda etti. Ta\u015fdemir, &#8220;Son ma\u00e7\u0131md\u0131. Kupay\u0131 ald\u0131ktan sonra herkese veda edece\u011fim&#8221; dedi. Trendyol 1. Lig&#8217;in 38. ve son haftas\u0131nda Kocaelispor evinde kar\u015f\u0131la\u015ft\u0131\u011f\u0131 Ankara Ke\u00e7i\u00f6reng\u00fcc\u00fc&#8217;n\u00fc 4-1 ma\u011flup etti. M\u00fcsabakan\u0131n ard\u0131ndan Kocaelispor Teknik Direkt\u00f6r\u00fc \u0130smet Ta\u015fdemir, kar\u015f\u0131la\u015fmay\u0131, sezonu ve gelecek sezon planlamalar\u0131yla ilgili konu\u015ftu. [&hellip;]<\/p>\n","protected":false},"author":1,"featured_media":0,"comment_status":"open","ping_status":"open","sticky":false,"template":"","format":"standard","meta":{"footnotes":""},"categories":[57],"tags":[],"class_list":["post-6800","post","type-post","status-publish","format-standard","hentry","category-spor"],"yoast_head":"<!-- This site is optimized with the Yoast SEO plugin v27.4 - https:\/\/yoast.com\/product\/yoast-seo-wordpress\/ -->\n<title>\u0130smet Ta\u015fdemir, Kocaelispor&#039;a veda etti - Memurun Sesi<\/title>\n<meta name=\"robots\" content=\"index, follow, max-snippet:-1, max-image-preview:large, max-video-preview:-1\" \/>\n<link rel=\"canonical\" href=\"https:\/\/memurunsesi.net\/index.php\/2025\/05\/11\/ismet-tasdemir-kocaelispora-veda-etti\/\" \/>\n<meta property=\"og:locale\" content=\"tr_TR\" \/>\n<meta property=\"og:type\" content=\"article\" \/>\n<meta property=\"og:title\" content=\"\u0130smet Ta\u015fdemir, Kocaelispor&#039;a veda etti - Memurun Sesi\" \/>\n<meta property=\"og:description\" content=\"Trendyol 1. Lig&#8217;de \u015fampiyon olarak S\u00fcper Lig\u2019e y\u00fckselen Kocaelispor&#8217;da, Teknik Direkt\u00f6r \u0130smet Ta\u015fdemir veda etti. Ta\u015fdemir, &#8220;Son ma\u00e7\u0131md\u0131. Kupay\u0131 ald\u0131ktan sonra herkese veda edece\u011fim&#8221; dedi. Trendyol 1. Lig&#8217;in 38. ve son haftas\u0131nda Kocaelispor evinde kar\u015f\u0131la\u015ft\u0131\u011f\u0131 Ankara Ke\u00e7i\u00f6reng\u00fcc\u00fc&#8217;n\u00fc 4-1 ma\u011flup etti. M\u00fcsabakan\u0131n ard\u0131ndan Kocaelispor Teknik Direkt\u00f6r\u00fc \u0130smet Ta\u015fdemir, kar\u015f\u0131la\u015fmay\u0131, sezonu ve gelecek sezon planlamalar\u0131yla ilgili konu\u015ftu. [&hellip;]\" \/>\n<meta property=\"og:url\" content=\"https:\/\/memurunsesi.net\/index.php\/2025\/05\/11\/ismet-tasdemir-kocaelispora-veda-etti\/\" \/>\n<meta property=\"og:site_name\" content=\"Memurun Sesi\" \/>\n<meta property=\"article:publisher\" content=\"https:\/\/www.facebook.com\/unipersen\/?locale=tr_TR\" \/>\n<meta property=\"article:published_time\" content=\"2025-05-11T16:32:17+00:00\" \/>\n<meta name=\"author\" content=\"Memurun Sesi Haber Merkezi\" \/>\n<meta name=\"twitter:card\" content=\"summary_large_image\" \/>\n<meta name=\"twitter:creator\" content=\"@unipersen\" \/>\n<meta name=\"twitter:site\" content=\"@unipersen\" \/>\n<meta name=\"twitter:label1\" content=\"Yazan:\" \/>\n\t<meta name=\"twitter:data1\" content=\"Memurun Sesi Haber Merkezi\" \/>\n<script type=\"application\/ld+json\" class=\"yoast-schema-graph\">{\"@context\":\"https:\\\/\\\/schema.org\",\"@graph\":[{\"@type\":\"Article\",\"@id\":\"https:\\\/\\\/memurunsesi.net\\\/index.php\\\/2025\\\/05\\\/11\\\/ismet-tasdemir-kocaelispora-veda-etti\\\/#article\",\"isPartOf\":{\"@id\":\"https:\\\/\\\/memurunsesi.net\\\/index.php\\\/2025\\\/05\\\/11\\\/ismet-tasdemir-kocaelispora-veda-etti\\\/\"},\"author\":{\"name\":\"Memurun Sesi Haber Merkezi\",\"@id\":\"https:\\\/\\\/memurunsesi.net\\\/#\\\/schema\\\/person\\\/f21c2d73b89f6ee1d80b0a1803e38587\"},\"headline\":\"\u0130smet Ta\u015fdemir, Kocaelispor&#8217;a veda etti\",\"datePublished\":\"2025-05-11T16:32:17+00:00\",\"mainEntityOfPage\":{\"@id\":\"https:\\\/\\\/memurunsesi.net\\\/index.php\\\/2025\\\/05\\\/11\\\/ismet-tasdemir-kocaelispora-veda-etti\\\/\"},\"wordCount\":414,\"commentCount\":0,\"publisher\":{\"@id\":\"https:\\\/\\\/memurunsesi.net\\\/#organization\"},\"articleSection\":[\"Spor\"],\"inLanguage\":\"tr\",\"potentialAction\":[{\"@type\":\"CommentAction\",\"name\":\"Comment\",\"target\":[\"https:\\\/\\\/memurunsesi.net\\\/index.php\\\/2025\\\/05\\\/11\\\/ismet-tasdemir-kocaelispora-veda-etti\\\/#respond\"]}]},{\"@type\":\"WebPage\",\"@id\":\"https:\\\/\\\/memurunsesi.net\\\/index.php\\\/2025\\\/05\\\/11\\\/ismet-tasdemir-kocaelispora-veda-etti\\\/\",\"url\":\"https:\\\/\\\/memurunsesi.net\\\/index.php\\\/2025\\\/05\\\/11\\\/ismet-tasdemir-kocaelispora-veda-etti\\\/\",\"name\":\"\u0130smet Ta\u015fdemir, Kocaelispor'a veda etti - Memurun Sesi\",\"isPartOf\":{\"@id\":\"https:\\\/\\\/memurunsesi.net\\\/#website\"},\"datePublished\":\"2025-05-11T16:32:17+00:00\",\"breadcrumb\":{\"@id\":\"https:\\\/\\\/memurunsesi.net\\\/index.php\\\/2025\\\/05\\\/11\\\/ismet-tasdemir-kocaelispora-veda-etti\\\/#breadcrumb\"},\"inLanguage\":\"tr\",\"potentialAction\":[{\"@type\":\"ReadAction\",\"target\":[\"https:\\\/\\\/memurunsesi.net\\\/index.php\\\/2025\\\/05\\\/11\\\/ismet-tasdemir-kocaelispora-veda-etti\\\/\"]}]},{\"@type\":\"BreadcrumbList\",\"@id\":\"https:\\\/\\\/memurunsesi.net\\\/index.php\\\/2025\\\/05\\\/11\\\/ismet-tasdemir-kocaelispora-veda-etti\\\/#breadcrumb\",\"itemListElement\":[{\"@type\":\"ListItem\",\"position\":1,\"name\":\"Anasayfa\",\"item\":\"https:\\\/\\\/memurunsesi.net\\\/\"},{\"@type\":\"ListItem\",\"position\":2,\"name\":\"\u0130smet Ta\u015fdemir, Kocaelispor&#8217;a veda etti\"}]},{\"@type\":\"WebSite\",\"@id\":\"https:\\\/\\\/memurunsesi.net\\\/#website\",\"url\":\"https:\\\/\\\/memurunsesi.net\\\/\",\"name\":\"Memurun Sesi\",\"description\":\"G\u00fcncel ve Do\u011fru Haber\",\"publisher\":{\"@id\":\"https:\\\/\\\/memurunsesi.net\\\/#organization\"},\"potentialAction\":[{\"@type\":\"SearchAction\",\"target\":{\"@type\":\"EntryPoint\",\"urlTemplate\":\"https:\\\/\\\/memurunsesi.net\\\/?s={search_term_string}\"},\"query-input\":{\"@type\":\"PropertyValueSpecification\",\"valueRequired\":true,\"valueName\":\"search_term_string\"}}],\"inLanguage\":\"tr\"},{\"@type\":\"Organization\",\"@id\":\"https:\\\/\\\/memurunsesi.net\\\/#organization\",\"name\":\"Memurun Sesi\",\"url\":\"https:\\\/\\\/memurunsesi.net\\\/\",\"logo\":{\"@type\":\"ImageObject\",\"inLanguage\":\"tr\",\"@id\":\"https:\\\/\\\/memurunsesi.net\\\/#\\\/schema\\\/logo\\\/image\\\/\",\"url\":\"https:\\\/\\\/memurunsesi.net\\\/wp-content\\\/uploads\\\/2025\\\/11\\\/cropped-MEMURUN-SESI.png\",\"contentUrl\":\"https:\\\/\\\/memurunsesi.net\\\/wp-content\\\/uploads\\\/2025\\\/11\\\/cropped-MEMURUN-SESI.png\",\"width\":238,\"height\":57,\"caption\":\"Memurun Sesi\"},\"image\":{\"@id\":\"https:\\\/\\\/memurunsesi.net\\\/#\\\/schema\\\/logo\\\/image\\\/\"},\"sameAs\":[\"https:\\\/\\\/www.facebook.com\\\/unipersen\\\/?locale=tr_TR\",\"https:\\\/\\\/x.com\\\/unipersen\"]},{\"@type\":\"Person\",\"@id\":\"https:\\\/\\\/memurunsesi.net\\\/#\\\/schema\\\/person\\\/f21c2d73b89f6ee1d80b0a1803e38587\",\"name\":\"Memurun Sesi Haber Merkezi\",\"image\":{\"@type\":\"ImageObject\",\"inLanguage\":\"tr\",\"@id\":\"https:\\\/\\\/secure.gravatar.com\\\/avatar\\\/6cf0505f452ee753f485014986fab09a434671d2b919ee76fc541025c5876a70?s=96&d=mm&r=g\",\"url\":\"https:\\\/\\\/secure.gravatar.com\\\/avatar\\\/6cf0505f452ee753f485014986fab09a434671d2b919ee76fc541025c5876a70?s=96&d=mm&r=g\",\"contentUrl\":\"https:\\\/\\\/secure.gravatar.com\\\/avatar\\\/6cf0505f452ee753f485014986fab09a434671d2b919ee76fc541025c5876a70?s=96&d=mm&r=g\",\"caption\":\"Memurun Sesi Haber Merkezi\"},\"sameAs\":[\"https:\\\/\\\/memurunsesi.net\"],\"url\":\"https:\\\/\\\/memurunsesi.net\\\/index.php\\\/author\\\/uniper\\\/\"}]}<\/script>\n<!-- \/ Yoast SEO plugin. -->","yoast_head_json":{"title":"\u0130smet Ta\u015fdemir, Kocaelispor'a veda etti - Memurun Sesi","robots":{"index":"index","follow":"follow","max-snippet":"max-snippet:-1","max-image-preview":"max-image-preview:large","max-video-preview":"max-video-preview:-1"},"canonical":"https:\/\/memurunsesi.net\/index.php\/2025\/05\/11\/ismet-tasdemir-kocaelispora-veda-etti\/","og_locale":"tr_TR","og_type":"article","og_title":"\u0130smet Ta\u015fdemir, Kocaelispor'a veda etti - Memurun Sesi","og_description":"Trendyol 1. Lig&#8217;de \u015fampiyon olarak S\u00fcper Lig\u2019e y\u00fckselen Kocaelispor&#8217;da, Teknik Direkt\u00f6r \u0130smet Ta\u015fdemir veda etti. Ta\u015fdemir, &#8220;Son ma\u00e7\u0131md\u0131. Kupay\u0131 ald\u0131ktan sonra herkese veda edece\u011fim&#8221; dedi. Trendyol 1. Lig&#8217;in 38. ve son haftas\u0131nda Kocaelispor evinde kar\u015f\u0131la\u015ft\u0131\u011f\u0131 Ankara Ke\u00e7i\u00f6reng\u00fcc\u00fc&#8217;n\u00fc 4-1 ma\u011flup etti. M\u00fcsabakan\u0131n ard\u0131ndan Kocaelispor Teknik Direkt\u00f6r\u00fc \u0130smet Ta\u015fdemir, kar\u015f\u0131la\u015fmay\u0131, sezonu ve gelecek sezon planlamalar\u0131yla ilgili konu\u015ftu. [&hellip;]","og_url":"https:\/\/memurunsesi.net\/index.php\/2025\/05\/11\/ismet-tasdemir-kocaelispora-veda-etti\/","og_site_name":"Memurun Sesi","article_publisher":"https:\/\/www.facebook.com\/unipersen\/?locale=tr_TR","article_published_time":"2025-05-11T16:32:17+00:00","author":"Memurun Sesi Haber Merkezi","twitter_card":"summary_large_image","twitter_creator":"@unipersen","twitter_site":"@unipersen","twitter_misc":{"Yazan:":"Memurun Sesi Haber Merkezi"},"schema":{"@context":"https:\/\/schema.org","@graph":[{"@type":"Article","@id":"https:\/\/memurunsesi.net\/index.php\/2025\/05\/11\/ismet-tasdemir-kocaelispora-veda-etti\/#article","isPartOf":{"@id":"https:\/\/memurunsesi.net\/index.php\/2025\/05\/11\/ismet-tasdemir-kocaelispora-veda-etti\/"},"author":{"name":"Memurun Sesi Haber Merkezi","@id":"https:\/\/memurunsesi.net\/#\/schema\/person\/f21c2d73b89f6ee1d80b0a1803e38587"},"headline":"\u0130smet Ta\u015fdemir, Kocaelispor&#8217;a veda etti","datePublished":"2025-05-11T16:32:17+00:00","mainEntityOfPage":{"@id":"https:\/\/memurunsesi.net\/index.php\/2025\/05\/11\/ismet-tasdemir-kocaelispora-veda-etti\/"},"wordCount":414,"commentCount":0,"publisher":{"@id":"https:\/\/memurunsesi.net\/#organization"},"articleSection":["Spor"],"inLanguage":"tr","potentialAction":[{"@type":"CommentAction","name":"Comment","target":["https:\/\/memurunsesi.net\/index.php\/2025\/05\/11\/ismet-tasdemir-kocaelispora-veda-etti\/#respond"]}]},{"@type":"WebPage","@id":"https:\/\/memurunsesi.net\/index.php\/2025\/05\/11\/ismet-tasdemir-kocaelispora-veda-etti\/","url":"https:\/\/memurunsesi.net\/index.php\/2025\/05\/11\/ismet-tasdemir-kocaelispora-veda-etti\/","name":"\u0130smet Ta\u015fdemir, Kocaelispor'a veda etti - Memurun Sesi","isPartOf":{"@id":"https:\/\/memurunsesi.net\/#website"},"datePublished":"2025-05-11T16:32:17+00:00","breadcrumb":{"@id":"https:\/\/memurunsesi.net\/index.php\/2025\/05\/11\/ismet-tasdemir-kocaelispora-veda-etti\/#breadcrumb"},"inLanguage":"tr","potentialAction":[{"@type":"ReadAction","target":["https:\/\/memurunsesi.net\/index.php\/2025\/05\/11\/ismet-tasdemir-kocaelispora-veda-etti\/"]}]},{"@type":"BreadcrumbList","@id":"https:\/\/memurunsesi.net\/index.php\/2025\/05\/11\/ismet-tasdemir-kocaelispora-veda-etti\/#breadcrumb","itemListElement":[{"@type":"ListItem","position":1,"name":"Anasayfa","item":"https:\/\/memurunsesi.net\/"},{"@type":"ListItem","position":2,"name":"\u0130smet Ta\u015fdemir, Kocaelispor&#8217;a veda etti"}]},{"@type":"WebSite","@id":"https:\/\/memurunsesi.net\/#website","url":"https:\/\/memurunsesi.net\/","name":"Memurun Sesi","description":"G\u00fcncel ve Do\u011fru Haber","publisher":{"@id":"https:\/\/memurunsesi.net\/#organization"},"potentialAction":[{"@type":"SearchAction","target":{"@type":"EntryPoint","urlTemplate":"https:\/\/memurunsesi.net\/?s={search_term_string}"},"query-input":{"@type":"PropertyValueSpecification","valueRequired":true,"valueName":"search_term_string"}}],"inLanguage":"tr"},{"@type":"Organization","@id":"https:\/\/memurunsesi.net\/#organization","name":"Memurun Sesi","url":"https:\/\/memurunsesi.net\/","logo":{"@type":"ImageObject","inLanguage":"tr","@id":"https:\/\/memurunsesi.net\/#\/schema\/logo\/image\/","url":"https:\/\/memurunsesi.net\/wp-content\/uploads\/2025\/11\/cropped-MEMURUN-SESI.png","contentUrl":"https:\/\/memurunsesi.net\/wp-content\/uploads\/2025\/11\/cropped-MEMURUN-SESI.png","width":238,"height":57,"caption":"Memurun Sesi"},"image":{"@id":"https:\/\/memurunsesi.net\/#\/schema\/logo\/image\/"},"sameAs":["https:\/\/www.facebook.com\/unipersen\/?locale=tr_TR","https:\/\/x.com\/unipersen"]},{"@type":"Person","@id":"https:\/\/memurunsesi.net\/#\/schema\/person\/f21c2d73b89f6ee1d80b0a1803e38587","name":"Memurun Sesi Haber Merkezi","image":{"@type":"ImageObject","inLanguage":"tr","@id":"https:\/\/secure.gravatar.com\/avatar\/6cf0505f452ee753f485014986fab09a434671d2b919ee76fc541025c5876a70?s=96&d=mm&r=g","url":"https:\/\/secure.gravatar.com\/avatar\/6cf0505f452ee753f485014986fab09a434671d2b919ee76fc541025c5876a70?s=96&d=mm&r=g","contentUrl":"https:\/\/secure.gravatar.com\/avatar\/6cf0505f452ee753f485014986fab09a434671d2b919ee76fc541025c5876a70?s=96&d=mm&r=g","caption":"Memurun Sesi Haber Merkezi"},"sameAs":["https:\/\/memurunsesi.net"],"url":"https:\/\/memurunsesi.net\/index.php\/author\/uniper\/"}]}},"_links":{"self":[{"href":"https:\/\/memurunsesi.net\/index.php\/wp-json\/wp\/v2\/posts\/6800","targetHints":{"allow":["GET"]}}],"collection":[{"href":"https:\/\/memurunsesi.net\/index.php\/wp-json\/wp\/v2\/posts"}],"about":[{"href":"https:\/\/memurunsesi.net\/index.php\/wp-json\/wp\/v2\/types\/post"}],"author":[{"embeddable":true,"href":"https:\/\/memurunsesi.net\/index.php\/wp-json\/wp\/v2\/users\/1"}],"replies":[{"embeddable":true,"href":"https:\/\/memurunsesi.net\/index.php\/wp-json\/wp\/v2\/comments?post=6800"}],"version-history":[{"count":1,"href":"https:\/\/memurunsesi.net\/index.php\/wp-json\/wp\/v2\/posts\/6800\/revisions"}],"predecessor-version":[{"id":6802,"href":"https:\/\/memurunsesi.net\/index.php\/wp-json\/wp\/v2\/posts\/6800\/revisions\/6802"}],"wp:attachment":[{"href":"https:\/\/memurunsesi.net\/index.php\/wp-json\/wp\/v2\/media?parent=6800"}],"wp:term":[{"taxonomy":"category","embeddable":true,"href":"https:\/\/memurunsesi.net\/index.php\/wp-json\/wp\/v2\/categories?post=6800"},{"taxonomy":"post_tag","embeddable":true,"href":"https:\/\/memurunsesi.net\/index.php\/wp-json\/wp\/v2\/tags?post=6800"}],"curies":[{"name":"wp","href":"https:\/\/api.w.org\/{rel}","templated":true}]}}