{"id":6803,"date":"2025-05-11T19:33:36","date_gmt":"2025-05-11T16:33:36","guid":{"rendered":"https:\/\/memurunsesi.net\/?p=6803"},"modified":"2025-05-11T19:33:36","modified_gmt":"2025-05-11T16:33:36","slug":"almanya-disisleri-bakani-wadephul-israilin-gazze-saldirilari-ateskes-icin-ciddi-muzakerelere-geri-donulmesi-cagrisinda-bulunuyoruz","status":"publish","type":"post","link":"https:\/\/memurunsesi.net\/index.php\/2025\/05\/11\/almanya-disisleri-bakani-wadephul-israilin-gazze-saldirilari-ateskes-icin-ciddi-muzakerelere-geri-donulmesi-cagrisinda-bulunuyoruz\/","title":{"rendered":"Almanya D\u0131\u015fi\u015fleri Bakan\u0131 Wadephul: &#8220;(\u0130srail&#8217;in Gazze sald\u0131r\u0131lar\u0131) Ate\u015fkes i\u00e7in ciddi m\u00fczakerelere geri d\u00f6n\u00fclmesi \u00e7a\u011fr\u0131s\u0131nda bulunuyoruz&#8221;"},"content":{"rendered":"<p>\n  Almanya D\u0131\u015fi\u015fleri Bakan\u0131 Johann Wadephul, g\u00f6reve gelmesinin ard\u0131ndan \u0130srail&#8217;e resmi ziyaret d\u00fczenledi. \u0130srail D\u0131\u015fi\u015fleri Bakan\u0131 Gideon Saar ile bir araya gelen Wadephul, \u0130srail&#8217;in Gazze \u015eeridi&#8217;ne y\u00f6nelik devam eden sald\u0131r\u0131lar\u0131n\u0131 ele\u015ftirdi. Wadephul, Gazze&#8217;deki \u00e7at\u0131\u015fman\u0131n askeri yollarla \u00e7\u00f6z\u00fclemeyece\u011fini ve sava\u015f\u0131 kal\u0131c\u0131 olarak sona erdirmek i\u00e7in siyasi bir \u00e7\u00f6z\u00fcm bulunmas\u0131 gerekti\u011fini s\u00f6yledi.  <\/p>\n<p>  &#8220;Ate\u015fkes i\u00e7in ciddi m\u00fczakerelere geri d\u00f6n\u00fclmesi \u00e7a\u011fr\u0131s\u0131nda bulunuyoruz&#8221;<br \/>\n  Almanya&#8217;n\u0131n \u0130srail&#8217;in g\u00fcvenli\u011fini sa\u011flamak i\u00e7in ne gerekiyorsa yapaca\u011f\u0131n\u0131 ancak bunun \u00fclkesinin \u0130srail&#8217;in eylemlerini ele\u015ftiremeyece\u011fi anlam\u0131na gelmedi\u011fini belirten Wadephul, &#8220;\u0130srail&#8217;in t\u00fcm stratejik hedeflerine bu \u015fekilde (askeri bir harekatla) ula\u015f\u0131l\u0131p ula\u015f\u0131lamayaca\u011f\u0131ndan ve bunun uzun vadede \u0130srail&#8217;in g\u00fcvenli\u011fine hizmet edip etmeyece\u011finden emin de\u011filim. Bu nedenle ate\u015fkes i\u00e7in ciddi m\u00fczakerelere geri d\u00f6n\u00fclmesi \u00e7a\u011fr\u0131s\u0131nda bulunuyoruz&#8221; dedi.<br \/>\n  Gazze&#8217;nin Filistin topraklar\u0131n\u0131n bir par\u00e7as\u0131 oldu\u011funu belirten Wadephul, &#8220;Gazze&#8217;nin yeniden in\u015fas\u0131 i\u00e7in Hamas&#8217;\u0131n olmad\u0131\u011f\u0131 siyasi bir \u00e7\u00f6z\u00fcme ihtiyac\u0131m\u0131z var&#8221; dedi.<br \/>\n  Saar ile g\u00f6r\u00fc\u015fmesinin ard\u0131ndan Wadephul, \u0130srail Ba\u015fbakan\u0131 Binyamin Netanyahu ile bir araya gelecek. Wadephul, daha sonra Bat\u0131 \u015eeria&#8217;da Filistin Ba\u015fbakan\u0131 Muhammed Mustafa ile g\u00f6r\u00fc\u015fecek. <\/p>\n<p>11.05.2025                                  <\/p>\n","protected":false},"excerpt":{"rendered":"<p>Almanya D\u0131\u015fi\u015fleri Bakan\u0131 Johann Wadephul, g\u00f6reve gelmesinin ard\u0131ndan \u0130srail&#8217;e resmi ziyaret d\u00fczenledi. \u0130srail D\u0131\u015fi\u015fleri Bakan\u0131 Gideon Saar ile bir araya gelen Wadephul, \u0130srail&#8217;in Gazze \u015eeridi&#8217;ne y\u00f6nelik devam eden sald\u0131r\u0131lar\u0131n\u0131 ele\u015ftirdi. Wadephul, Gazze&#8217;deki \u00e7at\u0131\u015fman\u0131n askeri yollarla \u00e7\u00f6z\u00fclemeyece\u011fini ve sava\u015f\u0131 kal\u0131c\u0131 olarak sona erdirmek i\u00e7in siyasi bir \u00e7\u00f6z\u00fcm bulunmas\u0131 gerekti\u011fini s\u00f6yledi. &#8220;Ate\u015fkes i\u00e7in ciddi m\u00fczakerelere geri d\u00f6n\u00fclmesi [&hellip;]<\/p>\n","protected":false},"author":1,"featured_media":6804,"comment_status":"open","ping_status":"open","sticky":false,"template":"","format":"standard","meta":{"footnotes":""},"categories":[1],"tags":[],"class_list":["post-6803","post","type-post","status-publish","format-standard","has-post-thumbnail","hentry","category-genel"],"yoast_head":"<!-- This site is optimized with the Yoast SEO plugin v27.4 - https:\/\/yoast.com\/product\/yoast-seo-wordpress\/ -->\n<title>Almanya D\u0131\u015fi\u015fleri Bakan\u0131 Wadephul: &quot;(\u0130srail&#039;in Gazze sald\u0131r\u0131lar\u0131) Ate\u015fkes i\u00e7in ciddi m\u00fczakerelere geri d\u00f6n\u00fclmesi \u00e7a\u011fr\u0131s\u0131nda bulunuyoruz&quot; - Memurun Sesi<\/title>\n<meta name=\"robots\" content=\"index, follow, max-snippet:-1, max-image-preview:large, max-video-preview:-1\" \/>\n<link rel=\"canonical\" href=\"https:\/\/memurunsesi.net\/index.php\/2025\/05\/11\/almanya-disisleri-bakani-wadephul-israilin-gazze-saldirilari-ateskes-icin-ciddi-muzakerelere-geri-donulmesi-cagrisinda-bulunuyoruz\/\" \/>\n<meta property=\"og:locale\" content=\"tr_TR\" \/>\n<meta property=\"og:type\" content=\"article\" \/>\n<meta property=\"og:title\" content=\"Almanya D\u0131\u015fi\u015fleri Bakan\u0131 Wadephul: &quot;(\u0130srail&#039;in Gazze sald\u0131r\u0131lar\u0131) Ate\u015fkes i\u00e7in ciddi m\u00fczakerelere geri d\u00f6n\u00fclmesi \u00e7a\u011fr\u0131s\u0131nda bulunuyoruz&quot; - Memurun Sesi\" \/>\n<meta property=\"og:description\" content=\"Almanya D\u0131\u015fi\u015fleri Bakan\u0131 Johann Wadephul, g\u00f6reve gelmesinin ard\u0131ndan \u0130srail&#8217;e resmi ziyaret d\u00fczenledi. \u0130srail D\u0131\u015fi\u015fleri Bakan\u0131 Gideon Saar ile bir araya gelen Wadephul, \u0130srail&#8217;in Gazze \u015eeridi&#8217;ne y\u00f6nelik devam eden sald\u0131r\u0131lar\u0131n\u0131 ele\u015ftirdi. Wadephul, Gazze&#8217;deki \u00e7at\u0131\u015fman\u0131n askeri yollarla \u00e7\u00f6z\u00fclemeyece\u011fini ve sava\u015f\u0131 kal\u0131c\u0131 olarak sona erdirmek i\u00e7in siyasi bir \u00e7\u00f6z\u00fcm bulunmas\u0131 gerekti\u011fini s\u00f6yledi. &#8220;Ate\u015fkes i\u00e7in ciddi m\u00fczakerelere geri d\u00f6n\u00fclmesi [&hellip;]\" \/>\n<meta property=\"og:url\" content=\"https:\/\/memurunsesi.net\/index.php\/2025\/05\/11\/almanya-disisleri-bakani-wadephul-israilin-gazze-saldirilari-ateskes-icin-ciddi-muzakerelere-geri-donulmesi-cagrisinda-bulunuyoruz\/\" \/>\n<meta property=\"og:site_name\" content=\"Memurun Sesi\" \/>\n<meta property=\"article:publisher\" content=\"https:\/\/www.facebook.com\/unipersen\/?locale=tr_TR\" \/>\n<meta property=\"article:published_time\" content=\"2025-05-11T16:33:36+00:00\" \/>\n<meta property=\"og:image\" content=\"https:\/\/memurunsesi.net\/wp-content\/uploads\/2025\/05\/AW452349_01-scaled.jpg\" \/>\n\t<meta property=\"og:image:width\" content=\"2560\" \/>\n\t<meta property=\"og:image:height\" content=\"1707\" \/>\n\t<meta property=\"og:image:type\" content=\"image\/jpeg\" \/>\n<meta name=\"author\" content=\"Memurun Sesi Haber Merkezi\" \/>\n<meta name=\"twitter:card\" content=\"summary_large_image\" \/>\n<meta name=\"twitter:creator\" content=\"@unipersen\" \/>\n<meta name=\"twitter:site\" content=\"@unipersen\" \/>\n<meta name=\"twitter:label1\" content=\"Yazan:\" \/>\n\t<meta name=\"twitter:data1\" content=\"Memurun Sesi Haber Merkezi\" \/>\n\t<meta name=\"twitter:label2\" content=\"Tahmini okuma s\u00fcresi\" \/>\n\t<meta name=\"twitter:data2\" content=\"1 dakika\" \/>\n<script type=\"application\/ld+json\" class=\"yoast-schema-graph\">{\"@context\":\"https:\\\/\\\/schema.org\",\"@graph\":[{\"@type\":\"Article\",\"@id\":\"https:\\\/\\\/memurunsesi.net\\\/index.php\\\/2025\\\/05\\\/11\\\/almanya-disisleri-bakani-wadephul-israilin-gazze-saldirilari-ateskes-icin-ciddi-muzakerelere-geri-donulmesi-cagrisinda-bulunuyoruz\\\/#article\",\"isPartOf\":{\"@id\":\"https:\\\/\\\/memurunsesi.net\\\/index.php\\\/2025\\\/05\\\/11\\\/almanya-disisleri-bakani-wadephul-israilin-gazze-saldirilari-ateskes-icin-ciddi-muzakerelere-geri-donulmesi-cagrisinda-bulunuyoruz\\\/\"},\"author\":{\"name\":\"Memurun Sesi Haber Merkezi\",\"@id\":\"https:\\\/\\\/memurunsesi.net\\\/#\\\/schema\\\/person\\\/f21c2d73b89f6ee1d80b0a1803e38587\"},\"headline\":\"Almanya D\u0131\u015fi\u015fleri Bakan\u0131 Wadephul: &#8220;(\u0130srail&#8217;in Gazze sald\u0131r\u0131lar\u0131) Ate\u015fkes i\u00e7in ciddi m\u00fczakerelere geri d\u00f6n\u00fclmesi \u00e7a\u011fr\u0131s\u0131nda bulunuyoruz&#8221;\",\"datePublished\":\"2025-05-11T16:33:36+00:00\",\"mainEntityOfPage\":{\"@id\":\"https:\\\/\\\/memurunsesi.net\\\/index.php\\\/2025\\\/05\\\/11\\\/almanya-disisleri-bakani-wadephul-israilin-gazze-saldirilari-ateskes-icin-ciddi-muzakerelere-geri-donulmesi-cagrisinda-bulunuyoruz\\\/\"},\"wordCount\":265,\"commentCount\":0,\"publisher\":{\"@id\":\"https:\\\/\\\/memurunsesi.net\\\/#organization\"},\"image\":{\"@id\":\"https:\\\/\\\/memurunsesi.net\\\/index.php\\\/2025\\\/05\\\/11\\\/almanya-disisleri-bakani-wadephul-israilin-gazze-saldirilari-ateskes-icin-ciddi-muzakerelere-geri-donulmesi-cagrisinda-bulunuyoruz\\\/#primaryimage\"},\"thumbnailUrl\":\"https:\\\/\\\/memurunsesi.net\\\/wp-content\\\/uploads\\\/2025\\\/05\\\/AW452349_01-scaled.jpg\",\"inLanguage\":\"tr\",\"potentialAction\":[{\"@type\":\"CommentAction\",\"name\":\"Comment\",\"target\":[\"https:\\\/\\\/memurunsesi.net\\\/index.php\\\/2025\\\/05\\\/11\\\/almanya-disisleri-bakani-wadephul-israilin-gazze-saldirilari-ateskes-icin-ciddi-muzakerelere-geri-donulmesi-cagrisinda-bulunuyoruz\\\/#respond\"]}]},{\"@type\":\"WebPage\",\"@id\":\"https:\\\/\\\/memurunsesi.net\\\/index.php\\\/2025\\\/05\\\/11\\\/almanya-disisleri-bakani-wadephul-israilin-gazze-saldirilari-ateskes-icin-ciddi-muzakerelere-geri-donulmesi-cagrisinda-bulunuyoruz\\\/\",\"url\":\"https:\\\/\\\/memurunsesi.net\\\/index.php\\\/2025\\\/05\\\/11\\\/almanya-disisleri-bakani-wadephul-israilin-gazze-saldirilari-ateskes-icin-ciddi-muzakerelere-geri-donulmesi-cagrisinda-bulunuyoruz\\\/\",\"name\":\"Almanya D\u0131\u015fi\u015fleri Bakan\u0131 Wadephul: \\\"(\u0130srail'in Gazze sald\u0131r\u0131lar\u0131) Ate\u015fkes i\u00e7in ciddi m\u00fczakerelere geri d\u00f6n\u00fclmesi \u00e7a\u011fr\u0131s\u0131nda bulunuyoruz\\\" - Memurun Sesi\",\"isPartOf\":{\"@id\":\"https:\\\/\\\/memurunsesi.net\\\/#website\"},\"primaryImageOfPage\":{\"@id\":\"https:\\\/\\\/memurunsesi.net\\\/index.php\\\/2025\\\/05\\\/11\\\/almanya-disisleri-bakani-wadephul-israilin-gazze-saldirilari-ateskes-icin-ciddi-muzakerelere-geri-donulmesi-cagrisinda-bulunuyoruz\\\/#primaryimage\"},\"image\":{\"@id\":\"https:\\\/\\\/memurunsesi.net\\\/index.php\\\/2025\\\/05\\\/11\\\/almanya-disisleri-bakani-wadephul-israilin-gazze-saldirilari-ateskes-icin-ciddi-muzakerelere-geri-donulmesi-cagrisinda-bulunuyoruz\\\/#primaryimage\"},\"thumbnailUrl\":\"https:\\\/\\\/memurunsesi.net\\\/wp-content\\\/uploads\\\/2025\\\/05\\\/AW452349_01-scaled.jpg\",\"datePublished\":\"2025-05-11T16:33:36+00:00\",\"breadcrumb\":{\"@id\":\"https:\\\/\\\/memurunsesi.net\\\/index.php\\\/2025\\\/05\\\/11\\\/almanya-disisleri-bakani-wadephul-israilin-gazze-saldirilari-ateskes-icin-ciddi-muzakerelere-geri-donulmesi-cagrisinda-bulunuyoruz\\\/#breadcrumb\"},\"inLanguage\":\"tr\",\"potentialAction\":[{\"@type\":\"ReadAction\",\"target\":[\"https:\\\/\\\/memurunsesi.net\\\/index.php\\\/2025\\\/05\\\/11\\\/almanya-disisleri-bakani-wadephul-israilin-gazze-saldirilari-ateskes-icin-ciddi-muzakerelere-geri-donulmesi-cagrisinda-bulunuyoruz\\\/\"]}]},{\"@type\":\"ImageObject\",\"inLanguage\":\"tr\",\"@id\":\"https:\\\/\\\/memurunsesi.net\\\/index.php\\\/2025\\\/05\\\/11\\\/almanya-disisleri-bakani-wadephul-israilin-gazze-saldirilari-ateskes-icin-ciddi-muzakerelere-geri-donulmesi-cagrisinda-bulunuyoruz\\\/#primaryimage\",\"url\":\"https:\\\/\\\/memurunsesi.net\\\/wp-content\\\/uploads\\\/2025\\\/05\\\/AW452349_01-scaled.jpg\",\"contentUrl\":\"https:\\\/\\\/memurunsesi.net\\\/wp-content\\\/uploads\\\/2025\\\/05\\\/AW452349_01-scaled.jpg\",\"width\":2560,\"height\":1707,\"caption\":\"epa12090295 German Foreign Minister Johann Wadephul addresses the media after attending a ceremony at Israel's Yad Vashem Holocaust Memorial Museum in Jerusalem, 11 May 2025. The German foreign minister is on a Middle East trip for talks with Israeli and Palestinian officials. EPA-EFE\\\/ABIR SULTAN\"},{\"@type\":\"BreadcrumbList\",\"@id\":\"https:\\\/\\\/memurunsesi.net\\\/index.php\\\/2025\\\/05\\\/11\\\/almanya-disisleri-bakani-wadephul-israilin-gazze-saldirilari-ateskes-icin-ciddi-muzakerelere-geri-donulmesi-cagrisinda-bulunuyoruz\\\/#breadcrumb\",\"itemListElement\":[{\"@type\":\"ListItem\",\"position\":1,\"name\":\"Anasayfa\",\"item\":\"https:\\\/\\\/memurunsesi.net\\\/\"},{\"@type\":\"ListItem\",\"position\":2,\"name\":\"Almanya D\u0131\u015fi\u015fleri Bakan\u0131 Wadephul: &#8220;(\u0130srail&#8217;in Gazze sald\u0131r\u0131lar\u0131) Ate\u015fkes i\u00e7in ciddi m\u00fczakerelere geri d\u00f6n\u00fclmesi \u00e7a\u011fr\u0131s\u0131nda bulunuyoruz&#8221;\"}]},{\"@type\":\"WebSite\",\"@id\":\"https:\\\/\\\/memurunsesi.net\\\/#website\",\"url\":\"https:\\\/\\\/memurunsesi.net\\\/\",\"name\":\"Memurun Sesi\",\"description\":\"G\u00fcncel ve Do\u011fru Haber\",\"publisher\":{\"@id\":\"https:\\\/\\\/memurunsesi.net\\\/#organization\"},\"potentialAction\":[{\"@type\":\"SearchAction\",\"target\":{\"@type\":\"EntryPoint\",\"urlTemplate\":\"https:\\\/\\\/memurunsesi.net\\\/?s={search_term_string}\"},\"query-input\":{\"@type\":\"PropertyValueSpecification\",\"valueRequired\":true,\"valueName\":\"search_term_string\"}}],\"inLanguage\":\"tr\"},{\"@type\":\"Organization\",\"@id\":\"https:\\\/\\\/memurunsesi.net\\\/#organization\",\"name\":\"Memurun Sesi\",\"url\":\"https:\\\/\\\/memurunsesi.net\\\/\",\"logo\":{\"@type\":\"ImageObject\",\"inLanguage\":\"tr\",\"@id\":\"https:\\\/\\\/memurunsesi.net\\\/#\\\/schema\\\/logo\\\/image\\\/\",\"url\":\"https:\\\/\\\/memurunsesi.net\\\/wp-content\\\/uploads\\\/2025\\\/11\\\/cropped-MEMURUN-SESI.png\",\"contentUrl\":\"https:\\\/\\\/memurunsesi.net\\\/wp-content\\\/uploads\\\/2025\\\/11\\\/cropped-MEMURUN-SESI.png\",\"width\":238,\"height\":57,\"caption\":\"Memurun Sesi\"},\"image\":{\"@id\":\"https:\\\/\\\/memurunsesi.net\\\/#\\\/schema\\\/logo\\\/image\\\/\"},\"sameAs\":[\"https:\\\/\\\/www.facebook.com\\\/unipersen\\\/?locale=tr_TR\",\"https:\\\/\\\/x.com\\\/unipersen\"]},{\"@type\":\"Person\",\"@id\":\"https:\\\/\\\/memurunsesi.net\\\/#\\\/schema\\\/person\\\/f21c2d73b89f6ee1d80b0a1803e38587\",\"name\":\"Memurun Sesi Haber Merkezi\",\"image\":{\"@type\":\"ImageObject\",\"inLanguage\":\"tr\",\"@id\":\"https:\\\/\\\/secure.gravatar.com\\\/avatar\\\/6cf0505f452ee753f485014986fab09a434671d2b919ee76fc541025c5876a70?s=96&d=mm&r=g\",\"url\":\"https:\\\/\\\/secure.gravatar.com\\\/avatar\\\/6cf0505f452ee753f485014986fab09a434671d2b919ee76fc541025c5876a70?s=96&d=mm&r=g\",\"contentUrl\":\"https:\\\/\\\/secure.gravatar.com\\\/avatar\\\/6cf0505f452ee753f485014986fab09a434671d2b919ee76fc541025c5876a70?s=96&d=mm&r=g\",\"caption\":\"Memurun Sesi Haber Merkezi\"},\"sameAs\":[\"https:\\\/\\\/memurunsesi.net\"],\"url\":\"https:\\\/\\\/memurunsesi.net\\\/index.php\\\/author\\\/uniper\\\/\"}]}<\/script>\n<!-- \/ Yoast SEO plugin. -->","yoast_head_json":{"title":"Almanya D\u0131\u015fi\u015fleri Bakan\u0131 Wadephul: \"(\u0130srail'in Gazze sald\u0131r\u0131lar\u0131) Ate\u015fkes i\u00e7in ciddi m\u00fczakerelere geri d\u00f6n\u00fclmesi \u00e7a\u011fr\u0131s\u0131nda bulunuyoruz\" - Memurun Sesi","robots":{"index":"index","follow":"follow","max-snippet":"max-snippet:-1","max-image-preview":"max-image-preview:large","max-video-preview":"max-video-preview:-1"},"canonical":"https:\/\/memurunsesi.net\/index.php\/2025\/05\/11\/almanya-disisleri-bakani-wadephul-israilin-gazze-saldirilari-ateskes-icin-ciddi-muzakerelere-geri-donulmesi-cagrisinda-bulunuyoruz\/","og_locale":"tr_TR","og_type":"article","og_title":"Almanya D\u0131\u015fi\u015fleri Bakan\u0131 Wadephul: \"(\u0130srail'in Gazze sald\u0131r\u0131lar\u0131) Ate\u015fkes i\u00e7in ciddi m\u00fczakerelere geri d\u00f6n\u00fclmesi \u00e7a\u011fr\u0131s\u0131nda bulunuyoruz\" - Memurun Sesi","og_description":"Almanya D\u0131\u015fi\u015fleri Bakan\u0131 Johann Wadephul, g\u00f6reve gelmesinin ard\u0131ndan \u0130srail&#8217;e resmi ziyaret d\u00fczenledi. \u0130srail D\u0131\u015fi\u015fleri Bakan\u0131 Gideon Saar ile bir araya gelen Wadephul, \u0130srail&#8217;in Gazze \u015eeridi&#8217;ne y\u00f6nelik devam eden sald\u0131r\u0131lar\u0131n\u0131 ele\u015ftirdi. Wadephul, Gazze&#8217;deki \u00e7at\u0131\u015fman\u0131n askeri yollarla \u00e7\u00f6z\u00fclemeyece\u011fini ve sava\u015f\u0131 kal\u0131c\u0131 olarak sona erdirmek i\u00e7in siyasi bir \u00e7\u00f6z\u00fcm bulunmas\u0131 gerekti\u011fini s\u00f6yledi. &#8220;Ate\u015fkes i\u00e7in ciddi m\u00fczakerelere geri d\u00f6n\u00fclmesi [&hellip;]","og_url":"https:\/\/memurunsesi.net\/index.php\/2025\/05\/11\/almanya-disisleri-bakani-wadephul-israilin-gazze-saldirilari-ateskes-icin-ciddi-muzakerelere-geri-donulmesi-cagrisinda-bulunuyoruz\/","og_site_name":"Memurun Sesi","article_publisher":"https:\/\/www.facebook.com\/unipersen\/?locale=tr_TR","article_published_time":"2025-05-11T16:33:36+00:00","og_image":[{"width":2560,"height":1707,"url":"https:\/\/memurunsesi.net\/wp-content\/uploads\/2025\/05\/AW452349_01-scaled.jpg","type":"image\/jpeg"}],"author":"Memurun Sesi Haber Merkezi","twitter_card":"summary_large_image","twitter_creator":"@unipersen","twitter_site":"@unipersen","twitter_misc":{"Yazan:":"Memurun Sesi Haber Merkezi","Tahmini okuma s\u00fcresi":"1 dakika"},"schema":{"@context":"https:\/\/schema.org","@graph":[{"@type":"Article","@id":"https:\/\/memurunsesi.net\/index.php\/2025\/05\/11\/almanya-disisleri-bakani-wadephul-israilin-gazze-saldirilari-ateskes-icin-ciddi-muzakerelere-geri-donulmesi-cagrisinda-bulunuyoruz\/#article","isPartOf":{"@id":"https:\/\/memurunsesi.net\/index.php\/2025\/05\/11\/almanya-disisleri-bakani-wadephul-israilin-gazze-saldirilari-ateskes-icin-ciddi-muzakerelere-geri-donulmesi-cagrisinda-bulunuyoruz\/"},"author":{"name":"Memurun Sesi Haber Merkezi","@id":"https:\/\/memurunsesi.net\/#\/schema\/person\/f21c2d73b89f6ee1d80b0a1803e38587"},"headline":"Almanya D\u0131\u015fi\u015fleri Bakan\u0131 Wadephul: &#8220;(\u0130srail&#8217;in Gazze sald\u0131r\u0131lar\u0131) Ate\u015fkes i\u00e7in ciddi m\u00fczakerelere geri d\u00f6n\u00fclmesi \u00e7a\u011fr\u0131s\u0131nda bulunuyoruz&#8221;","datePublished":"2025-05-11T16:33:36+00:00","mainEntityOfPage":{"@id":"https:\/\/memurunsesi.net\/index.php\/2025\/05\/11\/almanya-disisleri-bakani-wadephul-israilin-gazze-saldirilari-ateskes-icin-ciddi-muzakerelere-geri-donulmesi-cagrisinda-bulunuyoruz\/"},"wordCount":265,"commentCount":0,"publisher":{"@id":"https:\/\/memurunsesi.net\/#organization"},"image":{"@id":"https:\/\/memurunsesi.net\/index.php\/2025\/05\/11\/almanya-disisleri-bakani-wadephul-israilin-gazze-saldirilari-ateskes-icin-ciddi-muzakerelere-geri-donulmesi-cagrisinda-bulunuyoruz\/#primaryimage"},"thumbnailUrl":"https:\/\/memurunsesi.net\/wp-content\/uploads\/2025\/05\/AW452349_01-scaled.jpg","inLanguage":"tr","potentialAction":[{"@type":"CommentAction","name":"Comment","target":["https:\/\/memurunsesi.net\/index.php\/2025\/05\/11\/almanya-disisleri-bakani-wadephul-israilin-gazze-saldirilari-ateskes-icin-ciddi-muzakerelere-geri-donulmesi-cagrisinda-bulunuyoruz\/#respond"]}]},{"@type":"WebPage","@id":"https:\/\/memurunsesi.net\/index.php\/2025\/05\/11\/almanya-disisleri-bakani-wadephul-israilin-gazze-saldirilari-ateskes-icin-ciddi-muzakerelere-geri-donulmesi-cagrisinda-bulunuyoruz\/","url":"https:\/\/memurunsesi.net\/index.php\/2025\/05\/11\/almanya-disisleri-bakani-wadephul-israilin-gazze-saldirilari-ateskes-icin-ciddi-muzakerelere-geri-donulmesi-cagrisinda-bulunuyoruz\/","name":"Almanya D\u0131\u015fi\u015fleri Bakan\u0131 Wadephul: \"(\u0130srail'in Gazze sald\u0131r\u0131lar\u0131) Ate\u015fkes i\u00e7in ciddi m\u00fczakerelere geri d\u00f6n\u00fclmesi \u00e7a\u011fr\u0131s\u0131nda bulunuyoruz\" - Memurun Sesi","isPartOf":{"@id":"https:\/\/memurunsesi.net\/#website"},"primaryImageOfPage":{"@id":"https:\/\/memurunsesi.net\/index.php\/2025\/05\/11\/almanya-disisleri-bakani-wadephul-israilin-gazze-saldirilari-ateskes-icin-ciddi-muzakerelere-geri-donulmesi-cagrisinda-bulunuyoruz\/#primaryimage"},"image":{"@id":"https:\/\/memurunsesi.net\/index.php\/2025\/05\/11\/almanya-disisleri-bakani-wadephul-israilin-gazze-saldirilari-ateskes-icin-ciddi-muzakerelere-geri-donulmesi-cagrisinda-bulunuyoruz\/#primaryimage"},"thumbnailUrl":"https:\/\/memurunsesi.net\/wp-content\/uploads\/2025\/05\/AW452349_01-scaled.jpg","datePublished":"2025-05-11T16:33:36+00:00","breadcrumb":{"@id":"https:\/\/memurunsesi.net\/index.php\/2025\/05\/11\/almanya-disisleri-bakani-wadephul-israilin-gazze-saldirilari-ateskes-icin-ciddi-muzakerelere-geri-donulmesi-cagrisinda-bulunuyoruz\/#breadcrumb"},"inLanguage":"tr","potentialAction":[{"@type":"ReadAction","target":["https:\/\/memurunsesi.net\/index.php\/2025\/05\/11\/almanya-disisleri-bakani-wadephul-israilin-gazze-saldirilari-ateskes-icin-ciddi-muzakerelere-geri-donulmesi-cagrisinda-bulunuyoruz\/"]}]},{"@type":"ImageObject","inLanguage":"tr","@id":"https:\/\/memurunsesi.net\/index.php\/2025\/05\/11\/almanya-disisleri-bakani-wadephul-israilin-gazze-saldirilari-ateskes-icin-ciddi-muzakerelere-geri-donulmesi-cagrisinda-bulunuyoruz\/#primaryimage","url":"https:\/\/memurunsesi.net\/wp-content\/uploads\/2025\/05\/AW452349_01-scaled.jpg","contentUrl":"https:\/\/memurunsesi.net\/wp-content\/uploads\/2025\/05\/AW452349_01-scaled.jpg","width":2560,"height":1707,"caption":"epa12090295 German Foreign Minister Johann Wadephul addresses the media after attending a ceremony at Israel's Yad Vashem Holocaust Memorial Museum in Jerusalem, 11 May 2025. The German foreign minister is on a Middle East trip for talks with Israeli and Palestinian officials. EPA-EFE\/ABIR SULTAN"},{"@type":"BreadcrumbList","@id":"https:\/\/memurunsesi.net\/index.php\/2025\/05\/11\/almanya-disisleri-bakani-wadephul-israilin-gazze-saldirilari-ateskes-icin-ciddi-muzakerelere-geri-donulmesi-cagrisinda-bulunuyoruz\/#breadcrumb","itemListElement":[{"@type":"ListItem","position":1,"name":"Anasayfa","item":"https:\/\/memurunsesi.net\/"},{"@type":"ListItem","position":2,"name":"Almanya D\u0131\u015fi\u015fleri Bakan\u0131 Wadephul: &#8220;(\u0130srail&#8217;in Gazze sald\u0131r\u0131lar\u0131) Ate\u015fkes i\u00e7in ciddi m\u00fczakerelere geri d\u00f6n\u00fclmesi \u00e7a\u011fr\u0131s\u0131nda bulunuyoruz&#8221;"}]},{"@type":"WebSite","@id":"https:\/\/memurunsesi.net\/#website","url":"https:\/\/memurunsesi.net\/","name":"Memurun Sesi","description":"G\u00fcncel ve Do\u011fru Haber","publisher":{"@id":"https:\/\/memurunsesi.net\/#organization"},"potentialAction":[{"@type":"SearchAction","target":{"@type":"EntryPoint","urlTemplate":"https:\/\/memurunsesi.net\/?s={search_term_string}"},"query-input":{"@type":"PropertyValueSpecification","valueRequired":true,"valueName":"search_term_string"}}],"inLanguage":"tr"},{"@type":"Organization","@id":"https:\/\/memurunsesi.net\/#organization","name":"Memurun Sesi","url":"https:\/\/memurunsesi.net\/","logo":{"@type":"ImageObject","inLanguage":"tr","@id":"https:\/\/memurunsesi.net\/#\/schema\/logo\/image\/","url":"https:\/\/memurunsesi.net\/wp-content\/uploads\/2025\/11\/cropped-MEMURUN-SESI.png","contentUrl":"https:\/\/memurunsesi.net\/wp-content\/uploads\/2025\/11\/cropped-MEMURUN-SESI.png","width":238,"height":57,"caption":"Memurun Sesi"},"image":{"@id":"https:\/\/memurunsesi.net\/#\/schema\/logo\/image\/"},"sameAs":["https:\/\/www.facebook.com\/unipersen\/?locale=tr_TR","https:\/\/x.com\/unipersen"]},{"@type":"Person","@id":"https:\/\/memurunsesi.net\/#\/schema\/person\/f21c2d73b89f6ee1d80b0a1803e38587","name":"Memurun Sesi Haber Merkezi","image":{"@type":"ImageObject","inLanguage":"tr","@id":"https:\/\/secure.gravatar.com\/avatar\/6cf0505f452ee753f485014986fab09a434671d2b919ee76fc541025c5876a70?s=96&d=mm&r=g","url":"https:\/\/secure.gravatar.com\/avatar\/6cf0505f452ee753f485014986fab09a434671d2b919ee76fc541025c5876a70?s=96&d=mm&r=g","contentUrl":"https:\/\/secure.gravatar.com\/avatar\/6cf0505f452ee753f485014986fab09a434671d2b919ee76fc541025c5876a70?s=96&d=mm&r=g","caption":"Memurun Sesi Haber Merkezi"},"sameAs":["https:\/\/memurunsesi.net"],"url":"https:\/\/memurunsesi.net\/index.php\/author\/uniper\/"}]}},"_links":{"self":[{"href":"https:\/\/memurunsesi.net\/index.php\/wp-json\/wp\/v2\/posts\/6803","targetHints":{"allow":["GET"]}}],"collection":[{"href":"https:\/\/memurunsesi.net\/index.php\/wp-json\/wp\/v2\/posts"}],"about":[{"href":"https:\/\/memurunsesi.net\/index.php\/wp-json\/wp\/v2\/types\/post"}],"author":[{"embeddable":true,"href":"https:\/\/memurunsesi.net\/index.php\/wp-json\/wp\/v2\/users\/1"}],"replies":[{"embeddable":true,"href":"https:\/\/memurunsesi.net\/index.php\/wp-json\/wp\/v2\/comments?post=6803"}],"version-history":[{"count":1,"href":"https:\/\/memurunsesi.net\/index.php\/wp-json\/wp\/v2\/posts\/6803\/revisions"}],"predecessor-version":[{"id":6805,"href":"https:\/\/memurunsesi.net\/index.php\/wp-json\/wp\/v2\/posts\/6803\/revisions\/6805"}],"wp:featuredmedia":[{"embeddable":true,"href":"https:\/\/memurunsesi.net\/index.php\/wp-json\/wp\/v2\/media\/6804"}],"wp:attachment":[{"href":"https:\/\/memurunsesi.net\/index.php\/wp-json\/wp\/v2\/media?parent=6803"}],"wp:term":[{"taxonomy":"category","embeddable":true,"href":"https:\/\/memurunsesi.net\/index.php\/wp-json\/wp\/v2\/categories?post=6803"},{"taxonomy":"post_tag","embeddable":true,"href":"https:\/\/memurunsesi.net\/index.php\/wp-json\/wp\/v2\/tags?post=6803"}],"curies":[{"name":"wp","href":"https:\/\/api.w.org\/{rel}","templated":true}]}}