{"id":6806,"date":"2025-05-11T19:36:35","date_gmt":"2025-05-11T16:36:35","guid":{"rendered":"https:\/\/memurunsesi.net\/?p=6806"},"modified":"2025-05-11T19:36:35","modified_gmt":"2025-05-11T16:36:35","slug":"deniz-kuvvetleri-komutanliginin-denizkurdu-2025-tatbikati-hazirlik-ucuslari-basariyla-suruyor","status":"publish","type":"post","link":"https:\/\/memurunsesi.net\/index.php\/2025\/05\/11\/deniz-kuvvetleri-komutanliginin-denizkurdu-2025-tatbikati-hazirlik-ucuslari-basariyla-suruyor\/","title":{"rendered":"Deniz Kuvvetleri Komutanl\u0131\u011f\u0131\u2019n\u0131n \u2018Denizkurdu-2025\u2019 tatbikat\u0131 haz\u0131rl\u0131k u\u00e7u\u015flar\u0131 ba\u015far\u0131yla s\u00fcr\u00fcyor"},"content":{"rendered":"<p>    Deniz Kuvvetleri Komutanl\u0131\u011f\u0131 taraf\u0131ndan icra edilen Denizkurdu-2025 Tatbikat\u0131 kapsam\u0131nda 2 adet Bayraktar TB3 S\u0130HA haz\u0131rl\u0131k u\u00e7u\u015flar\u0131na ba\u015far\u0131yla devam ediyor. Tatbikatta TCG Anadolu\u2019da ilk kez iki milli S\u0130HA ayn\u0131 anda konu\u015flan\u0131rken, Baykar Y\u00f6netim Kurulu Ba\u015fkan\u0131 Sel\u00e7uk Bayraktar ve Deniz Kuvvetleri Komutan\u0131 Oramiral Erc\u00fcment Tatl\u0131o\u011flu gemide g\u00f6zlemde bulundu.<br \/>\n  Deniz Kuvvetleri Komutanl\u0131\u011f\u0131n\u0131n Denizkurdu-2025 Tatbikat\u0131 kapsam\u0131nda 9 May\u0131s tarihinde Ke\u015fan\u2019dan havalanan PT-3 ve PT-4 kuyruk numaral\u0131 iki Bayraktar TB3 S\u0130HA, TCG Anadolu gemisine intikal ederek konu\u015fland\u0131. Konu\u015flanman\u0131n ard\u0131ndan gemi \u00fczerinde m\u00fchimmat y\u00fckleme testleri yap\u0131ld\u0131. 2 adet S\u0130HA art arda kalk\u0131\u015f ve ini\u015f ger\u00e7ekle\u015ftirilirken, kontrol s\u00fcre\u00e7leri e\u015f zamanl\u0131 olarak TCG Anadolu \u00fczerindeki Yer Kontrol \u0130stasyonu (YK\u0130) arac\u0131l\u0131\u011f\u0131yla y\u00fcr\u00fct\u00fcl\u00fclor. T\u00fcm kalk\u0131\u015f ve ini\u015fler, Baykar taraf\u0131ndan geli\u015ftirilen yapay zeka destekli g\u00f6rev algoritmalar\u0131 ile tam otonom \u015fekilde ger\u00e7ekle\u015ftiriliyor.<br \/>\n  Tatbikat kapsam\u0131nda PT-3 ve PT-4 kuyruk numaral\u0131 Bayraktar TB3 S\u0130HA&#8217;lar, iki\u015fer adet MAM-L ile kara hedeflerine salvo at\u0131\u015f\u0131 ger\u00e7ekle\u015ftirecek. At\u0131\u015flar sonras\u0131 Bayraktar TB3 S\u0130HA&#8217;lar, TCG Anadolu \u00e7evresinde kol u\u00e7u\u015fu ve selamlama ge\u00e7i\u015fi icra edecek. Bu g\u00f6revler, 14 May\u0131s&#8217;ta d\u00fczenlenecek Se\u00e7kin G\u00f6zlemci G\u00fcn\u00fc kapsam\u0131nda tatbikat senaryosunun bir par\u00e7as\u0131 olarak ger\u00e7ekle\u015ftirilecek. <\/p>\n<p>  TCG Anadolu\u2019da ilk kez iki milli S\u0130HA ayn\u0131 anda konu\u015fland\u0131<br \/>\n  D\u00fcnya havac\u0131l\u0131k tarihinde k\u0131sa pistli bir gemiden tam otonom kalk\u0131\u015f ve ini\u015f yapan ilk S\u0130HA olan Bayraktar TB3, 22 Nisan\u2019dan itibaren TCG Anadolu gemisinde Saros K\u00f6rfezi a\u00e7\u0131klar\u0131nda y\u00fcr\u00fct\u00fclen testlerde toplam 24 sorti ger\u00e7ekle\u015ftirdi. 25 Nisan&#8217;da Ke\u015fan\u2019dan kalk\u0131\u015f yapan 4. prototip TB3 (PT-4) ilk kez gemiye ini\u015f yaparak test s\u00fcrecine kat\u0131ld\u0131. B\u00f6ylece TCG Anadolu\u2019da ilk kez iki milli S\u0130HA ayn\u0131 anda konu\u015fland\u0131. Testleri Baykar Y\u00f6netim Kurulu Ba\u015fkan\u0131 Sel\u00e7uk Bayraktar yerinde takip ederken, Deniz Kuvvetleri Komutan\u0131 Oramiral Erc\u00fcment Tatl\u0131o\u011flu da gemide g\u00f6zlemde bulundu. <\/p>\n<p>11.05.2025 1                                <\/p>\n","protected":false},"excerpt":{"rendered":"<p>Deniz Kuvvetleri Komutanl\u0131\u011f\u0131 taraf\u0131ndan icra edilen Denizkurdu-2025 Tatbikat\u0131 kapsam\u0131nda 2 adet Bayraktar TB3 S\u0130HA haz\u0131rl\u0131k u\u00e7u\u015flar\u0131na ba\u015far\u0131yla devam ediyor. Tatbikatta TCG Anadolu\u2019da ilk kez iki milli S\u0130HA ayn\u0131 anda konu\u015flan\u0131rken, Baykar Y\u00f6netim Kurulu Ba\u015fkan\u0131 Sel\u00e7uk Bayraktar ve Deniz Kuvvetleri Komutan\u0131 Oramiral Erc\u00fcment Tatl\u0131o\u011flu gemide g\u00f6zlemde bulundu. Deniz Kuvvetleri Komutanl\u0131\u011f\u0131n\u0131n Denizkurdu-2025 Tatbikat\u0131 kapsam\u0131nda 9 May\u0131s tarihinde [&hellip;]<\/p>\n","protected":false},"author":1,"featured_media":6807,"comment_status":"open","ping_status":"open","sticky":false,"template":"","format":"standard","meta":{"footnotes":""},"categories":[1],"tags":[],"class_list":["post-6806","post","type-post","status-publish","format-standard","has-post-thumbnail","hentry","category-genel"],"yoast_head":"<!-- This site is optimized with the Yoast SEO plugin v27.4 - https:\/\/yoast.com\/product\/yoast-seo-wordpress\/ -->\n<title>Deniz Kuvvetleri Komutanl\u0131\u011f\u0131\u2019n\u0131n \u2018Denizkurdu-2025\u2019 tatbikat\u0131 haz\u0131rl\u0131k u\u00e7u\u015flar\u0131 ba\u015far\u0131yla s\u00fcr\u00fcyor - Memurun Sesi<\/title>\n<meta name=\"robots\" content=\"index, follow, max-snippet:-1, max-image-preview:large, max-video-preview:-1\" \/>\n<link rel=\"canonical\" href=\"https:\/\/memurunsesi.net\/index.php\/2025\/05\/11\/deniz-kuvvetleri-komutanliginin-denizkurdu-2025-tatbikati-hazirlik-ucuslari-basariyla-suruyor\/\" \/>\n<meta property=\"og:locale\" content=\"tr_TR\" \/>\n<meta property=\"og:type\" content=\"article\" \/>\n<meta property=\"og:title\" content=\"Deniz Kuvvetleri Komutanl\u0131\u011f\u0131\u2019n\u0131n \u2018Denizkurdu-2025\u2019 tatbikat\u0131 haz\u0131rl\u0131k u\u00e7u\u015flar\u0131 ba\u015far\u0131yla s\u00fcr\u00fcyor - Memurun Sesi\" \/>\n<meta property=\"og:description\" content=\"Deniz Kuvvetleri Komutanl\u0131\u011f\u0131 taraf\u0131ndan icra edilen Denizkurdu-2025 Tatbikat\u0131 kapsam\u0131nda 2 adet Bayraktar TB3 S\u0130HA haz\u0131rl\u0131k u\u00e7u\u015flar\u0131na ba\u015far\u0131yla devam ediyor. Tatbikatta TCG Anadolu\u2019da ilk kez iki milli S\u0130HA ayn\u0131 anda konu\u015flan\u0131rken, Baykar Y\u00f6netim Kurulu Ba\u015fkan\u0131 Sel\u00e7uk Bayraktar ve Deniz Kuvvetleri Komutan\u0131 Oramiral Erc\u00fcment Tatl\u0131o\u011flu gemide g\u00f6zlemde bulundu. Deniz Kuvvetleri Komutanl\u0131\u011f\u0131n\u0131n Denizkurdu-2025 Tatbikat\u0131 kapsam\u0131nda 9 May\u0131s tarihinde [&hellip;]\" \/>\n<meta property=\"og:url\" content=\"https:\/\/memurunsesi.net\/index.php\/2025\/05\/11\/deniz-kuvvetleri-komutanliginin-denizkurdu-2025-tatbikati-hazirlik-ucuslari-basariyla-suruyor\/\" \/>\n<meta property=\"og:site_name\" content=\"Memurun Sesi\" \/>\n<meta property=\"article:publisher\" content=\"https:\/\/www.facebook.com\/unipersen\/?locale=tr_TR\" \/>\n<meta property=\"article:published_time\" content=\"2025-05-11T16:36:35+00:00\" \/>\n<meta property=\"og:image\" content=\"https:\/\/memurunsesi.net\/wp-content\/uploads\/2025\/05\/AW452175_02-scaled.jpg\" \/>\n\t<meta property=\"og:image:width\" content=\"2560\" \/>\n\t<meta property=\"og:image:height\" content=\"1706\" \/>\n\t<meta property=\"og:image:type\" content=\"image\/jpeg\" \/>\n<meta name=\"author\" content=\"Memurun Sesi Haber Merkezi\" \/>\n<meta name=\"twitter:card\" content=\"summary_large_image\" \/>\n<meta name=\"twitter:creator\" content=\"@unipersen\" \/>\n<meta name=\"twitter:site\" content=\"@unipersen\" \/>\n<meta name=\"twitter:label1\" content=\"Yazan:\" \/>\n\t<meta name=\"twitter:data1\" content=\"Memurun Sesi Haber Merkezi\" \/>\n\t<meta name=\"twitter:label2\" content=\"Tahmini okuma s\u00fcresi\" \/>\n\t<meta name=\"twitter:data2\" content=\"1 dakika\" \/>\n<script type=\"application\/ld+json\" class=\"yoast-schema-graph\">{\"@context\":\"https:\\\/\\\/schema.org\",\"@graph\":[{\"@type\":\"Article\",\"@id\":\"https:\\\/\\\/memurunsesi.net\\\/index.php\\\/2025\\\/05\\\/11\\\/deniz-kuvvetleri-komutanliginin-denizkurdu-2025-tatbikati-hazirlik-ucuslari-basariyla-suruyor\\\/#article\",\"isPartOf\":{\"@id\":\"https:\\\/\\\/memurunsesi.net\\\/index.php\\\/2025\\\/05\\\/11\\\/deniz-kuvvetleri-komutanliginin-denizkurdu-2025-tatbikati-hazirlik-ucuslari-basariyla-suruyor\\\/\"},\"author\":{\"name\":\"Memurun Sesi Haber Merkezi\",\"@id\":\"https:\\\/\\\/memurunsesi.net\\\/#\\\/schema\\\/person\\\/f21c2d73b89f6ee1d80b0a1803e38587\"},\"headline\":\"Deniz Kuvvetleri Komutanl\u0131\u011f\u0131\u2019n\u0131n \u2018Denizkurdu-2025\u2019 tatbikat\u0131 haz\u0131rl\u0131k u\u00e7u\u015flar\u0131 ba\u015far\u0131yla s\u00fcr\u00fcyor\",\"datePublished\":\"2025-05-11T16:36:35+00:00\",\"mainEntityOfPage\":{\"@id\":\"https:\\\/\\\/memurunsesi.net\\\/index.php\\\/2025\\\/05\\\/11\\\/deniz-kuvvetleri-komutanliginin-denizkurdu-2025-tatbikati-hazirlik-ucuslari-basariyla-suruyor\\\/\"},\"wordCount\":381,\"commentCount\":0,\"publisher\":{\"@id\":\"https:\\\/\\\/memurunsesi.net\\\/#organization\"},\"image\":{\"@id\":\"https:\\\/\\\/memurunsesi.net\\\/index.php\\\/2025\\\/05\\\/11\\\/deniz-kuvvetleri-komutanliginin-denizkurdu-2025-tatbikati-hazirlik-ucuslari-basariyla-suruyor\\\/#primaryimage\"},\"thumbnailUrl\":\"https:\\\/\\\/memurunsesi.net\\\/wp-content\\\/uploads\\\/2025\\\/05\\\/AW452175_02-scaled.jpg\",\"inLanguage\":\"tr\",\"potentialAction\":[{\"@type\":\"CommentAction\",\"name\":\"Comment\",\"target\":[\"https:\\\/\\\/memurunsesi.net\\\/index.php\\\/2025\\\/05\\\/11\\\/deniz-kuvvetleri-komutanliginin-denizkurdu-2025-tatbikati-hazirlik-ucuslari-basariyla-suruyor\\\/#respond\"]}]},{\"@type\":\"WebPage\",\"@id\":\"https:\\\/\\\/memurunsesi.net\\\/index.php\\\/2025\\\/05\\\/11\\\/deniz-kuvvetleri-komutanliginin-denizkurdu-2025-tatbikati-hazirlik-ucuslari-basariyla-suruyor\\\/\",\"url\":\"https:\\\/\\\/memurunsesi.net\\\/index.php\\\/2025\\\/05\\\/11\\\/deniz-kuvvetleri-komutanliginin-denizkurdu-2025-tatbikati-hazirlik-ucuslari-basariyla-suruyor\\\/\",\"name\":\"Deniz Kuvvetleri Komutanl\u0131\u011f\u0131\u2019n\u0131n \u2018Denizkurdu-2025\u2019 tatbikat\u0131 haz\u0131rl\u0131k u\u00e7u\u015flar\u0131 ba\u015far\u0131yla s\u00fcr\u00fcyor - Memurun Sesi\",\"isPartOf\":{\"@id\":\"https:\\\/\\\/memurunsesi.net\\\/#website\"},\"primaryImageOfPage\":{\"@id\":\"https:\\\/\\\/memurunsesi.net\\\/index.php\\\/2025\\\/05\\\/11\\\/deniz-kuvvetleri-komutanliginin-denizkurdu-2025-tatbikati-hazirlik-ucuslari-basariyla-suruyor\\\/#primaryimage\"},\"image\":{\"@id\":\"https:\\\/\\\/memurunsesi.net\\\/index.php\\\/2025\\\/05\\\/11\\\/deniz-kuvvetleri-komutanliginin-denizkurdu-2025-tatbikati-hazirlik-ucuslari-basariyla-suruyor\\\/#primaryimage\"},\"thumbnailUrl\":\"https:\\\/\\\/memurunsesi.net\\\/wp-content\\\/uploads\\\/2025\\\/05\\\/AW452175_02-scaled.jpg\",\"datePublished\":\"2025-05-11T16:36:35+00:00\",\"breadcrumb\":{\"@id\":\"https:\\\/\\\/memurunsesi.net\\\/index.php\\\/2025\\\/05\\\/11\\\/deniz-kuvvetleri-komutanliginin-denizkurdu-2025-tatbikati-hazirlik-ucuslari-basariyla-suruyor\\\/#breadcrumb\"},\"inLanguage\":\"tr\",\"potentialAction\":[{\"@type\":\"ReadAction\",\"target\":[\"https:\\\/\\\/memurunsesi.net\\\/index.php\\\/2025\\\/05\\\/11\\\/deniz-kuvvetleri-komutanliginin-denizkurdu-2025-tatbikati-hazirlik-ucuslari-basariyla-suruyor\\\/\"]}]},{\"@type\":\"ImageObject\",\"inLanguage\":\"tr\",\"@id\":\"https:\\\/\\\/memurunsesi.net\\\/index.php\\\/2025\\\/05\\\/11\\\/deniz-kuvvetleri-komutanliginin-denizkurdu-2025-tatbikati-hazirlik-ucuslari-basariyla-suruyor\\\/#primaryimage\",\"url\":\"https:\\\/\\\/memurunsesi.net\\\/wp-content\\\/uploads\\\/2025\\\/05\\\/AW452175_02-scaled.jpg\",\"contentUrl\":\"https:\\\/\\\/memurunsesi.net\\\/wp-content\\\/uploads\\\/2025\\\/05\\\/AW452175_02-scaled.jpg\",\"width\":2560,\"height\":1706,\"caption\":\"DEN\u0130Z KUVVETLER\u0130 KOMUTANLI\u011eI'NIN 'DEN\u0130ZKURDU-2025' TATB\u0130KATI HAZIRLIK U\u00c7U\u015eLARI BA\u015eARIYLA S\u00dcR\u00dcYOR (Z\u00d6HRE ALAG\u00d6Z\\\/\u0130STANBUL-\u0130HA) Deniz Kuvvetleri Komutanl\u0131\u011f\u0131 taraf\u0131ndan icra edilen Denizkurdu-2025 Tatbikat\u0131 kapsam\u0131nda 2 adet Bayraktar TB3 S\u0130HA haz\u0131rl\u0131k u\u00e7u\u015flar\u0131na ba\u015far\u0131yla devam ediyor. Tatbikatta TCG Anadolu'da ilk kez iki milli S\u0130HA ayn\u0131 anda konu\u015flan\u0131rken, Baykar Y\u00f6netim Kurulu Ba\u015fkan\u0131 Sel\u00e7uk Bayraktar ve Deniz Kuvvetleri Komutan\u0131 Oramiral Erc\u00fcment Tatl\u0131o\u011flu gemide g\u00f6zlemde bulundu.\"},{\"@type\":\"BreadcrumbList\",\"@id\":\"https:\\\/\\\/memurunsesi.net\\\/index.php\\\/2025\\\/05\\\/11\\\/deniz-kuvvetleri-komutanliginin-denizkurdu-2025-tatbikati-hazirlik-ucuslari-basariyla-suruyor\\\/#breadcrumb\",\"itemListElement\":[{\"@type\":\"ListItem\",\"position\":1,\"name\":\"Anasayfa\",\"item\":\"https:\\\/\\\/memurunsesi.net\\\/\"},{\"@type\":\"ListItem\",\"position\":2,\"name\":\"Deniz Kuvvetleri Komutanl\u0131\u011f\u0131\u2019n\u0131n \u2018Denizkurdu-2025\u2019 tatbikat\u0131 haz\u0131rl\u0131k u\u00e7u\u015flar\u0131 ba\u015far\u0131yla s\u00fcr\u00fcyor\"}]},{\"@type\":\"WebSite\",\"@id\":\"https:\\\/\\\/memurunsesi.net\\\/#website\",\"url\":\"https:\\\/\\\/memurunsesi.net\\\/\",\"name\":\"Memurun Sesi\",\"description\":\"G\u00fcncel ve Do\u011fru Haber\",\"publisher\":{\"@id\":\"https:\\\/\\\/memurunsesi.net\\\/#organization\"},\"potentialAction\":[{\"@type\":\"SearchAction\",\"target\":{\"@type\":\"EntryPoint\",\"urlTemplate\":\"https:\\\/\\\/memurunsesi.net\\\/?s={search_term_string}\"},\"query-input\":{\"@type\":\"PropertyValueSpecification\",\"valueRequired\":true,\"valueName\":\"search_term_string\"}}],\"inLanguage\":\"tr\"},{\"@type\":\"Organization\",\"@id\":\"https:\\\/\\\/memurunsesi.net\\\/#organization\",\"name\":\"Memurun Sesi\",\"url\":\"https:\\\/\\\/memurunsesi.net\\\/\",\"logo\":{\"@type\":\"ImageObject\",\"inLanguage\":\"tr\",\"@id\":\"https:\\\/\\\/memurunsesi.net\\\/#\\\/schema\\\/logo\\\/image\\\/\",\"url\":\"https:\\\/\\\/memurunsesi.net\\\/wp-content\\\/uploads\\\/2025\\\/11\\\/cropped-MEMURUN-SESI.png\",\"contentUrl\":\"https:\\\/\\\/memurunsesi.net\\\/wp-content\\\/uploads\\\/2025\\\/11\\\/cropped-MEMURUN-SESI.png\",\"width\":238,\"height\":57,\"caption\":\"Memurun Sesi\"},\"image\":{\"@id\":\"https:\\\/\\\/memurunsesi.net\\\/#\\\/schema\\\/logo\\\/image\\\/\"},\"sameAs\":[\"https:\\\/\\\/www.facebook.com\\\/unipersen\\\/?locale=tr_TR\",\"https:\\\/\\\/x.com\\\/unipersen\"]},{\"@type\":\"Person\",\"@id\":\"https:\\\/\\\/memurunsesi.net\\\/#\\\/schema\\\/person\\\/f21c2d73b89f6ee1d80b0a1803e38587\",\"name\":\"Memurun Sesi Haber Merkezi\",\"image\":{\"@type\":\"ImageObject\",\"inLanguage\":\"tr\",\"@id\":\"https:\\\/\\\/secure.gravatar.com\\\/avatar\\\/6cf0505f452ee753f485014986fab09a434671d2b919ee76fc541025c5876a70?s=96&d=mm&r=g\",\"url\":\"https:\\\/\\\/secure.gravatar.com\\\/avatar\\\/6cf0505f452ee753f485014986fab09a434671d2b919ee76fc541025c5876a70?s=96&d=mm&r=g\",\"contentUrl\":\"https:\\\/\\\/secure.gravatar.com\\\/avatar\\\/6cf0505f452ee753f485014986fab09a434671d2b919ee76fc541025c5876a70?s=96&d=mm&r=g\",\"caption\":\"Memurun Sesi Haber Merkezi\"},\"sameAs\":[\"https:\\\/\\\/memurunsesi.net\"],\"url\":\"https:\\\/\\\/memurunsesi.net\\\/index.php\\\/author\\\/uniper\\\/\"}]}<\/script>\n<!-- \/ Yoast SEO plugin. -->","yoast_head_json":{"title":"Deniz Kuvvetleri Komutanl\u0131\u011f\u0131\u2019n\u0131n \u2018Denizkurdu-2025\u2019 tatbikat\u0131 haz\u0131rl\u0131k u\u00e7u\u015flar\u0131 ba\u015far\u0131yla s\u00fcr\u00fcyor - Memurun Sesi","robots":{"index":"index","follow":"follow","max-snippet":"max-snippet:-1","max-image-preview":"max-image-preview:large","max-video-preview":"max-video-preview:-1"},"canonical":"https:\/\/memurunsesi.net\/index.php\/2025\/05\/11\/deniz-kuvvetleri-komutanliginin-denizkurdu-2025-tatbikati-hazirlik-ucuslari-basariyla-suruyor\/","og_locale":"tr_TR","og_type":"article","og_title":"Deniz Kuvvetleri Komutanl\u0131\u011f\u0131\u2019n\u0131n \u2018Denizkurdu-2025\u2019 tatbikat\u0131 haz\u0131rl\u0131k u\u00e7u\u015flar\u0131 ba\u015far\u0131yla s\u00fcr\u00fcyor - Memurun Sesi","og_description":"Deniz Kuvvetleri Komutanl\u0131\u011f\u0131 taraf\u0131ndan icra edilen Denizkurdu-2025 Tatbikat\u0131 kapsam\u0131nda 2 adet Bayraktar TB3 S\u0130HA haz\u0131rl\u0131k u\u00e7u\u015flar\u0131na ba\u015far\u0131yla devam ediyor. Tatbikatta TCG Anadolu\u2019da ilk kez iki milli S\u0130HA ayn\u0131 anda konu\u015flan\u0131rken, Baykar Y\u00f6netim Kurulu Ba\u015fkan\u0131 Sel\u00e7uk Bayraktar ve Deniz Kuvvetleri Komutan\u0131 Oramiral Erc\u00fcment Tatl\u0131o\u011flu gemide g\u00f6zlemde bulundu. Deniz Kuvvetleri Komutanl\u0131\u011f\u0131n\u0131n Denizkurdu-2025 Tatbikat\u0131 kapsam\u0131nda 9 May\u0131s tarihinde [&hellip;]","og_url":"https:\/\/memurunsesi.net\/index.php\/2025\/05\/11\/deniz-kuvvetleri-komutanliginin-denizkurdu-2025-tatbikati-hazirlik-ucuslari-basariyla-suruyor\/","og_site_name":"Memurun Sesi","article_publisher":"https:\/\/www.facebook.com\/unipersen\/?locale=tr_TR","article_published_time":"2025-05-11T16:36:35+00:00","og_image":[{"width":2560,"height":1706,"url":"https:\/\/memurunsesi.net\/wp-content\/uploads\/2025\/05\/AW452175_02-scaled.jpg","type":"image\/jpeg"}],"author":"Memurun Sesi Haber Merkezi","twitter_card":"summary_large_image","twitter_creator":"@unipersen","twitter_site":"@unipersen","twitter_misc":{"Yazan:":"Memurun Sesi Haber Merkezi","Tahmini okuma s\u00fcresi":"1 dakika"},"schema":{"@context":"https:\/\/schema.org","@graph":[{"@type":"Article","@id":"https:\/\/memurunsesi.net\/index.php\/2025\/05\/11\/deniz-kuvvetleri-komutanliginin-denizkurdu-2025-tatbikati-hazirlik-ucuslari-basariyla-suruyor\/#article","isPartOf":{"@id":"https:\/\/memurunsesi.net\/index.php\/2025\/05\/11\/deniz-kuvvetleri-komutanliginin-denizkurdu-2025-tatbikati-hazirlik-ucuslari-basariyla-suruyor\/"},"author":{"name":"Memurun Sesi Haber Merkezi","@id":"https:\/\/memurunsesi.net\/#\/schema\/person\/f21c2d73b89f6ee1d80b0a1803e38587"},"headline":"Deniz Kuvvetleri Komutanl\u0131\u011f\u0131\u2019n\u0131n \u2018Denizkurdu-2025\u2019 tatbikat\u0131 haz\u0131rl\u0131k u\u00e7u\u015flar\u0131 ba\u015far\u0131yla s\u00fcr\u00fcyor","datePublished":"2025-05-11T16:36:35+00:00","mainEntityOfPage":{"@id":"https:\/\/memurunsesi.net\/index.php\/2025\/05\/11\/deniz-kuvvetleri-komutanliginin-denizkurdu-2025-tatbikati-hazirlik-ucuslari-basariyla-suruyor\/"},"wordCount":381,"commentCount":0,"publisher":{"@id":"https:\/\/memurunsesi.net\/#organization"},"image":{"@id":"https:\/\/memurunsesi.net\/index.php\/2025\/05\/11\/deniz-kuvvetleri-komutanliginin-denizkurdu-2025-tatbikati-hazirlik-ucuslari-basariyla-suruyor\/#primaryimage"},"thumbnailUrl":"https:\/\/memurunsesi.net\/wp-content\/uploads\/2025\/05\/AW452175_02-scaled.jpg","inLanguage":"tr","potentialAction":[{"@type":"CommentAction","name":"Comment","target":["https:\/\/memurunsesi.net\/index.php\/2025\/05\/11\/deniz-kuvvetleri-komutanliginin-denizkurdu-2025-tatbikati-hazirlik-ucuslari-basariyla-suruyor\/#respond"]}]},{"@type":"WebPage","@id":"https:\/\/memurunsesi.net\/index.php\/2025\/05\/11\/deniz-kuvvetleri-komutanliginin-denizkurdu-2025-tatbikati-hazirlik-ucuslari-basariyla-suruyor\/","url":"https:\/\/memurunsesi.net\/index.php\/2025\/05\/11\/deniz-kuvvetleri-komutanliginin-denizkurdu-2025-tatbikati-hazirlik-ucuslari-basariyla-suruyor\/","name":"Deniz Kuvvetleri Komutanl\u0131\u011f\u0131\u2019n\u0131n \u2018Denizkurdu-2025\u2019 tatbikat\u0131 haz\u0131rl\u0131k u\u00e7u\u015flar\u0131 ba\u015far\u0131yla s\u00fcr\u00fcyor - Memurun Sesi","isPartOf":{"@id":"https:\/\/memurunsesi.net\/#website"},"primaryImageOfPage":{"@id":"https:\/\/memurunsesi.net\/index.php\/2025\/05\/11\/deniz-kuvvetleri-komutanliginin-denizkurdu-2025-tatbikati-hazirlik-ucuslari-basariyla-suruyor\/#primaryimage"},"image":{"@id":"https:\/\/memurunsesi.net\/index.php\/2025\/05\/11\/deniz-kuvvetleri-komutanliginin-denizkurdu-2025-tatbikati-hazirlik-ucuslari-basariyla-suruyor\/#primaryimage"},"thumbnailUrl":"https:\/\/memurunsesi.net\/wp-content\/uploads\/2025\/05\/AW452175_02-scaled.jpg","datePublished":"2025-05-11T16:36:35+00:00","breadcrumb":{"@id":"https:\/\/memurunsesi.net\/index.php\/2025\/05\/11\/deniz-kuvvetleri-komutanliginin-denizkurdu-2025-tatbikati-hazirlik-ucuslari-basariyla-suruyor\/#breadcrumb"},"inLanguage":"tr","potentialAction":[{"@type":"ReadAction","target":["https:\/\/memurunsesi.net\/index.php\/2025\/05\/11\/deniz-kuvvetleri-komutanliginin-denizkurdu-2025-tatbikati-hazirlik-ucuslari-basariyla-suruyor\/"]}]},{"@type":"ImageObject","inLanguage":"tr","@id":"https:\/\/memurunsesi.net\/index.php\/2025\/05\/11\/deniz-kuvvetleri-komutanliginin-denizkurdu-2025-tatbikati-hazirlik-ucuslari-basariyla-suruyor\/#primaryimage","url":"https:\/\/memurunsesi.net\/wp-content\/uploads\/2025\/05\/AW452175_02-scaled.jpg","contentUrl":"https:\/\/memurunsesi.net\/wp-content\/uploads\/2025\/05\/AW452175_02-scaled.jpg","width":2560,"height":1706,"caption":"DEN\u0130Z KUVVETLER\u0130 KOMUTANLI\u011eI'NIN 'DEN\u0130ZKURDU-2025' TATB\u0130KATI HAZIRLIK U\u00c7U\u015eLARI BA\u015eARIYLA S\u00dcR\u00dcYOR (Z\u00d6HRE ALAG\u00d6Z\/\u0130STANBUL-\u0130HA) Deniz Kuvvetleri Komutanl\u0131\u011f\u0131 taraf\u0131ndan icra edilen Denizkurdu-2025 Tatbikat\u0131 kapsam\u0131nda 2 adet Bayraktar TB3 S\u0130HA haz\u0131rl\u0131k u\u00e7u\u015flar\u0131na ba\u015far\u0131yla devam ediyor. Tatbikatta TCG Anadolu'da ilk kez iki milli S\u0130HA ayn\u0131 anda konu\u015flan\u0131rken, Baykar Y\u00f6netim Kurulu Ba\u015fkan\u0131 Sel\u00e7uk Bayraktar ve Deniz Kuvvetleri Komutan\u0131 Oramiral Erc\u00fcment Tatl\u0131o\u011flu gemide g\u00f6zlemde bulundu."},{"@type":"BreadcrumbList","@id":"https:\/\/memurunsesi.net\/index.php\/2025\/05\/11\/deniz-kuvvetleri-komutanliginin-denizkurdu-2025-tatbikati-hazirlik-ucuslari-basariyla-suruyor\/#breadcrumb","itemListElement":[{"@type":"ListItem","position":1,"name":"Anasayfa","item":"https:\/\/memurunsesi.net\/"},{"@type":"ListItem","position":2,"name":"Deniz Kuvvetleri Komutanl\u0131\u011f\u0131\u2019n\u0131n \u2018Denizkurdu-2025\u2019 tatbikat\u0131 haz\u0131rl\u0131k u\u00e7u\u015flar\u0131 ba\u015far\u0131yla s\u00fcr\u00fcyor"}]},{"@type":"WebSite","@id":"https:\/\/memurunsesi.net\/#website","url":"https:\/\/memurunsesi.net\/","name":"Memurun Sesi","description":"G\u00fcncel ve Do\u011fru Haber","publisher":{"@id":"https:\/\/memurunsesi.net\/#organization"},"potentialAction":[{"@type":"SearchAction","target":{"@type":"EntryPoint","urlTemplate":"https:\/\/memurunsesi.net\/?s={search_term_string}"},"query-input":{"@type":"PropertyValueSpecification","valueRequired":true,"valueName":"search_term_string"}}],"inLanguage":"tr"},{"@type":"Organization","@id":"https:\/\/memurunsesi.net\/#organization","name":"Memurun Sesi","url":"https:\/\/memurunsesi.net\/","logo":{"@type":"ImageObject","inLanguage":"tr","@id":"https:\/\/memurunsesi.net\/#\/schema\/logo\/image\/","url":"https:\/\/memurunsesi.net\/wp-content\/uploads\/2025\/11\/cropped-MEMURUN-SESI.png","contentUrl":"https:\/\/memurunsesi.net\/wp-content\/uploads\/2025\/11\/cropped-MEMURUN-SESI.png","width":238,"height":57,"caption":"Memurun Sesi"},"image":{"@id":"https:\/\/memurunsesi.net\/#\/schema\/logo\/image\/"},"sameAs":["https:\/\/www.facebook.com\/unipersen\/?locale=tr_TR","https:\/\/x.com\/unipersen"]},{"@type":"Person","@id":"https:\/\/memurunsesi.net\/#\/schema\/person\/f21c2d73b89f6ee1d80b0a1803e38587","name":"Memurun Sesi Haber Merkezi","image":{"@type":"ImageObject","inLanguage":"tr","@id":"https:\/\/secure.gravatar.com\/avatar\/6cf0505f452ee753f485014986fab09a434671d2b919ee76fc541025c5876a70?s=96&d=mm&r=g","url":"https:\/\/secure.gravatar.com\/avatar\/6cf0505f452ee753f485014986fab09a434671d2b919ee76fc541025c5876a70?s=96&d=mm&r=g","contentUrl":"https:\/\/secure.gravatar.com\/avatar\/6cf0505f452ee753f485014986fab09a434671d2b919ee76fc541025c5876a70?s=96&d=mm&r=g","caption":"Memurun Sesi Haber Merkezi"},"sameAs":["https:\/\/memurunsesi.net"],"url":"https:\/\/memurunsesi.net\/index.php\/author\/uniper\/"}]}},"_links":{"self":[{"href":"https:\/\/memurunsesi.net\/index.php\/wp-json\/wp\/v2\/posts\/6806","targetHints":{"allow":["GET"]}}],"collection":[{"href":"https:\/\/memurunsesi.net\/index.php\/wp-json\/wp\/v2\/posts"}],"about":[{"href":"https:\/\/memurunsesi.net\/index.php\/wp-json\/wp\/v2\/types\/post"}],"author":[{"embeddable":true,"href":"https:\/\/memurunsesi.net\/index.php\/wp-json\/wp\/v2\/users\/1"}],"replies":[{"embeddable":true,"href":"https:\/\/memurunsesi.net\/index.php\/wp-json\/wp\/v2\/comments?post=6806"}],"version-history":[{"count":1,"href":"https:\/\/memurunsesi.net\/index.php\/wp-json\/wp\/v2\/posts\/6806\/revisions"}],"predecessor-version":[{"id":6808,"href":"https:\/\/memurunsesi.net\/index.php\/wp-json\/wp\/v2\/posts\/6806\/revisions\/6808"}],"wp:featuredmedia":[{"embeddable":true,"href":"https:\/\/memurunsesi.net\/index.php\/wp-json\/wp\/v2\/media\/6807"}],"wp:attachment":[{"href":"https:\/\/memurunsesi.net\/index.php\/wp-json\/wp\/v2\/media?parent=6806"}],"wp:term":[{"taxonomy":"category","embeddable":true,"href":"https:\/\/memurunsesi.net\/index.php\/wp-json\/wp\/v2\/categories?post=6806"},{"taxonomy":"post_tag","embeddable":true,"href":"https:\/\/memurunsesi.net\/index.php\/wp-json\/wp\/v2\/tags?post=6806"}],"curies":[{"name":"wp","href":"https:\/\/api.w.org\/{rel}","templated":true}]}}