{"id":6862,"date":"2025-05-14T07:37:23","date_gmt":"2025-05-14T04:37:23","guid":{"rendered":"https:\/\/memurunsesi.net\/?p=6862"},"modified":"2025-05-14T07:37:23","modified_gmt":"2025-05-14T04:37:23","slug":"balik-sezonu-bitmesine-ragmen-tezgahlarda-hareketlilik-suruyor","status":"publish","type":"post","link":"https:\/\/memurunsesi.net\/index.php\/2025\/05\/14\/balik-sezonu-bitmesine-ragmen-tezgahlarda-hareketlilik-suruyor\/","title":{"rendered":"Bal\u0131k sezonu bitmesine ra\u011fmen tezgahlarda hareketlilik s\u00fcr\u00fcyor"},"content":{"rendered":"<p>\n Zonguldak&#8217;ta bal\u0131k\u00e7\u0131 esnaf\u0131 Oktay Ert\u00fcrk, bal\u0131k sezonunun ge\u00e7en ay sona ermesine ra\u011fmen tezgahlarda sat\u0131\u015flar\u0131n devam etti\u011fini ifade etti. Ert\u00fcrk, gelecek sezondan ise umutlu olduklar\u0131n\u0131 dile getirdi.<br \/>\n  Bal\u0131k halinde tezg\u00e2hlar\u0131n dolulu\u011fu azalsa da sat\u0131\u015flar devam ediyor. Esnaf Oktay Ert\u00fcrk, sezonun bitmesiyle birlikte bal\u0131k arz\u0131nda ciddi azalma ya\u015fand\u0131\u011f\u0131n\u0131 belirterek, &#8220;K\u00fc\u00e7\u00fck kay\u0131klar yakal\u0131yor. K\u00fc\u00e7\u00fck a\u011fc\u0131lar a\u011f at\u0131yor. K\u00fc\u00e7\u00fck oltac\u0131lar yakal\u0131yor. Biraz fiyatlar y\u00fcksek. Normalden biraz daha y\u00fcksek&#8221; dedi.<br \/>\n  Ert\u00fcrk, fiyatlar\u0131n y\u00fcksekli\u011fini mevcut \u015fartlara ba\u011flad\u0131. Her y\u0131l oldu\u011fu gibi yeni sezonda da bal\u0131\u011f\u0131n bol olaca\u011f\u0131n\u0131 \u00f6ng\u00f6rd\u00fcklerini ifade eden Ert\u00fcrk, &#8220;Gelecek sezonda bolluk var genelde. Bol bal\u0131k yiyecek yani. Palamut, mezgit, istavrit ve hamsi yiyecek halk\u0131m\u0131z. Ucuz bal\u0131k yiyecekler yani. Yine halka ucuz bal\u0131k yedirece\u011fiz&#8221; diye konu\u015ftu. <\/p>\n<p>13.05.2025                                <\/p>\n","protected":false},"excerpt":{"rendered":"<p>Zonguldak&#8217;ta bal\u0131k\u00e7\u0131 esnaf\u0131 Oktay Ert\u00fcrk, bal\u0131k sezonunun ge\u00e7en ay sona ermesine ra\u011fmen tezgahlarda sat\u0131\u015flar\u0131n devam etti\u011fini ifade etti. Ert\u00fcrk, gelecek sezondan ise umutlu olduklar\u0131n\u0131 dile getirdi. Bal\u0131k halinde tezg\u00e2hlar\u0131n dolulu\u011fu azalsa da sat\u0131\u015flar devam ediyor. Esnaf Oktay Ert\u00fcrk, sezonun bitmesiyle birlikte bal\u0131k arz\u0131nda ciddi azalma ya\u015fand\u0131\u011f\u0131n\u0131 belirterek, &#8220;K\u00fc\u00e7\u00fck kay\u0131klar yakal\u0131yor. K\u00fc\u00e7\u00fck a\u011fc\u0131lar a\u011f at\u0131yor. K\u00fc\u00e7\u00fck [&hellip;]<\/p>\n","protected":false},"author":1,"featured_media":6863,"comment_status":"open","ping_status":"open","sticky":false,"template":"","format":"standard","meta":{"footnotes":""},"categories":[50],"tags":[],"class_list":["post-6862","post","type-post","status-publish","format-standard","has-post-thumbnail","hentry","category-tum-haberler"],"yoast_head":"<!-- This site is optimized with the Yoast SEO plugin v27.4 - https:\/\/yoast.com\/product\/yoast-seo-wordpress\/ -->\n<title>Bal\u0131k sezonu bitmesine ra\u011fmen tezgahlarda hareketlilik s\u00fcr\u00fcyor - Memurun Sesi<\/title>\n<meta name=\"robots\" content=\"index, follow, max-snippet:-1, max-image-preview:large, max-video-preview:-1\" \/>\n<link rel=\"canonical\" href=\"https:\/\/memurunsesi.net\/index.php\/2025\/05\/14\/balik-sezonu-bitmesine-ragmen-tezgahlarda-hareketlilik-suruyor\/\" \/>\n<meta property=\"og:locale\" content=\"tr_TR\" \/>\n<meta property=\"og:type\" content=\"article\" \/>\n<meta property=\"og:title\" content=\"Bal\u0131k sezonu bitmesine ra\u011fmen tezgahlarda hareketlilik s\u00fcr\u00fcyor - Memurun Sesi\" \/>\n<meta property=\"og:description\" content=\"Zonguldak&#8217;ta bal\u0131k\u00e7\u0131 esnaf\u0131 Oktay Ert\u00fcrk, bal\u0131k sezonunun ge\u00e7en ay sona ermesine ra\u011fmen tezgahlarda sat\u0131\u015flar\u0131n devam etti\u011fini ifade etti. Ert\u00fcrk, gelecek sezondan ise umutlu olduklar\u0131n\u0131 dile getirdi. Bal\u0131k halinde tezg\u00e2hlar\u0131n dolulu\u011fu azalsa da sat\u0131\u015flar devam ediyor. Esnaf Oktay Ert\u00fcrk, sezonun bitmesiyle birlikte bal\u0131k arz\u0131nda ciddi azalma ya\u015fand\u0131\u011f\u0131n\u0131 belirterek, &#8220;K\u00fc\u00e7\u00fck kay\u0131klar yakal\u0131yor. K\u00fc\u00e7\u00fck a\u011fc\u0131lar a\u011f at\u0131yor. K\u00fc\u00e7\u00fck [&hellip;]\" \/>\n<meta property=\"og:url\" content=\"https:\/\/memurunsesi.net\/index.php\/2025\/05\/14\/balik-sezonu-bitmesine-ragmen-tezgahlarda-hareketlilik-suruyor\/\" \/>\n<meta property=\"og:site_name\" content=\"Memurun Sesi\" \/>\n<meta property=\"article:publisher\" content=\"https:\/\/www.facebook.com\/unipersen\/?locale=tr_TR\" \/>\n<meta property=\"article:published_time\" content=\"2025-05-14T04:37:23+00:00\" \/>\n<meta property=\"og:image\" content=\"https:\/\/memurunsesi.net\/wp-content\/uploads\/2025\/05\/AW453634_01.jpg\" \/>\n\t<meta property=\"og:image:width\" content=\"1280\" \/>\n\t<meta property=\"og:image:height\" content=\"960\" \/>\n\t<meta property=\"og:image:type\" content=\"image\/jpeg\" \/>\n<meta name=\"author\" content=\"Memurun Sesi Haber Merkezi\" \/>\n<meta name=\"twitter:card\" content=\"summary_large_image\" \/>\n<meta name=\"twitter:creator\" content=\"@unipersen\" \/>\n<meta name=\"twitter:site\" content=\"@unipersen\" \/>\n<meta name=\"twitter:label1\" content=\"Yazan:\" \/>\n\t<meta name=\"twitter:data1\" content=\"Memurun Sesi Haber Merkezi\" \/>\n\t<meta name=\"twitter:label2\" content=\"Tahmini okuma s\u00fcresi\" \/>\n\t<meta name=\"twitter:data2\" content=\"1 dakika\" \/>\n<script type=\"application\/ld+json\" class=\"yoast-schema-graph\">{\"@context\":\"https:\\\/\\\/schema.org\",\"@graph\":[{\"@type\":\"Article\",\"@id\":\"https:\\\/\\\/memurunsesi.net\\\/index.php\\\/2025\\\/05\\\/14\\\/balik-sezonu-bitmesine-ragmen-tezgahlarda-hareketlilik-suruyor\\\/#article\",\"isPartOf\":{\"@id\":\"https:\\\/\\\/memurunsesi.net\\\/index.php\\\/2025\\\/05\\\/14\\\/balik-sezonu-bitmesine-ragmen-tezgahlarda-hareketlilik-suruyor\\\/\"},\"author\":{\"name\":\"Memurun Sesi Haber Merkezi\",\"@id\":\"https:\\\/\\\/memurunsesi.net\\\/#\\\/schema\\\/person\\\/f21c2d73b89f6ee1d80b0a1803e38587\"},\"headline\":\"Bal\u0131k sezonu bitmesine ra\u011fmen tezgahlarda hareketlilik s\u00fcr\u00fcyor\",\"datePublished\":\"2025-05-14T04:37:23+00:00\",\"mainEntityOfPage\":{\"@id\":\"https:\\\/\\\/memurunsesi.net\\\/index.php\\\/2025\\\/05\\\/14\\\/balik-sezonu-bitmesine-ragmen-tezgahlarda-hareketlilik-suruyor\\\/\"},\"wordCount\":175,\"commentCount\":0,\"publisher\":{\"@id\":\"https:\\\/\\\/memurunsesi.net\\\/#organization\"},\"image\":{\"@id\":\"https:\\\/\\\/memurunsesi.net\\\/index.php\\\/2025\\\/05\\\/14\\\/balik-sezonu-bitmesine-ragmen-tezgahlarda-hareketlilik-suruyor\\\/#primaryimage\"},\"thumbnailUrl\":\"https:\\\/\\\/memurunsesi.net\\\/wp-content\\\/uploads\\\/2025\\\/05\\\/AW453634_01.jpg\",\"articleSection\":[\"T\u00fcm Haberler\"],\"inLanguage\":\"tr\",\"potentialAction\":[{\"@type\":\"CommentAction\",\"name\":\"Comment\",\"target\":[\"https:\\\/\\\/memurunsesi.net\\\/index.php\\\/2025\\\/05\\\/14\\\/balik-sezonu-bitmesine-ragmen-tezgahlarda-hareketlilik-suruyor\\\/#respond\"]}]},{\"@type\":\"WebPage\",\"@id\":\"https:\\\/\\\/memurunsesi.net\\\/index.php\\\/2025\\\/05\\\/14\\\/balik-sezonu-bitmesine-ragmen-tezgahlarda-hareketlilik-suruyor\\\/\",\"url\":\"https:\\\/\\\/memurunsesi.net\\\/index.php\\\/2025\\\/05\\\/14\\\/balik-sezonu-bitmesine-ragmen-tezgahlarda-hareketlilik-suruyor\\\/\",\"name\":\"Bal\u0131k sezonu bitmesine ra\u011fmen tezgahlarda hareketlilik s\u00fcr\u00fcyor - Memurun Sesi\",\"isPartOf\":{\"@id\":\"https:\\\/\\\/memurunsesi.net\\\/#website\"},\"primaryImageOfPage\":{\"@id\":\"https:\\\/\\\/memurunsesi.net\\\/index.php\\\/2025\\\/05\\\/14\\\/balik-sezonu-bitmesine-ragmen-tezgahlarda-hareketlilik-suruyor\\\/#primaryimage\"},\"image\":{\"@id\":\"https:\\\/\\\/memurunsesi.net\\\/index.php\\\/2025\\\/05\\\/14\\\/balik-sezonu-bitmesine-ragmen-tezgahlarda-hareketlilik-suruyor\\\/#primaryimage\"},\"thumbnailUrl\":\"https:\\\/\\\/memurunsesi.net\\\/wp-content\\\/uploads\\\/2025\\\/05\\\/AW453634_01.jpg\",\"datePublished\":\"2025-05-14T04:37:23+00:00\",\"breadcrumb\":{\"@id\":\"https:\\\/\\\/memurunsesi.net\\\/index.php\\\/2025\\\/05\\\/14\\\/balik-sezonu-bitmesine-ragmen-tezgahlarda-hareketlilik-suruyor\\\/#breadcrumb\"},\"inLanguage\":\"tr\",\"potentialAction\":[{\"@type\":\"ReadAction\",\"target\":[\"https:\\\/\\\/memurunsesi.net\\\/index.php\\\/2025\\\/05\\\/14\\\/balik-sezonu-bitmesine-ragmen-tezgahlarda-hareketlilik-suruyor\\\/\"]}]},{\"@type\":\"ImageObject\",\"inLanguage\":\"tr\",\"@id\":\"https:\\\/\\\/memurunsesi.net\\\/index.php\\\/2025\\\/05\\\/14\\\/balik-sezonu-bitmesine-ragmen-tezgahlarda-hareketlilik-suruyor\\\/#primaryimage\",\"url\":\"https:\\\/\\\/memurunsesi.net\\\/wp-content\\\/uploads\\\/2025\\\/05\\\/AW453634_01.jpg\",\"contentUrl\":\"https:\\\/\\\/memurunsesi.net\\\/wp-content\\\/uploads\\\/2025\\\/05\\\/AW453634_01.jpg\",\"width\":1280,\"height\":960,\"caption\":\"ZONGULDAK'TA BALIK\u00c7I ESNAFI OKTAY ERT\u00dcRK, BALIK SEZONUNUN GE\u00c7EN AY SONA ERMES\u0130NE RA\u011eMEN TEZGAHLARDA SATI\u015eLARIN DEVAM ETT\u0130\u011e\u0130N\u0130 \u0130FADE ETT\u0130. ERT\u00dcRK, GELECEK SEZONDAN \u0130SE UMUTLU OLDUKLARINI D\u0130LE GET\u0130RD\u0130. (EMRE CAN BAYRAM\\\/ZONGULDAK-\u0130HA) Zonguldak'ta bal\u0131k\u00e7\u0131 esnaf\u0131 Oktay Ert\u00fcrk, bal\u0131k sezonunun ge\u00e7en ay sona ermesine ra\u011fmen tezgahlarda sat\u0131\u015flar\u0131n devam etti\u011fini ifade etti. Ert\u00fcrk, gelecek sezondan ise umutlu olduklar\u0131n\u0131 dile getirdi.\"},{\"@type\":\"BreadcrumbList\",\"@id\":\"https:\\\/\\\/memurunsesi.net\\\/index.php\\\/2025\\\/05\\\/14\\\/balik-sezonu-bitmesine-ragmen-tezgahlarda-hareketlilik-suruyor\\\/#breadcrumb\",\"itemListElement\":[{\"@type\":\"ListItem\",\"position\":1,\"name\":\"Anasayfa\",\"item\":\"https:\\\/\\\/memurunsesi.net\\\/\"},{\"@type\":\"ListItem\",\"position\":2,\"name\":\"Bal\u0131k sezonu bitmesine ra\u011fmen tezgahlarda hareketlilik s\u00fcr\u00fcyor\"}]},{\"@type\":\"WebSite\",\"@id\":\"https:\\\/\\\/memurunsesi.net\\\/#website\",\"url\":\"https:\\\/\\\/memurunsesi.net\\\/\",\"name\":\"Memurun Sesi\",\"description\":\"G\u00fcncel ve Do\u011fru Haber\",\"publisher\":{\"@id\":\"https:\\\/\\\/memurunsesi.net\\\/#organization\"},\"potentialAction\":[{\"@type\":\"SearchAction\",\"target\":{\"@type\":\"EntryPoint\",\"urlTemplate\":\"https:\\\/\\\/memurunsesi.net\\\/?s={search_term_string}\"},\"query-input\":{\"@type\":\"PropertyValueSpecification\",\"valueRequired\":true,\"valueName\":\"search_term_string\"}}],\"inLanguage\":\"tr\"},{\"@type\":\"Organization\",\"@id\":\"https:\\\/\\\/memurunsesi.net\\\/#organization\",\"name\":\"Memurun Sesi\",\"url\":\"https:\\\/\\\/memurunsesi.net\\\/\",\"logo\":{\"@type\":\"ImageObject\",\"inLanguage\":\"tr\",\"@id\":\"https:\\\/\\\/memurunsesi.net\\\/#\\\/schema\\\/logo\\\/image\\\/\",\"url\":\"https:\\\/\\\/memurunsesi.net\\\/wp-content\\\/uploads\\\/2025\\\/11\\\/cropped-MEMURUN-SESI.png\",\"contentUrl\":\"https:\\\/\\\/memurunsesi.net\\\/wp-content\\\/uploads\\\/2025\\\/11\\\/cropped-MEMURUN-SESI.png\",\"width\":238,\"height\":57,\"caption\":\"Memurun Sesi\"},\"image\":{\"@id\":\"https:\\\/\\\/memurunsesi.net\\\/#\\\/schema\\\/logo\\\/image\\\/\"},\"sameAs\":[\"https:\\\/\\\/www.facebook.com\\\/unipersen\\\/?locale=tr_TR\",\"https:\\\/\\\/x.com\\\/unipersen\"]},{\"@type\":\"Person\",\"@id\":\"https:\\\/\\\/memurunsesi.net\\\/#\\\/schema\\\/person\\\/f21c2d73b89f6ee1d80b0a1803e38587\",\"name\":\"Memurun Sesi Haber Merkezi\",\"image\":{\"@type\":\"ImageObject\",\"inLanguage\":\"tr\",\"@id\":\"https:\\\/\\\/secure.gravatar.com\\\/avatar\\\/6cf0505f452ee753f485014986fab09a434671d2b919ee76fc541025c5876a70?s=96&d=mm&r=g\",\"url\":\"https:\\\/\\\/secure.gravatar.com\\\/avatar\\\/6cf0505f452ee753f485014986fab09a434671d2b919ee76fc541025c5876a70?s=96&d=mm&r=g\",\"contentUrl\":\"https:\\\/\\\/secure.gravatar.com\\\/avatar\\\/6cf0505f452ee753f485014986fab09a434671d2b919ee76fc541025c5876a70?s=96&d=mm&r=g\",\"caption\":\"Memurun Sesi Haber Merkezi\"},\"sameAs\":[\"https:\\\/\\\/memurunsesi.net\"],\"url\":\"https:\\\/\\\/memurunsesi.net\\\/index.php\\\/author\\\/uniper\\\/\"}]}<\/script>\n<!-- \/ Yoast SEO plugin. -->","yoast_head_json":{"title":"Bal\u0131k sezonu bitmesine ra\u011fmen tezgahlarda hareketlilik s\u00fcr\u00fcyor - Memurun Sesi","robots":{"index":"index","follow":"follow","max-snippet":"max-snippet:-1","max-image-preview":"max-image-preview:large","max-video-preview":"max-video-preview:-1"},"canonical":"https:\/\/memurunsesi.net\/index.php\/2025\/05\/14\/balik-sezonu-bitmesine-ragmen-tezgahlarda-hareketlilik-suruyor\/","og_locale":"tr_TR","og_type":"article","og_title":"Bal\u0131k sezonu bitmesine ra\u011fmen tezgahlarda hareketlilik s\u00fcr\u00fcyor - Memurun Sesi","og_description":"Zonguldak&#8217;ta bal\u0131k\u00e7\u0131 esnaf\u0131 Oktay Ert\u00fcrk, bal\u0131k sezonunun ge\u00e7en ay sona ermesine ra\u011fmen tezgahlarda sat\u0131\u015flar\u0131n devam etti\u011fini ifade etti. Ert\u00fcrk, gelecek sezondan ise umutlu olduklar\u0131n\u0131 dile getirdi. Bal\u0131k halinde tezg\u00e2hlar\u0131n dolulu\u011fu azalsa da sat\u0131\u015flar devam ediyor. Esnaf Oktay Ert\u00fcrk, sezonun bitmesiyle birlikte bal\u0131k arz\u0131nda ciddi azalma ya\u015fand\u0131\u011f\u0131n\u0131 belirterek, &#8220;K\u00fc\u00e7\u00fck kay\u0131klar yakal\u0131yor. K\u00fc\u00e7\u00fck a\u011fc\u0131lar a\u011f at\u0131yor. K\u00fc\u00e7\u00fck [&hellip;]","og_url":"https:\/\/memurunsesi.net\/index.php\/2025\/05\/14\/balik-sezonu-bitmesine-ragmen-tezgahlarda-hareketlilik-suruyor\/","og_site_name":"Memurun Sesi","article_publisher":"https:\/\/www.facebook.com\/unipersen\/?locale=tr_TR","article_published_time":"2025-05-14T04:37:23+00:00","og_image":[{"width":1280,"height":960,"url":"https:\/\/memurunsesi.net\/wp-content\/uploads\/2025\/05\/AW453634_01.jpg","type":"image\/jpeg"}],"author":"Memurun Sesi Haber Merkezi","twitter_card":"summary_large_image","twitter_creator":"@unipersen","twitter_site":"@unipersen","twitter_misc":{"Yazan:":"Memurun Sesi Haber Merkezi","Tahmini okuma s\u00fcresi":"1 dakika"},"schema":{"@context":"https:\/\/schema.org","@graph":[{"@type":"Article","@id":"https:\/\/memurunsesi.net\/index.php\/2025\/05\/14\/balik-sezonu-bitmesine-ragmen-tezgahlarda-hareketlilik-suruyor\/#article","isPartOf":{"@id":"https:\/\/memurunsesi.net\/index.php\/2025\/05\/14\/balik-sezonu-bitmesine-ragmen-tezgahlarda-hareketlilik-suruyor\/"},"author":{"name":"Memurun Sesi Haber Merkezi","@id":"https:\/\/memurunsesi.net\/#\/schema\/person\/f21c2d73b89f6ee1d80b0a1803e38587"},"headline":"Bal\u0131k sezonu bitmesine ra\u011fmen tezgahlarda hareketlilik s\u00fcr\u00fcyor","datePublished":"2025-05-14T04:37:23+00:00","mainEntityOfPage":{"@id":"https:\/\/memurunsesi.net\/index.php\/2025\/05\/14\/balik-sezonu-bitmesine-ragmen-tezgahlarda-hareketlilik-suruyor\/"},"wordCount":175,"commentCount":0,"publisher":{"@id":"https:\/\/memurunsesi.net\/#organization"},"image":{"@id":"https:\/\/memurunsesi.net\/index.php\/2025\/05\/14\/balik-sezonu-bitmesine-ragmen-tezgahlarda-hareketlilik-suruyor\/#primaryimage"},"thumbnailUrl":"https:\/\/memurunsesi.net\/wp-content\/uploads\/2025\/05\/AW453634_01.jpg","articleSection":["T\u00fcm Haberler"],"inLanguage":"tr","potentialAction":[{"@type":"CommentAction","name":"Comment","target":["https:\/\/memurunsesi.net\/index.php\/2025\/05\/14\/balik-sezonu-bitmesine-ragmen-tezgahlarda-hareketlilik-suruyor\/#respond"]}]},{"@type":"WebPage","@id":"https:\/\/memurunsesi.net\/index.php\/2025\/05\/14\/balik-sezonu-bitmesine-ragmen-tezgahlarda-hareketlilik-suruyor\/","url":"https:\/\/memurunsesi.net\/index.php\/2025\/05\/14\/balik-sezonu-bitmesine-ragmen-tezgahlarda-hareketlilik-suruyor\/","name":"Bal\u0131k sezonu bitmesine ra\u011fmen tezgahlarda hareketlilik s\u00fcr\u00fcyor - Memurun Sesi","isPartOf":{"@id":"https:\/\/memurunsesi.net\/#website"},"primaryImageOfPage":{"@id":"https:\/\/memurunsesi.net\/index.php\/2025\/05\/14\/balik-sezonu-bitmesine-ragmen-tezgahlarda-hareketlilik-suruyor\/#primaryimage"},"image":{"@id":"https:\/\/memurunsesi.net\/index.php\/2025\/05\/14\/balik-sezonu-bitmesine-ragmen-tezgahlarda-hareketlilik-suruyor\/#primaryimage"},"thumbnailUrl":"https:\/\/memurunsesi.net\/wp-content\/uploads\/2025\/05\/AW453634_01.jpg","datePublished":"2025-05-14T04:37:23+00:00","breadcrumb":{"@id":"https:\/\/memurunsesi.net\/index.php\/2025\/05\/14\/balik-sezonu-bitmesine-ragmen-tezgahlarda-hareketlilik-suruyor\/#breadcrumb"},"inLanguage":"tr","potentialAction":[{"@type":"ReadAction","target":["https:\/\/memurunsesi.net\/index.php\/2025\/05\/14\/balik-sezonu-bitmesine-ragmen-tezgahlarda-hareketlilik-suruyor\/"]}]},{"@type":"ImageObject","inLanguage":"tr","@id":"https:\/\/memurunsesi.net\/index.php\/2025\/05\/14\/balik-sezonu-bitmesine-ragmen-tezgahlarda-hareketlilik-suruyor\/#primaryimage","url":"https:\/\/memurunsesi.net\/wp-content\/uploads\/2025\/05\/AW453634_01.jpg","contentUrl":"https:\/\/memurunsesi.net\/wp-content\/uploads\/2025\/05\/AW453634_01.jpg","width":1280,"height":960,"caption":"ZONGULDAK'TA BALIK\u00c7I ESNAFI OKTAY ERT\u00dcRK, BALIK SEZONUNUN GE\u00c7EN AY SONA ERMES\u0130NE RA\u011eMEN TEZGAHLARDA SATI\u015eLARIN DEVAM ETT\u0130\u011e\u0130N\u0130 \u0130FADE ETT\u0130. ERT\u00dcRK, GELECEK SEZONDAN \u0130SE UMUTLU OLDUKLARINI D\u0130LE GET\u0130RD\u0130. (EMRE CAN BAYRAM\/ZONGULDAK-\u0130HA) Zonguldak'ta bal\u0131k\u00e7\u0131 esnaf\u0131 Oktay Ert\u00fcrk, bal\u0131k sezonunun ge\u00e7en ay sona ermesine ra\u011fmen tezgahlarda sat\u0131\u015flar\u0131n devam etti\u011fini ifade etti. Ert\u00fcrk, gelecek sezondan ise umutlu olduklar\u0131n\u0131 dile getirdi."},{"@type":"BreadcrumbList","@id":"https:\/\/memurunsesi.net\/index.php\/2025\/05\/14\/balik-sezonu-bitmesine-ragmen-tezgahlarda-hareketlilik-suruyor\/#breadcrumb","itemListElement":[{"@type":"ListItem","position":1,"name":"Anasayfa","item":"https:\/\/memurunsesi.net\/"},{"@type":"ListItem","position":2,"name":"Bal\u0131k sezonu bitmesine ra\u011fmen tezgahlarda hareketlilik s\u00fcr\u00fcyor"}]},{"@type":"WebSite","@id":"https:\/\/memurunsesi.net\/#website","url":"https:\/\/memurunsesi.net\/","name":"Memurun Sesi","description":"G\u00fcncel ve Do\u011fru Haber","publisher":{"@id":"https:\/\/memurunsesi.net\/#organization"},"potentialAction":[{"@type":"SearchAction","target":{"@type":"EntryPoint","urlTemplate":"https:\/\/memurunsesi.net\/?s={search_term_string}"},"query-input":{"@type":"PropertyValueSpecification","valueRequired":true,"valueName":"search_term_string"}}],"inLanguage":"tr"},{"@type":"Organization","@id":"https:\/\/memurunsesi.net\/#organization","name":"Memurun Sesi","url":"https:\/\/memurunsesi.net\/","logo":{"@type":"ImageObject","inLanguage":"tr","@id":"https:\/\/memurunsesi.net\/#\/schema\/logo\/image\/","url":"https:\/\/memurunsesi.net\/wp-content\/uploads\/2025\/11\/cropped-MEMURUN-SESI.png","contentUrl":"https:\/\/memurunsesi.net\/wp-content\/uploads\/2025\/11\/cropped-MEMURUN-SESI.png","width":238,"height":57,"caption":"Memurun Sesi"},"image":{"@id":"https:\/\/memurunsesi.net\/#\/schema\/logo\/image\/"},"sameAs":["https:\/\/www.facebook.com\/unipersen\/?locale=tr_TR","https:\/\/x.com\/unipersen"]},{"@type":"Person","@id":"https:\/\/memurunsesi.net\/#\/schema\/person\/f21c2d73b89f6ee1d80b0a1803e38587","name":"Memurun Sesi Haber Merkezi","image":{"@type":"ImageObject","inLanguage":"tr","@id":"https:\/\/secure.gravatar.com\/avatar\/6cf0505f452ee753f485014986fab09a434671d2b919ee76fc541025c5876a70?s=96&d=mm&r=g","url":"https:\/\/secure.gravatar.com\/avatar\/6cf0505f452ee753f485014986fab09a434671d2b919ee76fc541025c5876a70?s=96&d=mm&r=g","contentUrl":"https:\/\/secure.gravatar.com\/avatar\/6cf0505f452ee753f485014986fab09a434671d2b919ee76fc541025c5876a70?s=96&d=mm&r=g","caption":"Memurun Sesi Haber Merkezi"},"sameAs":["https:\/\/memurunsesi.net"],"url":"https:\/\/memurunsesi.net\/index.php\/author\/uniper\/"}]}},"_links":{"self":[{"href":"https:\/\/memurunsesi.net\/index.php\/wp-json\/wp\/v2\/posts\/6862","targetHints":{"allow":["GET"]}}],"collection":[{"href":"https:\/\/memurunsesi.net\/index.php\/wp-json\/wp\/v2\/posts"}],"about":[{"href":"https:\/\/memurunsesi.net\/index.php\/wp-json\/wp\/v2\/types\/post"}],"author":[{"embeddable":true,"href":"https:\/\/memurunsesi.net\/index.php\/wp-json\/wp\/v2\/users\/1"}],"replies":[{"embeddable":true,"href":"https:\/\/memurunsesi.net\/index.php\/wp-json\/wp\/v2\/comments?post=6862"}],"version-history":[{"count":1,"href":"https:\/\/memurunsesi.net\/index.php\/wp-json\/wp\/v2\/posts\/6862\/revisions"}],"predecessor-version":[{"id":6864,"href":"https:\/\/memurunsesi.net\/index.php\/wp-json\/wp\/v2\/posts\/6862\/revisions\/6864"}],"wp:featuredmedia":[{"embeddable":true,"href":"https:\/\/memurunsesi.net\/index.php\/wp-json\/wp\/v2\/media\/6863"}],"wp:attachment":[{"href":"https:\/\/memurunsesi.net\/index.php\/wp-json\/wp\/v2\/media?parent=6862"}],"wp:term":[{"taxonomy":"category","embeddable":true,"href":"https:\/\/memurunsesi.net\/index.php\/wp-json\/wp\/v2\/categories?post=6862"},{"taxonomy":"post_tag","embeddable":true,"href":"https:\/\/memurunsesi.net\/index.php\/wp-json\/wp\/v2\/tags?post=6862"}],"curies":[{"name":"wp","href":"https:\/\/api.w.org\/{rel}","templated":true}]}}