{"id":6865,"date":"2025-05-14T20:18:20","date_gmt":"2025-05-14T17:18:20","guid":{"rendered":"https:\/\/memurunsesi.net\/?p=6865"},"modified":"2025-05-14T20:18:20","modified_gmt":"2025-05-14T17:18:20","slug":"kayseride-tramvaylarin-ve-elektrikli-otobuslerin-enerjisi-resten-uretilecek","status":"publish","type":"post","link":"https:\/\/memurunsesi.net\/index.php\/2025\/05\/14\/kayseride-tramvaylarin-ve-elektrikli-otobuslerin-enerjisi-resten-uretilecek\/","title":{"rendered":"Kayseri&#8217;de tramvaylar\u0131n ve elektrikli otob\u00fcslerin enerjisi RES&#8217;ten \u00fcretilecek"},"content":{"rendered":"<p>\n  Kayseri B\u00fcy\u00fck\u015fehir Belediyesi Ula\u015f\u0131m A.\u015e taraf\u0131ndan yapt\u0131r\u0131lan 3 t\u00fcrbinden olu\u015fan R\u00fczgar Enerji Santrali&#8217;nden (RES) \u00fcretilen elektrik, ula\u015f\u0131mda kullan\u0131lan tramvay ve elektrikli otob\u00fcslerin enerjisinde kullan\u0131lacak.<br \/>\n  Kayseri B\u00fcy\u00fck\u015fehir Belediyesi Ula\u015f\u0131m A.\u015e, kentteki tramvaylarda ve elektrikli otob\u00fcslerde kullan\u0131lmak \u00fczere \u0130ncesu il\u00e7esine 3 t\u00fcrbinden olu\u015fan RES projesini hayata ge\u00e7irdi. 1 milyar TL&#8217;lik yat\u0131r\u0131m ile yapt\u0131r\u0131lan 3 RES&#8217;ten y\u0131ll\u0131k 60 milyon kilowatt saat enerji \u00fcretimi bekleniyor. Kayseri B\u00fcy\u00fck\u015fehir Belediye Ba\u015fkan\u0131 Memduh B\u00fcy\u00fckk\u0131l\u0131\u00e7, \u015firket m\u00fcd\u00fcrleri ve meclis \u00fcyeleri ile birlikte RES&#8217;i ziyaret ederek, incelemelerde bulundu. Burada a\u00e7\u0131klama yapan B\u00fcy\u00fckk\u0131l\u0131\u00e7, &#8220;Kayseri&#8217;mizde 80 kilometreye denk gelen tramvay hatt\u0131m\u0131z var. 80 tane de tramvay arac\u0131m\u0131z var. Burada ve elektrikli otob\u00fcslerde kulland\u0131\u011f\u0131m\u0131z enerji giderini kar\u015f\u0131lamak amac\u0131yla Kayseri&#8217;mizde bir ilke imza att\u0131k. 30 b\u00fcy\u00fck\u015fehir i\u00e7erisinde ilk defa RES projesini hayata ge\u00e7iren b\u00fcy\u00fck\u015fehir olarak 3 t\u00fcrbinden olu\u015fan 21 megavatl\u0131k, 60 milyon kilowatt saat y\u0131lda enerji \u00fcretecek olan bir proje hayata ge\u00e7mi\u015f oldu. Genel m\u00fcd\u00fcr\u00fcm\u00fcz &#8220;daha \u00f6nce biz Ula\u015f\u0131m A.\u015e&#8217;den para al\u0131yorduk, \u015fimdi biz para \u00f6d\u00fcyoruz&#8221; dedi. Biz o konuma geldik. Yar\u0131s\u0131n\u0131 harc\u0131yoruz, yar\u0131s\u0131n\u0131n da paras\u0131n\u0131 kazan\u0131yoruz. 4 senede de kendini amorti edecek bir proje. \u00c7evreci bir proje. Dolay\u0131s\u0131yla \u015fehrimize b\u00fcy\u00fck bir katk\u0131 sa\u011flay\u0131c\u0131 yakla\u015f\u0131ma sebep oluyor. Belediyemizin \u015firketinin de gelir kayna\u011f\u0131 olacak bir proje. Bu proje Kayseri&#8217;mize yak\u0131\u015ft\u0131. GES projesi olarak \u00e7al\u0131\u015fmalar\u0131m\u0131z devam edecek. 1 milyar TL&#8217;ye m\u00e2l olan bir proje. KASK\u0130&#8217;nin de enerji giderleri de \u00e7ok boyutta. Y\u0131lda 700 milyon TL giderimiz oluyor. Onu kar\u015f\u0131lamak i\u00e7in GES projeleri ile destekliyoruz. Kaynaklar\u0131 haz\u0131r. Yak\u0131nda ihalesine \u00e7\u0131kaca\u011f\u0131z. Kat\u0131lmak isteyenlere de a\u00e7\u0131k bir ihale. Kim daha indirim yaparsa ona veririz&#8221; diye konu\u015ftu. <\/p>\n<p>14.05.2025                                  <\/p>\n","protected":false},"excerpt":{"rendered":"<p>Kayseri B\u00fcy\u00fck\u015fehir Belediyesi Ula\u015f\u0131m A.\u015e taraf\u0131ndan yapt\u0131r\u0131lan 3 t\u00fcrbinden olu\u015fan R\u00fczgar Enerji Santrali&#8217;nden (RES) \u00fcretilen elektrik, ula\u015f\u0131mda kullan\u0131lan tramvay ve elektrikli otob\u00fcslerin enerjisinde kullan\u0131lacak. Kayseri B\u00fcy\u00fck\u015fehir Belediyesi Ula\u015f\u0131m A.\u015e, kentteki tramvaylarda ve elektrikli otob\u00fcslerde kullan\u0131lmak \u00fczere \u0130ncesu il\u00e7esine 3 t\u00fcrbinden olu\u015fan RES projesini hayata ge\u00e7irdi. 1 milyar TL&#8217;lik yat\u0131r\u0131m ile yapt\u0131r\u0131lan 3 RES&#8217;ten y\u0131ll\u0131k 60 [&hellip;]<\/p>\n","protected":false},"author":1,"featured_media":6866,"comment_status":"open","ping_status":"open","sticky":false,"template":"","format":"standard","meta":{"footnotes":""},"categories":[48],"tags":[],"class_list":["post-6865","post","type-post","status-publish","format-standard","has-post-thumbnail","hentry","category-ekonomi"],"yoast_head":"<!-- This site is optimized with the Yoast SEO plugin v27.4 - https:\/\/yoast.com\/product\/yoast-seo-wordpress\/ -->\n<title>Kayseri&#039;de tramvaylar\u0131n ve elektrikli otob\u00fcslerin enerjisi RES&#039;ten \u00fcretilecek - Memurun Sesi<\/title>\n<meta name=\"robots\" content=\"index, follow, max-snippet:-1, max-image-preview:large, max-video-preview:-1\" \/>\n<link rel=\"canonical\" href=\"https:\/\/memurunsesi.net\/index.php\/2025\/05\/14\/kayseride-tramvaylarin-ve-elektrikli-otobuslerin-enerjisi-resten-uretilecek\/\" \/>\n<meta property=\"og:locale\" content=\"tr_TR\" \/>\n<meta property=\"og:type\" content=\"article\" \/>\n<meta property=\"og:title\" content=\"Kayseri&#039;de tramvaylar\u0131n ve elektrikli otob\u00fcslerin enerjisi RES&#039;ten \u00fcretilecek - Memurun Sesi\" \/>\n<meta property=\"og:description\" content=\"Kayseri B\u00fcy\u00fck\u015fehir Belediyesi Ula\u015f\u0131m A.\u015e taraf\u0131ndan yapt\u0131r\u0131lan 3 t\u00fcrbinden olu\u015fan R\u00fczgar Enerji Santrali&#8217;nden (RES) \u00fcretilen elektrik, ula\u015f\u0131mda kullan\u0131lan tramvay ve elektrikli otob\u00fcslerin enerjisinde kullan\u0131lacak. Kayseri B\u00fcy\u00fck\u015fehir Belediyesi Ula\u015f\u0131m A.\u015e, kentteki tramvaylarda ve elektrikli otob\u00fcslerde kullan\u0131lmak \u00fczere \u0130ncesu il\u00e7esine 3 t\u00fcrbinden olu\u015fan RES projesini hayata ge\u00e7irdi. 1 milyar TL&#8217;lik yat\u0131r\u0131m ile yapt\u0131r\u0131lan 3 RES&#8217;ten y\u0131ll\u0131k 60 [&hellip;]\" \/>\n<meta property=\"og:url\" content=\"https:\/\/memurunsesi.net\/index.php\/2025\/05\/14\/kayseride-tramvaylarin-ve-elektrikli-otobuslerin-enerjisi-resten-uretilecek\/\" \/>\n<meta property=\"og:site_name\" content=\"Memurun Sesi\" \/>\n<meta property=\"article:publisher\" content=\"https:\/\/www.facebook.com\/unipersen\/?locale=tr_TR\" \/>\n<meta property=\"article:published_time\" content=\"2025-05-14T17:18:20+00:00\" \/>\n<meta property=\"og:image\" content=\"https:\/\/memurunsesi.net\/wp-content\/uploads\/2025\/05\/AW454776_02-scaled.jpg\" \/>\n\t<meta property=\"og:image:width\" content=\"2560\" \/>\n\t<meta property=\"og:image:height\" content=\"1440\" \/>\n\t<meta property=\"og:image:type\" content=\"image\/jpeg\" \/>\n<meta name=\"author\" content=\"Memurun Sesi Haber Merkezi\" \/>\n<meta name=\"twitter:card\" content=\"summary_large_image\" \/>\n<meta name=\"twitter:creator\" content=\"@unipersen\" \/>\n<meta name=\"twitter:site\" content=\"@unipersen\" \/>\n<meta name=\"twitter:label1\" content=\"Yazan:\" \/>\n\t<meta name=\"twitter:data1\" content=\"Memurun Sesi Haber Merkezi\" \/>\n\t<meta name=\"twitter:label2\" content=\"Tahmini okuma s\u00fcresi\" \/>\n\t<meta name=\"twitter:data2\" content=\"1 dakika\" \/>\n<script type=\"application\/ld+json\" class=\"yoast-schema-graph\">{\"@context\":\"https:\\\/\\\/schema.org\",\"@graph\":[{\"@type\":\"Article\",\"@id\":\"https:\\\/\\\/memurunsesi.net\\\/index.php\\\/2025\\\/05\\\/14\\\/kayseride-tramvaylarin-ve-elektrikli-otobuslerin-enerjisi-resten-uretilecek\\\/#article\",\"isPartOf\":{\"@id\":\"https:\\\/\\\/memurunsesi.net\\\/index.php\\\/2025\\\/05\\\/14\\\/kayseride-tramvaylarin-ve-elektrikli-otobuslerin-enerjisi-resten-uretilecek\\\/\"},\"author\":{\"name\":\"Memurun Sesi Haber Merkezi\",\"@id\":\"https:\\\/\\\/memurunsesi.net\\\/#\\\/schema\\\/person\\\/f21c2d73b89f6ee1d80b0a1803e38587\"},\"headline\":\"Kayseri&#8217;de tramvaylar\u0131n ve elektrikli otob\u00fcslerin enerjisi RES&#8217;ten \u00fcretilecek\",\"datePublished\":\"2025-05-14T17:18:20+00:00\",\"mainEntityOfPage\":{\"@id\":\"https:\\\/\\\/memurunsesi.net\\\/index.php\\\/2025\\\/05\\\/14\\\/kayseride-tramvaylarin-ve-elektrikli-otobuslerin-enerjisi-resten-uretilecek\\\/\"},\"wordCount\":358,\"commentCount\":0,\"publisher\":{\"@id\":\"https:\\\/\\\/memurunsesi.net\\\/#organization\"},\"image\":{\"@id\":\"https:\\\/\\\/memurunsesi.net\\\/index.php\\\/2025\\\/05\\\/14\\\/kayseride-tramvaylarin-ve-elektrikli-otobuslerin-enerjisi-resten-uretilecek\\\/#primaryimage\"},\"thumbnailUrl\":\"https:\\\/\\\/memurunsesi.net\\\/wp-content\\\/uploads\\\/2025\\\/05\\\/AW454776_02-scaled.jpg\",\"articleSection\":[\"Ekonomi\"],\"inLanguage\":\"tr\",\"potentialAction\":[{\"@type\":\"CommentAction\",\"name\":\"Comment\",\"target\":[\"https:\\\/\\\/memurunsesi.net\\\/index.php\\\/2025\\\/05\\\/14\\\/kayseride-tramvaylarin-ve-elektrikli-otobuslerin-enerjisi-resten-uretilecek\\\/#respond\"]}]},{\"@type\":\"WebPage\",\"@id\":\"https:\\\/\\\/memurunsesi.net\\\/index.php\\\/2025\\\/05\\\/14\\\/kayseride-tramvaylarin-ve-elektrikli-otobuslerin-enerjisi-resten-uretilecek\\\/\",\"url\":\"https:\\\/\\\/memurunsesi.net\\\/index.php\\\/2025\\\/05\\\/14\\\/kayseride-tramvaylarin-ve-elektrikli-otobuslerin-enerjisi-resten-uretilecek\\\/\",\"name\":\"Kayseri'de tramvaylar\u0131n ve elektrikli otob\u00fcslerin enerjisi RES'ten \u00fcretilecek - Memurun Sesi\",\"isPartOf\":{\"@id\":\"https:\\\/\\\/memurunsesi.net\\\/#website\"},\"primaryImageOfPage\":{\"@id\":\"https:\\\/\\\/memurunsesi.net\\\/index.php\\\/2025\\\/05\\\/14\\\/kayseride-tramvaylarin-ve-elektrikli-otobuslerin-enerjisi-resten-uretilecek\\\/#primaryimage\"},\"image\":{\"@id\":\"https:\\\/\\\/memurunsesi.net\\\/index.php\\\/2025\\\/05\\\/14\\\/kayseride-tramvaylarin-ve-elektrikli-otobuslerin-enerjisi-resten-uretilecek\\\/#primaryimage\"},\"thumbnailUrl\":\"https:\\\/\\\/memurunsesi.net\\\/wp-content\\\/uploads\\\/2025\\\/05\\\/AW454776_02-scaled.jpg\",\"datePublished\":\"2025-05-14T17:18:20+00:00\",\"breadcrumb\":{\"@id\":\"https:\\\/\\\/memurunsesi.net\\\/index.php\\\/2025\\\/05\\\/14\\\/kayseride-tramvaylarin-ve-elektrikli-otobuslerin-enerjisi-resten-uretilecek\\\/#breadcrumb\"},\"inLanguage\":\"tr\",\"potentialAction\":[{\"@type\":\"ReadAction\",\"target\":[\"https:\\\/\\\/memurunsesi.net\\\/index.php\\\/2025\\\/05\\\/14\\\/kayseride-tramvaylarin-ve-elektrikli-otobuslerin-enerjisi-resten-uretilecek\\\/\"]}]},{\"@type\":\"ImageObject\",\"inLanguage\":\"tr\",\"@id\":\"https:\\\/\\\/memurunsesi.net\\\/index.php\\\/2025\\\/05\\\/14\\\/kayseride-tramvaylarin-ve-elektrikli-otobuslerin-enerjisi-resten-uretilecek\\\/#primaryimage\",\"url\":\"https:\\\/\\\/memurunsesi.net\\\/wp-content\\\/uploads\\\/2025\\\/05\\\/AW454776_02-scaled.jpg\",\"contentUrl\":\"https:\\\/\\\/memurunsesi.net\\\/wp-content\\\/uploads\\\/2025\\\/05\\\/AW454776_02-scaled.jpg\",\"width\":2560,\"height\":1440,\"caption\":\"KAYSER\u0130 B\u00dcY\u00dcK\u015eEH\u0130R BELED\u0130YES\u0130 ULA\u015eIM A\u015e TARAFINDAN YAPTIRILAN 3 T\u00dcRB\u0130NDEN OLU\u015eAN R\u00dcZGAR ENERJ\u0130 SANTRAL\u0130'NDEN (RES) \u00dcRET\u0130LEN ELEKTR\u0130K, ULA\u015eIMDA KULLANILAN TRAMVAY VE ELEKTR\u0130KL\u0130 OTOB\u00dcSLER\u0130N ENERJ\u0130S\u0130NDE KULLANILACAK. (AL\u0130 G\u00d6\u00c7\\\/KAYSER\u0130-\u0130HA) Kayseri B\u00fcy\u00fck\u015fehir Belediyesi Ula\u015f\u0131m A.\u015e taraf\u0131ndan yapt\u0131r\u0131lan 3 t\u00fcrbinden olu\u015fan R\u00fczgar Enerji Santrali'nden (RES) \u00fcretilen elektrik, ula\u015f\u0131mda kullan\u0131lan tramvay ve elektrikli otob\u00fcslerin enerjisinde kullan\u0131lacak.\"},{\"@type\":\"BreadcrumbList\",\"@id\":\"https:\\\/\\\/memurunsesi.net\\\/index.php\\\/2025\\\/05\\\/14\\\/kayseride-tramvaylarin-ve-elektrikli-otobuslerin-enerjisi-resten-uretilecek\\\/#breadcrumb\",\"itemListElement\":[{\"@type\":\"ListItem\",\"position\":1,\"name\":\"Anasayfa\",\"item\":\"https:\\\/\\\/memurunsesi.net\\\/\"},{\"@type\":\"ListItem\",\"position\":2,\"name\":\"Kayseri&#8217;de tramvaylar\u0131n ve elektrikli otob\u00fcslerin enerjisi RES&#8217;ten \u00fcretilecek\"}]},{\"@type\":\"WebSite\",\"@id\":\"https:\\\/\\\/memurunsesi.net\\\/#website\",\"url\":\"https:\\\/\\\/memurunsesi.net\\\/\",\"name\":\"Memurun Sesi\",\"description\":\"G\u00fcncel ve Do\u011fru Haber\",\"publisher\":{\"@id\":\"https:\\\/\\\/memurunsesi.net\\\/#organization\"},\"potentialAction\":[{\"@type\":\"SearchAction\",\"target\":{\"@type\":\"EntryPoint\",\"urlTemplate\":\"https:\\\/\\\/memurunsesi.net\\\/?s={search_term_string}\"},\"query-input\":{\"@type\":\"PropertyValueSpecification\",\"valueRequired\":true,\"valueName\":\"search_term_string\"}}],\"inLanguage\":\"tr\"},{\"@type\":\"Organization\",\"@id\":\"https:\\\/\\\/memurunsesi.net\\\/#organization\",\"name\":\"Memurun Sesi\",\"url\":\"https:\\\/\\\/memurunsesi.net\\\/\",\"logo\":{\"@type\":\"ImageObject\",\"inLanguage\":\"tr\",\"@id\":\"https:\\\/\\\/memurunsesi.net\\\/#\\\/schema\\\/logo\\\/image\\\/\",\"url\":\"https:\\\/\\\/memurunsesi.net\\\/wp-content\\\/uploads\\\/2025\\\/11\\\/cropped-MEMURUN-SESI.png\",\"contentUrl\":\"https:\\\/\\\/memurunsesi.net\\\/wp-content\\\/uploads\\\/2025\\\/11\\\/cropped-MEMURUN-SESI.png\",\"width\":238,\"height\":57,\"caption\":\"Memurun Sesi\"},\"image\":{\"@id\":\"https:\\\/\\\/memurunsesi.net\\\/#\\\/schema\\\/logo\\\/image\\\/\"},\"sameAs\":[\"https:\\\/\\\/www.facebook.com\\\/unipersen\\\/?locale=tr_TR\",\"https:\\\/\\\/x.com\\\/unipersen\"]},{\"@type\":\"Person\",\"@id\":\"https:\\\/\\\/memurunsesi.net\\\/#\\\/schema\\\/person\\\/f21c2d73b89f6ee1d80b0a1803e38587\",\"name\":\"Memurun Sesi Haber Merkezi\",\"image\":{\"@type\":\"ImageObject\",\"inLanguage\":\"tr\",\"@id\":\"https:\\\/\\\/secure.gravatar.com\\\/avatar\\\/6cf0505f452ee753f485014986fab09a434671d2b919ee76fc541025c5876a70?s=96&d=mm&r=g\",\"url\":\"https:\\\/\\\/secure.gravatar.com\\\/avatar\\\/6cf0505f452ee753f485014986fab09a434671d2b919ee76fc541025c5876a70?s=96&d=mm&r=g\",\"contentUrl\":\"https:\\\/\\\/secure.gravatar.com\\\/avatar\\\/6cf0505f452ee753f485014986fab09a434671d2b919ee76fc541025c5876a70?s=96&d=mm&r=g\",\"caption\":\"Memurun Sesi Haber Merkezi\"},\"sameAs\":[\"https:\\\/\\\/memurunsesi.net\"],\"url\":\"https:\\\/\\\/memurunsesi.net\\\/index.php\\\/author\\\/uniper\\\/\"}]}<\/script>\n<!-- \/ Yoast SEO plugin. -->","yoast_head_json":{"title":"Kayseri'de tramvaylar\u0131n ve elektrikli otob\u00fcslerin enerjisi RES'ten \u00fcretilecek - Memurun Sesi","robots":{"index":"index","follow":"follow","max-snippet":"max-snippet:-1","max-image-preview":"max-image-preview:large","max-video-preview":"max-video-preview:-1"},"canonical":"https:\/\/memurunsesi.net\/index.php\/2025\/05\/14\/kayseride-tramvaylarin-ve-elektrikli-otobuslerin-enerjisi-resten-uretilecek\/","og_locale":"tr_TR","og_type":"article","og_title":"Kayseri'de tramvaylar\u0131n ve elektrikli otob\u00fcslerin enerjisi RES'ten \u00fcretilecek - Memurun Sesi","og_description":"Kayseri B\u00fcy\u00fck\u015fehir Belediyesi Ula\u015f\u0131m A.\u015e taraf\u0131ndan yapt\u0131r\u0131lan 3 t\u00fcrbinden olu\u015fan R\u00fczgar Enerji Santrali&#8217;nden (RES) \u00fcretilen elektrik, ula\u015f\u0131mda kullan\u0131lan tramvay ve elektrikli otob\u00fcslerin enerjisinde kullan\u0131lacak. Kayseri B\u00fcy\u00fck\u015fehir Belediyesi Ula\u015f\u0131m A.\u015e, kentteki tramvaylarda ve elektrikli otob\u00fcslerde kullan\u0131lmak \u00fczere \u0130ncesu il\u00e7esine 3 t\u00fcrbinden olu\u015fan RES projesini hayata ge\u00e7irdi. 1 milyar TL&#8217;lik yat\u0131r\u0131m ile yapt\u0131r\u0131lan 3 RES&#8217;ten y\u0131ll\u0131k 60 [&hellip;]","og_url":"https:\/\/memurunsesi.net\/index.php\/2025\/05\/14\/kayseride-tramvaylarin-ve-elektrikli-otobuslerin-enerjisi-resten-uretilecek\/","og_site_name":"Memurun Sesi","article_publisher":"https:\/\/www.facebook.com\/unipersen\/?locale=tr_TR","article_published_time":"2025-05-14T17:18:20+00:00","og_image":[{"width":2560,"height":1440,"url":"https:\/\/memurunsesi.net\/wp-content\/uploads\/2025\/05\/AW454776_02-scaled.jpg","type":"image\/jpeg"}],"author":"Memurun Sesi Haber Merkezi","twitter_card":"summary_large_image","twitter_creator":"@unipersen","twitter_site":"@unipersen","twitter_misc":{"Yazan:":"Memurun Sesi Haber Merkezi","Tahmini okuma s\u00fcresi":"1 dakika"},"schema":{"@context":"https:\/\/schema.org","@graph":[{"@type":"Article","@id":"https:\/\/memurunsesi.net\/index.php\/2025\/05\/14\/kayseride-tramvaylarin-ve-elektrikli-otobuslerin-enerjisi-resten-uretilecek\/#article","isPartOf":{"@id":"https:\/\/memurunsesi.net\/index.php\/2025\/05\/14\/kayseride-tramvaylarin-ve-elektrikli-otobuslerin-enerjisi-resten-uretilecek\/"},"author":{"name":"Memurun Sesi Haber Merkezi","@id":"https:\/\/memurunsesi.net\/#\/schema\/person\/f21c2d73b89f6ee1d80b0a1803e38587"},"headline":"Kayseri&#8217;de tramvaylar\u0131n ve elektrikli otob\u00fcslerin enerjisi RES&#8217;ten \u00fcretilecek","datePublished":"2025-05-14T17:18:20+00:00","mainEntityOfPage":{"@id":"https:\/\/memurunsesi.net\/index.php\/2025\/05\/14\/kayseride-tramvaylarin-ve-elektrikli-otobuslerin-enerjisi-resten-uretilecek\/"},"wordCount":358,"commentCount":0,"publisher":{"@id":"https:\/\/memurunsesi.net\/#organization"},"image":{"@id":"https:\/\/memurunsesi.net\/index.php\/2025\/05\/14\/kayseride-tramvaylarin-ve-elektrikli-otobuslerin-enerjisi-resten-uretilecek\/#primaryimage"},"thumbnailUrl":"https:\/\/memurunsesi.net\/wp-content\/uploads\/2025\/05\/AW454776_02-scaled.jpg","articleSection":["Ekonomi"],"inLanguage":"tr","potentialAction":[{"@type":"CommentAction","name":"Comment","target":["https:\/\/memurunsesi.net\/index.php\/2025\/05\/14\/kayseride-tramvaylarin-ve-elektrikli-otobuslerin-enerjisi-resten-uretilecek\/#respond"]}]},{"@type":"WebPage","@id":"https:\/\/memurunsesi.net\/index.php\/2025\/05\/14\/kayseride-tramvaylarin-ve-elektrikli-otobuslerin-enerjisi-resten-uretilecek\/","url":"https:\/\/memurunsesi.net\/index.php\/2025\/05\/14\/kayseride-tramvaylarin-ve-elektrikli-otobuslerin-enerjisi-resten-uretilecek\/","name":"Kayseri'de tramvaylar\u0131n ve elektrikli otob\u00fcslerin enerjisi RES'ten \u00fcretilecek - Memurun Sesi","isPartOf":{"@id":"https:\/\/memurunsesi.net\/#website"},"primaryImageOfPage":{"@id":"https:\/\/memurunsesi.net\/index.php\/2025\/05\/14\/kayseride-tramvaylarin-ve-elektrikli-otobuslerin-enerjisi-resten-uretilecek\/#primaryimage"},"image":{"@id":"https:\/\/memurunsesi.net\/index.php\/2025\/05\/14\/kayseride-tramvaylarin-ve-elektrikli-otobuslerin-enerjisi-resten-uretilecek\/#primaryimage"},"thumbnailUrl":"https:\/\/memurunsesi.net\/wp-content\/uploads\/2025\/05\/AW454776_02-scaled.jpg","datePublished":"2025-05-14T17:18:20+00:00","breadcrumb":{"@id":"https:\/\/memurunsesi.net\/index.php\/2025\/05\/14\/kayseride-tramvaylarin-ve-elektrikli-otobuslerin-enerjisi-resten-uretilecek\/#breadcrumb"},"inLanguage":"tr","potentialAction":[{"@type":"ReadAction","target":["https:\/\/memurunsesi.net\/index.php\/2025\/05\/14\/kayseride-tramvaylarin-ve-elektrikli-otobuslerin-enerjisi-resten-uretilecek\/"]}]},{"@type":"ImageObject","inLanguage":"tr","@id":"https:\/\/memurunsesi.net\/index.php\/2025\/05\/14\/kayseride-tramvaylarin-ve-elektrikli-otobuslerin-enerjisi-resten-uretilecek\/#primaryimage","url":"https:\/\/memurunsesi.net\/wp-content\/uploads\/2025\/05\/AW454776_02-scaled.jpg","contentUrl":"https:\/\/memurunsesi.net\/wp-content\/uploads\/2025\/05\/AW454776_02-scaled.jpg","width":2560,"height":1440,"caption":"KAYSER\u0130 B\u00dcY\u00dcK\u015eEH\u0130R BELED\u0130YES\u0130 ULA\u015eIM A\u015e TARAFINDAN YAPTIRILAN 3 T\u00dcRB\u0130NDEN OLU\u015eAN R\u00dcZGAR ENERJ\u0130 SANTRAL\u0130'NDEN (RES) \u00dcRET\u0130LEN ELEKTR\u0130K, ULA\u015eIMDA KULLANILAN TRAMVAY VE ELEKTR\u0130KL\u0130 OTOB\u00dcSLER\u0130N ENERJ\u0130S\u0130NDE KULLANILACAK. (AL\u0130 G\u00d6\u00c7\/KAYSER\u0130-\u0130HA) Kayseri B\u00fcy\u00fck\u015fehir Belediyesi Ula\u015f\u0131m A.\u015e taraf\u0131ndan yapt\u0131r\u0131lan 3 t\u00fcrbinden olu\u015fan R\u00fczgar Enerji Santrali'nden (RES) \u00fcretilen elektrik, ula\u015f\u0131mda kullan\u0131lan tramvay ve elektrikli otob\u00fcslerin enerjisinde kullan\u0131lacak."},{"@type":"BreadcrumbList","@id":"https:\/\/memurunsesi.net\/index.php\/2025\/05\/14\/kayseride-tramvaylarin-ve-elektrikli-otobuslerin-enerjisi-resten-uretilecek\/#breadcrumb","itemListElement":[{"@type":"ListItem","position":1,"name":"Anasayfa","item":"https:\/\/memurunsesi.net\/"},{"@type":"ListItem","position":2,"name":"Kayseri&#8217;de tramvaylar\u0131n ve elektrikli otob\u00fcslerin enerjisi RES&#8217;ten \u00fcretilecek"}]},{"@type":"WebSite","@id":"https:\/\/memurunsesi.net\/#website","url":"https:\/\/memurunsesi.net\/","name":"Memurun Sesi","description":"G\u00fcncel ve Do\u011fru Haber","publisher":{"@id":"https:\/\/memurunsesi.net\/#organization"},"potentialAction":[{"@type":"SearchAction","target":{"@type":"EntryPoint","urlTemplate":"https:\/\/memurunsesi.net\/?s={search_term_string}"},"query-input":{"@type":"PropertyValueSpecification","valueRequired":true,"valueName":"search_term_string"}}],"inLanguage":"tr"},{"@type":"Organization","@id":"https:\/\/memurunsesi.net\/#organization","name":"Memurun Sesi","url":"https:\/\/memurunsesi.net\/","logo":{"@type":"ImageObject","inLanguage":"tr","@id":"https:\/\/memurunsesi.net\/#\/schema\/logo\/image\/","url":"https:\/\/memurunsesi.net\/wp-content\/uploads\/2025\/11\/cropped-MEMURUN-SESI.png","contentUrl":"https:\/\/memurunsesi.net\/wp-content\/uploads\/2025\/11\/cropped-MEMURUN-SESI.png","width":238,"height":57,"caption":"Memurun Sesi"},"image":{"@id":"https:\/\/memurunsesi.net\/#\/schema\/logo\/image\/"},"sameAs":["https:\/\/www.facebook.com\/unipersen\/?locale=tr_TR","https:\/\/x.com\/unipersen"]},{"@type":"Person","@id":"https:\/\/memurunsesi.net\/#\/schema\/person\/f21c2d73b89f6ee1d80b0a1803e38587","name":"Memurun Sesi Haber Merkezi","image":{"@type":"ImageObject","inLanguage":"tr","@id":"https:\/\/secure.gravatar.com\/avatar\/6cf0505f452ee753f485014986fab09a434671d2b919ee76fc541025c5876a70?s=96&d=mm&r=g","url":"https:\/\/secure.gravatar.com\/avatar\/6cf0505f452ee753f485014986fab09a434671d2b919ee76fc541025c5876a70?s=96&d=mm&r=g","contentUrl":"https:\/\/secure.gravatar.com\/avatar\/6cf0505f452ee753f485014986fab09a434671d2b919ee76fc541025c5876a70?s=96&d=mm&r=g","caption":"Memurun Sesi Haber Merkezi"},"sameAs":["https:\/\/memurunsesi.net"],"url":"https:\/\/memurunsesi.net\/index.php\/author\/uniper\/"}]}},"_links":{"self":[{"href":"https:\/\/memurunsesi.net\/index.php\/wp-json\/wp\/v2\/posts\/6865","targetHints":{"allow":["GET"]}}],"collection":[{"href":"https:\/\/memurunsesi.net\/index.php\/wp-json\/wp\/v2\/posts"}],"about":[{"href":"https:\/\/memurunsesi.net\/index.php\/wp-json\/wp\/v2\/types\/post"}],"author":[{"embeddable":true,"href":"https:\/\/memurunsesi.net\/index.php\/wp-json\/wp\/v2\/users\/1"}],"replies":[{"embeddable":true,"href":"https:\/\/memurunsesi.net\/index.php\/wp-json\/wp\/v2\/comments?post=6865"}],"version-history":[{"count":1,"href":"https:\/\/memurunsesi.net\/index.php\/wp-json\/wp\/v2\/posts\/6865\/revisions"}],"predecessor-version":[{"id":6867,"href":"https:\/\/memurunsesi.net\/index.php\/wp-json\/wp\/v2\/posts\/6865\/revisions\/6867"}],"wp:featuredmedia":[{"embeddable":true,"href":"https:\/\/memurunsesi.net\/index.php\/wp-json\/wp\/v2\/media\/6866"}],"wp:attachment":[{"href":"https:\/\/memurunsesi.net\/index.php\/wp-json\/wp\/v2\/media?parent=6865"}],"wp:term":[{"taxonomy":"category","embeddable":true,"href":"https:\/\/memurunsesi.net\/index.php\/wp-json\/wp\/v2\/categories?post=6865"},{"taxonomy":"post_tag","embeddable":true,"href":"https:\/\/memurunsesi.net\/index.php\/wp-json\/wp\/v2\/tags?post=6865"}],"curies":[{"name":"wp","href":"https:\/\/api.w.org\/{rel}","templated":true}]}}