{"id":6901,"date":"2025-05-16T23:35:54","date_gmt":"2025-05-16T20:35:54","guid":{"rendered":"https:\/\/memurunsesi.net\/?p=6901"},"modified":"2025-05-16T23:35:54","modified_gmt":"2025-05-16T20:35:54","slug":"milli-muharip-ucak-kaana-guc-verecek-yerli-motorun-tasarimi-ortaya-cikti","status":"publish","type":"post","link":"https:\/\/memurunsesi.net\/index.php\/2025\/05\/16\/milli-muharip-ucak-kaana-guc-verecek-yerli-motorun-tasarimi-ortaya-cikti\/","title":{"rendered":"Milli Muharip U\u00e7ak KAAN\u2019a g\u00fc\u00e7 verecek yerli motorun tasar\u0131m\u0131 ortaya \u00e7\u0131kt\u0131"},"content":{"rendered":"<p>  Milli Muharip U\u00e7ak KAAN\u2019a g\u00fc\u00e7 verecek yerli motor TF35000\u2019in tasar\u0131m\u0131 ortaya \u00e7\u0131kt\u0131.<br \/>\nSavunma Sanayii Ba\u015fkanl\u0131\u011f\u0131 (SSB), koordinasyonunda Mill\u00ee Muharip U\u00e7ak (KAAN)\u2019\u0131n ihtiya\u00e7 duydu\u011fu 35 bin lbf itki \u00fcretecek milli turbofan motoru TF35000\u2019in tasar\u0131m\u0131 ortaya \u00e7\u0131kt\u0131.<br \/>\n  T\u00fcrkiye\u2019nin havac\u0131l\u0131k motorlar\u0131ndaki en b\u00fcy\u00fck at\u0131l\u0131mlar\u0131ndan birisi olarak nitelendirilen TF35000\u2019in \u00fczerine \u00e7al\u0131\u015fmalar TEI ve TRMotor taraf\u0131ndan ger\u00e7ekle\u015ftiriliyor. Bu \u00e7er\u00e7evede yerli motor TF35000\u2019in tasar\u0131m\u0131 TEI\u2019nin resmi web sitesine eklendi.<br \/>\n  \u00d6te yandan, Milli Muharip U\u00e7ak KAAN\u2019\u0131n ilk u\u00e7u\u015funu 2023 y\u0131l\u0131nda ger\u00e7ekle\u015ftirmesinin ard\u0131ndan, 2030\u2019lu y\u0131llar\u0131n ba\u015f\u0131nda envantere girmesi planlan\u0131yor. <\/p>\n<p>16.05.2025                              <\/p>\n","protected":false},"excerpt":{"rendered":"<p>Milli Muharip U\u00e7ak KAAN\u2019a g\u00fc\u00e7 verecek yerli motor TF35000\u2019in tasar\u0131m\u0131 ortaya \u00e7\u0131kt\u0131. Savunma Sanayii Ba\u015fkanl\u0131\u011f\u0131 (SSB), koordinasyonunda Mill\u00ee Muharip U\u00e7ak (KAAN)\u2019\u0131n ihtiya\u00e7 duydu\u011fu 35 bin lbf itki \u00fcretecek milli turbofan motoru TF35000\u2019in tasar\u0131m\u0131 ortaya \u00e7\u0131kt\u0131. T\u00fcrkiye\u2019nin havac\u0131l\u0131k motorlar\u0131ndaki en b\u00fcy\u00fck at\u0131l\u0131mlar\u0131ndan birisi olarak nitelendirilen TF35000\u2019in \u00fczerine \u00e7al\u0131\u015fmalar TEI ve TRMotor taraf\u0131ndan ger\u00e7ekle\u015ftiriliyor. Bu \u00e7er\u00e7evede yerli [&hellip;]<\/p>\n","protected":false},"author":1,"featured_media":6902,"comment_status":"open","ping_status":"open","sticky":false,"template":"","format":"standard","meta":{"footnotes":""},"categories":[51],"tags":[],"class_list":["post-6901","post","type-post","status-publish","format-standard","has-post-thumbnail","hentry","category-teknoloji"],"yoast_head":"<!-- This site is optimized with the Yoast SEO plugin v27.4 - https:\/\/yoast.com\/product\/yoast-seo-wordpress\/ -->\n<title>Milli Muharip U\u00e7ak KAAN\u2019a g\u00fc\u00e7 verecek yerli motorun tasar\u0131m\u0131 ortaya \u00e7\u0131kt\u0131 - Memurun Sesi<\/title>\n<meta name=\"robots\" content=\"index, follow, max-snippet:-1, max-image-preview:large, max-video-preview:-1\" \/>\n<link rel=\"canonical\" href=\"https:\/\/memurunsesi.net\/index.php\/2025\/05\/16\/milli-muharip-ucak-kaana-guc-verecek-yerli-motorun-tasarimi-ortaya-cikti\/\" \/>\n<meta property=\"og:locale\" content=\"tr_TR\" \/>\n<meta property=\"og:type\" content=\"article\" \/>\n<meta property=\"og:title\" content=\"Milli Muharip U\u00e7ak KAAN\u2019a g\u00fc\u00e7 verecek yerli motorun tasar\u0131m\u0131 ortaya \u00e7\u0131kt\u0131 - Memurun Sesi\" \/>\n<meta property=\"og:description\" content=\"Milli Muharip U\u00e7ak KAAN\u2019a g\u00fc\u00e7 verecek yerli motor TF35000\u2019in tasar\u0131m\u0131 ortaya \u00e7\u0131kt\u0131. Savunma Sanayii Ba\u015fkanl\u0131\u011f\u0131 (SSB), koordinasyonunda Mill\u00ee Muharip U\u00e7ak (KAAN)\u2019\u0131n ihtiya\u00e7 duydu\u011fu 35 bin lbf itki \u00fcretecek milli turbofan motoru TF35000\u2019in tasar\u0131m\u0131 ortaya \u00e7\u0131kt\u0131. T\u00fcrkiye\u2019nin havac\u0131l\u0131k motorlar\u0131ndaki en b\u00fcy\u00fck at\u0131l\u0131mlar\u0131ndan birisi olarak nitelendirilen TF35000\u2019in \u00fczerine \u00e7al\u0131\u015fmalar TEI ve TRMotor taraf\u0131ndan ger\u00e7ekle\u015ftiriliyor. Bu \u00e7er\u00e7evede yerli [&hellip;]\" \/>\n<meta property=\"og:url\" content=\"https:\/\/memurunsesi.net\/index.php\/2025\/05\/16\/milli-muharip-ucak-kaana-guc-verecek-yerli-motorun-tasarimi-ortaya-cikti\/\" \/>\n<meta property=\"og:site_name\" content=\"Memurun Sesi\" \/>\n<meta property=\"article:publisher\" content=\"https:\/\/www.facebook.com\/unipersen\/?locale=tr_TR\" \/>\n<meta property=\"article:published_time\" content=\"2025-05-16T20:35:54+00:00\" \/>\n<meta property=\"og:image\" content=\"https:\/\/memurunsesi.net\/wp-content\/uploads\/2025\/05\/AW456457_02.jpg\" \/>\n\t<meta property=\"og:image:width\" content=\"750\" \/>\n\t<meta property=\"og:image:height\" content=\"260\" \/>\n\t<meta property=\"og:image:type\" content=\"image\/jpeg\" \/>\n<meta name=\"author\" content=\"Memurun Sesi Haber Merkezi\" \/>\n<meta name=\"twitter:card\" content=\"summary_large_image\" \/>\n<meta name=\"twitter:creator\" content=\"@unipersen\" \/>\n<meta name=\"twitter:site\" content=\"@unipersen\" \/>\n<meta name=\"twitter:label1\" content=\"Yazan:\" \/>\n\t<meta name=\"twitter:data1\" content=\"Memurun Sesi Haber Merkezi\" \/>\n\t<meta name=\"twitter:label2\" content=\"Tahmini okuma s\u00fcresi\" \/>\n\t<meta name=\"twitter:data2\" content=\"1 dakika\" \/>\n<script type=\"application\/ld+json\" class=\"yoast-schema-graph\">{\"@context\":\"https:\\\/\\\/schema.org\",\"@graph\":[{\"@type\":\"Article\",\"@id\":\"https:\\\/\\\/memurunsesi.net\\\/index.php\\\/2025\\\/05\\\/16\\\/milli-muharip-ucak-kaana-guc-verecek-yerli-motorun-tasarimi-ortaya-cikti\\\/#article\",\"isPartOf\":{\"@id\":\"https:\\\/\\\/memurunsesi.net\\\/index.php\\\/2025\\\/05\\\/16\\\/milli-muharip-ucak-kaana-guc-verecek-yerli-motorun-tasarimi-ortaya-cikti\\\/\"},\"author\":{\"name\":\"Memurun Sesi Haber Merkezi\",\"@id\":\"https:\\\/\\\/memurunsesi.net\\\/#\\\/schema\\\/person\\\/f21c2d73b89f6ee1d80b0a1803e38587\"},\"headline\":\"Milli Muharip U\u00e7ak KAAN\u2019a g\u00fc\u00e7 verecek yerli motorun tasar\u0131m\u0131 ortaya \u00e7\u0131kt\u0131\",\"datePublished\":\"2025-05-16T20:35:54+00:00\",\"mainEntityOfPage\":{\"@id\":\"https:\\\/\\\/memurunsesi.net\\\/index.php\\\/2025\\\/05\\\/16\\\/milli-muharip-ucak-kaana-guc-verecek-yerli-motorun-tasarimi-ortaya-cikti\\\/\"},\"wordCount\":135,\"commentCount\":0,\"publisher\":{\"@id\":\"https:\\\/\\\/memurunsesi.net\\\/#organization\"},\"image\":{\"@id\":\"https:\\\/\\\/memurunsesi.net\\\/index.php\\\/2025\\\/05\\\/16\\\/milli-muharip-ucak-kaana-guc-verecek-yerli-motorun-tasarimi-ortaya-cikti\\\/#primaryimage\"},\"thumbnailUrl\":\"https:\\\/\\\/memurunsesi.net\\\/wp-content\\\/uploads\\\/2025\\\/05\\\/AW456457_02.jpg\",\"articleSection\":[\"Teknoloji\"],\"inLanguage\":\"tr\",\"potentialAction\":[{\"@type\":\"CommentAction\",\"name\":\"Comment\",\"target\":[\"https:\\\/\\\/memurunsesi.net\\\/index.php\\\/2025\\\/05\\\/16\\\/milli-muharip-ucak-kaana-guc-verecek-yerli-motorun-tasarimi-ortaya-cikti\\\/#respond\"]}]},{\"@type\":\"WebPage\",\"@id\":\"https:\\\/\\\/memurunsesi.net\\\/index.php\\\/2025\\\/05\\\/16\\\/milli-muharip-ucak-kaana-guc-verecek-yerli-motorun-tasarimi-ortaya-cikti\\\/\",\"url\":\"https:\\\/\\\/memurunsesi.net\\\/index.php\\\/2025\\\/05\\\/16\\\/milli-muharip-ucak-kaana-guc-verecek-yerli-motorun-tasarimi-ortaya-cikti\\\/\",\"name\":\"Milli Muharip U\u00e7ak KAAN\u2019a g\u00fc\u00e7 verecek yerli motorun tasar\u0131m\u0131 ortaya \u00e7\u0131kt\u0131 - Memurun Sesi\",\"isPartOf\":{\"@id\":\"https:\\\/\\\/memurunsesi.net\\\/#website\"},\"primaryImageOfPage\":{\"@id\":\"https:\\\/\\\/memurunsesi.net\\\/index.php\\\/2025\\\/05\\\/16\\\/milli-muharip-ucak-kaana-guc-verecek-yerli-motorun-tasarimi-ortaya-cikti\\\/#primaryimage\"},\"image\":{\"@id\":\"https:\\\/\\\/memurunsesi.net\\\/index.php\\\/2025\\\/05\\\/16\\\/milli-muharip-ucak-kaana-guc-verecek-yerli-motorun-tasarimi-ortaya-cikti\\\/#primaryimage\"},\"thumbnailUrl\":\"https:\\\/\\\/memurunsesi.net\\\/wp-content\\\/uploads\\\/2025\\\/05\\\/AW456457_02.jpg\",\"datePublished\":\"2025-05-16T20:35:54+00:00\",\"breadcrumb\":{\"@id\":\"https:\\\/\\\/memurunsesi.net\\\/index.php\\\/2025\\\/05\\\/16\\\/milli-muharip-ucak-kaana-guc-verecek-yerli-motorun-tasarimi-ortaya-cikti\\\/#breadcrumb\"},\"inLanguage\":\"tr\",\"potentialAction\":[{\"@type\":\"ReadAction\",\"target\":[\"https:\\\/\\\/memurunsesi.net\\\/index.php\\\/2025\\\/05\\\/16\\\/milli-muharip-ucak-kaana-guc-verecek-yerli-motorun-tasarimi-ortaya-cikti\\\/\"]}]},{\"@type\":\"ImageObject\",\"inLanguage\":\"tr\",\"@id\":\"https:\\\/\\\/memurunsesi.net\\\/index.php\\\/2025\\\/05\\\/16\\\/milli-muharip-ucak-kaana-guc-verecek-yerli-motorun-tasarimi-ortaya-cikti\\\/#primaryimage\",\"url\":\"https:\\\/\\\/memurunsesi.net\\\/wp-content\\\/uploads\\\/2025\\\/05\\\/AW456457_02.jpg\",\"contentUrl\":\"https:\\\/\\\/memurunsesi.net\\\/wp-content\\\/uploads\\\/2025\\\/05\\\/AW456457_02.jpg\",\"width\":750,\"height\":260,\"caption\":\"M\u0130LL\u0130 MUHAR\u0130P U\u00c7AK KAAN'A G\u00dc\u00c7 VERECEK YERL\u0130 MOTOR TF35000'\u0130N TASARIMI ORTAYA \u00c7IKTI. (\u0130HA\\\/ANKARA-\u0130HA) Milli Muharip U\u00e7ak KAAN'a g\u00fc\u00e7 verecek yerli motor TF35000'in tasar\u0131m\u0131 ortaya \u00e7\u0131kt\u0131.\"},{\"@type\":\"BreadcrumbList\",\"@id\":\"https:\\\/\\\/memurunsesi.net\\\/index.php\\\/2025\\\/05\\\/16\\\/milli-muharip-ucak-kaana-guc-verecek-yerli-motorun-tasarimi-ortaya-cikti\\\/#breadcrumb\",\"itemListElement\":[{\"@type\":\"ListItem\",\"position\":1,\"name\":\"Anasayfa\",\"item\":\"https:\\\/\\\/memurunsesi.net\\\/\"},{\"@type\":\"ListItem\",\"position\":2,\"name\":\"Milli Muharip U\u00e7ak KAAN\u2019a g\u00fc\u00e7 verecek yerli motorun tasar\u0131m\u0131 ortaya \u00e7\u0131kt\u0131\"}]},{\"@type\":\"WebSite\",\"@id\":\"https:\\\/\\\/memurunsesi.net\\\/#website\",\"url\":\"https:\\\/\\\/memurunsesi.net\\\/\",\"name\":\"Memurun Sesi\",\"description\":\"G\u00fcncel ve Do\u011fru Haber\",\"publisher\":{\"@id\":\"https:\\\/\\\/memurunsesi.net\\\/#organization\"},\"potentialAction\":[{\"@type\":\"SearchAction\",\"target\":{\"@type\":\"EntryPoint\",\"urlTemplate\":\"https:\\\/\\\/memurunsesi.net\\\/?s={search_term_string}\"},\"query-input\":{\"@type\":\"PropertyValueSpecification\",\"valueRequired\":true,\"valueName\":\"search_term_string\"}}],\"inLanguage\":\"tr\"},{\"@type\":\"Organization\",\"@id\":\"https:\\\/\\\/memurunsesi.net\\\/#organization\",\"name\":\"Memurun Sesi\",\"url\":\"https:\\\/\\\/memurunsesi.net\\\/\",\"logo\":{\"@type\":\"ImageObject\",\"inLanguage\":\"tr\",\"@id\":\"https:\\\/\\\/memurunsesi.net\\\/#\\\/schema\\\/logo\\\/image\\\/\",\"url\":\"https:\\\/\\\/memurunsesi.net\\\/wp-content\\\/uploads\\\/2025\\\/11\\\/cropped-MEMURUN-SESI.png\",\"contentUrl\":\"https:\\\/\\\/memurunsesi.net\\\/wp-content\\\/uploads\\\/2025\\\/11\\\/cropped-MEMURUN-SESI.png\",\"width\":238,\"height\":57,\"caption\":\"Memurun Sesi\"},\"image\":{\"@id\":\"https:\\\/\\\/memurunsesi.net\\\/#\\\/schema\\\/logo\\\/image\\\/\"},\"sameAs\":[\"https:\\\/\\\/www.facebook.com\\\/unipersen\\\/?locale=tr_TR\",\"https:\\\/\\\/x.com\\\/unipersen\"]},{\"@type\":\"Person\",\"@id\":\"https:\\\/\\\/memurunsesi.net\\\/#\\\/schema\\\/person\\\/f21c2d73b89f6ee1d80b0a1803e38587\",\"name\":\"Memurun Sesi Haber Merkezi\",\"image\":{\"@type\":\"ImageObject\",\"inLanguage\":\"tr\",\"@id\":\"https:\\\/\\\/secure.gravatar.com\\\/avatar\\\/6cf0505f452ee753f485014986fab09a434671d2b919ee76fc541025c5876a70?s=96&d=mm&r=g\",\"url\":\"https:\\\/\\\/secure.gravatar.com\\\/avatar\\\/6cf0505f452ee753f485014986fab09a434671d2b919ee76fc541025c5876a70?s=96&d=mm&r=g\",\"contentUrl\":\"https:\\\/\\\/secure.gravatar.com\\\/avatar\\\/6cf0505f452ee753f485014986fab09a434671d2b919ee76fc541025c5876a70?s=96&d=mm&r=g\",\"caption\":\"Memurun Sesi Haber Merkezi\"},\"sameAs\":[\"https:\\\/\\\/memurunsesi.net\"],\"url\":\"https:\\\/\\\/memurunsesi.net\\\/index.php\\\/author\\\/uniper\\\/\"}]}<\/script>\n<!-- \/ Yoast SEO plugin. -->","yoast_head_json":{"title":"Milli Muharip U\u00e7ak KAAN\u2019a g\u00fc\u00e7 verecek yerli motorun tasar\u0131m\u0131 ortaya \u00e7\u0131kt\u0131 - Memurun Sesi","robots":{"index":"index","follow":"follow","max-snippet":"max-snippet:-1","max-image-preview":"max-image-preview:large","max-video-preview":"max-video-preview:-1"},"canonical":"https:\/\/memurunsesi.net\/index.php\/2025\/05\/16\/milli-muharip-ucak-kaana-guc-verecek-yerli-motorun-tasarimi-ortaya-cikti\/","og_locale":"tr_TR","og_type":"article","og_title":"Milli Muharip U\u00e7ak KAAN\u2019a g\u00fc\u00e7 verecek yerli motorun tasar\u0131m\u0131 ortaya \u00e7\u0131kt\u0131 - Memurun Sesi","og_description":"Milli Muharip U\u00e7ak KAAN\u2019a g\u00fc\u00e7 verecek yerli motor TF35000\u2019in tasar\u0131m\u0131 ortaya \u00e7\u0131kt\u0131. Savunma Sanayii Ba\u015fkanl\u0131\u011f\u0131 (SSB), koordinasyonunda Mill\u00ee Muharip U\u00e7ak (KAAN)\u2019\u0131n ihtiya\u00e7 duydu\u011fu 35 bin lbf itki \u00fcretecek milli turbofan motoru TF35000\u2019in tasar\u0131m\u0131 ortaya \u00e7\u0131kt\u0131. T\u00fcrkiye\u2019nin havac\u0131l\u0131k motorlar\u0131ndaki en b\u00fcy\u00fck at\u0131l\u0131mlar\u0131ndan birisi olarak nitelendirilen TF35000\u2019in \u00fczerine \u00e7al\u0131\u015fmalar TEI ve TRMotor taraf\u0131ndan ger\u00e7ekle\u015ftiriliyor. Bu \u00e7er\u00e7evede yerli [&hellip;]","og_url":"https:\/\/memurunsesi.net\/index.php\/2025\/05\/16\/milli-muharip-ucak-kaana-guc-verecek-yerli-motorun-tasarimi-ortaya-cikti\/","og_site_name":"Memurun Sesi","article_publisher":"https:\/\/www.facebook.com\/unipersen\/?locale=tr_TR","article_published_time":"2025-05-16T20:35:54+00:00","og_image":[{"width":750,"height":260,"url":"https:\/\/memurunsesi.net\/wp-content\/uploads\/2025\/05\/AW456457_02.jpg","type":"image\/jpeg"}],"author":"Memurun Sesi Haber Merkezi","twitter_card":"summary_large_image","twitter_creator":"@unipersen","twitter_site":"@unipersen","twitter_misc":{"Yazan:":"Memurun Sesi Haber Merkezi","Tahmini okuma s\u00fcresi":"1 dakika"},"schema":{"@context":"https:\/\/schema.org","@graph":[{"@type":"Article","@id":"https:\/\/memurunsesi.net\/index.php\/2025\/05\/16\/milli-muharip-ucak-kaana-guc-verecek-yerli-motorun-tasarimi-ortaya-cikti\/#article","isPartOf":{"@id":"https:\/\/memurunsesi.net\/index.php\/2025\/05\/16\/milli-muharip-ucak-kaana-guc-verecek-yerli-motorun-tasarimi-ortaya-cikti\/"},"author":{"name":"Memurun Sesi Haber Merkezi","@id":"https:\/\/memurunsesi.net\/#\/schema\/person\/f21c2d73b89f6ee1d80b0a1803e38587"},"headline":"Milli Muharip U\u00e7ak KAAN\u2019a g\u00fc\u00e7 verecek yerli motorun tasar\u0131m\u0131 ortaya \u00e7\u0131kt\u0131","datePublished":"2025-05-16T20:35:54+00:00","mainEntityOfPage":{"@id":"https:\/\/memurunsesi.net\/index.php\/2025\/05\/16\/milli-muharip-ucak-kaana-guc-verecek-yerli-motorun-tasarimi-ortaya-cikti\/"},"wordCount":135,"commentCount":0,"publisher":{"@id":"https:\/\/memurunsesi.net\/#organization"},"image":{"@id":"https:\/\/memurunsesi.net\/index.php\/2025\/05\/16\/milli-muharip-ucak-kaana-guc-verecek-yerli-motorun-tasarimi-ortaya-cikti\/#primaryimage"},"thumbnailUrl":"https:\/\/memurunsesi.net\/wp-content\/uploads\/2025\/05\/AW456457_02.jpg","articleSection":["Teknoloji"],"inLanguage":"tr","potentialAction":[{"@type":"CommentAction","name":"Comment","target":["https:\/\/memurunsesi.net\/index.php\/2025\/05\/16\/milli-muharip-ucak-kaana-guc-verecek-yerli-motorun-tasarimi-ortaya-cikti\/#respond"]}]},{"@type":"WebPage","@id":"https:\/\/memurunsesi.net\/index.php\/2025\/05\/16\/milli-muharip-ucak-kaana-guc-verecek-yerli-motorun-tasarimi-ortaya-cikti\/","url":"https:\/\/memurunsesi.net\/index.php\/2025\/05\/16\/milli-muharip-ucak-kaana-guc-verecek-yerli-motorun-tasarimi-ortaya-cikti\/","name":"Milli Muharip U\u00e7ak KAAN\u2019a g\u00fc\u00e7 verecek yerli motorun tasar\u0131m\u0131 ortaya \u00e7\u0131kt\u0131 - Memurun Sesi","isPartOf":{"@id":"https:\/\/memurunsesi.net\/#website"},"primaryImageOfPage":{"@id":"https:\/\/memurunsesi.net\/index.php\/2025\/05\/16\/milli-muharip-ucak-kaana-guc-verecek-yerli-motorun-tasarimi-ortaya-cikti\/#primaryimage"},"image":{"@id":"https:\/\/memurunsesi.net\/index.php\/2025\/05\/16\/milli-muharip-ucak-kaana-guc-verecek-yerli-motorun-tasarimi-ortaya-cikti\/#primaryimage"},"thumbnailUrl":"https:\/\/memurunsesi.net\/wp-content\/uploads\/2025\/05\/AW456457_02.jpg","datePublished":"2025-05-16T20:35:54+00:00","breadcrumb":{"@id":"https:\/\/memurunsesi.net\/index.php\/2025\/05\/16\/milli-muharip-ucak-kaana-guc-verecek-yerli-motorun-tasarimi-ortaya-cikti\/#breadcrumb"},"inLanguage":"tr","potentialAction":[{"@type":"ReadAction","target":["https:\/\/memurunsesi.net\/index.php\/2025\/05\/16\/milli-muharip-ucak-kaana-guc-verecek-yerli-motorun-tasarimi-ortaya-cikti\/"]}]},{"@type":"ImageObject","inLanguage":"tr","@id":"https:\/\/memurunsesi.net\/index.php\/2025\/05\/16\/milli-muharip-ucak-kaana-guc-verecek-yerli-motorun-tasarimi-ortaya-cikti\/#primaryimage","url":"https:\/\/memurunsesi.net\/wp-content\/uploads\/2025\/05\/AW456457_02.jpg","contentUrl":"https:\/\/memurunsesi.net\/wp-content\/uploads\/2025\/05\/AW456457_02.jpg","width":750,"height":260,"caption":"M\u0130LL\u0130 MUHAR\u0130P U\u00c7AK KAAN'A G\u00dc\u00c7 VERECEK YERL\u0130 MOTOR TF35000'\u0130N TASARIMI ORTAYA \u00c7IKTI. (\u0130HA\/ANKARA-\u0130HA) Milli Muharip U\u00e7ak KAAN'a g\u00fc\u00e7 verecek yerli motor TF35000'in tasar\u0131m\u0131 ortaya \u00e7\u0131kt\u0131."},{"@type":"BreadcrumbList","@id":"https:\/\/memurunsesi.net\/index.php\/2025\/05\/16\/milli-muharip-ucak-kaana-guc-verecek-yerli-motorun-tasarimi-ortaya-cikti\/#breadcrumb","itemListElement":[{"@type":"ListItem","position":1,"name":"Anasayfa","item":"https:\/\/memurunsesi.net\/"},{"@type":"ListItem","position":2,"name":"Milli Muharip U\u00e7ak KAAN\u2019a g\u00fc\u00e7 verecek yerli motorun tasar\u0131m\u0131 ortaya \u00e7\u0131kt\u0131"}]},{"@type":"WebSite","@id":"https:\/\/memurunsesi.net\/#website","url":"https:\/\/memurunsesi.net\/","name":"Memurun Sesi","description":"G\u00fcncel ve Do\u011fru Haber","publisher":{"@id":"https:\/\/memurunsesi.net\/#organization"},"potentialAction":[{"@type":"SearchAction","target":{"@type":"EntryPoint","urlTemplate":"https:\/\/memurunsesi.net\/?s={search_term_string}"},"query-input":{"@type":"PropertyValueSpecification","valueRequired":true,"valueName":"search_term_string"}}],"inLanguage":"tr"},{"@type":"Organization","@id":"https:\/\/memurunsesi.net\/#organization","name":"Memurun Sesi","url":"https:\/\/memurunsesi.net\/","logo":{"@type":"ImageObject","inLanguage":"tr","@id":"https:\/\/memurunsesi.net\/#\/schema\/logo\/image\/","url":"https:\/\/memurunsesi.net\/wp-content\/uploads\/2025\/11\/cropped-MEMURUN-SESI.png","contentUrl":"https:\/\/memurunsesi.net\/wp-content\/uploads\/2025\/11\/cropped-MEMURUN-SESI.png","width":238,"height":57,"caption":"Memurun Sesi"},"image":{"@id":"https:\/\/memurunsesi.net\/#\/schema\/logo\/image\/"},"sameAs":["https:\/\/www.facebook.com\/unipersen\/?locale=tr_TR","https:\/\/x.com\/unipersen"]},{"@type":"Person","@id":"https:\/\/memurunsesi.net\/#\/schema\/person\/f21c2d73b89f6ee1d80b0a1803e38587","name":"Memurun Sesi Haber Merkezi","image":{"@type":"ImageObject","inLanguage":"tr","@id":"https:\/\/secure.gravatar.com\/avatar\/6cf0505f452ee753f485014986fab09a434671d2b919ee76fc541025c5876a70?s=96&d=mm&r=g","url":"https:\/\/secure.gravatar.com\/avatar\/6cf0505f452ee753f485014986fab09a434671d2b919ee76fc541025c5876a70?s=96&d=mm&r=g","contentUrl":"https:\/\/secure.gravatar.com\/avatar\/6cf0505f452ee753f485014986fab09a434671d2b919ee76fc541025c5876a70?s=96&d=mm&r=g","caption":"Memurun Sesi Haber Merkezi"},"sameAs":["https:\/\/memurunsesi.net"],"url":"https:\/\/memurunsesi.net\/index.php\/author\/uniper\/"}]}},"_links":{"self":[{"href":"https:\/\/memurunsesi.net\/index.php\/wp-json\/wp\/v2\/posts\/6901","targetHints":{"allow":["GET"]}}],"collection":[{"href":"https:\/\/memurunsesi.net\/index.php\/wp-json\/wp\/v2\/posts"}],"about":[{"href":"https:\/\/memurunsesi.net\/index.php\/wp-json\/wp\/v2\/types\/post"}],"author":[{"embeddable":true,"href":"https:\/\/memurunsesi.net\/index.php\/wp-json\/wp\/v2\/users\/1"}],"replies":[{"embeddable":true,"href":"https:\/\/memurunsesi.net\/index.php\/wp-json\/wp\/v2\/comments?post=6901"}],"version-history":[{"count":1,"href":"https:\/\/memurunsesi.net\/index.php\/wp-json\/wp\/v2\/posts\/6901\/revisions"}],"predecessor-version":[{"id":6903,"href":"https:\/\/memurunsesi.net\/index.php\/wp-json\/wp\/v2\/posts\/6901\/revisions\/6903"}],"wp:featuredmedia":[{"embeddable":true,"href":"https:\/\/memurunsesi.net\/index.php\/wp-json\/wp\/v2\/media\/6902"}],"wp:attachment":[{"href":"https:\/\/memurunsesi.net\/index.php\/wp-json\/wp\/v2\/media?parent=6901"}],"wp:term":[{"taxonomy":"category","embeddable":true,"href":"https:\/\/memurunsesi.net\/index.php\/wp-json\/wp\/v2\/categories?post=6901"},{"taxonomy":"post_tag","embeddable":true,"href":"https:\/\/memurunsesi.net\/index.php\/wp-json\/wp\/v2\/tags?post=6901"}],"curies":[{"name":"wp","href":"https:\/\/api.w.org\/{rel}","templated":true}]}}