{"id":6904,"date":"2025-05-16T23:37:33","date_gmt":"2025-05-16T20:37:33","guid":{"rendered":"https:\/\/memurunsesi.net\/?p=6904"},"modified":"2025-05-16T23:37:33","modified_gmt":"2025-05-16T20:37:33","slug":"bakan-guler-katar-savunma-islerinden-sorumlu-devlet-bakani-al-sani-ile-bir-araya-geldi","status":"publish","type":"post","link":"https:\/\/memurunsesi.net\/index.php\/2025\/05\/16\/bakan-guler-katar-savunma-islerinden-sorumlu-devlet-bakani-al-sani-ile-bir-araya-geldi\/","title":{"rendered":"Bakan G\u00fcler Katar Savunma \u0130\u015flerinden Sorumlu Devlet Bakan\u0131 Al Sani ile bir araya geldi"},"content":{"rendered":"<p>  Mill\u00ee Savunma Bakan\u0131 Ya\u015far G\u00fcler, resm\u00ee davetlisi olarak Ankara&#8217;ya gelen Katar Ba\u015fbakan Yard\u0131mc\u0131s\u0131 ve Savunma \u0130\u015flerinden Sorumlu Devlet Bakan\u0131 \u015eeyh Suud Bin Abdulrahman Bin Hasan Bin Ali Al Sani ile bir araya geldi.<br \/>\n  Bakan G\u00fcler, resm\u00ee davetlisi olarak Ankara&#8217;ya gelen Katar Ba\u015fbakan Yard\u0131mc\u0131s\u0131 ve Savunma \u0130\u015flerinden Sorumlu Devlet Bakan\u0131 \u015eeyh Suud Bin Abdulrahman Bin Hasan Bin Ali Al Sani ile bir araya geldi. Al Sani Milli Savunma Bakanl\u0131\u011f\u0131&#8217;nda askeri t\u00f6renle kar\u015f\u0131land\u0131. Al Sani&#8217;nin t\u00f6ren k\u0131tas\u0131n\u0131 T\u00fcrk\u00e7e selamlamas\u0131n\u0131n ard\u0131ndan ikili bas\u0131na kapal\u0131 olarak g\u00f6r\u00fc\u015ft\u00fc. <\/p>\n<p>16.05.2025                                  <\/p>\n","protected":false},"excerpt":{"rendered":"<p>Mill\u00ee Savunma Bakan\u0131 Ya\u015far G\u00fcler, resm\u00ee davetlisi olarak Ankara&#8217;ya gelen Katar Ba\u015fbakan Yard\u0131mc\u0131s\u0131 ve Savunma \u0130\u015flerinden Sorumlu Devlet Bakan\u0131 \u015eeyh Suud Bin Abdulrahman Bin Hasan Bin Ali Al Sani ile bir araya geldi. Bakan G\u00fcler, resm\u00ee davetlisi olarak Ankara&#8217;ya gelen Katar Ba\u015fbakan Yard\u0131mc\u0131s\u0131 ve Savunma \u0130\u015flerinden Sorumlu Devlet Bakan\u0131 \u015eeyh Suud Bin Abdulrahman Bin Hasan [&hellip;]<\/p>\n","protected":false},"author":1,"featured_media":6905,"comment_status":"open","ping_status":"open","sticky":false,"template":"","format":"standard","meta":{"footnotes":""},"categories":[1],"tags":[],"class_list":["post-6904","post","type-post","status-publish","format-standard","has-post-thumbnail","hentry","category-genel"],"yoast_head":"<!-- This site is optimized with the Yoast SEO plugin v27.4 - https:\/\/yoast.com\/product\/yoast-seo-wordpress\/ -->\n<title>Bakan G\u00fcler Katar Savunma \u0130\u015flerinden Sorumlu Devlet Bakan\u0131 Al Sani ile bir araya geldi - Memurun Sesi<\/title>\n<meta name=\"robots\" content=\"index, follow, max-snippet:-1, max-image-preview:large, max-video-preview:-1\" \/>\n<link rel=\"canonical\" href=\"https:\/\/memurunsesi.net\/index.php\/2025\/05\/16\/bakan-guler-katar-savunma-islerinden-sorumlu-devlet-bakani-al-sani-ile-bir-araya-geldi\/\" \/>\n<meta property=\"og:locale\" content=\"tr_TR\" \/>\n<meta property=\"og:type\" content=\"article\" \/>\n<meta property=\"og:title\" content=\"Bakan G\u00fcler Katar Savunma \u0130\u015flerinden Sorumlu Devlet Bakan\u0131 Al Sani ile bir araya geldi - Memurun Sesi\" \/>\n<meta property=\"og:description\" content=\"Mill\u00ee Savunma Bakan\u0131 Ya\u015far G\u00fcler, resm\u00ee davetlisi olarak Ankara&#8217;ya gelen Katar Ba\u015fbakan Yard\u0131mc\u0131s\u0131 ve Savunma \u0130\u015flerinden Sorumlu Devlet Bakan\u0131 \u015eeyh Suud Bin Abdulrahman Bin Hasan Bin Ali Al Sani ile bir araya geldi. Bakan G\u00fcler, resm\u00ee davetlisi olarak Ankara&#8217;ya gelen Katar Ba\u015fbakan Yard\u0131mc\u0131s\u0131 ve Savunma \u0130\u015flerinden Sorumlu Devlet Bakan\u0131 \u015eeyh Suud Bin Abdulrahman Bin Hasan [&hellip;]\" \/>\n<meta property=\"og:url\" content=\"https:\/\/memurunsesi.net\/index.php\/2025\/05\/16\/bakan-guler-katar-savunma-islerinden-sorumlu-devlet-bakani-al-sani-ile-bir-araya-geldi\/\" \/>\n<meta property=\"og:site_name\" content=\"Memurun Sesi\" \/>\n<meta property=\"article:publisher\" content=\"https:\/\/www.facebook.com\/unipersen\/?locale=tr_TR\" \/>\n<meta property=\"article:published_time\" content=\"2025-05-16T20:37:33+00:00\" \/>\n<meta property=\"og:image\" content=\"https:\/\/memurunsesi.net\/wp-content\/uploads\/2025\/05\/AW456375_01.jpg\" \/>\n\t<meta property=\"og:image:width\" content=\"2560\" \/>\n\t<meta property=\"og:image:height\" content=\"1706\" \/>\n\t<meta property=\"og:image:type\" content=\"image\/jpeg\" \/>\n<meta name=\"author\" content=\"Memurun Sesi Haber Merkezi\" \/>\n<meta name=\"twitter:card\" content=\"summary_large_image\" \/>\n<meta name=\"twitter:creator\" content=\"@unipersen\" \/>\n<meta name=\"twitter:site\" content=\"@unipersen\" \/>\n<meta name=\"twitter:label1\" content=\"Yazan:\" \/>\n\t<meta name=\"twitter:data1\" content=\"Memurun Sesi Haber Merkezi\" \/>\n\t<meta name=\"twitter:label2\" content=\"Tahmini okuma s\u00fcresi\" \/>\n\t<meta name=\"twitter:data2\" content=\"1 dakika\" \/>\n<script type=\"application\/ld+json\" class=\"yoast-schema-graph\">{\"@context\":\"https:\\\/\\\/schema.org\",\"@graph\":[{\"@type\":\"Article\",\"@id\":\"https:\\\/\\\/memurunsesi.net\\\/index.php\\\/2025\\\/05\\\/16\\\/bakan-guler-katar-savunma-islerinden-sorumlu-devlet-bakani-al-sani-ile-bir-araya-geldi\\\/#article\",\"isPartOf\":{\"@id\":\"https:\\\/\\\/memurunsesi.net\\\/index.php\\\/2025\\\/05\\\/16\\\/bakan-guler-katar-savunma-islerinden-sorumlu-devlet-bakani-al-sani-ile-bir-araya-geldi\\\/\"},\"author\":{\"name\":\"Memurun Sesi Haber Merkezi\",\"@id\":\"https:\\\/\\\/memurunsesi.net\\\/#\\\/schema\\\/person\\\/f21c2d73b89f6ee1d80b0a1803e38587\"},\"headline\":\"Bakan G\u00fcler Katar Savunma \u0130\u015flerinden Sorumlu Devlet Bakan\u0131 Al Sani ile bir araya geldi\",\"datePublished\":\"2025-05-16T20:37:33+00:00\",\"mainEntityOfPage\":{\"@id\":\"https:\\\/\\\/memurunsesi.net\\\/index.php\\\/2025\\\/05\\\/16\\\/bakan-guler-katar-savunma-islerinden-sorumlu-devlet-bakani-al-sani-ile-bir-araya-geldi\\\/\"},\"wordCount\":124,\"commentCount\":0,\"publisher\":{\"@id\":\"https:\\\/\\\/memurunsesi.net\\\/#organization\"},\"image\":{\"@id\":\"https:\\\/\\\/memurunsesi.net\\\/index.php\\\/2025\\\/05\\\/16\\\/bakan-guler-katar-savunma-islerinden-sorumlu-devlet-bakani-al-sani-ile-bir-araya-geldi\\\/#primaryimage\"},\"thumbnailUrl\":\"https:\\\/\\\/memurunsesi.net\\\/wp-content\\\/uploads\\\/2025\\\/05\\\/AW456375_01.jpg\",\"inLanguage\":\"tr\",\"potentialAction\":[{\"@type\":\"CommentAction\",\"name\":\"Comment\",\"target\":[\"https:\\\/\\\/memurunsesi.net\\\/index.php\\\/2025\\\/05\\\/16\\\/bakan-guler-katar-savunma-islerinden-sorumlu-devlet-bakani-al-sani-ile-bir-araya-geldi\\\/#respond\"]}]},{\"@type\":\"WebPage\",\"@id\":\"https:\\\/\\\/memurunsesi.net\\\/index.php\\\/2025\\\/05\\\/16\\\/bakan-guler-katar-savunma-islerinden-sorumlu-devlet-bakani-al-sani-ile-bir-araya-geldi\\\/\",\"url\":\"https:\\\/\\\/memurunsesi.net\\\/index.php\\\/2025\\\/05\\\/16\\\/bakan-guler-katar-savunma-islerinden-sorumlu-devlet-bakani-al-sani-ile-bir-araya-geldi\\\/\",\"name\":\"Bakan G\u00fcler Katar Savunma \u0130\u015flerinden Sorumlu Devlet Bakan\u0131 Al Sani ile bir araya geldi - Memurun Sesi\",\"isPartOf\":{\"@id\":\"https:\\\/\\\/memurunsesi.net\\\/#website\"},\"primaryImageOfPage\":{\"@id\":\"https:\\\/\\\/memurunsesi.net\\\/index.php\\\/2025\\\/05\\\/16\\\/bakan-guler-katar-savunma-islerinden-sorumlu-devlet-bakani-al-sani-ile-bir-araya-geldi\\\/#primaryimage\"},\"image\":{\"@id\":\"https:\\\/\\\/memurunsesi.net\\\/index.php\\\/2025\\\/05\\\/16\\\/bakan-guler-katar-savunma-islerinden-sorumlu-devlet-bakani-al-sani-ile-bir-araya-geldi\\\/#primaryimage\"},\"thumbnailUrl\":\"https:\\\/\\\/memurunsesi.net\\\/wp-content\\\/uploads\\\/2025\\\/05\\\/AW456375_01.jpg\",\"datePublished\":\"2025-05-16T20:37:33+00:00\",\"breadcrumb\":{\"@id\":\"https:\\\/\\\/memurunsesi.net\\\/index.php\\\/2025\\\/05\\\/16\\\/bakan-guler-katar-savunma-islerinden-sorumlu-devlet-bakani-al-sani-ile-bir-araya-geldi\\\/#breadcrumb\"},\"inLanguage\":\"tr\",\"potentialAction\":[{\"@type\":\"ReadAction\",\"target\":[\"https:\\\/\\\/memurunsesi.net\\\/index.php\\\/2025\\\/05\\\/16\\\/bakan-guler-katar-savunma-islerinden-sorumlu-devlet-bakani-al-sani-ile-bir-araya-geldi\\\/\"]}]},{\"@type\":\"ImageObject\",\"inLanguage\":\"tr\",\"@id\":\"https:\\\/\\\/memurunsesi.net\\\/index.php\\\/2025\\\/05\\\/16\\\/bakan-guler-katar-savunma-islerinden-sorumlu-devlet-bakani-al-sani-ile-bir-araya-geldi\\\/#primaryimage\",\"url\":\"https:\\\/\\\/memurunsesi.net\\\/wp-content\\\/uploads\\\/2025\\\/05\\\/AW456375_01.jpg\",\"contentUrl\":\"https:\\\/\\\/memurunsesi.net\\\/wp-content\\\/uploads\\\/2025\\\/05\\\/AW456375_01.jpg\",\"width\":2560,\"height\":1706,\"caption\":\"M\u0130LL\u00ce SAVUNMA BAKANI YA\u015eAR G\u00dcLER, RESM\u00ce DAVETL\u0130S\u0130 OLARAK ANKARA'YA GELEN KATAR BA\u015eBAKAN YARDIMCISI VE SAVUNMA \u0130\u015eLER\u0130NDEN SORUMLU DEVLET BAKANI \u015eEYH SUUD B\u0130N ABDULRAHMAN B\u0130N HASAN B\u0130N AL\u0130 AL SAN\u0130 \u0130LE B\u0130R ARAYA GELD\u0130. (\u0130HA\\\/ANKARA-\u0130HA) Mill\u00ee Savunma Bakan\u0131 Ya\u015far G\u00fcler, resm\u00ee davetlisi olarak Ankara'ya gelen Katar Ba\u015fbakan Yard\u0131mc\u0131s\u0131 ve Savunma \u0130\u015flerinden Sorumlu Devlet Bakan\u0131 \u015eeyh Suud Bin Abdulrahman Bin Hasan Bin Ali Al Sani ile bir araya geldi.\"},{\"@type\":\"BreadcrumbList\",\"@id\":\"https:\\\/\\\/memurunsesi.net\\\/index.php\\\/2025\\\/05\\\/16\\\/bakan-guler-katar-savunma-islerinden-sorumlu-devlet-bakani-al-sani-ile-bir-araya-geldi\\\/#breadcrumb\",\"itemListElement\":[{\"@type\":\"ListItem\",\"position\":1,\"name\":\"Anasayfa\",\"item\":\"https:\\\/\\\/memurunsesi.net\\\/\"},{\"@type\":\"ListItem\",\"position\":2,\"name\":\"Bakan G\u00fcler Katar Savunma \u0130\u015flerinden Sorumlu Devlet Bakan\u0131 Al Sani ile bir araya geldi\"}]},{\"@type\":\"WebSite\",\"@id\":\"https:\\\/\\\/memurunsesi.net\\\/#website\",\"url\":\"https:\\\/\\\/memurunsesi.net\\\/\",\"name\":\"Memurun Sesi\",\"description\":\"G\u00fcncel ve Do\u011fru Haber\",\"publisher\":{\"@id\":\"https:\\\/\\\/memurunsesi.net\\\/#organization\"},\"potentialAction\":[{\"@type\":\"SearchAction\",\"target\":{\"@type\":\"EntryPoint\",\"urlTemplate\":\"https:\\\/\\\/memurunsesi.net\\\/?s={search_term_string}\"},\"query-input\":{\"@type\":\"PropertyValueSpecification\",\"valueRequired\":true,\"valueName\":\"search_term_string\"}}],\"inLanguage\":\"tr\"},{\"@type\":\"Organization\",\"@id\":\"https:\\\/\\\/memurunsesi.net\\\/#organization\",\"name\":\"Memurun Sesi\",\"url\":\"https:\\\/\\\/memurunsesi.net\\\/\",\"logo\":{\"@type\":\"ImageObject\",\"inLanguage\":\"tr\",\"@id\":\"https:\\\/\\\/memurunsesi.net\\\/#\\\/schema\\\/logo\\\/image\\\/\",\"url\":\"https:\\\/\\\/memurunsesi.net\\\/wp-content\\\/uploads\\\/2025\\\/11\\\/cropped-MEMURUN-SESI.png\",\"contentUrl\":\"https:\\\/\\\/memurunsesi.net\\\/wp-content\\\/uploads\\\/2025\\\/11\\\/cropped-MEMURUN-SESI.png\",\"width\":238,\"height\":57,\"caption\":\"Memurun Sesi\"},\"image\":{\"@id\":\"https:\\\/\\\/memurunsesi.net\\\/#\\\/schema\\\/logo\\\/image\\\/\"},\"sameAs\":[\"https:\\\/\\\/www.facebook.com\\\/unipersen\\\/?locale=tr_TR\",\"https:\\\/\\\/x.com\\\/unipersen\"]},{\"@type\":\"Person\",\"@id\":\"https:\\\/\\\/memurunsesi.net\\\/#\\\/schema\\\/person\\\/f21c2d73b89f6ee1d80b0a1803e38587\",\"name\":\"Memurun Sesi Haber Merkezi\",\"image\":{\"@type\":\"ImageObject\",\"inLanguage\":\"tr\",\"@id\":\"https:\\\/\\\/secure.gravatar.com\\\/avatar\\\/6cf0505f452ee753f485014986fab09a434671d2b919ee76fc541025c5876a70?s=96&d=mm&r=g\",\"url\":\"https:\\\/\\\/secure.gravatar.com\\\/avatar\\\/6cf0505f452ee753f485014986fab09a434671d2b919ee76fc541025c5876a70?s=96&d=mm&r=g\",\"contentUrl\":\"https:\\\/\\\/secure.gravatar.com\\\/avatar\\\/6cf0505f452ee753f485014986fab09a434671d2b919ee76fc541025c5876a70?s=96&d=mm&r=g\",\"caption\":\"Memurun Sesi Haber Merkezi\"},\"sameAs\":[\"https:\\\/\\\/memurunsesi.net\"],\"url\":\"https:\\\/\\\/memurunsesi.net\\\/index.php\\\/author\\\/uniper\\\/\"}]}<\/script>\n<!-- \/ Yoast SEO plugin. -->","yoast_head_json":{"title":"Bakan G\u00fcler Katar Savunma \u0130\u015flerinden Sorumlu Devlet Bakan\u0131 Al Sani ile bir araya geldi - Memurun Sesi","robots":{"index":"index","follow":"follow","max-snippet":"max-snippet:-1","max-image-preview":"max-image-preview:large","max-video-preview":"max-video-preview:-1"},"canonical":"https:\/\/memurunsesi.net\/index.php\/2025\/05\/16\/bakan-guler-katar-savunma-islerinden-sorumlu-devlet-bakani-al-sani-ile-bir-araya-geldi\/","og_locale":"tr_TR","og_type":"article","og_title":"Bakan G\u00fcler Katar Savunma \u0130\u015flerinden Sorumlu Devlet Bakan\u0131 Al Sani ile bir araya geldi - Memurun Sesi","og_description":"Mill\u00ee Savunma Bakan\u0131 Ya\u015far G\u00fcler, resm\u00ee davetlisi olarak Ankara&#8217;ya gelen Katar Ba\u015fbakan Yard\u0131mc\u0131s\u0131 ve Savunma \u0130\u015flerinden Sorumlu Devlet Bakan\u0131 \u015eeyh Suud Bin Abdulrahman Bin Hasan Bin Ali Al Sani ile bir araya geldi. Bakan G\u00fcler, resm\u00ee davetlisi olarak Ankara&#8217;ya gelen Katar Ba\u015fbakan Yard\u0131mc\u0131s\u0131 ve Savunma \u0130\u015flerinden Sorumlu Devlet Bakan\u0131 \u015eeyh Suud Bin Abdulrahman Bin Hasan [&hellip;]","og_url":"https:\/\/memurunsesi.net\/index.php\/2025\/05\/16\/bakan-guler-katar-savunma-islerinden-sorumlu-devlet-bakani-al-sani-ile-bir-araya-geldi\/","og_site_name":"Memurun Sesi","article_publisher":"https:\/\/www.facebook.com\/unipersen\/?locale=tr_TR","article_published_time":"2025-05-16T20:37:33+00:00","og_image":[{"width":2560,"height":1706,"url":"https:\/\/memurunsesi.net\/wp-content\/uploads\/2025\/05\/AW456375_01.jpg","type":"image\/jpeg"}],"author":"Memurun Sesi Haber Merkezi","twitter_card":"summary_large_image","twitter_creator":"@unipersen","twitter_site":"@unipersen","twitter_misc":{"Yazan:":"Memurun Sesi Haber Merkezi","Tahmini okuma s\u00fcresi":"1 dakika"},"schema":{"@context":"https:\/\/schema.org","@graph":[{"@type":"Article","@id":"https:\/\/memurunsesi.net\/index.php\/2025\/05\/16\/bakan-guler-katar-savunma-islerinden-sorumlu-devlet-bakani-al-sani-ile-bir-araya-geldi\/#article","isPartOf":{"@id":"https:\/\/memurunsesi.net\/index.php\/2025\/05\/16\/bakan-guler-katar-savunma-islerinden-sorumlu-devlet-bakani-al-sani-ile-bir-araya-geldi\/"},"author":{"name":"Memurun Sesi Haber Merkezi","@id":"https:\/\/memurunsesi.net\/#\/schema\/person\/f21c2d73b89f6ee1d80b0a1803e38587"},"headline":"Bakan G\u00fcler Katar Savunma \u0130\u015flerinden Sorumlu Devlet Bakan\u0131 Al Sani ile bir araya geldi","datePublished":"2025-05-16T20:37:33+00:00","mainEntityOfPage":{"@id":"https:\/\/memurunsesi.net\/index.php\/2025\/05\/16\/bakan-guler-katar-savunma-islerinden-sorumlu-devlet-bakani-al-sani-ile-bir-araya-geldi\/"},"wordCount":124,"commentCount":0,"publisher":{"@id":"https:\/\/memurunsesi.net\/#organization"},"image":{"@id":"https:\/\/memurunsesi.net\/index.php\/2025\/05\/16\/bakan-guler-katar-savunma-islerinden-sorumlu-devlet-bakani-al-sani-ile-bir-araya-geldi\/#primaryimage"},"thumbnailUrl":"https:\/\/memurunsesi.net\/wp-content\/uploads\/2025\/05\/AW456375_01.jpg","inLanguage":"tr","potentialAction":[{"@type":"CommentAction","name":"Comment","target":["https:\/\/memurunsesi.net\/index.php\/2025\/05\/16\/bakan-guler-katar-savunma-islerinden-sorumlu-devlet-bakani-al-sani-ile-bir-araya-geldi\/#respond"]}]},{"@type":"WebPage","@id":"https:\/\/memurunsesi.net\/index.php\/2025\/05\/16\/bakan-guler-katar-savunma-islerinden-sorumlu-devlet-bakani-al-sani-ile-bir-araya-geldi\/","url":"https:\/\/memurunsesi.net\/index.php\/2025\/05\/16\/bakan-guler-katar-savunma-islerinden-sorumlu-devlet-bakani-al-sani-ile-bir-araya-geldi\/","name":"Bakan G\u00fcler Katar Savunma \u0130\u015flerinden Sorumlu Devlet Bakan\u0131 Al Sani ile bir araya geldi - Memurun Sesi","isPartOf":{"@id":"https:\/\/memurunsesi.net\/#website"},"primaryImageOfPage":{"@id":"https:\/\/memurunsesi.net\/index.php\/2025\/05\/16\/bakan-guler-katar-savunma-islerinden-sorumlu-devlet-bakani-al-sani-ile-bir-araya-geldi\/#primaryimage"},"image":{"@id":"https:\/\/memurunsesi.net\/index.php\/2025\/05\/16\/bakan-guler-katar-savunma-islerinden-sorumlu-devlet-bakani-al-sani-ile-bir-araya-geldi\/#primaryimage"},"thumbnailUrl":"https:\/\/memurunsesi.net\/wp-content\/uploads\/2025\/05\/AW456375_01.jpg","datePublished":"2025-05-16T20:37:33+00:00","breadcrumb":{"@id":"https:\/\/memurunsesi.net\/index.php\/2025\/05\/16\/bakan-guler-katar-savunma-islerinden-sorumlu-devlet-bakani-al-sani-ile-bir-araya-geldi\/#breadcrumb"},"inLanguage":"tr","potentialAction":[{"@type":"ReadAction","target":["https:\/\/memurunsesi.net\/index.php\/2025\/05\/16\/bakan-guler-katar-savunma-islerinden-sorumlu-devlet-bakani-al-sani-ile-bir-araya-geldi\/"]}]},{"@type":"ImageObject","inLanguage":"tr","@id":"https:\/\/memurunsesi.net\/index.php\/2025\/05\/16\/bakan-guler-katar-savunma-islerinden-sorumlu-devlet-bakani-al-sani-ile-bir-araya-geldi\/#primaryimage","url":"https:\/\/memurunsesi.net\/wp-content\/uploads\/2025\/05\/AW456375_01.jpg","contentUrl":"https:\/\/memurunsesi.net\/wp-content\/uploads\/2025\/05\/AW456375_01.jpg","width":2560,"height":1706,"caption":"M\u0130LL\u00ce SAVUNMA BAKANI YA\u015eAR G\u00dcLER, RESM\u00ce DAVETL\u0130S\u0130 OLARAK ANKARA'YA GELEN KATAR BA\u015eBAKAN YARDIMCISI VE SAVUNMA \u0130\u015eLER\u0130NDEN SORUMLU DEVLET BAKANI \u015eEYH SUUD B\u0130N ABDULRAHMAN B\u0130N HASAN B\u0130N AL\u0130 AL SAN\u0130 \u0130LE B\u0130R ARAYA GELD\u0130. (\u0130HA\/ANKARA-\u0130HA) Mill\u00ee Savunma Bakan\u0131 Ya\u015far G\u00fcler, resm\u00ee davetlisi olarak Ankara'ya gelen Katar Ba\u015fbakan Yard\u0131mc\u0131s\u0131 ve Savunma \u0130\u015flerinden Sorumlu Devlet Bakan\u0131 \u015eeyh Suud Bin Abdulrahman Bin Hasan Bin Ali Al Sani ile bir araya geldi."},{"@type":"BreadcrumbList","@id":"https:\/\/memurunsesi.net\/index.php\/2025\/05\/16\/bakan-guler-katar-savunma-islerinden-sorumlu-devlet-bakani-al-sani-ile-bir-araya-geldi\/#breadcrumb","itemListElement":[{"@type":"ListItem","position":1,"name":"Anasayfa","item":"https:\/\/memurunsesi.net\/"},{"@type":"ListItem","position":2,"name":"Bakan G\u00fcler Katar Savunma \u0130\u015flerinden Sorumlu Devlet Bakan\u0131 Al Sani ile bir araya geldi"}]},{"@type":"WebSite","@id":"https:\/\/memurunsesi.net\/#website","url":"https:\/\/memurunsesi.net\/","name":"Memurun Sesi","description":"G\u00fcncel ve Do\u011fru Haber","publisher":{"@id":"https:\/\/memurunsesi.net\/#organization"},"potentialAction":[{"@type":"SearchAction","target":{"@type":"EntryPoint","urlTemplate":"https:\/\/memurunsesi.net\/?s={search_term_string}"},"query-input":{"@type":"PropertyValueSpecification","valueRequired":true,"valueName":"search_term_string"}}],"inLanguage":"tr"},{"@type":"Organization","@id":"https:\/\/memurunsesi.net\/#organization","name":"Memurun Sesi","url":"https:\/\/memurunsesi.net\/","logo":{"@type":"ImageObject","inLanguage":"tr","@id":"https:\/\/memurunsesi.net\/#\/schema\/logo\/image\/","url":"https:\/\/memurunsesi.net\/wp-content\/uploads\/2025\/11\/cropped-MEMURUN-SESI.png","contentUrl":"https:\/\/memurunsesi.net\/wp-content\/uploads\/2025\/11\/cropped-MEMURUN-SESI.png","width":238,"height":57,"caption":"Memurun Sesi"},"image":{"@id":"https:\/\/memurunsesi.net\/#\/schema\/logo\/image\/"},"sameAs":["https:\/\/www.facebook.com\/unipersen\/?locale=tr_TR","https:\/\/x.com\/unipersen"]},{"@type":"Person","@id":"https:\/\/memurunsesi.net\/#\/schema\/person\/f21c2d73b89f6ee1d80b0a1803e38587","name":"Memurun Sesi Haber Merkezi","image":{"@type":"ImageObject","inLanguage":"tr","@id":"https:\/\/secure.gravatar.com\/avatar\/6cf0505f452ee753f485014986fab09a434671d2b919ee76fc541025c5876a70?s=96&d=mm&r=g","url":"https:\/\/secure.gravatar.com\/avatar\/6cf0505f452ee753f485014986fab09a434671d2b919ee76fc541025c5876a70?s=96&d=mm&r=g","contentUrl":"https:\/\/secure.gravatar.com\/avatar\/6cf0505f452ee753f485014986fab09a434671d2b919ee76fc541025c5876a70?s=96&d=mm&r=g","caption":"Memurun Sesi Haber Merkezi"},"sameAs":["https:\/\/memurunsesi.net"],"url":"https:\/\/memurunsesi.net\/index.php\/author\/uniper\/"}]}},"_links":{"self":[{"href":"https:\/\/memurunsesi.net\/index.php\/wp-json\/wp\/v2\/posts\/6904","targetHints":{"allow":["GET"]}}],"collection":[{"href":"https:\/\/memurunsesi.net\/index.php\/wp-json\/wp\/v2\/posts"}],"about":[{"href":"https:\/\/memurunsesi.net\/index.php\/wp-json\/wp\/v2\/types\/post"}],"author":[{"embeddable":true,"href":"https:\/\/memurunsesi.net\/index.php\/wp-json\/wp\/v2\/users\/1"}],"replies":[{"embeddable":true,"href":"https:\/\/memurunsesi.net\/index.php\/wp-json\/wp\/v2\/comments?post=6904"}],"version-history":[{"count":1,"href":"https:\/\/memurunsesi.net\/index.php\/wp-json\/wp\/v2\/posts\/6904\/revisions"}],"predecessor-version":[{"id":6906,"href":"https:\/\/memurunsesi.net\/index.php\/wp-json\/wp\/v2\/posts\/6904\/revisions\/6906"}],"wp:featuredmedia":[{"embeddable":true,"href":"https:\/\/memurunsesi.net\/index.php\/wp-json\/wp\/v2\/media\/6905"}],"wp:attachment":[{"href":"https:\/\/memurunsesi.net\/index.php\/wp-json\/wp\/v2\/media?parent=6904"}],"wp:term":[{"taxonomy":"category","embeddable":true,"href":"https:\/\/memurunsesi.net\/index.php\/wp-json\/wp\/v2\/categories?post=6904"},{"taxonomy":"post_tag","embeddable":true,"href":"https:\/\/memurunsesi.net\/index.php\/wp-json\/wp\/v2\/tags?post=6904"}],"curies":[{"name":"wp","href":"https:\/\/api.w.org\/{rel}","templated":true}]}}