{"id":6907,"date":"2025-05-16T23:40:25","date_gmt":"2025-05-16T20:40:25","guid":{"rendered":"https:\/\/memurunsesi.net\/?p=6907"},"modified":"2025-05-16T23:40:25","modified_gmt":"2025-05-16T20:40:25","slug":"datcada-rekor-boyutta-balon-baligi-karaya-vurdu","status":"publish","type":"post","link":"https:\/\/memurunsesi.net\/index.php\/2025\/05\/16\/datcada-rekor-boyutta-balon-baligi-karaya-vurdu\/","title":{"rendered":"Dat\u00e7a&#8217;da rekor boyutta balon bal\u0131\u011f\u0131 karaya vurdu"},"content":{"rendered":"<p>  Mu\u011fla&#8217;n\u0131n Dat\u00e7a il\u00e7esinde 68 santimetre boyundaki balon bal\u0131\u011f\u0131, karaya vurmu\u015f halde bulundu.<br \/>\nMu\u011fla&#8217;n\u0131n Dat\u00e7a il\u00e7esi Mesudiye Mahallesi&#8217;ndeki Hay\u0131tb\u00fck\u00fc Sahili&#8217;nde temizlik \u00e7al\u0131\u015fmas\u0131 yapan belediye ekipleri, \u015fiddetli r\u00fczgar nedeniyle k\u0131y\u0131ya savrulmu\u015f bir bal\u0131kla kar\u015f\u0131la\u015ft\u0131. Yap\u0131lan incelemede, karaya vuran bal\u0131\u011f\u0131n zehirli t\u00fcrlerden biri olan balon bal\u0131\u011f\u0131 oldu\u011fu belirlendi. Ekiplerin ger\u00e7ekle\u015ftirdi\u011fi \u00f6l\u00e7\u00fcmlere g\u00f6re 68 santimetre uzunlu\u011funda oldu\u011fu tespit edilen balon bal\u0131\u011f\u0131n\u0131n, boyutuyla \u015fimdiye kadar Dat\u00e7a k\u0131y\u0131lar\u0131nda tespit edilen en b\u00fcy\u00fck balon bal\u0131\u011f\u0131 oldu\u011fu bildirildi. Tehlikeli t\u00fcrler aras\u0131nda yer alan ve insanlar i\u00e7in ciddi risk olu\u015fturabilen balon bal\u0131\u011f\u0131, belediye ekipleri taraf\u0131ndan kontroll\u00fc \u015fekilde imha edildi. <\/p>\n<p>16.05.2025                                <\/p>\n","protected":false},"excerpt":{"rendered":"<p>Mu\u011fla&#8217;n\u0131n Dat\u00e7a il\u00e7esinde 68 santimetre boyundaki balon bal\u0131\u011f\u0131, karaya vurmu\u015f halde bulundu. Mu\u011fla&#8217;n\u0131n Dat\u00e7a il\u00e7esi Mesudiye Mahallesi&#8217;ndeki Hay\u0131tb\u00fck\u00fc Sahili&#8217;nde temizlik \u00e7al\u0131\u015fmas\u0131 yapan belediye ekipleri, \u015fiddetli r\u00fczgar nedeniyle k\u0131y\u0131ya savrulmu\u015f bir bal\u0131kla kar\u015f\u0131la\u015ft\u0131. Yap\u0131lan incelemede, karaya vuran bal\u0131\u011f\u0131n zehirli t\u00fcrlerden biri olan balon bal\u0131\u011f\u0131 oldu\u011fu belirlendi. Ekiplerin ger\u00e7ekle\u015ftirdi\u011fi \u00f6l\u00e7\u00fcmlere g\u00f6re 68 santimetre uzunlu\u011funda oldu\u011fu tespit edilen [&hellip;]<\/p>\n","protected":false},"author":1,"featured_media":6908,"comment_status":"open","ping_status":"open","sticky":false,"template":"","format":"standard","meta":{"footnotes":""},"categories":[50],"tags":[],"class_list":["post-6907","post","type-post","status-publish","format-standard","has-post-thumbnail","hentry","category-tum-haberler"],"yoast_head":"<!-- This site is optimized with the Yoast SEO plugin v27.4 - https:\/\/yoast.com\/product\/yoast-seo-wordpress\/ -->\n<title>Dat\u00e7a&#039;da rekor boyutta balon bal\u0131\u011f\u0131 karaya vurdu - Memurun Sesi<\/title>\n<meta name=\"robots\" content=\"index, follow, max-snippet:-1, max-image-preview:large, max-video-preview:-1\" \/>\n<link rel=\"canonical\" href=\"https:\/\/memurunsesi.net\/index.php\/2025\/05\/16\/datcada-rekor-boyutta-balon-baligi-karaya-vurdu\/\" \/>\n<meta property=\"og:locale\" content=\"tr_TR\" \/>\n<meta property=\"og:type\" content=\"article\" \/>\n<meta property=\"og:title\" content=\"Dat\u00e7a&#039;da rekor boyutta balon bal\u0131\u011f\u0131 karaya vurdu - Memurun Sesi\" \/>\n<meta property=\"og:description\" content=\"Mu\u011fla&#8217;n\u0131n Dat\u00e7a il\u00e7esinde 68 santimetre boyundaki balon bal\u0131\u011f\u0131, karaya vurmu\u015f halde bulundu. Mu\u011fla&#8217;n\u0131n Dat\u00e7a il\u00e7esi Mesudiye Mahallesi&#8217;ndeki Hay\u0131tb\u00fck\u00fc Sahili&#8217;nde temizlik \u00e7al\u0131\u015fmas\u0131 yapan belediye ekipleri, \u015fiddetli r\u00fczgar nedeniyle k\u0131y\u0131ya savrulmu\u015f bir bal\u0131kla kar\u015f\u0131la\u015ft\u0131. Yap\u0131lan incelemede, karaya vuran bal\u0131\u011f\u0131n zehirli t\u00fcrlerden biri olan balon bal\u0131\u011f\u0131 oldu\u011fu belirlendi. Ekiplerin ger\u00e7ekle\u015ftirdi\u011fi \u00f6l\u00e7\u00fcmlere g\u00f6re 68 santimetre uzunlu\u011funda oldu\u011fu tespit edilen [&hellip;]\" \/>\n<meta property=\"og:url\" content=\"https:\/\/memurunsesi.net\/index.php\/2025\/05\/16\/datcada-rekor-boyutta-balon-baligi-karaya-vurdu\/\" \/>\n<meta property=\"og:site_name\" content=\"Memurun Sesi\" \/>\n<meta property=\"article:publisher\" content=\"https:\/\/www.facebook.com\/unipersen\/?locale=tr_TR\" \/>\n<meta property=\"article:published_time\" content=\"2025-05-16T20:40:25+00:00\" \/>\n<meta property=\"og:image\" content=\"https:\/\/memurunsesi.net\/wp-content\/uploads\/2025\/05\/AW456661_01.jpg\" \/>\n\t<meta property=\"og:image:width\" content=\"1024\" \/>\n\t<meta property=\"og:image:height\" content=\"768\" \/>\n\t<meta property=\"og:image:type\" content=\"image\/jpeg\" \/>\n<meta name=\"author\" content=\"Memurun Sesi Haber Merkezi\" \/>\n<meta name=\"twitter:card\" content=\"summary_large_image\" \/>\n<meta name=\"twitter:creator\" content=\"@unipersen\" \/>\n<meta name=\"twitter:site\" content=\"@unipersen\" \/>\n<meta name=\"twitter:label1\" content=\"Yazan:\" \/>\n\t<meta name=\"twitter:data1\" content=\"Memurun Sesi Haber Merkezi\" \/>\n\t<meta name=\"twitter:label2\" content=\"Tahmini okuma s\u00fcresi\" \/>\n\t<meta name=\"twitter:data2\" content=\"1 dakika\" \/>\n<script type=\"application\/ld+json\" class=\"yoast-schema-graph\">{\"@context\":\"https:\\\/\\\/schema.org\",\"@graph\":[{\"@type\":\"Article\",\"@id\":\"https:\\\/\\\/memurunsesi.net\\\/index.php\\\/2025\\\/05\\\/16\\\/datcada-rekor-boyutta-balon-baligi-karaya-vurdu\\\/#article\",\"isPartOf\":{\"@id\":\"https:\\\/\\\/memurunsesi.net\\\/index.php\\\/2025\\\/05\\\/16\\\/datcada-rekor-boyutta-balon-baligi-karaya-vurdu\\\/\"},\"author\":{\"name\":\"Memurun Sesi Haber Merkezi\",\"@id\":\"https:\\\/\\\/memurunsesi.net\\\/#\\\/schema\\\/person\\\/f21c2d73b89f6ee1d80b0a1803e38587\"},\"headline\":\"Dat\u00e7a&#8217;da rekor boyutta balon bal\u0131\u011f\u0131 karaya vurdu\",\"datePublished\":\"2025-05-16T20:40:25+00:00\",\"mainEntityOfPage\":{\"@id\":\"https:\\\/\\\/memurunsesi.net\\\/index.php\\\/2025\\\/05\\\/16\\\/datcada-rekor-boyutta-balon-baligi-karaya-vurdu\\\/\"},\"wordCount\":143,\"commentCount\":0,\"publisher\":{\"@id\":\"https:\\\/\\\/memurunsesi.net\\\/#organization\"},\"image\":{\"@id\":\"https:\\\/\\\/memurunsesi.net\\\/index.php\\\/2025\\\/05\\\/16\\\/datcada-rekor-boyutta-balon-baligi-karaya-vurdu\\\/#primaryimage\"},\"thumbnailUrl\":\"https:\\\/\\\/memurunsesi.net\\\/wp-content\\\/uploads\\\/2025\\\/05\\\/AW456661_01.jpg\",\"articleSection\":[\"T\u00fcm Haberler\"],\"inLanguage\":\"tr\",\"potentialAction\":[{\"@type\":\"CommentAction\",\"name\":\"Comment\",\"target\":[\"https:\\\/\\\/memurunsesi.net\\\/index.php\\\/2025\\\/05\\\/16\\\/datcada-rekor-boyutta-balon-baligi-karaya-vurdu\\\/#respond\"]}]},{\"@type\":\"WebPage\",\"@id\":\"https:\\\/\\\/memurunsesi.net\\\/index.php\\\/2025\\\/05\\\/16\\\/datcada-rekor-boyutta-balon-baligi-karaya-vurdu\\\/\",\"url\":\"https:\\\/\\\/memurunsesi.net\\\/index.php\\\/2025\\\/05\\\/16\\\/datcada-rekor-boyutta-balon-baligi-karaya-vurdu\\\/\",\"name\":\"Dat\u00e7a'da rekor boyutta balon bal\u0131\u011f\u0131 karaya vurdu - Memurun Sesi\",\"isPartOf\":{\"@id\":\"https:\\\/\\\/memurunsesi.net\\\/#website\"},\"primaryImageOfPage\":{\"@id\":\"https:\\\/\\\/memurunsesi.net\\\/index.php\\\/2025\\\/05\\\/16\\\/datcada-rekor-boyutta-balon-baligi-karaya-vurdu\\\/#primaryimage\"},\"image\":{\"@id\":\"https:\\\/\\\/memurunsesi.net\\\/index.php\\\/2025\\\/05\\\/16\\\/datcada-rekor-boyutta-balon-baligi-karaya-vurdu\\\/#primaryimage\"},\"thumbnailUrl\":\"https:\\\/\\\/memurunsesi.net\\\/wp-content\\\/uploads\\\/2025\\\/05\\\/AW456661_01.jpg\",\"datePublished\":\"2025-05-16T20:40:25+00:00\",\"breadcrumb\":{\"@id\":\"https:\\\/\\\/memurunsesi.net\\\/index.php\\\/2025\\\/05\\\/16\\\/datcada-rekor-boyutta-balon-baligi-karaya-vurdu\\\/#breadcrumb\"},\"inLanguage\":\"tr\",\"potentialAction\":[{\"@type\":\"ReadAction\",\"target\":[\"https:\\\/\\\/memurunsesi.net\\\/index.php\\\/2025\\\/05\\\/16\\\/datcada-rekor-boyutta-balon-baligi-karaya-vurdu\\\/\"]}]},{\"@type\":\"ImageObject\",\"inLanguage\":\"tr\",\"@id\":\"https:\\\/\\\/memurunsesi.net\\\/index.php\\\/2025\\\/05\\\/16\\\/datcada-rekor-boyutta-balon-baligi-karaya-vurdu\\\/#primaryimage\",\"url\":\"https:\\\/\\\/memurunsesi.net\\\/wp-content\\\/uploads\\\/2025\\\/05\\\/AW456661_01.jpg\",\"contentUrl\":\"https:\\\/\\\/memurunsesi.net\\\/wp-content\\\/uploads\\\/2025\\\/05\\\/AW456661_01.jpg\",\"width\":1024,\"height\":768,\"caption\":\"MU\u011eLA'NIN DAT\u00c7A \u0130L\u00c7ES\u0130NDE 68 SANT\u0130METRE BOYUNDAK\u0130 BALON BALI\u011eI, KARAYA VURMU\u015e HALDE BULUNDU. (MEHMET \u00d6LMEZ\\\/MU\u011eLA-\u0130HA) Mu\u011fla'n\u0131n Dat\u00e7a il\u00e7esinde 68 santimetre boyundaki balon bal\u0131\u011f\u0131, karaya vurmu\u015f halde bulundu.\"},{\"@type\":\"BreadcrumbList\",\"@id\":\"https:\\\/\\\/memurunsesi.net\\\/index.php\\\/2025\\\/05\\\/16\\\/datcada-rekor-boyutta-balon-baligi-karaya-vurdu\\\/#breadcrumb\",\"itemListElement\":[{\"@type\":\"ListItem\",\"position\":1,\"name\":\"Anasayfa\",\"item\":\"https:\\\/\\\/memurunsesi.net\\\/\"},{\"@type\":\"ListItem\",\"position\":2,\"name\":\"Dat\u00e7a&#8217;da rekor boyutta balon bal\u0131\u011f\u0131 karaya vurdu\"}]},{\"@type\":\"WebSite\",\"@id\":\"https:\\\/\\\/memurunsesi.net\\\/#website\",\"url\":\"https:\\\/\\\/memurunsesi.net\\\/\",\"name\":\"Memurun Sesi\",\"description\":\"G\u00fcncel ve Do\u011fru Haber\",\"publisher\":{\"@id\":\"https:\\\/\\\/memurunsesi.net\\\/#organization\"},\"potentialAction\":[{\"@type\":\"SearchAction\",\"target\":{\"@type\":\"EntryPoint\",\"urlTemplate\":\"https:\\\/\\\/memurunsesi.net\\\/?s={search_term_string}\"},\"query-input\":{\"@type\":\"PropertyValueSpecification\",\"valueRequired\":true,\"valueName\":\"search_term_string\"}}],\"inLanguage\":\"tr\"},{\"@type\":\"Organization\",\"@id\":\"https:\\\/\\\/memurunsesi.net\\\/#organization\",\"name\":\"Memurun Sesi\",\"url\":\"https:\\\/\\\/memurunsesi.net\\\/\",\"logo\":{\"@type\":\"ImageObject\",\"inLanguage\":\"tr\",\"@id\":\"https:\\\/\\\/memurunsesi.net\\\/#\\\/schema\\\/logo\\\/image\\\/\",\"url\":\"https:\\\/\\\/memurunsesi.net\\\/wp-content\\\/uploads\\\/2025\\\/11\\\/cropped-MEMURUN-SESI.png\",\"contentUrl\":\"https:\\\/\\\/memurunsesi.net\\\/wp-content\\\/uploads\\\/2025\\\/11\\\/cropped-MEMURUN-SESI.png\",\"width\":238,\"height\":57,\"caption\":\"Memurun Sesi\"},\"image\":{\"@id\":\"https:\\\/\\\/memurunsesi.net\\\/#\\\/schema\\\/logo\\\/image\\\/\"},\"sameAs\":[\"https:\\\/\\\/www.facebook.com\\\/unipersen\\\/?locale=tr_TR\",\"https:\\\/\\\/x.com\\\/unipersen\"]},{\"@type\":\"Person\",\"@id\":\"https:\\\/\\\/memurunsesi.net\\\/#\\\/schema\\\/person\\\/f21c2d73b89f6ee1d80b0a1803e38587\",\"name\":\"Memurun Sesi Haber Merkezi\",\"image\":{\"@type\":\"ImageObject\",\"inLanguage\":\"tr\",\"@id\":\"https:\\\/\\\/secure.gravatar.com\\\/avatar\\\/6cf0505f452ee753f485014986fab09a434671d2b919ee76fc541025c5876a70?s=96&d=mm&r=g\",\"url\":\"https:\\\/\\\/secure.gravatar.com\\\/avatar\\\/6cf0505f452ee753f485014986fab09a434671d2b919ee76fc541025c5876a70?s=96&d=mm&r=g\",\"contentUrl\":\"https:\\\/\\\/secure.gravatar.com\\\/avatar\\\/6cf0505f452ee753f485014986fab09a434671d2b919ee76fc541025c5876a70?s=96&d=mm&r=g\",\"caption\":\"Memurun Sesi Haber Merkezi\"},\"sameAs\":[\"https:\\\/\\\/memurunsesi.net\"],\"url\":\"https:\\\/\\\/memurunsesi.net\\\/index.php\\\/author\\\/uniper\\\/\"}]}<\/script>\n<!-- \/ Yoast SEO plugin. -->","yoast_head_json":{"title":"Dat\u00e7a'da rekor boyutta balon bal\u0131\u011f\u0131 karaya vurdu - Memurun Sesi","robots":{"index":"index","follow":"follow","max-snippet":"max-snippet:-1","max-image-preview":"max-image-preview:large","max-video-preview":"max-video-preview:-1"},"canonical":"https:\/\/memurunsesi.net\/index.php\/2025\/05\/16\/datcada-rekor-boyutta-balon-baligi-karaya-vurdu\/","og_locale":"tr_TR","og_type":"article","og_title":"Dat\u00e7a'da rekor boyutta balon bal\u0131\u011f\u0131 karaya vurdu - Memurun Sesi","og_description":"Mu\u011fla&#8217;n\u0131n Dat\u00e7a il\u00e7esinde 68 santimetre boyundaki balon bal\u0131\u011f\u0131, karaya vurmu\u015f halde bulundu. Mu\u011fla&#8217;n\u0131n Dat\u00e7a il\u00e7esi Mesudiye Mahallesi&#8217;ndeki Hay\u0131tb\u00fck\u00fc Sahili&#8217;nde temizlik \u00e7al\u0131\u015fmas\u0131 yapan belediye ekipleri, \u015fiddetli r\u00fczgar nedeniyle k\u0131y\u0131ya savrulmu\u015f bir bal\u0131kla kar\u015f\u0131la\u015ft\u0131. Yap\u0131lan incelemede, karaya vuran bal\u0131\u011f\u0131n zehirli t\u00fcrlerden biri olan balon bal\u0131\u011f\u0131 oldu\u011fu belirlendi. Ekiplerin ger\u00e7ekle\u015ftirdi\u011fi \u00f6l\u00e7\u00fcmlere g\u00f6re 68 santimetre uzunlu\u011funda oldu\u011fu tespit edilen [&hellip;]","og_url":"https:\/\/memurunsesi.net\/index.php\/2025\/05\/16\/datcada-rekor-boyutta-balon-baligi-karaya-vurdu\/","og_site_name":"Memurun Sesi","article_publisher":"https:\/\/www.facebook.com\/unipersen\/?locale=tr_TR","article_published_time":"2025-05-16T20:40:25+00:00","og_image":[{"width":1024,"height":768,"url":"https:\/\/memurunsesi.net\/wp-content\/uploads\/2025\/05\/AW456661_01.jpg","type":"image\/jpeg"}],"author":"Memurun Sesi Haber Merkezi","twitter_card":"summary_large_image","twitter_creator":"@unipersen","twitter_site":"@unipersen","twitter_misc":{"Yazan:":"Memurun Sesi Haber Merkezi","Tahmini okuma s\u00fcresi":"1 dakika"},"schema":{"@context":"https:\/\/schema.org","@graph":[{"@type":"Article","@id":"https:\/\/memurunsesi.net\/index.php\/2025\/05\/16\/datcada-rekor-boyutta-balon-baligi-karaya-vurdu\/#article","isPartOf":{"@id":"https:\/\/memurunsesi.net\/index.php\/2025\/05\/16\/datcada-rekor-boyutta-balon-baligi-karaya-vurdu\/"},"author":{"name":"Memurun Sesi Haber Merkezi","@id":"https:\/\/memurunsesi.net\/#\/schema\/person\/f21c2d73b89f6ee1d80b0a1803e38587"},"headline":"Dat\u00e7a&#8217;da rekor boyutta balon bal\u0131\u011f\u0131 karaya vurdu","datePublished":"2025-05-16T20:40:25+00:00","mainEntityOfPage":{"@id":"https:\/\/memurunsesi.net\/index.php\/2025\/05\/16\/datcada-rekor-boyutta-balon-baligi-karaya-vurdu\/"},"wordCount":143,"commentCount":0,"publisher":{"@id":"https:\/\/memurunsesi.net\/#organization"},"image":{"@id":"https:\/\/memurunsesi.net\/index.php\/2025\/05\/16\/datcada-rekor-boyutta-balon-baligi-karaya-vurdu\/#primaryimage"},"thumbnailUrl":"https:\/\/memurunsesi.net\/wp-content\/uploads\/2025\/05\/AW456661_01.jpg","articleSection":["T\u00fcm Haberler"],"inLanguage":"tr","potentialAction":[{"@type":"CommentAction","name":"Comment","target":["https:\/\/memurunsesi.net\/index.php\/2025\/05\/16\/datcada-rekor-boyutta-balon-baligi-karaya-vurdu\/#respond"]}]},{"@type":"WebPage","@id":"https:\/\/memurunsesi.net\/index.php\/2025\/05\/16\/datcada-rekor-boyutta-balon-baligi-karaya-vurdu\/","url":"https:\/\/memurunsesi.net\/index.php\/2025\/05\/16\/datcada-rekor-boyutta-balon-baligi-karaya-vurdu\/","name":"Dat\u00e7a'da rekor boyutta balon bal\u0131\u011f\u0131 karaya vurdu - Memurun Sesi","isPartOf":{"@id":"https:\/\/memurunsesi.net\/#website"},"primaryImageOfPage":{"@id":"https:\/\/memurunsesi.net\/index.php\/2025\/05\/16\/datcada-rekor-boyutta-balon-baligi-karaya-vurdu\/#primaryimage"},"image":{"@id":"https:\/\/memurunsesi.net\/index.php\/2025\/05\/16\/datcada-rekor-boyutta-balon-baligi-karaya-vurdu\/#primaryimage"},"thumbnailUrl":"https:\/\/memurunsesi.net\/wp-content\/uploads\/2025\/05\/AW456661_01.jpg","datePublished":"2025-05-16T20:40:25+00:00","breadcrumb":{"@id":"https:\/\/memurunsesi.net\/index.php\/2025\/05\/16\/datcada-rekor-boyutta-balon-baligi-karaya-vurdu\/#breadcrumb"},"inLanguage":"tr","potentialAction":[{"@type":"ReadAction","target":["https:\/\/memurunsesi.net\/index.php\/2025\/05\/16\/datcada-rekor-boyutta-balon-baligi-karaya-vurdu\/"]}]},{"@type":"ImageObject","inLanguage":"tr","@id":"https:\/\/memurunsesi.net\/index.php\/2025\/05\/16\/datcada-rekor-boyutta-balon-baligi-karaya-vurdu\/#primaryimage","url":"https:\/\/memurunsesi.net\/wp-content\/uploads\/2025\/05\/AW456661_01.jpg","contentUrl":"https:\/\/memurunsesi.net\/wp-content\/uploads\/2025\/05\/AW456661_01.jpg","width":1024,"height":768,"caption":"MU\u011eLA'NIN DAT\u00c7A \u0130L\u00c7ES\u0130NDE 68 SANT\u0130METRE BOYUNDAK\u0130 BALON BALI\u011eI, KARAYA VURMU\u015e HALDE BULUNDU. (MEHMET \u00d6LMEZ\/MU\u011eLA-\u0130HA) Mu\u011fla'n\u0131n Dat\u00e7a il\u00e7esinde 68 santimetre boyundaki balon bal\u0131\u011f\u0131, karaya vurmu\u015f halde bulundu."},{"@type":"BreadcrumbList","@id":"https:\/\/memurunsesi.net\/index.php\/2025\/05\/16\/datcada-rekor-boyutta-balon-baligi-karaya-vurdu\/#breadcrumb","itemListElement":[{"@type":"ListItem","position":1,"name":"Anasayfa","item":"https:\/\/memurunsesi.net\/"},{"@type":"ListItem","position":2,"name":"Dat\u00e7a&#8217;da rekor boyutta balon bal\u0131\u011f\u0131 karaya vurdu"}]},{"@type":"WebSite","@id":"https:\/\/memurunsesi.net\/#website","url":"https:\/\/memurunsesi.net\/","name":"Memurun Sesi","description":"G\u00fcncel ve Do\u011fru Haber","publisher":{"@id":"https:\/\/memurunsesi.net\/#organization"},"potentialAction":[{"@type":"SearchAction","target":{"@type":"EntryPoint","urlTemplate":"https:\/\/memurunsesi.net\/?s={search_term_string}"},"query-input":{"@type":"PropertyValueSpecification","valueRequired":true,"valueName":"search_term_string"}}],"inLanguage":"tr"},{"@type":"Organization","@id":"https:\/\/memurunsesi.net\/#organization","name":"Memurun Sesi","url":"https:\/\/memurunsesi.net\/","logo":{"@type":"ImageObject","inLanguage":"tr","@id":"https:\/\/memurunsesi.net\/#\/schema\/logo\/image\/","url":"https:\/\/memurunsesi.net\/wp-content\/uploads\/2025\/11\/cropped-MEMURUN-SESI.png","contentUrl":"https:\/\/memurunsesi.net\/wp-content\/uploads\/2025\/11\/cropped-MEMURUN-SESI.png","width":238,"height":57,"caption":"Memurun Sesi"},"image":{"@id":"https:\/\/memurunsesi.net\/#\/schema\/logo\/image\/"},"sameAs":["https:\/\/www.facebook.com\/unipersen\/?locale=tr_TR","https:\/\/x.com\/unipersen"]},{"@type":"Person","@id":"https:\/\/memurunsesi.net\/#\/schema\/person\/f21c2d73b89f6ee1d80b0a1803e38587","name":"Memurun Sesi Haber Merkezi","image":{"@type":"ImageObject","inLanguage":"tr","@id":"https:\/\/secure.gravatar.com\/avatar\/6cf0505f452ee753f485014986fab09a434671d2b919ee76fc541025c5876a70?s=96&d=mm&r=g","url":"https:\/\/secure.gravatar.com\/avatar\/6cf0505f452ee753f485014986fab09a434671d2b919ee76fc541025c5876a70?s=96&d=mm&r=g","contentUrl":"https:\/\/secure.gravatar.com\/avatar\/6cf0505f452ee753f485014986fab09a434671d2b919ee76fc541025c5876a70?s=96&d=mm&r=g","caption":"Memurun Sesi Haber Merkezi"},"sameAs":["https:\/\/memurunsesi.net"],"url":"https:\/\/memurunsesi.net\/index.php\/author\/uniper\/"}]}},"_links":{"self":[{"href":"https:\/\/memurunsesi.net\/index.php\/wp-json\/wp\/v2\/posts\/6907","targetHints":{"allow":["GET"]}}],"collection":[{"href":"https:\/\/memurunsesi.net\/index.php\/wp-json\/wp\/v2\/posts"}],"about":[{"href":"https:\/\/memurunsesi.net\/index.php\/wp-json\/wp\/v2\/types\/post"}],"author":[{"embeddable":true,"href":"https:\/\/memurunsesi.net\/index.php\/wp-json\/wp\/v2\/users\/1"}],"replies":[{"embeddable":true,"href":"https:\/\/memurunsesi.net\/index.php\/wp-json\/wp\/v2\/comments?post=6907"}],"version-history":[{"count":1,"href":"https:\/\/memurunsesi.net\/index.php\/wp-json\/wp\/v2\/posts\/6907\/revisions"}],"predecessor-version":[{"id":6909,"href":"https:\/\/memurunsesi.net\/index.php\/wp-json\/wp\/v2\/posts\/6907\/revisions\/6909"}],"wp:featuredmedia":[{"embeddable":true,"href":"https:\/\/memurunsesi.net\/index.php\/wp-json\/wp\/v2\/media\/6908"}],"wp:attachment":[{"href":"https:\/\/memurunsesi.net\/index.php\/wp-json\/wp\/v2\/media?parent=6907"}],"wp:term":[{"taxonomy":"category","embeddable":true,"href":"https:\/\/memurunsesi.net\/index.php\/wp-json\/wp\/v2\/categories?post=6907"},{"taxonomy":"post_tag","embeddable":true,"href":"https:\/\/memurunsesi.net\/index.php\/wp-json\/wp\/v2\/tags?post=6907"}],"curies":[{"name":"wp","href":"https:\/\/api.w.org\/{rel}","templated":true}]}}