{"id":6938,"date":"2025-05-18T17:55:44","date_gmt":"2025-05-18T14:55:44","guid":{"rendered":"https:\/\/memurunsesi.net\/?p=6938"},"modified":"2025-05-18T17:55:44","modified_gmt":"2025-05-18T14:55:44","slug":"kafileyi-tasiyan-otobusun-lastigi-patladi-futbolcular-taksiyle-maca-yetistirildi","status":"publish","type":"post","link":"https:\/\/memurunsesi.net\/index.php\/2025\/05\/18\/kafileyi-tasiyan-otobusun-lastigi-patladi-futbolcular-taksiyle-maca-yetistirildi\/","title":{"rendered":"Kafileyi ta\u015f\u0131yan otob\u00fcs\u00fcn lasti\u011fi patlad\u0131, futbolcular taksiyle ma\u00e7a yeti\u015ftirildi"},"content":{"rendered":"<p>  Konya 2.Amat\u00f6r K\u00fcmede m\u00fccadele veren Bey\u015fehir Demirspor Futbol Tak\u0131m\u0131 kafilesini deplasmana ta\u015f\u0131yan otob\u00fcs\u00fcn lasti\u011fi patlay\u0131nca, idareciler; futbolcular ve teknik heyeti m\u00fcsabakaya taksi \u00e7a\u011f\u0131rarak yeti\u015ftirdi.<br \/>\n  Amat\u00f6r ligde Bey\u015fehir il\u00e7esini temsil eden Bey\u015fehir Demirspor Futbol Tak\u0131m\u0131, bug\u00fcn Karatay il\u00e7esinde \u015eehit Nihat G\u00fcn sahas\u0131nda oynayaca\u011f\u0131 Maliyespor amat\u00f6r lig ma\u00e7\u0131 i\u00e7in Bey\u015fehir\u2019den yola \u00e7\u0131kt\u0131. Kafileyi ta\u015f\u0131yan otob\u00fcs\u00fcn lasti\u011fi Konya giri\u015findeki Akyoku\u015f yak\u0131nlar\u0131nda patlad\u0131, ara\u00e7 yoluna devam edemedi. Bey\u015fehir Demirspor grupta iddias\u0131 olmamas\u0131na ra\u011fmen y\u00f6neticileri, ticari taksi tutarak futbolcular\u0131 ma\u00e7a yeti\u015ftirdi. Bey\u015fehir Demirspor, futbolcular\u0131n\u0131n taksiyle ula\u015ft\u0131\u011f\u0131 kar\u015f\u0131la\u015fmada Maliyespor\u2019a ma\u011flup oldu. Konya Amat\u00f6r Spor Kul\u00fcpleri Federasyonu, b\u00fcy\u00fck bir fedakarl\u0131k ve sportmenlik \u00f6rne\u011fi g\u00f6steren Bey\u015fehir\u2019i temsil eden amat\u00f6r futbol tak\u0131m\u0131n\u0131n y\u00f6neticileri, antren\u00f6r ve oyuncular\u0131na te\u015fekk\u00fcr etti.<br \/>\n  Konya ASKF\u2019dan yay\u0131mlanan te\u015fekk\u00fcr mesaj\u0131nda; &#8220;Konya 2. Amat\u00f6r K\u00fcme ve altyap\u0131da m\u00fccadele eden amat\u00f6r spor kul\u00fcplerimizden Bey\u015fehir Demirspor bug\u00fcn \u015eehit Nihat G\u00fcn sahas\u0131nda oynayaca\u011f\u0131 b\u00fcy\u00fckler Maliyespor ma\u00e7\u0131 \u00f6ncesinde \u00f6rnek bir sportmenlik davran\u0131\u015f\u0131 g\u00f6sterdi. Bey\u015fehir\u2019den ma\u00e7 i\u00e7in \u00e7\u0131kan Bey\u015fehir Demirspor kafilesi, Konya giri\u015fi Akyoku\u015f civar\u0131nda arac\u0131n lasti\u011finin patlamas\u0131 sonucu ma\u00e7a yeti\u015fememe durumuna g\u00f6re ticari taksiler tutarak grupta iddias\u0131 olmamas\u0131na ra\u011fmen m\u00fcsabakaya zaman\u0131nda yeti\u015ferek amat\u00f6rl\u00fc\u011f\u00fcn fedak\u00e2rl\u0131k y\u00f6n\u00fcn\u00fcn \u00f6rne\u011fini futbolcular\u0131 ile ya\u015fayarak topluma sportmence bir davran\u0131\u015f g\u00f6sterdikleri i\u00e7in; ma\u00e7\u0131 kaybettiler belki ama kul\u00fcp y\u00f6netimi, antren\u00f6r ve sporcular\u0131 olarak te\u015fekk\u00fcr\u00fc sonuna kadar hak ettiler&#8221; denildi. <\/p>\n<p> 18.05.2025                              <\/p>\n","protected":false},"excerpt":{"rendered":"<p>Konya 2.Amat\u00f6r K\u00fcmede m\u00fccadele veren Bey\u015fehir Demirspor Futbol Tak\u0131m\u0131 kafilesini deplasmana ta\u015f\u0131yan otob\u00fcs\u00fcn lasti\u011fi patlay\u0131nca, idareciler; futbolcular ve teknik heyeti m\u00fcsabakaya taksi \u00e7a\u011f\u0131rarak yeti\u015ftirdi. Amat\u00f6r ligde Bey\u015fehir il\u00e7esini temsil eden Bey\u015fehir Demirspor Futbol Tak\u0131m\u0131, bug\u00fcn Karatay il\u00e7esinde \u015eehit Nihat G\u00fcn sahas\u0131nda oynayaca\u011f\u0131 Maliyespor amat\u00f6r lig ma\u00e7\u0131 i\u00e7in Bey\u015fehir\u2019den yola \u00e7\u0131kt\u0131. Kafileyi ta\u015f\u0131yan otob\u00fcs\u00fcn lasti\u011fi Konya [&hellip;]<\/p>\n","protected":false},"author":1,"featured_media":6939,"comment_status":"open","ping_status":"open","sticky":false,"template":"","format":"standard","meta":{"footnotes":""},"categories":[57],"tags":[],"class_list":["post-6938","post","type-post","status-publish","format-standard","has-post-thumbnail","hentry","category-spor"],"yoast_head":"<!-- This site is optimized with the Yoast SEO plugin v27.4 - https:\/\/yoast.com\/product\/yoast-seo-wordpress\/ -->\n<title>Kafileyi ta\u015f\u0131yan otob\u00fcs\u00fcn lasti\u011fi patlad\u0131, futbolcular taksiyle ma\u00e7a yeti\u015ftirildi - Memurun Sesi<\/title>\n<meta name=\"robots\" content=\"index, follow, max-snippet:-1, max-image-preview:large, max-video-preview:-1\" \/>\n<link rel=\"canonical\" href=\"https:\/\/memurunsesi.net\/index.php\/2025\/05\/18\/kafileyi-tasiyan-otobusun-lastigi-patladi-futbolcular-taksiyle-maca-yetistirildi\/\" \/>\n<meta property=\"og:locale\" content=\"tr_TR\" \/>\n<meta property=\"og:type\" content=\"article\" \/>\n<meta property=\"og:title\" content=\"Kafileyi ta\u015f\u0131yan otob\u00fcs\u00fcn lasti\u011fi patlad\u0131, futbolcular taksiyle ma\u00e7a yeti\u015ftirildi - Memurun Sesi\" \/>\n<meta property=\"og:description\" content=\"Konya 2.Amat\u00f6r K\u00fcmede m\u00fccadele veren Bey\u015fehir Demirspor Futbol Tak\u0131m\u0131 kafilesini deplasmana ta\u015f\u0131yan otob\u00fcs\u00fcn lasti\u011fi patlay\u0131nca, idareciler; futbolcular ve teknik heyeti m\u00fcsabakaya taksi \u00e7a\u011f\u0131rarak yeti\u015ftirdi. Amat\u00f6r ligde Bey\u015fehir il\u00e7esini temsil eden Bey\u015fehir Demirspor Futbol Tak\u0131m\u0131, bug\u00fcn Karatay il\u00e7esinde \u015eehit Nihat G\u00fcn sahas\u0131nda oynayaca\u011f\u0131 Maliyespor amat\u00f6r lig ma\u00e7\u0131 i\u00e7in Bey\u015fehir\u2019den yola \u00e7\u0131kt\u0131. Kafileyi ta\u015f\u0131yan otob\u00fcs\u00fcn lasti\u011fi Konya [&hellip;]\" \/>\n<meta property=\"og:url\" content=\"https:\/\/memurunsesi.net\/index.php\/2025\/05\/18\/kafileyi-tasiyan-otobusun-lastigi-patladi-futbolcular-taksiyle-maca-yetistirildi\/\" \/>\n<meta property=\"og:site_name\" content=\"Memurun Sesi\" \/>\n<meta property=\"article:publisher\" content=\"https:\/\/www.facebook.com\/unipersen\/?locale=tr_TR\" \/>\n<meta property=\"article:published_time\" content=\"2025-05-18T14:55:44+00:00\" \/>\n<meta property=\"og:image\" content=\"https:\/\/memurunsesi.net\/wp-content\/uploads\/2025\/05\/AW457677_01.jpg\" \/>\n\t<meta property=\"og:image:width\" content=\"1467\" \/>\n\t<meta property=\"og:image:height\" content=\"1052\" \/>\n\t<meta property=\"og:image:type\" content=\"image\/jpeg\" \/>\n<meta name=\"author\" content=\"Memurun Sesi Haber Merkezi\" \/>\n<meta name=\"twitter:card\" content=\"summary_large_image\" \/>\n<meta name=\"twitter:creator\" content=\"@unipersen\" \/>\n<meta name=\"twitter:site\" content=\"@unipersen\" \/>\n<meta name=\"twitter:label1\" content=\"Yazan:\" \/>\n\t<meta name=\"twitter:data1\" content=\"Memurun Sesi Haber Merkezi\" \/>\n\t<meta name=\"twitter:label2\" content=\"Tahmini okuma s\u00fcresi\" \/>\n\t<meta name=\"twitter:data2\" content=\"1 dakika\" \/>\n<script type=\"application\/ld+json\" class=\"yoast-schema-graph\">{\"@context\":\"https:\\\/\\\/schema.org\",\"@graph\":[{\"@type\":\"Article\",\"@id\":\"https:\\\/\\\/memurunsesi.net\\\/index.php\\\/2025\\\/05\\\/18\\\/kafileyi-tasiyan-otobusun-lastigi-patladi-futbolcular-taksiyle-maca-yetistirildi\\\/#article\",\"isPartOf\":{\"@id\":\"https:\\\/\\\/memurunsesi.net\\\/index.php\\\/2025\\\/05\\\/18\\\/kafileyi-tasiyan-otobusun-lastigi-patladi-futbolcular-taksiyle-maca-yetistirildi\\\/\"},\"author\":{\"name\":\"Memurun Sesi Haber Merkezi\",\"@id\":\"https:\\\/\\\/memurunsesi.net\\\/#\\\/schema\\\/person\\\/f21c2d73b89f6ee1d80b0a1803e38587\"},\"headline\":\"Kafileyi ta\u015f\u0131yan otob\u00fcs\u00fcn lasti\u011fi patlad\u0131, futbolcular taksiyle ma\u00e7a yeti\u015ftirildi\",\"datePublished\":\"2025-05-18T14:55:44+00:00\",\"mainEntityOfPage\":{\"@id\":\"https:\\\/\\\/memurunsesi.net\\\/index.php\\\/2025\\\/05\\\/18\\\/kafileyi-tasiyan-otobusun-lastigi-patladi-futbolcular-taksiyle-maca-yetistirildi\\\/\"},\"wordCount\":329,\"commentCount\":0,\"publisher\":{\"@id\":\"https:\\\/\\\/memurunsesi.net\\\/#organization\"},\"image\":{\"@id\":\"https:\\\/\\\/memurunsesi.net\\\/index.php\\\/2025\\\/05\\\/18\\\/kafileyi-tasiyan-otobusun-lastigi-patladi-futbolcular-taksiyle-maca-yetistirildi\\\/#primaryimage\"},\"thumbnailUrl\":\"https:\\\/\\\/memurunsesi.net\\\/wp-content\\\/uploads\\\/2025\\\/05\\\/AW457677_01.jpg\",\"articleSection\":[\"Spor\"],\"inLanguage\":\"tr\",\"potentialAction\":[{\"@type\":\"CommentAction\",\"name\":\"Comment\",\"target\":[\"https:\\\/\\\/memurunsesi.net\\\/index.php\\\/2025\\\/05\\\/18\\\/kafileyi-tasiyan-otobusun-lastigi-patladi-futbolcular-taksiyle-maca-yetistirildi\\\/#respond\"]}]},{\"@type\":\"WebPage\",\"@id\":\"https:\\\/\\\/memurunsesi.net\\\/index.php\\\/2025\\\/05\\\/18\\\/kafileyi-tasiyan-otobusun-lastigi-patladi-futbolcular-taksiyle-maca-yetistirildi\\\/\",\"url\":\"https:\\\/\\\/memurunsesi.net\\\/index.php\\\/2025\\\/05\\\/18\\\/kafileyi-tasiyan-otobusun-lastigi-patladi-futbolcular-taksiyle-maca-yetistirildi\\\/\",\"name\":\"Kafileyi ta\u015f\u0131yan otob\u00fcs\u00fcn lasti\u011fi patlad\u0131, futbolcular taksiyle ma\u00e7a yeti\u015ftirildi - Memurun Sesi\",\"isPartOf\":{\"@id\":\"https:\\\/\\\/memurunsesi.net\\\/#website\"},\"primaryImageOfPage\":{\"@id\":\"https:\\\/\\\/memurunsesi.net\\\/index.php\\\/2025\\\/05\\\/18\\\/kafileyi-tasiyan-otobusun-lastigi-patladi-futbolcular-taksiyle-maca-yetistirildi\\\/#primaryimage\"},\"image\":{\"@id\":\"https:\\\/\\\/memurunsesi.net\\\/index.php\\\/2025\\\/05\\\/18\\\/kafileyi-tasiyan-otobusun-lastigi-patladi-futbolcular-taksiyle-maca-yetistirildi\\\/#primaryimage\"},\"thumbnailUrl\":\"https:\\\/\\\/memurunsesi.net\\\/wp-content\\\/uploads\\\/2025\\\/05\\\/AW457677_01.jpg\",\"datePublished\":\"2025-05-18T14:55:44+00:00\",\"breadcrumb\":{\"@id\":\"https:\\\/\\\/memurunsesi.net\\\/index.php\\\/2025\\\/05\\\/18\\\/kafileyi-tasiyan-otobusun-lastigi-patladi-futbolcular-taksiyle-maca-yetistirildi\\\/#breadcrumb\"},\"inLanguage\":\"tr\",\"potentialAction\":[{\"@type\":\"ReadAction\",\"target\":[\"https:\\\/\\\/memurunsesi.net\\\/index.php\\\/2025\\\/05\\\/18\\\/kafileyi-tasiyan-otobusun-lastigi-patladi-futbolcular-taksiyle-maca-yetistirildi\\\/\"]}]},{\"@type\":\"ImageObject\",\"inLanguage\":\"tr\",\"@id\":\"https:\\\/\\\/memurunsesi.net\\\/index.php\\\/2025\\\/05\\\/18\\\/kafileyi-tasiyan-otobusun-lastigi-patladi-futbolcular-taksiyle-maca-yetistirildi\\\/#primaryimage\",\"url\":\"https:\\\/\\\/memurunsesi.net\\\/wp-content\\\/uploads\\\/2025\\\/05\\\/AW457677_01.jpg\",\"contentUrl\":\"https:\\\/\\\/memurunsesi.net\\\/wp-content\\\/uploads\\\/2025\\\/05\\\/AW457677_01.jpg\",\"width\":1467,\"height\":1052,\"caption\":\"KONYA 2.AMAT\u00d6R K\u00dcMEDE M\u00dcCADELE VEREN BEY\u015eEH\u0130R DEM\u0130RSPOR FUTBOL TAKIMI KAF\u0130LES\u0130N\u0130 DEPLASMANA TA\u015eIYAN OTOB\u00dcS\u00dcN LAST\u0130\u011e\u0130 PATLAYINCA, \u0130DAREC\u0130LER, FUTBOLCULAR VE TEKN\u0130K HEYET\u0130 M\u00dcSABAKAYA TAKS\u0130 \u00c7A\u011eIRARAK YET\u0130\u015eT\u0130RD\u0130. (AL\u0130 RIZA \u00d6NSES\\\/KONYA-\u0130HA) Konya 2.Amat\u00f6r K\u00fcmede m\u00fccadele veren Bey\u015fehir Demirspor Futbol Tak\u0131m\u0131 kafilesini deplasmana ta\u015f\u0131yan otob\u00fcs\u00fcn lasti\u011fi patlay\u0131nca, idareciler; futbolcular ve teknik heyeti m\u00fcsabakaya taksi \u00e7a\u011f\u0131rarak yeti\u015ftirdi.\"},{\"@type\":\"BreadcrumbList\",\"@id\":\"https:\\\/\\\/memurunsesi.net\\\/index.php\\\/2025\\\/05\\\/18\\\/kafileyi-tasiyan-otobusun-lastigi-patladi-futbolcular-taksiyle-maca-yetistirildi\\\/#breadcrumb\",\"itemListElement\":[{\"@type\":\"ListItem\",\"position\":1,\"name\":\"Anasayfa\",\"item\":\"https:\\\/\\\/memurunsesi.net\\\/\"},{\"@type\":\"ListItem\",\"position\":2,\"name\":\"Kafileyi ta\u015f\u0131yan otob\u00fcs\u00fcn lasti\u011fi patlad\u0131, futbolcular taksiyle ma\u00e7a yeti\u015ftirildi\"}]},{\"@type\":\"WebSite\",\"@id\":\"https:\\\/\\\/memurunsesi.net\\\/#website\",\"url\":\"https:\\\/\\\/memurunsesi.net\\\/\",\"name\":\"Memurun Sesi\",\"description\":\"G\u00fcncel ve Do\u011fru Haber\",\"publisher\":{\"@id\":\"https:\\\/\\\/memurunsesi.net\\\/#organization\"},\"potentialAction\":[{\"@type\":\"SearchAction\",\"target\":{\"@type\":\"EntryPoint\",\"urlTemplate\":\"https:\\\/\\\/memurunsesi.net\\\/?s={search_term_string}\"},\"query-input\":{\"@type\":\"PropertyValueSpecification\",\"valueRequired\":true,\"valueName\":\"search_term_string\"}}],\"inLanguage\":\"tr\"},{\"@type\":\"Organization\",\"@id\":\"https:\\\/\\\/memurunsesi.net\\\/#organization\",\"name\":\"Memurun Sesi\",\"url\":\"https:\\\/\\\/memurunsesi.net\\\/\",\"logo\":{\"@type\":\"ImageObject\",\"inLanguage\":\"tr\",\"@id\":\"https:\\\/\\\/memurunsesi.net\\\/#\\\/schema\\\/logo\\\/image\\\/\",\"url\":\"https:\\\/\\\/memurunsesi.net\\\/wp-content\\\/uploads\\\/2025\\\/11\\\/cropped-MEMURUN-SESI.png\",\"contentUrl\":\"https:\\\/\\\/memurunsesi.net\\\/wp-content\\\/uploads\\\/2025\\\/11\\\/cropped-MEMURUN-SESI.png\",\"width\":238,\"height\":57,\"caption\":\"Memurun Sesi\"},\"image\":{\"@id\":\"https:\\\/\\\/memurunsesi.net\\\/#\\\/schema\\\/logo\\\/image\\\/\"},\"sameAs\":[\"https:\\\/\\\/www.facebook.com\\\/unipersen\\\/?locale=tr_TR\",\"https:\\\/\\\/x.com\\\/unipersen\"]},{\"@type\":\"Person\",\"@id\":\"https:\\\/\\\/memurunsesi.net\\\/#\\\/schema\\\/person\\\/f21c2d73b89f6ee1d80b0a1803e38587\",\"name\":\"Memurun Sesi Haber Merkezi\",\"image\":{\"@type\":\"ImageObject\",\"inLanguage\":\"tr\",\"@id\":\"https:\\\/\\\/secure.gravatar.com\\\/avatar\\\/6cf0505f452ee753f485014986fab09a434671d2b919ee76fc541025c5876a70?s=96&d=mm&r=g\",\"url\":\"https:\\\/\\\/secure.gravatar.com\\\/avatar\\\/6cf0505f452ee753f485014986fab09a434671d2b919ee76fc541025c5876a70?s=96&d=mm&r=g\",\"contentUrl\":\"https:\\\/\\\/secure.gravatar.com\\\/avatar\\\/6cf0505f452ee753f485014986fab09a434671d2b919ee76fc541025c5876a70?s=96&d=mm&r=g\",\"caption\":\"Memurun Sesi Haber Merkezi\"},\"sameAs\":[\"https:\\\/\\\/memurunsesi.net\"],\"url\":\"https:\\\/\\\/memurunsesi.net\\\/index.php\\\/author\\\/uniper\\\/\"}]}<\/script>\n<!-- \/ Yoast SEO plugin. -->","yoast_head_json":{"title":"Kafileyi ta\u015f\u0131yan otob\u00fcs\u00fcn lasti\u011fi patlad\u0131, futbolcular taksiyle ma\u00e7a yeti\u015ftirildi - Memurun Sesi","robots":{"index":"index","follow":"follow","max-snippet":"max-snippet:-1","max-image-preview":"max-image-preview:large","max-video-preview":"max-video-preview:-1"},"canonical":"https:\/\/memurunsesi.net\/index.php\/2025\/05\/18\/kafileyi-tasiyan-otobusun-lastigi-patladi-futbolcular-taksiyle-maca-yetistirildi\/","og_locale":"tr_TR","og_type":"article","og_title":"Kafileyi ta\u015f\u0131yan otob\u00fcs\u00fcn lasti\u011fi patlad\u0131, futbolcular taksiyle ma\u00e7a yeti\u015ftirildi - Memurun Sesi","og_description":"Konya 2.Amat\u00f6r K\u00fcmede m\u00fccadele veren Bey\u015fehir Demirspor Futbol Tak\u0131m\u0131 kafilesini deplasmana ta\u015f\u0131yan otob\u00fcs\u00fcn lasti\u011fi patlay\u0131nca, idareciler; futbolcular ve teknik heyeti m\u00fcsabakaya taksi \u00e7a\u011f\u0131rarak yeti\u015ftirdi. Amat\u00f6r ligde Bey\u015fehir il\u00e7esini temsil eden Bey\u015fehir Demirspor Futbol Tak\u0131m\u0131, bug\u00fcn Karatay il\u00e7esinde \u015eehit Nihat G\u00fcn sahas\u0131nda oynayaca\u011f\u0131 Maliyespor amat\u00f6r lig ma\u00e7\u0131 i\u00e7in Bey\u015fehir\u2019den yola \u00e7\u0131kt\u0131. Kafileyi ta\u015f\u0131yan otob\u00fcs\u00fcn lasti\u011fi Konya [&hellip;]","og_url":"https:\/\/memurunsesi.net\/index.php\/2025\/05\/18\/kafileyi-tasiyan-otobusun-lastigi-patladi-futbolcular-taksiyle-maca-yetistirildi\/","og_site_name":"Memurun Sesi","article_publisher":"https:\/\/www.facebook.com\/unipersen\/?locale=tr_TR","article_published_time":"2025-05-18T14:55:44+00:00","og_image":[{"width":1467,"height":1052,"url":"https:\/\/memurunsesi.net\/wp-content\/uploads\/2025\/05\/AW457677_01.jpg","type":"image\/jpeg"}],"author":"Memurun Sesi Haber Merkezi","twitter_card":"summary_large_image","twitter_creator":"@unipersen","twitter_site":"@unipersen","twitter_misc":{"Yazan:":"Memurun Sesi Haber Merkezi","Tahmini okuma s\u00fcresi":"1 dakika"},"schema":{"@context":"https:\/\/schema.org","@graph":[{"@type":"Article","@id":"https:\/\/memurunsesi.net\/index.php\/2025\/05\/18\/kafileyi-tasiyan-otobusun-lastigi-patladi-futbolcular-taksiyle-maca-yetistirildi\/#article","isPartOf":{"@id":"https:\/\/memurunsesi.net\/index.php\/2025\/05\/18\/kafileyi-tasiyan-otobusun-lastigi-patladi-futbolcular-taksiyle-maca-yetistirildi\/"},"author":{"name":"Memurun Sesi Haber Merkezi","@id":"https:\/\/memurunsesi.net\/#\/schema\/person\/f21c2d73b89f6ee1d80b0a1803e38587"},"headline":"Kafileyi ta\u015f\u0131yan otob\u00fcs\u00fcn lasti\u011fi patlad\u0131, futbolcular taksiyle ma\u00e7a yeti\u015ftirildi","datePublished":"2025-05-18T14:55:44+00:00","mainEntityOfPage":{"@id":"https:\/\/memurunsesi.net\/index.php\/2025\/05\/18\/kafileyi-tasiyan-otobusun-lastigi-patladi-futbolcular-taksiyle-maca-yetistirildi\/"},"wordCount":329,"commentCount":0,"publisher":{"@id":"https:\/\/memurunsesi.net\/#organization"},"image":{"@id":"https:\/\/memurunsesi.net\/index.php\/2025\/05\/18\/kafileyi-tasiyan-otobusun-lastigi-patladi-futbolcular-taksiyle-maca-yetistirildi\/#primaryimage"},"thumbnailUrl":"https:\/\/memurunsesi.net\/wp-content\/uploads\/2025\/05\/AW457677_01.jpg","articleSection":["Spor"],"inLanguage":"tr","potentialAction":[{"@type":"CommentAction","name":"Comment","target":["https:\/\/memurunsesi.net\/index.php\/2025\/05\/18\/kafileyi-tasiyan-otobusun-lastigi-patladi-futbolcular-taksiyle-maca-yetistirildi\/#respond"]}]},{"@type":"WebPage","@id":"https:\/\/memurunsesi.net\/index.php\/2025\/05\/18\/kafileyi-tasiyan-otobusun-lastigi-patladi-futbolcular-taksiyle-maca-yetistirildi\/","url":"https:\/\/memurunsesi.net\/index.php\/2025\/05\/18\/kafileyi-tasiyan-otobusun-lastigi-patladi-futbolcular-taksiyle-maca-yetistirildi\/","name":"Kafileyi ta\u015f\u0131yan otob\u00fcs\u00fcn lasti\u011fi patlad\u0131, futbolcular taksiyle ma\u00e7a yeti\u015ftirildi - Memurun Sesi","isPartOf":{"@id":"https:\/\/memurunsesi.net\/#website"},"primaryImageOfPage":{"@id":"https:\/\/memurunsesi.net\/index.php\/2025\/05\/18\/kafileyi-tasiyan-otobusun-lastigi-patladi-futbolcular-taksiyle-maca-yetistirildi\/#primaryimage"},"image":{"@id":"https:\/\/memurunsesi.net\/index.php\/2025\/05\/18\/kafileyi-tasiyan-otobusun-lastigi-patladi-futbolcular-taksiyle-maca-yetistirildi\/#primaryimage"},"thumbnailUrl":"https:\/\/memurunsesi.net\/wp-content\/uploads\/2025\/05\/AW457677_01.jpg","datePublished":"2025-05-18T14:55:44+00:00","breadcrumb":{"@id":"https:\/\/memurunsesi.net\/index.php\/2025\/05\/18\/kafileyi-tasiyan-otobusun-lastigi-patladi-futbolcular-taksiyle-maca-yetistirildi\/#breadcrumb"},"inLanguage":"tr","potentialAction":[{"@type":"ReadAction","target":["https:\/\/memurunsesi.net\/index.php\/2025\/05\/18\/kafileyi-tasiyan-otobusun-lastigi-patladi-futbolcular-taksiyle-maca-yetistirildi\/"]}]},{"@type":"ImageObject","inLanguage":"tr","@id":"https:\/\/memurunsesi.net\/index.php\/2025\/05\/18\/kafileyi-tasiyan-otobusun-lastigi-patladi-futbolcular-taksiyle-maca-yetistirildi\/#primaryimage","url":"https:\/\/memurunsesi.net\/wp-content\/uploads\/2025\/05\/AW457677_01.jpg","contentUrl":"https:\/\/memurunsesi.net\/wp-content\/uploads\/2025\/05\/AW457677_01.jpg","width":1467,"height":1052,"caption":"KONYA 2.AMAT\u00d6R K\u00dcMEDE M\u00dcCADELE VEREN BEY\u015eEH\u0130R DEM\u0130RSPOR FUTBOL TAKIMI KAF\u0130LES\u0130N\u0130 DEPLASMANA TA\u015eIYAN OTOB\u00dcS\u00dcN LAST\u0130\u011e\u0130 PATLAYINCA, \u0130DAREC\u0130LER, FUTBOLCULAR VE TEKN\u0130K HEYET\u0130 M\u00dcSABAKAYA TAKS\u0130 \u00c7A\u011eIRARAK YET\u0130\u015eT\u0130RD\u0130. (AL\u0130 RIZA \u00d6NSES\/KONYA-\u0130HA) Konya 2.Amat\u00f6r K\u00fcmede m\u00fccadele veren Bey\u015fehir Demirspor Futbol Tak\u0131m\u0131 kafilesini deplasmana ta\u015f\u0131yan otob\u00fcs\u00fcn lasti\u011fi patlay\u0131nca, idareciler; futbolcular ve teknik heyeti m\u00fcsabakaya taksi \u00e7a\u011f\u0131rarak yeti\u015ftirdi."},{"@type":"BreadcrumbList","@id":"https:\/\/memurunsesi.net\/index.php\/2025\/05\/18\/kafileyi-tasiyan-otobusun-lastigi-patladi-futbolcular-taksiyle-maca-yetistirildi\/#breadcrumb","itemListElement":[{"@type":"ListItem","position":1,"name":"Anasayfa","item":"https:\/\/memurunsesi.net\/"},{"@type":"ListItem","position":2,"name":"Kafileyi ta\u015f\u0131yan otob\u00fcs\u00fcn lasti\u011fi patlad\u0131, futbolcular taksiyle ma\u00e7a yeti\u015ftirildi"}]},{"@type":"WebSite","@id":"https:\/\/memurunsesi.net\/#website","url":"https:\/\/memurunsesi.net\/","name":"Memurun Sesi","description":"G\u00fcncel ve Do\u011fru Haber","publisher":{"@id":"https:\/\/memurunsesi.net\/#organization"},"potentialAction":[{"@type":"SearchAction","target":{"@type":"EntryPoint","urlTemplate":"https:\/\/memurunsesi.net\/?s={search_term_string}"},"query-input":{"@type":"PropertyValueSpecification","valueRequired":true,"valueName":"search_term_string"}}],"inLanguage":"tr"},{"@type":"Organization","@id":"https:\/\/memurunsesi.net\/#organization","name":"Memurun Sesi","url":"https:\/\/memurunsesi.net\/","logo":{"@type":"ImageObject","inLanguage":"tr","@id":"https:\/\/memurunsesi.net\/#\/schema\/logo\/image\/","url":"https:\/\/memurunsesi.net\/wp-content\/uploads\/2025\/11\/cropped-MEMURUN-SESI.png","contentUrl":"https:\/\/memurunsesi.net\/wp-content\/uploads\/2025\/11\/cropped-MEMURUN-SESI.png","width":238,"height":57,"caption":"Memurun Sesi"},"image":{"@id":"https:\/\/memurunsesi.net\/#\/schema\/logo\/image\/"},"sameAs":["https:\/\/www.facebook.com\/unipersen\/?locale=tr_TR","https:\/\/x.com\/unipersen"]},{"@type":"Person","@id":"https:\/\/memurunsesi.net\/#\/schema\/person\/f21c2d73b89f6ee1d80b0a1803e38587","name":"Memurun Sesi Haber Merkezi","image":{"@type":"ImageObject","inLanguage":"tr","@id":"https:\/\/secure.gravatar.com\/avatar\/6cf0505f452ee753f485014986fab09a434671d2b919ee76fc541025c5876a70?s=96&d=mm&r=g","url":"https:\/\/secure.gravatar.com\/avatar\/6cf0505f452ee753f485014986fab09a434671d2b919ee76fc541025c5876a70?s=96&d=mm&r=g","contentUrl":"https:\/\/secure.gravatar.com\/avatar\/6cf0505f452ee753f485014986fab09a434671d2b919ee76fc541025c5876a70?s=96&d=mm&r=g","caption":"Memurun Sesi Haber Merkezi"},"sameAs":["https:\/\/memurunsesi.net"],"url":"https:\/\/memurunsesi.net\/index.php\/author\/uniper\/"}]}},"_links":{"self":[{"href":"https:\/\/memurunsesi.net\/index.php\/wp-json\/wp\/v2\/posts\/6938","targetHints":{"allow":["GET"]}}],"collection":[{"href":"https:\/\/memurunsesi.net\/index.php\/wp-json\/wp\/v2\/posts"}],"about":[{"href":"https:\/\/memurunsesi.net\/index.php\/wp-json\/wp\/v2\/types\/post"}],"author":[{"embeddable":true,"href":"https:\/\/memurunsesi.net\/index.php\/wp-json\/wp\/v2\/users\/1"}],"replies":[{"embeddable":true,"href":"https:\/\/memurunsesi.net\/index.php\/wp-json\/wp\/v2\/comments?post=6938"}],"version-history":[{"count":1,"href":"https:\/\/memurunsesi.net\/index.php\/wp-json\/wp\/v2\/posts\/6938\/revisions"}],"predecessor-version":[{"id":6940,"href":"https:\/\/memurunsesi.net\/index.php\/wp-json\/wp\/v2\/posts\/6938\/revisions\/6940"}],"wp:featuredmedia":[{"embeddable":true,"href":"https:\/\/memurunsesi.net\/index.php\/wp-json\/wp\/v2\/media\/6939"}],"wp:attachment":[{"href":"https:\/\/memurunsesi.net\/index.php\/wp-json\/wp\/v2\/media?parent=6938"}],"wp:term":[{"taxonomy":"category","embeddable":true,"href":"https:\/\/memurunsesi.net\/index.php\/wp-json\/wp\/v2\/categories?post=6938"},{"taxonomy":"post_tag","embeddable":true,"href":"https:\/\/memurunsesi.net\/index.php\/wp-json\/wp\/v2\/tags?post=6938"}],"curies":[{"name":"wp","href":"https:\/\/api.w.org\/{rel}","templated":true}]}}