{"id":6946,"date":"2025-05-18T17:59:53","date_gmt":"2025-05-18T14:59:53","guid":{"rendered":"https:\/\/memurunsesi.net\/?p=6946"},"modified":"2025-05-18T17:59:53","modified_gmt":"2025-05-18T14:59:53","slug":"ozel-surucunun-oldugu-kazayi-arkadan-gelen-otomobilin-kamerasi-saniye-saniye-kaydetti","status":"publish","type":"post","link":"https:\/\/memurunsesi.net\/index.php\/2025\/05\/18\/ozel-surucunun-oldugu-kazayi-arkadan-gelen-otomobilin-kamerasi-saniye-saniye-kaydetti\/","title":{"rendered":"(\u00d6ZEL) S\u00fcr\u00fcc\u00fcn\u00fcn \u00f6ld\u00fc\u011f\u00fc kazay\u0131 arkadan gelen otomobilin kameras\u0131 saniye saniye kaydetti"},"content":{"rendered":"<p> Afyonkarahisar&#8217;da bir ki\u015finin \u00f6ld\u00fc\u011f\u00fc trafik kazas\u0131 bir otomobilin ara\u00e7 kameras\u0131 taraf\u0131ndan saniye saniye kaydedilirken, otomobilin savrularak ref\u00fcje girmesi g\u00f6renleri deh\u015fete d\u00fc\u015f\u00fcrd\u00fc.<br \/>\n  Olay, Emirda\u011f il\u00e7esi Topdere k\u00f6y\u00fc yak\u0131nlar\u0131nda meydana geldi. Edinilen bilgilere g\u00f6re, Eski\u015fehir yolu \u00fczerinde ya\u015fanan kazada \u0130lyas Tun\u00e7bilek (75) idaresindeki 59 RK 802 plakal\u0131 otomobil s\u00fcr\u00fcc\u00fcs\u00fcn\u00fcn hen\u00fcz belirlenemeyen bir sebeple direksiyon hakimiyetini kaybetmesi sonucu kontrolden \u00e7\u0131kt\u0131. Otomobil ard\u0131ndan savrularak yol kenar\u0131ndaki ref\u00fcje girdi. Kazada s\u00fcr\u00fcc\u00fc Tun\u00e7bilek a\u011f\u0131r yaraland\u0131. Yaralanan s\u00fcr\u00fcc\u00fc \u00e7evredekilerin haber vermesiyle olay yerine gelen ambulansla hastaneye kald\u0131r\u0131ld\u0131 ancak yap\u0131lan m\u00fcdahaleye ra\u011fmen kurtar\u0131lamad\u0131.<br \/>\n  Kaza an\u0131 ise arkadan gelen bir ba\u015fka otomobilin ara\u00e7 kameras\u0131 taraf\u0131ndan saniye saniye kaydedildi. G\u00f6r\u00fcnt\u00fclerde otomobilin savrulup ref\u00fcje girmesi yer al\u0131rken bu s\u0131rada ara\u00e7 kameras\u0131n\u0131n bulundu\u011fu otomobildekilerin b\u00fcy\u00fck panik ya\u015fad\u0131klar\u0131 g\u00f6zleniyor. <\/p>\n<p>18.05.2025                                <\/p>\n","protected":false},"excerpt":{"rendered":"<p>Afyonkarahisar&#8217;da bir ki\u015finin \u00f6ld\u00fc\u011f\u00fc trafik kazas\u0131 bir otomobilin ara\u00e7 kameras\u0131 taraf\u0131ndan saniye saniye kaydedilirken, otomobilin savrularak ref\u00fcje girmesi g\u00f6renleri deh\u015fete d\u00fc\u015f\u00fcrd\u00fc. Olay, Emirda\u011f il\u00e7esi Topdere k\u00f6y\u00fc yak\u0131nlar\u0131nda meydana geldi. Edinilen bilgilere g\u00f6re, Eski\u015fehir yolu \u00fczerinde ya\u015fanan kazada \u0130lyas Tun\u00e7bilek (75) idaresindeki 59 RK 802 plakal\u0131 otomobil s\u00fcr\u00fcc\u00fcs\u00fcn\u00fcn hen\u00fcz belirlenemeyen bir sebeple direksiyon hakimiyetini kaybetmesi sonucu [&hellip;]<\/p>\n","protected":false},"author":1,"featured_media":0,"comment_status":"open","ping_status":"open","sticky":false,"template":"","format":"standard","meta":{"footnotes":""},"categories":[1],"tags":[],"class_list":["post-6946","post","type-post","status-publish","format-standard","hentry","category-genel"],"yoast_head":"<!-- This site is optimized with the Yoast SEO plugin v27.4 - https:\/\/yoast.com\/product\/yoast-seo-wordpress\/ -->\n<title>(\u00d6ZEL) S\u00fcr\u00fcc\u00fcn\u00fcn \u00f6ld\u00fc\u011f\u00fc kazay\u0131 arkadan gelen otomobilin kameras\u0131 saniye saniye kaydetti - Memurun Sesi<\/title>\n<meta name=\"robots\" content=\"index, follow, max-snippet:-1, max-image-preview:large, max-video-preview:-1\" \/>\n<link rel=\"canonical\" href=\"https:\/\/memurunsesi.net\/index.php\/2025\/05\/18\/ozel-surucunun-oldugu-kazayi-arkadan-gelen-otomobilin-kamerasi-saniye-saniye-kaydetti\/\" \/>\n<meta property=\"og:locale\" content=\"tr_TR\" \/>\n<meta property=\"og:type\" content=\"article\" \/>\n<meta property=\"og:title\" content=\"(\u00d6ZEL) S\u00fcr\u00fcc\u00fcn\u00fcn \u00f6ld\u00fc\u011f\u00fc kazay\u0131 arkadan gelen otomobilin kameras\u0131 saniye saniye kaydetti - Memurun Sesi\" \/>\n<meta property=\"og:description\" content=\"Afyonkarahisar&#8217;da bir ki\u015finin \u00f6ld\u00fc\u011f\u00fc trafik kazas\u0131 bir otomobilin ara\u00e7 kameras\u0131 taraf\u0131ndan saniye saniye kaydedilirken, otomobilin savrularak ref\u00fcje girmesi g\u00f6renleri deh\u015fete d\u00fc\u015f\u00fcrd\u00fc. Olay, Emirda\u011f il\u00e7esi Topdere k\u00f6y\u00fc yak\u0131nlar\u0131nda meydana geldi. Edinilen bilgilere g\u00f6re, Eski\u015fehir yolu \u00fczerinde ya\u015fanan kazada \u0130lyas Tun\u00e7bilek (75) idaresindeki 59 RK 802 plakal\u0131 otomobil s\u00fcr\u00fcc\u00fcs\u00fcn\u00fcn hen\u00fcz belirlenemeyen bir sebeple direksiyon hakimiyetini kaybetmesi sonucu [&hellip;]\" \/>\n<meta property=\"og:url\" content=\"https:\/\/memurunsesi.net\/index.php\/2025\/05\/18\/ozel-surucunun-oldugu-kazayi-arkadan-gelen-otomobilin-kamerasi-saniye-saniye-kaydetti\/\" \/>\n<meta property=\"og:site_name\" content=\"Memurun Sesi\" \/>\n<meta property=\"article:publisher\" content=\"https:\/\/www.facebook.com\/unipersen\/?locale=tr_TR\" \/>\n<meta property=\"article:published_time\" content=\"2025-05-18T14:59:53+00:00\" \/>\n<meta name=\"author\" content=\"Memurun Sesi Haber Merkezi\" \/>\n<meta name=\"twitter:card\" content=\"summary_large_image\" \/>\n<meta name=\"twitter:creator\" content=\"@unipersen\" \/>\n<meta name=\"twitter:site\" content=\"@unipersen\" \/>\n<meta name=\"twitter:label1\" content=\"Yazan:\" \/>\n\t<meta name=\"twitter:data1\" content=\"Memurun Sesi Haber Merkezi\" \/>\n<script type=\"application\/ld+json\" class=\"yoast-schema-graph\">{\"@context\":\"https:\\\/\\\/schema.org\",\"@graph\":[{\"@type\":\"Article\",\"@id\":\"https:\\\/\\\/memurunsesi.net\\\/index.php\\\/2025\\\/05\\\/18\\\/ozel-surucunun-oldugu-kazayi-arkadan-gelen-otomobilin-kamerasi-saniye-saniye-kaydetti\\\/#article\",\"isPartOf\":{\"@id\":\"https:\\\/\\\/memurunsesi.net\\\/index.php\\\/2025\\\/05\\\/18\\\/ozel-surucunun-oldugu-kazayi-arkadan-gelen-otomobilin-kamerasi-saniye-saniye-kaydetti\\\/\"},\"author\":{\"name\":\"Memurun Sesi Haber Merkezi\",\"@id\":\"https:\\\/\\\/memurunsesi.net\\\/#\\\/schema\\\/person\\\/f21c2d73b89f6ee1d80b0a1803e38587\"},\"headline\":\"(\u00d6ZEL) S\u00fcr\u00fcc\u00fcn\u00fcn \u00f6ld\u00fc\u011f\u00fc kazay\u0131 arkadan gelen otomobilin kameras\u0131 saniye saniye kaydetti\",\"datePublished\":\"2025-05-18T14:59:53+00:00\",\"mainEntityOfPage\":{\"@id\":\"https:\\\/\\\/memurunsesi.net\\\/index.php\\\/2025\\\/05\\\/18\\\/ozel-surucunun-oldugu-kazayi-arkadan-gelen-otomobilin-kamerasi-saniye-saniye-kaydetti\\\/\"},\"wordCount\":180,\"commentCount\":0,\"publisher\":{\"@id\":\"https:\\\/\\\/memurunsesi.net\\\/#organization\"},\"inLanguage\":\"tr\",\"potentialAction\":[{\"@type\":\"CommentAction\",\"name\":\"Comment\",\"target\":[\"https:\\\/\\\/memurunsesi.net\\\/index.php\\\/2025\\\/05\\\/18\\\/ozel-surucunun-oldugu-kazayi-arkadan-gelen-otomobilin-kamerasi-saniye-saniye-kaydetti\\\/#respond\"]}]},{\"@type\":\"WebPage\",\"@id\":\"https:\\\/\\\/memurunsesi.net\\\/index.php\\\/2025\\\/05\\\/18\\\/ozel-surucunun-oldugu-kazayi-arkadan-gelen-otomobilin-kamerasi-saniye-saniye-kaydetti\\\/\",\"url\":\"https:\\\/\\\/memurunsesi.net\\\/index.php\\\/2025\\\/05\\\/18\\\/ozel-surucunun-oldugu-kazayi-arkadan-gelen-otomobilin-kamerasi-saniye-saniye-kaydetti\\\/\",\"name\":\"(\u00d6ZEL) S\u00fcr\u00fcc\u00fcn\u00fcn \u00f6ld\u00fc\u011f\u00fc kazay\u0131 arkadan gelen otomobilin kameras\u0131 saniye saniye kaydetti - Memurun Sesi\",\"isPartOf\":{\"@id\":\"https:\\\/\\\/memurunsesi.net\\\/#website\"},\"datePublished\":\"2025-05-18T14:59:53+00:00\",\"breadcrumb\":{\"@id\":\"https:\\\/\\\/memurunsesi.net\\\/index.php\\\/2025\\\/05\\\/18\\\/ozel-surucunun-oldugu-kazayi-arkadan-gelen-otomobilin-kamerasi-saniye-saniye-kaydetti\\\/#breadcrumb\"},\"inLanguage\":\"tr\",\"potentialAction\":[{\"@type\":\"ReadAction\",\"target\":[\"https:\\\/\\\/memurunsesi.net\\\/index.php\\\/2025\\\/05\\\/18\\\/ozel-surucunun-oldugu-kazayi-arkadan-gelen-otomobilin-kamerasi-saniye-saniye-kaydetti\\\/\"]}]},{\"@type\":\"BreadcrumbList\",\"@id\":\"https:\\\/\\\/memurunsesi.net\\\/index.php\\\/2025\\\/05\\\/18\\\/ozel-surucunun-oldugu-kazayi-arkadan-gelen-otomobilin-kamerasi-saniye-saniye-kaydetti\\\/#breadcrumb\",\"itemListElement\":[{\"@type\":\"ListItem\",\"position\":1,\"name\":\"Anasayfa\",\"item\":\"https:\\\/\\\/memurunsesi.net\\\/\"},{\"@type\":\"ListItem\",\"position\":2,\"name\":\"(\u00d6ZEL) S\u00fcr\u00fcc\u00fcn\u00fcn \u00f6ld\u00fc\u011f\u00fc kazay\u0131 arkadan gelen otomobilin kameras\u0131 saniye saniye kaydetti\"}]},{\"@type\":\"WebSite\",\"@id\":\"https:\\\/\\\/memurunsesi.net\\\/#website\",\"url\":\"https:\\\/\\\/memurunsesi.net\\\/\",\"name\":\"Memurun Sesi\",\"description\":\"G\u00fcncel ve Do\u011fru Haber\",\"publisher\":{\"@id\":\"https:\\\/\\\/memurunsesi.net\\\/#organization\"},\"potentialAction\":[{\"@type\":\"SearchAction\",\"target\":{\"@type\":\"EntryPoint\",\"urlTemplate\":\"https:\\\/\\\/memurunsesi.net\\\/?s={search_term_string}\"},\"query-input\":{\"@type\":\"PropertyValueSpecification\",\"valueRequired\":true,\"valueName\":\"search_term_string\"}}],\"inLanguage\":\"tr\"},{\"@type\":\"Organization\",\"@id\":\"https:\\\/\\\/memurunsesi.net\\\/#organization\",\"name\":\"Memurun Sesi\",\"url\":\"https:\\\/\\\/memurunsesi.net\\\/\",\"logo\":{\"@type\":\"ImageObject\",\"inLanguage\":\"tr\",\"@id\":\"https:\\\/\\\/memurunsesi.net\\\/#\\\/schema\\\/logo\\\/image\\\/\",\"url\":\"https:\\\/\\\/memurunsesi.net\\\/wp-content\\\/uploads\\\/2025\\\/11\\\/cropped-MEMURUN-SESI.png\",\"contentUrl\":\"https:\\\/\\\/memurunsesi.net\\\/wp-content\\\/uploads\\\/2025\\\/11\\\/cropped-MEMURUN-SESI.png\",\"width\":238,\"height\":57,\"caption\":\"Memurun Sesi\"},\"image\":{\"@id\":\"https:\\\/\\\/memurunsesi.net\\\/#\\\/schema\\\/logo\\\/image\\\/\"},\"sameAs\":[\"https:\\\/\\\/www.facebook.com\\\/unipersen\\\/?locale=tr_TR\",\"https:\\\/\\\/x.com\\\/unipersen\"]},{\"@type\":\"Person\",\"@id\":\"https:\\\/\\\/memurunsesi.net\\\/#\\\/schema\\\/person\\\/f21c2d73b89f6ee1d80b0a1803e38587\",\"name\":\"Memurun Sesi Haber Merkezi\",\"image\":{\"@type\":\"ImageObject\",\"inLanguage\":\"tr\",\"@id\":\"https:\\\/\\\/secure.gravatar.com\\\/avatar\\\/6cf0505f452ee753f485014986fab09a434671d2b919ee76fc541025c5876a70?s=96&d=mm&r=g\",\"url\":\"https:\\\/\\\/secure.gravatar.com\\\/avatar\\\/6cf0505f452ee753f485014986fab09a434671d2b919ee76fc541025c5876a70?s=96&d=mm&r=g\",\"contentUrl\":\"https:\\\/\\\/secure.gravatar.com\\\/avatar\\\/6cf0505f452ee753f485014986fab09a434671d2b919ee76fc541025c5876a70?s=96&d=mm&r=g\",\"caption\":\"Memurun Sesi Haber Merkezi\"},\"sameAs\":[\"https:\\\/\\\/memurunsesi.net\"],\"url\":\"https:\\\/\\\/memurunsesi.net\\\/index.php\\\/author\\\/uniper\\\/\"}]}<\/script>\n<!-- \/ Yoast SEO plugin. -->","yoast_head_json":{"title":"(\u00d6ZEL) S\u00fcr\u00fcc\u00fcn\u00fcn \u00f6ld\u00fc\u011f\u00fc kazay\u0131 arkadan gelen otomobilin kameras\u0131 saniye saniye kaydetti - Memurun Sesi","robots":{"index":"index","follow":"follow","max-snippet":"max-snippet:-1","max-image-preview":"max-image-preview:large","max-video-preview":"max-video-preview:-1"},"canonical":"https:\/\/memurunsesi.net\/index.php\/2025\/05\/18\/ozel-surucunun-oldugu-kazayi-arkadan-gelen-otomobilin-kamerasi-saniye-saniye-kaydetti\/","og_locale":"tr_TR","og_type":"article","og_title":"(\u00d6ZEL) S\u00fcr\u00fcc\u00fcn\u00fcn \u00f6ld\u00fc\u011f\u00fc kazay\u0131 arkadan gelen otomobilin kameras\u0131 saniye saniye kaydetti - Memurun Sesi","og_description":"Afyonkarahisar&#8217;da bir ki\u015finin \u00f6ld\u00fc\u011f\u00fc trafik kazas\u0131 bir otomobilin ara\u00e7 kameras\u0131 taraf\u0131ndan saniye saniye kaydedilirken, otomobilin savrularak ref\u00fcje girmesi g\u00f6renleri deh\u015fete d\u00fc\u015f\u00fcrd\u00fc. Olay, Emirda\u011f il\u00e7esi Topdere k\u00f6y\u00fc yak\u0131nlar\u0131nda meydana geldi. Edinilen bilgilere g\u00f6re, Eski\u015fehir yolu \u00fczerinde ya\u015fanan kazada \u0130lyas Tun\u00e7bilek (75) idaresindeki 59 RK 802 plakal\u0131 otomobil s\u00fcr\u00fcc\u00fcs\u00fcn\u00fcn hen\u00fcz belirlenemeyen bir sebeple direksiyon hakimiyetini kaybetmesi sonucu [&hellip;]","og_url":"https:\/\/memurunsesi.net\/index.php\/2025\/05\/18\/ozel-surucunun-oldugu-kazayi-arkadan-gelen-otomobilin-kamerasi-saniye-saniye-kaydetti\/","og_site_name":"Memurun Sesi","article_publisher":"https:\/\/www.facebook.com\/unipersen\/?locale=tr_TR","article_published_time":"2025-05-18T14:59:53+00:00","author":"Memurun Sesi Haber Merkezi","twitter_card":"summary_large_image","twitter_creator":"@unipersen","twitter_site":"@unipersen","twitter_misc":{"Yazan:":"Memurun Sesi Haber Merkezi"},"schema":{"@context":"https:\/\/schema.org","@graph":[{"@type":"Article","@id":"https:\/\/memurunsesi.net\/index.php\/2025\/05\/18\/ozel-surucunun-oldugu-kazayi-arkadan-gelen-otomobilin-kamerasi-saniye-saniye-kaydetti\/#article","isPartOf":{"@id":"https:\/\/memurunsesi.net\/index.php\/2025\/05\/18\/ozel-surucunun-oldugu-kazayi-arkadan-gelen-otomobilin-kamerasi-saniye-saniye-kaydetti\/"},"author":{"name":"Memurun Sesi Haber Merkezi","@id":"https:\/\/memurunsesi.net\/#\/schema\/person\/f21c2d73b89f6ee1d80b0a1803e38587"},"headline":"(\u00d6ZEL) S\u00fcr\u00fcc\u00fcn\u00fcn \u00f6ld\u00fc\u011f\u00fc kazay\u0131 arkadan gelen otomobilin kameras\u0131 saniye saniye kaydetti","datePublished":"2025-05-18T14:59:53+00:00","mainEntityOfPage":{"@id":"https:\/\/memurunsesi.net\/index.php\/2025\/05\/18\/ozel-surucunun-oldugu-kazayi-arkadan-gelen-otomobilin-kamerasi-saniye-saniye-kaydetti\/"},"wordCount":180,"commentCount":0,"publisher":{"@id":"https:\/\/memurunsesi.net\/#organization"},"inLanguage":"tr","potentialAction":[{"@type":"CommentAction","name":"Comment","target":["https:\/\/memurunsesi.net\/index.php\/2025\/05\/18\/ozel-surucunun-oldugu-kazayi-arkadan-gelen-otomobilin-kamerasi-saniye-saniye-kaydetti\/#respond"]}]},{"@type":"WebPage","@id":"https:\/\/memurunsesi.net\/index.php\/2025\/05\/18\/ozel-surucunun-oldugu-kazayi-arkadan-gelen-otomobilin-kamerasi-saniye-saniye-kaydetti\/","url":"https:\/\/memurunsesi.net\/index.php\/2025\/05\/18\/ozel-surucunun-oldugu-kazayi-arkadan-gelen-otomobilin-kamerasi-saniye-saniye-kaydetti\/","name":"(\u00d6ZEL) S\u00fcr\u00fcc\u00fcn\u00fcn \u00f6ld\u00fc\u011f\u00fc kazay\u0131 arkadan gelen otomobilin kameras\u0131 saniye saniye kaydetti - Memurun Sesi","isPartOf":{"@id":"https:\/\/memurunsesi.net\/#website"},"datePublished":"2025-05-18T14:59:53+00:00","breadcrumb":{"@id":"https:\/\/memurunsesi.net\/index.php\/2025\/05\/18\/ozel-surucunun-oldugu-kazayi-arkadan-gelen-otomobilin-kamerasi-saniye-saniye-kaydetti\/#breadcrumb"},"inLanguage":"tr","potentialAction":[{"@type":"ReadAction","target":["https:\/\/memurunsesi.net\/index.php\/2025\/05\/18\/ozel-surucunun-oldugu-kazayi-arkadan-gelen-otomobilin-kamerasi-saniye-saniye-kaydetti\/"]}]},{"@type":"BreadcrumbList","@id":"https:\/\/memurunsesi.net\/index.php\/2025\/05\/18\/ozel-surucunun-oldugu-kazayi-arkadan-gelen-otomobilin-kamerasi-saniye-saniye-kaydetti\/#breadcrumb","itemListElement":[{"@type":"ListItem","position":1,"name":"Anasayfa","item":"https:\/\/memurunsesi.net\/"},{"@type":"ListItem","position":2,"name":"(\u00d6ZEL) S\u00fcr\u00fcc\u00fcn\u00fcn \u00f6ld\u00fc\u011f\u00fc kazay\u0131 arkadan gelen otomobilin kameras\u0131 saniye saniye kaydetti"}]},{"@type":"WebSite","@id":"https:\/\/memurunsesi.net\/#website","url":"https:\/\/memurunsesi.net\/","name":"Memurun Sesi","description":"G\u00fcncel ve Do\u011fru Haber","publisher":{"@id":"https:\/\/memurunsesi.net\/#organization"},"potentialAction":[{"@type":"SearchAction","target":{"@type":"EntryPoint","urlTemplate":"https:\/\/memurunsesi.net\/?s={search_term_string}"},"query-input":{"@type":"PropertyValueSpecification","valueRequired":true,"valueName":"search_term_string"}}],"inLanguage":"tr"},{"@type":"Organization","@id":"https:\/\/memurunsesi.net\/#organization","name":"Memurun Sesi","url":"https:\/\/memurunsesi.net\/","logo":{"@type":"ImageObject","inLanguage":"tr","@id":"https:\/\/memurunsesi.net\/#\/schema\/logo\/image\/","url":"https:\/\/memurunsesi.net\/wp-content\/uploads\/2025\/11\/cropped-MEMURUN-SESI.png","contentUrl":"https:\/\/memurunsesi.net\/wp-content\/uploads\/2025\/11\/cropped-MEMURUN-SESI.png","width":238,"height":57,"caption":"Memurun Sesi"},"image":{"@id":"https:\/\/memurunsesi.net\/#\/schema\/logo\/image\/"},"sameAs":["https:\/\/www.facebook.com\/unipersen\/?locale=tr_TR","https:\/\/x.com\/unipersen"]},{"@type":"Person","@id":"https:\/\/memurunsesi.net\/#\/schema\/person\/f21c2d73b89f6ee1d80b0a1803e38587","name":"Memurun Sesi Haber Merkezi","image":{"@type":"ImageObject","inLanguage":"tr","@id":"https:\/\/secure.gravatar.com\/avatar\/6cf0505f452ee753f485014986fab09a434671d2b919ee76fc541025c5876a70?s=96&d=mm&r=g","url":"https:\/\/secure.gravatar.com\/avatar\/6cf0505f452ee753f485014986fab09a434671d2b919ee76fc541025c5876a70?s=96&d=mm&r=g","contentUrl":"https:\/\/secure.gravatar.com\/avatar\/6cf0505f452ee753f485014986fab09a434671d2b919ee76fc541025c5876a70?s=96&d=mm&r=g","caption":"Memurun Sesi Haber Merkezi"},"sameAs":["https:\/\/memurunsesi.net"],"url":"https:\/\/memurunsesi.net\/index.php\/author\/uniper\/"}]}},"_links":{"self":[{"href":"https:\/\/memurunsesi.net\/index.php\/wp-json\/wp\/v2\/posts\/6946","targetHints":{"allow":["GET"]}}],"collection":[{"href":"https:\/\/memurunsesi.net\/index.php\/wp-json\/wp\/v2\/posts"}],"about":[{"href":"https:\/\/memurunsesi.net\/index.php\/wp-json\/wp\/v2\/types\/post"}],"author":[{"embeddable":true,"href":"https:\/\/memurunsesi.net\/index.php\/wp-json\/wp\/v2\/users\/1"}],"replies":[{"embeddable":true,"href":"https:\/\/memurunsesi.net\/index.php\/wp-json\/wp\/v2\/comments?post=6946"}],"version-history":[{"count":1,"href":"https:\/\/memurunsesi.net\/index.php\/wp-json\/wp\/v2\/posts\/6946\/revisions"}],"predecessor-version":[{"id":6948,"href":"https:\/\/memurunsesi.net\/index.php\/wp-json\/wp\/v2\/posts\/6946\/revisions\/6948"}],"wp:attachment":[{"href":"https:\/\/memurunsesi.net\/index.php\/wp-json\/wp\/v2\/media?parent=6946"}],"wp:term":[{"taxonomy":"category","embeddable":true,"href":"https:\/\/memurunsesi.net\/index.php\/wp-json\/wp\/v2\/categories?post=6946"},{"taxonomy":"post_tag","embeddable":true,"href":"https:\/\/memurunsesi.net\/index.php\/wp-json\/wp\/v2\/tags?post=6946"}],"curies":[{"name":"wp","href":"https:\/\/api.w.org\/{rel}","templated":true}]}}