{"id":6952,"date":"2025-05-18T18:04:19","date_gmt":"2025-05-18T15:04:19","guid":{"rendered":"https:\/\/memurunsesi.net\/?p=6952"},"modified":"2025-05-18T18:04:19","modified_gmt":"2025-05-18T15:04:19","slug":"munzur-nehrinde-mahsur-kalan-vatandasi-ekipler-kurtardi","status":"publish","type":"post","link":"https:\/\/memurunsesi.net\/index.php\/2025\/05\/18\/munzur-nehrinde-mahsur-kalan-vatandasi-ekipler-kurtardi\/","title":{"rendered":"Munzur Nehri\u2019nde mahsur kalan vatanda\u015f\u0131 ekipler kurtard\u0131"},"content":{"rendered":"<p>  Tunceli\u2019de Munzur Nehri\u2019ne y\u00fczmek i\u00e7in giren ve mahsur kalan vatanda\u015f\u0131 ekipler kurtard\u0131.<br \/>\nOlay, Ovac\u0131k il\u00e7esi A\u015fa\u011f\u0131torunoba k\u00f6y\u00fc Gelincik Tepe mevkisinde meydana geldi. Edinilen bilgiye g\u00f6re Van\u2019dan gezi ama\u00e7l\u0131 il\u00e7eye gelen H.B., y\u00fczmek i\u00e7in Munzur Nehri\u2019ne girdi. G\u00fc\u00e7l\u00fc ak\u0131nt\u0131ya kap\u0131lan \u015fah\u0131s, ta\u015flara tutunarak hayatta kald\u0131. Haber verilmesi \u00fczerine b\u00f6lgeye AFAD, jandarma ve sa\u011fl\u0131k ekipleri sevk edildi. Botla nehre giren ekipler, \u015fahs\u0131 bulundu\u011fu noktadan kurtard\u0131.<br \/>\n  (CK-SO-Y) <\/p>\n<p>18.05.2025 17:35:54  TSI<br \/>\nNNNN                                         <\/p>\n","protected":false},"excerpt":{"rendered":"<p>Tunceli\u2019de Munzur Nehri\u2019ne y\u00fczmek i\u00e7in giren ve mahsur kalan vatanda\u015f\u0131 ekipler kurtard\u0131. Olay, Ovac\u0131k il\u00e7esi A\u015fa\u011f\u0131torunoba k\u00f6y\u00fc Gelincik Tepe mevkisinde meydana geldi. Edinilen bilgiye g\u00f6re Van\u2019dan gezi ama\u00e7l\u0131 il\u00e7eye gelen H.B., y\u00fczmek i\u00e7in Munzur Nehri\u2019ne girdi. G\u00fc\u00e7l\u00fc ak\u0131nt\u0131ya kap\u0131lan \u015fah\u0131s, ta\u015flara tutunarak hayatta kald\u0131. Haber verilmesi \u00fczerine b\u00f6lgeye AFAD, jandarma ve sa\u011fl\u0131k ekipleri sevk edildi. [&hellip;]<\/p>\n","protected":false},"author":1,"featured_media":6953,"comment_status":"open","ping_status":"open","sticky":false,"template":"","format":"standard","meta":{"footnotes":""},"categories":[1],"tags":[],"class_list":["post-6952","post","type-post","status-publish","format-standard","has-post-thumbnail","hentry","category-genel"],"yoast_head":"<!-- This site is optimized with the Yoast SEO plugin v27.4 - https:\/\/yoast.com\/product\/yoast-seo-wordpress\/ -->\n<title>Munzur Nehri\u2019nde mahsur kalan vatanda\u015f\u0131 ekipler kurtard\u0131 - Memurun Sesi<\/title>\n<meta name=\"robots\" content=\"index, follow, max-snippet:-1, max-image-preview:large, max-video-preview:-1\" \/>\n<link rel=\"canonical\" href=\"https:\/\/memurunsesi.net\/index.php\/2025\/05\/18\/munzur-nehrinde-mahsur-kalan-vatandasi-ekipler-kurtardi\/\" \/>\n<meta property=\"og:locale\" content=\"tr_TR\" \/>\n<meta property=\"og:type\" content=\"article\" \/>\n<meta property=\"og:title\" content=\"Munzur Nehri\u2019nde mahsur kalan vatanda\u015f\u0131 ekipler kurtard\u0131 - Memurun Sesi\" \/>\n<meta property=\"og:description\" content=\"Tunceli\u2019de Munzur Nehri\u2019ne y\u00fczmek i\u00e7in giren ve mahsur kalan vatanda\u015f\u0131 ekipler kurtard\u0131. Olay, Ovac\u0131k il\u00e7esi A\u015fa\u011f\u0131torunoba k\u00f6y\u00fc Gelincik Tepe mevkisinde meydana geldi. Edinilen bilgiye g\u00f6re Van\u2019dan gezi ama\u00e7l\u0131 il\u00e7eye gelen H.B., y\u00fczmek i\u00e7in Munzur Nehri\u2019ne girdi. G\u00fc\u00e7l\u00fc ak\u0131nt\u0131ya kap\u0131lan \u015fah\u0131s, ta\u015flara tutunarak hayatta kald\u0131. Haber verilmesi \u00fczerine b\u00f6lgeye AFAD, jandarma ve sa\u011fl\u0131k ekipleri sevk edildi. [&hellip;]\" \/>\n<meta property=\"og:url\" content=\"https:\/\/memurunsesi.net\/index.php\/2025\/05\/18\/munzur-nehrinde-mahsur-kalan-vatandasi-ekipler-kurtardi\/\" \/>\n<meta property=\"og:site_name\" content=\"Memurun Sesi\" \/>\n<meta property=\"article:publisher\" content=\"https:\/\/www.facebook.com\/unipersen\/?locale=tr_TR\" \/>\n<meta property=\"article:published_time\" content=\"2025-05-18T15:04:19+00:00\" \/>\n<meta property=\"og:image\" content=\"https:\/\/memurunsesi.net\/wp-content\/uploads\/2025\/05\/AW457670_01-scaled.jpg\" \/>\n\t<meta property=\"og:image:width\" content=\"2560\" \/>\n\t<meta property=\"og:image:height\" content=\"1920\" \/>\n\t<meta property=\"og:image:type\" content=\"image\/jpeg\" \/>\n<meta name=\"author\" content=\"Memurun Sesi Haber Merkezi\" \/>\n<meta name=\"twitter:card\" content=\"summary_large_image\" \/>\n<meta name=\"twitter:creator\" content=\"@unipersen\" \/>\n<meta name=\"twitter:site\" content=\"@unipersen\" \/>\n<meta name=\"twitter:label1\" content=\"Yazan:\" \/>\n\t<meta name=\"twitter:data1\" content=\"Memurun Sesi Haber Merkezi\" \/>\n\t<meta name=\"twitter:label2\" content=\"Tahmini okuma s\u00fcresi\" \/>\n\t<meta name=\"twitter:data2\" content=\"1 dakika\" \/>\n<script type=\"application\/ld+json\" class=\"yoast-schema-graph\">{\"@context\":\"https:\\\/\\\/schema.org\",\"@graph\":[{\"@type\":\"Article\",\"@id\":\"https:\\\/\\\/memurunsesi.net\\\/index.php\\\/2025\\\/05\\\/18\\\/munzur-nehrinde-mahsur-kalan-vatandasi-ekipler-kurtardi\\\/#article\",\"isPartOf\":{\"@id\":\"https:\\\/\\\/memurunsesi.net\\\/index.php\\\/2025\\\/05\\\/18\\\/munzur-nehrinde-mahsur-kalan-vatandasi-ekipler-kurtardi\\\/\"},\"author\":{\"name\":\"Memurun Sesi Haber Merkezi\",\"@id\":\"https:\\\/\\\/memurunsesi.net\\\/#\\\/schema\\\/person\\\/f21c2d73b89f6ee1d80b0a1803e38587\"},\"headline\":\"Munzur Nehri\u2019nde mahsur kalan vatanda\u015f\u0131 ekipler kurtard\u0131\",\"datePublished\":\"2025-05-18T15:04:19+00:00\",\"mainEntityOfPage\":{\"@id\":\"https:\\\/\\\/memurunsesi.net\\\/index.php\\\/2025\\\/05\\\/18\\\/munzur-nehrinde-mahsur-kalan-vatandasi-ekipler-kurtardi\\\/\"},\"wordCount\":101,\"commentCount\":0,\"publisher\":{\"@id\":\"https:\\\/\\\/memurunsesi.net\\\/#organization\"},\"image\":{\"@id\":\"https:\\\/\\\/memurunsesi.net\\\/index.php\\\/2025\\\/05\\\/18\\\/munzur-nehrinde-mahsur-kalan-vatandasi-ekipler-kurtardi\\\/#primaryimage\"},\"thumbnailUrl\":\"https:\\\/\\\/memurunsesi.net\\\/wp-content\\\/uploads\\\/2025\\\/05\\\/AW457670_01-scaled.jpg\",\"inLanguage\":\"tr\",\"potentialAction\":[{\"@type\":\"CommentAction\",\"name\":\"Comment\",\"target\":[\"https:\\\/\\\/memurunsesi.net\\\/index.php\\\/2025\\\/05\\\/18\\\/munzur-nehrinde-mahsur-kalan-vatandasi-ekipler-kurtardi\\\/#respond\"]}]},{\"@type\":\"WebPage\",\"@id\":\"https:\\\/\\\/memurunsesi.net\\\/index.php\\\/2025\\\/05\\\/18\\\/munzur-nehrinde-mahsur-kalan-vatandasi-ekipler-kurtardi\\\/\",\"url\":\"https:\\\/\\\/memurunsesi.net\\\/index.php\\\/2025\\\/05\\\/18\\\/munzur-nehrinde-mahsur-kalan-vatandasi-ekipler-kurtardi\\\/\",\"name\":\"Munzur Nehri\u2019nde mahsur kalan vatanda\u015f\u0131 ekipler kurtard\u0131 - Memurun Sesi\",\"isPartOf\":{\"@id\":\"https:\\\/\\\/memurunsesi.net\\\/#website\"},\"primaryImageOfPage\":{\"@id\":\"https:\\\/\\\/memurunsesi.net\\\/index.php\\\/2025\\\/05\\\/18\\\/munzur-nehrinde-mahsur-kalan-vatandasi-ekipler-kurtardi\\\/#primaryimage\"},\"image\":{\"@id\":\"https:\\\/\\\/memurunsesi.net\\\/index.php\\\/2025\\\/05\\\/18\\\/munzur-nehrinde-mahsur-kalan-vatandasi-ekipler-kurtardi\\\/#primaryimage\"},\"thumbnailUrl\":\"https:\\\/\\\/memurunsesi.net\\\/wp-content\\\/uploads\\\/2025\\\/05\\\/AW457670_01-scaled.jpg\",\"datePublished\":\"2025-05-18T15:04:19+00:00\",\"breadcrumb\":{\"@id\":\"https:\\\/\\\/memurunsesi.net\\\/index.php\\\/2025\\\/05\\\/18\\\/munzur-nehrinde-mahsur-kalan-vatandasi-ekipler-kurtardi\\\/#breadcrumb\"},\"inLanguage\":\"tr\",\"potentialAction\":[{\"@type\":\"ReadAction\",\"target\":[\"https:\\\/\\\/memurunsesi.net\\\/index.php\\\/2025\\\/05\\\/18\\\/munzur-nehrinde-mahsur-kalan-vatandasi-ekipler-kurtardi\\\/\"]}]},{\"@type\":\"ImageObject\",\"inLanguage\":\"tr\",\"@id\":\"https:\\\/\\\/memurunsesi.net\\\/index.php\\\/2025\\\/05\\\/18\\\/munzur-nehrinde-mahsur-kalan-vatandasi-ekipler-kurtardi\\\/#primaryimage\",\"url\":\"https:\\\/\\\/memurunsesi.net\\\/wp-content\\\/uploads\\\/2025\\\/05\\\/AW457670_01-scaled.jpg\",\"contentUrl\":\"https:\\\/\\\/memurunsesi.net\\\/wp-content\\\/uploads\\\/2025\\\/05\\\/AW457670_01-scaled.jpg\",\"width\":2560,\"height\":1920,\"caption\":\"TUNCEL\u0130'DE MUNZUR NEHR\u0130'NE Y\u00dcZMEK \u0130\u00c7\u0130N G\u0130REN BEN MAHSUR KALAN VATANDA\u015eI EK\u0130PLER KURTARDI. (ERCAN TOPA\u00c7\\\/TUNCEL\u0130-\u0130HA) Tunceli'de Munzur Nehri'ne y\u00fczmek i\u00e7in giren ve mahsur kalan vatanda\u015f\u0131 ekipler kurtard\u0131.\"},{\"@type\":\"BreadcrumbList\",\"@id\":\"https:\\\/\\\/memurunsesi.net\\\/index.php\\\/2025\\\/05\\\/18\\\/munzur-nehrinde-mahsur-kalan-vatandasi-ekipler-kurtardi\\\/#breadcrumb\",\"itemListElement\":[{\"@type\":\"ListItem\",\"position\":1,\"name\":\"Anasayfa\",\"item\":\"https:\\\/\\\/memurunsesi.net\\\/\"},{\"@type\":\"ListItem\",\"position\":2,\"name\":\"Munzur Nehri\u2019nde mahsur kalan vatanda\u015f\u0131 ekipler kurtard\u0131\"}]},{\"@type\":\"WebSite\",\"@id\":\"https:\\\/\\\/memurunsesi.net\\\/#website\",\"url\":\"https:\\\/\\\/memurunsesi.net\\\/\",\"name\":\"Memurun Sesi\",\"description\":\"G\u00fcncel ve Do\u011fru Haber\",\"publisher\":{\"@id\":\"https:\\\/\\\/memurunsesi.net\\\/#organization\"},\"potentialAction\":[{\"@type\":\"SearchAction\",\"target\":{\"@type\":\"EntryPoint\",\"urlTemplate\":\"https:\\\/\\\/memurunsesi.net\\\/?s={search_term_string}\"},\"query-input\":{\"@type\":\"PropertyValueSpecification\",\"valueRequired\":true,\"valueName\":\"search_term_string\"}}],\"inLanguage\":\"tr\"},{\"@type\":\"Organization\",\"@id\":\"https:\\\/\\\/memurunsesi.net\\\/#organization\",\"name\":\"Memurun Sesi\",\"url\":\"https:\\\/\\\/memurunsesi.net\\\/\",\"logo\":{\"@type\":\"ImageObject\",\"inLanguage\":\"tr\",\"@id\":\"https:\\\/\\\/memurunsesi.net\\\/#\\\/schema\\\/logo\\\/image\\\/\",\"url\":\"https:\\\/\\\/memurunsesi.net\\\/wp-content\\\/uploads\\\/2025\\\/11\\\/cropped-MEMURUN-SESI.png\",\"contentUrl\":\"https:\\\/\\\/memurunsesi.net\\\/wp-content\\\/uploads\\\/2025\\\/11\\\/cropped-MEMURUN-SESI.png\",\"width\":238,\"height\":57,\"caption\":\"Memurun Sesi\"},\"image\":{\"@id\":\"https:\\\/\\\/memurunsesi.net\\\/#\\\/schema\\\/logo\\\/image\\\/\"},\"sameAs\":[\"https:\\\/\\\/www.facebook.com\\\/unipersen\\\/?locale=tr_TR\",\"https:\\\/\\\/x.com\\\/unipersen\"]},{\"@type\":\"Person\",\"@id\":\"https:\\\/\\\/memurunsesi.net\\\/#\\\/schema\\\/person\\\/f21c2d73b89f6ee1d80b0a1803e38587\",\"name\":\"Memurun Sesi Haber Merkezi\",\"image\":{\"@type\":\"ImageObject\",\"inLanguage\":\"tr\",\"@id\":\"https:\\\/\\\/secure.gravatar.com\\\/avatar\\\/6cf0505f452ee753f485014986fab09a434671d2b919ee76fc541025c5876a70?s=96&d=mm&r=g\",\"url\":\"https:\\\/\\\/secure.gravatar.com\\\/avatar\\\/6cf0505f452ee753f485014986fab09a434671d2b919ee76fc541025c5876a70?s=96&d=mm&r=g\",\"contentUrl\":\"https:\\\/\\\/secure.gravatar.com\\\/avatar\\\/6cf0505f452ee753f485014986fab09a434671d2b919ee76fc541025c5876a70?s=96&d=mm&r=g\",\"caption\":\"Memurun Sesi Haber Merkezi\"},\"sameAs\":[\"https:\\\/\\\/memurunsesi.net\"],\"url\":\"https:\\\/\\\/memurunsesi.net\\\/index.php\\\/author\\\/uniper\\\/\"}]}<\/script>\n<!-- \/ Yoast SEO plugin. -->","yoast_head_json":{"title":"Munzur Nehri\u2019nde mahsur kalan vatanda\u015f\u0131 ekipler kurtard\u0131 - Memurun Sesi","robots":{"index":"index","follow":"follow","max-snippet":"max-snippet:-1","max-image-preview":"max-image-preview:large","max-video-preview":"max-video-preview:-1"},"canonical":"https:\/\/memurunsesi.net\/index.php\/2025\/05\/18\/munzur-nehrinde-mahsur-kalan-vatandasi-ekipler-kurtardi\/","og_locale":"tr_TR","og_type":"article","og_title":"Munzur Nehri\u2019nde mahsur kalan vatanda\u015f\u0131 ekipler kurtard\u0131 - Memurun Sesi","og_description":"Tunceli\u2019de Munzur Nehri\u2019ne y\u00fczmek i\u00e7in giren ve mahsur kalan vatanda\u015f\u0131 ekipler kurtard\u0131. Olay, Ovac\u0131k il\u00e7esi A\u015fa\u011f\u0131torunoba k\u00f6y\u00fc Gelincik Tepe mevkisinde meydana geldi. Edinilen bilgiye g\u00f6re Van\u2019dan gezi ama\u00e7l\u0131 il\u00e7eye gelen H.B., y\u00fczmek i\u00e7in Munzur Nehri\u2019ne girdi. G\u00fc\u00e7l\u00fc ak\u0131nt\u0131ya kap\u0131lan \u015fah\u0131s, ta\u015flara tutunarak hayatta kald\u0131. Haber verilmesi \u00fczerine b\u00f6lgeye AFAD, jandarma ve sa\u011fl\u0131k ekipleri sevk edildi. [&hellip;]","og_url":"https:\/\/memurunsesi.net\/index.php\/2025\/05\/18\/munzur-nehrinde-mahsur-kalan-vatandasi-ekipler-kurtardi\/","og_site_name":"Memurun Sesi","article_publisher":"https:\/\/www.facebook.com\/unipersen\/?locale=tr_TR","article_published_time":"2025-05-18T15:04:19+00:00","og_image":[{"width":2560,"height":1920,"url":"https:\/\/memurunsesi.net\/wp-content\/uploads\/2025\/05\/AW457670_01-scaled.jpg","type":"image\/jpeg"}],"author":"Memurun Sesi Haber Merkezi","twitter_card":"summary_large_image","twitter_creator":"@unipersen","twitter_site":"@unipersen","twitter_misc":{"Yazan:":"Memurun Sesi Haber Merkezi","Tahmini okuma s\u00fcresi":"1 dakika"},"schema":{"@context":"https:\/\/schema.org","@graph":[{"@type":"Article","@id":"https:\/\/memurunsesi.net\/index.php\/2025\/05\/18\/munzur-nehrinde-mahsur-kalan-vatandasi-ekipler-kurtardi\/#article","isPartOf":{"@id":"https:\/\/memurunsesi.net\/index.php\/2025\/05\/18\/munzur-nehrinde-mahsur-kalan-vatandasi-ekipler-kurtardi\/"},"author":{"name":"Memurun Sesi Haber Merkezi","@id":"https:\/\/memurunsesi.net\/#\/schema\/person\/f21c2d73b89f6ee1d80b0a1803e38587"},"headline":"Munzur Nehri\u2019nde mahsur kalan vatanda\u015f\u0131 ekipler kurtard\u0131","datePublished":"2025-05-18T15:04:19+00:00","mainEntityOfPage":{"@id":"https:\/\/memurunsesi.net\/index.php\/2025\/05\/18\/munzur-nehrinde-mahsur-kalan-vatandasi-ekipler-kurtardi\/"},"wordCount":101,"commentCount":0,"publisher":{"@id":"https:\/\/memurunsesi.net\/#organization"},"image":{"@id":"https:\/\/memurunsesi.net\/index.php\/2025\/05\/18\/munzur-nehrinde-mahsur-kalan-vatandasi-ekipler-kurtardi\/#primaryimage"},"thumbnailUrl":"https:\/\/memurunsesi.net\/wp-content\/uploads\/2025\/05\/AW457670_01-scaled.jpg","inLanguage":"tr","potentialAction":[{"@type":"CommentAction","name":"Comment","target":["https:\/\/memurunsesi.net\/index.php\/2025\/05\/18\/munzur-nehrinde-mahsur-kalan-vatandasi-ekipler-kurtardi\/#respond"]}]},{"@type":"WebPage","@id":"https:\/\/memurunsesi.net\/index.php\/2025\/05\/18\/munzur-nehrinde-mahsur-kalan-vatandasi-ekipler-kurtardi\/","url":"https:\/\/memurunsesi.net\/index.php\/2025\/05\/18\/munzur-nehrinde-mahsur-kalan-vatandasi-ekipler-kurtardi\/","name":"Munzur Nehri\u2019nde mahsur kalan vatanda\u015f\u0131 ekipler kurtard\u0131 - Memurun Sesi","isPartOf":{"@id":"https:\/\/memurunsesi.net\/#website"},"primaryImageOfPage":{"@id":"https:\/\/memurunsesi.net\/index.php\/2025\/05\/18\/munzur-nehrinde-mahsur-kalan-vatandasi-ekipler-kurtardi\/#primaryimage"},"image":{"@id":"https:\/\/memurunsesi.net\/index.php\/2025\/05\/18\/munzur-nehrinde-mahsur-kalan-vatandasi-ekipler-kurtardi\/#primaryimage"},"thumbnailUrl":"https:\/\/memurunsesi.net\/wp-content\/uploads\/2025\/05\/AW457670_01-scaled.jpg","datePublished":"2025-05-18T15:04:19+00:00","breadcrumb":{"@id":"https:\/\/memurunsesi.net\/index.php\/2025\/05\/18\/munzur-nehrinde-mahsur-kalan-vatandasi-ekipler-kurtardi\/#breadcrumb"},"inLanguage":"tr","potentialAction":[{"@type":"ReadAction","target":["https:\/\/memurunsesi.net\/index.php\/2025\/05\/18\/munzur-nehrinde-mahsur-kalan-vatandasi-ekipler-kurtardi\/"]}]},{"@type":"ImageObject","inLanguage":"tr","@id":"https:\/\/memurunsesi.net\/index.php\/2025\/05\/18\/munzur-nehrinde-mahsur-kalan-vatandasi-ekipler-kurtardi\/#primaryimage","url":"https:\/\/memurunsesi.net\/wp-content\/uploads\/2025\/05\/AW457670_01-scaled.jpg","contentUrl":"https:\/\/memurunsesi.net\/wp-content\/uploads\/2025\/05\/AW457670_01-scaled.jpg","width":2560,"height":1920,"caption":"TUNCEL\u0130'DE MUNZUR NEHR\u0130'NE Y\u00dcZMEK \u0130\u00c7\u0130N G\u0130REN BEN MAHSUR KALAN VATANDA\u015eI EK\u0130PLER KURTARDI. (ERCAN TOPA\u00c7\/TUNCEL\u0130-\u0130HA) Tunceli'de Munzur Nehri'ne y\u00fczmek i\u00e7in giren ve mahsur kalan vatanda\u015f\u0131 ekipler kurtard\u0131."},{"@type":"BreadcrumbList","@id":"https:\/\/memurunsesi.net\/index.php\/2025\/05\/18\/munzur-nehrinde-mahsur-kalan-vatandasi-ekipler-kurtardi\/#breadcrumb","itemListElement":[{"@type":"ListItem","position":1,"name":"Anasayfa","item":"https:\/\/memurunsesi.net\/"},{"@type":"ListItem","position":2,"name":"Munzur Nehri\u2019nde mahsur kalan vatanda\u015f\u0131 ekipler kurtard\u0131"}]},{"@type":"WebSite","@id":"https:\/\/memurunsesi.net\/#website","url":"https:\/\/memurunsesi.net\/","name":"Memurun Sesi","description":"G\u00fcncel ve Do\u011fru Haber","publisher":{"@id":"https:\/\/memurunsesi.net\/#organization"},"potentialAction":[{"@type":"SearchAction","target":{"@type":"EntryPoint","urlTemplate":"https:\/\/memurunsesi.net\/?s={search_term_string}"},"query-input":{"@type":"PropertyValueSpecification","valueRequired":true,"valueName":"search_term_string"}}],"inLanguage":"tr"},{"@type":"Organization","@id":"https:\/\/memurunsesi.net\/#organization","name":"Memurun Sesi","url":"https:\/\/memurunsesi.net\/","logo":{"@type":"ImageObject","inLanguage":"tr","@id":"https:\/\/memurunsesi.net\/#\/schema\/logo\/image\/","url":"https:\/\/memurunsesi.net\/wp-content\/uploads\/2025\/11\/cropped-MEMURUN-SESI.png","contentUrl":"https:\/\/memurunsesi.net\/wp-content\/uploads\/2025\/11\/cropped-MEMURUN-SESI.png","width":238,"height":57,"caption":"Memurun Sesi"},"image":{"@id":"https:\/\/memurunsesi.net\/#\/schema\/logo\/image\/"},"sameAs":["https:\/\/www.facebook.com\/unipersen\/?locale=tr_TR","https:\/\/x.com\/unipersen"]},{"@type":"Person","@id":"https:\/\/memurunsesi.net\/#\/schema\/person\/f21c2d73b89f6ee1d80b0a1803e38587","name":"Memurun Sesi Haber Merkezi","image":{"@type":"ImageObject","inLanguage":"tr","@id":"https:\/\/secure.gravatar.com\/avatar\/6cf0505f452ee753f485014986fab09a434671d2b919ee76fc541025c5876a70?s=96&d=mm&r=g","url":"https:\/\/secure.gravatar.com\/avatar\/6cf0505f452ee753f485014986fab09a434671d2b919ee76fc541025c5876a70?s=96&d=mm&r=g","contentUrl":"https:\/\/secure.gravatar.com\/avatar\/6cf0505f452ee753f485014986fab09a434671d2b919ee76fc541025c5876a70?s=96&d=mm&r=g","caption":"Memurun Sesi Haber Merkezi"},"sameAs":["https:\/\/memurunsesi.net"],"url":"https:\/\/memurunsesi.net\/index.php\/author\/uniper\/"}]}},"_links":{"self":[{"href":"https:\/\/memurunsesi.net\/index.php\/wp-json\/wp\/v2\/posts\/6952","targetHints":{"allow":["GET"]}}],"collection":[{"href":"https:\/\/memurunsesi.net\/index.php\/wp-json\/wp\/v2\/posts"}],"about":[{"href":"https:\/\/memurunsesi.net\/index.php\/wp-json\/wp\/v2\/types\/post"}],"author":[{"embeddable":true,"href":"https:\/\/memurunsesi.net\/index.php\/wp-json\/wp\/v2\/users\/1"}],"replies":[{"embeddable":true,"href":"https:\/\/memurunsesi.net\/index.php\/wp-json\/wp\/v2\/comments?post=6952"}],"version-history":[{"count":1,"href":"https:\/\/memurunsesi.net\/index.php\/wp-json\/wp\/v2\/posts\/6952\/revisions"}],"predecessor-version":[{"id":6954,"href":"https:\/\/memurunsesi.net\/index.php\/wp-json\/wp\/v2\/posts\/6952\/revisions\/6954"}],"wp:featuredmedia":[{"embeddable":true,"href":"https:\/\/memurunsesi.net\/index.php\/wp-json\/wp\/v2\/media\/6953"}],"wp:attachment":[{"href":"https:\/\/memurunsesi.net\/index.php\/wp-json\/wp\/v2\/media?parent=6952"}],"wp:term":[{"taxonomy":"category","embeddable":true,"href":"https:\/\/memurunsesi.net\/index.php\/wp-json\/wp\/v2\/categories?post=6952"},{"taxonomy":"post_tag","embeddable":true,"href":"https:\/\/memurunsesi.net\/index.php\/wp-json\/wp\/v2\/tags?post=6952"}],"curies":[{"name":"wp","href":"https:\/\/api.w.org\/{rel}","templated":true}]}}