{"id":6955,"date":"2025-05-18T18:05:16","date_gmt":"2025-05-18T15:05:16","guid":{"rendered":"https:\/\/memurunsesi.net\/?p=6955"},"modified":"2025-05-18T18:05:16","modified_gmt":"2025-05-18T15:05:16","slug":"hayaller-kutusu-etkinligi-buyuk-ilgi-gordu","status":"publish","type":"post","link":"https:\/\/memurunsesi.net\/index.php\/2025\/05\/18\/hayaller-kutusu-etkinligi-buyuk-ilgi-gordu\/","title":{"rendered":"Hayaller Kutusu&#8221; etkinli\u011fi b\u00fcy\u00fck ilgi g\u00f6rd\u00fc"},"content":{"rendered":"<p> Bilecik \u015eeyh Edebali \u00dcniversitesi&#8217;nin bahar \u015fenlikleri kapsam\u0131nda Bilecik Aile ve Sosyal Hizmetler \u0130l M\u00fcd\u00fcrl\u00fc\u011f\u00fc taraf\u0131ndan hayata ge\u00e7irilen &#8220;Hayaller Kutusu&#8221; projesi, \u00f6\u011frencilerden yo\u011fun ilgi g\u00f6rd\u00fc.<br \/>\n  Etkinlikte, kat\u0131l\u0131mc\u0131lar aileleriyle ilgili dileklerini \u00f6zel olarak haz\u0131rlanan kutuya b\u0131rakt\u0131. Dilekler aras\u0131nda, &#8220;annem ve babamla g\u00fczel bir tatil ge\u00e7irmek isterim&#8221; ve &#8220;gelecekteki e\u015fimle birlikte mutlu, sa\u011fl\u0131kl\u0131 bir ya\u015fam diliyorum&#8221; gibi duygusal ve renkli ifadeler yer ald\u0131.<br \/>\n  Bilecik Aile ve Sosyal Hizmetler \u0130l M\u00fcd\u00fcr\u00fc \u0130lkay T\u00fcko\u011flu, etkinlik hakk\u0131nda yapt\u0131\u011f\u0131 a\u00e7\u0131klamada, &#8220;Kamp\u00fcste stantlar\u0131m\u0131z\u0131 kurarak aile y\u0131l\u0131 tan\u0131t\u0131m\u0131 yapt\u0131k. \u00dcniversite \u00f6\u011frencilerimiz, aileleriyle ilgili dileklerini ve hayallerini bizlerle payla\u015ft\u0131lar&#8221; dedi.<br \/>\n  Toplumda aile kavram\u0131n\u0131n \u00f6nemini vurgulayan bu proje, \u00f6\u011frencilerin duygu ve d\u00fc\u015f\u00fcncelerini payla\u015fmalar\u0131 i\u00e7in anlaml\u0131 bir ortam sa\u011flad\u0131. <\/p>\n<p>18.05.2025                              <\/p>\n","protected":false},"excerpt":{"rendered":"<p>Bilecik \u015eeyh Edebali \u00dcniversitesi&#8217;nin bahar \u015fenlikleri kapsam\u0131nda Bilecik Aile ve Sosyal Hizmetler \u0130l M\u00fcd\u00fcrl\u00fc\u011f\u00fc taraf\u0131ndan hayata ge\u00e7irilen &#8220;Hayaller Kutusu&#8221; projesi, \u00f6\u011frencilerden yo\u011fun ilgi g\u00f6rd\u00fc. Etkinlikte, kat\u0131l\u0131mc\u0131lar aileleriyle ilgili dileklerini \u00f6zel olarak haz\u0131rlanan kutuya b\u0131rakt\u0131. Dilekler aras\u0131nda, &#8220;annem ve babamla g\u00fczel bir tatil ge\u00e7irmek isterim&#8221; ve &#8220;gelecekteki e\u015fimle birlikte mutlu, sa\u011fl\u0131kl\u0131 bir ya\u015fam diliyorum&#8221; gibi duygusal [&hellip;]<\/p>\n","protected":false},"author":1,"featured_media":6956,"comment_status":"open","ping_status":"open","sticky":false,"template":"","format":"standard","meta":{"footnotes":""},"categories":[47],"tags":[],"class_list":["post-6955","post","type-post","status-publish","format-standard","has-post-thumbnail","hentry","category-universiteden-haberler"],"yoast_head":"<!-- This site is optimized with the Yoast SEO plugin v27.4 - https:\/\/yoast.com\/product\/yoast-seo-wordpress\/ -->\n<title>Hayaller Kutusu&quot; etkinli\u011fi b\u00fcy\u00fck ilgi g\u00f6rd\u00fc - Memurun Sesi<\/title>\n<meta name=\"robots\" content=\"index, follow, max-snippet:-1, max-image-preview:large, max-video-preview:-1\" \/>\n<link rel=\"canonical\" href=\"https:\/\/memurunsesi.net\/index.php\/2025\/05\/18\/hayaller-kutusu-etkinligi-buyuk-ilgi-gordu\/\" \/>\n<meta property=\"og:locale\" content=\"tr_TR\" \/>\n<meta property=\"og:type\" content=\"article\" \/>\n<meta property=\"og:title\" content=\"Hayaller Kutusu&quot; etkinli\u011fi b\u00fcy\u00fck ilgi g\u00f6rd\u00fc - Memurun Sesi\" \/>\n<meta property=\"og:description\" content=\"Bilecik \u015eeyh Edebali \u00dcniversitesi&#8217;nin bahar \u015fenlikleri kapsam\u0131nda Bilecik Aile ve Sosyal Hizmetler \u0130l M\u00fcd\u00fcrl\u00fc\u011f\u00fc taraf\u0131ndan hayata ge\u00e7irilen &#8220;Hayaller Kutusu&#8221; projesi, \u00f6\u011frencilerden yo\u011fun ilgi g\u00f6rd\u00fc. Etkinlikte, kat\u0131l\u0131mc\u0131lar aileleriyle ilgili dileklerini \u00f6zel olarak haz\u0131rlanan kutuya b\u0131rakt\u0131. Dilekler aras\u0131nda, &#8220;annem ve babamla g\u00fczel bir tatil ge\u00e7irmek isterim&#8221; ve &#8220;gelecekteki e\u015fimle birlikte mutlu, sa\u011fl\u0131kl\u0131 bir ya\u015fam diliyorum&#8221; gibi duygusal [&hellip;]\" \/>\n<meta property=\"og:url\" content=\"https:\/\/memurunsesi.net\/index.php\/2025\/05\/18\/hayaller-kutusu-etkinligi-buyuk-ilgi-gordu\/\" \/>\n<meta property=\"og:site_name\" content=\"Memurun Sesi\" \/>\n<meta property=\"article:publisher\" content=\"https:\/\/www.facebook.com\/unipersen\/?locale=tr_TR\" \/>\n<meta property=\"article:published_time\" content=\"2025-05-18T15:05:16+00:00\" \/>\n<meta property=\"og:image\" content=\"https:\/\/memurunsesi.net\/wp-content\/uploads\/2025\/05\/AW457667_01.jpg\" \/>\n\t<meta property=\"og:image:width\" content=\"1200\" \/>\n\t<meta property=\"og:image:height\" content=\"1600\" \/>\n\t<meta property=\"og:image:type\" content=\"image\/jpeg\" \/>\n<meta name=\"author\" content=\"Memurun Sesi Haber Merkezi\" \/>\n<meta name=\"twitter:card\" content=\"summary_large_image\" \/>\n<meta name=\"twitter:creator\" content=\"@unipersen\" \/>\n<meta name=\"twitter:site\" content=\"@unipersen\" \/>\n<meta name=\"twitter:label1\" content=\"Yazan:\" \/>\n\t<meta name=\"twitter:data1\" content=\"Memurun Sesi Haber Merkezi\" \/>\n\t<meta name=\"twitter:label2\" content=\"Tahmini okuma s\u00fcresi\" \/>\n\t<meta name=\"twitter:data2\" content=\"1 dakika\" \/>\n<script type=\"application\/ld+json\" class=\"yoast-schema-graph\">{\"@context\":\"https:\\\/\\\/schema.org\",\"@graph\":[{\"@type\":\"Article\",\"@id\":\"https:\\\/\\\/memurunsesi.net\\\/index.php\\\/2025\\\/05\\\/18\\\/hayaller-kutusu-etkinligi-buyuk-ilgi-gordu\\\/#article\",\"isPartOf\":{\"@id\":\"https:\\\/\\\/memurunsesi.net\\\/index.php\\\/2025\\\/05\\\/18\\\/hayaller-kutusu-etkinligi-buyuk-ilgi-gordu\\\/\"},\"author\":{\"name\":\"Memurun Sesi Haber Merkezi\",\"@id\":\"https:\\\/\\\/memurunsesi.net\\\/#\\\/schema\\\/person\\\/f21c2d73b89f6ee1d80b0a1803e38587\"},\"headline\":\"Hayaller Kutusu&#8221; etkinli\u011fi b\u00fcy\u00fck ilgi g\u00f6rd\u00fc\",\"datePublished\":\"2025-05-18T15:05:16+00:00\",\"mainEntityOfPage\":{\"@id\":\"https:\\\/\\\/memurunsesi.net\\\/index.php\\\/2025\\\/05\\\/18\\\/hayaller-kutusu-etkinligi-buyuk-ilgi-gordu\\\/\"},\"wordCount\":158,\"commentCount\":0,\"publisher\":{\"@id\":\"https:\\\/\\\/memurunsesi.net\\\/#organization\"},\"image\":{\"@id\":\"https:\\\/\\\/memurunsesi.net\\\/index.php\\\/2025\\\/05\\\/18\\\/hayaller-kutusu-etkinligi-buyuk-ilgi-gordu\\\/#primaryimage\"},\"thumbnailUrl\":\"https:\\\/\\\/memurunsesi.net\\\/wp-content\\\/uploads\\\/2025\\\/05\\\/AW457667_01.jpg\",\"articleSection\":[\"\u00dcniversiteden Haberler\"],\"inLanguage\":\"tr\",\"potentialAction\":[{\"@type\":\"CommentAction\",\"name\":\"Comment\",\"target\":[\"https:\\\/\\\/memurunsesi.net\\\/index.php\\\/2025\\\/05\\\/18\\\/hayaller-kutusu-etkinligi-buyuk-ilgi-gordu\\\/#respond\"]}]},{\"@type\":\"WebPage\",\"@id\":\"https:\\\/\\\/memurunsesi.net\\\/index.php\\\/2025\\\/05\\\/18\\\/hayaller-kutusu-etkinligi-buyuk-ilgi-gordu\\\/\",\"url\":\"https:\\\/\\\/memurunsesi.net\\\/index.php\\\/2025\\\/05\\\/18\\\/hayaller-kutusu-etkinligi-buyuk-ilgi-gordu\\\/\",\"name\":\"Hayaller Kutusu\\\" etkinli\u011fi b\u00fcy\u00fck ilgi g\u00f6rd\u00fc - Memurun Sesi\",\"isPartOf\":{\"@id\":\"https:\\\/\\\/memurunsesi.net\\\/#website\"},\"primaryImageOfPage\":{\"@id\":\"https:\\\/\\\/memurunsesi.net\\\/index.php\\\/2025\\\/05\\\/18\\\/hayaller-kutusu-etkinligi-buyuk-ilgi-gordu\\\/#primaryimage\"},\"image\":{\"@id\":\"https:\\\/\\\/memurunsesi.net\\\/index.php\\\/2025\\\/05\\\/18\\\/hayaller-kutusu-etkinligi-buyuk-ilgi-gordu\\\/#primaryimage\"},\"thumbnailUrl\":\"https:\\\/\\\/memurunsesi.net\\\/wp-content\\\/uploads\\\/2025\\\/05\\\/AW457667_01.jpg\",\"datePublished\":\"2025-05-18T15:05:16+00:00\",\"breadcrumb\":{\"@id\":\"https:\\\/\\\/memurunsesi.net\\\/index.php\\\/2025\\\/05\\\/18\\\/hayaller-kutusu-etkinligi-buyuk-ilgi-gordu\\\/#breadcrumb\"},\"inLanguage\":\"tr\",\"potentialAction\":[{\"@type\":\"ReadAction\",\"target\":[\"https:\\\/\\\/memurunsesi.net\\\/index.php\\\/2025\\\/05\\\/18\\\/hayaller-kutusu-etkinligi-buyuk-ilgi-gordu\\\/\"]}]},{\"@type\":\"ImageObject\",\"inLanguage\":\"tr\",\"@id\":\"https:\\\/\\\/memurunsesi.net\\\/index.php\\\/2025\\\/05\\\/18\\\/hayaller-kutusu-etkinligi-buyuk-ilgi-gordu\\\/#primaryimage\",\"url\":\"https:\\\/\\\/memurunsesi.net\\\/wp-content\\\/uploads\\\/2025\\\/05\\\/AW457667_01.jpg\",\"contentUrl\":\"https:\\\/\\\/memurunsesi.net\\\/wp-content\\\/uploads\\\/2025\\\/05\\\/AW457667_01.jpg\",\"width\":1200,\"height\":1600,\"caption\":\"B\u0130LEC\u0130K \u015eEYH EDEBAL\u0130 \u00dcN\u0130VERS\u0130TES\u0130'N\u0130N BAHAR \u015eENL\u0130KLER\u0130 KAPSAMINDA B\u0130LEC\u0130K A\u0130LE VE SOSYAL H\u0130ZMETLER \u0130L M\u00dcD\u00dcRL\u00dc\u011e\u00dc TARAFINDAN HAYATA GE\u00c7\u0130R\u0130LEN \\\"HAYALLER KUTUSU\\\" PROJES\u0130, \u00d6\u011eRENC\u0130LERDEN YO\u011eUN \u0130LG\u0130 G\u00d6RD\u00dc. (CEM KAAN TOKA\\\/B\u0130LEC\u0130K-\u0130HA) Bilecik \u015eeyh Edebali \u00dcniversitesi'nin bahar \u015fenlikleri kapsam\u0131nda Bilecik Aile ve Sosyal Hizmetler \u0130l M\u00fcd\u00fcrl\u00fc\u011f\u00fc taraf\u0131ndan hayata ge\u00e7irilen \\\"Hayaller Kutusu\\\" projesi, \u00f6\u011frencilerden yo\u011fun ilgi g\u00f6rd\u00fc.\"},{\"@type\":\"BreadcrumbList\",\"@id\":\"https:\\\/\\\/memurunsesi.net\\\/index.php\\\/2025\\\/05\\\/18\\\/hayaller-kutusu-etkinligi-buyuk-ilgi-gordu\\\/#breadcrumb\",\"itemListElement\":[{\"@type\":\"ListItem\",\"position\":1,\"name\":\"Anasayfa\",\"item\":\"https:\\\/\\\/memurunsesi.net\\\/\"},{\"@type\":\"ListItem\",\"position\":2,\"name\":\"Hayaller Kutusu&#8221; etkinli\u011fi b\u00fcy\u00fck ilgi g\u00f6rd\u00fc\"}]},{\"@type\":\"WebSite\",\"@id\":\"https:\\\/\\\/memurunsesi.net\\\/#website\",\"url\":\"https:\\\/\\\/memurunsesi.net\\\/\",\"name\":\"Memurun Sesi\",\"description\":\"G\u00fcncel ve Do\u011fru Haber\",\"publisher\":{\"@id\":\"https:\\\/\\\/memurunsesi.net\\\/#organization\"},\"potentialAction\":[{\"@type\":\"SearchAction\",\"target\":{\"@type\":\"EntryPoint\",\"urlTemplate\":\"https:\\\/\\\/memurunsesi.net\\\/?s={search_term_string}\"},\"query-input\":{\"@type\":\"PropertyValueSpecification\",\"valueRequired\":true,\"valueName\":\"search_term_string\"}}],\"inLanguage\":\"tr\"},{\"@type\":\"Organization\",\"@id\":\"https:\\\/\\\/memurunsesi.net\\\/#organization\",\"name\":\"Memurun Sesi\",\"url\":\"https:\\\/\\\/memurunsesi.net\\\/\",\"logo\":{\"@type\":\"ImageObject\",\"inLanguage\":\"tr\",\"@id\":\"https:\\\/\\\/memurunsesi.net\\\/#\\\/schema\\\/logo\\\/image\\\/\",\"url\":\"https:\\\/\\\/memurunsesi.net\\\/wp-content\\\/uploads\\\/2025\\\/11\\\/cropped-MEMURUN-SESI.png\",\"contentUrl\":\"https:\\\/\\\/memurunsesi.net\\\/wp-content\\\/uploads\\\/2025\\\/11\\\/cropped-MEMURUN-SESI.png\",\"width\":238,\"height\":57,\"caption\":\"Memurun Sesi\"},\"image\":{\"@id\":\"https:\\\/\\\/memurunsesi.net\\\/#\\\/schema\\\/logo\\\/image\\\/\"},\"sameAs\":[\"https:\\\/\\\/www.facebook.com\\\/unipersen\\\/?locale=tr_TR\",\"https:\\\/\\\/x.com\\\/unipersen\"]},{\"@type\":\"Person\",\"@id\":\"https:\\\/\\\/memurunsesi.net\\\/#\\\/schema\\\/person\\\/f21c2d73b89f6ee1d80b0a1803e38587\",\"name\":\"Memurun Sesi Haber Merkezi\",\"image\":{\"@type\":\"ImageObject\",\"inLanguage\":\"tr\",\"@id\":\"https:\\\/\\\/secure.gravatar.com\\\/avatar\\\/6cf0505f452ee753f485014986fab09a434671d2b919ee76fc541025c5876a70?s=96&d=mm&r=g\",\"url\":\"https:\\\/\\\/secure.gravatar.com\\\/avatar\\\/6cf0505f452ee753f485014986fab09a434671d2b919ee76fc541025c5876a70?s=96&d=mm&r=g\",\"contentUrl\":\"https:\\\/\\\/secure.gravatar.com\\\/avatar\\\/6cf0505f452ee753f485014986fab09a434671d2b919ee76fc541025c5876a70?s=96&d=mm&r=g\",\"caption\":\"Memurun Sesi Haber Merkezi\"},\"sameAs\":[\"https:\\\/\\\/memurunsesi.net\"],\"url\":\"https:\\\/\\\/memurunsesi.net\\\/index.php\\\/author\\\/uniper\\\/\"}]}<\/script>\n<!-- \/ Yoast SEO plugin. -->","yoast_head_json":{"title":"Hayaller Kutusu\" etkinli\u011fi b\u00fcy\u00fck ilgi g\u00f6rd\u00fc - Memurun Sesi","robots":{"index":"index","follow":"follow","max-snippet":"max-snippet:-1","max-image-preview":"max-image-preview:large","max-video-preview":"max-video-preview:-1"},"canonical":"https:\/\/memurunsesi.net\/index.php\/2025\/05\/18\/hayaller-kutusu-etkinligi-buyuk-ilgi-gordu\/","og_locale":"tr_TR","og_type":"article","og_title":"Hayaller Kutusu\" etkinli\u011fi b\u00fcy\u00fck ilgi g\u00f6rd\u00fc - Memurun Sesi","og_description":"Bilecik \u015eeyh Edebali \u00dcniversitesi&#8217;nin bahar \u015fenlikleri kapsam\u0131nda Bilecik Aile ve Sosyal Hizmetler \u0130l M\u00fcd\u00fcrl\u00fc\u011f\u00fc taraf\u0131ndan hayata ge\u00e7irilen &#8220;Hayaller Kutusu&#8221; projesi, \u00f6\u011frencilerden yo\u011fun ilgi g\u00f6rd\u00fc. Etkinlikte, kat\u0131l\u0131mc\u0131lar aileleriyle ilgili dileklerini \u00f6zel olarak haz\u0131rlanan kutuya b\u0131rakt\u0131. Dilekler aras\u0131nda, &#8220;annem ve babamla g\u00fczel bir tatil ge\u00e7irmek isterim&#8221; ve &#8220;gelecekteki e\u015fimle birlikte mutlu, sa\u011fl\u0131kl\u0131 bir ya\u015fam diliyorum&#8221; gibi duygusal [&hellip;]","og_url":"https:\/\/memurunsesi.net\/index.php\/2025\/05\/18\/hayaller-kutusu-etkinligi-buyuk-ilgi-gordu\/","og_site_name":"Memurun Sesi","article_publisher":"https:\/\/www.facebook.com\/unipersen\/?locale=tr_TR","article_published_time":"2025-05-18T15:05:16+00:00","og_image":[{"width":1200,"height":1600,"url":"https:\/\/memurunsesi.net\/wp-content\/uploads\/2025\/05\/AW457667_01.jpg","type":"image\/jpeg"}],"author":"Memurun Sesi Haber Merkezi","twitter_card":"summary_large_image","twitter_creator":"@unipersen","twitter_site":"@unipersen","twitter_misc":{"Yazan:":"Memurun Sesi Haber Merkezi","Tahmini okuma s\u00fcresi":"1 dakika"},"schema":{"@context":"https:\/\/schema.org","@graph":[{"@type":"Article","@id":"https:\/\/memurunsesi.net\/index.php\/2025\/05\/18\/hayaller-kutusu-etkinligi-buyuk-ilgi-gordu\/#article","isPartOf":{"@id":"https:\/\/memurunsesi.net\/index.php\/2025\/05\/18\/hayaller-kutusu-etkinligi-buyuk-ilgi-gordu\/"},"author":{"name":"Memurun Sesi Haber Merkezi","@id":"https:\/\/memurunsesi.net\/#\/schema\/person\/f21c2d73b89f6ee1d80b0a1803e38587"},"headline":"Hayaller Kutusu&#8221; etkinli\u011fi b\u00fcy\u00fck ilgi g\u00f6rd\u00fc","datePublished":"2025-05-18T15:05:16+00:00","mainEntityOfPage":{"@id":"https:\/\/memurunsesi.net\/index.php\/2025\/05\/18\/hayaller-kutusu-etkinligi-buyuk-ilgi-gordu\/"},"wordCount":158,"commentCount":0,"publisher":{"@id":"https:\/\/memurunsesi.net\/#organization"},"image":{"@id":"https:\/\/memurunsesi.net\/index.php\/2025\/05\/18\/hayaller-kutusu-etkinligi-buyuk-ilgi-gordu\/#primaryimage"},"thumbnailUrl":"https:\/\/memurunsesi.net\/wp-content\/uploads\/2025\/05\/AW457667_01.jpg","articleSection":["\u00dcniversiteden Haberler"],"inLanguage":"tr","potentialAction":[{"@type":"CommentAction","name":"Comment","target":["https:\/\/memurunsesi.net\/index.php\/2025\/05\/18\/hayaller-kutusu-etkinligi-buyuk-ilgi-gordu\/#respond"]}]},{"@type":"WebPage","@id":"https:\/\/memurunsesi.net\/index.php\/2025\/05\/18\/hayaller-kutusu-etkinligi-buyuk-ilgi-gordu\/","url":"https:\/\/memurunsesi.net\/index.php\/2025\/05\/18\/hayaller-kutusu-etkinligi-buyuk-ilgi-gordu\/","name":"Hayaller Kutusu\" etkinli\u011fi b\u00fcy\u00fck ilgi g\u00f6rd\u00fc - Memurun Sesi","isPartOf":{"@id":"https:\/\/memurunsesi.net\/#website"},"primaryImageOfPage":{"@id":"https:\/\/memurunsesi.net\/index.php\/2025\/05\/18\/hayaller-kutusu-etkinligi-buyuk-ilgi-gordu\/#primaryimage"},"image":{"@id":"https:\/\/memurunsesi.net\/index.php\/2025\/05\/18\/hayaller-kutusu-etkinligi-buyuk-ilgi-gordu\/#primaryimage"},"thumbnailUrl":"https:\/\/memurunsesi.net\/wp-content\/uploads\/2025\/05\/AW457667_01.jpg","datePublished":"2025-05-18T15:05:16+00:00","breadcrumb":{"@id":"https:\/\/memurunsesi.net\/index.php\/2025\/05\/18\/hayaller-kutusu-etkinligi-buyuk-ilgi-gordu\/#breadcrumb"},"inLanguage":"tr","potentialAction":[{"@type":"ReadAction","target":["https:\/\/memurunsesi.net\/index.php\/2025\/05\/18\/hayaller-kutusu-etkinligi-buyuk-ilgi-gordu\/"]}]},{"@type":"ImageObject","inLanguage":"tr","@id":"https:\/\/memurunsesi.net\/index.php\/2025\/05\/18\/hayaller-kutusu-etkinligi-buyuk-ilgi-gordu\/#primaryimage","url":"https:\/\/memurunsesi.net\/wp-content\/uploads\/2025\/05\/AW457667_01.jpg","contentUrl":"https:\/\/memurunsesi.net\/wp-content\/uploads\/2025\/05\/AW457667_01.jpg","width":1200,"height":1600,"caption":"B\u0130LEC\u0130K \u015eEYH EDEBAL\u0130 \u00dcN\u0130VERS\u0130TES\u0130'N\u0130N BAHAR \u015eENL\u0130KLER\u0130 KAPSAMINDA B\u0130LEC\u0130K A\u0130LE VE SOSYAL H\u0130ZMETLER \u0130L M\u00dcD\u00dcRL\u00dc\u011e\u00dc TARAFINDAN HAYATA GE\u00c7\u0130R\u0130LEN \"HAYALLER KUTUSU\" PROJES\u0130, \u00d6\u011eRENC\u0130LERDEN YO\u011eUN \u0130LG\u0130 G\u00d6RD\u00dc. (CEM KAAN TOKA\/B\u0130LEC\u0130K-\u0130HA) Bilecik \u015eeyh Edebali \u00dcniversitesi'nin bahar \u015fenlikleri kapsam\u0131nda Bilecik Aile ve Sosyal Hizmetler \u0130l M\u00fcd\u00fcrl\u00fc\u011f\u00fc taraf\u0131ndan hayata ge\u00e7irilen \"Hayaller Kutusu\" projesi, \u00f6\u011frencilerden yo\u011fun ilgi g\u00f6rd\u00fc."},{"@type":"BreadcrumbList","@id":"https:\/\/memurunsesi.net\/index.php\/2025\/05\/18\/hayaller-kutusu-etkinligi-buyuk-ilgi-gordu\/#breadcrumb","itemListElement":[{"@type":"ListItem","position":1,"name":"Anasayfa","item":"https:\/\/memurunsesi.net\/"},{"@type":"ListItem","position":2,"name":"Hayaller Kutusu&#8221; etkinli\u011fi b\u00fcy\u00fck ilgi g\u00f6rd\u00fc"}]},{"@type":"WebSite","@id":"https:\/\/memurunsesi.net\/#website","url":"https:\/\/memurunsesi.net\/","name":"Memurun Sesi","description":"G\u00fcncel ve Do\u011fru Haber","publisher":{"@id":"https:\/\/memurunsesi.net\/#organization"},"potentialAction":[{"@type":"SearchAction","target":{"@type":"EntryPoint","urlTemplate":"https:\/\/memurunsesi.net\/?s={search_term_string}"},"query-input":{"@type":"PropertyValueSpecification","valueRequired":true,"valueName":"search_term_string"}}],"inLanguage":"tr"},{"@type":"Organization","@id":"https:\/\/memurunsesi.net\/#organization","name":"Memurun Sesi","url":"https:\/\/memurunsesi.net\/","logo":{"@type":"ImageObject","inLanguage":"tr","@id":"https:\/\/memurunsesi.net\/#\/schema\/logo\/image\/","url":"https:\/\/memurunsesi.net\/wp-content\/uploads\/2025\/11\/cropped-MEMURUN-SESI.png","contentUrl":"https:\/\/memurunsesi.net\/wp-content\/uploads\/2025\/11\/cropped-MEMURUN-SESI.png","width":238,"height":57,"caption":"Memurun Sesi"},"image":{"@id":"https:\/\/memurunsesi.net\/#\/schema\/logo\/image\/"},"sameAs":["https:\/\/www.facebook.com\/unipersen\/?locale=tr_TR","https:\/\/x.com\/unipersen"]},{"@type":"Person","@id":"https:\/\/memurunsesi.net\/#\/schema\/person\/f21c2d73b89f6ee1d80b0a1803e38587","name":"Memurun Sesi Haber Merkezi","image":{"@type":"ImageObject","inLanguage":"tr","@id":"https:\/\/secure.gravatar.com\/avatar\/6cf0505f452ee753f485014986fab09a434671d2b919ee76fc541025c5876a70?s=96&d=mm&r=g","url":"https:\/\/secure.gravatar.com\/avatar\/6cf0505f452ee753f485014986fab09a434671d2b919ee76fc541025c5876a70?s=96&d=mm&r=g","contentUrl":"https:\/\/secure.gravatar.com\/avatar\/6cf0505f452ee753f485014986fab09a434671d2b919ee76fc541025c5876a70?s=96&d=mm&r=g","caption":"Memurun Sesi Haber Merkezi"},"sameAs":["https:\/\/memurunsesi.net"],"url":"https:\/\/memurunsesi.net\/index.php\/author\/uniper\/"}]}},"_links":{"self":[{"href":"https:\/\/memurunsesi.net\/index.php\/wp-json\/wp\/v2\/posts\/6955","targetHints":{"allow":["GET"]}}],"collection":[{"href":"https:\/\/memurunsesi.net\/index.php\/wp-json\/wp\/v2\/posts"}],"about":[{"href":"https:\/\/memurunsesi.net\/index.php\/wp-json\/wp\/v2\/types\/post"}],"author":[{"embeddable":true,"href":"https:\/\/memurunsesi.net\/index.php\/wp-json\/wp\/v2\/users\/1"}],"replies":[{"embeddable":true,"href":"https:\/\/memurunsesi.net\/index.php\/wp-json\/wp\/v2\/comments?post=6955"}],"version-history":[{"count":1,"href":"https:\/\/memurunsesi.net\/index.php\/wp-json\/wp\/v2\/posts\/6955\/revisions"}],"predecessor-version":[{"id":6957,"href":"https:\/\/memurunsesi.net\/index.php\/wp-json\/wp\/v2\/posts\/6955\/revisions\/6957"}],"wp:featuredmedia":[{"embeddable":true,"href":"https:\/\/memurunsesi.net\/index.php\/wp-json\/wp\/v2\/media\/6956"}],"wp:attachment":[{"href":"https:\/\/memurunsesi.net\/index.php\/wp-json\/wp\/v2\/media?parent=6955"}],"wp:term":[{"taxonomy":"category","embeddable":true,"href":"https:\/\/memurunsesi.net\/index.php\/wp-json\/wp\/v2\/categories?post=6955"},{"taxonomy":"post_tag","embeddable":true,"href":"https:\/\/memurunsesi.net\/index.php\/wp-json\/wp\/v2\/tags?post=6955"}],"curies":[{"name":"wp","href":"https:\/\/api.w.org\/{rel}","templated":true}]}}