{"id":7023,"date":"2025-05-19T22:20:43","date_gmt":"2025-05-19T19:20:43","guid":{"rendered":"https:\/\/memurunsesi.net\/?p=7023"},"modified":"2025-05-19T22:20:43","modified_gmt":"2025-05-19T19:20:43","slug":"tavsanlida-elektrikli-motosiklet-devrildi-1-yarali","status":"publish","type":"post","link":"https:\/\/memurunsesi.net\/index.php\/2025\/05\/19\/tavsanlida-elektrikli-motosiklet-devrildi-1-yarali\/","title":{"rendered":"Tav\u015fanl\u0131\u2019da elektrikli motosiklet devrildi: 1 yaral\u0131"},"content":{"rendered":"<p> K\u00fctahya&#8217;n\u0131n Tav\u015fanl\u0131 il\u00e7esinde elektrikli motosikletin devrilmesi sonucu s\u00fcr\u00fcc\u00fc yaraland\u0131.<br \/>\nEdinilen bilgilere g\u00f6re, Kavakl\u0131 Mahallesi hastane rampas\u0131nda Murat A. idaresindeki 43 AHD 477 plakal\u0131 elektrikli motosiklet, \u015eehit Uzman \u00c7avu\u015f Mustafa Alt\u0131nel Caddesi \u00fczerinde bulunan kesin viraja geldi\u011fi s\u0131rada devrildi. Kaza ihbar\u0131 \u00fczerine olay yerine sa\u011fl\u0131k ve polis ekipleri sevk edildi. Kazada yaralanan motosiklet s\u00fcr\u00fcc\u00fcs\u00fc, ilk m\u00fcdahalesinin ard\u0131ndan Tav\u015fanl\u0131 Do\u00e7. Dr. Mustafa Kalemli Devlet Hastanesine sevk edildi.<br \/>\n  Kazayla ilgili soru\u015fturma devam ediyor. <\/p>\n<p>19.05.2025                                 <\/p>\n","protected":false},"excerpt":{"rendered":"<p>K\u00fctahya&#8217;n\u0131n Tav\u015fanl\u0131 il\u00e7esinde elektrikli motosikletin devrilmesi sonucu s\u00fcr\u00fcc\u00fc yaraland\u0131. Edinilen bilgilere g\u00f6re, Kavakl\u0131 Mahallesi hastane rampas\u0131nda Murat A. idaresindeki 43 AHD 477 plakal\u0131 elektrikli motosiklet, \u015eehit Uzman \u00c7avu\u015f Mustafa Alt\u0131nel Caddesi \u00fczerinde bulunan kesin viraja geldi\u011fi s\u0131rada devrildi. Kaza ihbar\u0131 \u00fczerine olay yerine sa\u011fl\u0131k ve polis ekipleri sevk edildi. Kazada yaralanan motosiklet s\u00fcr\u00fcc\u00fcs\u00fc, ilk m\u00fcdahalesinin [&hellip;]<\/p>\n","protected":false},"author":1,"featured_media":7024,"comment_status":"open","ping_status":"open","sticky":false,"template":"","format":"standard","meta":{"footnotes":""},"categories":[1],"tags":[],"class_list":["post-7023","post","type-post","status-publish","format-standard","has-post-thumbnail","hentry","category-genel"],"yoast_head":"<!-- This site is optimized with the Yoast SEO plugin v27.4 - https:\/\/yoast.com\/product\/yoast-seo-wordpress\/ -->\n<title>Tav\u015fanl\u0131\u2019da elektrikli motosiklet devrildi: 1 yaral\u0131 - Memurun Sesi<\/title>\n<meta name=\"robots\" content=\"index, follow, max-snippet:-1, max-image-preview:large, max-video-preview:-1\" \/>\n<link rel=\"canonical\" href=\"https:\/\/memurunsesi.net\/index.php\/2025\/05\/19\/tavsanlida-elektrikli-motosiklet-devrildi-1-yarali\/\" \/>\n<meta property=\"og:locale\" content=\"tr_TR\" \/>\n<meta property=\"og:type\" content=\"article\" \/>\n<meta property=\"og:title\" content=\"Tav\u015fanl\u0131\u2019da elektrikli motosiklet devrildi: 1 yaral\u0131 - Memurun Sesi\" \/>\n<meta property=\"og:description\" content=\"K\u00fctahya&#8217;n\u0131n Tav\u015fanl\u0131 il\u00e7esinde elektrikli motosikletin devrilmesi sonucu s\u00fcr\u00fcc\u00fc yaraland\u0131. Edinilen bilgilere g\u00f6re, Kavakl\u0131 Mahallesi hastane rampas\u0131nda Murat A. idaresindeki 43 AHD 477 plakal\u0131 elektrikli motosiklet, \u015eehit Uzman \u00c7avu\u015f Mustafa Alt\u0131nel Caddesi \u00fczerinde bulunan kesin viraja geldi\u011fi s\u0131rada devrildi. Kaza ihbar\u0131 \u00fczerine olay yerine sa\u011fl\u0131k ve polis ekipleri sevk edildi. Kazada yaralanan motosiklet s\u00fcr\u00fcc\u00fcs\u00fc, ilk m\u00fcdahalesinin [&hellip;]\" \/>\n<meta property=\"og:url\" content=\"https:\/\/memurunsesi.net\/index.php\/2025\/05\/19\/tavsanlida-elektrikli-motosiklet-devrildi-1-yarali\/\" \/>\n<meta property=\"og:site_name\" content=\"Memurun Sesi\" \/>\n<meta property=\"article:publisher\" content=\"https:\/\/www.facebook.com\/unipersen\/?locale=tr_TR\" \/>\n<meta property=\"article:published_time\" content=\"2025-05-19T19:20:43+00:00\" \/>\n<meta property=\"og:image\" content=\"https:\/\/memurunsesi.net\/wp-content\/uploads\/2025\/05\/AW458469_01.jpg\" \/>\n\t<meta property=\"og:image:width\" content=\"995\" \/>\n\t<meta property=\"og:image:height\" content=\"591\" \/>\n\t<meta property=\"og:image:type\" content=\"image\/jpeg\" \/>\n<meta name=\"author\" content=\"Memurun Sesi Haber Merkezi\" \/>\n<meta name=\"twitter:card\" content=\"summary_large_image\" \/>\n<meta name=\"twitter:creator\" content=\"@unipersen\" \/>\n<meta name=\"twitter:site\" content=\"@unipersen\" \/>\n<meta name=\"twitter:label1\" content=\"Yazan:\" \/>\n\t<meta name=\"twitter:data1\" content=\"Memurun Sesi Haber Merkezi\" \/>\n\t<meta name=\"twitter:label2\" content=\"Tahmini okuma s\u00fcresi\" \/>\n\t<meta name=\"twitter:data2\" content=\"1 dakika\" \/>\n<script type=\"application\/ld+json\" class=\"yoast-schema-graph\">{\"@context\":\"https:\\\/\\\/schema.org\",\"@graph\":[{\"@type\":\"Article\",\"@id\":\"https:\\\/\\\/memurunsesi.net\\\/index.php\\\/2025\\\/05\\\/19\\\/tavsanlida-elektrikli-motosiklet-devrildi-1-yarali\\\/#article\",\"isPartOf\":{\"@id\":\"https:\\\/\\\/memurunsesi.net\\\/index.php\\\/2025\\\/05\\\/19\\\/tavsanlida-elektrikli-motosiklet-devrildi-1-yarali\\\/\"},\"author\":{\"name\":\"Memurun Sesi Haber Merkezi\",\"@id\":\"https:\\\/\\\/memurunsesi.net\\\/#\\\/schema\\\/person\\\/f21c2d73b89f6ee1d80b0a1803e38587\"},\"headline\":\"Tav\u015fanl\u0131\u2019da elektrikli motosiklet devrildi: 1 yaral\u0131\",\"datePublished\":\"2025-05-19T19:20:43+00:00\",\"mainEntityOfPage\":{\"@id\":\"https:\\\/\\\/memurunsesi.net\\\/index.php\\\/2025\\\/05\\\/19\\\/tavsanlida-elektrikli-motosiklet-devrildi-1-yarali\\\/\"},\"wordCount\":96,\"commentCount\":0,\"publisher\":{\"@id\":\"https:\\\/\\\/memurunsesi.net\\\/#organization\"},\"image\":{\"@id\":\"https:\\\/\\\/memurunsesi.net\\\/index.php\\\/2025\\\/05\\\/19\\\/tavsanlida-elektrikli-motosiklet-devrildi-1-yarali\\\/#primaryimage\"},\"thumbnailUrl\":\"https:\\\/\\\/memurunsesi.net\\\/wp-content\\\/uploads\\\/2025\\\/05\\\/AW458469_01.jpg\",\"inLanguage\":\"tr\",\"potentialAction\":[{\"@type\":\"CommentAction\",\"name\":\"Comment\",\"target\":[\"https:\\\/\\\/memurunsesi.net\\\/index.php\\\/2025\\\/05\\\/19\\\/tavsanlida-elektrikli-motosiklet-devrildi-1-yarali\\\/#respond\"]}]},{\"@type\":\"WebPage\",\"@id\":\"https:\\\/\\\/memurunsesi.net\\\/index.php\\\/2025\\\/05\\\/19\\\/tavsanlida-elektrikli-motosiklet-devrildi-1-yarali\\\/\",\"url\":\"https:\\\/\\\/memurunsesi.net\\\/index.php\\\/2025\\\/05\\\/19\\\/tavsanlida-elektrikli-motosiklet-devrildi-1-yarali\\\/\",\"name\":\"Tav\u015fanl\u0131\u2019da elektrikli motosiklet devrildi: 1 yaral\u0131 - Memurun Sesi\",\"isPartOf\":{\"@id\":\"https:\\\/\\\/memurunsesi.net\\\/#website\"},\"primaryImageOfPage\":{\"@id\":\"https:\\\/\\\/memurunsesi.net\\\/index.php\\\/2025\\\/05\\\/19\\\/tavsanlida-elektrikli-motosiklet-devrildi-1-yarali\\\/#primaryimage\"},\"image\":{\"@id\":\"https:\\\/\\\/memurunsesi.net\\\/index.php\\\/2025\\\/05\\\/19\\\/tavsanlida-elektrikli-motosiklet-devrildi-1-yarali\\\/#primaryimage\"},\"thumbnailUrl\":\"https:\\\/\\\/memurunsesi.net\\\/wp-content\\\/uploads\\\/2025\\\/05\\\/AW458469_01.jpg\",\"datePublished\":\"2025-05-19T19:20:43+00:00\",\"breadcrumb\":{\"@id\":\"https:\\\/\\\/memurunsesi.net\\\/index.php\\\/2025\\\/05\\\/19\\\/tavsanlida-elektrikli-motosiklet-devrildi-1-yarali\\\/#breadcrumb\"},\"inLanguage\":\"tr\",\"potentialAction\":[{\"@type\":\"ReadAction\",\"target\":[\"https:\\\/\\\/memurunsesi.net\\\/index.php\\\/2025\\\/05\\\/19\\\/tavsanlida-elektrikli-motosiklet-devrildi-1-yarali\\\/\"]}]},{\"@type\":\"ImageObject\",\"inLanguage\":\"tr\",\"@id\":\"https:\\\/\\\/memurunsesi.net\\\/index.php\\\/2025\\\/05\\\/19\\\/tavsanlida-elektrikli-motosiklet-devrildi-1-yarali\\\/#primaryimage\",\"url\":\"https:\\\/\\\/memurunsesi.net\\\/wp-content\\\/uploads\\\/2025\\\/05\\\/AW458469_01.jpg\",\"contentUrl\":\"https:\\\/\\\/memurunsesi.net\\\/wp-content\\\/uploads\\\/2025\\\/05\\\/AW458469_01.jpg\",\"width\":995,\"height\":591,\"caption\":\"TAV\u015eANLI'DA ELEKTR\u0130KL\u0130 MOTOS\u0130KLET DEVR\u0130LD\u0130, 1 YARALI (TUNA \u0130\u015eLEYEN\\\/K\u00dcTAHYA-\u0130HA) K\u00fctahya'n\u0131n Tav\u015fanl\u0131 il\u00e7esinde elektrikli motosikletin devrilmesi sonucu s\u00fcr\u00fcc\u00fc yaraland\u0131.\"},{\"@type\":\"BreadcrumbList\",\"@id\":\"https:\\\/\\\/memurunsesi.net\\\/index.php\\\/2025\\\/05\\\/19\\\/tavsanlida-elektrikli-motosiklet-devrildi-1-yarali\\\/#breadcrumb\",\"itemListElement\":[{\"@type\":\"ListItem\",\"position\":1,\"name\":\"Anasayfa\",\"item\":\"https:\\\/\\\/memurunsesi.net\\\/\"},{\"@type\":\"ListItem\",\"position\":2,\"name\":\"Tav\u015fanl\u0131\u2019da elektrikli motosiklet devrildi: 1 yaral\u0131\"}]},{\"@type\":\"WebSite\",\"@id\":\"https:\\\/\\\/memurunsesi.net\\\/#website\",\"url\":\"https:\\\/\\\/memurunsesi.net\\\/\",\"name\":\"Memurun Sesi\",\"description\":\"G\u00fcncel ve Do\u011fru Haber\",\"publisher\":{\"@id\":\"https:\\\/\\\/memurunsesi.net\\\/#organization\"},\"potentialAction\":[{\"@type\":\"SearchAction\",\"target\":{\"@type\":\"EntryPoint\",\"urlTemplate\":\"https:\\\/\\\/memurunsesi.net\\\/?s={search_term_string}\"},\"query-input\":{\"@type\":\"PropertyValueSpecification\",\"valueRequired\":true,\"valueName\":\"search_term_string\"}}],\"inLanguage\":\"tr\"},{\"@type\":\"Organization\",\"@id\":\"https:\\\/\\\/memurunsesi.net\\\/#organization\",\"name\":\"Memurun Sesi\",\"url\":\"https:\\\/\\\/memurunsesi.net\\\/\",\"logo\":{\"@type\":\"ImageObject\",\"inLanguage\":\"tr\",\"@id\":\"https:\\\/\\\/memurunsesi.net\\\/#\\\/schema\\\/logo\\\/image\\\/\",\"url\":\"https:\\\/\\\/memurunsesi.net\\\/wp-content\\\/uploads\\\/2025\\\/11\\\/cropped-MEMURUN-SESI.png\",\"contentUrl\":\"https:\\\/\\\/memurunsesi.net\\\/wp-content\\\/uploads\\\/2025\\\/11\\\/cropped-MEMURUN-SESI.png\",\"width\":238,\"height\":57,\"caption\":\"Memurun Sesi\"},\"image\":{\"@id\":\"https:\\\/\\\/memurunsesi.net\\\/#\\\/schema\\\/logo\\\/image\\\/\"},\"sameAs\":[\"https:\\\/\\\/www.facebook.com\\\/unipersen\\\/?locale=tr_TR\",\"https:\\\/\\\/x.com\\\/unipersen\"]},{\"@type\":\"Person\",\"@id\":\"https:\\\/\\\/memurunsesi.net\\\/#\\\/schema\\\/person\\\/f21c2d73b89f6ee1d80b0a1803e38587\",\"name\":\"Memurun Sesi Haber Merkezi\",\"image\":{\"@type\":\"ImageObject\",\"inLanguage\":\"tr\",\"@id\":\"https:\\\/\\\/secure.gravatar.com\\\/avatar\\\/6cf0505f452ee753f485014986fab09a434671d2b919ee76fc541025c5876a70?s=96&d=mm&r=g\",\"url\":\"https:\\\/\\\/secure.gravatar.com\\\/avatar\\\/6cf0505f452ee753f485014986fab09a434671d2b919ee76fc541025c5876a70?s=96&d=mm&r=g\",\"contentUrl\":\"https:\\\/\\\/secure.gravatar.com\\\/avatar\\\/6cf0505f452ee753f485014986fab09a434671d2b919ee76fc541025c5876a70?s=96&d=mm&r=g\",\"caption\":\"Memurun Sesi Haber Merkezi\"},\"sameAs\":[\"https:\\\/\\\/memurunsesi.net\"],\"url\":\"https:\\\/\\\/memurunsesi.net\\\/index.php\\\/author\\\/uniper\\\/\"}]}<\/script>\n<!-- \/ Yoast SEO plugin. -->","yoast_head_json":{"title":"Tav\u015fanl\u0131\u2019da elektrikli motosiklet devrildi: 1 yaral\u0131 - Memurun Sesi","robots":{"index":"index","follow":"follow","max-snippet":"max-snippet:-1","max-image-preview":"max-image-preview:large","max-video-preview":"max-video-preview:-1"},"canonical":"https:\/\/memurunsesi.net\/index.php\/2025\/05\/19\/tavsanlida-elektrikli-motosiklet-devrildi-1-yarali\/","og_locale":"tr_TR","og_type":"article","og_title":"Tav\u015fanl\u0131\u2019da elektrikli motosiklet devrildi: 1 yaral\u0131 - Memurun Sesi","og_description":"K\u00fctahya&#8217;n\u0131n Tav\u015fanl\u0131 il\u00e7esinde elektrikli motosikletin devrilmesi sonucu s\u00fcr\u00fcc\u00fc yaraland\u0131. Edinilen bilgilere g\u00f6re, Kavakl\u0131 Mahallesi hastane rampas\u0131nda Murat A. idaresindeki 43 AHD 477 plakal\u0131 elektrikli motosiklet, \u015eehit Uzman \u00c7avu\u015f Mustafa Alt\u0131nel Caddesi \u00fczerinde bulunan kesin viraja geldi\u011fi s\u0131rada devrildi. Kaza ihbar\u0131 \u00fczerine olay yerine sa\u011fl\u0131k ve polis ekipleri sevk edildi. Kazada yaralanan motosiklet s\u00fcr\u00fcc\u00fcs\u00fc, ilk m\u00fcdahalesinin [&hellip;]","og_url":"https:\/\/memurunsesi.net\/index.php\/2025\/05\/19\/tavsanlida-elektrikli-motosiklet-devrildi-1-yarali\/","og_site_name":"Memurun Sesi","article_publisher":"https:\/\/www.facebook.com\/unipersen\/?locale=tr_TR","article_published_time":"2025-05-19T19:20:43+00:00","og_image":[{"width":995,"height":591,"url":"https:\/\/memurunsesi.net\/wp-content\/uploads\/2025\/05\/AW458469_01.jpg","type":"image\/jpeg"}],"author":"Memurun Sesi Haber Merkezi","twitter_card":"summary_large_image","twitter_creator":"@unipersen","twitter_site":"@unipersen","twitter_misc":{"Yazan:":"Memurun Sesi Haber Merkezi","Tahmini okuma s\u00fcresi":"1 dakika"},"schema":{"@context":"https:\/\/schema.org","@graph":[{"@type":"Article","@id":"https:\/\/memurunsesi.net\/index.php\/2025\/05\/19\/tavsanlida-elektrikli-motosiklet-devrildi-1-yarali\/#article","isPartOf":{"@id":"https:\/\/memurunsesi.net\/index.php\/2025\/05\/19\/tavsanlida-elektrikli-motosiklet-devrildi-1-yarali\/"},"author":{"name":"Memurun Sesi Haber Merkezi","@id":"https:\/\/memurunsesi.net\/#\/schema\/person\/f21c2d73b89f6ee1d80b0a1803e38587"},"headline":"Tav\u015fanl\u0131\u2019da elektrikli motosiklet devrildi: 1 yaral\u0131","datePublished":"2025-05-19T19:20:43+00:00","mainEntityOfPage":{"@id":"https:\/\/memurunsesi.net\/index.php\/2025\/05\/19\/tavsanlida-elektrikli-motosiklet-devrildi-1-yarali\/"},"wordCount":96,"commentCount":0,"publisher":{"@id":"https:\/\/memurunsesi.net\/#organization"},"image":{"@id":"https:\/\/memurunsesi.net\/index.php\/2025\/05\/19\/tavsanlida-elektrikli-motosiklet-devrildi-1-yarali\/#primaryimage"},"thumbnailUrl":"https:\/\/memurunsesi.net\/wp-content\/uploads\/2025\/05\/AW458469_01.jpg","inLanguage":"tr","potentialAction":[{"@type":"CommentAction","name":"Comment","target":["https:\/\/memurunsesi.net\/index.php\/2025\/05\/19\/tavsanlida-elektrikli-motosiklet-devrildi-1-yarali\/#respond"]}]},{"@type":"WebPage","@id":"https:\/\/memurunsesi.net\/index.php\/2025\/05\/19\/tavsanlida-elektrikli-motosiklet-devrildi-1-yarali\/","url":"https:\/\/memurunsesi.net\/index.php\/2025\/05\/19\/tavsanlida-elektrikli-motosiklet-devrildi-1-yarali\/","name":"Tav\u015fanl\u0131\u2019da elektrikli motosiklet devrildi: 1 yaral\u0131 - Memurun Sesi","isPartOf":{"@id":"https:\/\/memurunsesi.net\/#website"},"primaryImageOfPage":{"@id":"https:\/\/memurunsesi.net\/index.php\/2025\/05\/19\/tavsanlida-elektrikli-motosiklet-devrildi-1-yarali\/#primaryimage"},"image":{"@id":"https:\/\/memurunsesi.net\/index.php\/2025\/05\/19\/tavsanlida-elektrikli-motosiklet-devrildi-1-yarali\/#primaryimage"},"thumbnailUrl":"https:\/\/memurunsesi.net\/wp-content\/uploads\/2025\/05\/AW458469_01.jpg","datePublished":"2025-05-19T19:20:43+00:00","breadcrumb":{"@id":"https:\/\/memurunsesi.net\/index.php\/2025\/05\/19\/tavsanlida-elektrikli-motosiklet-devrildi-1-yarali\/#breadcrumb"},"inLanguage":"tr","potentialAction":[{"@type":"ReadAction","target":["https:\/\/memurunsesi.net\/index.php\/2025\/05\/19\/tavsanlida-elektrikli-motosiklet-devrildi-1-yarali\/"]}]},{"@type":"ImageObject","inLanguage":"tr","@id":"https:\/\/memurunsesi.net\/index.php\/2025\/05\/19\/tavsanlida-elektrikli-motosiklet-devrildi-1-yarali\/#primaryimage","url":"https:\/\/memurunsesi.net\/wp-content\/uploads\/2025\/05\/AW458469_01.jpg","contentUrl":"https:\/\/memurunsesi.net\/wp-content\/uploads\/2025\/05\/AW458469_01.jpg","width":995,"height":591,"caption":"TAV\u015eANLI'DA ELEKTR\u0130KL\u0130 MOTOS\u0130KLET DEVR\u0130LD\u0130, 1 YARALI (TUNA \u0130\u015eLEYEN\/K\u00dcTAHYA-\u0130HA) K\u00fctahya'n\u0131n Tav\u015fanl\u0131 il\u00e7esinde elektrikli motosikletin devrilmesi sonucu s\u00fcr\u00fcc\u00fc yaraland\u0131."},{"@type":"BreadcrumbList","@id":"https:\/\/memurunsesi.net\/index.php\/2025\/05\/19\/tavsanlida-elektrikli-motosiklet-devrildi-1-yarali\/#breadcrumb","itemListElement":[{"@type":"ListItem","position":1,"name":"Anasayfa","item":"https:\/\/memurunsesi.net\/"},{"@type":"ListItem","position":2,"name":"Tav\u015fanl\u0131\u2019da elektrikli motosiklet devrildi: 1 yaral\u0131"}]},{"@type":"WebSite","@id":"https:\/\/memurunsesi.net\/#website","url":"https:\/\/memurunsesi.net\/","name":"Memurun Sesi","description":"G\u00fcncel ve Do\u011fru Haber","publisher":{"@id":"https:\/\/memurunsesi.net\/#organization"},"potentialAction":[{"@type":"SearchAction","target":{"@type":"EntryPoint","urlTemplate":"https:\/\/memurunsesi.net\/?s={search_term_string}"},"query-input":{"@type":"PropertyValueSpecification","valueRequired":true,"valueName":"search_term_string"}}],"inLanguage":"tr"},{"@type":"Organization","@id":"https:\/\/memurunsesi.net\/#organization","name":"Memurun Sesi","url":"https:\/\/memurunsesi.net\/","logo":{"@type":"ImageObject","inLanguage":"tr","@id":"https:\/\/memurunsesi.net\/#\/schema\/logo\/image\/","url":"https:\/\/memurunsesi.net\/wp-content\/uploads\/2025\/11\/cropped-MEMURUN-SESI.png","contentUrl":"https:\/\/memurunsesi.net\/wp-content\/uploads\/2025\/11\/cropped-MEMURUN-SESI.png","width":238,"height":57,"caption":"Memurun Sesi"},"image":{"@id":"https:\/\/memurunsesi.net\/#\/schema\/logo\/image\/"},"sameAs":["https:\/\/www.facebook.com\/unipersen\/?locale=tr_TR","https:\/\/x.com\/unipersen"]},{"@type":"Person","@id":"https:\/\/memurunsesi.net\/#\/schema\/person\/f21c2d73b89f6ee1d80b0a1803e38587","name":"Memurun Sesi Haber Merkezi","image":{"@type":"ImageObject","inLanguage":"tr","@id":"https:\/\/secure.gravatar.com\/avatar\/6cf0505f452ee753f485014986fab09a434671d2b919ee76fc541025c5876a70?s=96&d=mm&r=g","url":"https:\/\/secure.gravatar.com\/avatar\/6cf0505f452ee753f485014986fab09a434671d2b919ee76fc541025c5876a70?s=96&d=mm&r=g","contentUrl":"https:\/\/secure.gravatar.com\/avatar\/6cf0505f452ee753f485014986fab09a434671d2b919ee76fc541025c5876a70?s=96&d=mm&r=g","caption":"Memurun Sesi Haber Merkezi"},"sameAs":["https:\/\/memurunsesi.net"],"url":"https:\/\/memurunsesi.net\/index.php\/author\/uniper\/"}]}},"_links":{"self":[{"href":"https:\/\/memurunsesi.net\/index.php\/wp-json\/wp\/v2\/posts\/7023","targetHints":{"allow":["GET"]}}],"collection":[{"href":"https:\/\/memurunsesi.net\/index.php\/wp-json\/wp\/v2\/posts"}],"about":[{"href":"https:\/\/memurunsesi.net\/index.php\/wp-json\/wp\/v2\/types\/post"}],"author":[{"embeddable":true,"href":"https:\/\/memurunsesi.net\/index.php\/wp-json\/wp\/v2\/users\/1"}],"replies":[{"embeddable":true,"href":"https:\/\/memurunsesi.net\/index.php\/wp-json\/wp\/v2\/comments?post=7023"}],"version-history":[{"count":1,"href":"https:\/\/memurunsesi.net\/index.php\/wp-json\/wp\/v2\/posts\/7023\/revisions"}],"predecessor-version":[{"id":7025,"href":"https:\/\/memurunsesi.net\/index.php\/wp-json\/wp\/v2\/posts\/7023\/revisions\/7025"}],"wp:featuredmedia":[{"embeddable":true,"href":"https:\/\/memurunsesi.net\/index.php\/wp-json\/wp\/v2\/media\/7024"}],"wp:attachment":[{"href":"https:\/\/memurunsesi.net\/index.php\/wp-json\/wp\/v2\/media?parent=7023"}],"wp:term":[{"taxonomy":"category","embeddable":true,"href":"https:\/\/memurunsesi.net\/index.php\/wp-json\/wp\/v2\/categories?post=7023"},{"taxonomy":"post_tag","embeddable":true,"href":"https:\/\/memurunsesi.net\/index.php\/wp-json\/wp\/v2\/tags?post=7023"}],"curies":[{"name":"wp","href":"https:\/\/api.w.org\/{rel}","templated":true}]}}