{"id":7026,"date":"2025-05-19T22:23:23","date_gmt":"2025-05-19T19:23:23","guid":{"rendered":"https:\/\/memurunsesi.net\/?p=7026"},"modified":"2025-05-19T22:23:23","modified_gmt":"2025-05-19T19:23:23","slug":"aydinda-18-yasindaki-genc-babasinin-beylik-tabancasi-ile-kendini-vurdu","status":"publish","type":"post","link":"https:\/\/memurunsesi.net\/index.php\/2025\/05\/19\/aydinda-18-yasindaki-genc-babasinin-beylik-tabancasi-ile-kendini-vurdu\/","title":{"rendered":"Ayd\u0131n&#8217;da 18 ya\u015f\u0131ndaki gen\u00e7 babas\u0131n\u0131n beylik tabancas\u0131 ile kendini vurdu"},"content":{"rendered":"<p>  Ayd\u0131n\u2019\u0131n Efeler il\u00e7esinde emekli polisin o\u011flu Turgay Y\u0131ld\u0131r\u0131m (18), babas\u0131n\u0131n beylik tabancas\u0131 ile kendini vurdu. Olayda 18 ya\u015f\u0131ndaki gencin hayat\u0131n\u0131 aybetmesi herkesi \u00fczd\u00fc.<br \/>\n  Olay, \u00c7e\u015ftepe Mahallesinde ya\u015fand\u0131. Babas\u0131 emekli polis olan Turgay Y\u0131ld\u0131r\u0131m, evde yaln\u0131z oldu\u011fy s\u0131rada babas\u0131na ait tabanca ile oynarken hen\u00fcz bilinmeyen bir nedenle kendini vurdu. Silah sesini duyanlar\u0131n ihbar\u0131 \u00fczerine olay yerine sa\u011fl\u0131k ve polis ekipleri sevk edildi. Olay yerine gelen sa\u011fl\u0131k ekipleri, gencin hayat\u0131n\u0131 kaybetti\u011fini belirledi. Eve gelen aile sinir krizi ge\u00e7irdi. Polis olayla ilgili inceleme ba\u015flatt\u0131. <\/p>\n<p>19.05.2025                                <\/p>\n","protected":false},"excerpt":{"rendered":"<p>Ayd\u0131n\u2019\u0131n Efeler il\u00e7esinde emekli polisin o\u011flu Turgay Y\u0131ld\u0131r\u0131m (18), babas\u0131n\u0131n beylik tabancas\u0131 ile kendini vurdu. Olayda 18 ya\u015f\u0131ndaki gencin hayat\u0131n\u0131 aybetmesi herkesi \u00fczd\u00fc. Olay, \u00c7e\u015ftepe Mahallesinde ya\u015fand\u0131. Babas\u0131 emekli polis olan Turgay Y\u0131ld\u0131r\u0131m, evde yaln\u0131z oldu\u011fy s\u0131rada babas\u0131na ait tabanca ile oynarken hen\u00fcz bilinmeyen bir nedenle kendini vurdu. Silah sesini duyanlar\u0131n ihbar\u0131 \u00fczerine olay yerine [&hellip;]<\/p>\n","protected":false},"author":1,"featured_media":7027,"comment_status":"open","ping_status":"open","sticky":false,"template":"","format":"standard","meta":{"footnotes":""},"categories":[45],"tags":[],"class_list":["post-7026","post","type-post","status-publish","format-standard","has-post-thumbnail","hentry","category-gundem"],"yoast_head":"<!-- This site is optimized with the Yoast SEO plugin v27.4 - https:\/\/yoast.com\/product\/yoast-seo-wordpress\/ -->\n<title>Ayd\u0131n&#039;da 18 ya\u015f\u0131ndaki gen\u00e7 babas\u0131n\u0131n beylik tabancas\u0131 ile kendini vurdu - Memurun Sesi<\/title>\n<meta name=\"robots\" content=\"index, follow, max-snippet:-1, max-image-preview:large, max-video-preview:-1\" \/>\n<link rel=\"canonical\" href=\"https:\/\/memurunsesi.net\/index.php\/2025\/05\/19\/aydinda-18-yasindaki-genc-babasinin-beylik-tabancasi-ile-kendini-vurdu\/\" \/>\n<meta property=\"og:locale\" content=\"tr_TR\" \/>\n<meta property=\"og:type\" content=\"article\" \/>\n<meta property=\"og:title\" content=\"Ayd\u0131n&#039;da 18 ya\u015f\u0131ndaki gen\u00e7 babas\u0131n\u0131n beylik tabancas\u0131 ile kendini vurdu - Memurun Sesi\" \/>\n<meta property=\"og:description\" content=\"Ayd\u0131n\u2019\u0131n Efeler il\u00e7esinde emekli polisin o\u011flu Turgay Y\u0131ld\u0131r\u0131m (18), babas\u0131n\u0131n beylik tabancas\u0131 ile kendini vurdu. Olayda 18 ya\u015f\u0131ndaki gencin hayat\u0131n\u0131 aybetmesi herkesi \u00fczd\u00fc. Olay, \u00c7e\u015ftepe Mahallesinde ya\u015fand\u0131. Babas\u0131 emekli polis olan Turgay Y\u0131ld\u0131r\u0131m, evde yaln\u0131z oldu\u011fy s\u0131rada babas\u0131na ait tabanca ile oynarken hen\u00fcz bilinmeyen bir nedenle kendini vurdu. Silah sesini duyanlar\u0131n ihbar\u0131 \u00fczerine olay yerine [&hellip;]\" \/>\n<meta property=\"og:url\" content=\"https:\/\/memurunsesi.net\/index.php\/2025\/05\/19\/aydinda-18-yasindaki-genc-babasinin-beylik-tabancasi-ile-kendini-vurdu\/\" \/>\n<meta property=\"og:site_name\" content=\"Memurun Sesi\" \/>\n<meta property=\"article:publisher\" content=\"https:\/\/www.facebook.com\/unipersen\/?locale=tr_TR\" \/>\n<meta property=\"article:published_time\" content=\"2025-05-19T19:23:23+00:00\" \/>\n<meta property=\"og:image\" content=\"https:\/\/memurunsesi.net\/wp-content\/uploads\/2025\/05\/AW458465_01.jpg\" \/>\n\t<meta property=\"og:image:width\" content=\"2048\" \/>\n\t<meta property=\"og:image:height\" content=\"1536\" \/>\n\t<meta property=\"og:image:type\" content=\"image\/jpeg\" \/>\n<meta name=\"author\" content=\"Memurun Sesi Haber Merkezi\" \/>\n<meta name=\"twitter:card\" content=\"summary_large_image\" \/>\n<meta name=\"twitter:creator\" content=\"@unipersen\" \/>\n<meta name=\"twitter:site\" content=\"@unipersen\" \/>\n<meta name=\"twitter:label1\" content=\"Yazan:\" \/>\n\t<meta name=\"twitter:data1\" content=\"Memurun Sesi Haber Merkezi\" \/>\n\t<meta name=\"twitter:label2\" content=\"Tahmini okuma s\u00fcresi\" \/>\n\t<meta name=\"twitter:data2\" content=\"1 dakika\" \/>\n<script type=\"application\/ld+json\" class=\"yoast-schema-graph\">{\"@context\":\"https:\\\/\\\/schema.org\",\"@graph\":[{\"@type\":\"Article\",\"@id\":\"https:\\\/\\\/memurunsesi.net\\\/index.php\\\/2025\\\/05\\\/19\\\/aydinda-18-yasindaki-genc-babasinin-beylik-tabancasi-ile-kendini-vurdu\\\/#article\",\"isPartOf\":{\"@id\":\"https:\\\/\\\/memurunsesi.net\\\/index.php\\\/2025\\\/05\\\/19\\\/aydinda-18-yasindaki-genc-babasinin-beylik-tabancasi-ile-kendini-vurdu\\\/\"},\"author\":{\"name\":\"Memurun Sesi Haber Merkezi\",\"@id\":\"https:\\\/\\\/memurunsesi.net\\\/#\\\/schema\\\/person\\\/f21c2d73b89f6ee1d80b0a1803e38587\"},\"headline\":\"Ayd\u0131n&#8217;da 18 ya\u015f\u0131ndaki gen\u00e7 babas\u0131n\u0131n beylik tabancas\u0131 ile kendini vurdu\",\"datePublished\":\"2025-05-19T19:23:23+00:00\",\"mainEntityOfPage\":{\"@id\":\"https:\\\/\\\/memurunsesi.net\\\/index.php\\\/2025\\\/05\\\/19\\\/aydinda-18-yasindaki-genc-babasinin-beylik-tabancasi-ile-kendini-vurdu\\\/\"},\"wordCount\":123,\"commentCount\":0,\"publisher\":{\"@id\":\"https:\\\/\\\/memurunsesi.net\\\/#organization\"},\"image\":{\"@id\":\"https:\\\/\\\/memurunsesi.net\\\/index.php\\\/2025\\\/05\\\/19\\\/aydinda-18-yasindaki-genc-babasinin-beylik-tabancasi-ile-kendini-vurdu\\\/#primaryimage\"},\"thumbnailUrl\":\"https:\\\/\\\/memurunsesi.net\\\/wp-content\\\/uploads\\\/2025\\\/05\\\/AW458465_01.jpg\",\"articleSection\":[\"G\u00fcndem\"],\"inLanguage\":\"tr\",\"potentialAction\":[{\"@type\":\"CommentAction\",\"name\":\"Comment\",\"target\":[\"https:\\\/\\\/memurunsesi.net\\\/index.php\\\/2025\\\/05\\\/19\\\/aydinda-18-yasindaki-genc-babasinin-beylik-tabancasi-ile-kendini-vurdu\\\/#respond\"]}]},{\"@type\":\"WebPage\",\"@id\":\"https:\\\/\\\/memurunsesi.net\\\/index.php\\\/2025\\\/05\\\/19\\\/aydinda-18-yasindaki-genc-babasinin-beylik-tabancasi-ile-kendini-vurdu\\\/\",\"url\":\"https:\\\/\\\/memurunsesi.net\\\/index.php\\\/2025\\\/05\\\/19\\\/aydinda-18-yasindaki-genc-babasinin-beylik-tabancasi-ile-kendini-vurdu\\\/\",\"name\":\"Ayd\u0131n'da 18 ya\u015f\u0131ndaki gen\u00e7 babas\u0131n\u0131n beylik tabancas\u0131 ile kendini vurdu - Memurun Sesi\",\"isPartOf\":{\"@id\":\"https:\\\/\\\/memurunsesi.net\\\/#website\"},\"primaryImageOfPage\":{\"@id\":\"https:\\\/\\\/memurunsesi.net\\\/index.php\\\/2025\\\/05\\\/19\\\/aydinda-18-yasindaki-genc-babasinin-beylik-tabancasi-ile-kendini-vurdu\\\/#primaryimage\"},\"image\":{\"@id\":\"https:\\\/\\\/memurunsesi.net\\\/index.php\\\/2025\\\/05\\\/19\\\/aydinda-18-yasindaki-genc-babasinin-beylik-tabancasi-ile-kendini-vurdu\\\/#primaryimage\"},\"thumbnailUrl\":\"https:\\\/\\\/memurunsesi.net\\\/wp-content\\\/uploads\\\/2025\\\/05\\\/AW458465_01.jpg\",\"datePublished\":\"2025-05-19T19:23:23+00:00\",\"breadcrumb\":{\"@id\":\"https:\\\/\\\/memurunsesi.net\\\/index.php\\\/2025\\\/05\\\/19\\\/aydinda-18-yasindaki-genc-babasinin-beylik-tabancasi-ile-kendini-vurdu\\\/#breadcrumb\"},\"inLanguage\":\"tr\",\"potentialAction\":[{\"@type\":\"ReadAction\",\"target\":[\"https:\\\/\\\/memurunsesi.net\\\/index.php\\\/2025\\\/05\\\/19\\\/aydinda-18-yasindaki-genc-babasinin-beylik-tabancasi-ile-kendini-vurdu\\\/\"]}]},{\"@type\":\"ImageObject\",\"inLanguage\":\"tr\",\"@id\":\"https:\\\/\\\/memurunsesi.net\\\/index.php\\\/2025\\\/05\\\/19\\\/aydinda-18-yasindaki-genc-babasinin-beylik-tabancasi-ile-kendini-vurdu\\\/#primaryimage\",\"url\":\"https:\\\/\\\/memurunsesi.net\\\/wp-content\\\/uploads\\\/2025\\\/05\\\/AW458465_01.jpg\",\"contentUrl\":\"https:\\\/\\\/memurunsesi.net\\\/wp-content\\\/uploads\\\/2025\\\/05\\\/AW458465_01.jpg\",\"width\":2048,\"height\":1536,\"caption\":\"AYDIN'IN EFELER \u0130L\u00c7ES\u0130NDE EMEKL\u0130 POL\u0130S\u0130N O\u011eLU TURGAY YILDIRIM (18), BABASININ BEYL\u0130K TABANCASI \u0130LE KEND\u0130N\u0130 VURDU. OLAYDA 18 YA\u015eINDAK\u0130 GENC\u0130N HAYATINI AYBETMES\u0130 HERKES\u0130 \u00dcZD\u00dc. (ABDURRAHMAN FIRAT\\\/AYDIN-\u0130HA) Ayd\u0131n'\u0131n Efeler il\u00e7esinde emekli polisin o\u011flu Turgay Y\u0131ld\u0131r\u0131m (18), babas\u0131n\u0131n beylik tabancas\u0131 ile kendini vurdu. Olayda 18 ya\u015f\u0131ndaki gencin hayat\u0131n\u0131 aybetmesi herkesi \u00fczd\u00fc.\"},{\"@type\":\"BreadcrumbList\",\"@id\":\"https:\\\/\\\/memurunsesi.net\\\/index.php\\\/2025\\\/05\\\/19\\\/aydinda-18-yasindaki-genc-babasinin-beylik-tabancasi-ile-kendini-vurdu\\\/#breadcrumb\",\"itemListElement\":[{\"@type\":\"ListItem\",\"position\":1,\"name\":\"Anasayfa\",\"item\":\"https:\\\/\\\/memurunsesi.net\\\/\"},{\"@type\":\"ListItem\",\"position\":2,\"name\":\"Ayd\u0131n&#8217;da 18 ya\u015f\u0131ndaki gen\u00e7 babas\u0131n\u0131n beylik tabancas\u0131 ile kendini vurdu\"}]},{\"@type\":\"WebSite\",\"@id\":\"https:\\\/\\\/memurunsesi.net\\\/#website\",\"url\":\"https:\\\/\\\/memurunsesi.net\\\/\",\"name\":\"Memurun Sesi\",\"description\":\"G\u00fcncel ve Do\u011fru Haber\",\"publisher\":{\"@id\":\"https:\\\/\\\/memurunsesi.net\\\/#organization\"},\"potentialAction\":[{\"@type\":\"SearchAction\",\"target\":{\"@type\":\"EntryPoint\",\"urlTemplate\":\"https:\\\/\\\/memurunsesi.net\\\/?s={search_term_string}\"},\"query-input\":{\"@type\":\"PropertyValueSpecification\",\"valueRequired\":true,\"valueName\":\"search_term_string\"}}],\"inLanguage\":\"tr\"},{\"@type\":\"Organization\",\"@id\":\"https:\\\/\\\/memurunsesi.net\\\/#organization\",\"name\":\"Memurun Sesi\",\"url\":\"https:\\\/\\\/memurunsesi.net\\\/\",\"logo\":{\"@type\":\"ImageObject\",\"inLanguage\":\"tr\",\"@id\":\"https:\\\/\\\/memurunsesi.net\\\/#\\\/schema\\\/logo\\\/image\\\/\",\"url\":\"https:\\\/\\\/memurunsesi.net\\\/wp-content\\\/uploads\\\/2025\\\/11\\\/cropped-MEMURUN-SESI.png\",\"contentUrl\":\"https:\\\/\\\/memurunsesi.net\\\/wp-content\\\/uploads\\\/2025\\\/11\\\/cropped-MEMURUN-SESI.png\",\"width\":238,\"height\":57,\"caption\":\"Memurun Sesi\"},\"image\":{\"@id\":\"https:\\\/\\\/memurunsesi.net\\\/#\\\/schema\\\/logo\\\/image\\\/\"},\"sameAs\":[\"https:\\\/\\\/www.facebook.com\\\/unipersen\\\/?locale=tr_TR\",\"https:\\\/\\\/x.com\\\/unipersen\"]},{\"@type\":\"Person\",\"@id\":\"https:\\\/\\\/memurunsesi.net\\\/#\\\/schema\\\/person\\\/f21c2d73b89f6ee1d80b0a1803e38587\",\"name\":\"Memurun Sesi Haber Merkezi\",\"image\":{\"@type\":\"ImageObject\",\"inLanguage\":\"tr\",\"@id\":\"https:\\\/\\\/secure.gravatar.com\\\/avatar\\\/6cf0505f452ee753f485014986fab09a434671d2b919ee76fc541025c5876a70?s=96&d=mm&r=g\",\"url\":\"https:\\\/\\\/secure.gravatar.com\\\/avatar\\\/6cf0505f452ee753f485014986fab09a434671d2b919ee76fc541025c5876a70?s=96&d=mm&r=g\",\"contentUrl\":\"https:\\\/\\\/secure.gravatar.com\\\/avatar\\\/6cf0505f452ee753f485014986fab09a434671d2b919ee76fc541025c5876a70?s=96&d=mm&r=g\",\"caption\":\"Memurun Sesi Haber Merkezi\"},\"sameAs\":[\"https:\\\/\\\/memurunsesi.net\"],\"url\":\"https:\\\/\\\/memurunsesi.net\\\/index.php\\\/author\\\/uniper\\\/\"}]}<\/script>\n<!-- \/ Yoast SEO plugin. -->","yoast_head_json":{"title":"Ayd\u0131n'da 18 ya\u015f\u0131ndaki gen\u00e7 babas\u0131n\u0131n beylik tabancas\u0131 ile kendini vurdu - Memurun Sesi","robots":{"index":"index","follow":"follow","max-snippet":"max-snippet:-1","max-image-preview":"max-image-preview:large","max-video-preview":"max-video-preview:-1"},"canonical":"https:\/\/memurunsesi.net\/index.php\/2025\/05\/19\/aydinda-18-yasindaki-genc-babasinin-beylik-tabancasi-ile-kendini-vurdu\/","og_locale":"tr_TR","og_type":"article","og_title":"Ayd\u0131n'da 18 ya\u015f\u0131ndaki gen\u00e7 babas\u0131n\u0131n beylik tabancas\u0131 ile kendini vurdu - Memurun Sesi","og_description":"Ayd\u0131n\u2019\u0131n Efeler il\u00e7esinde emekli polisin o\u011flu Turgay Y\u0131ld\u0131r\u0131m (18), babas\u0131n\u0131n beylik tabancas\u0131 ile kendini vurdu. Olayda 18 ya\u015f\u0131ndaki gencin hayat\u0131n\u0131 aybetmesi herkesi \u00fczd\u00fc. Olay, \u00c7e\u015ftepe Mahallesinde ya\u015fand\u0131. Babas\u0131 emekli polis olan Turgay Y\u0131ld\u0131r\u0131m, evde yaln\u0131z oldu\u011fy s\u0131rada babas\u0131na ait tabanca ile oynarken hen\u00fcz bilinmeyen bir nedenle kendini vurdu. Silah sesini duyanlar\u0131n ihbar\u0131 \u00fczerine olay yerine [&hellip;]","og_url":"https:\/\/memurunsesi.net\/index.php\/2025\/05\/19\/aydinda-18-yasindaki-genc-babasinin-beylik-tabancasi-ile-kendini-vurdu\/","og_site_name":"Memurun Sesi","article_publisher":"https:\/\/www.facebook.com\/unipersen\/?locale=tr_TR","article_published_time":"2025-05-19T19:23:23+00:00","og_image":[{"width":2048,"height":1536,"url":"https:\/\/memurunsesi.net\/wp-content\/uploads\/2025\/05\/AW458465_01.jpg","type":"image\/jpeg"}],"author":"Memurun Sesi Haber Merkezi","twitter_card":"summary_large_image","twitter_creator":"@unipersen","twitter_site":"@unipersen","twitter_misc":{"Yazan:":"Memurun Sesi Haber Merkezi","Tahmini okuma s\u00fcresi":"1 dakika"},"schema":{"@context":"https:\/\/schema.org","@graph":[{"@type":"Article","@id":"https:\/\/memurunsesi.net\/index.php\/2025\/05\/19\/aydinda-18-yasindaki-genc-babasinin-beylik-tabancasi-ile-kendini-vurdu\/#article","isPartOf":{"@id":"https:\/\/memurunsesi.net\/index.php\/2025\/05\/19\/aydinda-18-yasindaki-genc-babasinin-beylik-tabancasi-ile-kendini-vurdu\/"},"author":{"name":"Memurun Sesi Haber Merkezi","@id":"https:\/\/memurunsesi.net\/#\/schema\/person\/f21c2d73b89f6ee1d80b0a1803e38587"},"headline":"Ayd\u0131n&#8217;da 18 ya\u015f\u0131ndaki gen\u00e7 babas\u0131n\u0131n beylik tabancas\u0131 ile kendini vurdu","datePublished":"2025-05-19T19:23:23+00:00","mainEntityOfPage":{"@id":"https:\/\/memurunsesi.net\/index.php\/2025\/05\/19\/aydinda-18-yasindaki-genc-babasinin-beylik-tabancasi-ile-kendini-vurdu\/"},"wordCount":123,"commentCount":0,"publisher":{"@id":"https:\/\/memurunsesi.net\/#organization"},"image":{"@id":"https:\/\/memurunsesi.net\/index.php\/2025\/05\/19\/aydinda-18-yasindaki-genc-babasinin-beylik-tabancasi-ile-kendini-vurdu\/#primaryimage"},"thumbnailUrl":"https:\/\/memurunsesi.net\/wp-content\/uploads\/2025\/05\/AW458465_01.jpg","articleSection":["G\u00fcndem"],"inLanguage":"tr","potentialAction":[{"@type":"CommentAction","name":"Comment","target":["https:\/\/memurunsesi.net\/index.php\/2025\/05\/19\/aydinda-18-yasindaki-genc-babasinin-beylik-tabancasi-ile-kendini-vurdu\/#respond"]}]},{"@type":"WebPage","@id":"https:\/\/memurunsesi.net\/index.php\/2025\/05\/19\/aydinda-18-yasindaki-genc-babasinin-beylik-tabancasi-ile-kendini-vurdu\/","url":"https:\/\/memurunsesi.net\/index.php\/2025\/05\/19\/aydinda-18-yasindaki-genc-babasinin-beylik-tabancasi-ile-kendini-vurdu\/","name":"Ayd\u0131n'da 18 ya\u015f\u0131ndaki gen\u00e7 babas\u0131n\u0131n beylik tabancas\u0131 ile kendini vurdu - Memurun Sesi","isPartOf":{"@id":"https:\/\/memurunsesi.net\/#website"},"primaryImageOfPage":{"@id":"https:\/\/memurunsesi.net\/index.php\/2025\/05\/19\/aydinda-18-yasindaki-genc-babasinin-beylik-tabancasi-ile-kendini-vurdu\/#primaryimage"},"image":{"@id":"https:\/\/memurunsesi.net\/index.php\/2025\/05\/19\/aydinda-18-yasindaki-genc-babasinin-beylik-tabancasi-ile-kendini-vurdu\/#primaryimage"},"thumbnailUrl":"https:\/\/memurunsesi.net\/wp-content\/uploads\/2025\/05\/AW458465_01.jpg","datePublished":"2025-05-19T19:23:23+00:00","breadcrumb":{"@id":"https:\/\/memurunsesi.net\/index.php\/2025\/05\/19\/aydinda-18-yasindaki-genc-babasinin-beylik-tabancasi-ile-kendini-vurdu\/#breadcrumb"},"inLanguage":"tr","potentialAction":[{"@type":"ReadAction","target":["https:\/\/memurunsesi.net\/index.php\/2025\/05\/19\/aydinda-18-yasindaki-genc-babasinin-beylik-tabancasi-ile-kendini-vurdu\/"]}]},{"@type":"ImageObject","inLanguage":"tr","@id":"https:\/\/memurunsesi.net\/index.php\/2025\/05\/19\/aydinda-18-yasindaki-genc-babasinin-beylik-tabancasi-ile-kendini-vurdu\/#primaryimage","url":"https:\/\/memurunsesi.net\/wp-content\/uploads\/2025\/05\/AW458465_01.jpg","contentUrl":"https:\/\/memurunsesi.net\/wp-content\/uploads\/2025\/05\/AW458465_01.jpg","width":2048,"height":1536,"caption":"AYDIN'IN EFELER \u0130L\u00c7ES\u0130NDE EMEKL\u0130 POL\u0130S\u0130N O\u011eLU TURGAY YILDIRIM (18), BABASININ BEYL\u0130K TABANCASI \u0130LE KEND\u0130N\u0130 VURDU. OLAYDA 18 YA\u015eINDAK\u0130 GENC\u0130N HAYATINI AYBETMES\u0130 HERKES\u0130 \u00dcZD\u00dc. (ABDURRAHMAN FIRAT\/AYDIN-\u0130HA) Ayd\u0131n'\u0131n Efeler il\u00e7esinde emekli polisin o\u011flu Turgay Y\u0131ld\u0131r\u0131m (18), babas\u0131n\u0131n beylik tabancas\u0131 ile kendini vurdu. Olayda 18 ya\u015f\u0131ndaki gencin hayat\u0131n\u0131 aybetmesi herkesi \u00fczd\u00fc."},{"@type":"BreadcrumbList","@id":"https:\/\/memurunsesi.net\/index.php\/2025\/05\/19\/aydinda-18-yasindaki-genc-babasinin-beylik-tabancasi-ile-kendini-vurdu\/#breadcrumb","itemListElement":[{"@type":"ListItem","position":1,"name":"Anasayfa","item":"https:\/\/memurunsesi.net\/"},{"@type":"ListItem","position":2,"name":"Ayd\u0131n&#8217;da 18 ya\u015f\u0131ndaki gen\u00e7 babas\u0131n\u0131n beylik tabancas\u0131 ile kendini vurdu"}]},{"@type":"WebSite","@id":"https:\/\/memurunsesi.net\/#website","url":"https:\/\/memurunsesi.net\/","name":"Memurun Sesi","description":"G\u00fcncel ve Do\u011fru Haber","publisher":{"@id":"https:\/\/memurunsesi.net\/#organization"},"potentialAction":[{"@type":"SearchAction","target":{"@type":"EntryPoint","urlTemplate":"https:\/\/memurunsesi.net\/?s={search_term_string}"},"query-input":{"@type":"PropertyValueSpecification","valueRequired":true,"valueName":"search_term_string"}}],"inLanguage":"tr"},{"@type":"Organization","@id":"https:\/\/memurunsesi.net\/#organization","name":"Memurun Sesi","url":"https:\/\/memurunsesi.net\/","logo":{"@type":"ImageObject","inLanguage":"tr","@id":"https:\/\/memurunsesi.net\/#\/schema\/logo\/image\/","url":"https:\/\/memurunsesi.net\/wp-content\/uploads\/2025\/11\/cropped-MEMURUN-SESI.png","contentUrl":"https:\/\/memurunsesi.net\/wp-content\/uploads\/2025\/11\/cropped-MEMURUN-SESI.png","width":238,"height":57,"caption":"Memurun Sesi"},"image":{"@id":"https:\/\/memurunsesi.net\/#\/schema\/logo\/image\/"},"sameAs":["https:\/\/www.facebook.com\/unipersen\/?locale=tr_TR","https:\/\/x.com\/unipersen"]},{"@type":"Person","@id":"https:\/\/memurunsesi.net\/#\/schema\/person\/f21c2d73b89f6ee1d80b0a1803e38587","name":"Memurun Sesi Haber Merkezi","image":{"@type":"ImageObject","inLanguage":"tr","@id":"https:\/\/secure.gravatar.com\/avatar\/6cf0505f452ee753f485014986fab09a434671d2b919ee76fc541025c5876a70?s=96&d=mm&r=g","url":"https:\/\/secure.gravatar.com\/avatar\/6cf0505f452ee753f485014986fab09a434671d2b919ee76fc541025c5876a70?s=96&d=mm&r=g","contentUrl":"https:\/\/secure.gravatar.com\/avatar\/6cf0505f452ee753f485014986fab09a434671d2b919ee76fc541025c5876a70?s=96&d=mm&r=g","caption":"Memurun Sesi Haber Merkezi"},"sameAs":["https:\/\/memurunsesi.net"],"url":"https:\/\/memurunsesi.net\/index.php\/author\/uniper\/"}]}},"_links":{"self":[{"href":"https:\/\/memurunsesi.net\/index.php\/wp-json\/wp\/v2\/posts\/7026","targetHints":{"allow":["GET"]}}],"collection":[{"href":"https:\/\/memurunsesi.net\/index.php\/wp-json\/wp\/v2\/posts"}],"about":[{"href":"https:\/\/memurunsesi.net\/index.php\/wp-json\/wp\/v2\/types\/post"}],"author":[{"embeddable":true,"href":"https:\/\/memurunsesi.net\/index.php\/wp-json\/wp\/v2\/users\/1"}],"replies":[{"embeddable":true,"href":"https:\/\/memurunsesi.net\/index.php\/wp-json\/wp\/v2\/comments?post=7026"}],"version-history":[{"count":1,"href":"https:\/\/memurunsesi.net\/index.php\/wp-json\/wp\/v2\/posts\/7026\/revisions"}],"predecessor-version":[{"id":7028,"href":"https:\/\/memurunsesi.net\/index.php\/wp-json\/wp\/v2\/posts\/7026\/revisions\/7028"}],"wp:featuredmedia":[{"embeddable":true,"href":"https:\/\/memurunsesi.net\/index.php\/wp-json\/wp\/v2\/media\/7027"}],"wp:attachment":[{"href":"https:\/\/memurunsesi.net\/index.php\/wp-json\/wp\/v2\/media?parent=7026"}],"wp:term":[{"taxonomy":"category","embeddable":true,"href":"https:\/\/memurunsesi.net\/index.php\/wp-json\/wp\/v2\/categories?post=7026"},{"taxonomy":"post_tag","embeddable":true,"href":"https:\/\/memurunsesi.net\/index.php\/wp-json\/wp\/v2\/tags?post=7026"}],"curies":[{"name":"wp","href":"https:\/\/api.w.org\/{rel}","templated":true}]}}