{"id":7029,"date":"2025-05-19T22:26:08","date_gmt":"2025-05-19T19:26:08","guid":{"rendered":"https:\/\/memurunsesi.net\/?p=7029"},"modified":"2025-05-19T22:26:08","modified_gmt":"2025-05-19T19:26:08","slug":"igdir-da-yangin-cikan-yurttaki-ogrencilerden-tepki-yangin-tupu-alarm-yok","status":"publish","type":"post","link":"https:\/\/memurunsesi.net\/index.php\/2025\/05\/19\/igdir-da-yangin-cikan-yurttaki-ogrencilerden-tepki-yangin-tupu-alarm-yok\/","title":{"rendered":"I\u011eDIR da Yang\u0131n \u00e7\u0131kan yurttaki \u00f6\u011frencilerden tepki: &#8220;Yang\u0131n t\u00fcp\u00fc, alarm yok"},"content":{"rendered":"\n<p> I\u011fd\u0131r&#8217;da GSB S\u00fcreyya S\u00fcl\u00fcn Han\u0131m K\u0131z \u00d6\u011frenci Yurdu&#8217;nun \u00e7at\u0131 kat\u0131nda \u00e7\u0131kan yang\u0131n s\u00f6nd\u00fcr\u00fcld\u00fc. Yurtta kalan \u00f6\u011frenciler ise duruma isyan etti.<br \/>\n  I\u011fd\u0131r merkez \u0130rfan Caddesi&#8217;ndeki GSB S\u00fcreyya S\u00fcl\u00fcn Han\u0131m K\u0131z \u00d6\u011frenci Yurdu&#8217;nun \u00e7at\u0131 kat\u0131nda bak\u0131m-onar\u0131m \u00e7al\u0131\u015fmalar\u0131 s\u0131ras\u0131nda yap\u0131lan kaynak i\u015fleminden dolay\u0131 yang\u0131n \u00e7\u0131kt\u0131. Yang\u0131n k\u0131sa s\u00fcrede b\u00fcy\u00fcrken, g\u00f6revlilerin uyar\u0131s\u0131yla \u00f6\u011frenciler yurdu bo\u015faltt\u0131. \u0130hbar \u00fczerine olay yerine itfaiye, polis ve sa\u011fl\u0131k ekipleri sevk edildi. R\u00fczgar\u0131n etkisi ile b\u00fcy\u00fcyen yang\u0131n, Emniyet M\u00fcd\u00fcrl\u00fc\u011f\u00fc&#8217;n\u00fcn toplumsal olaylarda kulland\u0131\u011f\u0131 3 TOMA, \u015fehirdeki beton firmalar\u0131n\u0131n kulland\u0131\u011f\u0131 beton d\u00f6k\u00fcm ara\u00e7lar\u0131 ve itfaiye ekiplerinin yang\u0131na m\u00fcdahale etmesi ile s\u00f6nd\u00fcr\u00fcld\u00fc.<br \/>\n  So\u011futma \u00e7al\u0131\u015fmas\u0131 yap\u0131ld\u0131\u011f\u0131 s\u0131rada olay yerine gelen I\u011fd\u0131r Gen\u00e7lik ve Spor \u0130l M\u00fcd\u00fcr\u00fc Recai \u015eahin&#8217;e \u00f6\u011frenciler tepki g\u00f6sterdi. \u00d6\u011frenciler yurtta alarm ve yang\u0131n t\u00fcp\u00fcn\u00fcn olmad\u0131\u011f\u0131n\u0131, kendilerini yurttaki g\u00f6revlilerin sesli olarak uyard\u0131\u011f\u0131n\u0131 ifade ettiler. Baz\u0131 \u00f6\u011frenciler sinir krizi ge\u00e7irirken, \u0130l M\u00fcd\u00fcr\u00fc \u015eahin duruma tepki g\u00f6steren \u00f6\u011frencileri azarlad\u0131.<br \/>\n  I\u011fd\u0131r Valili\u011fi, yang\u0131nla ilgili idari soru\u015fturma ba\u015flatt\u0131.<br \/>\n <div style=\"width: 512px;\" class=\"wp-video\"><video class=\"wp-video-shortcode\" id=\"video-7029-1\" width=\"512\" height=\"288\" preload=\"metadata\" controls=\"controls\"><source type=\"video\/mp4\" src=\"https:\/\/memurunsesi.net\/wp-content\/uploads\/2025\/05\/733B73C0-D647-42AB-9FA1-07EB4DD24FE8-1.mp4?_=1\" \/><a href=\"https:\/\/memurunsesi.net\/wp-content\/uploads\/2025\/05\/733B73C0-D647-42AB-9FA1-07EB4DD24FE8-1.mp4\">https:\/\/memurunsesi.net\/wp-content\/uploads\/2025\/05\/733B73C0-D647-42AB-9FA1-07EB4DD24FE8-1.mp4<\/a><\/video><\/div>                                         <\/p>\n","protected":false},"excerpt":{"rendered":"<p>I\u011fd\u0131r&#8217;da GSB S\u00fcreyya S\u00fcl\u00fcn Han\u0131m K\u0131z \u00d6\u011frenci Yurdu&#8217;nun \u00e7at\u0131 kat\u0131nda \u00e7\u0131kan yang\u0131n s\u00f6nd\u00fcr\u00fcld\u00fc. Yurtta kalan \u00f6\u011frenciler ise duruma isyan etti. I\u011fd\u0131r merkez \u0130rfan Caddesi&#8217;ndeki GSB S\u00fcreyya S\u00fcl\u00fcn Han\u0131m K\u0131z \u00d6\u011frenci Yurdu&#8217;nun \u00e7at\u0131 kat\u0131nda bak\u0131m-onar\u0131m \u00e7al\u0131\u015fmalar\u0131 s\u0131ras\u0131nda yap\u0131lan kaynak i\u015fleminden dolay\u0131 yang\u0131n \u00e7\u0131kt\u0131. Yang\u0131n k\u0131sa s\u00fcrede b\u00fcy\u00fcrken, g\u00f6revlilerin uyar\u0131s\u0131yla \u00f6\u011frenciler yurdu bo\u015faltt\u0131. \u0130hbar \u00fczerine olay yerine [&hellip;]<\/p>\n","protected":false},"author":1,"featured_media":0,"comment_status":"open","ping_status":"open","sticky":false,"template":"","format":"standard","meta":{"footnotes":""},"categories":[50],"tags":[],"class_list":["post-7029","post","type-post","status-publish","format-standard","hentry","category-tum-haberler"],"yoast_head":"<!-- This site is optimized with the Yoast SEO plugin v27.4 - https:\/\/yoast.com\/product\/yoast-seo-wordpress\/ -->\n<title>I\u011eDIR da Yang\u0131n \u00e7\u0131kan yurttaki \u00f6\u011frencilerden tepki: &quot;Yang\u0131n t\u00fcp\u00fc, alarm yok - Memurun Sesi<\/title>\n<meta name=\"robots\" content=\"index, follow, max-snippet:-1, max-image-preview:large, max-video-preview:-1\" \/>\n<link rel=\"canonical\" href=\"https:\/\/memurunsesi.net\/index.php\/2025\/05\/19\/igdir-da-yangin-cikan-yurttaki-ogrencilerden-tepki-yangin-tupu-alarm-yok\/\" \/>\n<meta property=\"og:locale\" content=\"tr_TR\" \/>\n<meta property=\"og:type\" content=\"article\" \/>\n<meta property=\"og:title\" content=\"I\u011eDIR da Yang\u0131n \u00e7\u0131kan yurttaki \u00f6\u011frencilerden tepki: &quot;Yang\u0131n t\u00fcp\u00fc, alarm yok - Memurun Sesi\" \/>\n<meta property=\"og:description\" content=\"I\u011fd\u0131r&#8217;da GSB S\u00fcreyya S\u00fcl\u00fcn Han\u0131m K\u0131z \u00d6\u011frenci Yurdu&#8217;nun \u00e7at\u0131 kat\u0131nda \u00e7\u0131kan yang\u0131n s\u00f6nd\u00fcr\u00fcld\u00fc. Yurtta kalan \u00f6\u011frenciler ise duruma isyan etti. I\u011fd\u0131r merkez \u0130rfan Caddesi&#8217;ndeki GSB S\u00fcreyya S\u00fcl\u00fcn Han\u0131m K\u0131z \u00d6\u011frenci Yurdu&#8217;nun \u00e7at\u0131 kat\u0131nda bak\u0131m-onar\u0131m \u00e7al\u0131\u015fmalar\u0131 s\u0131ras\u0131nda yap\u0131lan kaynak i\u015fleminden dolay\u0131 yang\u0131n \u00e7\u0131kt\u0131. Yang\u0131n k\u0131sa s\u00fcrede b\u00fcy\u00fcrken, g\u00f6revlilerin uyar\u0131s\u0131yla \u00f6\u011frenciler yurdu bo\u015faltt\u0131. \u0130hbar \u00fczerine olay yerine [&hellip;]\" \/>\n<meta property=\"og:url\" content=\"https:\/\/memurunsesi.net\/index.php\/2025\/05\/19\/igdir-da-yangin-cikan-yurttaki-ogrencilerden-tepki-yangin-tupu-alarm-yok\/\" \/>\n<meta property=\"og:site_name\" content=\"Memurun Sesi\" \/>\n<meta property=\"article:publisher\" content=\"https:\/\/www.facebook.com\/unipersen\/?locale=tr_TR\" \/>\n<meta property=\"article:published_time\" content=\"2025-05-19T19:26:08+00:00\" \/>\n<meta name=\"author\" content=\"Memurun Sesi Haber Merkezi\" \/>\n<meta name=\"twitter:card\" content=\"summary_large_image\" \/>\n<meta name=\"twitter:creator\" content=\"@unipersen\" \/>\n<meta name=\"twitter:site\" content=\"@unipersen\" \/>\n<meta name=\"twitter:label1\" content=\"Yazan:\" \/>\n\t<meta name=\"twitter:data1\" content=\"Memurun Sesi Haber Merkezi\" \/>\n<script type=\"application\/ld+json\" class=\"yoast-schema-graph\">{\"@context\":\"https:\\\/\\\/schema.org\",\"@graph\":[{\"@type\":\"Article\",\"@id\":\"https:\\\/\\\/memurunsesi.net\\\/index.php\\\/2025\\\/05\\\/19\\\/igdir-da-yangin-cikan-yurttaki-ogrencilerden-tepki-yangin-tupu-alarm-yok\\\/#article\",\"isPartOf\":{\"@id\":\"https:\\\/\\\/memurunsesi.net\\\/index.php\\\/2025\\\/05\\\/19\\\/igdir-da-yangin-cikan-yurttaki-ogrencilerden-tepki-yangin-tupu-alarm-yok\\\/\"},\"author\":{\"name\":\"Memurun Sesi Haber Merkezi\",\"@id\":\"https:\\\/\\\/memurunsesi.net\\\/#\\\/schema\\\/person\\\/f21c2d73b89f6ee1d80b0a1803e38587\"},\"headline\":\"I\u011eDIR da Yang\u0131n \u00e7\u0131kan yurttaki \u00f6\u011frencilerden tepki: &#8220;Yang\u0131n t\u00fcp\u00fc, alarm yok\",\"datePublished\":\"2025-05-19T19:26:08+00:00\",\"mainEntityOfPage\":{\"@id\":\"https:\\\/\\\/memurunsesi.net\\\/index.php\\\/2025\\\/05\\\/19\\\/igdir-da-yangin-cikan-yurttaki-ogrencilerden-tepki-yangin-tupu-alarm-yok\\\/\"},\"wordCount\":268,\"commentCount\":0,\"publisher\":{\"@id\":\"https:\\\/\\\/memurunsesi.net\\\/#organization\"},\"articleSection\":[\"T\u00fcm Haberler\"],\"inLanguage\":\"tr\",\"potentialAction\":[{\"@type\":\"CommentAction\",\"name\":\"Comment\",\"target\":[\"https:\\\/\\\/memurunsesi.net\\\/index.php\\\/2025\\\/05\\\/19\\\/igdir-da-yangin-cikan-yurttaki-ogrencilerden-tepki-yangin-tupu-alarm-yok\\\/#respond\"]}]},{\"@type\":\"WebPage\",\"@id\":\"https:\\\/\\\/memurunsesi.net\\\/index.php\\\/2025\\\/05\\\/19\\\/igdir-da-yangin-cikan-yurttaki-ogrencilerden-tepki-yangin-tupu-alarm-yok\\\/\",\"url\":\"https:\\\/\\\/memurunsesi.net\\\/index.php\\\/2025\\\/05\\\/19\\\/igdir-da-yangin-cikan-yurttaki-ogrencilerden-tepki-yangin-tupu-alarm-yok\\\/\",\"name\":\"I\u011eDIR da Yang\u0131n \u00e7\u0131kan yurttaki \u00f6\u011frencilerden tepki: \\\"Yang\u0131n t\u00fcp\u00fc, alarm yok - Memurun Sesi\",\"isPartOf\":{\"@id\":\"https:\\\/\\\/memurunsesi.net\\\/#website\"},\"datePublished\":\"2025-05-19T19:26:08+00:00\",\"breadcrumb\":{\"@id\":\"https:\\\/\\\/memurunsesi.net\\\/index.php\\\/2025\\\/05\\\/19\\\/igdir-da-yangin-cikan-yurttaki-ogrencilerden-tepki-yangin-tupu-alarm-yok\\\/#breadcrumb\"},\"inLanguage\":\"tr\",\"potentialAction\":[{\"@type\":\"ReadAction\",\"target\":[\"https:\\\/\\\/memurunsesi.net\\\/index.php\\\/2025\\\/05\\\/19\\\/igdir-da-yangin-cikan-yurttaki-ogrencilerden-tepki-yangin-tupu-alarm-yok\\\/\"]}]},{\"@type\":\"BreadcrumbList\",\"@id\":\"https:\\\/\\\/memurunsesi.net\\\/index.php\\\/2025\\\/05\\\/19\\\/igdir-da-yangin-cikan-yurttaki-ogrencilerden-tepki-yangin-tupu-alarm-yok\\\/#breadcrumb\",\"itemListElement\":[{\"@type\":\"ListItem\",\"position\":1,\"name\":\"Anasayfa\",\"item\":\"https:\\\/\\\/memurunsesi.net\\\/\"},{\"@type\":\"ListItem\",\"position\":2,\"name\":\"I\u011eDIR da Yang\u0131n \u00e7\u0131kan yurttaki \u00f6\u011frencilerden tepki: &#8220;Yang\u0131n t\u00fcp\u00fc, alarm yok\"}]},{\"@type\":\"WebSite\",\"@id\":\"https:\\\/\\\/memurunsesi.net\\\/#website\",\"url\":\"https:\\\/\\\/memurunsesi.net\\\/\",\"name\":\"Memurun Sesi\",\"description\":\"G\u00fcncel ve Do\u011fru Haber\",\"publisher\":{\"@id\":\"https:\\\/\\\/memurunsesi.net\\\/#organization\"},\"potentialAction\":[{\"@type\":\"SearchAction\",\"target\":{\"@type\":\"EntryPoint\",\"urlTemplate\":\"https:\\\/\\\/memurunsesi.net\\\/?s={search_term_string}\"},\"query-input\":{\"@type\":\"PropertyValueSpecification\",\"valueRequired\":true,\"valueName\":\"search_term_string\"}}],\"inLanguage\":\"tr\"},{\"@type\":\"Organization\",\"@id\":\"https:\\\/\\\/memurunsesi.net\\\/#organization\",\"name\":\"Memurun Sesi\",\"url\":\"https:\\\/\\\/memurunsesi.net\\\/\",\"logo\":{\"@type\":\"ImageObject\",\"inLanguage\":\"tr\",\"@id\":\"https:\\\/\\\/memurunsesi.net\\\/#\\\/schema\\\/logo\\\/image\\\/\",\"url\":\"https:\\\/\\\/memurunsesi.net\\\/wp-content\\\/uploads\\\/2025\\\/11\\\/cropped-MEMURUN-SESI.png\",\"contentUrl\":\"https:\\\/\\\/memurunsesi.net\\\/wp-content\\\/uploads\\\/2025\\\/11\\\/cropped-MEMURUN-SESI.png\",\"width\":238,\"height\":57,\"caption\":\"Memurun Sesi\"},\"image\":{\"@id\":\"https:\\\/\\\/memurunsesi.net\\\/#\\\/schema\\\/logo\\\/image\\\/\"},\"sameAs\":[\"https:\\\/\\\/www.facebook.com\\\/unipersen\\\/?locale=tr_TR\",\"https:\\\/\\\/x.com\\\/unipersen\"]},{\"@type\":\"Person\",\"@id\":\"https:\\\/\\\/memurunsesi.net\\\/#\\\/schema\\\/person\\\/f21c2d73b89f6ee1d80b0a1803e38587\",\"name\":\"Memurun Sesi Haber Merkezi\",\"image\":{\"@type\":\"ImageObject\",\"inLanguage\":\"tr\",\"@id\":\"https:\\\/\\\/secure.gravatar.com\\\/avatar\\\/6cf0505f452ee753f485014986fab09a434671d2b919ee76fc541025c5876a70?s=96&d=mm&r=g\",\"url\":\"https:\\\/\\\/secure.gravatar.com\\\/avatar\\\/6cf0505f452ee753f485014986fab09a434671d2b919ee76fc541025c5876a70?s=96&d=mm&r=g\",\"contentUrl\":\"https:\\\/\\\/secure.gravatar.com\\\/avatar\\\/6cf0505f452ee753f485014986fab09a434671d2b919ee76fc541025c5876a70?s=96&d=mm&r=g\",\"caption\":\"Memurun Sesi Haber Merkezi\"},\"sameAs\":[\"https:\\\/\\\/memurunsesi.net\"],\"url\":\"https:\\\/\\\/memurunsesi.net\\\/index.php\\\/author\\\/uniper\\\/\"}]}<\/script>\n<!-- \/ Yoast SEO plugin. -->","yoast_head_json":{"title":"I\u011eDIR da Yang\u0131n \u00e7\u0131kan yurttaki \u00f6\u011frencilerden tepki: \"Yang\u0131n t\u00fcp\u00fc, alarm yok - Memurun Sesi","robots":{"index":"index","follow":"follow","max-snippet":"max-snippet:-1","max-image-preview":"max-image-preview:large","max-video-preview":"max-video-preview:-1"},"canonical":"https:\/\/memurunsesi.net\/index.php\/2025\/05\/19\/igdir-da-yangin-cikan-yurttaki-ogrencilerden-tepki-yangin-tupu-alarm-yok\/","og_locale":"tr_TR","og_type":"article","og_title":"I\u011eDIR da Yang\u0131n \u00e7\u0131kan yurttaki \u00f6\u011frencilerden tepki: \"Yang\u0131n t\u00fcp\u00fc, alarm yok - Memurun Sesi","og_description":"I\u011fd\u0131r&#8217;da GSB S\u00fcreyya S\u00fcl\u00fcn Han\u0131m K\u0131z \u00d6\u011frenci Yurdu&#8217;nun \u00e7at\u0131 kat\u0131nda \u00e7\u0131kan yang\u0131n s\u00f6nd\u00fcr\u00fcld\u00fc. Yurtta kalan \u00f6\u011frenciler ise duruma isyan etti. I\u011fd\u0131r merkez \u0130rfan Caddesi&#8217;ndeki GSB S\u00fcreyya S\u00fcl\u00fcn Han\u0131m K\u0131z \u00d6\u011frenci Yurdu&#8217;nun \u00e7at\u0131 kat\u0131nda bak\u0131m-onar\u0131m \u00e7al\u0131\u015fmalar\u0131 s\u0131ras\u0131nda yap\u0131lan kaynak i\u015fleminden dolay\u0131 yang\u0131n \u00e7\u0131kt\u0131. Yang\u0131n k\u0131sa s\u00fcrede b\u00fcy\u00fcrken, g\u00f6revlilerin uyar\u0131s\u0131yla \u00f6\u011frenciler yurdu bo\u015faltt\u0131. \u0130hbar \u00fczerine olay yerine [&hellip;]","og_url":"https:\/\/memurunsesi.net\/index.php\/2025\/05\/19\/igdir-da-yangin-cikan-yurttaki-ogrencilerden-tepki-yangin-tupu-alarm-yok\/","og_site_name":"Memurun Sesi","article_publisher":"https:\/\/www.facebook.com\/unipersen\/?locale=tr_TR","article_published_time":"2025-05-19T19:26:08+00:00","author":"Memurun Sesi Haber Merkezi","twitter_card":"summary_large_image","twitter_creator":"@unipersen","twitter_site":"@unipersen","twitter_misc":{"Yazan:":"Memurun Sesi Haber Merkezi"},"schema":{"@context":"https:\/\/schema.org","@graph":[{"@type":"Article","@id":"https:\/\/memurunsesi.net\/index.php\/2025\/05\/19\/igdir-da-yangin-cikan-yurttaki-ogrencilerden-tepki-yangin-tupu-alarm-yok\/#article","isPartOf":{"@id":"https:\/\/memurunsesi.net\/index.php\/2025\/05\/19\/igdir-da-yangin-cikan-yurttaki-ogrencilerden-tepki-yangin-tupu-alarm-yok\/"},"author":{"name":"Memurun Sesi Haber Merkezi","@id":"https:\/\/memurunsesi.net\/#\/schema\/person\/f21c2d73b89f6ee1d80b0a1803e38587"},"headline":"I\u011eDIR da Yang\u0131n \u00e7\u0131kan yurttaki \u00f6\u011frencilerden tepki: &#8220;Yang\u0131n t\u00fcp\u00fc, alarm yok","datePublished":"2025-05-19T19:26:08+00:00","mainEntityOfPage":{"@id":"https:\/\/memurunsesi.net\/index.php\/2025\/05\/19\/igdir-da-yangin-cikan-yurttaki-ogrencilerden-tepki-yangin-tupu-alarm-yok\/"},"wordCount":268,"commentCount":0,"publisher":{"@id":"https:\/\/memurunsesi.net\/#organization"},"articleSection":["T\u00fcm Haberler"],"inLanguage":"tr","potentialAction":[{"@type":"CommentAction","name":"Comment","target":["https:\/\/memurunsesi.net\/index.php\/2025\/05\/19\/igdir-da-yangin-cikan-yurttaki-ogrencilerden-tepki-yangin-tupu-alarm-yok\/#respond"]}]},{"@type":"WebPage","@id":"https:\/\/memurunsesi.net\/index.php\/2025\/05\/19\/igdir-da-yangin-cikan-yurttaki-ogrencilerden-tepki-yangin-tupu-alarm-yok\/","url":"https:\/\/memurunsesi.net\/index.php\/2025\/05\/19\/igdir-da-yangin-cikan-yurttaki-ogrencilerden-tepki-yangin-tupu-alarm-yok\/","name":"I\u011eDIR da Yang\u0131n \u00e7\u0131kan yurttaki \u00f6\u011frencilerden tepki: \"Yang\u0131n t\u00fcp\u00fc, alarm yok - Memurun Sesi","isPartOf":{"@id":"https:\/\/memurunsesi.net\/#website"},"datePublished":"2025-05-19T19:26:08+00:00","breadcrumb":{"@id":"https:\/\/memurunsesi.net\/index.php\/2025\/05\/19\/igdir-da-yangin-cikan-yurttaki-ogrencilerden-tepki-yangin-tupu-alarm-yok\/#breadcrumb"},"inLanguage":"tr","potentialAction":[{"@type":"ReadAction","target":["https:\/\/memurunsesi.net\/index.php\/2025\/05\/19\/igdir-da-yangin-cikan-yurttaki-ogrencilerden-tepki-yangin-tupu-alarm-yok\/"]}]},{"@type":"BreadcrumbList","@id":"https:\/\/memurunsesi.net\/index.php\/2025\/05\/19\/igdir-da-yangin-cikan-yurttaki-ogrencilerden-tepki-yangin-tupu-alarm-yok\/#breadcrumb","itemListElement":[{"@type":"ListItem","position":1,"name":"Anasayfa","item":"https:\/\/memurunsesi.net\/"},{"@type":"ListItem","position":2,"name":"I\u011eDIR da Yang\u0131n \u00e7\u0131kan yurttaki \u00f6\u011frencilerden tepki: &#8220;Yang\u0131n t\u00fcp\u00fc, alarm yok"}]},{"@type":"WebSite","@id":"https:\/\/memurunsesi.net\/#website","url":"https:\/\/memurunsesi.net\/","name":"Memurun Sesi","description":"G\u00fcncel ve Do\u011fru Haber","publisher":{"@id":"https:\/\/memurunsesi.net\/#organization"},"potentialAction":[{"@type":"SearchAction","target":{"@type":"EntryPoint","urlTemplate":"https:\/\/memurunsesi.net\/?s={search_term_string}"},"query-input":{"@type":"PropertyValueSpecification","valueRequired":true,"valueName":"search_term_string"}}],"inLanguage":"tr"},{"@type":"Organization","@id":"https:\/\/memurunsesi.net\/#organization","name":"Memurun Sesi","url":"https:\/\/memurunsesi.net\/","logo":{"@type":"ImageObject","inLanguage":"tr","@id":"https:\/\/memurunsesi.net\/#\/schema\/logo\/image\/","url":"https:\/\/memurunsesi.net\/wp-content\/uploads\/2025\/11\/cropped-MEMURUN-SESI.png","contentUrl":"https:\/\/memurunsesi.net\/wp-content\/uploads\/2025\/11\/cropped-MEMURUN-SESI.png","width":238,"height":57,"caption":"Memurun Sesi"},"image":{"@id":"https:\/\/memurunsesi.net\/#\/schema\/logo\/image\/"},"sameAs":["https:\/\/www.facebook.com\/unipersen\/?locale=tr_TR","https:\/\/x.com\/unipersen"]},{"@type":"Person","@id":"https:\/\/memurunsesi.net\/#\/schema\/person\/f21c2d73b89f6ee1d80b0a1803e38587","name":"Memurun Sesi Haber Merkezi","image":{"@type":"ImageObject","inLanguage":"tr","@id":"https:\/\/secure.gravatar.com\/avatar\/6cf0505f452ee753f485014986fab09a434671d2b919ee76fc541025c5876a70?s=96&d=mm&r=g","url":"https:\/\/secure.gravatar.com\/avatar\/6cf0505f452ee753f485014986fab09a434671d2b919ee76fc541025c5876a70?s=96&d=mm&r=g","contentUrl":"https:\/\/secure.gravatar.com\/avatar\/6cf0505f452ee753f485014986fab09a434671d2b919ee76fc541025c5876a70?s=96&d=mm&r=g","caption":"Memurun Sesi Haber Merkezi"},"sameAs":["https:\/\/memurunsesi.net"],"url":"https:\/\/memurunsesi.net\/index.php\/author\/uniper\/"}]}},"_links":{"self":[{"href":"https:\/\/memurunsesi.net\/index.php\/wp-json\/wp\/v2\/posts\/7029","targetHints":{"allow":["GET"]}}],"collection":[{"href":"https:\/\/memurunsesi.net\/index.php\/wp-json\/wp\/v2\/posts"}],"about":[{"href":"https:\/\/memurunsesi.net\/index.php\/wp-json\/wp\/v2\/types\/post"}],"author":[{"embeddable":true,"href":"https:\/\/memurunsesi.net\/index.php\/wp-json\/wp\/v2\/users\/1"}],"replies":[{"embeddable":true,"href":"https:\/\/memurunsesi.net\/index.php\/wp-json\/wp\/v2\/comments?post=7029"}],"version-history":[{"count":1,"href":"https:\/\/memurunsesi.net\/index.php\/wp-json\/wp\/v2\/posts\/7029\/revisions"}],"predecessor-version":[{"id":7032,"href":"https:\/\/memurunsesi.net\/index.php\/wp-json\/wp\/v2\/posts\/7029\/revisions\/7032"}],"wp:attachment":[{"href":"https:\/\/memurunsesi.net\/index.php\/wp-json\/wp\/v2\/media?parent=7029"}],"wp:term":[{"taxonomy":"category","embeddable":true,"href":"https:\/\/memurunsesi.net\/index.php\/wp-json\/wp\/v2\/categories?post=7029"},{"taxonomy":"post_tag","embeddable":true,"href":"https:\/\/memurunsesi.net\/index.php\/wp-json\/wp\/v2\/tags?post=7029"}],"curies":[{"name":"wp","href":"https:\/\/api.w.org\/{rel}","templated":true}]}}