{"id":7033,"date":"2025-05-19T22:28:02","date_gmt":"2025-05-19T19:28:02","guid":{"rendered":"https:\/\/memurunsesi.net\/?p=7033"},"modified":"2025-05-19T22:28:02","modified_gmt":"2025-05-19T19:28:02","slug":"corumda-bir-millet-bahcesi-daha-kapilarini-acti","status":"publish","type":"post","link":"https:\/\/memurunsesi.net\/index.php\/2025\/05\/19\/corumda-bir-millet-bahcesi-daha-kapilarini-acti\/","title":{"rendered":"\u00c7orum&#8217;da bir millet bah\u00e7esi daha kap\u0131lar\u0131n\u0131 a\u00e7t\u0131"},"content":{"rendered":"<p>  \u00c7orum&#8217;da yap\u0131m\u0131 tamamlanan 100. Y\u0131l Millet Bah\u00e7esi, d\u00fczenlenen programla hizmete a\u00e7\u0131ld\u0131.<br \/>\n\u00c7orum il merkezinde in\u015faat\u0131 tamamlanan \u00c7orum Belediyesi 100. Y\u0131l Millet Park\u0131&#8217;n\u0131n a\u00e7\u0131l\u0131\u015f t\u00f6reni yo\u011fun kat\u0131l\u0131mla ger\u00e7ekle\u015ftirildi. Her ya\u015f grubuna hitap eden alanlar\u0131n yer ald\u0131\u011f\u0131 millet bah\u00e7esinde \u00f6zellikle \u00e7ocuklar i\u00e7in olu\u015fturulan bisiklet parkuru, kaykay pisti, basketbol sahas\u0131 ve \u00e7e\u015fitli oyun alanlar\u0131 b\u00fcy\u00fck ilgi g\u00f6rd\u00fc. A\u00e7\u0131l\u0131\u015fa \u00f6zel olarak d\u00fczenlenen etkinlikte palya\u00e7olar, \u00e7ocuklara e\u011flenceli anlar ya\u015fatt\u0131. A\u00e7\u0131l\u0131\u015fa kat\u0131lan aileler \u00e7ocuklar\u0131yla birlikte vakit ge\u00e7irirken, parkta olu\u015fturulan sosyal alanlar b\u00fcy\u00fck ilgi g\u00f6rd\u00fc.  <\/p>\n<p>  &#8220;Bu g\u00fczel park\u0131m\u0131z\u0131n t\u00fcm vatanda\u015flar\u0131m\u0131za hay\u0131rl\u0131 olmas\u0131n\u0131 diliyorum&#8221;<br \/>\n  A\u00e7\u0131l\u0131\u015f t\u00f6reninde konu\u015fan \u00c7orum Belediye Ba\u015fkan\u0131 Dr. Halil \u0130brahim A\u015fg\u0131n, park\u0131n \u00f6zellikle gen\u00e7ler ve \u00e7ocuklar i\u00e7in \u00f6nemli bir sosyal ya\u015fam alan\u0131 olaca\u011f\u0131n\u0131 vurgulayarak, eme\u011fi ge\u00e7en herkese te\u015fekk\u00fcr etti. Parktaki eksikliklerin k\u0131sa s\u00fcrede tamamlanaca\u011f\u0131n\u0131 ifade eden A\u015fg\u0131n, &#8220;Burada birbirinden g\u00fczel ve farkl\u0131 etkinliklerin b\u00fcy\u00fck bir k\u0131sm\u0131 tamamland\u0131. \u015eu an i\u00e7inde bulundu\u011fumuz alan, iki adet tenis kortunu bar\u0131nd\u0131r\u0131yor. Hemen yan taraf\u0131m\u0131zda ise, y\u0131llard\u0131r \u00e7ocuklar\u0131m\u0131z\u0131n hayalini kurdu\u011fu kaykay pisti yer al\u0131yor. Arka k\u0131s\u0131mda bisiklet parkuru bulunuyor ve bunlar\u0131n yan\u0131 s\u0131ra daha bir\u00e7ok alanla buras\u0131, sporla dolu dolu ya\u015fayan bir park haline geliyor. Park\u0131n arka b\u00f6l\u00fcm\u00fcnde kapal\u0131 bir alan\u0131m\u0131z daha var. Buras\u0131 da yak\u0131n zamanda kitap kafe tarz\u0131nda bir mekan olarak hizmet verecek. Biz t\u00fcm \u00e7al\u0131\u015fmalar\u0131m\u0131z\u0131, ba\u015fta \u00e7ocuklar\u0131m\u0131z olmak \u00fczere hem\u015fehrilerimizin y\u00fczlerinde bir tebess\u00fcm olu\u015fturabilmek amac\u0131yla y\u00fcr\u00fct\u00fcyoruz. \u015eimdiden bu g\u00fczel park\u0131m\u0131z\u0131n t\u00fcm vatanda\u015flar\u0131m\u0131za hay\u0131rl\u0131 olmas\u0131n\u0131 diliyorum. Eme\u011fi ge\u00e7en herkese g\u00f6n\u00fclden te\u015fekk\u00fcr ediyorum. Firmadan kaynakl\u0131 baz\u0131 k\u00fc\u00e7\u00fck eksikliklerimiz var, ancak bunlar\u0131 da en k\u0131sa s\u00fcrede tamamlayaca\u011f\u0131z. \u015eimdiden hay\u0131rl\u0131 ve u\u011furlu olsun&#8221; dedi. <\/p>\n<p>  &#8220;Sa\u011f olsun Belediye Ba\u015fkan\u0131m\u0131z o d\u00f6nemde biz gen\u00e7lerin sesini duydu&#8221;<br \/>\n  Belediye Ba\u015fkan\u0131 A\u015fg\u0131n&#8217;a te\u015fekk\u00fcr eden Eren D\u00fczg\u00fcn ise, &#8220;28 ya\u015f\u0131nday\u0131m ve 20 y\u0131ld\u0131r paten s\u00fcr\u00fcyorum. Tutkuyla ba\u015flad\u0131\u011f\u0131m bu sporu 20 y\u0131ld\u0131r aral\u0131ks\u0131z s\u00fcrd\u00fcr\u00fcyorum. Ayn\u0131 zamanda \u00c7orum&#8217;un kaykay ve paten il temsilcisiyim. Y\u0131llar \u00f6nce bu sporu daha sa\u011fl\u0131kl\u0131 ve g\u00fcvenli alanlarda yapabilmek ad\u0131na bir talepte bulunmu\u015ftuk. Sa\u011f olsun Belediye Ba\u015fkan\u0131m\u0131z o d\u00f6nemde biz gen\u00e7lerin sesini duydu ve &#8216;bu park\u0131 sizlere yapaca\u011f\u0131m. Gen\u00e7lerin taleplerini arka planda b\u0131rakmayaca\u011f\u0131m&#8217; dedi. Sa\u011folsun ba\u015fkan\u0131m s\u00f6z\u00fcn\u00fc tuttu. Kendisine bir kez daha te\u015fekk\u00fcr ediyorum. Nihayet park\u0131m\u0131za kavu\u015ftuk. Eskiden bu sporu sokaklarda, trafikte yapard\u0131k ve bu bizim i\u00e7in olduk\u00e7a tehlikeliydi. \u015eimdi ise rampalar\u0131 olan bir park\u0131m\u0131z, oturma alanlar\u0131m\u0131z ve sporla ilgili daha bir\u00e7ok imk\u00e2n\u0131m\u0131z mevcut. Bu nedenle bu park\u0131n bizim i\u00e7in \u00e7ok k\u0131ymetli oldu\u011funu d\u00fc\u015f\u00fcn\u00fcyorum. Ayr\u0131ca bu alan, ekstrem sporlar a\u00e7\u0131s\u0131ndan da g\u00fczel bir ba\u015flang\u0131\u00e7 oldu. \u0130nan\u0131yorum ki ilerleyen zamanlarda \u00e7ok daha g\u00fczel etkinliklerde, yar\u0131\u015fmalarda ve projelerde hep birlikte bulu\u015faca\u011f\u0131z&#8221; diye konu\u015ftu. <\/p>\n<p>19.05.2025                             <\/p>\n","protected":false},"excerpt":{"rendered":"<p>\u00c7orum&#8217;da yap\u0131m\u0131 tamamlanan 100. Y\u0131l Millet Bah\u00e7esi, d\u00fczenlenen programla hizmete a\u00e7\u0131ld\u0131. \u00c7orum il merkezinde in\u015faat\u0131 tamamlanan \u00c7orum Belediyesi 100. Y\u0131l Millet Park\u0131&#8217;n\u0131n a\u00e7\u0131l\u0131\u015f t\u00f6reni yo\u011fun kat\u0131l\u0131mla ger\u00e7ekle\u015ftirildi. Her ya\u015f grubuna hitap eden alanlar\u0131n yer ald\u0131\u011f\u0131 millet bah\u00e7esinde \u00f6zellikle \u00e7ocuklar i\u00e7in olu\u015fturulan bisiklet parkuru, kaykay pisti, basketbol sahas\u0131 ve \u00e7e\u015fitli oyun alanlar\u0131 b\u00fcy\u00fck ilgi g\u00f6rd\u00fc. A\u00e7\u0131l\u0131\u015fa [&hellip;]<\/p>\n","protected":false},"author":1,"featured_media":7034,"comment_status":"open","ping_status":"open","sticky":false,"template":"","format":"standard","meta":{"footnotes":""},"categories":[1],"tags":[],"class_list":["post-7033","post","type-post","status-publish","format-standard","has-post-thumbnail","hentry","category-genel"],"yoast_head":"<!-- This site is optimized with the Yoast SEO plugin v27.4 - https:\/\/yoast.com\/product\/yoast-seo-wordpress\/ -->\n<title>\u00c7orum&#039;da bir millet bah\u00e7esi daha kap\u0131lar\u0131n\u0131 a\u00e7t\u0131 - Memurun Sesi<\/title>\n<meta name=\"robots\" content=\"index, follow, max-snippet:-1, max-image-preview:large, max-video-preview:-1\" \/>\n<link rel=\"canonical\" href=\"https:\/\/memurunsesi.net\/index.php\/2025\/05\/19\/corumda-bir-millet-bahcesi-daha-kapilarini-acti\/\" \/>\n<meta property=\"og:locale\" content=\"tr_TR\" \/>\n<meta property=\"og:type\" content=\"article\" \/>\n<meta property=\"og:title\" content=\"\u00c7orum&#039;da bir millet bah\u00e7esi daha kap\u0131lar\u0131n\u0131 a\u00e7t\u0131 - Memurun Sesi\" \/>\n<meta property=\"og:description\" content=\"\u00c7orum&#8217;da yap\u0131m\u0131 tamamlanan 100. Y\u0131l Millet Bah\u00e7esi, d\u00fczenlenen programla hizmete a\u00e7\u0131ld\u0131. \u00c7orum il merkezinde in\u015faat\u0131 tamamlanan \u00c7orum Belediyesi 100. Y\u0131l Millet Park\u0131&#8217;n\u0131n a\u00e7\u0131l\u0131\u015f t\u00f6reni yo\u011fun kat\u0131l\u0131mla ger\u00e7ekle\u015ftirildi. Her ya\u015f grubuna hitap eden alanlar\u0131n yer ald\u0131\u011f\u0131 millet bah\u00e7esinde \u00f6zellikle \u00e7ocuklar i\u00e7in olu\u015fturulan bisiklet parkuru, kaykay pisti, basketbol sahas\u0131 ve \u00e7e\u015fitli oyun alanlar\u0131 b\u00fcy\u00fck ilgi g\u00f6rd\u00fc. A\u00e7\u0131l\u0131\u015fa [&hellip;]\" \/>\n<meta property=\"og:url\" content=\"https:\/\/memurunsesi.net\/index.php\/2025\/05\/19\/corumda-bir-millet-bahcesi-daha-kapilarini-acti\/\" \/>\n<meta property=\"og:site_name\" content=\"Memurun Sesi\" \/>\n<meta property=\"article:publisher\" content=\"https:\/\/www.facebook.com\/unipersen\/?locale=tr_TR\" \/>\n<meta property=\"article:published_time\" content=\"2025-05-19T19:28:02+00:00\" \/>\n<meta property=\"og:image\" content=\"https:\/\/memurunsesi.net\/wp-content\/uploads\/2025\/05\/AW458462_01.jpg\" \/>\n\t<meta property=\"og:image:width\" content=\"1280\" \/>\n\t<meta property=\"og:image:height\" content=\"720\" \/>\n\t<meta property=\"og:image:type\" content=\"image\/jpeg\" \/>\n<meta name=\"author\" content=\"Memurun Sesi Haber Merkezi\" \/>\n<meta name=\"twitter:card\" content=\"summary_large_image\" \/>\n<meta name=\"twitter:creator\" content=\"@unipersen\" \/>\n<meta name=\"twitter:site\" content=\"@unipersen\" \/>\n<meta name=\"twitter:label1\" content=\"Yazan:\" \/>\n\t<meta name=\"twitter:data1\" content=\"Memurun Sesi Haber Merkezi\" \/>\n\t<meta name=\"twitter:label2\" content=\"Tahmini okuma s\u00fcresi\" \/>\n\t<meta name=\"twitter:data2\" content=\"1 dakika\" \/>\n<script type=\"application\/ld+json\" class=\"yoast-schema-graph\">{\"@context\":\"https:\\\/\\\/schema.org\",\"@graph\":[{\"@type\":\"Article\",\"@id\":\"https:\\\/\\\/memurunsesi.net\\\/index.php\\\/2025\\\/05\\\/19\\\/corumda-bir-millet-bahcesi-daha-kapilarini-acti\\\/#article\",\"isPartOf\":{\"@id\":\"https:\\\/\\\/memurunsesi.net\\\/index.php\\\/2025\\\/05\\\/19\\\/corumda-bir-millet-bahcesi-daha-kapilarini-acti\\\/\"},\"author\":{\"name\":\"Memurun Sesi Haber Merkezi\",\"@id\":\"https:\\\/\\\/memurunsesi.net\\\/#\\\/schema\\\/person\\\/f21c2d73b89f6ee1d80b0a1803e38587\"},\"headline\":\"\u00c7orum&#8217;da bir millet bah\u00e7esi daha kap\u0131lar\u0131n\u0131 a\u00e7t\u0131\",\"datePublished\":\"2025-05-19T19:28:02+00:00\",\"mainEntityOfPage\":{\"@id\":\"https:\\\/\\\/memurunsesi.net\\\/index.php\\\/2025\\\/05\\\/19\\\/corumda-bir-millet-bahcesi-daha-kapilarini-acti\\\/\"},\"wordCount\":624,\"commentCount\":0,\"publisher\":{\"@id\":\"https:\\\/\\\/memurunsesi.net\\\/#organization\"},\"image\":{\"@id\":\"https:\\\/\\\/memurunsesi.net\\\/index.php\\\/2025\\\/05\\\/19\\\/corumda-bir-millet-bahcesi-daha-kapilarini-acti\\\/#primaryimage\"},\"thumbnailUrl\":\"https:\\\/\\\/memurunsesi.net\\\/wp-content\\\/uploads\\\/2025\\\/05\\\/AW458462_01.jpg\",\"inLanguage\":\"tr\",\"potentialAction\":[{\"@type\":\"CommentAction\",\"name\":\"Comment\",\"target\":[\"https:\\\/\\\/memurunsesi.net\\\/index.php\\\/2025\\\/05\\\/19\\\/corumda-bir-millet-bahcesi-daha-kapilarini-acti\\\/#respond\"]}]},{\"@type\":\"WebPage\",\"@id\":\"https:\\\/\\\/memurunsesi.net\\\/index.php\\\/2025\\\/05\\\/19\\\/corumda-bir-millet-bahcesi-daha-kapilarini-acti\\\/\",\"url\":\"https:\\\/\\\/memurunsesi.net\\\/index.php\\\/2025\\\/05\\\/19\\\/corumda-bir-millet-bahcesi-daha-kapilarini-acti\\\/\",\"name\":\"\u00c7orum'da bir millet bah\u00e7esi daha kap\u0131lar\u0131n\u0131 a\u00e7t\u0131 - Memurun Sesi\",\"isPartOf\":{\"@id\":\"https:\\\/\\\/memurunsesi.net\\\/#website\"},\"primaryImageOfPage\":{\"@id\":\"https:\\\/\\\/memurunsesi.net\\\/index.php\\\/2025\\\/05\\\/19\\\/corumda-bir-millet-bahcesi-daha-kapilarini-acti\\\/#primaryimage\"},\"image\":{\"@id\":\"https:\\\/\\\/memurunsesi.net\\\/index.php\\\/2025\\\/05\\\/19\\\/corumda-bir-millet-bahcesi-daha-kapilarini-acti\\\/#primaryimage\"},\"thumbnailUrl\":\"https:\\\/\\\/memurunsesi.net\\\/wp-content\\\/uploads\\\/2025\\\/05\\\/AW458462_01.jpg\",\"datePublished\":\"2025-05-19T19:28:02+00:00\",\"breadcrumb\":{\"@id\":\"https:\\\/\\\/memurunsesi.net\\\/index.php\\\/2025\\\/05\\\/19\\\/corumda-bir-millet-bahcesi-daha-kapilarini-acti\\\/#breadcrumb\"},\"inLanguage\":\"tr\",\"potentialAction\":[{\"@type\":\"ReadAction\",\"target\":[\"https:\\\/\\\/memurunsesi.net\\\/index.php\\\/2025\\\/05\\\/19\\\/corumda-bir-millet-bahcesi-daha-kapilarini-acti\\\/\"]}]},{\"@type\":\"ImageObject\",\"inLanguage\":\"tr\",\"@id\":\"https:\\\/\\\/memurunsesi.net\\\/index.php\\\/2025\\\/05\\\/19\\\/corumda-bir-millet-bahcesi-daha-kapilarini-acti\\\/#primaryimage\",\"url\":\"https:\\\/\\\/memurunsesi.net\\\/wp-content\\\/uploads\\\/2025\\\/05\\\/AW458462_01.jpg\",\"contentUrl\":\"https:\\\/\\\/memurunsesi.net\\\/wp-content\\\/uploads\\\/2025\\\/05\\\/AW458462_01.jpg\",\"width\":1280,\"height\":720,\"caption\":\"\u00c7ORUM'DA YAPIMI TAMAMLANAN 100. YIL M\u0130LLET PARKI, D\u00dcZENLENEN PROGRAMLA H\u0130ZMETE A\u00c7ILDI. A\u00c7ILI\u015eA KATILAN \u00c7OCUKLAR VE A\u0130LELER\u0130 KEY\u0130FL\u0130 ANLAR YA\u015eADI. (MEHMET CAN K\u00d6R\\\/\u00c7ORUM-\u0130HA) \u00c7orum'da yap\u0131m\u0131 tamamlanan 100. Y\u0131l Millet Bah\u00e7esi, d\u00fczenlenen programla hizmete a\u00e7\u0131ld\u0131.\"},{\"@type\":\"BreadcrumbList\",\"@id\":\"https:\\\/\\\/memurunsesi.net\\\/index.php\\\/2025\\\/05\\\/19\\\/corumda-bir-millet-bahcesi-daha-kapilarini-acti\\\/#breadcrumb\",\"itemListElement\":[{\"@type\":\"ListItem\",\"position\":1,\"name\":\"Anasayfa\",\"item\":\"https:\\\/\\\/memurunsesi.net\\\/\"},{\"@type\":\"ListItem\",\"position\":2,\"name\":\"\u00c7orum&#8217;da bir millet bah\u00e7esi daha kap\u0131lar\u0131n\u0131 a\u00e7t\u0131\"}]},{\"@type\":\"WebSite\",\"@id\":\"https:\\\/\\\/memurunsesi.net\\\/#website\",\"url\":\"https:\\\/\\\/memurunsesi.net\\\/\",\"name\":\"Memurun Sesi\",\"description\":\"G\u00fcncel ve Do\u011fru Haber\",\"publisher\":{\"@id\":\"https:\\\/\\\/memurunsesi.net\\\/#organization\"},\"potentialAction\":[{\"@type\":\"SearchAction\",\"target\":{\"@type\":\"EntryPoint\",\"urlTemplate\":\"https:\\\/\\\/memurunsesi.net\\\/?s={search_term_string}\"},\"query-input\":{\"@type\":\"PropertyValueSpecification\",\"valueRequired\":true,\"valueName\":\"search_term_string\"}}],\"inLanguage\":\"tr\"},{\"@type\":\"Organization\",\"@id\":\"https:\\\/\\\/memurunsesi.net\\\/#organization\",\"name\":\"Memurun Sesi\",\"url\":\"https:\\\/\\\/memurunsesi.net\\\/\",\"logo\":{\"@type\":\"ImageObject\",\"inLanguage\":\"tr\",\"@id\":\"https:\\\/\\\/memurunsesi.net\\\/#\\\/schema\\\/logo\\\/image\\\/\",\"url\":\"https:\\\/\\\/memurunsesi.net\\\/wp-content\\\/uploads\\\/2025\\\/11\\\/cropped-MEMURUN-SESI.png\",\"contentUrl\":\"https:\\\/\\\/memurunsesi.net\\\/wp-content\\\/uploads\\\/2025\\\/11\\\/cropped-MEMURUN-SESI.png\",\"width\":238,\"height\":57,\"caption\":\"Memurun Sesi\"},\"image\":{\"@id\":\"https:\\\/\\\/memurunsesi.net\\\/#\\\/schema\\\/logo\\\/image\\\/\"},\"sameAs\":[\"https:\\\/\\\/www.facebook.com\\\/unipersen\\\/?locale=tr_TR\",\"https:\\\/\\\/x.com\\\/unipersen\"]},{\"@type\":\"Person\",\"@id\":\"https:\\\/\\\/memurunsesi.net\\\/#\\\/schema\\\/person\\\/f21c2d73b89f6ee1d80b0a1803e38587\",\"name\":\"Memurun Sesi Haber Merkezi\",\"image\":{\"@type\":\"ImageObject\",\"inLanguage\":\"tr\",\"@id\":\"https:\\\/\\\/secure.gravatar.com\\\/avatar\\\/6cf0505f452ee753f485014986fab09a434671d2b919ee76fc541025c5876a70?s=96&d=mm&r=g\",\"url\":\"https:\\\/\\\/secure.gravatar.com\\\/avatar\\\/6cf0505f452ee753f485014986fab09a434671d2b919ee76fc541025c5876a70?s=96&d=mm&r=g\",\"contentUrl\":\"https:\\\/\\\/secure.gravatar.com\\\/avatar\\\/6cf0505f452ee753f485014986fab09a434671d2b919ee76fc541025c5876a70?s=96&d=mm&r=g\",\"caption\":\"Memurun Sesi Haber Merkezi\"},\"sameAs\":[\"https:\\\/\\\/memurunsesi.net\"],\"url\":\"https:\\\/\\\/memurunsesi.net\\\/index.php\\\/author\\\/uniper\\\/\"}]}<\/script>\n<!-- \/ Yoast SEO plugin. -->","yoast_head_json":{"title":"\u00c7orum'da bir millet bah\u00e7esi daha kap\u0131lar\u0131n\u0131 a\u00e7t\u0131 - Memurun Sesi","robots":{"index":"index","follow":"follow","max-snippet":"max-snippet:-1","max-image-preview":"max-image-preview:large","max-video-preview":"max-video-preview:-1"},"canonical":"https:\/\/memurunsesi.net\/index.php\/2025\/05\/19\/corumda-bir-millet-bahcesi-daha-kapilarini-acti\/","og_locale":"tr_TR","og_type":"article","og_title":"\u00c7orum'da bir millet bah\u00e7esi daha kap\u0131lar\u0131n\u0131 a\u00e7t\u0131 - Memurun Sesi","og_description":"\u00c7orum&#8217;da yap\u0131m\u0131 tamamlanan 100. Y\u0131l Millet Bah\u00e7esi, d\u00fczenlenen programla hizmete a\u00e7\u0131ld\u0131. \u00c7orum il merkezinde in\u015faat\u0131 tamamlanan \u00c7orum Belediyesi 100. Y\u0131l Millet Park\u0131&#8217;n\u0131n a\u00e7\u0131l\u0131\u015f t\u00f6reni yo\u011fun kat\u0131l\u0131mla ger\u00e7ekle\u015ftirildi. Her ya\u015f grubuna hitap eden alanlar\u0131n yer ald\u0131\u011f\u0131 millet bah\u00e7esinde \u00f6zellikle \u00e7ocuklar i\u00e7in olu\u015fturulan bisiklet parkuru, kaykay pisti, basketbol sahas\u0131 ve \u00e7e\u015fitli oyun alanlar\u0131 b\u00fcy\u00fck ilgi g\u00f6rd\u00fc. A\u00e7\u0131l\u0131\u015fa [&hellip;]","og_url":"https:\/\/memurunsesi.net\/index.php\/2025\/05\/19\/corumda-bir-millet-bahcesi-daha-kapilarini-acti\/","og_site_name":"Memurun Sesi","article_publisher":"https:\/\/www.facebook.com\/unipersen\/?locale=tr_TR","article_published_time":"2025-05-19T19:28:02+00:00","og_image":[{"width":1280,"height":720,"url":"https:\/\/memurunsesi.net\/wp-content\/uploads\/2025\/05\/AW458462_01.jpg","type":"image\/jpeg"}],"author":"Memurun Sesi Haber Merkezi","twitter_card":"summary_large_image","twitter_creator":"@unipersen","twitter_site":"@unipersen","twitter_misc":{"Yazan:":"Memurun Sesi Haber Merkezi","Tahmini okuma s\u00fcresi":"1 dakika"},"schema":{"@context":"https:\/\/schema.org","@graph":[{"@type":"Article","@id":"https:\/\/memurunsesi.net\/index.php\/2025\/05\/19\/corumda-bir-millet-bahcesi-daha-kapilarini-acti\/#article","isPartOf":{"@id":"https:\/\/memurunsesi.net\/index.php\/2025\/05\/19\/corumda-bir-millet-bahcesi-daha-kapilarini-acti\/"},"author":{"name":"Memurun Sesi Haber Merkezi","@id":"https:\/\/memurunsesi.net\/#\/schema\/person\/f21c2d73b89f6ee1d80b0a1803e38587"},"headline":"\u00c7orum&#8217;da bir millet bah\u00e7esi daha kap\u0131lar\u0131n\u0131 a\u00e7t\u0131","datePublished":"2025-05-19T19:28:02+00:00","mainEntityOfPage":{"@id":"https:\/\/memurunsesi.net\/index.php\/2025\/05\/19\/corumda-bir-millet-bahcesi-daha-kapilarini-acti\/"},"wordCount":624,"commentCount":0,"publisher":{"@id":"https:\/\/memurunsesi.net\/#organization"},"image":{"@id":"https:\/\/memurunsesi.net\/index.php\/2025\/05\/19\/corumda-bir-millet-bahcesi-daha-kapilarini-acti\/#primaryimage"},"thumbnailUrl":"https:\/\/memurunsesi.net\/wp-content\/uploads\/2025\/05\/AW458462_01.jpg","inLanguage":"tr","potentialAction":[{"@type":"CommentAction","name":"Comment","target":["https:\/\/memurunsesi.net\/index.php\/2025\/05\/19\/corumda-bir-millet-bahcesi-daha-kapilarini-acti\/#respond"]}]},{"@type":"WebPage","@id":"https:\/\/memurunsesi.net\/index.php\/2025\/05\/19\/corumda-bir-millet-bahcesi-daha-kapilarini-acti\/","url":"https:\/\/memurunsesi.net\/index.php\/2025\/05\/19\/corumda-bir-millet-bahcesi-daha-kapilarini-acti\/","name":"\u00c7orum'da bir millet bah\u00e7esi daha kap\u0131lar\u0131n\u0131 a\u00e7t\u0131 - Memurun Sesi","isPartOf":{"@id":"https:\/\/memurunsesi.net\/#website"},"primaryImageOfPage":{"@id":"https:\/\/memurunsesi.net\/index.php\/2025\/05\/19\/corumda-bir-millet-bahcesi-daha-kapilarini-acti\/#primaryimage"},"image":{"@id":"https:\/\/memurunsesi.net\/index.php\/2025\/05\/19\/corumda-bir-millet-bahcesi-daha-kapilarini-acti\/#primaryimage"},"thumbnailUrl":"https:\/\/memurunsesi.net\/wp-content\/uploads\/2025\/05\/AW458462_01.jpg","datePublished":"2025-05-19T19:28:02+00:00","breadcrumb":{"@id":"https:\/\/memurunsesi.net\/index.php\/2025\/05\/19\/corumda-bir-millet-bahcesi-daha-kapilarini-acti\/#breadcrumb"},"inLanguage":"tr","potentialAction":[{"@type":"ReadAction","target":["https:\/\/memurunsesi.net\/index.php\/2025\/05\/19\/corumda-bir-millet-bahcesi-daha-kapilarini-acti\/"]}]},{"@type":"ImageObject","inLanguage":"tr","@id":"https:\/\/memurunsesi.net\/index.php\/2025\/05\/19\/corumda-bir-millet-bahcesi-daha-kapilarini-acti\/#primaryimage","url":"https:\/\/memurunsesi.net\/wp-content\/uploads\/2025\/05\/AW458462_01.jpg","contentUrl":"https:\/\/memurunsesi.net\/wp-content\/uploads\/2025\/05\/AW458462_01.jpg","width":1280,"height":720,"caption":"\u00c7ORUM'DA YAPIMI TAMAMLANAN 100. YIL M\u0130LLET PARKI, D\u00dcZENLENEN PROGRAMLA H\u0130ZMETE A\u00c7ILDI. A\u00c7ILI\u015eA KATILAN \u00c7OCUKLAR VE A\u0130LELER\u0130 KEY\u0130FL\u0130 ANLAR YA\u015eADI. (MEHMET CAN K\u00d6R\/\u00c7ORUM-\u0130HA) \u00c7orum'da yap\u0131m\u0131 tamamlanan 100. Y\u0131l Millet Bah\u00e7esi, d\u00fczenlenen programla hizmete a\u00e7\u0131ld\u0131."},{"@type":"BreadcrumbList","@id":"https:\/\/memurunsesi.net\/index.php\/2025\/05\/19\/corumda-bir-millet-bahcesi-daha-kapilarini-acti\/#breadcrumb","itemListElement":[{"@type":"ListItem","position":1,"name":"Anasayfa","item":"https:\/\/memurunsesi.net\/"},{"@type":"ListItem","position":2,"name":"\u00c7orum&#8217;da bir millet bah\u00e7esi daha kap\u0131lar\u0131n\u0131 a\u00e7t\u0131"}]},{"@type":"WebSite","@id":"https:\/\/memurunsesi.net\/#website","url":"https:\/\/memurunsesi.net\/","name":"Memurun Sesi","description":"G\u00fcncel ve Do\u011fru Haber","publisher":{"@id":"https:\/\/memurunsesi.net\/#organization"},"potentialAction":[{"@type":"SearchAction","target":{"@type":"EntryPoint","urlTemplate":"https:\/\/memurunsesi.net\/?s={search_term_string}"},"query-input":{"@type":"PropertyValueSpecification","valueRequired":true,"valueName":"search_term_string"}}],"inLanguage":"tr"},{"@type":"Organization","@id":"https:\/\/memurunsesi.net\/#organization","name":"Memurun Sesi","url":"https:\/\/memurunsesi.net\/","logo":{"@type":"ImageObject","inLanguage":"tr","@id":"https:\/\/memurunsesi.net\/#\/schema\/logo\/image\/","url":"https:\/\/memurunsesi.net\/wp-content\/uploads\/2025\/11\/cropped-MEMURUN-SESI.png","contentUrl":"https:\/\/memurunsesi.net\/wp-content\/uploads\/2025\/11\/cropped-MEMURUN-SESI.png","width":238,"height":57,"caption":"Memurun Sesi"},"image":{"@id":"https:\/\/memurunsesi.net\/#\/schema\/logo\/image\/"},"sameAs":["https:\/\/www.facebook.com\/unipersen\/?locale=tr_TR","https:\/\/x.com\/unipersen"]},{"@type":"Person","@id":"https:\/\/memurunsesi.net\/#\/schema\/person\/f21c2d73b89f6ee1d80b0a1803e38587","name":"Memurun Sesi Haber Merkezi","image":{"@type":"ImageObject","inLanguage":"tr","@id":"https:\/\/secure.gravatar.com\/avatar\/6cf0505f452ee753f485014986fab09a434671d2b919ee76fc541025c5876a70?s=96&d=mm&r=g","url":"https:\/\/secure.gravatar.com\/avatar\/6cf0505f452ee753f485014986fab09a434671d2b919ee76fc541025c5876a70?s=96&d=mm&r=g","contentUrl":"https:\/\/secure.gravatar.com\/avatar\/6cf0505f452ee753f485014986fab09a434671d2b919ee76fc541025c5876a70?s=96&d=mm&r=g","caption":"Memurun Sesi Haber Merkezi"},"sameAs":["https:\/\/memurunsesi.net"],"url":"https:\/\/memurunsesi.net\/index.php\/author\/uniper\/"}]}},"_links":{"self":[{"href":"https:\/\/memurunsesi.net\/index.php\/wp-json\/wp\/v2\/posts\/7033","targetHints":{"allow":["GET"]}}],"collection":[{"href":"https:\/\/memurunsesi.net\/index.php\/wp-json\/wp\/v2\/posts"}],"about":[{"href":"https:\/\/memurunsesi.net\/index.php\/wp-json\/wp\/v2\/types\/post"}],"author":[{"embeddable":true,"href":"https:\/\/memurunsesi.net\/index.php\/wp-json\/wp\/v2\/users\/1"}],"replies":[{"embeddable":true,"href":"https:\/\/memurunsesi.net\/index.php\/wp-json\/wp\/v2\/comments?post=7033"}],"version-history":[{"count":1,"href":"https:\/\/memurunsesi.net\/index.php\/wp-json\/wp\/v2\/posts\/7033\/revisions"}],"predecessor-version":[{"id":7035,"href":"https:\/\/memurunsesi.net\/index.php\/wp-json\/wp\/v2\/posts\/7033\/revisions\/7035"}],"wp:featuredmedia":[{"embeddable":true,"href":"https:\/\/memurunsesi.net\/index.php\/wp-json\/wp\/v2\/media\/7034"}],"wp:attachment":[{"href":"https:\/\/memurunsesi.net\/index.php\/wp-json\/wp\/v2\/media?parent=7033"}],"wp:term":[{"taxonomy":"category","embeddable":true,"href":"https:\/\/memurunsesi.net\/index.php\/wp-json\/wp\/v2\/categories?post=7033"},{"taxonomy":"post_tag","embeddable":true,"href":"https:\/\/memurunsesi.net\/index.php\/wp-json\/wp\/v2\/tags?post=7033"}],"curies":[{"name":"wp","href":"https:\/\/api.w.org\/{rel}","templated":true}]}}