{"id":7128,"date":"2025-05-21T23:37:02","date_gmt":"2025-05-21T20:37:02","guid":{"rendered":"https:\/\/memurunsesi.net\/?p=7128"},"modified":"2025-05-21T23:37:02","modified_gmt":"2025-05-21T20:37:02","slug":"bakan-yerlikaya-polis-akademisinde-ogrencilerle-bir-araya-geldi","status":"publish","type":"post","link":"https:\/\/memurunsesi.net\/index.php\/2025\/05\/21\/bakan-yerlikaya-polis-akademisinde-ogrencilerle-bir-araya-geldi\/","title":{"rendered":"Bakan Yerlikaya, Polis Akademisinde \u00f6\u011frencilerle bir araya geldi"},"content":{"rendered":"<p> \u0130\u00e7i\u015fleri Bakan\u0131 Ali Yerlikaya, Polis Akademisini ziyaret ederek \u00f6\u011frencilerle bir araya geldi.<br \/>\nBakan Yerlikaya, ziyarete ili\u015fkin sosyal medya hesab\u0131ndan yapt\u0131\u011f\u0131 payla\u015f\u0131m\u0131nda, &#8220;Polis Akademimizi ziyaretimde, \u00fclkemizin huzur ve g\u00fcvenli\u011finin teminat\u0131 i\u00e7in canla ba\u015fla \u00e7al\u0131\u015fmaya haz\u0131rlanan k\u0131ymetli \u00f6\u011frencilerimizle bir araya geldim. Polis Akademimiz, sadece bir e\u011fitim kurumu de\u011fil, ayn\u0131 zamanda bilgiyle yo\u011frulan iradenin, vatan sevgisiyle b\u00fcy\u00fcyen y\u00fcreklerin de yuvas\u0131d\u0131r. Burada sadece kanun \u00f6\u011fretilmez, burada sadakat, adalet, merhamet ve sorumluluk da \u00f6\u011fretilir. Hem i\u00e7erik hem de uygulama a\u00e7\u0131s\u0131ndan uluslararas\u0131 standartlardaki akademi e\u011fitimimiz, g\u00fcvenlik bilimleri alan\u0131nda d\u00fcnyaya emsal olmu\u015ftur&#8221; dedi.<br \/>\n  Mezun olacak her polisin \u015fehirlere huzur, sokaklara g\u00fcven getirece\u011fini vurgulayan Bakan Yerlikaya, &#8220;Bu e\u011fitim yuvam\u0131zda, modern, disiplinli ve bilimsel bir m\u00fcfredatla hareket ediyoruz, etmeye de devam edece\u011fiz. Bu anlay\u0131\u015fla Polis Akademimiz, yaln\u0131zca \u00fclkemizin de\u011fil, g\u00f6n\u00fcl co\u011frafyam\u0131z\u0131n da polislerini yeti\u015ftiren, sayg\u0131n ve stratejik bir kurumdur. Bu y\u0131l, 23 Temmuz\u2019da, aralar\u0131nda 34 misafir \u00f6\u011frencimizin de bulundu\u011fu, 201 komiser yard\u0131mc\u0131s\u0131, 8 bin 153 polis memuru, toplam 8 bin 354 kahraman evlad\u0131m\u0131z mezun olacak. Mezun olan her bir polisimiz, \u015fehirlerimize huzur, sokaklar\u0131m\u0131za g\u00fcven, insan\u0131m\u0131za umut ta\u015f\u0131yacak. \u00c7\u00fcnk\u00fc polislerimiz yetkisini hukuktan, g\u00fcc\u00fcn\u00fc adaletten, duas\u0131n\u0131 aziz milletimizden al\u0131r&#8221; ifadelerini kulland\u0131. <\/p>\n<p>21.05.2025                                 <\/p>\n","protected":false},"excerpt":{"rendered":"<p>\u0130\u00e7i\u015fleri Bakan\u0131 Ali Yerlikaya, Polis Akademisini ziyaret ederek \u00f6\u011frencilerle bir araya geldi. Bakan Yerlikaya, ziyarete ili\u015fkin sosyal medya hesab\u0131ndan yapt\u0131\u011f\u0131 payla\u015f\u0131m\u0131nda, &#8220;Polis Akademimizi ziyaretimde, \u00fclkemizin huzur ve g\u00fcvenli\u011finin teminat\u0131 i\u00e7in canla ba\u015fla \u00e7al\u0131\u015fmaya haz\u0131rlanan k\u0131ymetli \u00f6\u011frencilerimizle bir araya geldim. Polis Akademimiz, sadece bir e\u011fitim kurumu de\u011fil, ayn\u0131 zamanda bilgiyle yo\u011frulan iradenin, vatan sevgisiyle b\u00fcy\u00fcyen y\u00fcreklerin [&hellip;]<\/p>\n","protected":false},"author":1,"featured_media":7129,"comment_status":"open","ping_status":"open","sticky":false,"template":"","format":"standard","meta":{"footnotes":""},"categories":[1],"tags":[],"class_list":["post-7128","post","type-post","status-publish","format-standard","has-post-thumbnail","hentry","category-genel"],"yoast_head":"<!-- This site is optimized with the Yoast SEO plugin v27.4 - https:\/\/yoast.com\/product\/yoast-seo-wordpress\/ -->\n<title>Bakan Yerlikaya, Polis Akademisinde \u00f6\u011frencilerle bir araya geldi - Memurun Sesi<\/title>\n<meta name=\"robots\" content=\"index, follow, max-snippet:-1, max-image-preview:large, max-video-preview:-1\" \/>\n<link rel=\"canonical\" href=\"https:\/\/memurunsesi.net\/index.php\/2025\/05\/21\/bakan-yerlikaya-polis-akademisinde-ogrencilerle-bir-araya-geldi\/\" \/>\n<meta property=\"og:locale\" content=\"tr_TR\" \/>\n<meta property=\"og:type\" content=\"article\" \/>\n<meta property=\"og:title\" content=\"Bakan Yerlikaya, Polis Akademisinde \u00f6\u011frencilerle bir araya geldi - Memurun Sesi\" \/>\n<meta property=\"og:description\" content=\"\u0130\u00e7i\u015fleri Bakan\u0131 Ali Yerlikaya, Polis Akademisini ziyaret ederek \u00f6\u011frencilerle bir araya geldi. Bakan Yerlikaya, ziyarete ili\u015fkin sosyal medya hesab\u0131ndan yapt\u0131\u011f\u0131 payla\u015f\u0131m\u0131nda, &#8220;Polis Akademimizi ziyaretimde, \u00fclkemizin huzur ve g\u00fcvenli\u011finin teminat\u0131 i\u00e7in canla ba\u015fla \u00e7al\u0131\u015fmaya haz\u0131rlanan k\u0131ymetli \u00f6\u011frencilerimizle bir araya geldim. Polis Akademimiz, sadece bir e\u011fitim kurumu de\u011fil, ayn\u0131 zamanda bilgiyle yo\u011frulan iradenin, vatan sevgisiyle b\u00fcy\u00fcyen y\u00fcreklerin [&hellip;]\" \/>\n<meta property=\"og:url\" content=\"https:\/\/memurunsesi.net\/index.php\/2025\/05\/21\/bakan-yerlikaya-polis-akademisinde-ogrencilerle-bir-araya-geldi\/\" \/>\n<meta property=\"og:site_name\" content=\"Memurun Sesi\" \/>\n<meta property=\"article:publisher\" content=\"https:\/\/www.facebook.com\/unipersen\/?locale=tr_TR\" \/>\n<meta property=\"article:published_time\" content=\"2025-05-21T20:37:02+00:00\" \/>\n<meta property=\"og:image\" content=\"https:\/\/memurunsesi.net\/wp-content\/uploads\/2025\/05\/AW459978_01.jpg\" \/>\n\t<meta property=\"og:image:width\" content=\"1199\" \/>\n\t<meta property=\"og:image:height\" content=\"800\" \/>\n\t<meta property=\"og:image:type\" content=\"image\/jpeg\" \/>\n<meta name=\"author\" content=\"Memurun Sesi Haber Merkezi\" \/>\n<meta name=\"twitter:card\" content=\"summary_large_image\" \/>\n<meta name=\"twitter:creator\" content=\"@unipersen\" \/>\n<meta name=\"twitter:site\" content=\"@unipersen\" \/>\n<meta name=\"twitter:label1\" content=\"Yazan:\" \/>\n\t<meta name=\"twitter:data1\" content=\"Memurun Sesi Haber Merkezi\" \/>\n\t<meta name=\"twitter:label2\" content=\"Tahmini okuma s\u00fcresi\" \/>\n\t<meta name=\"twitter:data2\" content=\"1 dakika\" \/>\n<script type=\"application\/ld+json\" class=\"yoast-schema-graph\">{\"@context\":\"https:\\\/\\\/schema.org\",\"@graph\":[{\"@type\":\"Article\",\"@id\":\"https:\\\/\\\/memurunsesi.net\\\/index.php\\\/2025\\\/05\\\/21\\\/bakan-yerlikaya-polis-akademisinde-ogrencilerle-bir-araya-geldi\\\/#article\",\"isPartOf\":{\"@id\":\"https:\\\/\\\/memurunsesi.net\\\/index.php\\\/2025\\\/05\\\/21\\\/bakan-yerlikaya-polis-akademisinde-ogrencilerle-bir-araya-geldi\\\/\"},\"author\":{\"name\":\"Memurun Sesi Haber Merkezi\",\"@id\":\"https:\\\/\\\/memurunsesi.net\\\/#\\\/schema\\\/person\\\/f21c2d73b89f6ee1d80b0a1803e38587\"},\"headline\":\"Bakan Yerlikaya, Polis Akademisinde \u00f6\u011frencilerle bir araya geldi\",\"datePublished\":\"2025-05-21T20:37:02+00:00\",\"mainEntityOfPage\":{\"@id\":\"https:\\\/\\\/memurunsesi.net\\\/index.php\\\/2025\\\/05\\\/21\\\/bakan-yerlikaya-polis-akademisinde-ogrencilerle-bir-araya-geldi\\\/\"},\"wordCount\":243,\"commentCount\":0,\"publisher\":{\"@id\":\"https:\\\/\\\/memurunsesi.net\\\/#organization\"},\"image\":{\"@id\":\"https:\\\/\\\/memurunsesi.net\\\/index.php\\\/2025\\\/05\\\/21\\\/bakan-yerlikaya-polis-akademisinde-ogrencilerle-bir-araya-geldi\\\/#primaryimage\"},\"thumbnailUrl\":\"https:\\\/\\\/memurunsesi.net\\\/wp-content\\\/uploads\\\/2025\\\/05\\\/AW459978_01.jpg\",\"inLanguage\":\"tr\",\"potentialAction\":[{\"@type\":\"CommentAction\",\"name\":\"Comment\",\"target\":[\"https:\\\/\\\/memurunsesi.net\\\/index.php\\\/2025\\\/05\\\/21\\\/bakan-yerlikaya-polis-akademisinde-ogrencilerle-bir-araya-geldi\\\/#respond\"]}]},{\"@type\":\"WebPage\",\"@id\":\"https:\\\/\\\/memurunsesi.net\\\/index.php\\\/2025\\\/05\\\/21\\\/bakan-yerlikaya-polis-akademisinde-ogrencilerle-bir-araya-geldi\\\/\",\"url\":\"https:\\\/\\\/memurunsesi.net\\\/index.php\\\/2025\\\/05\\\/21\\\/bakan-yerlikaya-polis-akademisinde-ogrencilerle-bir-araya-geldi\\\/\",\"name\":\"Bakan Yerlikaya, Polis Akademisinde \u00f6\u011frencilerle bir araya geldi - Memurun Sesi\",\"isPartOf\":{\"@id\":\"https:\\\/\\\/memurunsesi.net\\\/#website\"},\"primaryImageOfPage\":{\"@id\":\"https:\\\/\\\/memurunsesi.net\\\/index.php\\\/2025\\\/05\\\/21\\\/bakan-yerlikaya-polis-akademisinde-ogrencilerle-bir-araya-geldi\\\/#primaryimage\"},\"image\":{\"@id\":\"https:\\\/\\\/memurunsesi.net\\\/index.php\\\/2025\\\/05\\\/21\\\/bakan-yerlikaya-polis-akademisinde-ogrencilerle-bir-araya-geldi\\\/#primaryimage\"},\"thumbnailUrl\":\"https:\\\/\\\/memurunsesi.net\\\/wp-content\\\/uploads\\\/2025\\\/05\\\/AW459978_01.jpg\",\"datePublished\":\"2025-05-21T20:37:02+00:00\",\"breadcrumb\":{\"@id\":\"https:\\\/\\\/memurunsesi.net\\\/index.php\\\/2025\\\/05\\\/21\\\/bakan-yerlikaya-polis-akademisinde-ogrencilerle-bir-araya-geldi\\\/#breadcrumb\"},\"inLanguage\":\"tr\",\"potentialAction\":[{\"@type\":\"ReadAction\",\"target\":[\"https:\\\/\\\/memurunsesi.net\\\/index.php\\\/2025\\\/05\\\/21\\\/bakan-yerlikaya-polis-akademisinde-ogrencilerle-bir-araya-geldi\\\/\"]}]},{\"@type\":\"ImageObject\",\"inLanguage\":\"tr\",\"@id\":\"https:\\\/\\\/memurunsesi.net\\\/index.php\\\/2025\\\/05\\\/21\\\/bakan-yerlikaya-polis-akademisinde-ogrencilerle-bir-araya-geldi\\\/#primaryimage\",\"url\":\"https:\\\/\\\/memurunsesi.net\\\/wp-content\\\/uploads\\\/2025\\\/05\\\/AW459978_01.jpg\",\"contentUrl\":\"https:\\\/\\\/memurunsesi.net\\\/wp-content\\\/uploads\\\/2025\\\/05\\\/AW459978_01.jpg\",\"width\":1199,\"height\":800,\"caption\":\"\u0130\u00c7\u0130\u015eLER\u0130 BAKANI AL\u0130 YERL\u0130KAYA, POL\u0130S AKADEM\u0130S\u0130N\u0130 Z\u0130YARET EDEREK \u00d6\u011eRENC\u0130LERLE B\u0130R ARAYA GELD\u0130. (\u0130HA\\\/ANKARA-\u0130HA) \u0130\u00e7i\u015fleri Bakan\u0131 Ali Yerlikaya, Polis Akademisini ziyaret ederek \u00f6\u011frencilerle bir araya geldi.\"},{\"@type\":\"BreadcrumbList\",\"@id\":\"https:\\\/\\\/memurunsesi.net\\\/index.php\\\/2025\\\/05\\\/21\\\/bakan-yerlikaya-polis-akademisinde-ogrencilerle-bir-araya-geldi\\\/#breadcrumb\",\"itemListElement\":[{\"@type\":\"ListItem\",\"position\":1,\"name\":\"Anasayfa\",\"item\":\"https:\\\/\\\/memurunsesi.net\\\/\"},{\"@type\":\"ListItem\",\"position\":2,\"name\":\"Bakan Yerlikaya, Polis Akademisinde \u00f6\u011frencilerle bir araya geldi\"}]},{\"@type\":\"WebSite\",\"@id\":\"https:\\\/\\\/memurunsesi.net\\\/#website\",\"url\":\"https:\\\/\\\/memurunsesi.net\\\/\",\"name\":\"Memurun Sesi\",\"description\":\"G\u00fcncel ve Do\u011fru Haber\",\"publisher\":{\"@id\":\"https:\\\/\\\/memurunsesi.net\\\/#organization\"},\"potentialAction\":[{\"@type\":\"SearchAction\",\"target\":{\"@type\":\"EntryPoint\",\"urlTemplate\":\"https:\\\/\\\/memurunsesi.net\\\/?s={search_term_string}\"},\"query-input\":{\"@type\":\"PropertyValueSpecification\",\"valueRequired\":true,\"valueName\":\"search_term_string\"}}],\"inLanguage\":\"tr\"},{\"@type\":\"Organization\",\"@id\":\"https:\\\/\\\/memurunsesi.net\\\/#organization\",\"name\":\"Memurun Sesi\",\"url\":\"https:\\\/\\\/memurunsesi.net\\\/\",\"logo\":{\"@type\":\"ImageObject\",\"inLanguage\":\"tr\",\"@id\":\"https:\\\/\\\/memurunsesi.net\\\/#\\\/schema\\\/logo\\\/image\\\/\",\"url\":\"https:\\\/\\\/memurunsesi.net\\\/wp-content\\\/uploads\\\/2025\\\/11\\\/cropped-MEMURUN-SESI.png\",\"contentUrl\":\"https:\\\/\\\/memurunsesi.net\\\/wp-content\\\/uploads\\\/2025\\\/11\\\/cropped-MEMURUN-SESI.png\",\"width\":238,\"height\":57,\"caption\":\"Memurun Sesi\"},\"image\":{\"@id\":\"https:\\\/\\\/memurunsesi.net\\\/#\\\/schema\\\/logo\\\/image\\\/\"},\"sameAs\":[\"https:\\\/\\\/www.facebook.com\\\/unipersen\\\/?locale=tr_TR\",\"https:\\\/\\\/x.com\\\/unipersen\"]},{\"@type\":\"Person\",\"@id\":\"https:\\\/\\\/memurunsesi.net\\\/#\\\/schema\\\/person\\\/f21c2d73b89f6ee1d80b0a1803e38587\",\"name\":\"Memurun Sesi Haber Merkezi\",\"image\":{\"@type\":\"ImageObject\",\"inLanguage\":\"tr\",\"@id\":\"https:\\\/\\\/secure.gravatar.com\\\/avatar\\\/6cf0505f452ee753f485014986fab09a434671d2b919ee76fc541025c5876a70?s=96&d=mm&r=g\",\"url\":\"https:\\\/\\\/secure.gravatar.com\\\/avatar\\\/6cf0505f452ee753f485014986fab09a434671d2b919ee76fc541025c5876a70?s=96&d=mm&r=g\",\"contentUrl\":\"https:\\\/\\\/secure.gravatar.com\\\/avatar\\\/6cf0505f452ee753f485014986fab09a434671d2b919ee76fc541025c5876a70?s=96&d=mm&r=g\",\"caption\":\"Memurun Sesi Haber Merkezi\"},\"sameAs\":[\"https:\\\/\\\/memurunsesi.net\"],\"url\":\"https:\\\/\\\/memurunsesi.net\\\/index.php\\\/author\\\/uniper\\\/\"}]}<\/script>\n<!-- \/ Yoast SEO plugin. -->","yoast_head_json":{"title":"Bakan Yerlikaya, Polis Akademisinde \u00f6\u011frencilerle bir araya geldi - Memurun Sesi","robots":{"index":"index","follow":"follow","max-snippet":"max-snippet:-1","max-image-preview":"max-image-preview:large","max-video-preview":"max-video-preview:-1"},"canonical":"https:\/\/memurunsesi.net\/index.php\/2025\/05\/21\/bakan-yerlikaya-polis-akademisinde-ogrencilerle-bir-araya-geldi\/","og_locale":"tr_TR","og_type":"article","og_title":"Bakan Yerlikaya, Polis Akademisinde \u00f6\u011frencilerle bir araya geldi - Memurun Sesi","og_description":"\u0130\u00e7i\u015fleri Bakan\u0131 Ali Yerlikaya, Polis Akademisini ziyaret ederek \u00f6\u011frencilerle bir araya geldi. Bakan Yerlikaya, ziyarete ili\u015fkin sosyal medya hesab\u0131ndan yapt\u0131\u011f\u0131 payla\u015f\u0131m\u0131nda, &#8220;Polis Akademimizi ziyaretimde, \u00fclkemizin huzur ve g\u00fcvenli\u011finin teminat\u0131 i\u00e7in canla ba\u015fla \u00e7al\u0131\u015fmaya haz\u0131rlanan k\u0131ymetli \u00f6\u011frencilerimizle bir araya geldim. Polis Akademimiz, sadece bir e\u011fitim kurumu de\u011fil, ayn\u0131 zamanda bilgiyle yo\u011frulan iradenin, vatan sevgisiyle b\u00fcy\u00fcyen y\u00fcreklerin [&hellip;]","og_url":"https:\/\/memurunsesi.net\/index.php\/2025\/05\/21\/bakan-yerlikaya-polis-akademisinde-ogrencilerle-bir-araya-geldi\/","og_site_name":"Memurun Sesi","article_publisher":"https:\/\/www.facebook.com\/unipersen\/?locale=tr_TR","article_published_time":"2025-05-21T20:37:02+00:00","og_image":[{"width":1199,"height":800,"url":"https:\/\/memurunsesi.net\/wp-content\/uploads\/2025\/05\/AW459978_01.jpg","type":"image\/jpeg"}],"author":"Memurun Sesi Haber Merkezi","twitter_card":"summary_large_image","twitter_creator":"@unipersen","twitter_site":"@unipersen","twitter_misc":{"Yazan:":"Memurun Sesi Haber Merkezi","Tahmini okuma s\u00fcresi":"1 dakika"},"schema":{"@context":"https:\/\/schema.org","@graph":[{"@type":"Article","@id":"https:\/\/memurunsesi.net\/index.php\/2025\/05\/21\/bakan-yerlikaya-polis-akademisinde-ogrencilerle-bir-araya-geldi\/#article","isPartOf":{"@id":"https:\/\/memurunsesi.net\/index.php\/2025\/05\/21\/bakan-yerlikaya-polis-akademisinde-ogrencilerle-bir-araya-geldi\/"},"author":{"name":"Memurun Sesi Haber Merkezi","@id":"https:\/\/memurunsesi.net\/#\/schema\/person\/f21c2d73b89f6ee1d80b0a1803e38587"},"headline":"Bakan Yerlikaya, Polis Akademisinde \u00f6\u011frencilerle bir araya geldi","datePublished":"2025-05-21T20:37:02+00:00","mainEntityOfPage":{"@id":"https:\/\/memurunsesi.net\/index.php\/2025\/05\/21\/bakan-yerlikaya-polis-akademisinde-ogrencilerle-bir-araya-geldi\/"},"wordCount":243,"commentCount":0,"publisher":{"@id":"https:\/\/memurunsesi.net\/#organization"},"image":{"@id":"https:\/\/memurunsesi.net\/index.php\/2025\/05\/21\/bakan-yerlikaya-polis-akademisinde-ogrencilerle-bir-araya-geldi\/#primaryimage"},"thumbnailUrl":"https:\/\/memurunsesi.net\/wp-content\/uploads\/2025\/05\/AW459978_01.jpg","inLanguage":"tr","potentialAction":[{"@type":"CommentAction","name":"Comment","target":["https:\/\/memurunsesi.net\/index.php\/2025\/05\/21\/bakan-yerlikaya-polis-akademisinde-ogrencilerle-bir-araya-geldi\/#respond"]}]},{"@type":"WebPage","@id":"https:\/\/memurunsesi.net\/index.php\/2025\/05\/21\/bakan-yerlikaya-polis-akademisinde-ogrencilerle-bir-araya-geldi\/","url":"https:\/\/memurunsesi.net\/index.php\/2025\/05\/21\/bakan-yerlikaya-polis-akademisinde-ogrencilerle-bir-araya-geldi\/","name":"Bakan Yerlikaya, Polis Akademisinde \u00f6\u011frencilerle bir araya geldi - Memurun Sesi","isPartOf":{"@id":"https:\/\/memurunsesi.net\/#website"},"primaryImageOfPage":{"@id":"https:\/\/memurunsesi.net\/index.php\/2025\/05\/21\/bakan-yerlikaya-polis-akademisinde-ogrencilerle-bir-araya-geldi\/#primaryimage"},"image":{"@id":"https:\/\/memurunsesi.net\/index.php\/2025\/05\/21\/bakan-yerlikaya-polis-akademisinde-ogrencilerle-bir-araya-geldi\/#primaryimage"},"thumbnailUrl":"https:\/\/memurunsesi.net\/wp-content\/uploads\/2025\/05\/AW459978_01.jpg","datePublished":"2025-05-21T20:37:02+00:00","breadcrumb":{"@id":"https:\/\/memurunsesi.net\/index.php\/2025\/05\/21\/bakan-yerlikaya-polis-akademisinde-ogrencilerle-bir-araya-geldi\/#breadcrumb"},"inLanguage":"tr","potentialAction":[{"@type":"ReadAction","target":["https:\/\/memurunsesi.net\/index.php\/2025\/05\/21\/bakan-yerlikaya-polis-akademisinde-ogrencilerle-bir-araya-geldi\/"]}]},{"@type":"ImageObject","inLanguage":"tr","@id":"https:\/\/memurunsesi.net\/index.php\/2025\/05\/21\/bakan-yerlikaya-polis-akademisinde-ogrencilerle-bir-araya-geldi\/#primaryimage","url":"https:\/\/memurunsesi.net\/wp-content\/uploads\/2025\/05\/AW459978_01.jpg","contentUrl":"https:\/\/memurunsesi.net\/wp-content\/uploads\/2025\/05\/AW459978_01.jpg","width":1199,"height":800,"caption":"\u0130\u00c7\u0130\u015eLER\u0130 BAKANI AL\u0130 YERL\u0130KAYA, POL\u0130S AKADEM\u0130S\u0130N\u0130 Z\u0130YARET EDEREK \u00d6\u011eRENC\u0130LERLE B\u0130R ARAYA GELD\u0130. (\u0130HA\/ANKARA-\u0130HA) \u0130\u00e7i\u015fleri Bakan\u0131 Ali Yerlikaya, Polis Akademisini ziyaret ederek \u00f6\u011frencilerle bir araya geldi."},{"@type":"BreadcrumbList","@id":"https:\/\/memurunsesi.net\/index.php\/2025\/05\/21\/bakan-yerlikaya-polis-akademisinde-ogrencilerle-bir-araya-geldi\/#breadcrumb","itemListElement":[{"@type":"ListItem","position":1,"name":"Anasayfa","item":"https:\/\/memurunsesi.net\/"},{"@type":"ListItem","position":2,"name":"Bakan Yerlikaya, Polis Akademisinde \u00f6\u011frencilerle bir araya geldi"}]},{"@type":"WebSite","@id":"https:\/\/memurunsesi.net\/#website","url":"https:\/\/memurunsesi.net\/","name":"Memurun Sesi","description":"G\u00fcncel ve Do\u011fru Haber","publisher":{"@id":"https:\/\/memurunsesi.net\/#organization"},"potentialAction":[{"@type":"SearchAction","target":{"@type":"EntryPoint","urlTemplate":"https:\/\/memurunsesi.net\/?s={search_term_string}"},"query-input":{"@type":"PropertyValueSpecification","valueRequired":true,"valueName":"search_term_string"}}],"inLanguage":"tr"},{"@type":"Organization","@id":"https:\/\/memurunsesi.net\/#organization","name":"Memurun Sesi","url":"https:\/\/memurunsesi.net\/","logo":{"@type":"ImageObject","inLanguage":"tr","@id":"https:\/\/memurunsesi.net\/#\/schema\/logo\/image\/","url":"https:\/\/memurunsesi.net\/wp-content\/uploads\/2025\/11\/cropped-MEMURUN-SESI.png","contentUrl":"https:\/\/memurunsesi.net\/wp-content\/uploads\/2025\/11\/cropped-MEMURUN-SESI.png","width":238,"height":57,"caption":"Memurun Sesi"},"image":{"@id":"https:\/\/memurunsesi.net\/#\/schema\/logo\/image\/"},"sameAs":["https:\/\/www.facebook.com\/unipersen\/?locale=tr_TR","https:\/\/x.com\/unipersen"]},{"@type":"Person","@id":"https:\/\/memurunsesi.net\/#\/schema\/person\/f21c2d73b89f6ee1d80b0a1803e38587","name":"Memurun Sesi Haber Merkezi","image":{"@type":"ImageObject","inLanguage":"tr","@id":"https:\/\/secure.gravatar.com\/avatar\/6cf0505f452ee753f485014986fab09a434671d2b919ee76fc541025c5876a70?s=96&d=mm&r=g","url":"https:\/\/secure.gravatar.com\/avatar\/6cf0505f452ee753f485014986fab09a434671d2b919ee76fc541025c5876a70?s=96&d=mm&r=g","contentUrl":"https:\/\/secure.gravatar.com\/avatar\/6cf0505f452ee753f485014986fab09a434671d2b919ee76fc541025c5876a70?s=96&d=mm&r=g","caption":"Memurun Sesi Haber Merkezi"},"sameAs":["https:\/\/memurunsesi.net"],"url":"https:\/\/memurunsesi.net\/index.php\/author\/uniper\/"}]}},"_links":{"self":[{"href":"https:\/\/memurunsesi.net\/index.php\/wp-json\/wp\/v2\/posts\/7128","targetHints":{"allow":["GET"]}}],"collection":[{"href":"https:\/\/memurunsesi.net\/index.php\/wp-json\/wp\/v2\/posts"}],"about":[{"href":"https:\/\/memurunsesi.net\/index.php\/wp-json\/wp\/v2\/types\/post"}],"author":[{"embeddable":true,"href":"https:\/\/memurunsesi.net\/index.php\/wp-json\/wp\/v2\/users\/1"}],"replies":[{"embeddable":true,"href":"https:\/\/memurunsesi.net\/index.php\/wp-json\/wp\/v2\/comments?post=7128"}],"version-history":[{"count":1,"href":"https:\/\/memurunsesi.net\/index.php\/wp-json\/wp\/v2\/posts\/7128\/revisions"}],"predecessor-version":[{"id":7130,"href":"https:\/\/memurunsesi.net\/index.php\/wp-json\/wp\/v2\/posts\/7128\/revisions\/7130"}],"wp:featuredmedia":[{"embeddable":true,"href":"https:\/\/memurunsesi.net\/index.php\/wp-json\/wp\/v2\/media\/7129"}],"wp:attachment":[{"href":"https:\/\/memurunsesi.net\/index.php\/wp-json\/wp\/v2\/media?parent=7128"}],"wp:term":[{"taxonomy":"category","embeddable":true,"href":"https:\/\/memurunsesi.net\/index.php\/wp-json\/wp\/v2\/categories?post=7128"},{"taxonomy":"post_tag","embeddable":true,"href":"https:\/\/memurunsesi.net\/index.php\/wp-json\/wp\/v2\/tags?post=7128"}],"curies":[{"name":"wp","href":"https:\/\/api.w.org\/{rel}","templated":true}]}}