{"id":7134,"date":"2025-05-21T23:39:51","date_gmt":"2025-05-21T20:39:51","guid":{"rendered":"https:\/\/memurunsesi.net\/?p=7134"},"modified":"2025-05-21T23:39:51","modified_gmt":"2025-05-21T20:39:51","slug":"samsunda-meslek-liseliler-su-altinda-gidebilen-ve-goruntu-kaydeden-arac-yapti","status":"publish","type":"post","link":"https:\/\/memurunsesi.net\/index.php\/2025\/05\/21\/samsunda-meslek-liseliler-su-altinda-gidebilen-ve-goruntu-kaydeden-arac-yapti\/","title":{"rendered":"Samsun&#8217;da meslek liseliler su alt\u0131nda gidebilen ve g\u00f6r\u00fcnt\u00fc kaydeden ara\u00e7 yapt\u0131"},"content":{"rendered":"<p> Samsun&#8217;da meslek liseliler \u00f6\u011fretmenleriyle birlikte su alt\u0131nda gidebilen ve g\u00f6r\u00fcnt\u00fc kaydeden ara\u00e7 yapt\u0131.<br \/>\nSamsun Atakum Mesleki ve Teknik Anadolu Lisesi \u00f6\u011fretmen ve \u00f6\u011frencileri &#8216;Su Alt\u0131 D\u00fcnyas\u0131&#8217; ismini verdikleri proje \u00e7er\u00e7evesinde su alt\u0131nda gidebilen bir ara\u00e7 geli\u015ftirdi. Uzaktan kumanda ile y\u00f6nlendirilebilen su alt\u0131 arac\u0131 ayn\u0131 zamanda g\u00f6r\u00fcnt\u00fc de kaydedebiliyor. Proje hakk\u0131nda bilgi veren okulun Elektrik Elektronik Teknolojisi \u00d6\u011fretmeni Nazmi Y\u0131lmaz, &#8220;Su alt\u0131n\u0131 incelemek i\u00e7in su alt\u0131 ara\u00e7 geli\u015ftirdik. Bu ara\u00e7la yar\u0131\u015fmalara haz\u0131rlan\u0131yoruz. Su alt\u0131 derinliklerde neler olup bitti\u011finin anlamak, su alt\u0131ndaki canl\u0131lar\u0131 incelemek i\u00e7in su alt\u0131 arac\u0131 yapt\u0131k. \u00dczerinde kamera bulunuyor. Bunu m\u00fcmk\u00fcn oldu\u011fu kadar minimum maliyetle geli\u015ftirmeye \u00e7al\u0131\u015ft\u0131k. Normalde dal\u0131\u015f ekipmanlar\u0131 pahal\u0131 ekipmanlard\u0131r. Bunu daha uygun maliyetlerle kendi \u00e7abam\u0131zla yapmaya \u00e7al\u0131\u015ft\u0131k&#8221; dedi. <\/p>\n<p>20.05.2025                               <\/p>\n","protected":false},"excerpt":{"rendered":"<p>Samsun&#8217;da meslek liseliler \u00f6\u011fretmenleriyle birlikte su alt\u0131nda gidebilen ve g\u00f6r\u00fcnt\u00fc kaydeden ara\u00e7 yapt\u0131. Samsun Atakum Mesleki ve Teknik Anadolu Lisesi \u00f6\u011fretmen ve \u00f6\u011frencileri &#8216;Su Alt\u0131 D\u00fcnyas\u0131&#8217; ismini verdikleri proje \u00e7er\u00e7evesinde su alt\u0131nda gidebilen bir ara\u00e7 geli\u015ftirdi. Uzaktan kumanda ile y\u00f6nlendirilebilen su alt\u0131 arac\u0131 ayn\u0131 zamanda g\u00f6r\u00fcnt\u00fc de kaydedebiliyor. Proje hakk\u0131nda bilgi veren okulun Elektrik Elektronik [&hellip;]<\/p>\n","protected":false},"author":1,"featured_media":7135,"comment_status":"open","ping_status":"open","sticky":false,"template":"","format":"standard","meta":{"footnotes":""},"categories":[51],"tags":[],"class_list":["post-7134","post","type-post","status-publish","format-standard","has-post-thumbnail","hentry","category-teknoloji"],"yoast_head":"<!-- This site is optimized with the Yoast SEO plugin v27.4 - https:\/\/yoast.com\/product\/yoast-seo-wordpress\/ -->\n<title>Samsun&#039;da meslek liseliler su alt\u0131nda gidebilen ve g\u00f6r\u00fcnt\u00fc kaydeden ara\u00e7 yapt\u0131 - Memurun Sesi<\/title>\n<meta name=\"robots\" content=\"index, follow, max-snippet:-1, max-image-preview:large, max-video-preview:-1\" \/>\n<link rel=\"canonical\" href=\"https:\/\/memurunsesi.net\/index.php\/2025\/05\/21\/samsunda-meslek-liseliler-su-altinda-gidebilen-ve-goruntu-kaydeden-arac-yapti\/\" \/>\n<meta property=\"og:locale\" content=\"tr_TR\" \/>\n<meta property=\"og:type\" content=\"article\" \/>\n<meta property=\"og:title\" content=\"Samsun&#039;da meslek liseliler su alt\u0131nda gidebilen ve g\u00f6r\u00fcnt\u00fc kaydeden ara\u00e7 yapt\u0131 - Memurun Sesi\" \/>\n<meta property=\"og:description\" content=\"Samsun&#8217;da meslek liseliler \u00f6\u011fretmenleriyle birlikte su alt\u0131nda gidebilen ve g\u00f6r\u00fcnt\u00fc kaydeden ara\u00e7 yapt\u0131. Samsun Atakum Mesleki ve Teknik Anadolu Lisesi \u00f6\u011fretmen ve \u00f6\u011frencileri &#8216;Su Alt\u0131 D\u00fcnyas\u0131&#8217; ismini verdikleri proje \u00e7er\u00e7evesinde su alt\u0131nda gidebilen bir ara\u00e7 geli\u015ftirdi. Uzaktan kumanda ile y\u00f6nlendirilebilen su alt\u0131 arac\u0131 ayn\u0131 zamanda g\u00f6r\u00fcnt\u00fc de kaydedebiliyor. Proje hakk\u0131nda bilgi veren okulun Elektrik Elektronik [&hellip;]\" \/>\n<meta property=\"og:url\" content=\"https:\/\/memurunsesi.net\/index.php\/2025\/05\/21\/samsunda-meslek-liseliler-su-altinda-gidebilen-ve-goruntu-kaydeden-arac-yapti\/\" \/>\n<meta property=\"og:site_name\" content=\"Memurun Sesi\" \/>\n<meta property=\"article:publisher\" content=\"https:\/\/www.facebook.com\/unipersen\/?locale=tr_TR\" \/>\n<meta property=\"article:published_time\" content=\"2025-05-21T20:39:51+00:00\" \/>\n<meta property=\"og:image\" content=\"https:\/\/memurunsesi.net\/wp-content\/uploads\/2025\/05\/AW459022_02-scaled.jpg\" \/>\n\t<meta property=\"og:image:width\" content=\"2560\" \/>\n\t<meta property=\"og:image:height\" content=\"1707\" \/>\n\t<meta property=\"og:image:type\" content=\"image\/jpeg\" \/>\n<meta name=\"author\" content=\"Memurun Sesi Haber Merkezi\" \/>\n<meta name=\"twitter:card\" content=\"summary_large_image\" \/>\n<meta name=\"twitter:creator\" content=\"@unipersen\" \/>\n<meta name=\"twitter:site\" content=\"@unipersen\" \/>\n<meta name=\"twitter:label1\" content=\"Yazan:\" \/>\n\t<meta name=\"twitter:data1\" content=\"Memurun Sesi Haber Merkezi\" \/>\n\t<meta name=\"twitter:label2\" content=\"Tahmini okuma s\u00fcresi\" \/>\n\t<meta name=\"twitter:data2\" content=\"1 dakika\" \/>\n<script type=\"application\/ld+json\" class=\"yoast-schema-graph\">{\"@context\":\"https:\\\/\\\/schema.org\",\"@graph\":[{\"@type\":\"Article\",\"@id\":\"https:\\\/\\\/memurunsesi.net\\\/index.php\\\/2025\\\/05\\\/21\\\/samsunda-meslek-liseliler-su-altinda-gidebilen-ve-goruntu-kaydeden-arac-yapti\\\/#article\",\"isPartOf\":{\"@id\":\"https:\\\/\\\/memurunsesi.net\\\/index.php\\\/2025\\\/05\\\/21\\\/samsunda-meslek-liseliler-su-altinda-gidebilen-ve-goruntu-kaydeden-arac-yapti\\\/\"},\"author\":{\"name\":\"Memurun Sesi Haber Merkezi\",\"@id\":\"https:\\\/\\\/memurunsesi.net\\\/#\\\/schema\\\/person\\\/f21c2d73b89f6ee1d80b0a1803e38587\"},\"headline\":\"Samsun&#8217;da meslek liseliler su alt\u0131nda gidebilen ve g\u00f6r\u00fcnt\u00fc kaydeden ara\u00e7 yapt\u0131\",\"datePublished\":\"2025-05-21T20:39:51+00:00\",\"mainEntityOfPage\":{\"@id\":\"https:\\\/\\\/memurunsesi.net\\\/index.php\\\/2025\\\/05\\\/21\\\/samsunda-meslek-liseliler-su-altinda-gidebilen-ve-goruntu-kaydeden-arac-yapti\\\/\"},\"wordCount\":162,\"commentCount\":0,\"publisher\":{\"@id\":\"https:\\\/\\\/memurunsesi.net\\\/#organization\"},\"image\":{\"@id\":\"https:\\\/\\\/memurunsesi.net\\\/index.php\\\/2025\\\/05\\\/21\\\/samsunda-meslek-liseliler-su-altinda-gidebilen-ve-goruntu-kaydeden-arac-yapti\\\/#primaryimage\"},\"thumbnailUrl\":\"https:\\\/\\\/memurunsesi.net\\\/wp-content\\\/uploads\\\/2025\\\/05\\\/AW459022_02-scaled.jpg\",\"articleSection\":[\"Teknoloji\"],\"inLanguage\":\"tr\",\"potentialAction\":[{\"@type\":\"CommentAction\",\"name\":\"Comment\",\"target\":[\"https:\\\/\\\/memurunsesi.net\\\/index.php\\\/2025\\\/05\\\/21\\\/samsunda-meslek-liseliler-su-altinda-gidebilen-ve-goruntu-kaydeden-arac-yapti\\\/#respond\"]}]},{\"@type\":\"WebPage\",\"@id\":\"https:\\\/\\\/memurunsesi.net\\\/index.php\\\/2025\\\/05\\\/21\\\/samsunda-meslek-liseliler-su-altinda-gidebilen-ve-goruntu-kaydeden-arac-yapti\\\/\",\"url\":\"https:\\\/\\\/memurunsesi.net\\\/index.php\\\/2025\\\/05\\\/21\\\/samsunda-meslek-liseliler-su-altinda-gidebilen-ve-goruntu-kaydeden-arac-yapti\\\/\",\"name\":\"Samsun'da meslek liseliler su alt\u0131nda gidebilen ve g\u00f6r\u00fcnt\u00fc kaydeden ara\u00e7 yapt\u0131 - Memurun Sesi\",\"isPartOf\":{\"@id\":\"https:\\\/\\\/memurunsesi.net\\\/#website\"},\"primaryImageOfPage\":{\"@id\":\"https:\\\/\\\/memurunsesi.net\\\/index.php\\\/2025\\\/05\\\/21\\\/samsunda-meslek-liseliler-su-altinda-gidebilen-ve-goruntu-kaydeden-arac-yapti\\\/#primaryimage\"},\"image\":{\"@id\":\"https:\\\/\\\/memurunsesi.net\\\/index.php\\\/2025\\\/05\\\/21\\\/samsunda-meslek-liseliler-su-altinda-gidebilen-ve-goruntu-kaydeden-arac-yapti\\\/#primaryimage\"},\"thumbnailUrl\":\"https:\\\/\\\/memurunsesi.net\\\/wp-content\\\/uploads\\\/2025\\\/05\\\/AW459022_02-scaled.jpg\",\"datePublished\":\"2025-05-21T20:39:51+00:00\",\"breadcrumb\":{\"@id\":\"https:\\\/\\\/memurunsesi.net\\\/index.php\\\/2025\\\/05\\\/21\\\/samsunda-meslek-liseliler-su-altinda-gidebilen-ve-goruntu-kaydeden-arac-yapti\\\/#breadcrumb\"},\"inLanguage\":\"tr\",\"potentialAction\":[{\"@type\":\"ReadAction\",\"target\":[\"https:\\\/\\\/memurunsesi.net\\\/index.php\\\/2025\\\/05\\\/21\\\/samsunda-meslek-liseliler-su-altinda-gidebilen-ve-goruntu-kaydeden-arac-yapti\\\/\"]}]},{\"@type\":\"ImageObject\",\"inLanguage\":\"tr\",\"@id\":\"https:\\\/\\\/memurunsesi.net\\\/index.php\\\/2025\\\/05\\\/21\\\/samsunda-meslek-liseliler-su-altinda-gidebilen-ve-goruntu-kaydeden-arac-yapti\\\/#primaryimage\",\"url\":\"https:\\\/\\\/memurunsesi.net\\\/wp-content\\\/uploads\\\/2025\\\/05\\\/AW459022_02-scaled.jpg\",\"contentUrl\":\"https:\\\/\\\/memurunsesi.net\\\/wp-content\\\/uploads\\\/2025\\\/05\\\/AW459022_02-scaled.jpg\",\"width\":2560,\"height\":1707,\"caption\":\"SAMSUN'DA B\u0130R L\u0130SEDE \u00d6\u011eRETMEN VE \u00d6\u011eRENC\u0130LER SU ALTINDA G\u0130DEB\u0130LEN VE G\u00d6R\u00dcNT\u00dc KAYDEDEN ARA\u00c7 YAPTI (FURKAN ABREK \u00dcNAL\\\/SAMSUN-\u0130HA) Samsun'da meslek liseliler \u00f6\u011fretmenleriyle birlikte su alt\u0131nda gidebilen ve g\u00f6r\u00fcnt\u00fc kaydeden ara\u00e7 yapt\u0131.\"},{\"@type\":\"BreadcrumbList\",\"@id\":\"https:\\\/\\\/memurunsesi.net\\\/index.php\\\/2025\\\/05\\\/21\\\/samsunda-meslek-liseliler-su-altinda-gidebilen-ve-goruntu-kaydeden-arac-yapti\\\/#breadcrumb\",\"itemListElement\":[{\"@type\":\"ListItem\",\"position\":1,\"name\":\"Anasayfa\",\"item\":\"https:\\\/\\\/memurunsesi.net\\\/\"},{\"@type\":\"ListItem\",\"position\":2,\"name\":\"Samsun&#8217;da meslek liseliler su alt\u0131nda gidebilen ve g\u00f6r\u00fcnt\u00fc kaydeden ara\u00e7 yapt\u0131\"}]},{\"@type\":\"WebSite\",\"@id\":\"https:\\\/\\\/memurunsesi.net\\\/#website\",\"url\":\"https:\\\/\\\/memurunsesi.net\\\/\",\"name\":\"Memurun Sesi\",\"description\":\"G\u00fcncel ve Do\u011fru Haber\",\"publisher\":{\"@id\":\"https:\\\/\\\/memurunsesi.net\\\/#organization\"},\"potentialAction\":[{\"@type\":\"SearchAction\",\"target\":{\"@type\":\"EntryPoint\",\"urlTemplate\":\"https:\\\/\\\/memurunsesi.net\\\/?s={search_term_string}\"},\"query-input\":{\"@type\":\"PropertyValueSpecification\",\"valueRequired\":true,\"valueName\":\"search_term_string\"}}],\"inLanguage\":\"tr\"},{\"@type\":\"Organization\",\"@id\":\"https:\\\/\\\/memurunsesi.net\\\/#organization\",\"name\":\"Memurun Sesi\",\"url\":\"https:\\\/\\\/memurunsesi.net\\\/\",\"logo\":{\"@type\":\"ImageObject\",\"inLanguage\":\"tr\",\"@id\":\"https:\\\/\\\/memurunsesi.net\\\/#\\\/schema\\\/logo\\\/image\\\/\",\"url\":\"https:\\\/\\\/memurunsesi.net\\\/wp-content\\\/uploads\\\/2025\\\/11\\\/cropped-MEMURUN-SESI.png\",\"contentUrl\":\"https:\\\/\\\/memurunsesi.net\\\/wp-content\\\/uploads\\\/2025\\\/11\\\/cropped-MEMURUN-SESI.png\",\"width\":238,\"height\":57,\"caption\":\"Memurun Sesi\"},\"image\":{\"@id\":\"https:\\\/\\\/memurunsesi.net\\\/#\\\/schema\\\/logo\\\/image\\\/\"},\"sameAs\":[\"https:\\\/\\\/www.facebook.com\\\/unipersen\\\/?locale=tr_TR\",\"https:\\\/\\\/x.com\\\/unipersen\"]},{\"@type\":\"Person\",\"@id\":\"https:\\\/\\\/memurunsesi.net\\\/#\\\/schema\\\/person\\\/f21c2d73b89f6ee1d80b0a1803e38587\",\"name\":\"Memurun Sesi Haber Merkezi\",\"image\":{\"@type\":\"ImageObject\",\"inLanguage\":\"tr\",\"@id\":\"https:\\\/\\\/secure.gravatar.com\\\/avatar\\\/6cf0505f452ee753f485014986fab09a434671d2b919ee76fc541025c5876a70?s=96&d=mm&r=g\",\"url\":\"https:\\\/\\\/secure.gravatar.com\\\/avatar\\\/6cf0505f452ee753f485014986fab09a434671d2b919ee76fc541025c5876a70?s=96&d=mm&r=g\",\"contentUrl\":\"https:\\\/\\\/secure.gravatar.com\\\/avatar\\\/6cf0505f452ee753f485014986fab09a434671d2b919ee76fc541025c5876a70?s=96&d=mm&r=g\",\"caption\":\"Memurun Sesi Haber Merkezi\"},\"sameAs\":[\"https:\\\/\\\/memurunsesi.net\"],\"url\":\"https:\\\/\\\/memurunsesi.net\\\/index.php\\\/author\\\/uniper\\\/\"}]}<\/script>\n<!-- \/ Yoast SEO plugin. -->","yoast_head_json":{"title":"Samsun'da meslek liseliler su alt\u0131nda gidebilen ve g\u00f6r\u00fcnt\u00fc kaydeden ara\u00e7 yapt\u0131 - Memurun Sesi","robots":{"index":"index","follow":"follow","max-snippet":"max-snippet:-1","max-image-preview":"max-image-preview:large","max-video-preview":"max-video-preview:-1"},"canonical":"https:\/\/memurunsesi.net\/index.php\/2025\/05\/21\/samsunda-meslek-liseliler-su-altinda-gidebilen-ve-goruntu-kaydeden-arac-yapti\/","og_locale":"tr_TR","og_type":"article","og_title":"Samsun'da meslek liseliler su alt\u0131nda gidebilen ve g\u00f6r\u00fcnt\u00fc kaydeden ara\u00e7 yapt\u0131 - Memurun Sesi","og_description":"Samsun&#8217;da meslek liseliler \u00f6\u011fretmenleriyle birlikte su alt\u0131nda gidebilen ve g\u00f6r\u00fcnt\u00fc kaydeden ara\u00e7 yapt\u0131. Samsun Atakum Mesleki ve Teknik Anadolu Lisesi \u00f6\u011fretmen ve \u00f6\u011frencileri &#8216;Su Alt\u0131 D\u00fcnyas\u0131&#8217; ismini verdikleri proje \u00e7er\u00e7evesinde su alt\u0131nda gidebilen bir ara\u00e7 geli\u015ftirdi. Uzaktan kumanda ile y\u00f6nlendirilebilen su alt\u0131 arac\u0131 ayn\u0131 zamanda g\u00f6r\u00fcnt\u00fc de kaydedebiliyor. Proje hakk\u0131nda bilgi veren okulun Elektrik Elektronik [&hellip;]","og_url":"https:\/\/memurunsesi.net\/index.php\/2025\/05\/21\/samsunda-meslek-liseliler-su-altinda-gidebilen-ve-goruntu-kaydeden-arac-yapti\/","og_site_name":"Memurun Sesi","article_publisher":"https:\/\/www.facebook.com\/unipersen\/?locale=tr_TR","article_published_time":"2025-05-21T20:39:51+00:00","og_image":[{"width":2560,"height":1707,"url":"https:\/\/memurunsesi.net\/wp-content\/uploads\/2025\/05\/AW459022_02-scaled.jpg","type":"image\/jpeg"}],"author":"Memurun Sesi Haber Merkezi","twitter_card":"summary_large_image","twitter_creator":"@unipersen","twitter_site":"@unipersen","twitter_misc":{"Yazan:":"Memurun Sesi Haber Merkezi","Tahmini okuma s\u00fcresi":"1 dakika"},"schema":{"@context":"https:\/\/schema.org","@graph":[{"@type":"Article","@id":"https:\/\/memurunsesi.net\/index.php\/2025\/05\/21\/samsunda-meslek-liseliler-su-altinda-gidebilen-ve-goruntu-kaydeden-arac-yapti\/#article","isPartOf":{"@id":"https:\/\/memurunsesi.net\/index.php\/2025\/05\/21\/samsunda-meslek-liseliler-su-altinda-gidebilen-ve-goruntu-kaydeden-arac-yapti\/"},"author":{"name":"Memurun Sesi Haber Merkezi","@id":"https:\/\/memurunsesi.net\/#\/schema\/person\/f21c2d73b89f6ee1d80b0a1803e38587"},"headline":"Samsun&#8217;da meslek liseliler su alt\u0131nda gidebilen ve g\u00f6r\u00fcnt\u00fc kaydeden ara\u00e7 yapt\u0131","datePublished":"2025-05-21T20:39:51+00:00","mainEntityOfPage":{"@id":"https:\/\/memurunsesi.net\/index.php\/2025\/05\/21\/samsunda-meslek-liseliler-su-altinda-gidebilen-ve-goruntu-kaydeden-arac-yapti\/"},"wordCount":162,"commentCount":0,"publisher":{"@id":"https:\/\/memurunsesi.net\/#organization"},"image":{"@id":"https:\/\/memurunsesi.net\/index.php\/2025\/05\/21\/samsunda-meslek-liseliler-su-altinda-gidebilen-ve-goruntu-kaydeden-arac-yapti\/#primaryimage"},"thumbnailUrl":"https:\/\/memurunsesi.net\/wp-content\/uploads\/2025\/05\/AW459022_02-scaled.jpg","articleSection":["Teknoloji"],"inLanguage":"tr","potentialAction":[{"@type":"CommentAction","name":"Comment","target":["https:\/\/memurunsesi.net\/index.php\/2025\/05\/21\/samsunda-meslek-liseliler-su-altinda-gidebilen-ve-goruntu-kaydeden-arac-yapti\/#respond"]}]},{"@type":"WebPage","@id":"https:\/\/memurunsesi.net\/index.php\/2025\/05\/21\/samsunda-meslek-liseliler-su-altinda-gidebilen-ve-goruntu-kaydeden-arac-yapti\/","url":"https:\/\/memurunsesi.net\/index.php\/2025\/05\/21\/samsunda-meslek-liseliler-su-altinda-gidebilen-ve-goruntu-kaydeden-arac-yapti\/","name":"Samsun'da meslek liseliler su alt\u0131nda gidebilen ve g\u00f6r\u00fcnt\u00fc kaydeden ara\u00e7 yapt\u0131 - Memurun Sesi","isPartOf":{"@id":"https:\/\/memurunsesi.net\/#website"},"primaryImageOfPage":{"@id":"https:\/\/memurunsesi.net\/index.php\/2025\/05\/21\/samsunda-meslek-liseliler-su-altinda-gidebilen-ve-goruntu-kaydeden-arac-yapti\/#primaryimage"},"image":{"@id":"https:\/\/memurunsesi.net\/index.php\/2025\/05\/21\/samsunda-meslek-liseliler-su-altinda-gidebilen-ve-goruntu-kaydeden-arac-yapti\/#primaryimage"},"thumbnailUrl":"https:\/\/memurunsesi.net\/wp-content\/uploads\/2025\/05\/AW459022_02-scaled.jpg","datePublished":"2025-05-21T20:39:51+00:00","breadcrumb":{"@id":"https:\/\/memurunsesi.net\/index.php\/2025\/05\/21\/samsunda-meslek-liseliler-su-altinda-gidebilen-ve-goruntu-kaydeden-arac-yapti\/#breadcrumb"},"inLanguage":"tr","potentialAction":[{"@type":"ReadAction","target":["https:\/\/memurunsesi.net\/index.php\/2025\/05\/21\/samsunda-meslek-liseliler-su-altinda-gidebilen-ve-goruntu-kaydeden-arac-yapti\/"]}]},{"@type":"ImageObject","inLanguage":"tr","@id":"https:\/\/memurunsesi.net\/index.php\/2025\/05\/21\/samsunda-meslek-liseliler-su-altinda-gidebilen-ve-goruntu-kaydeden-arac-yapti\/#primaryimage","url":"https:\/\/memurunsesi.net\/wp-content\/uploads\/2025\/05\/AW459022_02-scaled.jpg","contentUrl":"https:\/\/memurunsesi.net\/wp-content\/uploads\/2025\/05\/AW459022_02-scaled.jpg","width":2560,"height":1707,"caption":"SAMSUN'DA B\u0130R L\u0130SEDE \u00d6\u011eRETMEN VE \u00d6\u011eRENC\u0130LER SU ALTINDA G\u0130DEB\u0130LEN VE G\u00d6R\u00dcNT\u00dc KAYDEDEN ARA\u00c7 YAPTI (FURKAN ABREK \u00dcNAL\/SAMSUN-\u0130HA) Samsun'da meslek liseliler \u00f6\u011fretmenleriyle birlikte su alt\u0131nda gidebilen ve g\u00f6r\u00fcnt\u00fc kaydeden ara\u00e7 yapt\u0131."},{"@type":"BreadcrumbList","@id":"https:\/\/memurunsesi.net\/index.php\/2025\/05\/21\/samsunda-meslek-liseliler-su-altinda-gidebilen-ve-goruntu-kaydeden-arac-yapti\/#breadcrumb","itemListElement":[{"@type":"ListItem","position":1,"name":"Anasayfa","item":"https:\/\/memurunsesi.net\/"},{"@type":"ListItem","position":2,"name":"Samsun&#8217;da meslek liseliler su alt\u0131nda gidebilen ve g\u00f6r\u00fcnt\u00fc kaydeden ara\u00e7 yapt\u0131"}]},{"@type":"WebSite","@id":"https:\/\/memurunsesi.net\/#website","url":"https:\/\/memurunsesi.net\/","name":"Memurun Sesi","description":"G\u00fcncel ve Do\u011fru Haber","publisher":{"@id":"https:\/\/memurunsesi.net\/#organization"},"potentialAction":[{"@type":"SearchAction","target":{"@type":"EntryPoint","urlTemplate":"https:\/\/memurunsesi.net\/?s={search_term_string}"},"query-input":{"@type":"PropertyValueSpecification","valueRequired":true,"valueName":"search_term_string"}}],"inLanguage":"tr"},{"@type":"Organization","@id":"https:\/\/memurunsesi.net\/#organization","name":"Memurun Sesi","url":"https:\/\/memurunsesi.net\/","logo":{"@type":"ImageObject","inLanguage":"tr","@id":"https:\/\/memurunsesi.net\/#\/schema\/logo\/image\/","url":"https:\/\/memurunsesi.net\/wp-content\/uploads\/2025\/11\/cropped-MEMURUN-SESI.png","contentUrl":"https:\/\/memurunsesi.net\/wp-content\/uploads\/2025\/11\/cropped-MEMURUN-SESI.png","width":238,"height":57,"caption":"Memurun Sesi"},"image":{"@id":"https:\/\/memurunsesi.net\/#\/schema\/logo\/image\/"},"sameAs":["https:\/\/www.facebook.com\/unipersen\/?locale=tr_TR","https:\/\/x.com\/unipersen"]},{"@type":"Person","@id":"https:\/\/memurunsesi.net\/#\/schema\/person\/f21c2d73b89f6ee1d80b0a1803e38587","name":"Memurun Sesi Haber Merkezi","image":{"@type":"ImageObject","inLanguage":"tr","@id":"https:\/\/secure.gravatar.com\/avatar\/6cf0505f452ee753f485014986fab09a434671d2b919ee76fc541025c5876a70?s=96&d=mm&r=g","url":"https:\/\/secure.gravatar.com\/avatar\/6cf0505f452ee753f485014986fab09a434671d2b919ee76fc541025c5876a70?s=96&d=mm&r=g","contentUrl":"https:\/\/secure.gravatar.com\/avatar\/6cf0505f452ee753f485014986fab09a434671d2b919ee76fc541025c5876a70?s=96&d=mm&r=g","caption":"Memurun Sesi Haber Merkezi"},"sameAs":["https:\/\/memurunsesi.net"],"url":"https:\/\/memurunsesi.net\/index.php\/author\/uniper\/"}]}},"_links":{"self":[{"href":"https:\/\/memurunsesi.net\/index.php\/wp-json\/wp\/v2\/posts\/7134","targetHints":{"allow":["GET"]}}],"collection":[{"href":"https:\/\/memurunsesi.net\/index.php\/wp-json\/wp\/v2\/posts"}],"about":[{"href":"https:\/\/memurunsesi.net\/index.php\/wp-json\/wp\/v2\/types\/post"}],"author":[{"embeddable":true,"href":"https:\/\/memurunsesi.net\/index.php\/wp-json\/wp\/v2\/users\/1"}],"replies":[{"embeddable":true,"href":"https:\/\/memurunsesi.net\/index.php\/wp-json\/wp\/v2\/comments?post=7134"}],"version-history":[{"count":1,"href":"https:\/\/memurunsesi.net\/index.php\/wp-json\/wp\/v2\/posts\/7134\/revisions"}],"predecessor-version":[{"id":7136,"href":"https:\/\/memurunsesi.net\/index.php\/wp-json\/wp\/v2\/posts\/7134\/revisions\/7136"}],"wp:featuredmedia":[{"embeddable":true,"href":"https:\/\/memurunsesi.net\/index.php\/wp-json\/wp\/v2\/media\/7135"}],"wp:attachment":[{"href":"https:\/\/memurunsesi.net\/index.php\/wp-json\/wp\/v2\/media?parent=7134"}],"wp:term":[{"taxonomy":"category","embeddable":true,"href":"https:\/\/memurunsesi.net\/index.php\/wp-json\/wp\/v2\/categories?post=7134"},{"taxonomy":"post_tag","embeddable":true,"href":"https:\/\/memurunsesi.net\/index.php\/wp-json\/wp\/v2\/tags?post=7134"}],"curies":[{"name":"wp","href":"https:\/\/api.w.org\/{rel}","templated":true}]}}