{"id":7137,"date":"2025-05-21T23:41:38","date_gmt":"2025-05-21T20:41:38","guid":{"rendered":"https:\/\/memurunsesi.net\/?p=7137"},"modified":"2025-05-21T23:41:38","modified_gmt":"2025-05-21T20:41:38","slug":"7137","status":"publish","type":"post","link":"https:\/\/memurunsesi.net\/index.php\/2025\/05\/21\/7137\/","title":{"rendered":""},"content":{"rendered":"<p>  &#8211; Serik&#8217;te \u2018Ba\u011f\u0131ml\u0131 Olma Ba\u011fl\u0131 Ol&#8217; sergisi ve dede torun yar\u0131\u015fmalar\u0131 d\u00fczenlendi   <\/p>\n<p> Antalya&#8217;n\u0131n Serik il\u00e7esinde il\u00e7e Milli E\u011fitim M\u00fcd\u00fcrl\u00fc\u011f\u00fcnce \u2018Ba\u011f\u0131ml\u0131 Olma Ba\u011fl\u0131 Ol&#8217; sergisi d\u00fczenlendi. Teknoloji ve ekran ba\u011f\u0131ml\u0131l\u0131\u011f\u0131ndan uzak durmak i\u00e7in fark\u0131ndal\u0131k olu\u015fturmay\u0131 ama\u00e7layan etkinlik kapsam\u0131nda yap\u0131lan yar\u0131\u015fmalarda ise 7 dede ve torunlar\u0131 birincilik i\u00e7in k\u0131yas\u0131ya yar\u0131\u015ft\u0131.<br \/>\n  Antalya&#8217;n\u0131n Serik il\u00e7esinde Serik Kaymakaml\u0131\u011f\u0131 Milli E\u011fitim M\u00fcd\u00fcrl\u00fc\u011f\u00fcnce \u2018Ba\u011f\u0131ml\u0131 Olma Ba\u011fl\u0131 Ol&#8217; sergisi a\u00e7\u0131ld\u0131. Etkinlikler kapsam\u0131nda d\u00fczenlenen yar\u0131\u015fmalarda ise dedeler ve torunlar\u0131n\u0131n birlikte yar\u0131\u015ft\u0131. Ko\u015fu yar\u0131\u015f\u0131 ile ba\u015flayan etkinlikte 7 dede ve torunu birinci olmak i\u00e7in k\u0131yas\u0131ya m\u00fccadele etti. Atat\u00fcrk caddesi \u00fczerinde d\u00fczenlenen ko\u015fuda Halil \u0130brahim Y\u0131lmaz ve ayn\u0131 ad\u0131 ta\u015f\u0131yan torunu birinci oldu. <\/p>\n<p>  &#8220;An\u0131 olarak kalacak&#8221;<br \/>\n  Yar\u0131\u015fma sonunda duygular\u0131n\u0131 aktaran Y\u0131lmaz, &#8220;\u00c7ok mutluyuz. Birinci olamasayd\u0131k zaten benim yand\u0131\u011f\u0131m g\u00fcnd\u00fc. Torunum eni mahvederdi. Eve sokmazd\u0131. Yap\u0131lan faaliyet \u00e7ok iyi bir faaliyet. Herkes bu \u015fekilde torunlar\u0131na destek olmal\u0131. Bu bizim i\u00e7in bir an\u0131 olarak kalacak. Teknolojiden, bilgisayar ve telefon ba\u011f\u0131ml\u0131l\u0131\u011f\u0131ndan m\u00fcmk\u00fcn oldu\u011funca uzak durmak gerekir. Kendi \u00e7ocuklar\u0131m\u0131za yapmad\u0131k ama torunlar\u0131m\u0131z ba\u015fka bunlar bizim can\u0131m\u0131z&#8221; dedi. <\/p>\n<p>  Y\u00f6r\u00fck k\u00fclt\u00fcr\u00fc tan\u0131t\u0131ld\u0131<br \/>\n  Yar\u0131\u015fmaya kat\u0131lan \u0130mirza Teke ise, teknolojiden, telefonlardan uzak bir g\u00fcn ge\u00e7irdiklerini ve mutlu olduklar\u0131n\u0131 s\u00f6yledi. \u0130smail Topuz da teknolojiye ba\u011f\u0131ml\u0131 olmamak, yap\u0131lan bu fark\u0131ndal\u0131\u011f\u0131n \u00e7ok g\u00fczel oldu\u011funu aktard\u0131. Program\u0131n devam\u0131nda Kaymakaml\u0131k bah\u00e7esinde \u2018Ba\u011f\u0131ml\u0131 Olma Ba\u011fl\u0131 Ol&#8217; fark\u0131ndal\u0131k sergisi a\u00e7\u0131l\u0131\u015f\u0131 yap\u0131ld\u0131. Sergide ge\u00e7mi\u015fe ait \u00fcr\u00fcnler, nine, dede ve torunlar taraf\u0131ndan yap\u0131lan \u00fcr\u00fcnler sergilendi, Y\u00f6r\u00fck k\u00fclt\u00fcr\u00fc tan\u0131t\u0131ld\u0131. <\/p>\n<p>  3 y\u0131ld\u0131r d\u00fczenleniyor<br \/>\n  \u0130l\u00e7e Milli E\u011fitim M\u00fcd\u00fcr\u00fc \u0130kram Ekiz programla ilgili olarak yapt\u0131\u011f\u0131 a\u00e7\u0131klamada, &#8220;Ba\u011f\u0131ml\u0131 olma ba\u011fl\u0131 ol projemizin y\u0131l sonu etkinli\u011fini ger\u00e7ekle\u015ftiriyoruz. Bu proje il\u00e7emizde 3 y\u0131ld\u0131r y\u00fcr\u00fctt\u00fc\u011f\u00fcm\u00fcz bir proje. Ba\u011f\u0131ml\u0131 olma ba\u011fl\u0131 ol derken \u00f6zellikle \u00e7ocuklar\u0131m\u0131z\u0131n teknoloji ve ekran ba\u011f\u0131ml\u0131l\u0131\u011f\u0131ndan uzak tutup onlar\u0131n dede, nine ve ebeveynleri ile kaliteli zaman ge\u00e7irmeleri, ge\u00e7mi\u015fi ve k\u00fclt\u00fcr\u00fcm\u00fcz\u00fc tan\u0131malar\u0131. \u00d6zellikle Y\u00f6r\u00fckler diyar\u0131 Serik il\u00e7esinde, Y\u00f6r\u00fck k\u00fclt\u00fcr\u00fcn\u00fc tan\u0131malar\u0131 bizim i\u00e7in \u00f6nemliydi. Buras\u0131 Y\u00f6r\u00fck \u00e7ad\u0131r\u0131m\u0131zdan tutunda 50-100 y\u0131l \u00f6nce kullan\u0131lan her t\u00fcrl\u00fc stantlar\u0131m\u0131z mevcut&#8221; dedi. <\/p>\n<p>  Dereceye girenlere \u00f6d\u00fcl verildi<br \/>\n  Program protokol taraf\u0131ndan a\u00e7\u0131l\u0131\u015f kurdelesinin kesilmesi, Antalya y\u00f6resi halk oyunlar\u0131 g\u00f6sterileri, nine, dede ve torunlar\u0131 taraf\u0131ndan oynanan Gabard\u0131\u00e7 halk oyunu ve dede, torun ko\u015fusunda dereceye girenlere \u00f6d\u00fcllerin verilmesi ile sona erdi. Dereceye girenlere \u00f6d\u00fclleri Antalya \u0130l Milli E\u011fitim M\u00fcd\u00fcr\u00fc Mehmet Yasin Eri\u015f, programa katk\u0131 sunanlara plaketleri ise \u0130l N\u00fcfus ve Vatanda\u015fl\u0131k M\u00fcd\u00fcr\u00fc Nazmi \u00c7i\u00e7ek taraf\u0131ndan verildi. <\/p>\n<p>  Ku\u015faklar aras\u0131 ba\u011f<br \/>\n  Etkinli\u011fin hedefinin il\u00e7ede belirlenen okullarda \u00f6\u011frenim g\u00f6ren \u00f6\u011frencilerin nine, dede ve ebeveynleri ile kaliteli vakit ge\u00e7irerek ku\u015faklar aras\u0131 ba\u011f\u0131 g\u00fc\u00e7lendirip unutulmaya y\u00fcz tutmu\u015f de\u011ferlere sahip \u00e7\u0131karak teknoloji ba\u011f\u0131ml\u0131l\u0131\u011f\u0131ndan uzakla\u015fmalar\u0131n\u0131 sa\u011flamak oldu\u011fu belirtildi. <\/p>\n<p>  Misafir \u00f6\u011frenciler etkinli\u011fe kat\u0131ld\u0131<br \/>\n  Etkinli\u011fe Antalya \u0130l Milli e\u011fitim M\u00fcd\u00fcr\u00fc Mehmet Yasin Eri\u015f, \u0130l N\u00fcfus ve Vatanda\u015fl\u0131k M\u00fcd\u00fcr\u00fc Nazmi \u00c7i\u00e7ek, Serik Belediye Ba\u015fkan\u0131 Op.Dr. Kadir Kumbul, \u0130l\u00e7e Milli E\u011fitim M\u00fcd\u00fcr\u00fc \u0130kram Ekiz, kurum m\u00fcd\u00fcrleri, okul m\u00fcd\u00fcrleri, \u00f6\u011fretmenler, \u00f6\u011frenciler ve vatanda\u015flar kat\u0131ld\u0131. Etkinli\u011fe ayr\u0131ca Aksu, Kepez ve Muratpa\u015fa il\u00e7elerinden de misafir \u00f6\u011frenciler kat\u0131ld\u0131. <\/p>\n<p>21.05.2025                                  <\/p>\n","protected":false},"excerpt":{"rendered":"<p>&#8211; Serik&#8217;te \u2018Ba\u011f\u0131ml\u0131 Olma Ba\u011fl\u0131 Ol&#8217; sergisi ve dede torun yar\u0131\u015fmalar\u0131 d\u00fczenlendi Antalya&#8217;n\u0131n Serik il\u00e7esinde il\u00e7e Milli E\u011fitim M\u00fcd\u00fcrl\u00fc\u011f\u00fcnce \u2018Ba\u011f\u0131ml\u0131 Olma Ba\u011fl\u0131 Ol&#8217; sergisi d\u00fczenlendi. Teknoloji ve ekran ba\u011f\u0131ml\u0131l\u0131\u011f\u0131ndan uzak durmak i\u00e7in fark\u0131ndal\u0131k olu\u015fturmay\u0131 ama\u00e7layan etkinlik kapsam\u0131nda yap\u0131lan yar\u0131\u015fmalarda ise 7 dede ve torunlar\u0131 birincilik i\u00e7in k\u0131yas\u0131ya yar\u0131\u015ft\u0131. Antalya&#8217;n\u0131n Serik il\u00e7esinde Serik Kaymakaml\u0131\u011f\u0131 Milli E\u011fitim [&hellip;]<\/p>\n","protected":false},"author":1,"featured_media":7138,"comment_status":"open","ping_status":"open","sticky":false,"template":"","format":"standard","meta":{"footnotes":""},"categories":[1],"tags":[],"class_list":["post-7137","post","type-post","status-publish","format-standard","has-post-thumbnail","hentry","category-genel"],"yoast_head":"<!-- This site is optimized with the Yoast SEO plugin v27.4 - https:\/\/yoast.com\/product\/yoast-seo-wordpress\/ -->\n<title>- Memurun Sesi<\/title>\n<meta name=\"robots\" content=\"index, follow, max-snippet:-1, max-image-preview:large, max-video-preview:-1\" \/>\n<link rel=\"canonical\" href=\"https:\/\/memurunsesi.net\/index.php\/2025\/05\/21\/7137\/\" \/>\n<meta property=\"og:locale\" content=\"tr_TR\" \/>\n<meta property=\"og:type\" content=\"article\" \/>\n<meta property=\"og:title\" content=\"- Memurun Sesi\" \/>\n<meta property=\"og:description\" content=\"&#8211; Serik&#8217;te \u2018Ba\u011f\u0131ml\u0131 Olma Ba\u011fl\u0131 Ol&#8217; sergisi ve dede torun yar\u0131\u015fmalar\u0131 d\u00fczenlendi Antalya&#8217;n\u0131n Serik il\u00e7esinde il\u00e7e Milli E\u011fitim M\u00fcd\u00fcrl\u00fc\u011f\u00fcnce \u2018Ba\u011f\u0131ml\u0131 Olma Ba\u011fl\u0131 Ol&#8217; sergisi d\u00fczenlendi. Teknoloji ve ekran ba\u011f\u0131ml\u0131l\u0131\u011f\u0131ndan uzak durmak i\u00e7in fark\u0131ndal\u0131k olu\u015fturmay\u0131 ama\u00e7layan etkinlik kapsam\u0131nda yap\u0131lan yar\u0131\u015fmalarda ise 7 dede ve torunlar\u0131 birincilik i\u00e7in k\u0131yas\u0131ya yar\u0131\u015ft\u0131. Antalya&#8217;n\u0131n Serik il\u00e7esinde Serik Kaymakaml\u0131\u011f\u0131 Milli E\u011fitim [&hellip;]\" \/>\n<meta property=\"og:url\" content=\"https:\/\/memurunsesi.net\/index.php\/2025\/05\/21\/7137\/\" \/>\n<meta property=\"og:site_name\" content=\"Memurun Sesi\" \/>\n<meta property=\"article:publisher\" content=\"https:\/\/www.facebook.com\/unipersen\/?locale=tr_TR\" \/>\n<meta property=\"article:published_time\" content=\"2025-05-21T20:41:38+00:00\" \/>\n<meta property=\"og:image\" content=\"https:\/\/memurunsesi.net\/wp-content\/uploads\/2025\/05\/AW459924_11.jpg\" \/>\n\t<meta property=\"og:image:width\" content=\"1600\" \/>\n\t<meta property=\"og:image:height\" content=\"1066\" \/>\n\t<meta property=\"og:image:type\" content=\"image\/jpeg\" \/>\n<meta name=\"author\" content=\"Memurun Sesi Haber Merkezi\" \/>\n<meta name=\"twitter:card\" content=\"summary_large_image\" \/>\n<meta name=\"twitter:creator\" content=\"@unipersen\" \/>\n<meta name=\"twitter:site\" content=\"@unipersen\" \/>\n<meta name=\"twitter:label1\" content=\"Yazan:\" \/>\n\t<meta name=\"twitter:data1\" content=\"Memurun Sesi Haber Merkezi\" \/>\n\t<meta name=\"twitter:label2\" content=\"Tahmini okuma s\u00fcresi\" \/>\n\t<meta name=\"twitter:data2\" content=\"1 dakika\" \/>\n<script type=\"application\/ld+json\" class=\"yoast-schema-graph\">{\"@context\":\"https:\\\/\\\/schema.org\",\"@graph\":[{\"@type\":\"Article\",\"@id\":\"https:\\\/\\\/memurunsesi.net\\\/index.php\\\/2025\\\/05\\\/21\\\/7137\\\/#article\",\"isPartOf\":{\"@id\":\"https:\\\/\\\/memurunsesi.net\\\/index.php\\\/2025\\\/05\\\/21\\\/7137\\\/\"},\"author\":{\"name\":\"Memurun Sesi Haber Merkezi\",\"@id\":\"https:\\\/\\\/memurunsesi.net\\\/#\\\/schema\\\/person\\\/f21c2d73b89f6ee1d80b0a1803e38587\"},\"headline\":\"Ba\u015fl\u0131k yok\",\"datePublished\":\"2025-05-21T20:41:38+00:00\",\"mainEntityOfPage\":{\"@id\":\"https:\\\/\\\/memurunsesi.net\\\/index.php\\\/2025\\\/05\\\/21\\\/7137\\\/\"},\"wordCount\":686,\"commentCount\":0,\"publisher\":{\"@id\":\"https:\\\/\\\/memurunsesi.net\\\/#organization\"},\"image\":{\"@id\":\"https:\\\/\\\/memurunsesi.net\\\/index.php\\\/2025\\\/05\\\/21\\\/7137\\\/#primaryimage\"},\"thumbnailUrl\":\"https:\\\/\\\/memurunsesi.net\\\/wp-content\\\/uploads\\\/2025\\\/05\\\/AW459924_11.jpg\",\"inLanguage\":\"tr\",\"potentialAction\":[{\"@type\":\"CommentAction\",\"name\":\"Comment\",\"target\":[\"https:\\\/\\\/memurunsesi.net\\\/index.php\\\/2025\\\/05\\\/21\\\/7137\\\/#respond\"]}]},{\"@type\":\"WebPage\",\"@id\":\"https:\\\/\\\/memurunsesi.net\\\/index.php\\\/2025\\\/05\\\/21\\\/7137\\\/\",\"url\":\"https:\\\/\\\/memurunsesi.net\\\/index.php\\\/2025\\\/05\\\/21\\\/7137\\\/\",\"name\":\"- Memurun Sesi\",\"isPartOf\":{\"@id\":\"https:\\\/\\\/memurunsesi.net\\\/#website\"},\"primaryImageOfPage\":{\"@id\":\"https:\\\/\\\/memurunsesi.net\\\/index.php\\\/2025\\\/05\\\/21\\\/7137\\\/#primaryimage\"},\"image\":{\"@id\":\"https:\\\/\\\/memurunsesi.net\\\/index.php\\\/2025\\\/05\\\/21\\\/7137\\\/#primaryimage\"},\"thumbnailUrl\":\"https:\\\/\\\/memurunsesi.net\\\/wp-content\\\/uploads\\\/2025\\\/05\\\/AW459924_11.jpg\",\"datePublished\":\"2025-05-21T20:41:38+00:00\",\"inLanguage\":\"tr\",\"potentialAction\":[{\"@type\":\"ReadAction\",\"target\":[\"https:\\\/\\\/memurunsesi.net\\\/index.php\\\/2025\\\/05\\\/21\\\/7137\\\/\"]}]},{\"@type\":\"ImageObject\",\"inLanguage\":\"tr\",\"@id\":\"https:\\\/\\\/memurunsesi.net\\\/index.php\\\/2025\\\/05\\\/21\\\/7137\\\/#primaryimage\",\"url\":\"https:\\\/\\\/memurunsesi.net\\\/wp-content\\\/uploads\\\/2025\\\/05\\\/AW459924_11.jpg\",\"contentUrl\":\"https:\\\/\\\/memurunsesi.net\\\/wp-content\\\/uploads\\\/2025\\\/05\\\/AW459924_11.jpg\",\"width\":1600,\"height\":1066,\"caption\":\"SER\u0130K'TE \u0130L\u00c7E M\u0130LL\u0130 E\u011e\u0130T\u0130M M\u00dcD\u00dcRL\u00dc\u011e\u00dcNCE 'BA\u011eIMLI OLMA BA\u011eLI OL' SERG\u0130S\u0130 D\u00dcZENLEND\u0130. ETK\u0130NL\u0130K KAPSAMINDA YAPILAN YARI\u015eMALARDA \u0130SE 7 DEDE VE TORUNU B\u0130R\u0130NC\u0130L\u0130K \u0130\u00c7\u0130N KIYASIYA YARI\u015eTI. (MEHMET DEM\u0130RC\u0130\\\/ANTALYA-\u0130HA) Antalya'n\u0131n Serik il\u00e7esinde il\u00e7e Milli E\u011fitim M\u00fcd\u00fcrl\u00fc\u011f\u00fcnce 'Ba\u011f\u0131ml\u0131 Olma Ba\u011fl\u0131 Ol' sergisi d\u00fczenlendi. Teknoloji ve ekran ba\u011f\u0131ml\u0131l\u0131\u011f\u0131ndan uzak durmak i\u00e7in fark\u0131ndal\u0131k olu\u015fturmay\u0131 ama\u00e7layan etkinlik kapsam\u0131nda yap\u0131lan yar\u0131\u015fmalarda ise 7 dede ve torunlar\u0131 birincilik i\u00e7in k\u0131yas\u0131ya yar\u0131\u015ft\u0131.\"},{\"@type\":\"WebSite\",\"@id\":\"https:\\\/\\\/memurunsesi.net\\\/#website\",\"url\":\"https:\\\/\\\/memurunsesi.net\\\/\",\"name\":\"Memurun Sesi\",\"description\":\"G\u00fcncel ve Do\u011fru Haber\",\"publisher\":{\"@id\":\"https:\\\/\\\/memurunsesi.net\\\/#organization\"},\"potentialAction\":[{\"@type\":\"SearchAction\",\"target\":{\"@type\":\"EntryPoint\",\"urlTemplate\":\"https:\\\/\\\/memurunsesi.net\\\/?s={search_term_string}\"},\"query-input\":{\"@type\":\"PropertyValueSpecification\",\"valueRequired\":true,\"valueName\":\"search_term_string\"}}],\"inLanguage\":\"tr\"},{\"@type\":\"Organization\",\"@id\":\"https:\\\/\\\/memurunsesi.net\\\/#organization\",\"name\":\"Memurun Sesi\",\"url\":\"https:\\\/\\\/memurunsesi.net\\\/\",\"logo\":{\"@type\":\"ImageObject\",\"inLanguage\":\"tr\",\"@id\":\"https:\\\/\\\/memurunsesi.net\\\/#\\\/schema\\\/logo\\\/image\\\/\",\"url\":\"https:\\\/\\\/memurunsesi.net\\\/wp-content\\\/uploads\\\/2025\\\/11\\\/cropped-MEMURUN-SESI.png\",\"contentUrl\":\"https:\\\/\\\/memurunsesi.net\\\/wp-content\\\/uploads\\\/2025\\\/11\\\/cropped-MEMURUN-SESI.png\",\"width\":238,\"height\":57,\"caption\":\"Memurun Sesi\"},\"image\":{\"@id\":\"https:\\\/\\\/memurunsesi.net\\\/#\\\/schema\\\/logo\\\/image\\\/\"},\"sameAs\":[\"https:\\\/\\\/www.facebook.com\\\/unipersen\\\/?locale=tr_TR\",\"https:\\\/\\\/x.com\\\/unipersen\"]},{\"@type\":\"Person\",\"@id\":\"https:\\\/\\\/memurunsesi.net\\\/#\\\/schema\\\/person\\\/f21c2d73b89f6ee1d80b0a1803e38587\",\"name\":\"Memurun Sesi Haber Merkezi\",\"image\":{\"@type\":\"ImageObject\",\"inLanguage\":\"tr\",\"@id\":\"https:\\\/\\\/secure.gravatar.com\\\/avatar\\\/6cf0505f452ee753f485014986fab09a434671d2b919ee76fc541025c5876a70?s=96&d=mm&r=g\",\"url\":\"https:\\\/\\\/secure.gravatar.com\\\/avatar\\\/6cf0505f452ee753f485014986fab09a434671d2b919ee76fc541025c5876a70?s=96&d=mm&r=g\",\"contentUrl\":\"https:\\\/\\\/secure.gravatar.com\\\/avatar\\\/6cf0505f452ee753f485014986fab09a434671d2b919ee76fc541025c5876a70?s=96&d=mm&r=g\",\"caption\":\"Memurun Sesi Haber Merkezi\"},\"sameAs\":[\"https:\\\/\\\/memurunsesi.net\"],\"url\":\"https:\\\/\\\/memurunsesi.net\\\/index.php\\\/author\\\/uniper\\\/\"}]}<\/script>\n<!-- \/ Yoast SEO plugin. -->","yoast_head_json":{"title":"- Memurun Sesi","robots":{"index":"index","follow":"follow","max-snippet":"max-snippet:-1","max-image-preview":"max-image-preview:large","max-video-preview":"max-video-preview:-1"},"canonical":"https:\/\/memurunsesi.net\/index.php\/2025\/05\/21\/7137\/","og_locale":"tr_TR","og_type":"article","og_title":"- Memurun Sesi","og_description":"&#8211; Serik&#8217;te \u2018Ba\u011f\u0131ml\u0131 Olma Ba\u011fl\u0131 Ol&#8217; sergisi ve dede torun yar\u0131\u015fmalar\u0131 d\u00fczenlendi Antalya&#8217;n\u0131n Serik il\u00e7esinde il\u00e7e Milli E\u011fitim M\u00fcd\u00fcrl\u00fc\u011f\u00fcnce \u2018Ba\u011f\u0131ml\u0131 Olma Ba\u011fl\u0131 Ol&#8217; sergisi d\u00fczenlendi. Teknoloji ve ekran ba\u011f\u0131ml\u0131l\u0131\u011f\u0131ndan uzak durmak i\u00e7in fark\u0131ndal\u0131k olu\u015fturmay\u0131 ama\u00e7layan etkinlik kapsam\u0131nda yap\u0131lan yar\u0131\u015fmalarda ise 7 dede ve torunlar\u0131 birincilik i\u00e7in k\u0131yas\u0131ya yar\u0131\u015ft\u0131. Antalya&#8217;n\u0131n Serik il\u00e7esinde Serik Kaymakaml\u0131\u011f\u0131 Milli E\u011fitim [&hellip;]","og_url":"https:\/\/memurunsesi.net\/index.php\/2025\/05\/21\/7137\/","og_site_name":"Memurun Sesi","article_publisher":"https:\/\/www.facebook.com\/unipersen\/?locale=tr_TR","article_published_time":"2025-05-21T20:41:38+00:00","og_image":[{"width":1600,"height":1066,"url":"https:\/\/memurunsesi.net\/wp-content\/uploads\/2025\/05\/AW459924_11.jpg","type":"image\/jpeg"}],"author":"Memurun Sesi Haber Merkezi","twitter_card":"summary_large_image","twitter_creator":"@unipersen","twitter_site":"@unipersen","twitter_misc":{"Yazan:":"Memurun Sesi Haber Merkezi","Tahmini okuma s\u00fcresi":"1 dakika"},"schema":{"@context":"https:\/\/schema.org","@graph":[{"@type":"Article","@id":"https:\/\/memurunsesi.net\/index.php\/2025\/05\/21\/7137\/#article","isPartOf":{"@id":"https:\/\/memurunsesi.net\/index.php\/2025\/05\/21\/7137\/"},"author":{"name":"Memurun Sesi Haber Merkezi","@id":"https:\/\/memurunsesi.net\/#\/schema\/person\/f21c2d73b89f6ee1d80b0a1803e38587"},"headline":"Ba\u015fl\u0131k yok","datePublished":"2025-05-21T20:41:38+00:00","mainEntityOfPage":{"@id":"https:\/\/memurunsesi.net\/index.php\/2025\/05\/21\/7137\/"},"wordCount":686,"commentCount":0,"publisher":{"@id":"https:\/\/memurunsesi.net\/#organization"},"image":{"@id":"https:\/\/memurunsesi.net\/index.php\/2025\/05\/21\/7137\/#primaryimage"},"thumbnailUrl":"https:\/\/memurunsesi.net\/wp-content\/uploads\/2025\/05\/AW459924_11.jpg","inLanguage":"tr","potentialAction":[{"@type":"CommentAction","name":"Comment","target":["https:\/\/memurunsesi.net\/index.php\/2025\/05\/21\/7137\/#respond"]}]},{"@type":"WebPage","@id":"https:\/\/memurunsesi.net\/index.php\/2025\/05\/21\/7137\/","url":"https:\/\/memurunsesi.net\/index.php\/2025\/05\/21\/7137\/","name":"- Memurun Sesi","isPartOf":{"@id":"https:\/\/memurunsesi.net\/#website"},"primaryImageOfPage":{"@id":"https:\/\/memurunsesi.net\/index.php\/2025\/05\/21\/7137\/#primaryimage"},"image":{"@id":"https:\/\/memurunsesi.net\/index.php\/2025\/05\/21\/7137\/#primaryimage"},"thumbnailUrl":"https:\/\/memurunsesi.net\/wp-content\/uploads\/2025\/05\/AW459924_11.jpg","datePublished":"2025-05-21T20:41:38+00:00","inLanguage":"tr","potentialAction":[{"@type":"ReadAction","target":["https:\/\/memurunsesi.net\/index.php\/2025\/05\/21\/7137\/"]}]},{"@type":"ImageObject","inLanguage":"tr","@id":"https:\/\/memurunsesi.net\/index.php\/2025\/05\/21\/7137\/#primaryimage","url":"https:\/\/memurunsesi.net\/wp-content\/uploads\/2025\/05\/AW459924_11.jpg","contentUrl":"https:\/\/memurunsesi.net\/wp-content\/uploads\/2025\/05\/AW459924_11.jpg","width":1600,"height":1066,"caption":"SER\u0130K'TE \u0130L\u00c7E M\u0130LL\u0130 E\u011e\u0130T\u0130M M\u00dcD\u00dcRL\u00dc\u011e\u00dcNCE 'BA\u011eIMLI OLMA BA\u011eLI OL' SERG\u0130S\u0130 D\u00dcZENLEND\u0130. ETK\u0130NL\u0130K KAPSAMINDA YAPILAN YARI\u015eMALARDA \u0130SE 7 DEDE VE TORUNU B\u0130R\u0130NC\u0130L\u0130K \u0130\u00c7\u0130N KIYASIYA YARI\u015eTI. (MEHMET DEM\u0130RC\u0130\/ANTALYA-\u0130HA) Antalya'n\u0131n Serik il\u00e7esinde il\u00e7e Milli E\u011fitim M\u00fcd\u00fcrl\u00fc\u011f\u00fcnce 'Ba\u011f\u0131ml\u0131 Olma Ba\u011fl\u0131 Ol' sergisi d\u00fczenlendi. Teknoloji ve ekran ba\u011f\u0131ml\u0131l\u0131\u011f\u0131ndan uzak durmak i\u00e7in fark\u0131ndal\u0131k olu\u015fturmay\u0131 ama\u00e7layan etkinlik kapsam\u0131nda yap\u0131lan yar\u0131\u015fmalarda ise 7 dede ve torunlar\u0131 birincilik i\u00e7in k\u0131yas\u0131ya yar\u0131\u015ft\u0131."},{"@type":"WebSite","@id":"https:\/\/memurunsesi.net\/#website","url":"https:\/\/memurunsesi.net\/","name":"Memurun Sesi","description":"G\u00fcncel ve Do\u011fru Haber","publisher":{"@id":"https:\/\/memurunsesi.net\/#organization"},"potentialAction":[{"@type":"SearchAction","target":{"@type":"EntryPoint","urlTemplate":"https:\/\/memurunsesi.net\/?s={search_term_string}"},"query-input":{"@type":"PropertyValueSpecification","valueRequired":true,"valueName":"search_term_string"}}],"inLanguage":"tr"},{"@type":"Organization","@id":"https:\/\/memurunsesi.net\/#organization","name":"Memurun Sesi","url":"https:\/\/memurunsesi.net\/","logo":{"@type":"ImageObject","inLanguage":"tr","@id":"https:\/\/memurunsesi.net\/#\/schema\/logo\/image\/","url":"https:\/\/memurunsesi.net\/wp-content\/uploads\/2025\/11\/cropped-MEMURUN-SESI.png","contentUrl":"https:\/\/memurunsesi.net\/wp-content\/uploads\/2025\/11\/cropped-MEMURUN-SESI.png","width":238,"height":57,"caption":"Memurun Sesi"},"image":{"@id":"https:\/\/memurunsesi.net\/#\/schema\/logo\/image\/"},"sameAs":["https:\/\/www.facebook.com\/unipersen\/?locale=tr_TR","https:\/\/x.com\/unipersen"]},{"@type":"Person","@id":"https:\/\/memurunsesi.net\/#\/schema\/person\/f21c2d73b89f6ee1d80b0a1803e38587","name":"Memurun Sesi Haber Merkezi","image":{"@type":"ImageObject","inLanguage":"tr","@id":"https:\/\/secure.gravatar.com\/avatar\/6cf0505f452ee753f485014986fab09a434671d2b919ee76fc541025c5876a70?s=96&d=mm&r=g","url":"https:\/\/secure.gravatar.com\/avatar\/6cf0505f452ee753f485014986fab09a434671d2b919ee76fc541025c5876a70?s=96&d=mm&r=g","contentUrl":"https:\/\/secure.gravatar.com\/avatar\/6cf0505f452ee753f485014986fab09a434671d2b919ee76fc541025c5876a70?s=96&d=mm&r=g","caption":"Memurun Sesi Haber Merkezi"},"sameAs":["https:\/\/memurunsesi.net"],"url":"https:\/\/memurunsesi.net\/index.php\/author\/uniper\/"}]}},"_links":{"self":[{"href":"https:\/\/memurunsesi.net\/index.php\/wp-json\/wp\/v2\/posts\/7137","targetHints":{"allow":["GET"]}}],"collection":[{"href":"https:\/\/memurunsesi.net\/index.php\/wp-json\/wp\/v2\/posts"}],"about":[{"href":"https:\/\/memurunsesi.net\/index.php\/wp-json\/wp\/v2\/types\/post"}],"author":[{"embeddable":true,"href":"https:\/\/memurunsesi.net\/index.php\/wp-json\/wp\/v2\/users\/1"}],"replies":[{"embeddable":true,"href":"https:\/\/memurunsesi.net\/index.php\/wp-json\/wp\/v2\/comments?post=7137"}],"version-history":[{"count":1,"href":"https:\/\/memurunsesi.net\/index.php\/wp-json\/wp\/v2\/posts\/7137\/revisions"}],"predecessor-version":[{"id":7139,"href":"https:\/\/memurunsesi.net\/index.php\/wp-json\/wp\/v2\/posts\/7137\/revisions\/7139"}],"wp:featuredmedia":[{"embeddable":true,"href":"https:\/\/memurunsesi.net\/index.php\/wp-json\/wp\/v2\/media\/7138"}],"wp:attachment":[{"href":"https:\/\/memurunsesi.net\/index.php\/wp-json\/wp\/v2\/media?parent=7137"}],"wp:term":[{"taxonomy":"category","embeddable":true,"href":"https:\/\/memurunsesi.net\/index.php\/wp-json\/wp\/v2\/categories?post=7137"},{"taxonomy":"post_tag","embeddable":true,"href":"https:\/\/memurunsesi.net\/index.php\/wp-json\/wp\/v2\/tags?post=7137"}],"curies":[{"name":"wp","href":"https:\/\/api.w.org\/{rel}","templated":true}]}}