{"id":7171,"date":"2025-05-22T10:45:59","date_gmt":"2025-05-22T07:45:59","guid":{"rendered":"https:\/\/memurunsesi.net\/?p=7171"},"modified":"2025-05-22T10:45:59","modified_gmt":"2025-05-22T07:45:59","slug":"mersinde-otomobilin-carptigi-motosikletin-surucusu-yaralandi","status":"publish","type":"post","link":"https:\/\/memurunsesi.net\/index.php\/2025\/05\/22\/mersinde-otomobilin-carptigi-motosikletin-surucusu-yaralandi\/","title":{"rendered":"Mersin&#8217;de otomobilin \u00e7arpt\u0131\u011f\u0131 motosikletin s\u00fcr\u00fcc\u00fcs\u00fc yaraland\u0131"},"content":{"rendered":"<p>  Mersin&#8217;in Bozyaz\u0131 il\u00e7esinde otomobilin \u00e7arpt\u0131\u011f\u0131 motosikletin kad\u0131n s\u00fcr\u00fcc\u00fcs\u00fc yaraland\u0131. Polis kazadan sonra ka\u00e7an otomobil s\u00fcr\u00fcc\u00fcs\u00fcn\u00fc yakalamak i\u00e7in \u00e7al\u0131\u015fma ba\u015flatt\u0131.<br \/>\n  Al\u0131nan bilgiye g\u00f6re, kaza Bozyaz\u0131 Alparslan T\u00fcrke\u015f Bulvar\u0131-D\u00f6rtyol \u0131\u015f\u0131klar mevkinde d\u00fcn ak\u015fam meydana geldi. Mersin istikametinden Antalya istikametine seyir halindeki s\u00fcr\u00fcc\u00fcs\u00fc hen\u00fcz belirlenemeyen Volkswagen Passat otomobil ile \u015eehitler Caddesi\u2019nden gelen G\u00fclten I.&#8217;n\u0131n kulland\u0131\u011f\u0131 motosiklet \u00e7arp\u0131\u015ft\u0131. Kazan\u0131n, \u0131\u015f\u0131k ihlali nedeniyle meydana gelmi\u015f olabilece\u011fi de\u011ferlendirilirken, motosiklet s\u00fcr\u00fcc\u00fcs\u00fc G\u00fclten I. yaraland\u0131. Yaral\u0131 s\u00fcr\u00fcc\u00fc, olay yerine gelen sa\u011fl\u0131k ekiplerince yap\u0131lan ilk m\u00fcdahalenin ard\u0131ndan Anamur Devlet Hastanesine kald\u0131r\u0131ld\u0131.<br \/>\n  Kazaya kar\u0131\u015fan otomobil s\u00fcr\u00fcc\u00fcs\u00fcn\u00fcn olay yerinden ka\u00e7t\u0131\u011f\u0131 \u00f6\u011frenilirken, polis ekipleri s\u00fcr\u00fcc\u00fcy\u00fc yakalamak i\u00e7in \u00e7al\u0131\u015fma ba\u015flatt\u0131. Olayla ilgili soru\u015fturma devam ediyor. <\/p>\n<p>22.05.2025                                 <\/p>\n","protected":false},"excerpt":{"rendered":"<p>Mersin&#8217;in Bozyaz\u0131 il\u00e7esinde otomobilin \u00e7arpt\u0131\u011f\u0131 motosikletin kad\u0131n s\u00fcr\u00fcc\u00fcs\u00fc yaraland\u0131. Polis kazadan sonra ka\u00e7an otomobil s\u00fcr\u00fcc\u00fcs\u00fcn\u00fc yakalamak i\u00e7in \u00e7al\u0131\u015fma ba\u015flatt\u0131. Al\u0131nan bilgiye g\u00f6re, kaza Bozyaz\u0131 Alparslan T\u00fcrke\u015f Bulvar\u0131-D\u00f6rtyol \u0131\u015f\u0131klar mevkinde d\u00fcn ak\u015fam meydana geldi. Mersin istikametinden Antalya istikametine seyir halindeki s\u00fcr\u00fcc\u00fcs\u00fc hen\u00fcz belirlenemeyen Volkswagen Passat otomobil ile \u015eehitler Caddesi\u2019nden gelen G\u00fclten I.&#8217;n\u0131n kulland\u0131\u011f\u0131 motosiklet \u00e7arp\u0131\u015ft\u0131. Kazan\u0131n, [&hellip;]<\/p>\n","protected":false},"author":1,"featured_media":7172,"comment_status":"open","ping_status":"open","sticky":false,"template":"","format":"standard","meta":{"footnotes":""},"categories":[45],"tags":[],"class_list":["post-7171","post","type-post","status-publish","format-standard","has-post-thumbnail","hentry","category-gundem"],"yoast_head":"<!-- This site is optimized with the Yoast SEO plugin v27.4 - https:\/\/yoast.com\/product\/yoast-seo-wordpress\/ -->\n<title>Mersin&#039;de otomobilin \u00e7arpt\u0131\u011f\u0131 motosikletin s\u00fcr\u00fcc\u00fcs\u00fc yaraland\u0131 - Memurun Sesi<\/title>\n<meta name=\"robots\" content=\"index, follow, max-snippet:-1, max-image-preview:large, max-video-preview:-1\" \/>\n<link rel=\"canonical\" href=\"https:\/\/memurunsesi.net\/index.php\/2025\/05\/22\/mersinde-otomobilin-carptigi-motosikletin-surucusu-yaralandi\/\" \/>\n<meta property=\"og:locale\" content=\"tr_TR\" \/>\n<meta property=\"og:type\" content=\"article\" \/>\n<meta property=\"og:title\" content=\"Mersin&#039;de otomobilin \u00e7arpt\u0131\u011f\u0131 motosikletin s\u00fcr\u00fcc\u00fcs\u00fc yaraland\u0131 - Memurun Sesi\" \/>\n<meta property=\"og:description\" content=\"Mersin&#8217;in Bozyaz\u0131 il\u00e7esinde otomobilin \u00e7arpt\u0131\u011f\u0131 motosikletin kad\u0131n s\u00fcr\u00fcc\u00fcs\u00fc yaraland\u0131. Polis kazadan sonra ka\u00e7an otomobil s\u00fcr\u00fcc\u00fcs\u00fcn\u00fc yakalamak i\u00e7in \u00e7al\u0131\u015fma ba\u015flatt\u0131. Al\u0131nan bilgiye g\u00f6re, kaza Bozyaz\u0131 Alparslan T\u00fcrke\u015f Bulvar\u0131-D\u00f6rtyol \u0131\u015f\u0131klar mevkinde d\u00fcn ak\u015fam meydana geldi. Mersin istikametinden Antalya istikametine seyir halindeki s\u00fcr\u00fcc\u00fcs\u00fc hen\u00fcz belirlenemeyen Volkswagen Passat otomobil ile \u015eehitler Caddesi\u2019nden gelen G\u00fclten I.&#8217;n\u0131n kulland\u0131\u011f\u0131 motosiklet \u00e7arp\u0131\u015ft\u0131. Kazan\u0131n, [&hellip;]\" \/>\n<meta property=\"og:url\" content=\"https:\/\/memurunsesi.net\/index.php\/2025\/05\/22\/mersinde-otomobilin-carptigi-motosikletin-surucusu-yaralandi\/\" \/>\n<meta property=\"og:site_name\" content=\"Memurun Sesi\" \/>\n<meta property=\"article:publisher\" content=\"https:\/\/www.facebook.com\/unipersen\/?locale=tr_TR\" \/>\n<meta property=\"article:published_time\" content=\"2025-05-22T07:45:59+00:00\" \/>\n<meta property=\"og:image\" content=\"https:\/\/memurunsesi.net\/wp-content\/uploads\/2025\/05\/AW460205_01-scaled.jpg\" \/>\n\t<meta property=\"og:image:width\" content=\"2560\" \/>\n\t<meta property=\"og:image:height\" content=\"1920\" \/>\n\t<meta property=\"og:image:type\" content=\"image\/jpeg\" \/>\n<meta name=\"author\" content=\"Memurun Sesi Haber Merkezi\" \/>\n<meta name=\"twitter:card\" content=\"summary_large_image\" \/>\n<meta name=\"twitter:creator\" content=\"@unipersen\" \/>\n<meta name=\"twitter:site\" content=\"@unipersen\" \/>\n<meta name=\"twitter:label1\" content=\"Yazan:\" \/>\n\t<meta name=\"twitter:data1\" content=\"Memurun Sesi Haber Merkezi\" \/>\n\t<meta name=\"twitter:label2\" content=\"Tahmini okuma s\u00fcresi\" \/>\n\t<meta name=\"twitter:data2\" content=\"1 dakika\" \/>\n<script type=\"application\/ld+json\" class=\"yoast-schema-graph\">{\"@context\":\"https:\\\/\\\/schema.org\",\"@graph\":[{\"@type\":\"Article\",\"@id\":\"https:\\\/\\\/memurunsesi.net\\\/index.php\\\/2025\\\/05\\\/22\\\/mersinde-otomobilin-carptigi-motosikletin-surucusu-yaralandi\\\/#article\",\"isPartOf\":{\"@id\":\"https:\\\/\\\/memurunsesi.net\\\/index.php\\\/2025\\\/05\\\/22\\\/mersinde-otomobilin-carptigi-motosikletin-surucusu-yaralandi\\\/\"},\"author\":{\"name\":\"Memurun Sesi Haber Merkezi\",\"@id\":\"https:\\\/\\\/memurunsesi.net\\\/#\\\/schema\\\/person\\\/f21c2d73b89f6ee1d80b0a1803e38587\"},\"headline\":\"Mersin&#8217;de otomobilin \u00e7arpt\u0131\u011f\u0131 motosikletin s\u00fcr\u00fcc\u00fcs\u00fc yaraland\u0131\",\"datePublished\":\"2025-05-22T07:45:59+00:00\",\"mainEntityOfPage\":{\"@id\":\"https:\\\/\\\/memurunsesi.net\\\/index.php\\\/2025\\\/05\\\/22\\\/mersinde-otomobilin-carptigi-motosikletin-surucusu-yaralandi\\\/\"},\"wordCount\":172,\"commentCount\":0,\"publisher\":{\"@id\":\"https:\\\/\\\/memurunsesi.net\\\/#organization\"},\"image\":{\"@id\":\"https:\\\/\\\/memurunsesi.net\\\/index.php\\\/2025\\\/05\\\/22\\\/mersinde-otomobilin-carptigi-motosikletin-surucusu-yaralandi\\\/#primaryimage\"},\"thumbnailUrl\":\"https:\\\/\\\/memurunsesi.net\\\/wp-content\\\/uploads\\\/2025\\\/05\\\/AW460205_01-scaled.jpg\",\"articleSection\":[\"G\u00fcndem\"],\"inLanguage\":\"tr\",\"potentialAction\":[{\"@type\":\"CommentAction\",\"name\":\"Comment\",\"target\":[\"https:\\\/\\\/memurunsesi.net\\\/index.php\\\/2025\\\/05\\\/22\\\/mersinde-otomobilin-carptigi-motosikletin-surucusu-yaralandi\\\/#respond\"]}]},{\"@type\":\"WebPage\",\"@id\":\"https:\\\/\\\/memurunsesi.net\\\/index.php\\\/2025\\\/05\\\/22\\\/mersinde-otomobilin-carptigi-motosikletin-surucusu-yaralandi\\\/\",\"url\":\"https:\\\/\\\/memurunsesi.net\\\/index.php\\\/2025\\\/05\\\/22\\\/mersinde-otomobilin-carptigi-motosikletin-surucusu-yaralandi\\\/\",\"name\":\"Mersin'de otomobilin \u00e7arpt\u0131\u011f\u0131 motosikletin s\u00fcr\u00fcc\u00fcs\u00fc yaraland\u0131 - Memurun Sesi\",\"isPartOf\":{\"@id\":\"https:\\\/\\\/memurunsesi.net\\\/#website\"},\"primaryImageOfPage\":{\"@id\":\"https:\\\/\\\/memurunsesi.net\\\/index.php\\\/2025\\\/05\\\/22\\\/mersinde-otomobilin-carptigi-motosikletin-surucusu-yaralandi\\\/#primaryimage\"},\"image\":{\"@id\":\"https:\\\/\\\/memurunsesi.net\\\/index.php\\\/2025\\\/05\\\/22\\\/mersinde-otomobilin-carptigi-motosikletin-surucusu-yaralandi\\\/#primaryimage\"},\"thumbnailUrl\":\"https:\\\/\\\/memurunsesi.net\\\/wp-content\\\/uploads\\\/2025\\\/05\\\/AW460205_01-scaled.jpg\",\"datePublished\":\"2025-05-22T07:45:59+00:00\",\"breadcrumb\":{\"@id\":\"https:\\\/\\\/memurunsesi.net\\\/index.php\\\/2025\\\/05\\\/22\\\/mersinde-otomobilin-carptigi-motosikletin-surucusu-yaralandi\\\/#breadcrumb\"},\"inLanguage\":\"tr\",\"potentialAction\":[{\"@type\":\"ReadAction\",\"target\":[\"https:\\\/\\\/memurunsesi.net\\\/index.php\\\/2025\\\/05\\\/22\\\/mersinde-otomobilin-carptigi-motosikletin-surucusu-yaralandi\\\/\"]}]},{\"@type\":\"ImageObject\",\"inLanguage\":\"tr\",\"@id\":\"https:\\\/\\\/memurunsesi.net\\\/index.php\\\/2025\\\/05\\\/22\\\/mersinde-otomobilin-carptigi-motosikletin-surucusu-yaralandi\\\/#primaryimage\",\"url\":\"https:\\\/\\\/memurunsesi.net\\\/wp-content\\\/uploads\\\/2025\\\/05\\\/AW460205_01-scaled.jpg\",\"contentUrl\":\"https:\\\/\\\/memurunsesi.net\\\/wp-content\\\/uploads\\\/2025\\\/05\\\/AW460205_01-scaled.jpg\",\"width\":2560,\"height\":1920,\"caption\":\"MERS\u0130N'\u0130N BOZYAZI \u0130L\u00c7ES\u0130NDE OTOMOB\u0130L\u0130N \u00c7ARPTI\u011eI KADIN MOTOS\u0130KLET S\u00dcR\u00dcC\u00dcS\u00dc YARALANDI. (\u0130HA\\\/MERS\u0130N-\u0130HA) Mersin'in Bozyaz\u0131 il\u00e7esinde otomobilin \u00e7arpt\u0131\u011f\u0131 motosikletin kad\u0131n s\u00fcr\u00fcc\u00fcs\u00fc yaraland\u0131. Polis kazadan sonra ka\u00e7an otomobil s\u00fcr\u00fcc\u00fcs\u00fcn\u00fc yakalamak i\u00e7in \u00e7al\u0131\u015fma ba\u015flatt\u0131.\"},{\"@type\":\"BreadcrumbList\",\"@id\":\"https:\\\/\\\/memurunsesi.net\\\/index.php\\\/2025\\\/05\\\/22\\\/mersinde-otomobilin-carptigi-motosikletin-surucusu-yaralandi\\\/#breadcrumb\",\"itemListElement\":[{\"@type\":\"ListItem\",\"position\":1,\"name\":\"Anasayfa\",\"item\":\"https:\\\/\\\/memurunsesi.net\\\/\"},{\"@type\":\"ListItem\",\"position\":2,\"name\":\"Mersin&#8217;de otomobilin \u00e7arpt\u0131\u011f\u0131 motosikletin s\u00fcr\u00fcc\u00fcs\u00fc yaraland\u0131\"}]},{\"@type\":\"WebSite\",\"@id\":\"https:\\\/\\\/memurunsesi.net\\\/#website\",\"url\":\"https:\\\/\\\/memurunsesi.net\\\/\",\"name\":\"Memurun Sesi\",\"description\":\"G\u00fcncel ve Do\u011fru Haber\",\"publisher\":{\"@id\":\"https:\\\/\\\/memurunsesi.net\\\/#organization\"},\"potentialAction\":[{\"@type\":\"SearchAction\",\"target\":{\"@type\":\"EntryPoint\",\"urlTemplate\":\"https:\\\/\\\/memurunsesi.net\\\/?s={search_term_string}\"},\"query-input\":{\"@type\":\"PropertyValueSpecification\",\"valueRequired\":true,\"valueName\":\"search_term_string\"}}],\"inLanguage\":\"tr\"},{\"@type\":\"Organization\",\"@id\":\"https:\\\/\\\/memurunsesi.net\\\/#organization\",\"name\":\"Memurun Sesi\",\"url\":\"https:\\\/\\\/memurunsesi.net\\\/\",\"logo\":{\"@type\":\"ImageObject\",\"inLanguage\":\"tr\",\"@id\":\"https:\\\/\\\/memurunsesi.net\\\/#\\\/schema\\\/logo\\\/image\\\/\",\"url\":\"https:\\\/\\\/memurunsesi.net\\\/wp-content\\\/uploads\\\/2025\\\/11\\\/cropped-MEMURUN-SESI.png\",\"contentUrl\":\"https:\\\/\\\/memurunsesi.net\\\/wp-content\\\/uploads\\\/2025\\\/11\\\/cropped-MEMURUN-SESI.png\",\"width\":238,\"height\":57,\"caption\":\"Memurun Sesi\"},\"image\":{\"@id\":\"https:\\\/\\\/memurunsesi.net\\\/#\\\/schema\\\/logo\\\/image\\\/\"},\"sameAs\":[\"https:\\\/\\\/www.facebook.com\\\/unipersen\\\/?locale=tr_TR\",\"https:\\\/\\\/x.com\\\/unipersen\"]},{\"@type\":\"Person\",\"@id\":\"https:\\\/\\\/memurunsesi.net\\\/#\\\/schema\\\/person\\\/f21c2d73b89f6ee1d80b0a1803e38587\",\"name\":\"Memurun Sesi Haber Merkezi\",\"image\":{\"@type\":\"ImageObject\",\"inLanguage\":\"tr\",\"@id\":\"https:\\\/\\\/secure.gravatar.com\\\/avatar\\\/6cf0505f452ee753f485014986fab09a434671d2b919ee76fc541025c5876a70?s=96&d=mm&r=g\",\"url\":\"https:\\\/\\\/secure.gravatar.com\\\/avatar\\\/6cf0505f452ee753f485014986fab09a434671d2b919ee76fc541025c5876a70?s=96&d=mm&r=g\",\"contentUrl\":\"https:\\\/\\\/secure.gravatar.com\\\/avatar\\\/6cf0505f452ee753f485014986fab09a434671d2b919ee76fc541025c5876a70?s=96&d=mm&r=g\",\"caption\":\"Memurun Sesi Haber Merkezi\"},\"sameAs\":[\"https:\\\/\\\/memurunsesi.net\"],\"url\":\"https:\\\/\\\/memurunsesi.net\\\/index.php\\\/author\\\/uniper\\\/\"}]}<\/script>\n<!-- \/ Yoast SEO plugin. -->","yoast_head_json":{"title":"Mersin'de otomobilin \u00e7arpt\u0131\u011f\u0131 motosikletin s\u00fcr\u00fcc\u00fcs\u00fc yaraland\u0131 - Memurun Sesi","robots":{"index":"index","follow":"follow","max-snippet":"max-snippet:-1","max-image-preview":"max-image-preview:large","max-video-preview":"max-video-preview:-1"},"canonical":"https:\/\/memurunsesi.net\/index.php\/2025\/05\/22\/mersinde-otomobilin-carptigi-motosikletin-surucusu-yaralandi\/","og_locale":"tr_TR","og_type":"article","og_title":"Mersin'de otomobilin \u00e7arpt\u0131\u011f\u0131 motosikletin s\u00fcr\u00fcc\u00fcs\u00fc yaraland\u0131 - Memurun Sesi","og_description":"Mersin&#8217;in Bozyaz\u0131 il\u00e7esinde otomobilin \u00e7arpt\u0131\u011f\u0131 motosikletin kad\u0131n s\u00fcr\u00fcc\u00fcs\u00fc yaraland\u0131. Polis kazadan sonra ka\u00e7an otomobil s\u00fcr\u00fcc\u00fcs\u00fcn\u00fc yakalamak i\u00e7in \u00e7al\u0131\u015fma ba\u015flatt\u0131. Al\u0131nan bilgiye g\u00f6re, kaza Bozyaz\u0131 Alparslan T\u00fcrke\u015f Bulvar\u0131-D\u00f6rtyol \u0131\u015f\u0131klar mevkinde d\u00fcn ak\u015fam meydana geldi. Mersin istikametinden Antalya istikametine seyir halindeki s\u00fcr\u00fcc\u00fcs\u00fc hen\u00fcz belirlenemeyen Volkswagen Passat otomobil ile \u015eehitler Caddesi\u2019nden gelen G\u00fclten I.&#8217;n\u0131n kulland\u0131\u011f\u0131 motosiklet \u00e7arp\u0131\u015ft\u0131. Kazan\u0131n, [&hellip;]","og_url":"https:\/\/memurunsesi.net\/index.php\/2025\/05\/22\/mersinde-otomobilin-carptigi-motosikletin-surucusu-yaralandi\/","og_site_name":"Memurun Sesi","article_publisher":"https:\/\/www.facebook.com\/unipersen\/?locale=tr_TR","article_published_time":"2025-05-22T07:45:59+00:00","og_image":[{"width":2560,"height":1920,"url":"https:\/\/memurunsesi.net\/wp-content\/uploads\/2025\/05\/AW460205_01-scaled.jpg","type":"image\/jpeg"}],"author":"Memurun Sesi Haber Merkezi","twitter_card":"summary_large_image","twitter_creator":"@unipersen","twitter_site":"@unipersen","twitter_misc":{"Yazan:":"Memurun Sesi Haber Merkezi","Tahmini okuma s\u00fcresi":"1 dakika"},"schema":{"@context":"https:\/\/schema.org","@graph":[{"@type":"Article","@id":"https:\/\/memurunsesi.net\/index.php\/2025\/05\/22\/mersinde-otomobilin-carptigi-motosikletin-surucusu-yaralandi\/#article","isPartOf":{"@id":"https:\/\/memurunsesi.net\/index.php\/2025\/05\/22\/mersinde-otomobilin-carptigi-motosikletin-surucusu-yaralandi\/"},"author":{"name":"Memurun Sesi Haber Merkezi","@id":"https:\/\/memurunsesi.net\/#\/schema\/person\/f21c2d73b89f6ee1d80b0a1803e38587"},"headline":"Mersin&#8217;de otomobilin \u00e7arpt\u0131\u011f\u0131 motosikletin s\u00fcr\u00fcc\u00fcs\u00fc yaraland\u0131","datePublished":"2025-05-22T07:45:59+00:00","mainEntityOfPage":{"@id":"https:\/\/memurunsesi.net\/index.php\/2025\/05\/22\/mersinde-otomobilin-carptigi-motosikletin-surucusu-yaralandi\/"},"wordCount":172,"commentCount":0,"publisher":{"@id":"https:\/\/memurunsesi.net\/#organization"},"image":{"@id":"https:\/\/memurunsesi.net\/index.php\/2025\/05\/22\/mersinde-otomobilin-carptigi-motosikletin-surucusu-yaralandi\/#primaryimage"},"thumbnailUrl":"https:\/\/memurunsesi.net\/wp-content\/uploads\/2025\/05\/AW460205_01-scaled.jpg","articleSection":["G\u00fcndem"],"inLanguage":"tr","potentialAction":[{"@type":"CommentAction","name":"Comment","target":["https:\/\/memurunsesi.net\/index.php\/2025\/05\/22\/mersinde-otomobilin-carptigi-motosikletin-surucusu-yaralandi\/#respond"]}]},{"@type":"WebPage","@id":"https:\/\/memurunsesi.net\/index.php\/2025\/05\/22\/mersinde-otomobilin-carptigi-motosikletin-surucusu-yaralandi\/","url":"https:\/\/memurunsesi.net\/index.php\/2025\/05\/22\/mersinde-otomobilin-carptigi-motosikletin-surucusu-yaralandi\/","name":"Mersin'de otomobilin \u00e7arpt\u0131\u011f\u0131 motosikletin s\u00fcr\u00fcc\u00fcs\u00fc yaraland\u0131 - Memurun Sesi","isPartOf":{"@id":"https:\/\/memurunsesi.net\/#website"},"primaryImageOfPage":{"@id":"https:\/\/memurunsesi.net\/index.php\/2025\/05\/22\/mersinde-otomobilin-carptigi-motosikletin-surucusu-yaralandi\/#primaryimage"},"image":{"@id":"https:\/\/memurunsesi.net\/index.php\/2025\/05\/22\/mersinde-otomobilin-carptigi-motosikletin-surucusu-yaralandi\/#primaryimage"},"thumbnailUrl":"https:\/\/memurunsesi.net\/wp-content\/uploads\/2025\/05\/AW460205_01-scaled.jpg","datePublished":"2025-05-22T07:45:59+00:00","breadcrumb":{"@id":"https:\/\/memurunsesi.net\/index.php\/2025\/05\/22\/mersinde-otomobilin-carptigi-motosikletin-surucusu-yaralandi\/#breadcrumb"},"inLanguage":"tr","potentialAction":[{"@type":"ReadAction","target":["https:\/\/memurunsesi.net\/index.php\/2025\/05\/22\/mersinde-otomobilin-carptigi-motosikletin-surucusu-yaralandi\/"]}]},{"@type":"ImageObject","inLanguage":"tr","@id":"https:\/\/memurunsesi.net\/index.php\/2025\/05\/22\/mersinde-otomobilin-carptigi-motosikletin-surucusu-yaralandi\/#primaryimage","url":"https:\/\/memurunsesi.net\/wp-content\/uploads\/2025\/05\/AW460205_01-scaled.jpg","contentUrl":"https:\/\/memurunsesi.net\/wp-content\/uploads\/2025\/05\/AW460205_01-scaled.jpg","width":2560,"height":1920,"caption":"MERS\u0130N'\u0130N BOZYAZI \u0130L\u00c7ES\u0130NDE OTOMOB\u0130L\u0130N \u00c7ARPTI\u011eI KADIN MOTOS\u0130KLET S\u00dcR\u00dcC\u00dcS\u00dc YARALANDI. (\u0130HA\/MERS\u0130N-\u0130HA) Mersin'in Bozyaz\u0131 il\u00e7esinde otomobilin \u00e7arpt\u0131\u011f\u0131 motosikletin kad\u0131n s\u00fcr\u00fcc\u00fcs\u00fc yaraland\u0131. Polis kazadan sonra ka\u00e7an otomobil s\u00fcr\u00fcc\u00fcs\u00fcn\u00fc yakalamak i\u00e7in \u00e7al\u0131\u015fma ba\u015flatt\u0131."},{"@type":"BreadcrumbList","@id":"https:\/\/memurunsesi.net\/index.php\/2025\/05\/22\/mersinde-otomobilin-carptigi-motosikletin-surucusu-yaralandi\/#breadcrumb","itemListElement":[{"@type":"ListItem","position":1,"name":"Anasayfa","item":"https:\/\/memurunsesi.net\/"},{"@type":"ListItem","position":2,"name":"Mersin&#8217;de otomobilin \u00e7arpt\u0131\u011f\u0131 motosikletin s\u00fcr\u00fcc\u00fcs\u00fc yaraland\u0131"}]},{"@type":"WebSite","@id":"https:\/\/memurunsesi.net\/#website","url":"https:\/\/memurunsesi.net\/","name":"Memurun Sesi","description":"G\u00fcncel ve Do\u011fru Haber","publisher":{"@id":"https:\/\/memurunsesi.net\/#organization"},"potentialAction":[{"@type":"SearchAction","target":{"@type":"EntryPoint","urlTemplate":"https:\/\/memurunsesi.net\/?s={search_term_string}"},"query-input":{"@type":"PropertyValueSpecification","valueRequired":true,"valueName":"search_term_string"}}],"inLanguage":"tr"},{"@type":"Organization","@id":"https:\/\/memurunsesi.net\/#organization","name":"Memurun Sesi","url":"https:\/\/memurunsesi.net\/","logo":{"@type":"ImageObject","inLanguage":"tr","@id":"https:\/\/memurunsesi.net\/#\/schema\/logo\/image\/","url":"https:\/\/memurunsesi.net\/wp-content\/uploads\/2025\/11\/cropped-MEMURUN-SESI.png","contentUrl":"https:\/\/memurunsesi.net\/wp-content\/uploads\/2025\/11\/cropped-MEMURUN-SESI.png","width":238,"height":57,"caption":"Memurun Sesi"},"image":{"@id":"https:\/\/memurunsesi.net\/#\/schema\/logo\/image\/"},"sameAs":["https:\/\/www.facebook.com\/unipersen\/?locale=tr_TR","https:\/\/x.com\/unipersen"]},{"@type":"Person","@id":"https:\/\/memurunsesi.net\/#\/schema\/person\/f21c2d73b89f6ee1d80b0a1803e38587","name":"Memurun Sesi Haber Merkezi","image":{"@type":"ImageObject","inLanguage":"tr","@id":"https:\/\/secure.gravatar.com\/avatar\/6cf0505f452ee753f485014986fab09a434671d2b919ee76fc541025c5876a70?s=96&d=mm&r=g","url":"https:\/\/secure.gravatar.com\/avatar\/6cf0505f452ee753f485014986fab09a434671d2b919ee76fc541025c5876a70?s=96&d=mm&r=g","contentUrl":"https:\/\/secure.gravatar.com\/avatar\/6cf0505f452ee753f485014986fab09a434671d2b919ee76fc541025c5876a70?s=96&d=mm&r=g","caption":"Memurun Sesi Haber Merkezi"},"sameAs":["https:\/\/memurunsesi.net"],"url":"https:\/\/memurunsesi.net\/index.php\/author\/uniper\/"}]}},"_links":{"self":[{"href":"https:\/\/memurunsesi.net\/index.php\/wp-json\/wp\/v2\/posts\/7171","targetHints":{"allow":["GET"]}}],"collection":[{"href":"https:\/\/memurunsesi.net\/index.php\/wp-json\/wp\/v2\/posts"}],"about":[{"href":"https:\/\/memurunsesi.net\/index.php\/wp-json\/wp\/v2\/types\/post"}],"author":[{"embeddable":true,"href":"https:\/\/memurunsesi.net\/index.php\/wp-json\/wp\/v2\/users\/1"}],"replies":[{"embeddable":true,"href":"https:\/\/memurunsesi.net\/index.php\/wp-json\/wp\/v2\/comments?post=7171"}],"version-history":[{"count":1,"href":"https:\/\/memurunsesi.net\/index.php\/wp-json\/wp\/v2\/posts\/7171\/revisions"}],"predecessor-version":[{"id":7173,"href":"https:\/\/memurunsesi.net\/index.php\/wp-json\/wp\/v2\/posts\/7171\/revisions\/7173"}],"wp:featuredmedia":[{"embeddable":true,"href":"https:\/\/memurunsesi.net\/index.php\/wp-json\/wp\/v2\/media\/7172"}],"wp:attachment":[{"href":"https:\/\/memurunsesi.net\/index.php\/wp-json\/wp\/v2\/media?parent=7171"}],"wp:term":[{"taxonomy":"category","embeddable":true,"href":"https:\/\/memurunsesi.net\/index.php\/wp-json\/wp\/v2\/categories?post=7171"},{"taxonomy":"post_tag","embeddable":true,"href":"https:\/\/memurunsesi.net\/index.php\/wp-json\/wp\/v2\/tags?post=7171"}],"curies":[{"name":"wp","href":"https:\/\/api.w.org\/{rel}","templated":true}]}}