{"id":7174,"date":"2025-05-22T10:47:35","date_gmt":"2025-05-22T07:47:35","guid":{"rendered":"https:\/\/memurunsesi.net\/?p=7174"},"modified":"2025-05-22T10:47:35","modified_gmt":"2025-05-22T07:47:35","slug":"elektrik-telliyle-temas-eden-nakliye-asansorunde-akima-kapilan-genc-hayatini-kaybetti","status":"publish","type":"post","link":"https:\/\/memurunsesi.net\/index.php\/2025\/05\/22\/elektrik-telliyle-temas-eden-nakliye-asansorunde-akima-kapilan-genc-hayatini-kaybetti\/","title":{"rendered":"Elektrik telliyle temas eden nakliye asans\u00f6r\u00fcnde ak\u0131ma kap\u0131lan gen\u00e7 hayat\u0131n\u0131 kaybetti"},"content":{"rendered":"<p>  Denizli\u2019de evden e\u015fya \u00e7\u0131karmak i\u00e7in kurulan nakliye asans\u00f6r\u00fcn\u00fcn elektrik telleri ile temas etmesi sonucu ak\u0131ma kap\u0131lan 22 ya\u015f\u0131ndaki gen\u00e7 hayat\u0131n\u0131 kaybetti.<br \/>\nOlay, Pamukkale il\u00e7esi Ba\u011fba\u015f\u0131 Mahallesi\u2019nde meydana geldi. Edinilen bilgilere g\u00f6re ta\u015f\u0131nma olan bir evin e\u015fyalar\u0131n\u0131n nakliyesi i\u00e7in asans\u00f6r kuruldu. E\u015fyalar\u0131n nakliyesi s\u0131ras\u0131nda asans\u00f6r elektrik telleri ile temas etti. Bu s\u0131rada Batuhan Ko\u00e7an (22) ise ak\u0131ma kap\u0131ld\u0131. 112 Acil \u00c7a\u011fr\u0131 Merkezine yap\u0131lan ihbar \u00fczerine b\u00f6lgeye sevk edilen sa\u011fl\u0131k ekipleri ak\u0131mdan kurtar\u0131lan genci ambulansla hastaneye sevk etti. Burada doktorlar\u0131n t\u00fcm m\u00fcdahalesine ra\u011fmen Batuhan Ko\u00e7an kurtar\u0131lamad\u0131. Ko\u00e7an\u2019\u0131n cans\u0131z bedeni otopsi yap\u0131lmak \u00fczere Adli T\u0131p Kurumu Denizli Grup Ba\u015fkanl\u0131\u011f\u0131 morguna kald\u0131r\u0131ld\u0131.<br \/>\n  Olayla ilgili soru\u015fturma ba\u015flat\u0131ld\u0131. <\/p>\n<p>22.05.2025                                 <\/p>\n","protected":false},"excerpt":{"rendered":"<p>Denizli\u2019de evden e\u015fya \u00e7\u0131karmak i\u00e7in kurulan nakliye asans\u00f6r\u00fcn\u00fcn elektrik telleri ile temas etmesi sonucu ak\u0131ma kap\u0131lan 22 ya\u015f\u0131ndaki gen\u00e7 hayat\u0131n\u0131 kaybetti. Olay, Pamukkale il\u00e7esi Ba\u011fba\u015f\u0131 Mahallesi\u2019nde meydana geldi. Edinilen bilgilere g\u00f6re ta\u015f\u0131nma olan bir evin e\u015fyalar\u0131n\u0131n nakliyesi i\u00e7in asans\u00f6r kuruldu. E\u015fyalar\u0131n nakliyesi s\u0131ras\u0131nda asans\u00f6r elektrik telleri ile temas etti. Bu s\u0131rada Batuhan Ko\u00e7an (22) ise [&hellip;]<\/p>\n","protected":false},"author":1,"featured_media":7175,"comment_status":"open","ping_status":"open","sticky":false,"template":"","format":"standard","meta":{"footnotes":""},"categories":[1],"tags":[],"class_list":["post-7174","post","type-post","status-publish","format-standard","has-post-thumbnail","hentry","category-genel"],"yoast_head":"<!-- This site is optimized with the Yoast SEO plugin v27.4 - https:\/\/yoast.com\/product\/yoast-seo-wordpress\/ -->\n<title>Elektrik telliyle temas eden nakliye asans\u00f6r\u00fcnde ak\u0131ma kap\u0131lan gen\u00e7 hayat\u0131n\u0131 kaybetti - Memurun Sesi<\/title>\n<meta name=\"robots\" content=\"index, follow, max-snippet:-1, max-image-preview:large, max-video-preview:-1\" \/>\n<link rel=\"canonical\" href=\"https:\/\/memurunsesi.net\/index.php\/2025\/05\/22\/elektrik-telliyle-temas-eden-nakliye-asansorunde-akima-kapilan-genc-hayatini-kaybetti\/\" \/>\n<meta property=\"og:locale\" content=\"tr_TR\" \/>\n<meta property=\"og:type\" content=\"article\" \/>\n<meta property=\"og:title\" content=\"Elektrik telliyle temas eden nakliye asans\u00f6r\u00fcnde ak\u0131ma kap\u0131lan gen\u00e7 hayat\u0131n\u0131 kaybetti - Memurun Sesi\" \/>\n<meta property=\"og:description\" content=\"Denizli\u2019de evden e\u015fya \u00e7\u0131karmak i\u00e7in kurulan nakliye asans\u00f6r\u00fcn\u00fcn elektrik telleri ile temas etmesi sonucu ak\u0131ma kap\u0131lan 22 ya\u015f\u0131ndaki gen\u00e7 hayat\u0131n\u0131 kaybetti. Olay, Pamukkale il\u00e7esi Ba\u011fba\u015f\u0131 Mahallesi\u2019nde meydana geldi. Edinilen bilgilere g\u00f6re ta\u015f\u0131nma olan bir evin e\u015fyalar\u0131n\u0131n nakliyesi i\u00e7in asans\u00f6r kuruldu. E\u015fyalar\u0131n nakliyesi s\u0131ras\u0131nda asans\u00f6r elektrik telleri ile temas etti. Bu s\u0131rada Batuhan Ko\u00e7an (22) ise [&hellip;]\" \/>\n<meta property=\"og:url\" content=\"https:\/\/memurunsesi.net\/index.php\/2025\/05\/22\/elektrik-telliyle-temas-eden-nakliye-asansorunde-akima-kapilan-genc-hayatini-kaybetti\/\" \/>\n<meta property=\"og:site_name\" content=\"Memurun Sesi\" \/>\n<meta property=\"article:publisher\" content=\"https:\/\/www.facebook.com\/unipersen\/?locale=tr_TR\" \/>\n<meta property=\"article:published_time\" content=\"2025-05-22T07:47:35+00:00\" \/>\n<meta property=\"og:image\" content=\"https:\/\/memurunsesi.net\/wp-content\/uploads\/2025\/05\/AW460203_01.jpg\" \/>\n\t<meta property=\"og:image:width\" content=\"1320\" \/>\n\t<meta property=\"og:image:height\" content=\"1570\" \/>\n\t<meta property=\"og:image:type\" content=\"image\/jpeg\" \/>\n<meta name=\"author\" content=\"Memurun Sesi Haber Merkezi\" \/>\n<meta name=\"twitter:card\" content=\"summary_large_image\" \/>\n<meta name=\"twitter:creator\" content=\"@unipersen\" \/>\n<meta name=\"twitter:site\" content=\"@unipersen\" \/>\n<meta name=\"twitter:label1\" content=\"Yazan:\" \/>\n\t<meta name=\"twitter:data1\" content=\"Memurun Sesi Haber Merkezi\" \/>\n\t<meta name=\"twitter:label2\" content=\"Tahmini okuma s\u00fcresi\" \/>\n\t<meta name=\"twitter:data2\" content=\"1 dakika\" \/>\n<script type=\"application\/ld+json\" class=\"yoast-schema-graph\">{\"@context\":\"https:\\\/\\\/schema.org\",\"@graph\":[{\"@type\":\"Article\",\"@id\":\"https:\\\/\\\/memurunsesi.net\\\/index.php\\\/2025\\\/05\\\/22\\\/elektrik-telliyle-temas-eden-nakliye-asansorunde-akima-kapilan-genc-hayatini-kaybetti\\\/#article\",\"isPartOf\":{\"@id\":\"https:\\\/\\\/memurunsesi.net\\\/index.php\\\/2025\\\/05\\\/22\\\/elektrik-telliyle-temas-eden-nakliye-asansorunde-akima-kapilan-genc-hayatini-kaybetti\\\/\"},\"author\":{\"name\":\"Memurun Sesi Haber Merkezi\",\"@id\":\"https:\\\/\\\/memurunsesi.net\\\/#\\\/schema\\\/person\\\/f21c2d73b89f6ee1d80b0a1803e38587\"},\"headline\":\"Elektrik telliyle temas eden nakliye asans\u00f6r\u00fcnde ak\u0131ma kap\u0131lan gen\u00e7 hayat\u0131n\u0131 kaybetti\",\"datePublished\":\"2025-05-22T07:47:35+00:00\",\"mainEntityOfPage\":{\"@id\":\"https:\\\/\\\/memurunsesi.net\\\/index.php\\\/2025\\\/05\\\/22\\\/elektrik-telliyle-temas-eden-nakliye-asansorunde-akima-kapilan-genc-hayatini-kaybetti\\\/\"},\"wordCount\":168,\"commentCount\":0,\"publisher\":{\"@id\":\"https:\\\/\\\/memurunsesi.net\\\/#organization\"},\"image\":{\"@id\":\"https:\\\/\\\/memurunsesi.net\\\/index.php\\\/2025\\\/05\\\/22\\\/elektrik-telliyle-temas-eden-nakliye-asansorunde-akima-kapilan-genc-hayatini-kaybetti\\\/#primaryimage\"},\"thumbnailUrl\":\"https:\\\/\\\/memurunsesi.net\\\/wp-content\\\/uploads\\\/2025\\\/05\\\/AW460203_01.jpg\",\"inLanguage\":\"tr\",\"potentialAction\":[{\"@type\":\"CommentAction\",\"name\":\"Comment\",\"target\":[\"https:\\\/\\\/memurunsesi.net\\\/index.php\\\/2025\\\/05\\\/22\\\/elektrik-telliyle-temas-eden-nakliye-asansorunde-akima-kapilan-genc-hayatini-kaybetti\\\/#respond\"]}]},{\"@type\":\"WebPage\",\"@id\":\"https:\\\/\\\/memurunsesi.net\\\/index.php\\\/2025\\\/05\\\/22\\\/elektrik-telliyle-temas-eden-nakliye-asansorunde-akima-kapilan-genc-hayatini-kaybetti\\\/\",\"url\":\"https:\\\/\\\/memurunsesi.net\\\/index.php\\\/2025\\\/05\\\/22\\\/elektrik-telliyle-temas-eden-nakliye-asansorunde-akima-kapilan-genc-hayatini-kaybetti\\\/\",\"name\":\"Elektrik telliyle temas eden nakliye asans\u00f6r\u00fcnde ak\u0131ma kap\u0131lan gen\u00e7 hayat\u0131n\u0131 kaybetti - Memurun Sesi\",\"isPartOf\":{\"@id\":\"https:\\\/\\\/memurunsesi.net\\\/#website\"},\"primaryImageOfPage\":{\"@id\":\"https:\\\/\\\/memurunsesi.net\\\/index.php\\\/2025\\\/05\\\/22\\\/elektrik-telliyle-temas-eden-nakliye-asansorunde-akima-kapilan-genc-hayatini-kaybetti\\\/#primaryimage\"},\"image\":{\"@id\":\"https:\\\/\\\/memurunsesi.net\\\/index.php\\\/2025\\\/05\\\/22\\\/elektrik-telliyle-temas-eden-nakliye-asansorunde-akima-kapilan-genc-hayatini-kaybetti\\\/#primaryimage\"},\"thumbnailUrl\":\"https:\\\/\\\/memurunsesi.net\\\/wp-content\\\/uploads\\\/2025\\\/05\\\/AW460203_01.jpg\",\"datePublished\":\"2025-05-22T07:47:35+00:00\",\"breadcrumb\":{\"@id\":\"https:\\\/\\\/memurunsesi.net\\\/index.php\\\/2025\\\/05\\\/22\\\/elektrik-telliyle-temas-eden-nakliye-asansorunde-akima-kapilan-genc-hayatini-kaybetti\\\/#breadcrumb\"},\"inLanguage\":\"tr\",\"potentialAction\":[{\"@type\":\"ReadAction\",\"target\":[\"https:\\\/\\\/memurunsesi.net\\\/index.php\\\/2025\\\/05\\\/22\\\/elektrik-telliyle-temas-eden-nakliye-asansorunde-akima-kapilan-genc-hayatini-kaybetti\\\/\"]}]},{\"@type\":\"ImageObject\",\"inLanguage\":\"tr\",\"@id\":\"https:\\\/\\\/memurunsesi.net\\\/index.php\\\/2025\\\/05\\\/22\\\/elektrik-telliyle-temas-eden-nakliye-asansorunde-akima-kapilan-genc-hayatini-kaybetti\\\/#primaryimage\",\"url\":\"https:\\\/\\\/memurunsesi.net\\\/wp-content\\\/uploads\\\/2025\\\/05\\\/AW460203_01.jpg\",\"contentUrl\":\"https:\\\/\\\/memurunsesi.net\\\/wp-content\\\/uploads\\\/2025\\\/05\\\/AW460203_01.jpg\",\"width\":1320,\"height\":1570,\"caption\":\"DEN\u0130ZL\u0130'DE EVDEN E\u015eYA \u00c7IKARMAK \u0130\u00c7\u0130N KURULAN NAKL\u0130YE ASANS\u00d6R\u00dcN\u00dcN ELEKTR\u0130K TELLER\u0130 \u0130LE TEMAS ETMES\u0130 SONUCU AKIMA KAPILAN 22 YA\u015eINDAK\u0130 GEN\u00c7 HAYATINI KAYBETT\u0130. (FADIL K\u00d6SEDA\u011e\\\/DEN\u0130ZL\u0130-\u0130HA) Denizli'de evden e\u015fya \u00e7\u0131karmak i\u00e7in kurulan nakliye asans\u00f6r\u00fcn\u00fcn elektrik telleri ile temas etmesi sonucu ak\u0131ma kap\u0131lan 22 ya\u015f\u0131ndaki gen\u00e7 hayat\u0131n\u0131 kaybetti.\"},{\"@type\":\"BreadcrumbList\",\"@id\":\"https:\\\/\\\/memurunsesi.net\\\/index.php\\\/2025\\\/05\\\/22\\\/elektrik-telliyle-temas-eden-nakliye-asansorunde-akima-kapilan-genc-hayatini-kaybetti\\\/#breadcrumb\",\"itemListElement\":[{\"@type\":\"ListItem\",\"position\":1,\"name\":\"Anasayfa\",\"item\":\"https:\\\/\\\/memurunsesi.net\\\/\"},{\"@type\":\"ListItem\",\"position\":2,\"name\":\"Elektrik telliyle temas eden nakliye asans\u00f6r\u00fcnde ak\u0131ma kap\u0131lan gen\u00e7 hayat\u0131n\u0131 kaybetti\"}]},{\"@type\":\"WebSite\",\"@id\":\"https:\\\/\\\/memurunsesi.net\\\/#website\",\"url\":\"https:\\\/\\\/memurunsesi.net\\\/\",\"name\":\"Memurun Sesi\",\"description\":\"G\u00fcncel ve Do\u011fru Haber\",\"publisher\":{\"@id\":\"https:\\\/\\\/memurunsesi.net\\\/#organization\"},\"potentialAction\":[{\"@type\":\"SearchAction\",\"target\":{\"@type\":\"EntryPoint\",\"urlTemplate\":\"https:\\\/\\\/memurunsesi.net\\\/?s={search_term_string}\"},\"query-input\":{\"@type\":\"PropertyValueSpecification\",\"valueRequired\":true,\"valueName\":\"search_term_string\"}}],\"inLanguage\":\"tr\"},{\"@type\":\"Organization\",\"@id\":\"https:\\\/\\\/memurunsesi.net\\\/#organization\",\"name\":\"Memurun Sesi\",\"url\":\"https:\\\/\\\/memurunsesi.net\\\/\",\"logo\":{\"@type\":\"ImageObject\",\"inLanguage\":\"tr\",\"@id\":\"https:\\\/\\\/memurunsesi.net\\\/#\\\/schema\\\/logo\\\/image\\\/\",\"url\":\"https:\\\/\\\/memurunsesi.net\\\/wp-content\\\/uploads\\\/2025\\\/11\\\/cropped-MEMURUN-SESI.png\",\"contentUrl\":\"https:\\\/\\\/memurunsesi.net\\\/wp-content\\\/uploads\\\/2025\\\/11\\\/cropped-MEMURUN-SESI.png\",\"width\":238,\"height\":57,\"caption\":\"Memurun Sesi\"},\"image\":{\"@id\":\"https:\\\/\\\/memurunsesi.net\\\/#\\\/schema\\\/logo\\\/image\\\/\"},\"sameAs\":[\"https:\\\/\\\/www.facebook.com\\\/unipersen\\\/?locale=tr_TR\",\"https:\\\/\\\/x.com\\\/unipersen\"]},{\"@type\":\"Person\",\"@id\":\"https:\\\/\\\/memurunsesi.net\\\/#\\\/schema\\\/person\\\/f21c2d73b89f6ee1d80b0a1803e38587\",\"name\":\"Memurun Sesi Haber Merkezi\",\"image\":{\"@type\":\"ImageObject\",\"inLanguage\":\"tr\",\"@id\":\"https:\\\/\\\/secure.gravatar.com\\\/avatar\\\/6cf0505f452ee753f485014986fab09a434671d2b919ee76fc541025c5876a70?s=96&d=mm&r=g\",\"url\":\"https:\\\/\\\/secure.gravatar.com\\\/avatar\\\/6cf0505f452ee753f485014986fab09a434671d2b919ee76fc541025c5876a70?s=96&d=mm&r=g\",\"contentUrl\":\"https:\\\/\\\/secure.gravatar.com\\\/avatar\\\/6cf0505f452ee753f485014986fab09a434671d2b919ee76fc541025c5876a70?s=96&d=mm&r=g\",\"caption\":\"Memurun Sesi Haber Merkezi\"},\"sameAs\":[\"https:\\\/\\\/memurunsesi.net\"],\"url\":\"https:\\\/\\\/memurunsesi.net\\\/index.php\\\/author\\\/uniper\\\/\"}]}<\/script>\n<!-- \/ Yoast SEO plugin. -->","yoast_head_json":{"title":"Elektrik telliyle temas eden nakliye asans\u00f6r\u00fcnde ak\u0131ma kap\u0131lan gen\u00e7 hayat\u0131n\u0131 kaybetti - Memurun Sesi","robots":{"index":"index","follow":"follow","max-snippet":"max-snippet:-1","max-image-preview":"max-image-preview:large","max-video-preview":"max-video-preview:-1"},"canonical":"https:\/\/memurunsesi.net\/index.php\/2025\/05\/22\/elektrik-telliyle-temas-eden-nakliye-asansorunde-akima-kapilan-genc-hayatini-kaybetti\/","og_locale":"tr_TR","og_type":"article","og_title":"Elektrik telliyle temas eden nakliye asans\u00f6r\u00fcnde ak\u0131ma kap\u0131lan gen\u00e7 hayat\u0131n\u0131 kaybetti - Memurun Sesi","og_description":"Denizli\u2019de evden e\u015fya \u00e7\u0131karmak i\u00e7in kurulan nakliye asans\u00f6r\u00fcn\u00fcn elektrik telleri ile temas etmesi sonucu ak\u0131ma kap\u0131lan 22 ya\u015f\u0131ndaki gen\u00e7 hayat\u0131n\u0131 kaybetti. Olay, Pamukkale il\u00e7esi Ba\u011fba\u015f\u0131 Mahallesi\u2019nde meydana geldi. Edinilen bilgilere g\u00f6re ta\u015f\u0131nma olan bir evin e\u015fyalar\u0131n\u0131n nakliyesi i\u00e7in asans\u00f6r kuruldu. E\u015fyalar\u0131n nakliyesi s\u0131ras\u0131nda asans\u00f6r elektrik telleri ile temas etti. Bu s\u0131rada Batuhan Ko\u00e7an (22) ise [&hellip;]","og_url":"https:\/\/memurunsesi.net\/index.php\/2025\/05\/22\/elektrik-telliyle-temas-eden-nakliye-asansorunde-akima-kapilan-genc-hayatini-kaybetti\/","og_site_name":"Memurun Sesi","article_publisher":"https:\/\/www.facebook.com\/unipersen\/?locale=tr_TR","article_published_time":"2025-05-22T07:47:35+00:00","og_image":[{"width":1320,"height":1570,"url":"https:\/\/memurunsesi.net\/wp-content\/uploads\/2025\/05\/AW460203_01.jpg","type":"image\/jpeg"}],"author":"Memurun Sesi Haber Merkezi","twitter_card":"summary_large_image","twitter_creator":"@unipersen","twitter_site":"@unipersen","twitter_misc":{"Yazan:":"Memurun Sesi Haber Merkezi","Tahmini okuma s\u00fcresi":"1 dakika"},"schema":{"@context":"https:\/\/schema.org","@graph":[{"@type":"Article","@id":"https:\/\/memurunsesi.net\/index.php\/2025\/05\/22\/elektrik-telliyle-temas-eden-nakliye-asansorunde-akima-kapilan-genc-hayatini-kaybetti\/#article","isPartOf":{"@id":"https:\/\/memurunsesi.net\/index.php\/2025\/05\/22\/elektrik-telliyle-temas-eden-nakliye-asansorunde-akima-kapilan-genc-hayatini-kaybetti\/"},"author":{"name":"Memurun Sesi Haber Merkezi","@id":"https:\/\/memurunsesi.net\/#\/schema\/person\/f21c2d73b89f6ee1d80b0a1803e38587"},"headline":"Elektrik telliyle temas eden nakliye asans\u00f6r\u00fcnde ak\u0131ma kap\u0131lan gen\u00e7 hayat\u0131n\u0131 kaybetti","datePublished":"2025-05-22T07:47:35+00:00","mainEntityOfPage":{"@id":"https:\/\/memurunsesi.net\/index.php\/2025\/05\/22\/elektrik-telliyle-temas-eden-nakliye-asansorunde-akima-kapilan-genc-hayatini-kaybetti\/"},"wordCount":168,"commentCount":0,"publisher":{"@id":"https:\/\/memurunsesi.net\/#organization"},"image":{"@id":"https:\/\/memurunsesi.net\/index.php\/2025\/05\/22\/elektrik-telliyle-temas-eden-nakliye-asansorunde-akima-kapilan-genc-hayatini-kaybetti\/#primaryimage"},"thumbnailUrl":"https:\/\/memurunsesi.net\/wp-content\/uploads\/2025\/05\/AW460203_01.jpg","inLanguage":"tr","potentialAction":[{"@type":"CommentAction","name":"Comment","target":["https:\/\/memurunsesi.net\/index.php\/2025\/05\/22\/elektrik-telliyle-temas-eden-nakliye-asansorunde-akima-kapilan-genc-hayatini-kaybetti\/#respond"]}]},{"@type":"WebPage","@id":"https:\/\/memurunsesi.net\/index.php\/2025\/05\/22\/elektrik-telliyle-temas-eden-nakliye-asansorunde-akima-kapilan-genc-hayatini-kaybetti\/","url":"https:\/\/memurunsesi.net\/index.php\/2025\/05\/22\/elektrik-telliyle-temas-eden-nakliye-asansorunde-akima-kapilan-genc-hayatini-kaybetti\/","name":"Elektrik telliyle temas eden nakliye asans\u00f6r\u00fcnde ak\u0131ma kap\u0131lan gen\u00e7 hayat\u0131n\u0131 kaybetti - Memurun Sesi","isPartOf":{"@id":"https:\/\/memurunsesi.net\/#website"},"primaryImageOfPage":{"@id":"https:\/\/memurunsesi.net\/index.php\/2025\/05\/22\/elektrik-telliyle-temas-eden-nakliye-asansorunde-akima-kapilan-genc-hayatini-kaybetti\/#primaryimage"},"image":{"@id":"https:\/\/memurunsesi.net\/index.php\/2025\/05\/22\/elektrik-telliyle-temas-eden-nakliye-asansorunde-akima-kapilan-genc-hayatini-kaybetti\/#primaryimage"},"thumbnailUrl":"https:\/\/memurunsesi.net\/wp-content\/uploads\/2025\/05\/AW460203_01.jpg","datePublished":"2025-05-22T07:47:35+00:00","breadcrumb":{"@id":"https:\/\/memurunsesi.net\/index.php\/2025\/05\/22\/elektrik-telliyle-temas-eden-nakliye-asansorunde-akima-kapilan-genc-hayatini-kaybetti\/#breadcrumb"},"inLanguage":"tr","potentialAction":[{"@type":"ReadAction","target":["https:\/\/memurunsesi.net\/index.php\/2025\/05\/22\/elektrik-telliyle-temas-eden-nakliye-asansorunde-akima-kapilan-genc-hayatini-kaybetti\/"]}]},{"@type":"ImageObject","inLanguage":"tr","@id":"https:\/\/memurunsesi.net\/index.php\/2025\/05\/22\/elektrik-telliyle-temas-eden-nakliye-asansorunde-akima-kapilan-genc-hayatini-kaybetti\/#primaryimage","url":"https:\/\/memurunsesi.net\/wp-content\/uploads\/2025\/05\/AW460203_01.jpg","contentUrl":"https:\/\/memurunsesi.net\/wp-content\/uploads\/2025\/05\/AW460203_01.jpg","width":1320,"height":1570,"caption":"DEN\u0130ZL\u0130'DE EVDEN E\u015eYA \u00c7IKARMAK \u0130\u00c7\u0130N KURULAN NAKL\u0130YE ASANS\u00d6R\u00dcN\u00dcN ELEKTR\u0130K TELLER\u0130 \u0130LE TEMAS ETMES\u0130 SONUCU AKIMA KAPILAN 22 YA\u015eINDAK\u0130 GEN\u00c7 HAYATINI KAYBETT\u0130. (FADIL K\u00d6SEDA\u011e\/DEN\u0130ZL\u0130-\u0130HA) Denizli'de evden e\u015fya \u00e7\u0131karmak i\u00e7in kurulan nakliye asans\u00f6r\u00fcn\u00fcn elektrik telleri ile temas etmesi sonucu ak\u0131ma kap\u0131lan 22 ya\u015f\u0131ndaki gen\u00e7 hayat\u0131n\u0131 kaybetti."},{"@type":"BreadcrumbList","@id":"https:\/\/memurunsesi.net\/index.php\/2025\/05\/22\/elektrik-telliyle-temas-eden-nakliye-asansorunde-akima-kapilan-genc-hayatini-kaybetti\/#breadcrumb","itemListElement":[{"@type":"ListItem","position":1,"name":"Anasayfa","item":"https:\/\/memurunsesi.net\/"},{"@type":"ListItem","position":2,"name":"Elektrik telliyle temas eden nakliye asans\u00f6r\u00fcnde ak\u0131ma kap\u0131lan gen\u00e7 hayat\u0131n\u0131 kaybetti"}]},{"@type":"WebSite","@id":"https:\/\/memurunsesi.net\/#website","url":"https:\/\/memurunsesi.net\/","name":"Memurun Sesi","description":"G\u00fcncel ve Do\u011fru Haber","publisher":{"@id":"https:\/\/memurunsesi.net\/#organization"},"potentialAction":[{"@type":"SearchAction","target":{"@type":"EntryPoint","urlTemplate":"https:\/\/memurunsesi.net\/?s={search_term_string}"},"query-input":{"@type":"PropertyValueSpecification","valueRequired":true,"valueName":"search_term_string"}}],"inLanguage":"tr"},{"@type":"Organization","@id":"https:\/\/memurunsesi.net\/#organization","name":"Memurun Sesi","url":"https:\/\/memurunsesi.net\/","logo":{"@type":"ImageObject","inLanguage":"tr","@id":"https:\/\/memurunsesi.net\/#\/schema\/logo\/image\/","url":"https:\/\/memurunsesi.net\/wp-content\/uploads\/2025\/11\/cropped-MEMURUN-SESI.png","contentUrl":"https:\/\/memurunsesi.net\/wp-content\/uploads\/2025\/11\/cropped-MEMURUN-SESI.png","width":238,"height":57,"caption":"Memurun Sesi"},"image":{"@id":"https:\/\/memurunsesi.net\/#\/schema\/logo\/image\/"},"sameAs":["https:\/\/www.facebook.com\/unipersen\/?locale=tr_TR","https:\/\/x.com\/unipersen"]},{"@type":"Person","@id":"https:\/\/memurunsesi.net\/#\/schema\/person\/f21c2d73b89f6ee1d80b0a1803e38587","name":"Memurun Sesi Haber Merkezi","image":{"@type":"ImageObject","inLanguage":"tr","@id":"https:\/\/secure.gravatar.com\/avatar\/6cf0505f452ee753f485014986fab09a434671d2b919ee76fc541025c5876a70?s=96&d=mm&r=g","url":"https:\/\/secure.gravatar.com\/avatar\/6cf0505f452ee753f485014986fab09a434671d2b919ee76fc541025c5876a70?s=96&d=mm&r=g","contentUrl":"https:\/\/secure.gravatar.com\/avatar\/6cf0505f452ee753f485014986fab09a434671d2b919ee76fc541025c5876a70?s=96&d=mm&r=g","caption":"Memurun Sesi Haber Merkezi"},"sameAs":["https:\/\/memurunsesi.net"],"url":"https:\/\/memurunsesi.net\/index.php\/author\/uniper\/"}]}},"_links":{"self":[{"href":"https:\/\/memurunsesi.net\/index.php\/wp-json\/wp\/v2\/posts\/7174","targetHints":{"allow":["GET"]}}],"collection":[{"href":"https:\/\/memurunsesi.net\/index.php\/wp-json\/wp\/v2\/posts"}],"about":[{"href":"https:\/\/memurunsesi.net\/index.php\/wp-json\/wp\/v2\/types\/post"}],"author":[{"embeddable":true,"href":"https:\/\/memurunsesi.net\/index.php\/wp-json\/wp\/v2\/users\/1"}],"replies":[{"embeddable":true,"href":"https:\/\/memurunsesi.net\/index.php\/wp-json\/wp\/v2\/comments?post=7174"}],"version-history":[{"count":1,"href":"https:\/\/memurunsesi.net\/index.php\/wp-json\/wp\/v2\/posts\/7174\/revisions"}],"predecessor-version":[{"id":7176,"href":"https:\/\/memurunsesi.net\/index.php\/wp-json\/wp\/v2\/posts\/7174\/revisions\/7176"}],"wp:featuredmedia":[{"embeddable":true,"href":"https:\/\/memurunsesi.net\/index.php\/wp-json\/wp\/v2\/media\/7175"}],"wp:attachment":[{"href":"https:\/\/memurunsesi.net\/index.php\/wp-json\/wp\/v2\/media?parent=7174"}],"wp:term":[{"taxonomy":"category","embeddable":true,"href":"https:\/\/memurunsesi.net\/index.php\/wp-json\/wp\/v2\/categories?post=7174"},{"taxonomy":"post_tag","embeddable":true,"href":"https:\/\/memurunsesi.net\/index.php\/wp-json\/wp\/v2\/tags?post=7174"}],"curies":[{"name":"wp","href":"https:\/\/api.w.org\/{rel}","templated":true}]}}