{"id":7177,"date":"2025-05-22T10:49:19","date_gmt":"2025-05-22T07:49:19","guid":{"rendered":"https:\/\/memurunsesi.net\/?p=7177"},"modified":"2025-05-22T10:49:19","modified_gmt":"2025-05-22T07:49:19","slug":"cardak-bilim-senligindeki-projeler-goz-doldurdu","status":"publish","type":"post","link":"https:\/\/memurunsesi.net\/index.php\/2025\/05\/22\/cardak-bilim-senligindeki-projeler-goz-doldurdu\/","title":{"rendered":"\u00c7ardak Bilim \u015eenli\u011findeki projeler g\u00f6z doldurdu"},"content":{"rendered":"<p> Denizli\u2019nin \u00c7ardak il\u00e7esinde d\u00fczenlenen Bilim, K\u00fclt\u00fcr ve Sanat \u015eenli\u011finde yer alan \u00f6\u011frenci projeleri, ziyaret\u00e7ilerin takdirini toplad\u0131. <\/p>\n<p> Denizli\u2019nin \u00c7ardak il\u00e7esinde d\u00fczenlenen 2025 Bilim, K\u00fclt\u00fcr ve Sanat \u015eenli\u011fi, geni\u015f kat\u0131l\u0131ml\u0131 bir t\u00f6renle ba\u015flad\u0131. Denizli Valisi \u00d6mer Faruk Co\u015fkun, \u00c7ardak Kaymakam\u0131 Levent K\u00fc\u00e7\u00fck, \u00c7ardak Belediye Ba\u015fkan\u0131 Ali Alt\u0131ner ve il\u00e7e protokol\u00fcn\u00fcn kat\u0131l\u0131mlar\u0131yla tarihi \u00c7ardak Kervansaray\u0131nda ger\u00e7ekle\u015ftirilen \u00c7ardak Bilim, K\u00fclt\u00fcr ve Sanat \u015eenli\u011fi renkli g\u00f6r\u00fcnt\u00fclere sahne oldu. Projelerini ve eserlerini sergileyen \u00f6\u011frencilerin b\u00fcy\u00fck co\u015fku ya\u015fad\u0131\u011f\u0131 \u015fenlikte, \u00e7ocuklar\u0131n eme\u011fiyle haz\u0131rlanan etkinlikler, 5 ayr\u0131 proje at\u00f6lyesi ve sanat g\u00f6sterileri be\u011feni toplad\u0131. <\/p>\n<p> \u015eenlikte \u00f6\u011frencilerin ya\u015fad\u0131\u011f\u0131 co\u015fkuya ortak olduklar\u0131n\u0131 belirten Ba\u015fkan Alt\u0131ner, &#8220;\u0130l ve il\u00e7e protokol\u00fcm\u00fcz\u00fcn kat\u0131l\u0131mlar\u0131yla, tarihi \u00c7ardak Kervansaray\u0131nda ger\u00e7ekle\u015ftirdi\u011fimiz \u00c7ardak Bilim \u015eenli\u011finin a\u00e7\u0131l\u0131\u015f\u0131n\u0131 b\u00fcy\u00fck bir co\u015fku ve gururla yapt\u0131k. Bilimsel merak\u0131 te\u015fvik eden, \u00e7ocuklar\u0131m\u0131z\u0131n ve gen\u00e7lerimizin hayal g\u00fcc\u00fcn\u00fc destekleyen bu anlaml\u0131 etkinlikte eme\u011fi ge\u00e7en t\u00fcm kurumlar\u0131m\u0131za, \u00f6\u011fretmenlerimize, \u00f6\u011frencilerimize ve kat\u0131l\u0131mc\u0131lara g\u00f6n\u00fclden te\u015fekk\u00fcr ederiz.  Bilimle b\u00fcy\u00fcyen nesiller i\u00e7in birlikte \u00e7al\u0131\u015fmaya devam edece\u011fiz&#8221; dedi. <\/p>\n<p>22.05.2025                               <\/p>\n","protected":false},"excerpt":{"rendered":"<p>Denizli\u2019nin \u00c7ardak il\u00e7esinde d\u00fczenlenen Bilim, K\u00fclt\u00fcr ve Sanat \u015eenli\u011finde yer alan \u00f6\u011frenci projeleri, ziyaret\u00e7ilerin takdirini toplad\u0131. Denizli\u2019nin \u00c7ardak il\u00e7esinde d\u00fczenlenen 2025 Bilim, K\u00fclt\u00fcr ve Sanat \u015eenli\u011fi, geni\u015f kat\u0131l\u0131ml\u0131 bir t\u00f6renle ba\u015flad\u0131. Denizli Valisi \u00d6mer Faruk Co\u015fkun, \u00c7ardak Kaymakam\u0131 Levent K\u00fc\u00e7\u00fck, \u00c7ardak Belediye Ba\u015fkan\u0131 Ali Alt\u0131ner ve il\u00e7e protokol\u00fcn\u00fcn kat\u0131l\u0131mlar\u0131yla tarihi \u00c7ardak Kervansaray\u0131nda ger\u00e7ekle\u015ftirilen \u00c7ardak Bilim, [&hellip;]<\/p>\n","protected":false},"author":1,"featured_media":7178,"comment_status":"open","ping_status":"open","sticky":false,"template":"","format":"standard","meta":{"footnotes":""},"categories":[51],"tags":[],"class_list":["post-7177","post","type-post","status-publish","format-standard","has-post-thumbnail","hentry","category-teknoloji"],"yoast_head":"<!-- This site is optimized with the Yoast SEO plugin v27.4 - https:\/\/yoast.com\/product\/yoast-seo-wordpress\/ -->\n<title>\u00c7ardak Bilim \u015eenli\u011findeki projeler g\u00f6z doldurdu - Memurun Sesi<\/title>\n<meta name=\"robots\" content=\"index, follow, max-snippet:-1, max-image-preview:large, max-video-preview:-1\" \/>\n<link rel=\"canonical\" href=\"https:\/\/memurunsesi.net\/index.php\/2025\/05\/22\/cardak-bilim-senligindeki-projeler-goz-doldurdu\/\" \/>\n<meta property=\"og:locale\" content=\"tr_TR\" \/>\n<meta property=\"og:type\" content=\"article\" \/>\n<meta property=\"og:title\" content=\"\u00c7ardak Bilim \u015eenli\u011findeki projeler g\u00f6z doldurdu - Memurun Sesi\" \/>\n<meta property=\"og:description\" content=\"Denizli\u2019nin \u00c7ardak il\u00e7esinde d\u00fczenlenen Bilim, K\u00fclt\u00fcr ve Sanat \u015eenli\u011finde yer alan \u00f6\u011frenci projeleri, ziyaret\u00e7ilerin takdirini toplad\u0131. Denizli\u2019nin \u00c7ardak il\u00e7esinde d\u00fczenlenen 2025 Bilim, K\u00fclt\u00fcr ve Sanat \u015eenli\u011fi, geni\u015f kat\u0131l\u0131ml\u0131 bir t\u00f6renle ba\u015flad\u0131. Denizli Valisi \u00d6mer Faruk Co\u015fkun, \u00c7ardak Kaymakam\u0131 Levent K\u00fc\u00e7\u00fck, \u00c7ardak Belediye Ba\u015fkan\u0131 Ali Alt\u0131ner ve il\u00e7e protokol\u00fcn\u00fcn kat\u0131l\u0131mlar\u0131yla tarihi \u00c7ardak Kervansaray\u0131nda ger\u00e7ekle\u015ftirilen \u00c7ardak Bilim, [&hellip;]\" \/>\n<meta property=\"og:url\" content=\"https:\/\/memurunsesi.net\/index.php\/2025\/05\/22\/cardak-bilim-senligindeki-projeler-goz-doldurdu\/\" \/>\n<meta property=\"og:site_name\" content=\"Memurun Sesi\" \/>\n<meta property=\"article:publisher\" content=\"https:\/\/www.facebook.com\/unipersen\/?locale=tr_TR\" \/>\n<meta property=\"article:published_time\" content=\"2025-05-22T07:49:19+00:00\" \/>\n<meta property=\"og:image\" content=\"https:\/\/memurunsesi.net\/wp-content\/uploads\/2025\/05\/AW460133_01.jpg\" \/>\n\t<meta property=\"og:image:width\" content=\"815\" \/>\n\t<meta property=\"og:image:height\" content=\"455\" \/>\n\t<meta property=\"og:image:type\" content=\"image\/jpeg\" \/>\n<meta name=\"author\" content=\"Memurun Sesi Haber Merkezi\" \/>\n<meta name=\"twitter:card\" content=\"summary_large_image\" \/>\n<meta name=\"twitter:creator\" content=\"@unipersen\" \/>\n<meta name=\"twitter:site\" content=\"@unipersen\" \/>\n<meta name=\"twitter:label1\" content=\"Yazan:\" \/>\n\t<meta name=\"twitter:data1\" content=\"Memurun Sesi Haber Merkezi\" \/>\n\t<meta name=\"twitter:label2\" content=\"Tahmini okuma s\u00fcresi\" \/>\n\t<meta name=\"twitter:data2\" content=\"1 dakika\" \/>\n<script type=\"application\/ld+json\" class=\"yoast-schema-graph\">{\"@context\":\"https:\\\/\\\/schema.org\",\"@graph\":[{\"@type\":\"Article\",\"@id\":\"https:\\\/\\\/memurunsesi.net\\\/index.php\\\/2025\\\/05\\\/22\\\/cardak-bilim-senligindeki-projeler-goz-doldurdu\\\/#article\",\"isPartOf\":{\"@id\":\"https:\\\/\\\/memurunsesi.net\\\/index.php\\\/2025\\\/05\\\/22\\\/cardak-bilim-senligindeki-projeler-goz-doldurdu\\\/\"},\"author\":{\"name\":\"Memurun Sesi Haber Merkezi\",\"@id\":\"https:\\\/\\\/memurunsesi.net\\\/#\\\/schema\\\/person\\\/f21c2d73b89f6ee1d80b0a1803e38587\"},\"headline\":\"\u00c7ardak Bilim \u015eenli\u011findeki projeler g\u00f6z doldurdu\",\"datePublished\":\"2025-05-22T07:49:19+00:00\",\"mainEntityOfPage\":{\"@id\":\"https:\\\/\\\/memurunsesi.net\\\/index.php\\\/2025\\\/05\\\/22\\\/cardak-bilim-senligindeki-projeler-goz-doldurdu\\\/\"},\"wordCount\":245,\"commentCount\":0,\"publisher\":{\"@id\":\"https:\\\/\\\/memurunsesi.net\\\/#organization\"},\"image\":{\"@id\":\"https:\\\/\\\/memurunsesi.net\\\/index.php\\\/2025\\\/05\\\/22\\\/cardak-bilim-senligindeki-projeler-goz-doldurdu\\\/#primaryimage\"},\"thumbnailUrl\":\"https:\\\/\\\/memurunsesi.net\\\/wp-content\\\/uploads\\\/2025\\\/05\\\/AW460133_01.jpg\",\"articleSection\":[\"Teknoloji\"],\"inLanguage\":\"tr\",\"potentialAction\":[{\"@type\":\"CommentAction\",\"name\":\"Comment\",\"target\":[\"https:\\\/\\\/memurunsesi.net\\\/index.php\\\/2025\\\/05\\\/22\\\/cardak-bilim-senligindeki-projeler-goz-doldurdu\\\/#respond\"]}]},{\"@type\":\"WebPage\",\"@id\":\"https:\\\/\\\/memurunsesi.net\\\/index.php\\\/2025\\\/05\\\/22\\\/cardak-bilim-senligindeki-projeler-goz-doldurdu\\\/\",\"url\":\"https:\\\/\\\/memurunsesi.net\\\/index.php\\\/2025\\\/05\\\/22\\\/cardak-bilim-senligindeki-projeler-goz-doldurdu\\\/\",\"name\":\"\u00c7ardak Bilim \u015eenli\u011findeki projeler g\u00f6z doldurdu - Memurun Sesi\",\"isPartOf\":{\"@id\":\"https:\\\/\\\/memurunsesi.net\\\/#website\"},\"primaryImageOfPage\":{\"@id\":\"https:\\\/\\\/memurunsesi.net\\\/index.php\\\/2025\\\/05\\\/22\\\/cardak-bilim-senligindeki-projeler-goz-doldurdu\\\/#primaryimage\"},\"image\":{\"@id\":\"https:\\\/\\\/memurunsesi.net\\\/index.php\\\/2025\\\/05\\\/22\\\/cardak-bilim-senligindeki-projeler-goz-doldurdu\\\/#primaryimage\"},\"thumbnailUrl\":\"https:\\\/\\\/memurunsesi.net\\\/wp-content\\\/uploads\\\/2025\\\/05\\\/AW460133_01.jpg\",\"datePublished\":\"2025-05-22T07:49:19+00:00\",\"breadcrumb\":{\"@id\":\"https:\\\/\\\/memurunsesi.net\\\/index.php\\\/2025\\\/05\\\/22\\\/cardak-bilim-senligindeki-projeler-goz-doldurdu\\\/#breadcrumb\"},\"inLanguage\":\"tr\",\"potentialAction\":[{\"@type\":\"ReadAction\",\"target\":[\"https:\\\/\\\/memurunsesi.net\\\/index.php\\\/2025\\\/05\\\/22\\\/cardak-bilim-senligindeki-projeler-goz-doldurdu\\\/\"]}]},{\"@type\":\"ImageObject\",\"inLanguage\":\"tr\",\"@id\":\"https:\\\/\\\/memurunsesi.net\\\/index.php\\\/2025\\\/05\\\/22\\\/cardak-bilim-senligindeki-projeler-goz-doldurdu\\\/#primaryimage\",\"url\":\"https:\\\/\\\/memurunsesi.net\\\/wp-content\\\/uploads\\\/2025\\\/05\\\/AW460133_01.jpg\",\"contentUrl\":\"https:\\\/\\\/memurunsesi.net\\\/wp-content\\\/uploads\\\/2025\\\/05\\\/AW460133_01.jpg\",\"width\":815,\"height\":455,\"caption\":\"DEN\u0130ZL\u0130'N\u0130N \u00c7ARDAK \u0130L\u00c7ES\u0130NDE D\u00dcZENLENEN B\u0130L\u0130M, K\u00dcLT\u00dcR VE SANAT \u015eENL\u0130\u011e\u0130NDE YER ALAN \u00d6\u011eRENC\u0130 PROJELER\u0130, Z\u0130YARET\u00c7\u0130LER\u0130N TAKD\u0130R\u0130N\u0130 TOPLADI. (MEHD\u0130 KO\u00c7\\\/DEN\u0130ZL\u0130-\u0130HA) Denizli'nin \u00c7ardak il\u00e7esinde d\u00fczenlenen Bilim, K\u00fclt\u00fcr ve Sanat \u015eenli\u011finde yer alan \u00f6\u011frenci projeleri, ziyaret\u00e7ilerin takdirini toplad\u0131.\"},{\"@type\":\"BreadcrumbList\",\"@id\":\"https:\\\/\\\/memurunsesi.net\\\/index.php\\\/2025\\\/05\\\/22\\\/cardak-bilim-senligindeki-projeler-goz-doldurdu\\\/#breadcrumb\",\"itemListElement\":[{\"@type\":\"ListItem\",\"position\":1,\"name\":\"Anasayfa\",\"item\":\"https:\\\/\\\/memurunsesi.net\\\/\"},{\"@type\":\"ListItem\",\"position\":2,\"name\":\"\u00c7ardak Bilim \u015eenli\u011findeki projeler g\u00f6z doldurdu\"}]},{\"@type\":\"WebSite\",\"@id\":\"https:\\\/\\\/memurunsesi.net\\\/#website\",\"url\":\"https:\\\/\\\/memurunsesi.net\\\/\",\"name\":\"Memurun Sesi\",\"description\":\"G\u00fcncel ve Do\u011fru Haber\",\"publisher\":{\"@id\":\"https:\\\/\\\/memurunsesi.net\\\/#organization\"},\"potentialAction\":[{\"@type\":\"SearchAction\",\"target\":{\"@type\":\"EntryPoint\",\"urlTemplate\":\"https:\\\/\\\/memurunsesi.net\\\/?s={search_term_string}\"},\"query-input\":{\"@type\":\"PropertyValueSpecification\",\"valueRequired\":true,\"valueName\":\"search_term_string\"}}],\"inLanguage\":\"tr\"},{\"@type\":\"Organization\",\"@id\":\"https:\\\/\\\/memurunsesi.net\\\/#organization\",\"name\":\"Memurun Sesi\",\"url\":\"https:\\\/\\\/memurunsesi.net\\\/\",\"logo\":{\"@type\":\"ImageObject\",\"inLanguage\":\"tr\",\"@id\":\"https:\\\/\\\/memurunsesi.net\\\/#\\\/schema\\\/logo\\\/image\\\/\",\"url\":\"https:\\\/\\\/memurunsesi.net\\\/wp-content\\\/uploads\\\/2025\\\/11\\\/cropped-MEMURUN-SESI.png\",\"contentUrl\":\"https:\\\/\\\/memurunsesi.net\\\/wp-content\\\/uploads\\\/2025\\\/11\\\/cropped-MEMURUN-SESI.png\",\"width\":238,\"height\":57,\"caption\":\"Memurun Sesi\"},\"image\":{\"@id\":\"https:\\\/\\\/memurunsesi.net\\\/#\\\/schema\\\/logo\\\/image\\\/\"},\"sameAs\":[\"https:\\\/\\\/www.facebook.com\\\/unipersen\\\/?locale=tr_TR\",\"https:\\\/\\\/x.com\\\/unipersen\"]},{\"@type\":\"Person\",\"@id\":\"https:\\\/\\\/memurunsesi.net\\\/#\\\/schema\\\/person\\\/f21c2d73b89f6ee1d80b0a1803e38587\",\"name\":\"Memurun Sesi Haber Merkezi\",\"image\":{\"@type\":\"ImageObject\",\"inLanguage\":\"tr\",\"@id\":\"https:\\\/\\\/secure.gravatar.com\\\/avatar\\\/6cf0505f452ee753f485014986fab09a434671d2b919ee76fc541025c5876a70?s=96&d=mm&r=g\",\"url\":\"https:\\\/\\\/secure.gravatar.com\\\/avatar\\\/6cf0505f452ee753f485014986fab09a434671d2b919ee76fc541025c5876a70?s=96&d=mm&r=g\",\"contentUrl\":\"https:\\\/\\\/secure.gravatar.com\\\/avatar\\\/6cf0505f452ee753f485014986fab09a434671d2b919ee76fc541025c5876a70?s=96&d=mm&r=g\",\"caption\":\"Memurun Sesi Haber Merkezi\"},\"sameAs\":[\"https:\\\/\\\/memurunsesi.net\"],\"url\":\"https:\\\/\\\/memurunsesi.net\\\/index.php\\\/author\\\/uniper\\\/\"}]}<\/script>\n<!-- \/ Yoast SEO plugin. -->","yoast_head_json":{"title":"\u00c7ardak Bilim \u015eenli\u011findeki projeler g\u00f6z doldurdu - Memurun Sesi","robots":{"index":"index","follow":"follow","max-snippet":"max-snippet:-1","max-image-preview":"max-image-preview:large","max-video-preview":"max-video-preview:-1"},"canonical":"https:\/\/memurunsesi.net\/index.php\/2025\/05\/22\/cardak-bilim-senligindeki-projeler-goz-doldurdu\/","og_locale":"tr_TR","og_type":"article","og_title":"\u00c7ardak Bilim \u015eenli\u011findeki projeler g\u00f6z doldurdu - Memurun Sesi","og_description":"Denizli\u2019nin \u00c7ardak il\u00e7esinde d\u00fczenlenen Bilim, K\u00fclt\u00fcr ve Sanat \u015eenli\u011finde yer alan \u00f6\u011frenci projeleri, ziyaret\u00e7ilerin takdirini toplad\u0131. Denizli\u2019nin \u00c7ardak il\u00e7esinde d\u00fczenlenen 2025 Bilim, K\u00fclt\u00fcr ve Sanat \u015eenli\u011fi, geni\u015f kat\u0131l\u0131ml\u0131 bir t\u00f6renle ba\u015flad\u0131. Denizli Valisi \u00d6mer Faruk Co\u015fkun, \u00c7ardak Kaymakam\u0131 Levent K\u00fc\u00e7\u00fck, \u00c7ardak Belediye Ba\u015fkan\u0131 Ali Alt\u0131ner ve il\u00e7e protokol\u00fcn\u00fcn kat\u0131l\u0131mlar\u0131yla tarihi \u00c7ardak Kervansaray\u0131nda ger\u00e7ekle\u015ftirilen \u00c7ardak Bilim, [&hellip;]","og_url":"https:\/\/memurunsesi.net\/index.php\/2025\/05\/22\/cardak-bilim-senligindeki-projeler-goz-doldurdu\/","og_site_name":"Memurun Sesi","article_publisher":"https:\/\/www.facebook.com\/unipersen\/?locale=tr_TR","article_published_time":"2025-05-22T07:49:19+00:00","og_image":[{"width":815,"height":455,"url":"https:\/\/memurunsesi.net\/wp-content\/uploads\/2025\/05\/AW460133_01.jpg","type":"image\/jpeg"}],"author":"Memurun Sesi Haber Merkezi","twitter_card":"summary_large_image","twitter_creator":"@unipersen","twitter_site":"@unipersen","twitter_misc":{"Yazan:":"Memurun Sesi Haber Merkezi","Tahmini okuma s\u00fcresi":"1 dakika"},"schema":{"@context":"https:\/\/schema.org","@graph":[{"@type":"Article","@id":"https:\/\/memurunsesi.net\/index.php\/2025\/05\/22\/cardak-bilim-senligindeki-projeler-goz-doldurdu\/#article","isPartOf":{"@id":"https:\/\/memurunsesi.net\/index.php\/2025\/05\/22\/cardak-bilim-senligindeki-projeler-goz-doldurdu\/"},"author":{"name":"Memurun Sesi Haber Merkezi","@id":"https:\/\/memurunsesi.net\/#\/schema\/person\/f21c2d73b89f6ee1d80b0a1803e38587"},"headline":"\u00c7ardak Bilim \u015eenli\u011findeki projeler g\u00f6z doldurdu","datePublished":"2025-05-22T07:49:19+00:00","mainEntityOfPage":{"@id":"https:\/\/memurunsesi.net\/index.php\/2025\/05\/22\/cardak-bilim-senligindeki-projeler-goz-doldurdu\/"},"wordCount":245,"commentCount":0,"publisher":{"@id":"https:\/\/memurunsesi.net\/#organization"},"image":{"@id":"https:\/\/memurunsesi.net\/index.php\/2025\/05\/22\/cardak-bilim-senligindeki-projeler-goz-doldurdu\/#primaryimage"},"thumbnailUrl":"https:\/\/memurunsesi.net\/wp-content\/uploads\/2025\/05\/AW460133_01.jpg","articleSection":["Teknoloji"],"inLanguage":"tr","potentialAction":[{"@type":"CommentAction","name":"Comment","target":["https:\/\/memurunsesi.net\/index.php\/2025\/05\/22\/cardak-bilim-senligindeki-projeler-goz-doldurdu\/#respond"]}]},{"@type":"WebPage","@id":"https:\/\/memurunsesi.net\/index.php\/2025\/05\/22\/cardak-bilim-senligindeki-projeler-goz-doldurdu\/","url":"https:\/\/memurunsesi.net\/index.php\/2025\/05\/22\/cardak-bilim-senligindeki-projeler-goz-doldurdu\/","name":"\u00c7ardak Bilim \u015eenli\u011findeki projeler g\u00f6z doldurdu - Memurun Sesi","isPartOf":{"@id":"https:\/\/memurunsesi.net\/#website"},"primaryImageOfPage":{"@id":"https:\/\/memurunsesi.net\/index.php\/2025\/05\/22\/cardak-bilim-senligindeki-projeler-goz-doldurdu\/#primaryimage"},"image":{"@id":"https:\/\/memurunsesi.net\/index.php\/2025\/05\/22\/cardak-bilim-senligindeki-projeler-goz-doldurdu\/#primaryimage"},"thumbnailUrl":"https:\/\/memurunsesi.net\/wp-content\/uploads\/2025\/05\/AW460133_01.jpg","datePublished":"2025-05-22T07:49:19+00:00","breadcrumb":{"@id":"https:\/\/memurunsesi.net\/index.php\/2025\/05\/22\/cardak-bilim-senligindeki-projeler-goz-doldurdu\/#breadcrumb"},"inLanguage":"tr","potentialAction":[{"@type":"ReadAction","target":["https:\/\/memurunsesi.net\/index.php\/2025\/05\/22\/cardak-bilim-senligindeki-projeler-goz-doldurdu\/"]}]},{"@type":"ImageObject","inLanguage":"tr","@id":"https:\/\/memurunsesi.net\/index.php\/2025\/05\/22\/cardak-bilim-senligindeki-projeler-goz-doldurdu\/#primaryimage","url":"https:\/\/memurunsesi.net\/wp-content\/uploads\/2025\/05\/AW460133_01.jpg","contentUrl":"https:\/\/memurunsesi.net\/wp-content\/uploads\/2025\/05\/AW460133_01.jpg","width":815,"height":455,"caption":"DEN\u0130ZL\u0130'N\u0130N \u00c7ARDAK \u0130L\u00c7ES\u0130NDE D\u00dcZENLENEN B\u0130L\u0130M, K\u00dcLT\u00dcR VE SANAT \u015eENL\u0130\u011e\u0130NDE YER ALAN \u00d6\u011eRENC\u0130 PROJELER\u0130, Z\u0130YARET\u00c7\u0130LER\u0130N TAKD\u0130R\u0130N\u0130 TOPLADI. (MEHD\u0130 KO\u00c7\/DEN\u0130ZL\u0130-\u0130HA) Denizli'nin \u00c7ardak il\u00e7esinde d\u00fczenlenen Bilim, K\u00fclt\u00fcr ve Sanat \u015eenli\u011finde yer alan \u00f6\u011frenci projeleri, ziyaret\u00e7ilerin takdirini toplad\u0131."},{"@type":"BreadcrumbList","@id":"https:\/\/memurunsesi.net\/index.php\/2025\/05\/22\/cardak-bilim-senligindeki-projeler-goz-doldurdu\/#breadcrumb","itemListElement":[{"@type":"ListItem","position":1,"name":"Anasayfa","item":"https:\/\/memurunsesi.net\/"},{"@type":"ListItem","position":2,"name":"\u00c7ardak Bilim \u015eenli\u011findeki projeler g\u00f6z doldurdu"}]},{"@type":"WebSite","@id":"https:\/\/memurunsesi.net\/#website","url":"https:\/\/memurunsesi.net\/","name":"Memurun Sesi","description":"G\u00fcncel ve Do\u011fru Haber","publisher":{"@id":"https:\/\/memurunsesi.net\/#organization"},"potentialAction":[{"@type":"SearchAction","target":{"@type":"EntryPoint","urlTemplate":"https:\/\/memurunsesi.net\/?s={search_term_string}"},"query-input":{"@type":"PropertyValueSpecification","valueRequired":true,"valueName":"search_term_string"}}],"inLanguage":"tr"},{"@type":"Organization","@id":"https:\/\/memurunsesi.net\/#organization","name":"Memurun Sesi","url":"https:\/\/memurunsesi.net\/","logo":{"@type":"ImageObject","inLanguage":"tr","@id":"https:\/\/memurunsesi.net\/#\/schema\/logo\/image\/","url":"https:\/\/memurunsesi.net\/wp-content\/uploads\/2025\/11\/cropped-MEMURUN-SESI.png","contentUrl":"https:\/\/memurunsesi.net\/wp-content\/uploads\/2025\/11\/cropped-MEMURUN-SESI.png","width":238,"height":57,"caption":"Memurun Sesi"},"image":{"@id":"https:\/\/memurunsesi.net\/#\/schema\/logo\/image\/"},"sameAs":["https:\/\/www.facebook.com\/unipersen\/?locale=tr_TR","https:\/\/x.com\/unipersen"]},{"@type":"Person","@id":"https:\/\/memurunsesi.net\/#\/schema\/person\/f21c2d73b89f6ee1d80b0a1803e38587","name":"Memurun Sesi Haber Merkezi","image":{"@type":"ImageObject","inLanguage":"tr","@id":"https:\/\/secure.gravatar.com\/avatar\/6cf0505f452ee753f485014986fab09a434671d2b919ee76fc541025c5876a70?s=96&d=mm&r=g","url":"https:\/\/secure.gravatar.com\/avatar\/6cf0505f452ee753f485014986fab09a434671d2b919ee76fc541025c5876a70?s=96&d=mm&r=g","contentUrl":"https:\/\/secure.gravatar.com\/avatar\/6cf0505f452ee753f485014986fab09a434671d2b919ee76fc541025c5876a70?s=96&d=mm&r=g","caption":"Memurun Sesi Haber Merkezi"},"sameAs":["https:\/\/memurunsesi.net"],"url":"https:\/\/memurunsesi.net\/index.php\/author\/uniper\/"}]}},"_links":{"self":[{"href":"https:\/\/memurunsesi.net\/index.php\/wp-json\/wp\/v2\/posts\/7177","targetHints":{"allow":["GET"]}}],"collection":[{"href":"https:\/\/memurunsesi.net\/index.php\/wp-json\/wp\/v2\/posts"}],"about":[{"href":"https:\/\/memurunsesi.net\/index.php\/wp-json\/wp\/v2\/types\/post"}],"author":[{"embeddable":true,"href":"https:\/\/memurunsesi.net\/index.php\/wp-json\/wp\/v2\/users\/1"}],"replies":[{"embeddable":true,"href":"https:\/\/memurunsesi.net\/index.php\/wp-json\/wp\/v2\/comments?post=7177"}],"version-history":[{"count":1,"href":"https:\/\/memurunsesi.net\/index.php\/wp-json\/wp\/v2\/posts\/7177\/revisions"}],"predecessor-version":[{"id":7179,"href":"https:\/\/memurunsesi.net\/index.php\/wp-json\/wp\/v2\/posts\/7177\/revisions\/7179"}],"wp:featuredmedia":[{"embeddable":true,"href":"https:\/\/memurunsesi.net\/index.php\/wp-json\/wp\/v2\/media\/7178"}],"wp:attachment":[{"href":"https:\/\/memurunsesi.net\/index.php\/wp-json\/wp\/v2\/media?parent=7177"}],"wp:term":[{"taxonomy":"category","embeddable":true,"href":"https:\/\/memurunsesi.net\/index.php\/wp-json\/wp\/v2\/categories?post=7177"},{"taxonomy":"post_tag","embeddable":true,"href":"https:\/\/memurunsesi.net\/index.php\/wp-json\/wp\/v2\/tags?post=7177"}],"curies":[{"name":"wp","href":"https:\/\/api.w.org\/{rel}","templated":true}]}}