{"id":7180,"date":"2025-05-22T10:50:36","date_gmt":"2025-05-22T07:50:36","guid":{"rendered":"https:\/\/memurunsesi.net\/?p=7180"},"modified":"2025-05-22T10:50:36","modified_gmt":"2025-05-22T07:50:36","slug":"kuluda-4006-bilim-fuari-duzenlendi","status":"publish","type":"post","link":"https:\/\/memurunsesi.net\/index.php\/2025\/05\/22\/kuluda-4006-bilim-fuari-duzenlendi\/","title":{"rendered":"Kulu&#8217;da 4006 Bilim Fuar\u0131 d\u00fczenlendi"},"content":{"rendered":"<p> Konya&#8217;n\u0131n Kulu il\u00e7esinde 60. Y\u0131l Ortaokulu&#8217;nda 4006 Bilim Fuar\u0131 d\u00fczenlendi.<br \/>\n60. Y\u0131l Ortaokulu \u00f6\u011fretmen ve \u00f6\u011frencileri taraf\u0131ndan T\u00dcB\u0130TAK&#8217;\u0131n deste\u011fi ile 4006 Bilim Fuar\u0131 d\u00fczenlendi. Program sayg\u0131 duru\u015funda bulunulmas\u0131 ve \u0130stiklal Mar\u015f\u0131n\u0131n okunmas\u0131yla ba\u015flad\u0131. Daha sonra protokol mensuplar\u0131 taraf\u0131ndan fuar\u0131n a\u00e7\u0131l\u0131\u015f kurdelesi kesildi. Etkinlikte 35 \u00f6\u011frenci, 6 dan\u0131\u015fman taraf\u0131ndan \u00fcretilen 14 proje sergilendi.<br \/>\n  Sergiye; Kaymakam \u00d6mer Faruk Canpolat, Belediye Ba\u015fkan\u0131 Abdurrahim Sertdemir, Jandarma Komutan\u0131 Osman Hasdemir, Emniyet M\u00fcd\u00fcr\u00fc Koray \u015eahin, \u0130l\u00e7e Sa\u011fl\u0131k M\u00fcd\u00fcr\u00fc Serhat Kaplan, \u0130l\u00e7e Milli E\u011fitim M\u00fcd\u00fcr\u00fc Hac\u0131 Bak\u0131rta\u015f, okul m\u00fcd\u00fcrleri, \u00f6\u011fretmenler ve \u00f6\u011frenciler kat\u0131ld\u0131. <\/p>\n<p>21.05.2025                               <\/p>\n","protected":false},"excerpt":{"rendered":"<p>Konya&#8217;n\u0131n Kulu il\u00e7esinde 60. Y\u0131l Ortaokulu&#8217;nda 4006 Bilim Fuar\u0131 d\u00fczenlendi. 60. Y\u0131l Ortaokulu \u00f6\u011fretmen ve \u00f6\u011frencileri taraf\u0131ndan T\u00dcB\u0130TAK&#8217;\u0131n deste\u011fi ile 4006 Bilim Fuar\u0131 d\u00fczenlendi. Program sayg\u0131 duru\u015funda bulunulmas\u0131 ve \u0130stiklal Mar\u015f\u0131n\u0131n okunmas\u0131yla ba\u015flad\u0131. Daha sonra protokol mensuplar\u0131 taraf\u0131ndan fuar\u0131n a\u00e7\u0131l\u0131\u015f kurdelesi kesildi. Etkinlikte 35 \u00f6\u011frenci, 6 dan\u0131\u015fman taraf\u0131ndan \u00fcretilen 14 proje sergilendi. Sergiye; Kaymakam \u00d6mer [&hellip;]<\/p>\n","protected":false},"author":1,"featured_media":7181,"comment_status":"open","ping_status":"open","sticky":false,"template":"","format":"standard","meta":{"footnotes":""},"categories":[51],"tags":[],"class_list":["post-7180","post","type-post","status-publish","format-standard","has-post-thumbnail","hentry","category-teknoloji"],"yoast_head":"<!-- This site is optimized with the Yoast SEO plugin v27.4 - https:\/\/yoast.com\/product\/yoast-seo-wordpress\/ -->\n<title>Kulu&#039;da 4006 Bilim Fuar\u0131 d\u00fczenlendi - Memurun Sesi<\/title>\n<meta name=\"robots\" content=\"index, follow, max-snippet:-1, max-image-preview:large, max-video-preview:-1\" \/>\n<link rel=\"canonical\" href=\"https:\/\/memurunsesi.net\/index.php\/2025\/05\/22\/kuluda-4006-bilim-fuari-duzenlendi\/\" \/>\n<meta property=\"og:locale\" content=\"tr_TR\" \/>\n<meta property=\"og:type\" content=\"article\" \/>\n<meta property=\"og:title\" content=\"Kulu&#039;da 4006 Bilim Fuar\u0131 d\u00fczenlendi - Memurun Sesi\" \/>\n<meta property=\"og:description\" content=\"Konya&#8217;n\u0131n Kulu il\u00e7esinde 60. Y\u0131l Ortaokulu&#8217;nda 4006 Bilim Fuar\u0131 d\u00fczenlendi. 60. Y\u0131l Ortaokulu \u00f6\u011fretmen ve \u00f6\u011frencileri taraf\u0131ndan T\u00dcB\u0130TAK&#8217;\u0131n deste\u011fi ile 4006 Bilim Fuar\u0131 d\u00fczenlendi. Program sayg\u0131 duru\u015funda bulunulmas\u0131 ve \u0130stiklal Mar\u015f\u0131n\u0131n okunmas\u0131yla ba\u015flad\u0131. Daha sonra protokol mensuplar\u0131 taraf\u0131ndan fuar\u0131n a\u00e7\u0131l\u0131\u015f kurdelesi kesildi. Etkinlikte 35 \u00f6\u011frenci, 6 dan\u0131\u015fman taraf\u0131ndan \u00fcretilen 14 proje sergilendi. Sergiye; Kaymakam \u00d6mer [&hellip;]\" \/>\n<meta property=\"og:url\" content=\"https:\/\/memurunsesi.net\/index.php\/2025\/05\/22\/kuluda-4006-bilim-fuari-duzenlendi\/\" \/>\n<meta property=\"og:site_name\" content=\"Memurun Sesi\" \/>\n<meta property=\"article:publisher\" content=\"https:\/\/www.facebook.com\/unipersen\/?locale=tr_TR\" \/>\n<meta property=\"article:published_time\" content=\"2025-05-22T07:50:36+00:00\" \/>\n<meta property=\"og:image\" content=\"https:\/\/memurunsesi.net\/wp-content\/uploads\/2025\/05\/AW459693_02.jpg\" \/>\n\t<meta property=\"og:image:width\" content=\"1280\" \/>\n\t<meta property=\"og:image:height\" content=\"960\" \/>\n\t<meta property=\"og:image:type\" content=\"image\/jpeg\" \/>\n<meta name=\"author\" content=\"Memurun Sesi Haber Merkezi\" \/>\n<meta name=\"twitter:card\" content=\"summary_large_image\" \/>\n<meta name=\"twitter:creator\" content=\"@unipersen\" \/>\n<meta name=\"twitter:site\" content=\"@unipersen\" \/>\n<meta name=\"twitter:label1\" content=\"Yazan:\" \/>\n\t<meta name=\"twitter:data1\" content=\"Memurun Sesi Haber Merkezi\" \/>\n\t<meta name=\"twitter:label2\" content=\"Tahmini okuma s\u00fcresi\" \/>\n\t<meta name=\"twitter:data2\" content=\"1 dakika\" \/>\n<script type=\"application\/ld+json\" class=\"yoast-schema-graph\">{\"@context\":\"https:\\\/\\\/schema.org\",\"@graph\":[{\"@type\":\"Article\",\"@id\":\"https:\\\/\\\/memurunsesi.net\\\/index.php\\\/2025\\\/05\\\/22\\\/kuluda-4006-bilim-fuari-duzenlendi\\\/#article\",\"isPartOf\":{\"@id\":\"https:\\\/\\\/memurunsesi.net\\\/index.php\\\/2025\\\/05\\\/22\\\/kuluda-4006-bilim-fuari-duzenlendi\\\/\"},\"author\":{\"name\":\"Memurun Sesi Haber Merkezi\",\"@id\":\"https:\\\/\\\/memurunsesi.net\\\/#\\\/schema\\\/person\\\/f21c2d73b89f6ee1d80b0a1803e38587\"},\"headline\":\"Kulu&#8217;da 4006 Bilim Fuar\u0131 d\u00fczenlendi\",\"datePublished\":\"2025-05-22T07:50:36+00:00\",\"mainEntityOfPage\":{\"@id\":\"https:\\\/\\\/memurunsesi.net\\\/index.php\\\/2025\\\/05\\\/22\\\/kuluda-4006-bilim-fuari-duzenlendi\\\/\"},\"wordCount\":124,\"commentCount\":0,\"publisher\":{\"@id\":\"https:\\\/\\\/memurunsesi.net\\\/#organization\"},\"image\":{\"@id\":\"https:\\\/\\\/memurunsesi.net\\\/index.php\\\/2025\\\/05\\\/22\\\/kuluda-4006-bilim-fuari-duzenlendi\\\/#primaryimage\"},\"thumbnailUrl\":\"https:\\\/\\\/memurunsesi.net\\\/wp-content\\\/uploads\\\/2025\\\/05\\\/AW459693_02.jpg\",\"articleSection\":[\"Teknoloji\"],\"inLanguage\":\"tr\",\"potentialAction\":[{\"@type\":\"CommentAction\",\"name\":\"Comment\",\"target\":[\"https:\\\/\\\/memurunsesi.net\\\/index.php\\\/2025\\\/05\\\/22\\\/kuluda-4006-bilim-fuari-duzenlendi\\\/#respond\"]}]},{\"@type\":\"WebPage\",\"@id\":\"https:\\\/\\\/memurunsesi.net\\\/index.php\\\/2025\\\/05\\\/22\\\/kuluda-4006-bilim-fuari-duzenlendi\\\/\",\"url\":\"https:\\\/\\\/memurunsesi.net\\\/index.php\\\/2025\\\/05\\\/22\\\/kuluda-4006-bilim-fuari-duzenlendi\\\/\",\"name\":\"Kulu'da 4006 Bilim Fuar\u0131 d\u00fczenlendi - Memurun Sesi\",\"isPartOf\":{\"@id\":\"https:\\\/\\\/memurunsesi.net\\\/#website\"},\"primaryImageOfPage\":{\"@id\":\"https:\\\/\\\/memurunsesi.net\\\/index.php\\\/2025\\\/05\\\/22\\\/kuluda-4006-bilim-fuari-duzenlendi\\\/#primaryimage\"},\"image\":{\"@id\":\"https:\\\/\\\/memurunsesi.net\\\/index.php\\\/2025\\\/05\\\/22\\\/kuluda-4006-bilim-fuari-duzenlendi\\\/#primaryimage\"},\"thumbnailUrl\":\"https:\\\/\\\/memurunsesi.net\\\/wp-content\\\/uploads\\\/2025\\\/05\\\/AW459693_02.jpg\",\"datePublished\":\"2025-05-22T07:50:36+00:00\",\"breadcrumb\":{\"@id\":\"https:\\\/\\\/memurunsesi.net\\\/index.php\\\/2025\\\/05\\\/22\\\/kuluda-4006-bilim-fuari-duzenlendi\\\/#breadcrumb\"},\"inLanguage\":\"tr\",\"potentialAction\":[{\"@type\":\"ReadAction\",\"target\":[\"https:\\\/\\\/memurunsesi.net\\\/index.php\\\/2025\\\/05\\\/22\\\/kuluda-4006-bilim-fuari-duzenlendi\\\/\"]}]},{\"@type\":\"ImageObject\",\"inLanguage\":\"tr\",\"@id\":\"https:\\\/\\\/memurunsesi.net\\\/index.php\\\/2025\\\/05\\\/22\\\/kuluda-4006-bilim-fuari-duzenlendi\\\/#primaryimage\",\"url\":\"https:\\\/\\\/memurunsesi.net\\\/wp-content\\\/uploads\\\/2025\\\/05\\\/AW459693_02.jpg\",\"contentUrl\":\"https:\\\/\\\/memurunsesi.net\\\/wp-content\\\/uploads\\\/2025\\\/05\\\/AW459693_02.jpg\",\"width\":1280,\"height\":960,\"caption\":\"KONYA'NIN KULU \u0130L\u00c7ES\u0130NDE 60. YIL ORTAOKULU'NDA T\u00dcB\u0130TAK DESTE\u011e\u0130 \u0130LE 4006 B\u0130L\u0130M FUARI D\u00dcZENLEND\u0130. (\u00d6MER KELE\u015e\\\/KONYA-\u0130HA) Konya'n\u0131n Kulu il\u00e7esinde 60. Y\u0131l Ortaokulu'nda 4006 Bilim Fuar\u0131 d\u00fczenlendi.\"},{\"@type\":\"BreadcrumbList\",\"@id\":\"https:\\\/\\\/memurunsesi.net\\\/index.php\\\/2025\\\/05\\\/22\\\/kuluda-4006-bilim-fuari-duzenlendi\\\/#breadcrumb\",\"itemListElement\":[{\"@type\":\"ListItem\",\"position\":1,\"name\":\"Anasayfa\",\"item\":\"https:\\\/\\\/memurunsesi.net\\\/\"},{\"@type\":\"ListItem\",\"position\":2,\"name\":\"Kulu&#8217;da 4006 Bilim Fuar\u0131 d\u00fczenlendi\"}]},{\"@type\":\"WebSite\",\"@id\":\"https:\\\/\\\/memurunsesi.net\\\/#website\",\"url\":\"https:\\\/\\\/memurunsesi.net\\\/\",\"name\":\"Memurun Sesi\",\"description\":\"G\u00fcncel ve Do\u011fru Haber\",\"publisher\":{\"@id\":\"https:\\\/\\\/memurunsesi.net\\\/#organization\"},\"potentialAction\":[{\"@type\":\"SearchAction\",\"target\":{\"@type\":\"EntryPoint\",\"urlTemplate\":\"https:\\\/\\\/memurunsesi.net\\\/?s={search_term_string}\"},\"query-input\":{\"@type\":\"PropertyValueSpecification\",\"valueRequired\":true,\"valueName\":\"search_term_string\"}}],\"inLanguage\":\"tr\"},{\"@type\":\"Organization\",\"@id\":\"https:\\\/\\\/memurunsesi.net\\\/#organization\",\"name\":\"Memurun Sesi\",\"url\":\"https:\\\/\\\/memurunsesi.net\\\/\",\"logo\":{\"@type\":\"ImageObject\",\"inLanguage\":\"tr\",\"@id\":\"https:\\\/\\\/memurunsesi.net\\\/#\\\/schema\\\/logo\\\/image\\\/\",\"url\":\"https:\\\/\\\/memurunsesi.net\\\/wp-content\\\/uploads\\\/2025\\\/11\\\/cropped-MEMURUN-SESI.png\",\"contentUrl\":\"https:\\\/\\\/memurunsesi.net\\\/wp-content\\\/uploads\\\/2025\\\/11\\\/cropped-MEMURUN-SESI.png\",\"width\":238,\"height\":57,\"caption\":\"Memurun Sesi\"},\"image\":{\"@id\":\"https:\\\/\\\/memurunsesi.net\\\/#\\\/schema\\\/logo\\\/image\\\/\"},\"sameAs\":[\"https:\\\/\\\/www.facebook.com\\\/unipersen\\\/?locale=tr_TR\",\"https:\\\/\\\/x.com\\\/unipersen\"]},{\"@type\":\"Person\",\"@id\":\"https:\\\/\\\/memurunsesi.net\\\/#\\\/schema\\\/person\\\/f21c2d73b89f6ee1d80b0a1803e38587\",\"name\":\"Memurun Sesi Haber Merkezi\",\"image\":{\"@type\":\"ImageObject\",\"inLanguage\":\"tr\",\"@id\":\"https:\\\/\\\/secure.gravatar.com\\\/avatar\\\/6cf0505f452ee753f485014986fab09a434671d2b919ee76fc541025c5876a70?s=96&d=mm&r=g\",\"url\":\"https:\\\/\\\/secure.gravatar.com\\\/avatar\\\/6cf0505f452ee753f485014986fab09a434671d2b919ee76fc541025c5876a70?s=96&d=mm&r=g\",\"contentUrl\":\"https:\\\/\\\/secure.gravatar.com\\\/avatar\\\/6cf0505f452ee753f485014986fab09a434671d2b919ee76fc541025c5876a70?s=96&d=mm&r=g\",\"caption\":\"Memurun Sesi Haber Merkezi\"},\"sameAs\":[\"https:\\\/\\\/memurunsesi.net\"],\"url\":\"https:\\\/\\\/memurunsesi.net\\\/index.php\\\/author\\\/uniper\\\/\"}]}<\/script>\n<!-- \/ Yoast SEO plugin. -->","yoast_head_json":{"title":"Kulu'da 4006 Bilim Fuar\u0131 d\u00fczenlendi - Memurun Sesi","robots":{"index":"index","follow":"follow","max-snippet":"max-snippet:-1","max-image-preview":"max-image-preview:large","max-video-preview":"max-video-preview:-1"},"canonical":"https:\/\/memurunsesi.net\/index.php\/2025\/05\/22\/kuluda-4006-bilim-fuari-duzenlendi\/","og_locale":"tr_TR","og_type":"article","og_title":"Kulu'da 4006 Bilim Fuar\u0131 d\u00fczenlendi - Memurun Sesi","og_description":"Konya&#8217;n\u0131n Kulu il\u00e7esinde 60. Y\u0131l Ortaokulu&#8217;nda 4006 Bilim Fuar\u0131 d\u00fczenlendi. 60. Y\u0131l Ortaokulu \u00f6\u011fretmen ve \u00f6\u011frencileri taraf\u0131ndan T\u00dcB\u0130TAK&#8217;\u0131n deste\u011fi ile 4006 Bilim Fuar\u0131 d\u00fczenlendi. Program sayg\u0131 duru\u015funda bulunulmas\u0131 ve \u0130stiklal Mar\u015f\u0131n\u0131n okunmas\u0131yla ba\u015flad\u0131. Daha sonra protokol mensuplar\u0131 taraf\u0131ndan fuar\u0131n a\u00e7\u0131l\u0131\u015f kurdelesi kesildi. Etkinlikte 35 \u00f6\u011frenci, 6 dan\u0131\u015fman taraf\u0131ndan \u00fcretilen 14 proje sergilendi. Sergiye; Kaymakam \u00d6mer [&hellip;]","og_url":"https:\/\/memurunsesi.net\/index.php\/2025\/05\/22\/kuluda-4006-bilim-fuari-duzenlendi\/","og_site_name":"Memurun Sesi","article_publisher":"https:\/\/www.facebook.com\/unipersen\/?locale=tr_TR","article_published_time":"2025-05-22T07:50:36+00:00","og_image":[{"width":1280,"height":960,"url":"https:\/\/memurunsesi.net\/wp-content\/uploads\/2025\/05\/AW459693_02.jpg","type":"image\/jpeg"}],"author":"Memurun Sesi Haber Merkezi","twitter_card":"summary_large_image","twitter_creator":"@unipersen","twitter_site":"@unipersen","twitter_misc":{"Yazan:":"Memurun Sesi Haber Merkezi","Tahmini okuma s\u00fcresi":"1 dakika"},"schema":{"@context":"https:\/\/schema.org","@graph":[{"@type":"Article","@id":"https:\/\/memurunsesi.net\/index.php\/2025\/05\/22\/kuluda-4006-bilim-fuari-duzenlendi\/#article","isPartOf":{"@id":"https:\/\/memurunsesi.net\/index.php\/2025\/05\/22\/kuluda-4006-bilim-fuari-duzenlendi\/"},"author":{"name":"Memurun Sesi Haber Merkezi","@id":"https:\/\/memurunsesi.net\/#\/schema\/person\/f21c2d73b89f6ee1d80b0a1803e38587"},"headline":"Kulu&#8217;da 4006 Bilim Fuar\u0131 d\u00fczenlendi","datePublished":"2025-05-22T07:50:36+00:00","mainEntityOfPage":{"@id":"https:\/\/memurunsesi.net\/index.php\/2025\/05\/22\/kuluda-4006-bilim-fuari-duzenlendi\/"},"wordCount":124,"commentCount":0,"publisher":{"@id":"https:\/\/memurunsesi.net\/#organization"},"image":{"@id":"https:\/\/memurunsesi.net\/index.php\/2025\/05\/22\/kuluda-4006-bilim-fuari-duzenlendi\/#primaryimage"},"thumbnailUrl":"https:\/\/memurunsesi.net\/wp-content\/uploads\/2025\/05\/AW459693_02.jpg","articleSection":["Teknoloji"],"inLanguage":"tr","potentialAction":[{"@type":"CommentAction","name":"Comment","target":["https:\/\/memurunsesi.net\/index.php\/2025\/05\/22\/kuluda-4006-bilim-fuari-duzenlendi\/#respond"]}]},{"@type":"WebPage","@id":"https:\/\/memurunsesi.net\/index.php\/2025\/05\/22\/kuluda-4006-bilim-fuari-duzenlendi\/","url":"https:\/\/memurunsesi.net\/index.php\/2025\/05\/22\/kuluda-4006-bilim-fuari-duzenlendi\/","name":"Kulu'da 4006 Bilim Fuar\u0131 d\u00fczenlendi - Memurun Sesi","isPartOf":{"@id":"https:\/\/memurunsesi.net\/#website"},"primaryImageOfPage":{"@id":"https:\/\/memurunsesi.net\/index.php\/2025\/05\/22\/kuluda-4006-bilim-fuari-duzenlendi\/#primaryimage"},"image":{"@id":"https:\/\/memurunsesi.net\/index.php\/2025\/05\/22\/kuluda-4006-bilim-fuari-duzenlendi\/#primaryimage"},"thumbnailUrl":"https:\/\/memurunsesi.net\/wp-content\/uploads\/2025\/05\/AW459693_02.jpg","datePublished":"2025-05-22T07:50:36+00:00","breadcrumb":{"@id":"https:\/\/memurunsesi.net\/index.php\/2025\/05\/22\/kuluda-4006-bilim-fuari-duzenlendi\/#breadcrumb"},"inLanguage":"tr","potentialAction":[{"@type":"ReadAction","target":["https:\/\/memurunsesi.net\/index.php\/2025\/05\/22\/kuluda-4006-bilim-fuari-duzenlendi\/"]}]},{"@type":"ImageObject","inLanguage":"tr","@id":"https:\/\/memurunsesi.net\/index.php\/2025\/05\/22\/kuluda-4006-bilim-fuari-duzenlendi\/#primaryimage","url":"https:\/\/memurunsesi.net\/wp-content\/uploads\/2025\/05\/AW459693_02.jpg","contentUrl":"https:\/\/memurunsesi.net\/wp-content\/uploads\/2025\/05\/AW459693_02.jpg","width":1280,"height":960,"caption":"KONYA'NIN KULU \u0130L\u00c7ES\u0130NDE 60. YIL ORTAOKULU'NDA T\u00dcB\u0130TAK DESTE\u011e\u0130 \u0130LE 4006 B\u0130L\u0130M FUARI D\u00dcZENLEND\u0130. (\u00d6MER KELE\u015e\/KONYA-\u0130HA) Konya'n\u0131n Kulu il\u00e7esinde 60. Y\u0131l Ortaokulu'nda 4006 Bilim Fuar\u0131 d\u00fczenlendi."},{"@type":"BreadcrumbList","@id":"https:\/\/memurunsesi.net\/index.php\/2025\/05\/22\/kuluda-4006-bilim-fuari-duzenlendi\/#breadcrumb","itemListElement":[{"@type":"ListItem","position":1,"name":"Anasayfa","item":"https:\/\/memurunsesi.net\/"},{"@type":"ListItem","position":2,"name":"Kulu&#8217;da 4006 Bilim Fuar\u0131 d\u00fczenlendi"}]},{"@type":"WebSite","@id":"https:\/\/memurunsesi.net\/#website","url":"https:\/\/memurunsesi.net\/","name":"Memurun Sesi","description":"G\u00fcncel ve Do\u011fru Haber","publisher":{"@id":"https:\/\/memurunsesi.net\/#organization"},"potentialAction":[{"@type":"SearchAction","target":{"@type":"EntryPoint","urlTemplate":"https:\/\/memurunsesi.net\/?s={search_term_string}"},"query-input":{"@type":"PropertyValueSpecification","valueRequired":true,"valueName":"search_term_string"}}],"inLanguage":"tr"},{"@type":"Organization","@id":"https:\/\/memurunsesi.net\/#organization","name":"Memurun Sesi","url":"https:\/\/memurunsesi.net\/","logo":{"@type":"ImageObject","inLanguage":"tr","@id":"https:\/\/memurunsesi.net\/#\/schema\/logo\/image\/","url":"https:\/\/memurunsesi.net\/wp-content\/uploads\/2025\/11\/cropped-MEMURUN-SESI.png","contentUrl":"https:\/\/memurunsesi.net\/wp-content\/uploads\/2025\/11\/cropped-MEMURUN-SESI.png","width":238,"height":57,"caption":"Memurun Sesi"},"image":{"@id":"https:\/\/memurunsesi.net\/#\/schema\/logo\/image\/"},"sameAs":["https:\/\/www.facebook.com\/unipersen\/?locale=tr_TR","https:\/\/x.com\/unipersen"]},{"@type":"Person","@id":"https:\/\/memurunsesi.net\/#\/schema\/person\/f21c2d73b89f6ee1d80b0a1803e38587","name":"Memurun Sesi Haber Merkezi","image":{"@type":"ImageObject","inLanguage":"tr","@id":"https:\/\/secure.gravatar.com\/avatar\/6cf0505f452ee753f485014986fab09a434671d2b919ee76fc541025c5876a70?s=96&d=mm&r=g","url":"https:\/\/secure.gravatar.com\/avatar\/6cf0505f452ee753f485014986fab09a434671d2b919ee76fc541025c5876a70?s=96&d=mm&r=g","contentUrl":"https:\/\/secure.gravatar.com\/avatar\/6cf0505f452ee753f485014986fab09a434671d2b919ee76fc541025c5876a70?s=96&d=mm&r=g","caption":"Memurun Sesi Haber Merkezi"},"sameAs":["https:\/\/memurunsesi.net"],"url":"https:\/\/memurunsesi.net\/index.php\/author\/uniper\/"}]}},"_links":{"self":[{"href":"https:\/\/memurunsesi.net\/index.php\/wp-json\/wp\/v2\/posts\/7180","targetHints":{"allow":["GET"]}}],"collection":[{"href":"https:\/\/memurunsesi.net\/index.php\/wp-json\/wp\/v2\/posts"}],"about":[{"href":"https:\/\/memurunsesi.net\/index.php\/wp-json\/wp\/v2\/types\/post"}],"author":[{"embeddable":true,"href":"https:\/\/memurunsesi.net\/index.php\/wp-json\/wp\/v2\/users\/1"}],"replies":[{"embeddable":true,"href":"https:\/\/memurunsesi.net\/index.php\/wp-json\/wp\/v2\/comments?post=7180"}],"version-history":[{"count":1,"href":"https:\/\/memurunsesi.net\/index.php\/wp-json\/wp\/v2\/posts\/7180\/revisions"}],"predecessor-version":[{"id":7182,"href":"https:\/\/memurunsesi.net\/index.php\/wp-json\/wp\/v2\/posts\/7180\/revisions\/7182"}],"wp:featuredmedia":[{"embeddable":true,"href":"https:\/\/memurunsesi.net\/index.php\/wp-json\/wp\/v2\/media\/7181"}],"wp:attachment":[{"href":"https:\/\/memurunsesi.net\/index.php\/wp-json\/wp\/v2\/media?parent=7180"}],"wp:term":[{"taxonomy":"category","embeddable":true,"href":"https:\/\/memurunsesi.net\/index.php\/wp-json\/wp\/v2\/categories?post=7180"},{"taxonomy":"post_tag","embeddable":true,"href":"https:\/\/memurunsesi.net\/index.php\/wp-json\/wp\/v2\/tags?post=7180"}],"curies":[{"name":"wp","href":"https:\/\/api.w.org\/{rel}","templated":true}]}}